{"id":40789,"date":"2022-07-08T14:12:22","date_gmt":"2022-07-08T17:12:22","guid":{"rendered":"https:\/\/noticiasemdestaque.com\/cd\/?p=40789"},"modified":"2022-07-08T14:12:52","modified_gmt":"2022-07-08T17:12:52","slug":"prefeitura-divulga-programacao-completa-da-iv-edicao-da-amparo-cabra-fest","status":"publish","type":"post","link":"https:\/\/noticiasemdestaque.com\/cd\/?p=40789","title":{"rendered":"Prefeitura divulga programa\u00e7\u00e3o completa da IV edi\u00e7\u00e3o da Amparo Cabra Fest"},"content":{"rendered":"<p><a href=\"https:\/\/noticiasemdestaque.com\/cd\/wp-content\/uploads\/2022\/07\/AnyConv.com__7f787c9c-3eaa-4407-adc8-681cc5194738.jpg\"><img fetchpriority=\"high\" decoding=\"async\" class=\" wp-image-40790 aligncenter\" src=\"https:\/\/noticiasemdestaque.com\/cd\/wp-content\/uploads\/2022\/07\/AnyConv.com__7f787c9c-3eaa-4407-adc8-681cc5194738-240x300.jpg\" alt=\"\" width=\"359\" height=\"449\" srcset=\"https:\/\/noticiasemdestaque.com\/cd\/wp-content\/uploads\/2022\/07\/AnyConv.com__7f787c9c-3eaa-4407-adc8-681cc5194738-240x300.jpg 240w, https:\/\/noticiasemdestaque.com\/cd\/wp-content\/uploads\/2022\/07\/AnyConv.com__7f787c9c-3eaa-4407-adc8-681cc5194738-819x1024.jpg 819w, https:\/\/noticiasemdestaque.com\/cd\/wp-content\/uploads\/2022\/07\/AnyConv.com__7f787c9c-3eaa-4407-adc8-681cc5194738-768x960.jpg 768w, https:\/\/noticiasemdestaque.com\/cd\/wp-content\/uploads\/2022\/07\/AnyConv.com__7f787c9c-3eaa-4407-adc8-681cc5194738-10x12.jpg 10w, https:\/\/noticiasemdestaque.com\/cd\/wp-content\/uploads\/2022\/07\/AnyConv.com__7f787c9c-3eaa-4407-adc8-681cc5194738.jpg 1080w\" sizes=\"(max-width: 359px) 100vw, 359px\" \/><\/a><\/p>\n<p>A Prefeitura de Amparo, na gest\u00e3o do prefeito In\u00e1cio N\u00f3brega, divulgou hoje a programa\u00e7\u00e3o completa da 4\u00aa edi\u00e7\u00e3o da Amparo Cabra Fest.<\/p>\n<p>A chegada dos animais come\u00e7a na quinta, dia 14, onde teremos apresenta\u00e7\u00f5es culturais na pra\u00e7a Miguel Pereira com a presen\u00e7a dos Grupos de Dan\u00e7a Mistura de Ritmos e Filhos da Dan\u00e7a.<\/p>\n<p>Na Sexta, dia 15, acontece apresenta\u00e7\u00f5es de Boy Vaqueiro, Nanado Alves e Jonas Esticado.<\/p>\n<p>No s\u00e1bado, dia 16, Chap\u00e9u de Palha, Cezinha Atrevido e Lim\u00e3o com Mel.<\/p>\n<p>E encerrando no domingo, a partir das 12h00min, Forr\u00f3 Trio Rock, Vitinho Tornado, Forroz\u00e3o T\u00e1 nas Bases e Marquinhos da Serrinha.<\/p>\n<p>O prefeito In\u00e1cio N\u00f3brega refor\u00e7ou o convite para o evento.&#8221; Esperamos contar com a presen\u00e7a de um grande p\u00fablico n\u00e3o s\u00f3 nas festas, mas tamb\u00e9m durante todos os dias da exposi\u00e7\u00e3o&#8221;, afirmou.<\/p>\n<p><strong>Noticias em Destaque<\/strong><\/p>\n","protected":false},"excerpt":{"rendered":"<p>A Prefeitura de Amparo, na gest\u00e3o do prefeito In\u00e1cio N\u00f3brega, divulgou hoje a programa\u00e7\u00e3o completa da 4\u00aa edi\u00e7\u00e3o da Amparo Cabra Fest. A chegada dos animais come\u00e7a na quinta, dia 14, onde teremos apresenta\u00e7\u00f5es culturais na pra\u00e7a Miguel Pereira com a presen\u00e7a dos Grupos de Dan\u00e7a Mistura de Ritmos e Filhos da Dan\u00e7a. Na Sexta, dia 15, acontece apresenta\u00e7\u00f5es de Boy Vaqueiro, Nanado Alves e Jonas Esticado. No s\u00e1bado, dia 16, Chap\u00e9u de Palha, Cezinha Atrevido e Lim\u00e3o com Mel. E encerrando no domingo, a partir das 12h00min, Forr\u00f3 Trio Rock, Vitinho Tornado, Forroz\u00e3o T\u00e1 nas Bases e Marquinhos da Serrinha. O prefeito In\u00e1cio N\u00f3brega refor\u00e7ou o convite para o evento.&#8221; Esperamos contar com a presen\u00e7a de um grande p\u00fablico n\u00e3o s\u00f3 nas festas, mas tamb\u00e9m durante todos os dias da exposi\u00e7\u00e3o&#8221;, afirmou. Noticias em Destaque<\/p>\n","protected":false},"author":2,"featured_media":40790,"comment_status":"closed","ping_status":"open","sticky":false,"template":"","format":"standard","meta":{"_eb_attr":"","_jetpack_memberships_contains_paid_content":false,"footnotes":""},"categories":[3],"tags":[],"class_list":["post-40789","post","type-post","status-publish","format-standard","has-post-thumbnail","hentry","category-cidades"],"yoast_head":"<!-- This site is optimized with the Yoast SEO plugin v26.5 - https:\/\/yoast.com\/wordpress\/plugins\/seo\/ -->\n<title>Prefeitura divulga programa\u00e7\u00e3o completa da IV edi\u00e7\u00e3o da Amparo Cabra Fest - Not&iacute;cias em Destaque<\/title>\n<meta name=\"robots\" content=\"index, follow, max-snippet:-1, max-image-preview:large, max-video-preview:-1\" \/>\n<link rel=\"canonical\" href=\"https:\/\/noticiasemdestaque.com\/cd\/?p=40789\" \/>\n<meta property=\"og:locale\" content=\"pt_BR\" \/>\n<meta property=\"og:type\" content=\"article\" \/>\n<meta property=\"og:title\" content=\"Prefeitura divulga programa\u00e7\u00e3o completa da IV edi\u00e7\u00e3o da Amparo Cabra Fest - Not&iacute;cias em Destaque\" \/>\n<meta property=\"og:description\" content=\"A Prefeitura de Amparo, na gest\u00e3o do prefeito In\u00e1cio N\u00f3brega, divulgou hoje a programa\u00e7\u00e3o completa da 4\u00aa edi\u00e7\u00e3o da Amparo Cabra Fest. A chegada dos animais come\u00e7a na quinta, dia 14, onde teremos apresenta\u00e7\u00f5es culturais na pra\u00e7a Miguel Pereira com a presen\u00e7a dos Grupos de Dan\u00e7a Mistura de Ritmos e Filhos da Dan\u00e7a. Na Sexta, dia 15, acontece apresenta\u00e7\u00f5es de Boy Vaqueiro, Nanado Alves e Jonas Esticado. No s\u00e1bado, dia 16, Chap\u00e9u de Palha, Cezinha Atrevido e Lim\u00e3o com Mel. E encerrando no domingo, a partir das 12h00min, Forr\u00f3 Trio Rock, Vitinho Tornado, Forroz\u00e3o T\u00e1 nas Bases e Marquinhos da Serrinha. O prefeito In\u00e1cio N\u00f3brega refor\u00e7ou o convite para o evento.&#8221; Esperamos contar com a presen\u00e7a de um grande p\u00fablico n\u00e3o s\u00f3 nas festas, mas tamb\u00e9m durante todos os dias da exposi\u00e7\u00e3o&#8221;, afirmou. Noticias em Destaque\" \/>\n<meta property=\"og:url\" content=\"https:\/\/noticiasemdestaque.com\/cd\/?p=40789\" \/>\n<meta property=\"og:site_name\" content=\"Not&iacute;cias em Destaque\" \/>\n<meta property=\"article:published_time\" content=\"2022-07-08T17:12:22+00:00\" \/>\n<meta property=\"article:modified_time\" content=\"2022-07-08T17:12:52+00:00\" \/>\n<meta property=\"og:image\" content=\"https:\/\/noticiasemdestaque.com\/cd\/wp-content\/uploads\/2022\/07\/AnyConv.com__7f787c9c-3eaa-4407-adc8-681cc5194738.jpg\" \/>\n\t<meta property=\"og:image:width\" content=\"1080\" \/>\n\t<meta property=\"og:image:height\" content=\"1350\" \/>\n\t<meta property=\"og:image:type\" content=\"image\/jpeg\" \/>\n<meta name=\"author\" content=\"Not\u00edcias em Destaque\" \/>\n<meta name=\"twitter:card\" content=\"summary_large_image\" \/>\n<meta name=\"twitter:label1\" content=\"Escrito por\" \/>\n\t<meta name=\"twitter:data1\" content=\"Not\u00edcias em Destaque\" \/>\n\t<meta name=\"twitter:label2\" content=\"Est. tempo de leitura\" \/>\n\t<meta name=\"twitter:data2\" content=\"1 minuto\" \/>\n<script type=\"application\/ld+json\" class=\"yoast-schema-graph\">{\"@context\":\"https:\/\/schema.org\",\"@graph\":[{\"@type\":\"Article\",\"@id\":\"https:\/\/noticiasemdestaque.com\/cd\/?p=40789#article\",\"isPartOf\":{\"@id\":\"https:\/\/noticiasemdestaque.com\/cd\/?p=40789\"},\"author\":{\"name\":\"Not\u00edcias em Destaque\",\"@id\":\"https:\/\/noticiasemdestaque.com\/cd\/#\/schema\/person\/4a81fb71f77579d059c3045891fa1786\"},\"headline\":\"Prefeitura divulga programa\u00e7\u00e3o completa da IV edi\u00e7\u00e3o da Amparo Cabra Fest\",\"datePublished\":\"2022-07-08T17:12:22+00:00\",\"dateModified\":\"2022-07-08T17:12:52+00:00\",\"mainEntityOfPage\":{\"@id\":\"https:\/\/noticiasemdestaque.com\/cd\/?p=40789\"},\"wordCount\":170,\"publisher\":{\"@id\":\"https:\/\/noticiasemdestaque.com\/cd\/#organization\"},\"image\":{\"@id\":\"https:\/\/noticiasemdestaque.com\/cd\/?p=40789#primaryimage\"},\"thumbnailUrl\":\"https:\/\/noticiasemdestaque.com\/cd\/wp-content\/uploads\/2022\/07\/AnyConv.com__7f787c9c-3eaa-4407-adc8-681cc5194738.jpg\",\"articleSection\":[\"Cidades\"],\"inLanguage\":\"pt-BR\"},{\"@type\":\"WebPage\",\"@id\":\"https:\/\/noticiasemdestaque.com\/cd\/?p=40789\",\"url\":\"https:\/\/noticiasemdestaque.com\/cd\/?p=40789\",\"name\":\"Prefeitura divulga programa\u00e7\u00e3o completa da IV edi\u00e7\u00e3o da Amparo Cabra Fest - Not&iacute;cias em Destaque\",\"isPartOf\":{\"@id\":\"https:\/\/noticiasemdestaque.com\/cd\/#website\"},\"primaryImageOfPage\":{\"@id\":\"https:\/\/noticiasemdestaque.com\/cd\/?p=40789#primaryimage\"},\"image\":{\"@id\":\"https:\/\/noticiasemdestaque.com\/cd\/?p=40789#primaryimage\"},\"thumbnailUrl\":\"https:\/\/noticiasemdestaque.com\/cd\/wp-content\/uploads\/2022\/07\/AnyConv.com__7f787c9c-3eaa-4407-adc8-681cc5194738.jpg\",\"datePublished\":\"2022-07-08T17:12:22+00:00\",\"dateModified\":\"2022-07-08T17:12:52+00:00\",\"breadcrumb\":{\"@id\":\"https:\/\/noticiasemdestaque.com\/cd\/?p=40789#breadcrumb\"},\"inLanguage\":\"pt-BR\",\"potentialAction\":[{\"@type\":\"ReadAction\",\"target\":[\"https:\/\/noticiasemdestaque.com\/cd\/?p=40789\"]}]},{\"@type\":\"ImageObject\",\"inLanguage\":\"pt-BR\",\"@id\":\"https:\/\/noticiasemdestaque.com\/cd\/?p=40789#primaryimage\",\"url\":\"https:\/\/noticiasemdestaque.com\/cd\/wp-content\/uploads\/2022\/07\/AnyConv.com__7f787c9c-3eaa-4407-adc8-681cc5194738.jpg\",\"contentUrl\":\"https:\/\/noticiasemdestaque.com\/cd\/wp-content\/uploads\/2022\/07\/AnyConv.com__7f787c9c-3eaa-4407-adc8-681cc5194738.jpg\",\"width\":1080,\"height\":1350},{\"@type\":\"BreadcrumbList\",\"@id\":\"https:\/\/noticiasemdestaque.com\/cd\/?p=40789#breadcrumb\",\"itemListElement\":[{\"@type\":\"ListItem\",\"position\":1,\"name\":\"In\u00edcio\",\"item\":\"https:\/\/noticiasemdestaque.com\/cd\/\"},{\"@type\":\"ListItem\",\"position\":2,\"name\":\"Prefeitura divulga programa\u00e7\u00e3o completa da IV edi\u00e7\u00e3o da Amparo Cabra Fest\"}]},{\"@type\":\"WebSite\",\"@id\":\"https:\/\/noticiasemdestaque.com\/cd\/#website\",\"url\":\"https:\/\/noticiasemdestaque.com\/cd\/\",\"name\":\"Not&iacute;cias em Destaque\",\"description\":\"\",\"publisher\":{\"@id\":\"https:\/\/noticiasemdestaque.com\/cd\/#organization\"},\"potentialAction\":[{\"@type\":\"SearchAction\",\"target\":{\"@type\":\"EntryPoint\",\"urlTemplate\":\"https:\/\/noticiasemdestaque.com\/cd\/?s={search_term_string}\"},\"query-input\":{\"@type\":\"PropertyValueSpecification\",\"valueRequired\":true,\"valueName\":\"search_term_string\"}}],\"inLanguage\":\"pt-BR\"},{\"@type\":\"Organization\",\"@id\":\"https:\/\/noticiasemdestaque.com\/cd\/#organization\",\"name\":\"Not\u00edcias em Destaque\",\"url\":\"https:\/\/noticiasemdestaque.com\/cd\/\",\"logo\":{\"@type\":\"ImageObject\",\"inLanguage\":\"pt-BR\",\"@id\":\"https:\/\/noticiasemdestaque.com\/cd\/#\/schema\/logo\/image\/\",\"url\":\"https:\/\/noticiasemdestaque.com\/cd\/wp-content\/uploads\/2022\/05\/imagem-base-noticiasemdestaque.png\",\"contentUrl\":\"https:\/\/noticiasemdestaque.com\/cd\/wp-content\/uploads\/2022\/05\/imagem-base-noticiasemdestaque.png\",\"width\":1200,\"height\":630,\"caption\":\"Not\u00edcias em Destaque\"},\"image\":{\"@id\":\"https:\/\/noticiasemdestaque.com\/cd\/#\/schema\/logo\/image\/\"}},{\"@type\":\"Person\",\"@id\":\"https:\/\/noticiasemdestaque.com\/cd\/#\/schema\/person\/4a81fb71f77579d059c3045891fa1786\",\"name\":\"Not\u00edcias em Destaque\",\"url\":\"https:\/\/noticiasemdestaque.com\/cd\/?author=2\"}]}<\/script>\n<!-- \/ Yoast SEO plugin. -->","yoast_head_json":{"title":"Prefeitura divulga programa\u00e7\u00e3o completa da IV edi\u00e7\u00e3o da Amparo Cabra Fest - Not&iacute;cias em Destaque","robots":{"index":"index","follow":"follow","max-snippet":"max-snippet:-1","max-image-preview":"max-image-preview:large","max-video-preview":"max-video-preview:-1"},"canonical":"https:\/\/noticiasemdestaque.com\/cd\/?p=40789","og_locale":"pt_BR","og_type":"article","og_title":"Prefeitura divulga programa\u00e7\u00e3o completa da IV edi\u00e7\u00e3o da Amparo Cabra Fest - Not&iacute;cias em Destaque","og_description":"A Prefeitura de Amparo, na gest\u00e3o do prefeito In\u00e1cio N\u00f3brega, divulgou hoje a programa\u00e7\u00e3o completa da 4\u00aa edi\u00e7\u00e3o da Amparo Cabra Fest. A chegada dos animais come\u00e7a na quinta, dia 14, onde teremos apresenta\u00e7\u00f5es culturais na pra\u00e7a Miguel Pereira com a presen\u00e7a dos Grupos de Dan\u00e7a Mistura de Ritmos e Filhos da Dan\u00e7a. Na Sexta, dia 15, acontece apresenta\u00e7\u00f5es de Boy Vaqueiro, Nanado Alves e Jonas Esticado. No s\u00e1bado, dia 16, Chap\u00e9u de Palha, Cezinha Atrevido e Lim\u00e3o com Mel. E encerrando no domingo, a partir das 12h00min, Forr\u00f3 Trio Rock, Vitinho Tornado, Forroz\u00e3o T\u00e1 nas Bases e Marquinhos da Serrinha. O prefeito In\u00e1cio N\u00f3brega refor\u00e7ou o convite para o evento.&#8221; Esperamos contar com a presen\u00e7a de um grande p\u00fablico n\u00e3o s\u00f3 nas festas, mas tamb\u00e9m durante todos os dias da exposi\u00e7\u00e3o&#8221;, afirmou. Noticias em Destaque","og_url":"https:\/\/noticiasemdestaque.com\/cd\/?p=40789","og_site_name":"Not&iacute;cias em Destaque","article_published_time":"2022-07-08T17:12:22+00:00","article_modified_time":"2022-07-08T17:12:52+00:00","og_image":[{"width":1080,"height":1350,"url":"https:\/\/noticiasemdestaque.com\/cd\/wp-content\/uploads\/2022\/07\/AnyConv.com__7f787c9c-3eaa-4407-adc8-681cc5194738.jpg","type":"image\/jpeg"}],"author":"Not\u00edcias em Destaque","twitter_card":"summary_large_image","twitter_misc":{"Escrito por":"Not\u00edcias em Destaque","Est. tempo de leitura":"1 minuto"},"schema":{"@context":"https:\/\/schema.org","@graph":[{"@type":"Article","@id":"https:\/\/noticiasemdestaque.com\/cd\/?p=40789#article","isPartOf":{"@id":"https:\/\/noticiasemdestaque.com\/cd\/?p=40789"},"author":{"name":"Not\u00edcias em Destaque","@id":"https:\/\/noticiasemdestaque.com\/cd\/#\/schema\/person\/4a81fb71f77579d059c3045891fa1786"},"headline":"Prefeitura divulga programa\u00e7\u00e3o completa da IV edi\u00e7\u00e3o da Amparo Cabra Fest","datePublished":"2022-07-08T17:12:22+00:00","dateModified":"2022-07-08T17:12:52+00:00","mainEntityOfPage":{"@id":"https:\/\/noticiasemdestaque.com\/cd\/?p=40789"},"wordCount":170,"publisher":{"@id":"https:\/\/noticiasemdestaque.com\/cd\/#organization"},"image":{"@id":"https:\/\/noticiasemdestaque.com\/cd\/?p=40789#primaryimage"},"thumbnailUrl":"https:\/\/noticiasemdestaque.com\/cd\/wp-content\/uploads\/2022\/07\/AnyConv.com__7f787c9c-3eaa-4407-adc8-681cc5194738.jpg","articleSection":["Cidades"],"inLanguage":"pt-BR"},{"@type":"WebPage","@id":"https:\/\/noticiasemdestaque.com\/cd\/?p=40789","url":"https:\/\/noticiasemdestaque.com\/cd\/?p=40789","name":"Prefeitura divulga programa\u00e7\u00e3o completa da IV edi\u00e7\u00e3o da Amparo Cabra Fest - Not&iacute;cias em Destaque","isPartOf":{"@id":"https:\/\/noticiasemdestaque.com\/cd\/#website"},"primaryImageOfPage":{"@id":"https:\/\/noticiasemdestaque.com\/cd\/?p=40789#primaryimage"},"image":{"@id":"https:\/\/noticiasemdestaque.com\/cd\/?p=40789#primaryimage"},"thumbnailUrl":"https:\/\/noticiasemdestaque.com\/cd\/wp-content\/uploads\/2022\/07\/AnyConv.com__7f787c9c-3eaa-4407-adc8-681cc5194738.jpg","datePublished":"2022-07-08T17:12:22+00:00","dateModified":"2022-07-08T17:12:52+00:00","breadcrumb":{"@id":"https:\/\/noticiasemdestaque.com\/cd\/?p=40789#breadcrumb"},"inLanguage":"pt-BR","potentialAction":[{"@type":"ReadAction","target":["https:\/\/noticiasemdestaque.com\/cd\/?p=40789"]}]},{"@type":"ImageObject","inLanguage":"pt-BR","@id":"https:\/\/noticiasemdestaque.com\/cd\/?p=40789#primaryimage","url":"https:\/\/noticiasemdestaque.com\/cd\/wp-content\/uploads\/2022\/07\/AnyConv.com__7f787c9c-3eaa-4407-adc8-681cc5194738.jpg","contentUrl":"https:\/\/noticiasemdestaque.com\/cd\/wp-content\/uploads\/2022\/07\/AnyConv.com__7f787c9c-3eaa-4407-adc8-681cc5194738.jpg","width":1080,"height":1350},{"@type":"BreadcrumbList","@id":"https:\/\/noticiasemdestaque.com\/cd\/?p=40789#breadcrumb","itemListElement":[{"@type":"ListItem","position":1,"name":"In\u00edcio","item":"https:\/\/noticiasemdestaque.com\/cd\/"},{"@type":"ListItem","position":2,"name":"Prefeitura divulga programa\u00e7\u00e3o completa da IV edi\u00e7\u00e3o da Amparo Cabra Fest"}]},{"@type":"WebSite","@id":"https:\/\/noticiasemdestaque.com\/cd\/#website","url":"https:\/\/noticiasemdestaque.com\/cd\/","name":"Not&iacute;cias em Destaque","description":"","publisher":{"@id":"https:\/\/noticiasemdestaque.com\/cd\/#organization"},"potentialAction":[{"@type":"SearchAction","target":{"@type":"EntryPoint","urlTemplate":"https:\/\/noticiasemdestaque.com\/cd\/?s={search_term_string}"},"query-input":{"@type":"PropertyValueSpecification","valueRequired":true,"valueName":"search_term_string"}}],"inLanguage":"pt-BR"},{"@type":"Organization","@id":"https:\/\/noticiasemdestaque.com\/cd\/#organization","name":"Not\u00edcias em Destaque","url":"https:\/\/noticiasemdestaque.com\/cd\/","logo":{"@type":"ImageObject","inLanguage":"pt-BR","@id":"https:\/\/noticiasemdestaque.com\/cd\/#\/schema\/logo\/image\/","url":"https:\/\/noticiasemdestaque.com\/cd\/wp-content\/uploads\/2022\/05\/imagem-base-noticiasemdestaque.png","contentUrl":"https:\/\/noticiasemdestaque.com\/cd\/wp-content\/uploads\/2022\/05\/imagem-base-noticiasemdestaque.png","width":1200,"height":630,"caption":"Not\u00edcias em Destaque"},"image":{"@id":"https:\/\/noticiasemdestaque.com\/cd\/#\/schema\/logo\/image\/"}},{"@type":"Person","@id":"https:\/\/noticiasemdestaque.com\/cd\/#\/schema\/person\/4a81fb71f77579d059c3045891fa1786","name":"Not\u00edcias em Destaque","url":"https:\/\/noticiasemdestaque.com\/cd\/?author=2"}]}},"jetpack_featured_media_url":"https:\/\/noticiasemdestaque.com\/cd\/wp-content\/uploads\/2022\/07\/AnyConv.com__7f787c9c-3eaa-4407-adc8-681cc5194738.jpg","jetpack_sharing_enabled":true,"_links":{"self":[{"href":"https:\/\/noticiasemdestaque.com\/cd\/index.php?rest_route=\/wp\/v2\/posts\/40789","targetHints":{"allow":["GET"]}}],"collection":[{"href":"https:\/\/noticiasemdestaque.com\/cd\/index.php?rest_route=\/wp\/v2\/posts"}],"about":[{"href":"https:\/\/noticiasemdestaque.com\/cd\/index.php?rest_route=\/wp\/v2\/types\/post"}],"author":[{"embeddable":true,"href":"https:\/\/noticiasemdestaque.com\/cd\/index.php?rest_route=\/wp\/v2\/users\/2"}],"replies":[{"embeddable":true,"href":"https:\/\/noticiasemdestaque.com\/cd\/index.php?rest_route=%2Fwp%2Fv2%2Fcomments&post=40789"}],"version-history":[{"count":2,"href":"https:\/\/noticiasemdestaque.com\/cd\/index.php?rest_route=\/wp\/v2\/posts\/40789\/revisions"}],"predecessor-version":[{"id":40792,"href":"https:\/\/noticiasemdestaque.com\/cd\/index.php?rest_route=\/wp\/v2\/posts\/40789\/revisions\/40792"}],"wp:featuredmedia":[{"embeddable":true,"href":"https:\/\/noticiasemdestaque.com\/cd\/index.php?rest_route=\/wp\/v2\/media\/40790"}],"wp:attachment":[{"href":"https:\/\/noticiasemdestaque.com\/cd\/index.php?rest_route=%2Fwp%2Fv2%2Fmedia&parent=40789"}],"wp:term":[{"taxonomy":"category","embeddable":true,"href":"https:\/\/noticiasemdestaque.com\/cd\/index.php?rest_route=%2Fwp%2Fv2%2Fcategories&post=40789"},{"taxonomy":"post_tag","embeddable":true,"href":"https:\/\/noticiasemdestaque.com\/cd\/index.php?rest_route=%2Fwp%2Fv2%2Ftags&post=40789"}],"curies":[{"name":"wp","href":"https:\/\/api.w.org\/{rel}","templated":true}]}}