{"id":4074,"date":"2017-09-06T08:58:31","date_gmt":"2017-09-06T11:58:31","guid":{"rendered":"http:\/\/caririemdestaque.com\/cd\/?p=4074"},"modified":"2017-09-06T08:58:31","modified_gmt":"2017-09-06T11:58:31","slug":"em-s-j-dos-cordeiros-acontece-festa-da-padroeira-nossa-senhora-das-dores","status":"publish","type":"post","link":"https:\/\/noticiasemdestaque.com\/cd\/?p=4074","title":{"rendered":"Em S.J. dos Cordeiros acontece Festa da Padroeira, Nossa Senhora das Dores\u00a0"},"content":{"rendered":"<p><a href=\"http:\/\/caririemdestaque.com\/cd\/wp-content\/uploads\/2017\/09\/celebracao_das_dores_de_maria_foto_thiago_leon_8.jpg\"><img fetchpriority=\"high\" decoding=\"async\" class=\"wp-image-4075 size-medium alignleft\" src=\"http:\/\/caririemdestaque.com\/cd\/wp-content\/uploads\/2017\/09\/celebracao_das_dores_de_maria_foto_thiago_leon_8-300x200.jpg\" alt=\"\" width=\"300\" height=\"200\" srcset=\"https:\/\/noticiasemdestaque.com\/cd\/wp-content\/uploads\/2017\/09\/celebracao_das_dores_de_maria_foto_thiago_leon_8-300x200.jpg 300w, https:\/\/noticiasemdestaque.com\/cd\/wp-content\/uploads\/2017\/09\/celebracao_das_dores_de_maria_foto_thiago_leon_8-768x513.jpg 768w, https:\/\/noticiasemdestaque.com\/cd\/wp-content\/uploads\/2017\/09\/celebracao_das_dores_de_maria_foto_thiago_leon_8-480x320.jpg 480w, https:\/\/noticiasemdestaque.com\/cd\/wp-content\/uploads\/2017\/09\/celebracao_das_dores_de_maria_foto_thiago_leon_8.jpg 800w\" sizes=\"(max-width: 300px) 100vw, 300px\" \/><\/a>A festa que tem apoio da Prefeitura Municipal de S\u00e3o Jos\u00e9 dos Cordeiros e da pessoa do Prefeito Jefferson Roberto, come\u00e7a neste final de semana, especificamente, no s\u00e1bado e vai at\u00e9 o dia 15 de setembro.<\/p>\n<p>A programa\u00e7\u00e3o se inicia com \u00e0s 19h30, com noite dedicada as Comunidades Rurais, momento em que se realizar\u00e1 uma Missa com Padre Jo\u00e3o Paulo.<\/p>\n<p>J\u00e1 no domingo (10\/09), \u00e0s 19h30 tem Missa com Padre Aparecido, momento que ser\u00e1 realizado o Crisma de adulto, sendo uma noite toda voltada a juventude.<\/p>\n<p>Dia 11 de setembro &#8211; segunda-feira &#8211;\u00a0 a noite \u00e9 dedicada as Fam\u00edlias, \u00e0s 19h30 com Missa celebrada pelo o Padre Andr\u00e9.<\/p>\n<p>Ter\u00e7a-feira(11\/09), \u00e0s 17h, inicia celebra\u00e7\u00e3o de uma Missa destinada aos Estudantes e Professores.<\/p>\n<p>No dia 13 de setembro, quarta-feira, \u00e0s 19h30, Padre Ant\u00f4nio Batista celebra Missa voltada para as Autoridades e Comerciantes.<\/p>\n<p>No dia 14 de setembro &#8211; quinta-feira- as Crian\u00e7as ter\u00e3o uma noite especial com Missa celebrada pelo o Padre Romualdo, \u00e0s 19h30.<\/p>\n<p>O encerramento da Festa da Padroeira Nossa Senhora das Dores, do Munic\u00edpio de S\u00e3o Jos\u00e9 dos Cordeiros, acontece na sexta-feira(15\/09), com Prociss\u00e3o pelas ruas da Cidade, \u00e0s 16h, em seguida tem Missa Solene com o Padre M\u00e1rcio Henrique, e ap\u00f3s a celebra\u00e7\u00e3o ser\u00e1 realizado um bingo.<\/p>\n<p><em><strong>Cariri em Destaque<\/strong><\/em><\/p>\n<p>&nbsp;<\/p>\n","protected":false},"excerpt":{"rendered":"<p>A festa que tem apoio da Prefeitura Municipal de S\u00e3o Jos\u00e9 dos Cordeiros e da pessoa do Prefeito Jefferson Roberto, come\u00e7a neste final de semana, especificamente, no s\u00e1bado e vai at\u00e9 o dia 15 de setembro. A programa\u00e7\u00e3o se inicia com \u00e0s 19h30, com noite dedicada as Comunidades Rurais, momento em que se realizar\u00e1 uma Missa com Padre Jo\u00e3o Paulo. J\u00e1 no domingo (10\/09), \u00e0s 19h30 tem Missa com Padre Aparecido, momento que ser\u00e1 realizado o Crisma de adulto, sendo uma noite toda voltada a juventude. Dia 11 de setembro &#8211; segunda-feira &#8211;\u00a0 a noite \u00e9 dedicada as Fam\u00edlias, \u00e0s 19h30 com Missa celebrada pelo o Padre Andr\u00e9. Ter\u00e7a-feira(11\/09), \u00e0s 17h, inicia celebra\u00e7\u00e3o de uma Missa destinada aos Estudantes e Professores. No dia 13 de setembro, quarta-feira, \u00e0s 19h30, Padre Ant\u00f4nio Batista celebra Missa voltada para as Autoridades e Comerciantes. No dia 14 de setembro &#8211; quinta-feira- as Crian\u00e7as ter\u00e3o uma noite especial com Missa celebrada pelo o Padre Romualdo, \u00e0s 19h30. O encerramento da Festa da Padroeira Nossa Senhora das Dores, do Munic\u00edpio de S\u00e3o Jos\u00e9 dos Cordeiros, acontece na sexta-feira(15\/09), com Prociss\u00e3o pelas ruas da Cidade, \u00e0s 16h, em seguida tem Missa Solene com o Padre M\u00e1rcio Henrique, e ap\u00f3s a celebra\u00e7\u00e3o ser\u00e1 realizado um bingo. Cariri em Destaque &nbsp;<\/p>\n","protected":false},"author":2,"featured_media":4075,"comment_status":"closed","ping_status":"open","sticky":false,"template":"","format":"standard","meta":{"_eb_attr":"","_jetpack_memberships_contains_paid_content":false,"footnotes":""},"categories":[3],"tags":[],"class_list":["post-4074","post","type-post","status-publish","format-standard","has-post-thumbnail","hentry","category-cidades"],"yoast_head":"<!-- This site is optimized with the Yoast SEO plugin v26.5 - https:\/\/yoast.com\/wordpress\/plugins\/seo\/ -->\n<title>Em S.J. dos Cordeiros acontece Festa da Padroeira, Nossa Senhora das Dores\u00a0 - Not&iacute;cias em Destaque<\/title>\n<meta name=\"robots\" content=\"index, follow, max-snippet:-1, max-image-preview:large, max-video-preview:-1\" \/>\n<link rel=\"canonical\" href=\"https:\/\/noticiasemdestaque.com\/cd\/?p=4074\" \/>\n<meta property=\"og:locale\" content=\"pt_BR\" \/>\n<meta property=\"og:type\" content=\"article\" \/>\n<meta property=\"og:title\" content=\"Em S.J. dos Cordeiros acontece Festa da Padroeira, Nossa Senhora das Dores\u00a0 - Not&iacute;cias em Destaque\" \/>\n<meta property=\"og:description\" content=\"A festa que tem apoio da Prefeitura Municipal de S\u00e3o Jos\u00e9 dos Cordeiros e da pessoa do Prefeito Jefferson Roberto, come\u00e7a neste final de semana, especificamente, no s\u00e1bado e vai at\u00e9 o dia 15 de setembro. A programa\u00e7\u00e3o se inicia com \u00e0s 19h30, com noite dedicada as Comunidades Rurais, momento em que se realizar\u00e1 uma Missa com Padre Jo\u00e3o Paulo. J\u00e1 no domingo (10\/09), \u00e0s 19h30 tem Missa com Padre Aparecido, momento que ser\u00e1 realizado o Crisma de adulto, sendo uma noite toda voltada a juventude. Dia 11 de setembro &#8211; segunda-feira &#8211;\u00a0 a noite \u00e9 dedicada as Fam\u00edlias, \u00e0s 19h30 com Missa celebrada pelo o Padre Andr\u00e9. Ter\u00e7a-feira(11\/09), \u00e0s 17h, inicia celebra\u00e7\u00e3o de uma Missa destinada aos Estudantes e Professores. No dia 13 de setembro, quarta-feira, \u00e0s 19h30, Padre Ant\u00f4nio Batista celebra Missa voltada para as Autoridades e Comerciantes. No dia 14 de setembro &#8211; quinta-feira- as Crian\u00e7as ter\u00e3o uma noite especial com Missa celebrada pelo o Padre Romualdo, \u00e0s 19h30. O encerramento da Festa da Padroeira Nossa Senhora das Dores, do Munic\u00edpio de S\u00e3o Jos\u00e9 dos Cordeiros, acontece na sexta-feira(15\/09), com Prociss\u00e3o pelas ruas da Cidade, \u00e0s 16h, em seguida tem Missa Solene com o Padre M\u00e1rcio Henrique, e ap\u00f3s a celebra\u00e7\u00e3o ser\u00e1 realizado um bingo. Cariri em Destaque &nbsp;\" \/>\n<meta property=\"og:url\" content=\"https:\/\/noticiasemdestaque.com\/cd\/?p=4074\" \/>\n<meta property=\"og:site_name\" content=\"Not&iacute;cias em Destaque\" \/>\n<meta property=\"article:published_time\" content=\"2017-09-06T11:58:31+00:00\" \/>\n<meta property=\"og:image\" content=\"https:\/\/noticiasemdestaque.com\/cd\/wp-content\/uploads\/2017\/09\/celebracao_das_dores_de_maria_foto_thiago_leon_8.jpg\" \/>\n\t<meta property=\"og:image:width\" content=\"800\" \/>\n\t<meta property=\"og:image:height\" content=\"534\" \/>\n\t<meta property=\"og:image:type\" content=\"image\/jpeg\" \/>\n<meta name=\"author\" content=\"Not\u00edcias em Destaque\" \/>\n<meta name=\"twitter:card\" content=\"summary_large_image\" \/>\n<meta name=\"twitter:label1\" content=\"Escrito por\" \/>\n\t<meta name=\"twitter:data1\" content=\"Not\u00edcias em Destaque\" \/>\n\t<meta name=\"twitter:label2\" content=\"Est. tempo de leitura\" \/>\n\t<meta name=\"twitter:data2\" content=\"1 minuto\" \/>\n<script type=\"application\/ld+json\" class=\"yoast-schema-graph\">{\"@context\":\"https:\/\/schema.org\",\"@graph\":[{\"@type\":\"Article\",\"@id\":\"https:\/\/noticiasemdestaque.com\/cd\/?p=4074#article\",\"isPartOf\":{\"@id\":\"https:\/\/noticiasemdestaque.com\/cd\/?p=4074\"},\"author\":{\"name\":\"Not\u00edcias em Destaque\",\"@id\":\"https:\/\/noticiasemdestaque.com\/cd\/#\/schema\/person\/21320b03a7e8bb90128938dafc9b908a\"},\"headline\":\"Em S.J. dos Cordeiros acontece Festa da Padroeira, Nossa Senhora das Dores\u00a0\",\"datePublished\":\"2017-09-06T11:58:31+00:00\",\"mainEntityOfPage\":{\"@id\":\"https:\/\/noticiasemdestaque.com\/cd\/?p=4074\"},\"wordCount\":236,\"publisher\":{\"@id\":\"https:\/\/noticiasemdestaque.com\/cd\/#organization\"},\"image\":{\"@id\":\"https:\/\/noticiasemdestaque.com\/cd\/?p=4074#primaryimage\"},\"thumbnailUrl\":\"https:\/\/noticiasemdestaque.com\/cd\/wp-content\/uploads\/2017\/09\/celebracao_das_dores_de_maria_foto_thiago_leon_8.jpg\",\"articleSection\":[\"Cidades\"],\"inLanguage\":\"pt-BR\"},{\"@type\":\"WebPage\",\"@id\":\"https:\/\/noticiasemdestaque.com\/cd\/?p=4074\",\"url\":\"https:\/\/noticiasemdestaque.com\/cd\/?p=4074\",\"name\":\"Em S.J. dos Cordeiros acontece Festa da Padroeira, Nossa Senhora das Dores\u00a0 - Not&iacute;cias em Destaque\",\"isPartOf\":{\"@id\":\"https:\/\/noticiasemdestaque.com\/cd\/#website\"},\"primaryImageOfPage\":{\"@id\":\"https:\/\/noticiasemdestaque.com\/cd\/?p=4074#primaryimage\"},\"image\":{\"@id\":\"https:\/\/noticiasemdestaque.com\/cd\/?p=4074#primaryimage\"},\"thumbnailUrl\":\"https:\/\/noticiasemdestaque.com\/cd\/wp-content\/uploads\/2017\/09\/celebracao_das_dores_de_maria_foto_thiago_leon_8.jpg\",\"datePublished\":\"2017-09-06T11:58:31+00:00\",\"breadcrumb\":{\"@id\":\"https:\/\/noticiasemdestaque.com\/cd\/?p=4074#breadcrumb\"},\"inLanguage\":\"pt-BR\",\"potentialAction\":[{\"@type\":\"ReadAction\",\"target\":[\"https:\/\/noticiasemdestaque.com\/cd\/?p=4074\"]}]},{\"@type\":\"ImageObject\",\"inLanguage\":\"pt-BR\",\"@id\":\"https:\/\/noticiasemdestaque.com\/cd\/?p=4074#primaryimage\",\"url\":\"https:\/\/noticiasemdestaque.com\/cd\/wp-content\/uploads\/2017\/09\/celebracao_das_dores_de_maria_foto_thiago_leon_8.jpg\",\"contentUrl\":\"https:\/\/noticiasemdestaque.com\/cd\/wp-content\/uploads\/2017\/09\/celebracao_das_dores_de_maria_foto_thiago_leon_8.jpg\",\"width\":800,\"height\":534},{\"@type\":\"BreadcrumbList\",\"@id\":\"https:\/\/noticiasemdestaque.com\/cd\/?p=4074#breadcrumb\",\"itemListElement\":[{\"@type\":\"ListItem\",\"position\":1,\"name\":\"In\u00edcio\",\"item\":\"https:\/\/noticiasemdestaque.com\/cd\/\"},{\"@type\":\"ListItem\",\"position\":2,\"name\":\"Em S.J. dos Cordeiros acontece Festa da Padroeira, Nossa Senhora das Dores\u00a0\"}]},{\"@type\":\"WebSite\",\"@id\":\"https:\/\/noticiasemdestaque.com\/cd\/#website\",\"url\":\"https:\/\/noticiasemdestaque.com\/cd\/\",\"name\":\"Not&iacute;cias em Destaque\",\"description\":\"\",\"publisher\":{\"@id\":\"https:\/\/noticiasemdestaque.com\/cd\/#organization\"},\"potentialAction\":[{\"@type\":\"SearchAction\",\"target\":{\"@type\":\"EntryPoint\",\"urlTemplate\":\"https:\/\/noticiasemdestaque.com\/cd\/?s={search_term_string}\"},\"query-input\":{\"@type\":\"PropertyValueSpecification\",\"valueRequired\":true,\"valueName\":\"search_term_string\"}}],\"inLanguage\":\"pt-BR\"},{\"@type\":\"Organization\",\"@id\":\"https:\/\/noticiasemdestaque.com\/cd\/#organization\",\"name\":\"Not\u00edcias em Destaque\",\"url\":\"https:\/\/noticiasemdestaque.com\/cd\/\",\"logo\":{\"@type\":\"ImageObject\",\"inLanguage\":\"pt-BR\",\"@id\":\"https:\/\/noticiasemdestaque.com\/cd\/#\/schema\/logo\/image\/\",\"url\":\"https:\/\/noticiasemdestaque.com\/cd\/wp-content\/uploads\/2022\/05\/imagem-base-noticiasemdestaque.png\",\"contentUrl\":\"https:\/\/noticiasemdestaque.com\/cd\/wp-content\/uploads\/2022\/05\/imagem-base-noticiasemdestaque.png\",\"width\":1200,\"height\":630,\"caption\":\"Not\u00edcias em Destaque\"},\"image\":{\"@id\":\"https:\/\/noticiasemdestaque.com\/cd\/#\/schema\/logo\/image\/\"}},{\"@type\":\"Person\",\"@id\":\"https:\/\/noticiasemdestaque.com\/cd\/#\/schema\/person\/21320b03a7e8bb90128938dafc9b908a\",\"name\":\"Not\u00edcias em Destaque\",\"url\":\"https:\/\/noticiasemdestaque.com\/cd\/?author=2\"}]}<\/script>\n<!-- \/ Yoast SEO plugin. -->","yoast_head_json":{"title":"Em S.J. dos Cordeiros acontece Festa da Padroeira, Nossa Senhora das Dores\u00a0 - Not&iacute;cias em Destaque","robots":{"index":"index","follow":"follow","max-snippet":"max-snippet:-1","max-image-preview":"max-image-preview:large","max-video-preview":"max-video-preview:-1"},"canonical":"https:\/\/noticiasemdestaque.com\/cd\/?p=4074","og_locale":"pt_BR","og_type":"article","og_title":"Em S.J. dos Cordeiros acontece Festa da Padroeira, Nossa Senhora das Dores\u00a0 - Not&iacute;cias em Destaque","og_description":"A festa que tem apoio da Prefeitura Municipal de S\u00e3o Jos\u00e9 dos Cordeiros e da pessoa do Prefeito Jefferson Roberto, come\u00e7a neste final de semana, especificamente, no s\u00e1bado e vai at\u00e9 o dia 15 de setembro. A programa\u00e7\u00e3o se inicia com \u00e0s 19h30, com noite dedicada as Comunidades Rurais, momento em que se realizar\u00e1 uma Missa com Padre Jo\u00e3o Paulo. J\u00e1 no domingo (10\/09), \u00e0s 19h30 tem Missa com Padre Aparecido, momento que ser\u00e1 realizado o Crisma de adulto, sendo uma noite toda voltada a juventude. Dia 11 de setembro &#8211; segunda-feira &#8211;\u00a0 a noite \u00e9 dedicada as Fam\u00edlias, \u00e0s 19h30 com Missa celebrada pelo o Padre Andr\u00e9. Ter\u00e7a-feira(11\/09), \u00e0s 17h, inicia celebra\u00e7\u00e3o de uma Missa destinada aos Estudantes e Professores. No dia 13 de setembro, quarta-feira, \u00e0s 19h30, Padre Ant\u00f4nio Batista celebra Missa voltada para as Autoridades e Comerciantes. No dia 14 de setembro &#8211; quinta-feira- as Crian\u00e7as ter\u00e3o uma noite especial com Missa celebrada pelo o Padre Romualdo, \u00e0s 19h30. O encerramento da Festa da Padroeira Nossa Senhora das Dores, do Munic\u00edpio de S\u00e3o Jos\u00e9 dos Cordeiros, acontece na sexta-feira(15\/09), com Prociss\u00e3o pelas ruas da Cidade, \u00e0s 16h, em seguida tem Missa Solene com o Padre M\u00e1rcio Henrique, e ap\u00f3s a celebra\u00e7\u00e3o ser\u00e1 realizado um bingo. Cariri em Destaque &nbsp;","og_url":"https:\/\/noticiasemdestaque.com\/cd\/?p=4074","og_site_name":"Not&iacute;cias em Destaque","article_published_time":"2017-09-06T11:58:31+00:00","og_image":[{"width":800,"height":534,"url":"https:\/\/noticiasemdestaque.com\/cd\/wp-content\/uploads\/2017\/09\/celebracao_das_dores_de_maria_foto_thiago_leon_8.jpg","type":"image\/jpeg"}],"author":"Not\u00edcias em Destaque","twitter_card":"summary_large_image","twitter_misc":{"Escrito por":"Not\u00edcias em Destaque","Est. tempo de leitura":"1 minuto"},"schema":{"@context":"https:\/\/schema.org","@graph":[{"@type":"Article","@id":"https:\/\/noticiasemdestaque.com\/cd\/?p=4074#article","isPartOf":{"@id":"https:\/\/noticiasemdestaque.com\/cd\/?p=4074"},"author":{"name":"Not\u00edcias em Destaque","@id":"https:\/\/noticiasemdestaque.com\/cd\/#\/schema\/person\/21320b03a7e8bb90128938dafc9b908a"},"headline":"Em S.J. dos Cordeiros acontece Festa da Padroeira, Nossa Senhora das Dores\u00a0","datePublished":"2017-09-06T11:58:31+00:00","mainEntityOfPage":{"@id":"https:\/\/noticiasemdestaque.com\/cd\/?p=4074"},"wordCount":236,"publisher":{"@id":"https:\/\/noticiasemdestaque.com\/cd\/#organization"},"image":{"@id":"https:\/\/noticiasemdestaque.com\/cd\/?p=4074#primaryimage"},"thumbnailUrl":"https:\/\/noticiasemdestaque.com\/cd\/wp-content\/uploads\/2017\/09\/celebracao_das_dores_de_maria_foto_thiago_leon_8.jpg","articleSection":["Cidades"],"inLanguage":"pt-BR"},{"@type":"WebPage","@id":"https:\/\/noticiasemdestaque.com\/cd\/?p=4074","url":"https:\/\/noticiasemdestaque.com\/cd\/?p=4074","name":"Em S.J. dos Cordeiros acontece Festa da Padroeira, Nossa Senhora das Dores\u00a0 - Not&iacute;cias em Destaque","isPartOf":{"@id":"https:\/\/noticiasemdestaque.com\/cd\/#website"},"primaryImageOfPage":{"@id":"https:\/\/noticiasemdestaque.com\/cd\/?p=4074#primaryimage"},"image":{"@id":"https:\/\/noticiasemdestaque.com\/cd\/?p=4074#primaryimage"},"thumbnailUrl":"https:\/\/noticiasemdestaque.com\/cd\/wp-content\/uploads\/2017\/09\/celebracao_das_dores_de_maria_foto_thiago_leon_8.jpg","datePublished":"2017-09-06T11:58:31+00:00","breadcrumb":{"@id":"https:\/\/noticiasemdestaque.com\/cd\/?p=4074#breadcrumb"},"inLanguage":"pt-BR","potentialAction":[{"@type":"ReadAction","target":["https:\/\/noticiasemdestaque.com\/cd\/?p=4074"]}]},{"@type":"ImageObject","inLanguage":"pt-BR","@id":"https:\/\/noticiasemdestaque.com\/cd\/?p=4074#primaryimage","url":"https:\/\/noticiasemdestaque.com\/cd\/wp-content\/uploads\/2017\/09\/celebracao_das_dores_de_maria_foto_thiago_leon_8.jpg","contentUrl":"https:\/\/noticiasemdestaque.com\/cd\/wp-content\/uploads\/2017\/09\/celebracao_das_dores_de_maria_foto_thiago_leon_8.jpg","width":800,"height":534},{"@type":"BreadcrumbList","@id":"https:\/\/noticiasemdestaque.com\/cd\/?p=4074#breadcrumb","itemListElement":[{"@type":"ListItem","position":1,"name":"In\u00edcio","item":"https:\/\/noticiasemdestaque.com\/cd\/"},{"@type":"ListItem","position":2,"name":"Em S.J. dos Cordeiros acontece Festa da Padroeira, Nossa Senhora das Dores\u00a0"}]},{"@type":"WebSite","@id":"https:\/\/noticiasemdestaque.com\/cd\/#website","url":"https:\/\/noticiasemdestaque.com\/cd\/","name":"Not&iacute;cias em Destaque","description":"","publisher":{"@id":"https:\/\/noticiasemdestaque.com\/cd\/#organization"},"potentialAction":[{"@type":"SearchAction","target":{"@type":"EntryPoint","urlTemplate":"https:\/\/noticiasemdestaque.com\/cd\/?s={search_term_string}"},"query-input":{"@type":"PropertyValueSpecification","valueRequired":true,"valueName":"search_term_string"}}],"inLanguage":"pt-BR"},{"@type":"Organization","@id":"https:\/\/noticiasemdestaque.com\/cd\/#organization","name":"Not\u00edcias em Destaque","url":"https:\/\/noticiasemdestaque.com\/cd\/","logo":{"@type":"ImageObject","inLanguage":"pt-BR","@id":"https:\/\/noticiasemdestaque.com\/cd\/#\/schema\/logo\/image\/","url":"https:\/\/noticiasemdestaque.com\/cd\/wp-content\/uploads\/2022\/05\/imagem-base-noticiasemdestaque.png","contentUrl":"https:\/\/noticiasemdestaque.com\/cd\/wp-content\/uploads\/2022\/05\/imagem-base-noticiasemdestaque.png","width":1200,"height":630,"caption":"Not\u00edcias em Destaque"},"image":{"@id":"https:\/\/noticiasemdestaque.com\/cd\/#\/schema\/logo\/image\/"}},{"@type":"Person","@id":"https:\/\/noticiasemdestaque.com\/cd\/#\/schema\/person\/21320b03a7e8bb90128938dafc9b908a","name":"Not\u00edcias em Destaque","url":"https:\/\/noticiasemdestaque.com\/cd\/?author=2"}]}},"jetpack_featured_media_url":"https:\/\/noticiasemdestaque.com\/cd\/wp-content\/uploads\/2017\/09\/celebracao_das_dores_de_maria_foto_thiago_leon_8.jpg","jetpack_sharing_enabled":true,"_links":{"self":[{"href":"https:\/\/noticiasemdestaque.com\/cd\/index.php?rest_route=\/wp\/v2\/posts\/4074","targetHints":{"allow":["GET"]}}],"collection":[{"href":"https:\/\/noticiasemdestaque.com\/cd\/index.php?rest_route=\/wp\/v2\/posts"}],"about":[{"href":"https:\/\/noticiasemdestaque.com\/cd\/index.php?rest_route=\/wp\/v2\/types\/post"}],"author":[{"embeddable":true,"href":"https:\/\/noticiasemdestaque.com\/cd\/index.php?rest_route=\/wp\/v2\/users\/2"}],"replies":[{"embeddable":true,"href":"https:\/\/noticiasemdestaque.com\/cd\/index.php?rest_route=%2Fwp%2Fv2%2Fcomments&post=4074"}],"version-history":[{"count":1,"href":"https:\/\/noticiasemdestaque.com\/cd\/index.php?rest_route=\/wp\/v2\/posts\/4074\/revisions"}],"predecessor-version":[{"id":4076,"href":"https:\/\/noticiasemdestaque.com\/cd\/index.php?rest_route=\/wp\/v2\/posts\/4074\/revisions\/4076"}],"wp:featuredmedia":[{"embeddable":true,"href":"https:\/\/noticiasemdestaque.com\/cd\/index.php?rest_route=\/wp\/v2\/media\/4075"}],"wp:attachment":[{"href":"https:\/\/noticiasemdestaque.com\/cd\/index.php?rest_route=%2Fwp%2Fv2%2Fmedia&parent=4074"}],"wp:term":[{"taxonomy":"category","embeddable":true,"href":"https:\/\/noticiasemdestaque.com\/cd\/index.php?rest_route=%2Fwp%2Fv2%2Fcategories&post=4074"},{"taxonomy":"post_tag","embeddable":true,"href":"https:\/\/noticiasemdestaque.com\/cd\/index.php?rest_route=%2Fwp%2Fv2%2Ftags&post=4074"}],"curies":[{"name":"wp","href":"https:\/\/api.w.org\/{rel}","templated":true}]}}