{"id":4068,"date":"2017-09-06T08:31:48","date_gmt":"2017-09-06T11:31:48","guid":{"rendered":"http:\/\/caririemdestaque.com\/cd\/?p=4068"},"modified":"2017-09-06T08:31:48","modified_gmt":"2017-09-06T11:31:48","slug":"depressao-ansiosa-transtorno-une-tristeza-e-preocupacao-e-causa-mais-22-sintomas","status":"publish","type":"post","link":"https:\/\/noticiasemdestaque.com\/cd\/?p=4068","title":{"rendered":"Depress\u00e3o ansiosa: transtorno une tristeza e preocupa\u00e7\u00e3o e causa mais 22 sintomas"},"content":{"rendered":"<p><a href=\"http:\/\/caririemdestaque.com\/cd\/wp-content\/uploads\/2017\/09\/05-09-2017.234629_2.jpg\"><img fetchpriority=\"high\" decoding=\"async\" class=\"wp-image-4069 size-medium alignleft\" src=\"http:\/\/caririemdestaque.com\/cd\/wp-content\/uploads\/2017\/09\/05-09-2017.234629_2-300x189.jpg\" alt=\"\" width=\"300\" height=\"189\" srcset=\"https:\/\/noticiasemdestaque.com\/cd\/wp-content\/uploads\/2017\/09\/05-09-2017.234629_2-300x189.jpg 300w, https:\/\/noticiasemdestaque.com\/cd\/wp-content\/uploads\/2017\/09\/05-09-2017.234629_2.jpg 380w\" sizes=\"(max-width: 300px) 100vw, 300px\" \/><\/a>Transtorno depressivo ansioso \u00e9 um acometimento psiqui\u00e1trico comum que une sintomas de dois transtornos, criando um quadro de tristeza e preocupa\u00e7\u00e3o constantes. O problema \u00e9 muito limitante pois afeta o conv\u00edvio familiar, relacionamentos e trabalho, mas pode ser tratado com sucesso, de modo a recuperar a qualidade de vida do paciente.<\/p>\n<p>O que \u00e9 depress\u00e3o ansiosa?<\/p>\n<p>O transtorno misto ansioso e depressivo \u00e9 um quadro caracterizado pela presen\u00e7a de depress\u00e3o e ansiedade em uma mesma pessoa. &#8220;\u00c9 como ter diabetes e hipertens\u00e3o ao mesmo tempo&#8221;, exemplifica o psiquiatra Ant\u00f4nio Geraldo da Silva, superintendente t\u00e9cnico da Associa\u00e7\u00e3o Brasileira de Psiquiatria (ABP). &#8220;Pode ser algu\u00e9m que tem o transtorno depressivo com sintomas do transtorno de ansiedade generalizada marcantes, ou vice-versa&#8221;, ressalta.<\/p>\n<p>Al\u00e9m do tipo mais conhecido de ansiedade, que \u00e9 o generalizado, tamb\u00e9m podem ser desenvolvidas outros transtornos do tipo juntamente com a depress\u00e3o, como s\u00edndrome do p\u00e2nico e fobias.<\/p>\n<p>Causas assim como a maioria dos transtornos ps\u00edquicos, a depress\u00e3o ansiosa ainda n\u00e3o tem suas causas definidas. No entanto, acredita-se que possui base gen\u00e9tica e pode ser desencadeada por gatilhos, como morte de parentes ou pessoas queridas, desemprego, problemas financeiros e de autoestima, etc.<\/p>\n<p>O psiquiatra Ant\u00f4nio da Silva ressalta que o surgimento dos dois transtornos em um mesmo indiv\u00edduo pode ocorrer por dois caminhos: no primeiro, o quadro depressivo estimula o aparecimento da ansiedade. J\u00e1 no segundo, a ansiedade propicia o surgimento da depress\u00e3o.<\/p>\n<p>Sintomas de depress\u00e3o ansiosa<\/p>\n<p>Como se caracteriza pela comorbidade, ou seja, a presen\u00e7a de mais de um transtorno ao mesmo tempo, o paciente pode apresentar sintomas de depress\u00e3o e tamb\u00e9m de ansiedade ao mesmo tempo.<\/p>\n<p>Confira os principais:<\/p>\n<p>altera\u00e7\u00f5es do apetite, altera\u00e7\u00f5es do sono, apatia e cansa\u00e7o, aperto no peito apreens\u00e3o e desesperan\u00e7a, del\u00edrio, descontrole dos pr\u00f3prios pensamentos, diarreia, dificuldade de concentra\u00e7\u00e3o, diminui\u00e7\u00e3o da libido, dor de barriga, nas costas ou no peito que n\u00e3o respondem a tratamentos, fala exageradamente r\u00e1pida, falta de ar, falta de concentra\u00e7\u00e3o, prazer e vontade, inquietude medo constante nervosismo, perda de mem\u00f3ria, preocupa\u00e7\u00e3o exagerada sensa\u00e7\u00e3o de que algo ruim vai acontecer, mal-estar tens\u00e3o muscular, tontura e tristeza profunda.<\/p>\n<p>Depress\u00e3o ansiosa tem cura?Tanto a ansiedade quanto a depress\u00e3o podem ser sanadas por meio do tratamento indicado por um psiquiatra, que costuma ser longo, em conjunto com um psic\u00f3logo. A cura pode ser tempor\u00e1ria, o que significa que os transtornos podem se manifestar novamente algum dia. Nesses casos, ser\u00e1 necess\u00e1rio retomar o tratamento e prolongar o tempo de uso da medica\u00e7\u00e3o para evitar novas crises.<\/p>\n<p>Tratamento para depress\u00e3o ansiosa<\/p>\n<p>O uso de rem\u00e9dios ansiol\u00edticos ou antidepressivos trata ambos os transtornos. A dura\u00e7\u00e3o e a posologia do tratamento \u00e9 receitada por um psiquiatra, que o far\u00e1 com base no quadro de cada paciente.<\/p>\n<p>O psiquiatra Ant\u00f4nio Geraldo da Silva ressalta que esse tipo de medicamento n\u00e3o vicia e nem causa depend\u00eancia. &#8220;O primeiro passo para se livrar das doen\u00e7as \u00e9 procurar tratamento. Hoje, tudo na psiquiatria \u00e9 baseado na ci\u00eancia e, portanto, n\u00e3o \u00e9 preciso ter medo de tratar. S\u00f3 \u00e9 preciso verificar a forma\u00e7\u00e3o do profissional que voc\u00ea planeja se consultar, o que pode ser feito pelo site do conselho regional de medicina ou pelo site da Associa\u00e7\u00e3o Brasileira de Psiquiatria&#8221;, ressalta.<\/p>\n<p>No site do Conselho Federal de Medicina tamb\u00e9m \u00e9 poss\u00edvel encontrar uma ferramenta desse tipo.<\/p>\n<p>Terapia<\/p>\n<p>A terapia com psic\u00f3logo \u00e9 de extrema import\u00e2ncia para quem sofre do transtorno ansioso depressivo, pois usa pr\u00e1ticas integradas para ajudar o paciente a encarar os problemas de forma que n\u00e3o seja t\u00e3o prejudicial para si mesmo.<\/p>\n<p>Tratamentos complementares<\/p>\n<p>A pr\u00e1tica de atividades f\u00edsicas para combater a depress\u00e3o e ansiedade tamb\u00e9m ajuda, pois estimula a libera\u00e7\u00e3o de subst\u00e2ncias relaxantes no organismo. Al\u00e9m disso, apostar em atitudes e h\u00e1bitos para controlar ansiedade, como medita\u00e7\u00e3o, exerc\u00edcios de respira\u00e7\u00e3o e alimenta\u00e7\u00e3o adequada tamb\u00e9m traz melhorias para diversos aspectos da vida.<\/p>\n<p>Com VIX<\/p>\n","protected":false},"excerpt":{"rendered":"<p>Transtorno depressivo ansioso \u00e9 um acometimento psiqui\u00e1trico comum que une sintomas de dois transtornos, criando um quadro de tristeza e preocupa\u00e7\u00e3o constantes. O problema \u00e9 muito limitante pois afeta o conv\u00edvio familiar, relacionamentos e trabalho, mas pode ser tratado com sucesso, de modo a recuperar a qualidade de vida do paciente. O que \u00e9 depress\u00e3o ansiosa? O transtorno misto ansioso e depressivo \u00e9 um quadro caracterizado pela presen\u00e7a de depress\u00e3o e ansiedade em uma mesma pessoa. &#8220;\u00c9 como ter diabetes e hipertens\u00e3o ao mesmo tempo&#8221;, exemplifica o psiquiatra Ant\u00f4nio Geraldo da Silva, superintendente t\u00e9cnico da Associa\u00e7\u00e3o Brasileira de Psiquiatria (ABP). &#8220;Pode ser algu\u00e9m que tem o transtorno depressivo com sintomas do transtorno de ansiedade generalizada marcantes, ou vice-versa&#8221;, ressalta. Al\u00e9m do tipo mais conhecido de ansiedade, que \u00e9 o generalizado, tamb\u00e9m podem ser desenvolvidas outros transtornos do tipo juntamente com a depress\u00e3o, como s\u00edndrome do p\u00e2nico e fobias. Causas assim como a maioria dos transtornos ps\u00edquicos, a depress\u00e3o ansiosa ainda n\u00e3o tem suas causas definidas. No entanto, acredita-se que possui base gen\u00e9tica e pode ser desencadeada por gatilhos, como morte de parentes ou pessoas queridas, desemprego, problemas financeiros e de autoestima, etc. O psiquiatra Ant\u00f4nio da Silva ressalta que o surgimento dos dois transtornos em um mesmo indiv\u00edduo pode ocorrer por dois caminhos: no primeiro, o quadro depressivo estimula o aparecimento da ansiedade. J\u00e1 no segundo, a ansiedade propicia o surgimento da depress\u00e3o. Sintomas de depress\u00e3o ansiosa Como se caracteriza pela comorbidade, ou seja, a presen\u00e7a de mais de um transtorno ao mesmo tempo, o paciente pode apresentar sintomas de depress\u00e3o e tamb\u00e9m de ansiedade ao mesmo tempo. Confira os principais: altera\u00e7\u00f5es do apetite, altera\u00e7\u00f5es do sono, apatia e cansa\u00e7o, aperto no peito apreens\u00e3o e desesperan\u00e7a, del\u00edrio, descontrole dos pr\u00f3prios pensamentos, diarreia, dificuldade de concentra\u00e7\u00e3o, diminui\u00e7\u00e3o da libido, dor de barriga, nas costas ou no peito que n\u00e3o respondem a tratamentos, fala exageradamente r\u00e1pida, falta de ar, falta de concentra\u00e7\u00e3o, prazer e vontade, inquietude medo constante nervosismo, perda de mem\u00f3ria, preocupa\u00e7\u00e3o exagerada sensa\u00e7\u00e3o de que algo ruim vai acontecer, mal-estar tens\u00e3o muscular, tontura e tristeza profunda. Depress\u00e3o ansiosa tem cura?Tanto a ansiedade quanto a depress\u00e3o podem ser sanadas por meio do tratamento indicado por um psiquiatra, que costuma ser longo, em conjunto com um psic\u00f3logo. A cura pode ser tempor\u00e1ria, o que significa que os transtornos podem se manifestar novamente algum dia. Nesses casos, ser\u00e1 necess\u00e1rio retomar o tratamento e prolongar o tempo de uso da medica\u00e7\u00e3o para evitar novas crises. Tratamento para depress\u00e3o ansiosa O uso de rem\u00e9dios ansiol\u00edticos ou antidepressivos trata ambos os transtornos. A dura\u00e7\u00e3o e a posologia do tratamento \u00e9 receitada por um psiquiatra, que o far\u00e1 com base no quadro de cada paciente. O psiquiatra Ant\u00f4nio Geraldo da Silva ressalta que esse tipo de medicamento n\u00e3o vicia e nem causa depend\u00eancia. &#8220;O primeiro passo para se livrar das doen\u00e7as \u00e9 procurar tratamento. Hoje, tudo na psiquiatria \u00e9 baseado na ci\u00eancia e, portanto, n\u00e3o \u00e9 preciso ter medo de tratar. S\u00f3 \u00e9 preciso verificar a forma\u00e7\u00e3o do profissional que voc\u00ea planeja se consultar, o que pode ser feito pelo site do conselho regional de medicina ou pelo site da Associa\u00e7\u00e3o Brasileira de Psiquiatria&#8221;, ressalta. No site do Conselho Federal de Medicina tamb\u00e9m \u00e9 poss\u00edvel encontrar uma ferramenta desse tipo. Terapia A terapia com psic\u00f3logo \u00e9 de extrema import\u00e2ncia para quem sofre do transtorno ansioso depressivo, pois usa pr\u00e1ticas integradas para ajudar o paciente a encarar os problemas de forma que n\u00e3o seja t\u00e3o prejudicial para si mesmo. Tratamentos complementares A pr\u00e1tica de atividades f\u00edsicas para combater a depress\u00e3o e ansiedade tamb\u00e9m ajuda, pois estimula a libera\u00e7\u00e3o de subst\u00e2ncias relaxantes no organismo. Al\u00e9m disso, apostar em atitudes e h\u00e1bitos para controlar ansiedade, como medita\u00e7\u00e3o, exerc\u00edcios de respira\u00e7\u00e3o e alimenta\u00e7\u00e3o adequada tamb\u00e9m traz melhorias para diversos aspectos da vida. Com VIX<\/p>\n","protected":false},"author":2,"featured_media":4069,"comment_status":"closed","ping_status":"open","sticky":false,"template":"","format":"standard","meta":{"_eb_attr":"","_jetpack_memberships_contains_paid_content":false,"footnotes":""},"categories":[8],"tags":[],"class_list":["post-4068","post","type-post","status-publish","format-standard","has-post-thumbnail","hentry","category-saude"],"yoast_head":"<!-- This site is optimized with the Yoast SEO plugin v26.5 - https:\/\/yoast.com\/wordpress\/plugins\/seo\/ -->\n<title>Depress\u00e3o ansiosa: transtorno une tristeza e preocupa\u00e7\u00e3o e causa mais 22 sintomas - Not&iacute;cias em Destaque<\/title>\n<meta name=\"robots\" content=\"index, follow, max-snippet:-1, max-image-preview:large, max-video-preview:-1\" \/>\n<link rel=\"canonical\" href=\"https:\/\/noticiasemdestaque.com\/cd\/?p=4068\" \/>\n<meta property=\"og:locale\" content=\"pt_BR\" \/>\n<meta property=\"og:type\" content=\"article\" \/>\n<meta property=\"og:title\" content=\"Depress\u00e3o ansiosa: transtorno une tristeza e preocupa\u00e7\u00e3o e causa mais 22 sintomas - Not&iacute;cias em Destaque\" \/>\n<meta property=\"og:description\" content=\"Transtorno depressivo ansioso \u00e9 um acometimento psiqui\u00e1trico comum que une sintomas de dois transtornos, criando um quadro de tristeza e preocupa\u00e7\u00e3o constantes. O problema \u00e9 muito limitante pois afeta o conv\u00edvio familiar, relacionamentos e trabalho, mas pode ser tratado com sucesso, de modo a recuperar a qualidade de vida do paciente. O que \u00e9 depress\u00e3o ansiosa? O transtorno misto ansioso e depressivo \u00e9 um quadro caracterizado pela presen\u00e7a de depress\u00e3o e ansiedade em uma mesma pessoa. &#8220;\u00c9 como ter diabetes e hipertens\u00e3o ao mesmo tempo&#8221;, exemplifica o psiquiatra Ant\u00f4nio Geraldo da Silva, superintendente t\u00e9cnico da Associa\u00e7\u00e3o Brasileira de Psiquiatria (ABP). &#8220;Pode ser algu\u00e9m que tem o transtorno depressivo com sintomas do transtorno de ansiedade generalizada marcantes, ou vice-versa&#8221;, ressalta. Al\u00e9m do tipo mais conhecido de ansiedade, que \u00e9 o generalizado, tamb\u00e9m podem ser desenvolvidas outros transtornos do tipo juntamente com a depress\u00e3o, como s\u00edndrome do p\u00e2nico e fobias. Causas assim como a maioria dos transtornos ps\u00edquicos, a depress\u00e3o ansiosa ainda n\u00e3o tem suas causas definidas. No entanto, acredita-se que possui base gen\u00e9tica e pode ser desencadeada por gatilhos, como morte de parentes ou pessoas queridas, desemprego, problemas financeiros e de autoestima, etc. O psiquiatra Ant\u00f4nio da Silva ressalta que o surgimento dos dois transtornos em um mesmo indiv\u00edduo pode ocorrer por dois caminhos: no primeiro, o quadro depressivo estimula o aparecimento da ansiedade. J\u00e1 no segundo, a ansiedade propicia o surgimento da depress\u00e3o. Sintomas de depress\u00e3o ansiosa Como se caracteriza pela comorbidade, ou seja, a presen\u00e7a de mais de um transtorno ao mesmo tempo, o paciente pode apresentar sintomas de depress\u00e3o e tamb\u00e9m de ansiedade ao mesmo tempo. Confira os principais: altera\u00e7\u00f5es do apetite, altera\u00e7\u00f5es do sono, apatia e cansa\u00e7o, aperto no peito apreens\u00e3o e desesperan\u00e7a, del\u00edrio, descontrole dos pr\u00f3prios pensamentos, diarreia, dificuldade de concentra\u00e7\u00e3o, diminui\u00e7\u00e3o da libido, dor de barriga, nas costas ou no peito que n\u00e3o respondem a tratamentos, fala exageradamente r\u00e1pida, falta de ar, falta de concentra\u00e7\u00e3o, prazer e vontade, inquietude medo constante nervosismo, perda de mem\u00f3ria, preocupa\u00e7\u00e3o exagerada sensa\u00e7\u00e3o de que algo ruim vai acontecer, mal-estar tens\u00e3o muscular, tontura e tristeza profunda. Depress\u00e3o ansiosa tem cura?Tanto a ansiedade quanto a depress\u00e3o podem ser sanadas por meio do tratamento indicado por um psiquiatra, que costuma ser longo, em conjunto com um psic\u00f3logo. A cura pode ser tempor\u00e1ria, o que significa que os transtornos podem se manifestar novamente algum dia. Nesses casos, ser\u00e1 necess\u00e1rio retomar o tratamento e prolongar o tempo de uso da medica\u00e7\u00e3o para evitar novas crises. Tratamento para depress\u00e3o ansiosa O uso de rem\u00e9dios ansiol\u00edticos ou antidepressivos trata ambos os transtornos. A dura\u00e7\u00e3o e a posologia do tratamento \u00e9 receitada por um psiquiatra, que o far\u00e1 com base no quadro de cada paciente. O psiquiatra Ant\u00f4nio Geraldo da Silva ressalta que esse tipo de medicamento n\u00e3o vicia e nem causa depend\u00eancia. &#8220;O primeiro passo para se livrar das doen\u00e7as \u00e9 procurar tratamento. Hoje, tudo na psiquiatria \u00e9 baseado na ci\u00eancia e, portanto, n\u00e3o \u00e9 preciso ter medo de tratar. S\u00f3 \u00e9 preciso verificar a forma\u00e7\u00e3o do profissional que voc\u00ea planeja se consultar, o que pode ser feito pelo site do conselho regional de medicina ou pelo site da Associa\u00e7\u00e3o Brasileira de Psiquiatria&#8221;, ressalta. No site do Conselho Federal de Medicina tamb\u00e9m \u00e9 poss\u00edvel encontrar uma ferramenta desse tipo. Terapia A terapia com psic\u00f3logo \u00e9 de extrema import\u00e2ncia para quem sofre do transtorno ansioso depressivo, pois usa pr\u00e1ticas integradas para ajudar o paciente a encarar os problemas de forma que n\u00e3o seja t\u00e3o prejudicial para si mesmo. Tratamentos complementares A pr\u00e1tica de atividades f\u00edsicas para combater a depress\u00e3o e ansiedade tamb\u00e9m ajuda, pois estimula a libera\u00e7\u00e3o de subst\u00e2ncias relaxantes no organismo. Al\u00e9m disso, apostar em atitudes e h\u00e1bitos para controlar ansiedade, como medita\u00e7\u00e3o, exerc\u00edcios de respira\u00e7\u00e3o e alimenta\u00e7\u00e3o adequada tamb\u00e9m traz melhorias para diversos aspectos da vida. Com VIX\" \/>\n<meta property=\"og:url\" content=\"https:\/\/noticiasemdestaque.com\/cd\/?p=4068\" \/>\n<meta property=\"og:site_name\" content=\"Not&iacute;cias em Destaque\" \/>\n<meta property=\"article:published_time\" content=\"2017-09-06T11:31:48+00:00\" \/>\n<meta property=\"og:image\" content=\"https:\/\/noticiasemdestaque.com\/cd\/wp-content\/uploads\/2017\/09\/05-09-2017.234629_2.jpg\" \/>\n\t<meta property=\"og:image:width\" content=\"380\" \/>\n\t<meta property=\"og:image:height\" content=\"240\" \/>\n\t<meta property=\"og:image:type\" content=\"image\/jpeg\" \/>\n<meta name=\"author\" content=\"Not\u00edcias em Destaque\" \/>\n<meta name=\"twitter:card\" content=\"summary_large_image\" \/>\n<meta name=\"twitter:label1\" content=\"Escrito por\" \/>\n\t<meta name=\"twitter:data1\" content=\"Not\u00edcias em Destaque\" \/>\n\t<meta name=\"twitter:label2\" content=\"Est. tempo de leitura\" \/>\n\t<meta name=\"twitter:data2\" content=\"4 minutos\" \/>\n<script type=\"application\/ld+json\" class=\"yoast-schema-graph\">{\"@context\":\"https:\/\/schema.org\",\"@graph\":[{\"@type\":\"Article\",\"@id\":\"https:\/\/noticiasemdestaque.com\/cd\/?p=4068#article\",\"isPartOf\":{\"@id\":\"https:\/\/noticiasemdestaque.com\/cd\/?p=4068\"},\"author\":{\"name\":\"Not\u00edcias em Destaque\",\"@id\":\"https:\/\/noticiasemdestaque.com\/cd\/#\/schema\/person\/21320b03a7e8bb90128938dafc9b908a\"},\"headline\":\"Depress\u00e3o ansiosa: transtorno une tristeza e preocupa\u00e7\u00e3o e causa mais 22 sintomas\",\"datePublished\":\"2017-09-06T11:31:48+00:00\",\"mainEntityOfPage\":{\"@id\":\"https:\/\/noticiasemdestaque.com\/cd\/?p=4068\"},\"wordCount\":715,\"publisher\":{\"@id\":\"https:\/\/noticiasemdestaque.com\/cd\/#organization\"},\"image\":{\"@id\":\"https:\/\/noticiasemdestaque.com\/cd\/?p=4068#primaryimage\"},\"thumbnailUrl\":\"https:\/\/noticiasemdestaque.com\/cd\/wp-content\/uploads\/2017\/09\/05-09-2017.234629_2.jpg\",\"articleSection\":[\"Sa\u00fade\"],\"inLanguage\":\"pt-BR\"},{\"@type\":\"WebPage\",\"@id\":\"https:\/\/noticiasemdestaque.com\/cd\/?p=4068\",\"url\":\"https:\/\/noticiasemdestaque.com\/cd\/?p=4068\",\"name\":\"Depress\u00e3o ansiosa: transtorno une tristeza e preocupa\u00e7\u00e3o e causa mais 22 sintomas - Not&iacute;cias em Destaque\",\"isPartOf\":{\"@id\":\"https:\/\/noticiasemdestaque.com\/cd\/#website\"},\"primaryImageOfPage\":{\"@id\":\"https:\/\/noticiasemdestaque.com\/cd\/?p=4068#primaryimage\"},\"image\":{\"@id\":\"https:\/\/noticiasemdestaque.com\/cd\/?p=4068#primaryimage\"},\"thumbnailUrl\":\"https:\/\/noticiasemdestaque.com\/cd\/wp-content\/uploads\/2017\/09\/05-09-2017.234629_2.jpg\",\"datePublished\":\"2017-09-06T11:31:48+00:00\",\"breadcrumb\":{\"@id\":\"https:\/\/noticiasemdestaque.com\/cd\/?p=4068#breadcrumb\"},\"inLanguage\":\"pt-BR\",\"potentialAction\":[{\"@type\":\"ReadAction\",\"target\":[\"https:\/\/noticiasemdestaque.com\/cd\/?p=4068\"]}]},{\"@type\":\"ImageObject\",\"inLanguage\":\"pt-BR\",\"@id\":\"https:\/\/noticiasemdestaque.com\/cd\/?p=4068#primaryimage\",\"url\":\"https:\/\/noticiasemdestaque.com\/cd\/wp-content\/uploads\/2017\/09\/05-09-2017.234629_2.jpg\",\"contentUrl\":\"https:\/\/noticiasemdestaque.com\/cd\/wp-content\/uploads\/2017\/09\/05-09-2017.234629_2.jpg\",\"width\":380,\"height\":240},{\"@type\":\"BreadcrumbList\",\"@id\":\"https:\/\/noticiasemdestaque.com\/cd\/?p=4068#breadcrumb\",\"itemListElement\":[{\"@type\":\"ListItem\",\"position\":1,\"name\":\"In\u00edcio\",\"item\":\"https:\/\/noticiasemdestaque.com\/cd\/\"},{\"@type\":\"ListItem\",\"position\":2,\"name\":\"Depress\u00e3o ansiosa: transtorno une tristeza e preocupa\u00e7\u00e3o e causa mais 22 sintomas\"}]},{\"@type\":\"WebSite\",\"@id\":\"https:\/\/noticiasemdestaque.com\/cd\/#website\",\"url\":\"https:\/\/noticiasemdestaque.com\/cd\/\",\"name\":\"Not&iacute;cias em Destaque\",\"description\":\"\",\"publisher\":{\"@id\":\"https:\/\/noticiasemdestaque.com\/cd\/#organization\"},\"potentialAction\":[{\"@type\":\"SearchAction\",\"target\":{\"@type\":\"EntryPoint\",\"urlTemplate\":\"https:\/\/noticiasemdestaque.com\/cd\/?s={search_term_string}\"},\"query-input\":{\"@type\":\"PropertyValueSpecification\",\"valueRequired\":true,\"valueName\":\"search_term_string\"}}],\"inLanguage\":\"pt-BR\"},{\"@type\":\"Organization\",\"@id\":\"https:\/\/noticiasemdestaque.com\/cd\/#organization\",\"name\":\"Not\u00edcias em Destaque\",\"url\":\"https:\/\/noticiasemdestaque.com\/cd\/\",\"logo\":{\"@type\":\"ImageObject\",\"inLanguage\":\"pt-BR\",\"@id\":\"https:\/\/noticiasemdestaque.com\/cd\/#\/schema\/logo\/image\/\",\"url\":\"https:\/\/noticiasemdestaque.com\/cd\/wp-content\/uploads\/2022\/05\/imagem-base-noticiasemdestaque.png\",\"contentUrl\":\"https:\/\/noticiasemdestaque.com\/cd\/wp-content\/uploads\/2022\/05\/imagem-base-noticiasemdestaque.png\",\"width\":1200,\"height\":630,\"caption\":\"Not\u00edcias em Destaque\"},\"image\":{\"@id\":\"https:\/\/noticiasemdestaque.com\/cd\/#\/schema\/logo\/image\/\"}},{\"@type\":\"Person\",\"@id\":\"https:\/\/noticiasemdestaque.com\/cd\/#\/schema\/person\/21320b03a7e8bb90128938dafc9b908a\",\"name\":\"Not\u00edcias em Destaque\",\"url\":\"https:\/\/noticiasemdestaque.com\/cd\/?author=2\"}]}<\/script>\n<!-- \/ Yoast SEO plugin. -->","yoast_head_json":{"title":"Depress\u00e3o ansiosa: transtorno une tristeza e preocupa\u00e7\u00e3o e causa mais 22 sintomas - Not&iacute;cias em Destaque","robots":{"index":"index","follow":"follow","max-snippet":"max-snippet:-1","max-image-preview":"max-image-preview:large","max-video-preview":"max-video-preview:-1"},"canonical":"https:\/\/noticiasemdestaque.com\/cd\/?p=4068","og_locale":"pt_BR","og_type":"article","og_title":"Depress\u00e3o ansiosa: transtorno une tristeza e preocupa\u00e7\u00e3o e causa mais 22 sintomas - Not&iacute;cias em Destaque","og_description":"Transtorno depressivo ansioso \u00e9 um acometimento psiqui\u00e1trico comum que une sintomas de dois transtornos, criando um quadro de tristeza e preocupa\u00e7\u00e3o constantes. O problema \u00e9 muito limitante pois afeta o conv\u00edvio familiar, relacionamentos e trabalho, mas pode ser tratado com sucesso, de modo a recuperar a qualidade de vida do paciente. O que \u00e9 depress\u00e3o ansiosa? O transtorno misto ansioso e depressivo \u00e9 um quadro caracterizado pela presen\u00e7a de depress\u00e3o e ansiedade em uma mesma pessoa. &#8220;\u00c9 como ter diabetes e hipertens\u00e3o ao mesmo tempo&#8221;, exemplifica o psiquiatra Ant\u00f4nio Geraldo da Silva, superintendente t\u00e9cnico da Associa\u00e7\u00e3o Brasileira de Psiquiatria (ABP). &#8220;Pode ser algu\u00e9m que tem o transtorno depressivo com sintomas do transtorno de ansiedade generalizada marcantes, ou vice-versa&#8221;, ressalta. Al\u00e9m do tipo mais conhecido de ansiedade, que \u00e9 o generalizado, tamb\u00e9m podem ser desenvolvidas outros transtornos do tipo juntamente com a depress\u00e3o, como s\u00edndrome do p\u00e2nico e fobias. Causas assim como a maioria dos transtornos ps\u00edquicos, a depress\u00e3o ansiosa ainda n\u00e3o tem suas causas definidas. No entanto, acredita-se que possui base gen\u00e9tica e pode ser desencadeada por gatilhos, como morte de parentes ou pessoas queridas, desemprego, problemas financeiros e de autoestima, etc. O psiquiatra Ant\u00f4nio da Silva ressalta que o surgimento dos dois transtornos em um mesmo indiv\u00edduo pode ocorrer por dois caminhos: no primeiro, o quadro depressivo estimula o aparecimento da ansiedade. J\u00e1 no segundo, a ansiedade propicia o surgimento da depress\u00e3o. Sintomas de depress\u00e3o ansiosa Como se caracteriza pela comorbidade, ou seja, a presen\u00e7a de mais de um transtorno ao mesmo tempo, o paciente pode apresentar sintomas de depress\u00e3o e tamb\u00e9m de ansiedade ao mesmo tempo. Confira os principais: altera\u00e7\u00f5es do apetite, altera\u00e7\u00f5es do sono, apatia e cansa\u00e7o, aperto no peito apreens\u00e3o e desesperan\u00e7a, del\u00edrio, descontrole dos pr\u00f3prios pensamentos, diarreia, dificuldade de concentra\u00e7\u00e3o, diminui\u00e7\u00e3o da libido, dor de barriga, nas costas ou no peito que n\u00e3o respondem a tratamentos, fala exageradamente r\u00e1pida, falta de ar, falta de concentra\u00e7\u00e3o, prazer e vontade, inquietude medo constante nervosismo, perda de mem\u00f3ria, preocupa\u00e7\u00e3o exagerada sensa\u00e7\u00e3o de que algo ruim vai acontecer, mal-estar tens\u00e3o muscular, tontura e tristeza profunda. Depress\u00e3o ansiosa tem cura?Tanto a ansiedade quanto a depress\u00e3o podem ser sanadas por meio do tratamento indicado por um psiquiatra, que costuma ser longo, em conjunto com um psic\u00f3logo. A cura pode ser tempor\u00e1ria, o que significa que os transtornos podem se manifestar novamente algum dia. Nesses casos, ser\u00e1 necess\u00e1rio retomar o tratamento e prolongar o tempo de uso da medica\u00e7\u00e3o para evitar novas crises. Tratamento para depress\u00e3o ansiosa O uso de rem\u00e9dios ansiol\u00edticos ou antidepressivos trata ambos os transtornos. A dura\u00e7\u00e3o e a posologia do tratamento \u00e9 receitada por um psiquiatra, que o far\u00e1 com base no quadro de cada paciente. O psiquiatra Ant\u00f4nio Geraldo da Silva ressalta que esse tipo de medicamento n\u00e3o vicia e nem causa depend\u00eancia. &#8220;O primeiro passo para se livrar das doen\u00e7as \u00e9 procurar tratamento. Hoje, tudo na psiquiatria \u00e9 baseado na ci\u00eancia e, portanto, n\u00e3o \u00e9 preciso ter medo de tratar. S\u00f3 \u00e9 preciso verificar a forma\u00e7\u00e3o do profissional que voc\u00ea planeja se consultar, o que pode ser feito pelo site do conselho regional de medicina ou pelo site da Associa\u00e7\u00e3o Brasileira de Psiquiatria&#8221;, ressalta. No site do Conselho Federal de Medicina tamb\u00e9m \u00e9 poss\u00edvel encontrar uma ferramenta desse tipo. Terapia A terapia com psic\u00f3logo \u00e9 de extrema import\u00e2ncia para quem sofre do transtorno ansioso depressivo, pois usa pr\u00e1ticas integradas para ajudar o paciente a encarar os problemas de forma que n\u00e3o seja t\u00e3o prejudicial para si mesmo. Tratamentos complementares A pr\u00e1tica de atividades f\u00edsicas para combater a depress\u00e3o e ansiedade tamb\u00e9m ajuda, pois estimula a libera\u00e7\u00e3o de subst\u00e2ncias relaxantes no organismo. Al\u00e9m disso, apostar em atitudes e h\u00e1bitos para controlar ansiedade, como medita\u00e7\u00e3o, exerc\u00edcios de respira\u00e7\u00e3o e alimenta\u00e7\u00e3o adequada tamb\u00e9m traz melhorias para diversos aspectos da vida. Com VIX","og_url":"https:\/\/noticiasemdestaque.com\/cd\/?p=4068","og_site_name":"Not&iacute;cias em Destaque","article_published_time":"2017-09-06T11:31:48+00:00","og_image":[{"width":380,"height":240,"url":"https:\/\/noticiasemdestaque.com\/cd\/wp-content\/uploads\/2017\/09\/05-09-2017.234629_2.jpg","type":"image\/jpeg"}],"author":"Not\u00edcias em Destaque","twitter_card":"summary_large_image","twitter_misc":{"Escrito por":"Not\u00edcias em Destaque","Est. tempo de leitura":"4 minutos"},"schema":{"@context":"https:\/\/schema.org","@graph":[{"@type":"Article","@id":"https:\/\/noticiasemdestaque.com\/cd\/?p=4068#article","isPartOf":{"@id":"https:\/\/noticiasemdestaque.com\/cd\/?p=4068"},"author":{"name":"Not\u00edcias em Destaque","@id":"https:\/\/noticiasemdestaque.com\/cd\/#\/schema\/person\/21320b03a7e8bb90128938dafc9b908a"},"headline":"Depress\u00e3o ansiosa: transtorno une tristeza e preocupa\u00e7\u00e3o e causa mais 22 sintomas","datePublished":"2017-09-06T11:31:48+00:00","mainEntityOfPage":{"@id":"https:\/\/noticiasemdestaque.com\/cd\/?p=4068"},"wordCount":715,"publisher":{"@id":"https:\/\/noticiasemdestaque.com\/cd\/#organization"},"image":{"@id":"https:\/\/noticiasemdestaque.com\/cd\/?p=4068#primaryimage"},"thumbnailUrl":"https:\/\/noticiasemdestaque.com\/cd\/wp-content\/uploads\/2017\/09\/05-09-2017.234629_2.jpg","articleSection":["Sa\u00fade"],"inLanguage":"pt-BR"},{"@type":"WebPage","@id":"https:\/\/noticiasemdestaque.com\/cd\/?p=4068","url":"https:\/\/noticiasemdestaque.com\/cd\/?p=4068","name":"Depress\u00e3o ansiosa: transtorno une tristeza e preocupa\u00e7\u00e3o e causa mais 22 sintomas - Not&iacute;cias em Destaque","isPartOf":{"@id":"https:\/\/noticiasemdestaque.com\/cd\/#website"},"primaryImageOfPage":{"@id":"https:\/\/noticiasemdestaque.com\/cd\/?p=4068#primaryimage"},"image":{"@id":"https:\/\/noticiasemdestaque.com\/cd\/?p=4068#primaryimage"},"thumbnailUrl":"https:\/\/noticiasemdestaque.com\/cd\/wp-content\/uploads\/2017\/09\/05-09-2017.234629_2.jpg","datePublished":"2017-09-06T11:31:48+00:00","breadcrumb":{"@id":"https:\/\/noticiasemdestaque.com\/cd\/?p=4068#breadcrumb"},"inLanguage":"pt-BR","potentialAction":[{"@type":"ReadAction","target":["https:\/\/noticiasemdestaque.com\/cd\/?p=4068"]}]},{"@type":"ImageObject","inLanguage":"pt-BR","@id":"https:\/\/noticiasemdestaque.com\/cd\/?p=4068#primaryimage","url":"https:\/\/noticiasemdestaque.com\/cd\/wp-content\/uploads\/2017\/09\/05-09-2017.234629_2.jpg","contentUrl":"https:\/\/noticiasemdestaque.com\/cd\/wp-content\/uploads\/2017\/09\/05-09-2017.234629_2.jpg","width":380,"height":240},{"@type":"BreadcrumbList","@id":"https:\/\/noticiasemdestaque.com\/cd\/?p=4068#breadcrumb","itemListElement":[{"@type":"ListItem","position":1,"name":"In\u00edcio","item":"https:\/\/noticiasemdestaque.com\/cd\/"},{"@type":"ListItem","position":2,"name":"Depress\u00e3o ansiosa: transtorno une tristeza e preocupa\u00e7\u00e3o e causa mais 22 sintomas"}]},{"@type":"WebSite","@id":"https:\/\/noticiasemdestaque.com\/cd\/#website","url":"https:\/\/noticiasemdestaque.com\/cd\/","name":"Not&iacute;cias em Destaque","description":"","publisher":{"@id":"https:\/\/noticiasemdestaque.com\/cd\/#organization"},"potentialAction":[{"@type":"SearchAction","target":{"@type":"EntryPoint","urlTemplate":"https:\/\/noticiasemdestaque.com\/cd\/?s={search_term_string}"},"query-input":{"@type":"PropertyValueSpecification","valueRequired":true,"valueName":"search_term_string"}}],"inLanguage":"pt-BR"},{"@type":"Organization","@id":"https:\/\/noticiasemdestaque.com\/cd\/#organization","name":"Not\u00edcias em Destaque","url":"https:\/\/noticiasemdestaque.com\/cd\/","logo":{"@type":"ImageObject","inLanguage":"pt-BR","@id":"https:\/\/noticiasemdestaque.com\/cd\/#\/schema\/logo\/image\/","url":"https:\/\/noticiasemdestaque.com\/cd\/wp-content\/uploads\/2022\/05\/imagem-base-noticiasemdestaque.png","contentUrl":"https:\/\/noticiasemdestaque.com\/cd\/wp-content\/uploads\/2022\/05\/imagem-base-noticiasemdestaque.png","width":1200,"height":630,"caption":"Not\u00edcias em Destaque"},"image":{"@id":"https:\/\/noticiasemdestaque.com\/cd\/#\/schema\/logo\/image\/"}},{"@type":"Person","@id":"https:\/\/noticiasemdestaque.com\/cd\/#\/schema\/person\/21320b03a7e8bb90128938dafc9b908a","name":"Not\u00edcias em Destaque","url":"https:\/\/noticiasemdestaque.com\/cd\/?author=2"}]}},"jetpack_featured_media_url":"https:\/\/noticiasemdestaque.com\/cd\/wp-content\/uploads\/2017\/09\/05-09-2017.234629_2.jpg","jetpack_sharing_enabled":true,"_links":{"self":[{"href":"https:\/\/noticiasemdestaque.com\/cd\/index.php?rest_route=\/wp\/v2\/posts\/4068","targetHints":{"allow":["GET"]}}],"collection":[{"href":"https:\/\/noticiasemdestaque.com\/cd\/index.php?rest_route=\/wp\/v2\/posts"}],"about":[{"href":"https:\/\/noticiasemdestaque.com\/cd\/index.php?rest_route=\/wp\/v2\/types\/post"}],"author":[{"embeddable":true,"href":"https:\/\/noticiasemdestaque.com\/cd\/index.php?rest_route=\/wp\/v2\/users\/2"}],"replies":[{"embeddable":true,"href":"https:\/\/noticiasemdestaque.com\/cd\/index.php?rest_route=%2Fwp%2Fv2%2Fcomments&post=4068"}],"version-history":[{"count":1,"href":"https:\/\/noticiasemdestaque.com\/cd\/index.php?rest_route=\/wp\/v2\/posts\/4068\/revisions"}],"predecessor-version":[{"id":4070,"href":"https:\/\/noticiasemdestaque.com\/cd\/index.php?rest_route=\/wp\/v2\/posts\/4068\/revisions\/4070"}],"wp:featuredmedia":[{"embeddable":true,"href":"https:\/\/noticiasemdestaque.com\/cd\/index.php?rest_route=\/wp\/v2\/media\/4069"}],"wp:attachment":[{"href":"https:\/\/noticiasemdestaque.com\/cd\/index.php?rest_route=%2Fwp%2Fv2%2Fmedia&parent=4068"}],"wp:term":[{"taxonomy":"category","embeddable":true,"href":"https:\/\/noticiasemdestaque.com\/cd\/index.php?rest_route=%2Fwp%2Fv2%2Fcategories&post=4068"},{"taxonomy":"post_tag","embeddable":true,"href":"https:\/\/noticiasemdestaque.com\/cd\/index.php?rest_route=%2Fwp%2Fv2%2Ftags&post=4068"}],"curies":[{"name":"wp","href":"https:\/\/api.w.org\/{rel}","templated":true}]}}