{"id":4051,"date":"2017-09-05T16:01:11","date_gmt":"2017-09-05T19:01:11","guid":{"rendered":"http:\/\/caririemdestaque.com\/cd\/?p=4051"},"modified":"2017-09-05T16:01:36","modified_gmt":"2017-09-05T19:01:36","slug":"maranhao-evita-polemizar-declaracao-de-rc-sobre-apoio-do-pmdb-ao-candidato-do-psb-tem-total-direito","status":"publish","type":"post","link":"https:\/\/noticiasemdestaque.com\/cd\/?p=4051","title":{"rendered":"Maranh\u00e3o evita polemizar declara\u00e7\u00e3o de RC sobre apoio do PMDB ao candidato do PSB: \u201cTem total direito\u201d"},"content":{"rendered":"<p><a href=\"http:\/\/caririemdestaque.com\/cd\/wp-content\/uploads\/2017\/09\/jos\u00e9-maranh\u00e3o.jpg\"><img fetchpriority=\"high\" decoding=\"async\" class=\"wp-image-4052 size-full alignleft\" src=\"http:\/\/caririemdestaque.com\/cd\/wp-content\/uploads\/2017\/09\/jos\u00e9-maranh\u00e3o.jpg\" alt=\"\" width=\"300\" height=\"199\" \/><\/a><\/p>\n<p>\u201cContra fatos n\u00e3o h\u00e1 argumentos. N\u00e3o tenho muito o que dizer. Apenas frisar: contra fatos n\u00e3o h\u00e1 argumentos\u201d, a frase \u00e9 do senador Jos\u00e9 Maranh\u00e3o (PMDB) sobre a pesquisa realizada pelo Instituto Opini\u00e3o, de Campina Grande, na cidade de Patos, e divulgada no Blog do Gordinho, apontando o peemedebista na dianteira com 29,2% das inten\u00e7\u00f5es de voto para a disputa ao Governo do Estado em 2018.<\/p>\n<p>Maranh\u00e3o tem mais que o dobro do segundo lugar, o secret\u00e1rio Jo\u00e3o Azevedo (PSB), candidato do governador Ricardo Coutinho, que aparece com 14,0%. O prefeito de Jo\u00e3o Pessoa, Luciano Cartaxo (PSD), surge nessa pesquisa em terceiro com 12,2%.<\/p>\n<p>\u201cN\u00e3o resta duvidas que \u00e9 um fato agrad\u00e1vel e que me deixa feliz. \u00c9 bom saber que o povo da Para\u00edba ainda se recorda do trabalho que fizemos e o que muito poderemos fazer se formos convocados outra vez. N\u00e3o caio em deslumbramento, como muitos pol\u00edticos, mas fico feliz e grato e recebo com humildade respeitando a opini\u00e3o do meu estado\u201d, acrescentou.<\/p>\n<p>A respeito da declara\u00e7\u00e3o do governador Ricardo Coutinho, de que o PSB n\u00e3o trabalha com plano B para o pleito do pr\u00f3ximo ano, colocando, a princ\u00edpio, um fim nas especula\u00e7\u00f5es de uma poss\u00edvel abertura para o pr\u00f3prio PMDB, Maranh\u00e3o evitou polemizar.<\/p>\n<p>\u201cO PMDB j\u00e1 manifestou desejo de ter candidato pr\u00f3prio e eu estou \u00e0 disposi\u00e7\u00e3o, nada tenho mais a acrescentar. O governador tem total direito de indicar o candidato do seu partido\u201d, pontuou.<\/p>\n<p><strong><em>Cariri em Destaque<\/em><\/strong><\/p>\n<p>Com Blog do Gordinho<\/p>\n","protected":false},"excerpt":{"rendered":"<p>\u201cContra fatos n\u00e3o h\u00e1 argumentos. N\u00e3o tenho muito o que dizer. Apenas frisar: contra fatos n\u00e3o h\u00e1 argumentos\u201d, a frase \u00e9 do senador Jos\u00e9 Maranh\u00e3o (PMDB) sobre a pesquisa realizada pelo Instituto Opini\u00e3o, de Campina Grande, na cidade de Patos, e divulgada no Blog do Gordinho, apontando o peemedebista na dianteira com 29,2% das inten\u00e7\u00f5es de voto para a disputa ao Governo do Estado em 2018. Maranh\u00e3o tem mais que o dobro do segundo lugar, o secret\u00e1rio Jo\u00e3o Azevedo (PSB), candidato do governador Ricardo Coutinho, que aparece com 14,0%. O prefeito de Jo\u00e3o Pessoa, Luciano Cartaxo (PSD), surge nessa pesquisa em terceiro com 12,2%. \u201cN\u00e3o resta duvidas que \u00e9 um fato agrad\u00e1vel e que me deixa feliz. \u00c9 bom saber que o povo da Para\u00edba ainda se recorda do trabalho que fizemos e o que muito poderemos fazer se formos convocados outra vez. N\u00e3o caio em deslumbramento, como muitos pol\u00edticos, mas fico feliz e grato e recebo com humildade respeitando a opini\u00e3o do meu estado\u201d, acrescentou. A respeito da declara\u00e7\u00e3o do governador Ricardo Coutinho, de que o PSB n\u00e3o trabalha com plano B para o pleito do pr\u00f3ximo ano, colocando, a princ\u00edpio, um fim nas especula\u00e7\u00f5es de uma poss\u00edvel abertura para o pr\u00f3prio PMDB, Maranh\u00e3o evitou polemizar. \u201cO PMDB j\u00e1 manifestou desejo de ter candidato pr\u00f3prio e eu estou \u00e0 disposi\u00e7\u00e3o, nada tenho mais a acrescentar. O governador tem total direito de indicar o candidato do seu partido\u201d, pontuou. Cariri em Destaque Com Blog do Gordinho<\/p>\n","protected":false},"author":2,"featured_media":4052,"comment_status":"closed","ping_status":"open","sticky":false,"template":"","format":"standard","meta":{"_eb_attr":"","_jetpack_memberships_contains_paid_content":false,"footnotes":""},"categories":[4],"tags":[],"class_list":["post-4051","post","type-post","status-publish","format-standard","has-post-thumbnail","hentry","category-politica"],"yoast_head":"<!-- This site is optimized with the Yoast SEO plugin v26.5 - https:\/\/yoast.com\/wordpress\/plugins\/seo\/ -->\n<title>Maranh\u00e3o evita polemizar declara\u00e7\u00e3o de RC sobre apoio do PMDB ao candidato do PSB: \u201cTem total direito\u201d - Not&iacute;cias em Destaque<\/title>\n<meta name=\"robots\" content=\"index, follow, max-snippet:-1, max-image-preview:large, max-video-preview:-1\" \/>\n<link rel=\"canonical\" href=\"https:\/\/noticiasemdestaque.com\/cd\/?p=4051\" \/>\n<meta property=\"og:locale\" content=\"pt_BR\" \/>\n<meta property=\"og:type\" content=\"article\" \/>\n<meta property=\"og:title\" content=\"Maranh\u00e3o evita polemizar declara\u00e7\u00e3o de RC sobre apoio do PMDB ao candidato do PSB: \u201cTem total direito\u201d - Not&iacute;cias em Destaque\" \/>\n<meta property=\"og:description\" content=\"\u201cContra fatos n\u00e3o h\u00e1 argumentos. N\u00e3o tenho muito o que dizer. Apenas frisar: contra fatos n\u00e3o h\u00e1 argumentos\u201d, a frase \u00e9 do senador Jos\u00e9 Maranh\u00e3o (PMDB) sobre a pesquisa realizada pelo Instituto Opini\u00e3o, de Campina Grande, na cidade de Patos, e divulgada no Blog do Gordinho, apontando o peemedebista na dianteira com 29,2% das inten\u00e7\u00f5es de voto para a disputa ao Governo do Estado em 2018. Maranh\u00e3o tem mais que o dobro do segundo lugar, o secret\u00e1rio Jo\u00e3o Azevedo (PSB), candidato do governador Ricardo Coutinho, que aparece com 14,0%. O prefeito de Jo\u00e3o Pessoa, Luciano Cartaxo (PSD), surge nessa pesquisa em terceiro com 12,2%. \u201cN\u00e3o resta duvidas que \u00e9 um fato agrad\u00e1vel e que me deixa feliz. \u00c9 bom saber que o povo da Para\u00edba ainda se recorda do trabalho que fizemos e o que muito poderemos fazer se formos convocados outra vez. N\u00e3o caio em deslumbramento, como muitos pol\u00edticos, mas fico feliz e grato e recebo com humildade respeitando a opini\u00e3o do meu estado\u201d, acrescentou. A respeito da declara\u00e7\u00e3o do governador Ricardo Coutinho, de que o PSB n\u00e3o trabalha com plano B para o pleito do pr\u00f3ximo ano, colocando, a princ\u00edpio, um fim nas especula\u00e7\u00f5es de uma poss\u00edvel abertura para o pr\u00f3prio PMDB, Maranh\u00e3o evitou polemizar. \u201cO PMDB j\u00e1 manifestou desejo de ter candidato pr\u00f3prio e eu estou \u00e0 disposi\u00e7\u00e3o, nada tenho mais a acrescentar. O governador tem total direito de indicar o candidato do seu partido\u201d, pontuou. Cariri em Destaque Com Blog do Gordinho\" \/>\n<meta property=\"og:url\" content=\"https:\/\/noticiasemdestaque.com\/cd\/?p=4051\" \/>\n<meta property=\"og:site_name\" content=\"Not&iacute;cias em Destaque\" \/>\n<meta property=\"article:published_time\" content=\"2017-09-05T19:01:11+00:00\" \/>\n<meta property=\"article:modified_time\" content=\"2017-09-05T19:01:36+00:00\" \/>\n<meta property=\"og:image\" content=\"https:\/\/noticiasemdestaque.com\/cd\/wp-content\/uploads\/2017\/09\/jos\u00e9-maranh\u00e3o.jpg\" \/>\n\t<meta property=\"og:image:width\" content=\"300\" \/>\n\t<meta property=\"og:image:height\" content=\"199\" \/>\n\t<meta property=\"og:image:type\" content=\"image\/jpeg\" \/>\n<meta name=\"author\" content=\"Not\u00edcias em Destaque\" \/>\n<meta name=\"twitter:card\" content=\"summary_large_image\" \/>\n<meta name=\"twitter:label1\" content=\"Escrito por\" \/>\n\t<meta name=\"twitter:data1\" content=\"Not\u00edcias em Destaque\" \/>\n\t<meta name=\"twitter:label2\" content=\"Est. tempo de leitura\" \/>\n\t<meta name=\"twitter:data2\" content=\"1 minuto\" \/>\n<script type=\"application\/ld+json\" class=\"yoast-schema-graph\">{\"@context\":\"https:\/\/schema.org\",\"@graph\":[{\"@type\":\"Article\",\"@id\":\"https:\/\/noticiasemdestaque.com\/cd\/?p=4051#article\",\"isPartOf\":{\"@id\":\"https:\/\/noticiasemdestaque.com\/cd\/?p=4051\"},\"author\":{\"name\":\"Not\u00edcias em Destaque\",\"@id\":\"https:\/\/noticiasemdestaque.com\/cd\/#\/schema\/person\/21320b03a7e8bb90128938dafc9b908a\"},\"headline\":\"Maranh\u00e3o evita polemizar declara\u00e7\u00e3o de RC sobre apoio do PMDB ao candidato do PSB: \u201cTem total direito\u201d\",\"datePublished\":\"2017-09-05T19:01:11+00:00\",\"dateModified\":\"2017-09-05T19:01:36+00:00\",\"mainEntityOfPage\":{\"@id\":\"https:\/\/noticiasemdestaque.com\/cd\/?p=4051\"},\"wordCount\":283,\"publisher\":{\"@id\":\"https:\/\/noticiasemdestaque.com\/cd\/#organization\"},\"image\":{\"@id\":\"https:\/\/noticiasemdestaque.com\/cd\/?p=4051#primaryimage\"},\"thumbnailUrl\":\"https:\/\/noticiasemdestaque.com\/cd\/wp-content\/uploads\/2017\/09\/jos\u00e9-maranh\u00e3o.jpg\",\"articleSection\":[\"Pol\u00edtica\"],\"inLanguage\":\"pt-BR\"},{\"@type\":\"WebPage\",\"@id\":\"https:\/\/noticiasemdestaque.com\/cd\/?p=4051\",\"url\":\"https:\/\/noticiasemdestaque.com\/cd\/?p=4051\",\"name\":\"Maranh\u00e3o evita polemizar declara\u00e7\u00e3o de RC sobre apoio do PMDB ao candidato do PSB: \u201cTem total direito\u201d - Not&iacute;cias em Destaque\",\"isPartOf\":{\"@id\":\"https:\/\/noticiasemdestaque.com\/cd\/#website\"},\"primaryImageOfPage\":{\"@id\":\"https:\/\/noticiasemdestaque.com\/cd\/?p=4051#primaryimage\"},\"image\":{\"@id\":\"https:\/\/noticiasemdestaque.com\/cd\/?p=4051#primaryimage\"},\"thumbnailUrl\":\"https:\/\/noticiasemdestaque.com\/cd\/wp-content\/uploads\/2017\/09\/jos\u00e9-maranh\u00e3o.jpg\",\"datePublished\":\"2017-09-05T19:01:11+00:00\",\"dateModified\":\"2017-09-05T19:01:36+00:00\",\"breadcrumb\":{\"@id\":\"https:\/\/noticiasemdestaque.com\/cd\/?p=4051#breadcrumb\"},\"inLanguage\":\"pt-BR\",\"potentialAction\":[{\"@type\":\"ReadAction\",\"target\":[\"https:\/\/noticiasemdestaque.com\/cd\/?p=4051\"]}]},{\"@type\":\"ImageObject\",\"inLanguage\":\"pt-BR\",\"@id\":\"https:\/\/noticiasemdestaque.com\/cd\/?p=4051#primaryimage\",\"url\":\"https:\/\/noticiasemdestaque.com\/cd\/wp-content\/uploads\/2017\/09\/jos\u00e9-maranh\u00e3o.jpg\",\"contentUrl\":\"https:\/\/noticiasemdestaque.com\/cd\/wp-content\/uploads\/2017\/09\/jos\u00e9-maranh\u00e3o.jpg\",\"width\":300,\"height\":199,\"caption\":\"Plen\u00e1rio do Senado Federal durante sess\u00e3o deliberativa extraordin\u00e1ria. Em discurso, senador Jos\u00e9 Maranh\u00e3o (PMDB-PB). Foto: Waldemir Barreto\/Ag\u00eancia Senado\"},{\"@type\":\"BreadcrumbList\",\"@id\":\"https:\/\/noticiasemdestaque.com\/cd\/?p=4051#breadcrumb\",\"itemListElement\":[{\"@type\":\"ListItem\",\"position\":1,\"name\":\"In\u00edcio\",\"item\":\"https:\/\/noticiasemdestaque.com\/cd\/\"},{\"@type\":\"ListItem\",\"position\":2,\"name\":\"Maranh\u00e3o evita polemizar declara\u00e7\u00e3o de RC sobre apoio do PMDB ao candidato do PSB: \u201cTem total direito\u201d\"}]},{\"@type\":\"WebSite\",\"@id\":\"https:\/\/noticiasemdestaque.com\/cd\/#website\",\"url\":\"https:\/\/noticiasemdestaque.com\/cd\/\",\"name\":\"Not&iacute;cias em Destaque\",\"description\":\"\",\"publisher\":{\"@id\":\"https:\/\/noticiasemdestaque.com\/cd\/#organization\"},\"potentialAction\":[{\"@type\":\"SearchAction\",\"target\":{\"@type\":\"EntryPoint\",\"urlTemplate\":\"https:\/\/noticiasemdestaque.com\/cd\/?s={search_term_string}\"},\"query-input\":{\"@type\":\"PropertyValueSpecification\",\"valueRequired\":true,\"valueName\":\"search_term_string\"}}],\"inLanguage\":\"pt-BR\"},{\"@type\":\"Organization\",\"@id\":\"https:\/\/noticiasemdestaque.com\/cd\/#organization\",\"name\":\"Not\u00edcias em Destaque\",\"url\":\"https:\/\/noticiasemdestaque.com\/cd\/\",\"logo\":{\"@type\":\"ImageObject\",\"inLanguage\":\"pt-BR\",\"@id\":\"https:\/\/noticiasemdestaque.com\/cd\/#\/schema\/logo\/image\/\",\"url\":\"https:\/\/noticiasemdestaque.com\/cd\/wp-content\/uploads\/2022\/05\/imagem-base-noticiasemdestaque.png\",\"contentUrl\":\"https:\/\/noticiasemdestaque.com\/cd\/wp-content\/uploads\/2022\/05\/imagem-base-noticiasemdestaque.png\",\"width\":1200,\"height\":630,\"caption\":\"Not\u00edcias em Destaque\"},\"image\":{\"@id\":\"https:\/\/noticiasemdestaque.com\/cd\/#\/schema\/logo\/image\/\"}},{\"@type\":\"Person\",\"@id\":\"https:\/\/noticiasemdestaque.com\/cd\/#\/schema\/person\/21320b03a7e8bb90128938dafc9b908a\",\"name\":\"Not\u00edcias em Destaque\",\"url\":\"https:\/\/noticiasemdestaque.com\/cd\/?author=2\"}]}<\/script>\n<!-- \/ Yoast SEO plugin. -->","yoast_head_json":{"title":"Maranh\u00e3o evita polemizar declara\u00e7\u00e3o de RC sobre apoio do PMDB ao candidato do PSB: \u201cTem total direito\u201d - Not&iacute;cias em Destaque","robots":{"index":"index","follow":"follow","max-snippet":"max-snippet:-1","max-image-preview":"max-image-preview:large","max-video-preview":"max-video-preview:-1"},"canonical":"https:\/\/noticiasemdestaque.com\/cd\/?p=4051","og_locale":"pt_BR","og_type":"article","og_title":"Maranh\u00e3o evita polemizar declara\u00e7\u00e3o de RC sobre apoio do PMDB ao candidato do PSB: \u201cTem total direito\u201d - Not&iacute;cias em Destaque","og_description":"\u201cContra fatos n\u00e3o h\u00e1 argumentos. N\u00e3o tenho muito o que dizer. Apenas frisar: contra fatos n\u00e3o h\u00e1 argumentos\u201d, a frase \u00e9 do senador Jos\u00e9 Maranh\u00e3o (PMDB) sobre a pesquisa realizada pelo Instituto Opini\u00e3o, de Campina Grande, na cidade de Patos, e divulgada no Blog do Gordinho, apontando o peemedebista na dianteira com 29,2% das inten\u00e7\u00f5es de voto para a disputa ao Governo do Estado em 2018. Maranh\u00e3o tem mais que o dobro do segundo lugar, o secret\u00e1rio Jo\u00e3o Azevedo (PSB), candidato do governador Ricardo Coutinho, que aparece com 14,0%. O prefeito de Jo\u00e3o Pessoa, Luciano Cartaxo (PSD), surge nessa pesquisa em terceiro com 12,2%. \u201cN\u00e3o resta duvidas que \u00e9 um fato agrad\u00e1vel e que me deixa feliz. \u00c9 bom saber que o povo da Para\u00edba ainda se recorda do trabalho que fizemos e o que muito poderemos fazer se formos convocados outra vez. N\u00e3o caio em deslumbramento, como muitos pol\u00edticos, mas fico feliz e grato e recebo com humildade respeitando a opini\u00e3o do meu estado\u201d, acrescentou. A respeito da declara\u00e7\u00e3o do governador Ricardo Coutinho, de que o PSB n\u00e3o trabalha com plano B para o pleito do pr\u00f3ximo ano, colocando, a princ\u00edpio, um fim nas especula\u00e7\u00f5es de uma poss\u00edvel abertura para o pr\u00f3prio PMDB, Maranh\u00e3o evitou polemizar. \u201cO PMDB j\u00e1 manifestou desejo de ter candidato pr\u00f3prio e eu estou \u00e0 disposi\u00e7\u00e3o, nada tenho mais a acrescentar. O governador tem total direito de indicar o candidato do seu partido\u201d, pontuou. Cariri em Destaque Com Blog do Gordinho","og_url":"https:\/\/noticiasemdestaque.com\/cd\/?p=4051","og_site_name":"Not&iacute;cias em Destaque","article_published_time":"2017-09-05T19:01:11+00:00","article_modified_time":"2017-09-05T19:01:36+00:00","og_image":[{"width":300,"height":199,"url":"https:\/\/noticiasemdestaque.com\/cd\/wp-content\/uploads\/2017\/09\/jos\u00e9-maranh\u00e3o.jpg","type":"image\/jpeg"}],"author":"Not\u00edcias em Destaque","twitter_card":"summary_large_image","twitter_misc":{"Escrito por":"Not\u00edcias em Destaque","Est. tempo de leitura":"1 minuto"},"schema":{"@context":"https:\/\/schema.org","@graph":[{"@type":"Article","@id":"https:\/\/noticiasemdestaque.com\/cd\/?p=4051#article","isPartOf":{"@id":"https:\/\/noticiasemdestaque.com\/cd\/?p=4051"},"author":{"name":"Not\u00edcias em Destaque","@id":"https:\/\/noticiasemdestaque.com\/cd\/#\/schema\/person\/21320b03a7e8bb90128938dafc9b908a"},"headline":"Maranh\u00e3o evita polemizar declara\u00e7\u00e3o de RC sobre apoio do PMDB ao candidato do PSB: \u201cTem total direito\u201d","datePublished":"2017-09-05T19:01:11+00:00","dateModified":"2017-09-05T19:01:36+00:00","mainEntityOfPage":{"@id":"https:\/\/noticiasemdestaque.com\/cd\/?p=4051"},"wordCount":283,"publisher":{"@id":"https:\/\/noticiasemdestaque.com\/cd\/#organization"},"image":{"@id":"https:\/\/noticiasemdestaque.com\/cd\/?p=4051#primaryimage"},"thumbnailUrl":"https:\/\/noticiasemdestaque.com\/cd\/wp-content\/uploads\/2017\/09\/jos\u00e9-maranh\u00e3o.jpg","articleSection":["Pol\u00edtica"],"inLanguage":"pt-BR"},{"@type":"WebPage","@id":"https:\/\/noticiasemdestaque.com\/cd\/?p=4051","url":"https:\/\/noticiasemdestaque.com\/cd\/?p=4051","name":"Maranh\u00e3o evita polemizar declara\u00e7\u00e3o de RC sobre apoio do PMDB ao candidato do PSB: \u201cTem total direito\u201d - Not&iacute;cias em Destaque","isPartOf":{"@id":"https:\/\/noticiasemdestaque.com\/cd\/#website"},"primaryImageOfPage":{"@id":"https:\/\/noticiasemdestaque.com\/cd\/?p=4051#primaryimage"},"image":{"@id":"https:\/\/noticiasemdestaque.com\/cd\/?p=4051#primaryimage"},"thumbnailUrl":"https:\/\/noticiasemdestaque.com\/cd\/wp-content\/uploads\/2017\/09\/jos\u00e9-maranh\u00e3o.jpg","datePublished":"2017-09-05T19:01:11+00:00","dateModified":"2017-09-05T19:01:36+00:00","breadcrumb":{"@id":"https:\/\/noticiasemdestaque.com\/cd\/?p=4051#breadcrumb"},"inLanguage":"pt-BR","potentialAction":[{"@type":"ReadAction","target":["https:\/\/noticiasemdestaque.com\/cd\/?p=4051"]}]},{"@type":"ImageObject","inLanguage":"pt-BR","@id":"https:\/\/noticiasemdestaque.com\/cd\/?p=4051#primaryimage","url":"https:\/\/noticiasemdestaque.com\/cd\/wp-content\/uploads\/2017\/09\/jos\u00e9-maranh\u00e3o.jpg","contentUrl":"https:\/\/noticiasemdestaque.com\/cd\/wp-content\/uploads\/2017\/09\/jos\u00e9-maranh\u00e3o.jpg","width":300,"height":199,"caption":"Plen\u00e1rio do Senado Federal durante sess\u00e3o deliberativa extraordin\u00e1ria. Em discurso, senador Jos\u00e9 Maranh\u00e3o (PMDB-PB). Foto: Waldemir Barreto\/Ag\u00eancia Senado"},{"@type":"BreadcrumbList","@id":"https:\/\/noticiasemdestaque.com\/cd\/?p=4051#breadcrumb","itemListElement":[{"@type":"ListItem","position":1,"name":"In\u00edcio","item":"https:\/\/noticiasemdestaque.com\/cd\/"},{"@type":"ListItem","position":2,"name":"Maranh\u00e3o evita polemizar declara\u00e7\u00e3o de RC sobre apoio do PMDB ao candidato do PSB: \u201cTem total direito\u201d"}]},{"@type":"WebSite","@id":"https:\/\/noticiasemdestaque.com\/cd\/#website","url":"https:\/\/noticiasemdestaque.com\/cd\/","name":"Not&iacute;cias em Destaque","description":"","publisher":{"@id":"https:\/\/noticiasemdestaque.com\/cd\/#organization"},"potentialAction":[{"@type":"SearchAction","target":{"@type":"EntryPoint","urlTemplate":"https:\/\/noticiasemdestaque.com\/cd\/?s={search_term_string}"},"query-input":{"@type":"PropertyValueSpecification","valueRequired":true,"valueName":"search_term_string"}}],"inLanguage":"pt-BR"},{"@type":"Organization","@id":"https:\/\/noticiasemdestaque.com\/cd\/#organization","name":"Not\u00edcias em Destaque","url":"https:\/\/noticiasemdestaque.com\/cd\/","logo":{"@type":"ImageObject","inLanguage":"pt-BR","@id":"https:\/\/noticiasemdestaque.com\/cd\/#\/schema\/logo\/image\/","url":"https:\/\/noticiasemdestaque.com\/cd\/wp-content\/uploads\/2022\/05\/imagem-base-noticiasemdestaque.png","contentUrl":"https:\/\/noticiasemdestaque.com\/cd\/wp-content\/uploads\/2022\/05\/imagem-base-noticiasemdestaque.png","width":1200,"height":630,"caption":"Not\u00edcias em Destaque"},"image":{"@id":"https:\/\/noticiasemdestaque.com\/cd\/#\/schema\/logo\/image\/"}},{"@type":"Person","@id":"https:\/\/noticiasemdestaque.com\/cd\/#\/schema\/person\/21320b03a7e8bb90128938dafc9b908a","name":"Not\u00edcias em Destaque","url":"https:\/\/noticiasemdestaque.com\/cd\/?author=2"}]}},"jetpack_featured_media_url":"https:\/\/noticiasemdestaque.com\/cd\/wp-content\/uploads\/2017\/09\/jos\u00e9-maranh\u00e3o.jpg","jetpack_sharing_enabled":true,"_links":{"self":[{"href":"https:\/\/noticiasemdestaque.com\/cd\/index.php?rest_route=\/wp\/v2\/posts\/4051","targetHints":{"allow":["GET"]}}],"collection":[{"href":"https:\/\/noticiasemdestaque.com\/cd\/index.php?rest_route=\/wp\/v2\/posts"}],"about":[{"href":"https:\/\/noticiasemdestaque.com\/cd\/index.php?rest_route=\/wp\/v2\/types\/post"}],"author":[{"embeddable":true,"href":"https:\/\/noticiasemdestaque.com\/cd\/index.php?rest_route=\/wp\/v2\/users\/2"}],"replies":[{"embeddable":true,"href":"https:\/\/noticiasemdestaque.com\/cd\/index.php?rest_route=%2Fwp%2Fv2%2Fcomments&post=4051"}],"version-history":[{"count":2,"href":"https:\/\/noticiasemdestaque.com\/cd\/index.php?rest_route=\/wp\/v2\/posts\/4051\/revisions"}],"predecessor-version":[{"id":4054,"href":"https:\/\/noticiasemdestaque.com\/cd\/index.php?rest_route=\/wp\/v2\/posts\/4051\/revisions\/4054"}],"wp:featuredmedia":[{"embeddable":true,"href":"https:\/\/noticiasemdestaque.com\/cd\/index.php?rest_route=\/wp\/v2\/media\/4052"}],"wp:attachment":[{"href":"https:\/\/noticiasemdestaque.com\/cd\/index.php?rest_route=%2Fwp%2Fv2%2Fmedia&parent=4051"}],"wp:term":[{"taxonomy":"category","embeddable":true,"href":"https:\/\/noticiasemdestaque.com\/cd\/index.php?rest_route=%2Fwp%2Fv2%2Fcategories&post=4051"},{"taxonomy":"post_tag","embeddable":true,"href":"https:\/\/noticiasemdestaque.com\/cd\/index.php?rest_route=%2Fwp%2Fv2%2Ftags&post=4051"}],"curies":[{"name":"wp","href":"https:\/\/api.w.org\/{rel}","templated":true}]}}