{"id":4048,"date":"2017-09-05T15:56:19","date_gmt":"2017-09-05T18:56:19","guid":{"rendered":"http:\/\/caririemdestaque.com\/cd\/?p=4048"},"modified":"2017-09-05T15:56:19","modified_gmt":"2017-09-05T18:56:19","slug":"em-gravacao-joesley-diz-ter-provas-contra-aecio-e-um-bandidao","status":"publish","type":"post","link":"https:\/\/noticiasemdestaque.com\/cd\/?p=4048","title":{"rendered":"Em grava\u00e7\u00e3o, Joesley diz ter provas contra A\u00e9cio: &#8220;\u00c9 um bandid\u00e3o&#8221;"},"content":{"rendered":"<p><a href=\"http:\/\/caririemdestaque.com\/cd\/wp-content\/uploads\/2017\/09\/05-09-2017.182952_ajoesleyface.png\"><img fetchpriority=\"high\" decoding=\"async\" class=\"alignleft wp-image-4049 size-medium\" src=\"http:\/\/caririemdestaque.com\/cd\/wp-content\/uploads\/2017\/09\/05-09-2017.182952_ajoesleyface-300x189.png\" alt=\"\" width=\"300\" height=\"189\" srcset=\"https:\/\/noticiasemdestaque.com\/cd\/wp-content\/uploads\/2017\/09\/05-09-2017.182952_ajoesleyface-300x189.png 300w, https:\/\/noticiasemdestaque.com\/cd\/wp-content\/uploads\/2017\/09\/05-09-2017.182952_ajoesleyface.png 380w\" sizes=\"(max-width: 300px) 100vw, 300px\" \/><\/a>Em uma das grava\u00e7\u00f5es entregues \u00e0 Procuradoria-Geral da Rep\u00fablica, os delatores da JBS Joesley Batista e Ricardo Saud discutem quais autoridades deveriam ser gravadas por eles para compor o acervo do acordo de dela\u00e7\u00e3o premiada que negociavam com o Minist\u00e9rio P\u00fablico Federal.<\/p>\n<p>Al\u00e9m de acertarem grava\u00e7\u00f5es com Michel Temer e com o ex-ministro da Justi\u00e7a Eduardo Cardozo, Joesley e Saud afirmam ter informa\u00e7\u00f5es que comprometem o senador A\u00e9cio Neves (PSDB-MG), um dos articuladores principais do golpe parlamentar de 2016. &#8220;Vamos pegar o A\u00e9cio tamb\u00e9m. Ele vai ficar chateado&#8221;, diz Saud.<\/p>\n<p>Embora Joesley considere A\u00e9cio um pol\u00edtico de import\u00e2ncia menor diante de alvos como Michel Temer, o empres\u00e1rio dono da JBS se justifica: &#8220;Ele ficou pequenininho&#8230; (risos). N\u00e3o, n\u00f3s vamos, s\u00f3 porque ele \u00e9 bandid\u00e3o mesmo. Voc\u00ea sabe que esse aqui, os outros vai ficar pequenininho, pequenas causas, n\u00e3o vai precisar&#8221;.<\/p>\n<p>A\u00e9cio Neves tem contra si pedido de pris\u00e3o feito pelo procurador geral da Rep\u00fablica Rodrigo Janot, o terceiro, que est\u00e1 h\u00e1 mais de um m\u00eas nas m\u00e3os do ministro Marco Aur\u00e9lio Mello, do Supremo Tribunal Federal, para ser julgado. Janot pretende anular a decis\u00e3o do ministro Marco Aur\u00e9lio, que havia negado a pris\u00e3o do tucano, al\u00e9m de ter lhe devolvido \u00e0s atividades no Senado.<\/p>\n<p>O senador tucano \u00e9 acusado de corrup\u00e7\u00e3o passiva e obstru\u00e7\u00e3o da Justi\u00e7a; ele teria pedido e recebido R$ 2 milh\u00f5es da JBS e atuado no Senado e junto ao Executivo para embara\u00e7ar as investiga\u00e7\u00f5es da Lava Jato.<\/p>\n<p>&nbsp;<\/p>\n","protected":false},"excerpt":{"rendered":"<p>Em uma das grava\u00e7\u00f5es entregues \u00e0 Procuradoria-Geral da Rep\u00fablica, os delatores da JBS Joesley Batista e Ricardo Saud discutem quais autoridades deveriam ser gravadas por eles para compor o acervo do acordo de dela\u00e7\u00e3o premiada que negociavam com o Minist\u00e9rio P\u00fablico Federal. Al\u00e9m de acertarem grava\u00e7\u00f5es com Michel Temer e com o ex-ministro da Justi\u00e7a Eduardo Cardozo, Joesley e Saud afirmam ter informa\u00e7\u00f5es que comprometem o senador A\u00e9cio Neves (PSDB-MG), um dos articuladores principais do golpe parlamentar de 2016. &#8220;Vamos pegar o A\u00e9cio tamb\u00e9m. Ele vai ficar chateado&#8221;, diz Saud. Embora Joesley considere A\u00e9cio um pol\u00edtico de import\u00e2ncia menor diante de alvos como Michel Temer, o empres\u00e1rio dono da JBS se justifica: &#8220;Ele ficou pequenininho&#8230; (risos). N\u00e3o, n\u00f3s vamos, s\u00f3 porque ele \u00e9 bandid\u00e3o mesmo. Voc\u00ea sabe que esse aqui, os outros vai ficar pequenininho, pequenas causas, n\u00e3o vai precisar&#8221;. A\u00e9cio Neves tem contra si pedido de pris\u00e3o feito pelo procurador geral da Rep\u00fablica Rodrigo Janot, o terceiro, que est\u00e1 h\u00e1 mais de um m\u00eas nas m\u00e3os do ministro Marco Aur\u00e9lio Mello, do Supremo Tribunal Federal, para ser julgado. Janot pretende anular a decis\u00e3o do ministro Marco Aur\u00e9lio, que havia negado a pris\u00e3o do tucano, al\u00e9m de ter lhe devolvido \u00e0s atividades no Senado. O senador tucano \u00e9 acusado de corrup\u00e7\u00e3o passiva e obstru\u00e7\u00e3o da Justi\u00e7a; ele teria pedido e recebido R$ 2 milh\u00f5es da JBS e atuado no Senado e junto ao Executivo para embara\u00e7ar as investiga\u00e7\u00f5es da Lava Jato. &nbsp;<\/p>\n","protected":false},"author":2,"featured_media":4049,"comment_status":"closed","ping_status":"open","sticky":false,"template":"","format":"standard","meta":{"_eb_attr":"","_jetpack_memberships_contains_paid_content":false,"footnotes":""},"categories":[4],"tags":[],"class_list":["post-4048","post","type-post","status-publish","format-standard","has-post-thumbnail","hentry","category-politica"],"yoast_head":"<!-- This site is optimized with the Yoast SEO plugin v26.5 - https:\/\/yoast.com\/wordpress\/plugins\/seo\/ -->\n<title>Em grava\u00e7\u00e3o, Joesley diz ter provas contra A\u00e9cio: &quot;\u00c9 um bandid\u00e3o&quot; - Not&iacute;cias em Destaque<\/title>\n<meta name=\"robots\" content=\"index, follow, max-snippet:-1, max-image-preview:large, max-video-preview:-1\" \/>\n<link rel=\"canonical\" href=\"https:\/\/noticiasemdestaque.com\/cd\/?p=4048\" \/>\n<meta property=\"og:locale\" content=\"pt_BR\" \/>\n<meta property=\"og:type\" content=\"article\" \/>\n<meta property=\"og:title\" content=\"Em grava\u00e7\u00e3o, Joesley diz ter provas contra A\u00e9cio: &quot;\u00c9 um bandid\u00e3o&quot; - Not&iacute;cias em Destaque\" \/>\n<meta property=\"og:description\" content=\"Em uma das grava\u00e7\u00f5es entregues \u00e0 Procuradoria-Geral da Rep\u00fablica, os delatores da JBS Joesley Batista e Ricardo Saud discutem quais autoridades deveriam ser gravadas por eles para compor o acervo do acordo de dela\u00e7\u00e3o premiada que negociavam com o Minist\u00e9rio P\u00fablico Federal. Al\u00e9m de acertarem grava\u00e7\u00f5es com Michel Temer e com o ex-ministro da Justi\u00e7a Eduardo Cardozo, Joesley e Saud afirmam ter informa\u00e7\u00f5es que comprometem o senador A\u00e9cio Neves (PSDB-MG), um dos articuladores principais do golpe parlamentar de 2016. &#8220;Vamos pegar o A\u00e9cio tamb\u00e9m. Ele vai ficar chateado&#8221;, diz Saud. Embora Joesley considere A\u00e9cio um pol\u00edtico de import\u00e2ncia menor diante de alvos como Michel Temer, o empres\u00e1rio dono da JBS se justifica: &#8220;Ele ficou pequenininho&#8230; (risos). N\u00e3o, n\u00f3s vamos, s\u00f3 porque ele \u00e9 bandid\u00e3o mesmo. Voc\u00ea sabe que esse aqui, os outros vai ficar pequenininho, pequenas causas, n\u00e3o vai precisar&#8221;. A\u00e9cio Neves tem contra si pedido de pris\u00e3o feito pelo procurador geral da Rep\u00fablica Rodrigo Janot, o terceiro, que est\u00e1 h\u00e1 mais de um m\u00eas nas m\u00e3os do ministro Marco Aur\u00e9lio Mello, do Supremo Tribunal Federal, para ser julgado. Janot pretende anular a decis\u00e3o do ministro Marco Aur\u00e9lio, que havia negado a pris\u00e3o do tucano, al\u00e9m de ter lhe devolvido \u00e0s atividades no Senado. O senador tucano \u00e9 acusado de corrup\u00e7\u00e3o passiva e obstru\u00e7\u00e3o da Justi\u00e7a; ele teria pedido e recebido R$ 2 milh\u00f5es da JBS e atuado no Senado e junto ao Executivo para embara\u00e7ar as investiga\u00e7\u00f5es da Lava Jato. &nbsp;\" \/>\n<meta property=\"og:url\" content=\"https:\/\/noticiasemdestaque.com\/cd\/?p=4048\" \/>\n<meta property=\"og:site_name\" content=\"Not&iacute;cias em Destaque\" \/>\n<meta property=\"article:published_time\" content=\"2017-09-05T18:56:19+00:00\" \/>\n<meta property=\"og:image\" content=\"https:\/\/noticiasemdestaque.com\/cd\/wp-content\/uploads\/2017\/09\/05-09-2017.182952_ajoesleyface.png\" \/>\n\t<meta property=\"og:image:width\" content=\"380\" \/>\n\t<meta property=\"og:image:height\" content=\"240\" \/>\n\t<meta property=\"og:image:type\" content=\"image\/png\" \/>\n<meta name=\"author\" content=\"Not\u00edcias em Destaque\" \/>\n<meta name=\"twitter:card\" content=\"summary_large_image\" \/>\n<meta name=\"twitter:label1\" content=\"Escrito por\" \/>\n\t<meta name=\"twitter:data1\" content=\"Not\u00edcias em Destaque\" \/>\n\t<meta name=\"twitter:label2\" content=\"Est. tempo de leitura\" \/>\n\t<meta name=\"twitter:data2\" content=\"1 minuto\" \/>\n<script type=\"application\/ld+json\" class=\"yoast-schema-graph\">{\"@context\":\"https:\/\/schema.org\",\"@graph\":[{\"@type\":\"Article\",\"@id\":\"https:\/\/noticiasemdestaque.com\/cd\/?p=4048#article\",\"isPartOf\":{\"@id\":\"https:\/\/noticiasemdestaque.com\/cd\/?p=4048\"},\"author\":{\"name\":\"Not\u00edcias em Destaque\",\"@id\":\"https:\/\/noticiasemdestaque.com\/cd\/#\/schema\/person\/21320b03a7e8bb90128938dafc9b908a\"},\"headline\":\"Em grava\u00e7\u00e3o, Joesley diz ter provas contra A\u00e9cio: &#8220;\u00c9 um bandid\u00e3o&#8221;\",\"datePublished\":\"2017-09-05T18:56:19+00:00\",\"mainEntityOfPage\":{\"@id\":\"https:\/\/noticiasemdestaque.com\/cd\/?p=4048\"},\"wordCount\":286,\"publisher\":{\"@id\":\"https:\/\/noticiasemdestaque.com\/cd\/#organization\"},\"image\":{\"@id\":\"https:\/\/noticiasemdestaque.com\/cd\/?p=4048#primaryimage\"},\"thumbnailUrl\":\"https:\/\/noticiasemdestaque.com\/cd\/wp-content\/uploads\/2017\/09\/05-09-2017.182952_ajoesleyface.png\",\"articleSection\":[\"Pol\u00edtica\"],\"inLanguage\":\"pt-BR\"},{\"@type\":\"WebPage\",\"@id\":\"https:\/\/noticiasemdestaque.com\/cd\/?p=4048\",\"url\":\"https:\/\/noticiasemdestaque.com\/cd\/?p=4048\",\"name\":\"Em grava\u00e7\u00e3o, Joesley diz ter provas contra A\u00e9cio: \\\"\u00c9 um bandid\u00e3o\\\" - Not&iacute;cias em Destaque\",\"isPartOf\":{\"@id\":\"https:\/\/noticiasemdestaque.com\/cd\/#website\"},\"primaryImageOfPage\":{\"@id\":\"https:\/\/noticiasemdestaque.com\/cd\/?p=4048#primaryimage\"},\"image\":{\"@id\":\"https:\/\/noticiasemdestaque.com\/cd\/?p=4048#primaryimage\"},\"thumbnailUrl\":\"https:\/\/noticiasemdestaque.com\/cd\/wp-content\/uploads\/2017\/09\/05-09-2017.182952_ajoesleyface.png\",\"datePublished\":\"2017-09-05T18:56:19+00:00\",\"breadcrumb\":{\"@id\":\"https:\/\/noticiasemdestaque.com\/cd\/?p=4048#breadcrumb\"},\"inLanguage\":\"pt-BR\",\"potentialAction\":[{\"@type\":\"ReadAction\",\"target\":[\"https:\/\/noticiasemdestaque.com\/cd\/?p=4048\"]}]},{\"@type\":\"ImageObject\",\"inLanguage\":\"pt-BR\",\"@id\":\"https:\/\/noticiasemdestaque.com\/cd\/?p=4048#primaryimage\",\"url\":\"https:\/\/noticiasemdestaque.com\/cd\/wp-content\/uploads\/2017\/09\/05-09-2017.182952_ajoesleyface.png\",\"contentUrl\":\"https:\/\/noticiasemdestaque.com\/cd\/wp-content\/uploads\/2017\/09\/05-09-2017.182952_ajoesleyface.png\",\"width\":380,\"height\":240},{\"@type\":\"BreadcrumbList\",\"@id\":\"https:\/\/noticiasemdestaque.com\/cd\/?p=4048#breadcrumb\",\"itemListElement\":[{\"@type\":\"ListItem\",\"position\":1,\"name\":\"In\u00edcio\",\"item\":\"https:\/\/noticiasemdestaque.com\/cd\/\"},{\"@type\":\"ListItem\",\"position\":2,\"name\":\"Em grava\u00e7\u00e3o, Joesley diz ter provas contra A\u00e9cio: &#8220;\u00c9 um bandid\u00e3o&#8221;\"}]},{\"@type\":\"WebSite\",\"@id\":\"https:\/\/noticiasemdestaque.com\/cd\/#website\",\"url\":\"https:\/\/noticiasemdestaque.com\/cd\/\",\"name\":\"Not&iacute;cias em Destaque\",\"description\":\"\",\"publisher\":{\"@id\":\"https:\/\/noticiasemdestaque.com\/cd\/#organization\"},\"potentialAction\":[{\"@type\":\"SearchAction\",\"target\":{\"@type\":\"EntryPoint\",\"urlTemplate\":\"https:\/\/noticiasemdestaque.com\/cd\/?s={search_term_string}\"},\"query-input\":{\"@type\":\"PropertyValueSpecification\",\"valueRequired\":true,\"valueName\":\"search_term_string\"}}],\"inLanguage\":\"pt-BR\"},{\"@type\":\"Organization\",\"@id\":\"https:\/\/noticiasemdestaque.com\/cd\/#organization\",\"name\":\"Not\u00edcias em Destaque\",\"url\":\"https:\/\/noticiasemdestaque.com\/cd\/\",\"logo\":{\"@type\":\"ImageObject\",\"inLanguage\":\"pt-BR\",\"@id\":\"https:\/\/noticiasemdestaque.com\/cd\/#\/schema\/logo\/image\/\",\"url\":\"https:\/\/noticiasemdestaque.com\/cd\/wp-content\/uploads\/2022\/05\/imagem-base-noticiasemdestaque.png\",\"contentUrl\":\"https:\/\/noticiasemdestaque.com\/cd\/wp-content\/uploads\/2022\/05\/imagem-base-noticiasemdestaque.png\",\"width\":1200,\"height\":630,\"caption\":\"Not\u00edcias em Destaque\"},\"image\":{\"@id\":\"https:\/\/noticiasemdestaque.com\/cd\/#\/schema\/logo\/image\/\"}},{\"@type\":\"Person\",\"@id\":\"https:\/\/noticiasemdestaque.com\/cd\/#\/schema\/person\/21320b03a7e8bb90128938dafc9b908a\",\"name\":\"Not\u00edcias em Destaque\",\"url\":\"https:\/\/noticiasemdestaque.com\/cd\/?author=2\"}]}<\/script>\n<!-- \/ Yoast SEO plugin. -->","yoast_head_json":{"title":"Em grava\u00e7\u00e3o, Joesley diz ter provas contra A\u00e9cio: \"\u00c9 um bandid\u00e3o\" - Not&iacute;cias em Destaque","robots":{"index":"index","follow":"follow","max-snippet":"max-snippet:-1","max-image-preview":"max-image-preview:large","max-video-preview":"max-video-preview:-1"},"canonical":"https:\/\/noticiasemdestaque.com\/cd\/?p=4048","og_locale":"pt_BR","og_type":"article","og_title":"Em grava\u00e7\u00e3o, Joesley diz ter provas contra A\u00e9cio: \"\u00c9 um bandid\u00e3o\" - Not&iacute;cias em Destaque","og_description":"Em uma das grava\u00e7\u00f5es entregues \u00e0 Procuradoria-Geral da Rep\u00fablica, os delatores da JBS Joesley Batista e Ricardo Saud discutem quais autoridades deveriam ser gravadas por eles para compor o acervo do acordo de dela\u00e7\u00e3o premiada que negociavam com o Minist\u00e9rio P\u00fablico Federal. Al\u00e9m de acertarem grava\u00e7\u00f5es com Michel Temer e com o ex-ministro da Justi\u00e7a Eduardo Cardozo, Joesley e Saud afirmam ter informa\u00e7\u00f5es que comprometem o senador A\u00e9cio Neves (PSDB-MG), um dos articuladores principais do golpe parlamentar de 2016. &#8220;Vamos pegar o A\u00e9cio tamb\u00e9m. Ele vai ficar chateado&#8221;, diz Saud. Embora Joesley considere A\u00e9cio um pol\u00edtico de import\u00e2ncia menor diante de alvos como Michel Temer, o empres\u00e1rio dono da JBS se justifica: &#8220;Ele ficou pequenininho&#8230; (risos). N\u00e3o, n\u00f3s vamos, s\u00f3 porque ele \u00e9 bandid\u00e3o mesmo. Voc\u00ea sabe que esse aqui, os outros vai ficar pequenininho, pequenas causas, n\u00e3o vai precisar&#8221;. A\u00e9cio Neves tem contra si pedido de pris\u00e3o feito pelo procurador geral da Rep\u00fablica Rodrigo Janot, o terceiro, que est\u00e1 h\u00e1 mais de um m\u00eas nas m\u00e3os do ministro Marco Aur\u00e9lio Mello, do Supremo Tribunal Federal, para ser julgado. Janot pretende anular a decis\u00e3o do ministro Marco Aur\u00e9lio, que havia negado a pris\u00e3o do tucano, al\u00e9m de ter lhe devolvido \u00e0s atividades no Senado. O senador tucano \u00e9 acusado de corrup\u00e7\u00e3o passiva e obstru\u00e7\u00e3o da Justi\u00e7a; ele teria pedido e recebido R$ 2 milh\u00f5es da JBS e atuado no Senado e junto ao Executivo para embara\u00e7ar as investiga\u00e7\u00f5es da Lava Jato. &nbsp;","og_url":"https:\/\/noticiasemdestaque.com\/cd\/?p=4048","og_site_name":"Not&iacute;cias em Destaque","article_published_time":"2017-09-05T18:56:19+00:00","og_image":[{"width":380,"height":240,"url":"https:\/\/noticiasemdestaque.com\/cd\/wp-content\/uploads\/2017\/09\/05-09-2017.182952_ajoesleyface.png","type":"image\/png"}],"author":"Not\u00edcias em Destaque","twitter_card":"summary_large_image","twitter_misc":{"Escrito por":"Not\u00edcias em Destaque","Est. tempo de leitura":"1 minuto"},"schema":{"@context":"https:\/\/schema.org","@graph":[{"@type":"Article","@id":"https:\/\/noticiasemdestaque.com\/cd\/?p=4048#article","isPartOf":{"@id":"https:\/\/noticiasemdestaque.com\/cd\/?p=4048"},"author":{"name":"Not\u00edcias em Destaque","@id":"https:\/\/noticiasemdestaque.com\/cd\/#\/schema\/person\/21320b03a7e8bb90128938dafc9b908a"},"headline":"Em grava\u00e7\u00e3o, Joesley diz ter provas contra A\u00e9cio: &#8220;\u00c9 um bandid\u00e3o&#8221;","datePublished":"2017-09-05T18:56:19+00:00","mainEntityOfPage":{"@id":"https:\/\/noticiasemdestaque.com\/cd\/?p=4048"},"wordCount":286,"publisher":{"@id":"https:\/\/noticiasemdestaque.com\/cd\/#organization"},"image":{"@id":"https:\/\/noticiasemdestaque.com\/cd\/?p=4048#primaryimage"},"thumbnailUrl":"https:\/\/noticiasemdestaque.com\/cd\/wp-content\/uploads\/2017\/09\/05-09-2017.182952_ajoesleyface.png","articleSection":["Pol\u00edtica"],"inLanguage":"pt-BR"},{"@type":"WebPage","@id":"https:\/\/noticiasemdestaque.com\/cd\/?p=4048","url":"https:\/\/noticiasemdestaque.com\/cd\/?p=4048","name":"Em grava\u00e7\u00e3o, Joesley diz ter provas contra A\u00e9cio: \"\u00c9 um bandid\u00e3o\" - Not&iacute;cias em Destaque","isPartOf":{"@id":"https:\/\/noticiasemdestaque.com\/cd\/#website"},"primaryImageOfPage":{"@id":"https:\/\/noticiasemdestaque.com\/cd\/?p=4048#primaryimage"},"image":{"@id":"https:\/\/noticiasemdestaque.com\/cd\/?p=4048#primaryimage"},"thumbnailUrl":"https:\/\/noticiasemdestaque.com\/cd\/wp-content\/uploads\/2017\/09\/05-09-2017.182952_ajoesleyface.png","datePublished":"2017-09-05T18:56:19+00:00","breadcrumb":{"@id":"https:\/\/noticiasemdestaque.com\/cd\/?p=4048#breadcrumb"},"inLanguage":"pt-BR","potentialAction":[{"@type":"ReadAction","target":["https:\/\/noticiasemdestaque.com\/cd\/?p=4048"]}]},{"@type":"ImageObject","inLanguage":"pt-BR","@id":"https:\/\/noticiasemdestaque.com\/cd\/?p=4048#primaryimage","url":"https:\/\/noticiasemdestaque.com\/cd\/wp-content\/uploads\/2017\/09\/05-09-2017.182952_ajoesleyface.png","contentUrl":"https:\/\/noticiasemdestaque.com\/cd\/wp-content\/uploads\/2017\/09\/05-09-2017.182952_ajoesleyface.png","width":380,"height":240},{"@type":"BreadcrumbList","@id":"https:\/\/noticiasemdestaque.com\/cd\/?p=4048#breadcrumb","itemListElement":[{"@type":"ListItem","position":1,"name":"In\u00edcio","item":"https:\/\/noticiasemdestaque.com\/cd\/"},{"@type":"ListItem","position":2,"name":"Em grava\u00e7\u00e3o, Joesley diz ter provas contra A\u00e9cio: &#8220;\u00c9 um bandid\u00e3o&#8221;"}]},{"@type":"WebSite","@id":"https:\/\/noticiasemdestaque.com\/cd\/#website","url":"https:\/\/noticiasemdestaque.com\/cd\/","name":"Not&iacute;cias em Destaque","description":"","publisher":{"@id":"https:\/\/noticiasemdestaque.com\/cd\/#organization"},"potentialAction":[{"@type":"SearchAction","target":{"@type":"EntryPoint","urlTemplate":"https:\/\/noticiasemdestaque.com\/cd\/?s={search_term_string}"},"query-input":{"@type":"PropertyValueSpecification","valueRequired":true,"valueName":"search_term_string"}}],"inLanguage":"pt-BR"},{"@type":"Organization","@id":"https:\/\/noticiasemdestaque.com\/cd\/#organization","name":"Not\u00edcias em Destaque","url":"https:\/\/noticiasemdestaque.com\/cd\/","logo":{"@type":"ImageObject","inLanguage":"pt-BR","@id":"https:\/\/noticiasemdestaque.com\/cd\/#\/schema\/logo\/image\/","url":"https:\/\/noticiasemdestaque.com\/cd\/wp-content\/uploads\/2022\/05\/imagem-base-noticiasemdestaque.png","contentUrl":"https:\/\/noticiasemdestaque.com\/cd\/wp-content\/uploads\/2022\/05\/imagem-base-noticiasemdestaque.png","width":1200,"height":630,"caption":"Not\u00edcias em Destaque"},"image":{"@id":"https:\/\/noticiasemdestaque.com\/cd\/#\/schema\/logo\/image\/"}},{"@type":"Person","@id":"https:\/\/noticiasemdestaque.com\/cd\/#\/schema\/person\/21320b03a7e8bb90128938dafc9b908a","name":"Not\u00edcias em Destaque","url":"https:\/\/noticiasemdestaque.com\/cd\/?author=2"}]}},"jetpack_featured_media_url":"https:\/\/noticiasemdestaque.com\/cd\/wp-content\/uploads\/2017\/09\/05-09-2017.182952_ajoesleyface.png","jetpack_sharing_enabled":true,"_links":{"self":[{"href":"https:\/\/noticiasemdestaque.com\/cd\/index.php?rest_route=\/wp\/v2\/posts\/4048","targetHints":{"allow":["GET"]}}],"collection":[{"href":"https:\/\/noticiasemdestaque.com\/cd\/index.php?rest_route=\/wp\/v2\/posts"}],"about":[{"href":"https:\/\/noticiasemdestaque.com\/cd\/index.php?rest_route=\/wp\/v2\/types\/post"}],"author":[{"embeddable":true,"href":"https:\/\/noticiasemdestaque.com\/cd\/index.php?rest_route=\/wp\/v2\/users\/2"}],"replies":[{"embeddable":true,"href":"https:\/\/noticiasemdestaque.com\/cd\/index.php?rest_route=%2Fwp%2Fv2%2Fcomments&post=4048"}],"version-history":[{"count":1,"href":"https:\/\/noticiasemdestaque.com\/cd\/index.php?rest_route=\/wp\/v2\/posts\/4048\/revisions"}],"predecessor-version":[{"id":4050,"href":"https:\/\/noticiasemdestaque.com\/cd\/index.php?rest_route=\/wp\/v2\/posts\/4048\/revisions\/4050"}],"wp:featuredmedia":[{"embeddable":true,"href":"https:\/\/noticiasemdestaque.com\/cd\/index.php?rest_route=\/wp\/v2\/media\/4049"}],"wp:attachment":[{"href":"https:\/\/noticiasemdestaque.com\/cd\/index.php?rest_route=%2Fwp%2Fv2%2Fmedia&parent=4048"}],"wp:term":[{"taxonomy":"category","embeddable":true,"href":"https:\/\/noticiasemdestaque.com\/cd\/index.php?rest_route=%2Fwp%2Fv2%2Fcategories&post=4048"},{"taxonomy":"post_tag","embeddable":true,"href":"https:\/\/noticiasemdestaque.com\/cd\/index.php?rest_route=%2Fwp%2Fv2%2Ftags&post=4048"}],"curies":[{"name":"wp","href":"https:\/\/api.w.org\/{rel}","templated":true}]}}