{"id":40467,"date":"2022-06-29T15:00:23","date_gmt":"2022-06-29T18:00:23","guid":{"rendered":"https:\/\/noticiasemdestaque.com\/cd\/?p=40467"},"modified":"2022-06-29T15:00:23","modified_gmt":"2022-06-29T18:00:23","slug":"punido-dorival-junior-retorna-as-oitavas-da-copa-libertadores-apos-10-anos","status":"publish","type":"post","link":"https:\/\/noticiasemdestaque.com\/cd\/?p=40467","title":{"rendered":"Punido, Dorival J\u00fanior retorna \u00e0s oitavas da Copa Libertadores ap\u00f3s 10 anos"},"content":{"rendered":"<p><a href=\"https:\/\/noticiasemdestaque.com\/cd\/wp-content\/uploads\/2022\/06\/dorival-jr.jpeg\"><img fetchpriority=\"high\" decoding=\"async\" class=\" wp-image-40469 aligncenter\" src=\"https:\/\/noticiasemdestaque.com\/cd\/wp-content\/uploads\/2022\/06\/dorival-jr-300x199.jpeg\" alt=\"\" width=\"784\" height=\"520\" srcset=\"https:\/\/noticiasemdestaque.com\/cd\/wp-content\/uploads\/2022\/06\/dorival-jr-300x199.jpeg 300w, https:\/\/noticiasemdestaque.com\/cd\/wp-content\/uploads\/2022\/06\/dorival-jr-18x12.jpeg 18w, https:\/\/noticiasemdestaque.com\/cd\/wp-content\/uploads\/2022\/06\/dorival-jr.jpeg 578w\" sizes=\"(max-width: 784px) 100vw, 784px\" \/><\/a><\/p>\n<p>O t\u00e9cnico do Flamengo, Dorival J\u00fanior, est\u00e1 de volta \u00e0s oitavas de final da Libertadores ap\u00f3s dez anos. A \u00faltima vez que o treinador disputou esta fase da competi\u00e7\u00e3o foi no comando do Internacional, em 2012. Desde ent\u00e3o, Dorival esteve na competi\u00e7\u00e3o em outras duas ocasi\u00f5es, em 2017 e 2020, mas n\u00e3o passou da fase de grupos.<\/p>\n<p>O reencontro do treinador com as oitavas ser\u00e1 no comando do Flamengo, que vai encarar o Tolima. O primeiro duelo acontece nesta quarta-feira (29), \u00e0s 21h30, em Ibagu\u00e9, na Col\u00f4mbia, por\u00e9m sem a presen\u00e7a de Dorival \u00e0 beira do gramado.<\/p>\n<p>Isso porque a\u00a0<a href=\"https:\/\/www.sbt.com.br\/jornalismo\/sbt-sports\/noticia\/214614-dorival-e-punido-pela-conmebol-e-nao-comanda-o-flamengo-contra-o-tolima\">Comiss\u00e3o Disciplinar da Conmebol divulgou que o treinador foi suspenso por uma partida\u00a0<\/a>em raz\u00e3o de &#8220;conduta antidesportiva contra jogadores e oficiais advers\u00e1rios&#8221; no duelo diante do Independiente, quando ainda comandava o Cear\u00e1, no dia 25 de maio, pela Copa Sul-Americana. Desta maneira, o auxiliar Lucas Silvestre, filho de Dorival, \u00e9 quem estar\u00e1 \u00e0 frente do Flamengo no duelo.<\/p>\n<p>A primeira participa\u00e7\u00e3o de Dorival na Libertadores foi em 2012, quando treinou o Inter, e parou justamente nas oitavas. Naquela ocasi\u00e3o, o Colorado foi eliminado pelo Fluminense. Em 2017, o treinador retornou \u00e0 competi\u00e7\u00e3o no comando do Santos. O Peixe avan\u00e7ou ao mata-mata, mas Dorival foi demitido do comando t\u00e9cnico antes da fase ser iniciada. J\u00e1 em 2020, o treinador retornou ao torneio pelo Athletico-PR, mas fez apenas os dois primeiros jogos da fase de grupos e teve o trabalho encerrado.<\/p>\n<p>No comando do Flamengo, Dorival tem a chance de avan\u00e7ar pela primeira vez \u00e0s quartas de final do torneio. O Rubro-Negro foi finalista da competi\u00e7\u00e3o na temporada passada, mas perdeu o t\u00edtulo para o Palmeiras. Se passar do Tolima, o Clube da G\u00e1vea vai encarar o vencedor do duelo entre Corinthians e Boca Juniors.<\/p>\n<p style=\"text-align: right;\"><em>Fonte: SBT Sports<\/em><\/p>\n","protected":false},"excerpt":{"rendered":"<p>O t\u00e9cnico do Flamengo, Dorival J\u00fanior, est\u00e1 de volta \u00e0s oitavas de final da Libertadores ap\u00f3s dez anos. A \u00faltima vez que o treinador disputou esta fase da competi\u00e7\u00e3o foi no comando do Internacional, em 2012. Desde ent\u00e3o, Dorival esteve na competi\u00e7\u00e3o em outras duas ocasi\u00f5es, em 2017 e 2020, mas n\u00e3o passou da fase de grupos. O reencontro do treinador com as oitavas ser\u00e1 no comando do Flamengo, que vai encarar o Tolima. O primeiro duelo acontece nesta quarta-feira (29), \u00e0s 21h30, em Ibagu\u00e9, na Col\u00f4mbia, por\u00e9m sem a presen\u00e7a de Dorival \u00e0 beira do gramado. Isso porque a\u00a0Comiss\u00e3o Disciplinar da Conmebol divulgou que o treinador foi suspenso por uma partida\u00a0em raz\u00e3o de &#8220;conduta antidesportiva contra jogadores e oficiais advers\u00e1rios&#8221; no duelo diante do Independiente, quando ainda comandava o Cear\u00e1, no dia 25 de maio, pela Copa Sul-Americana. Desta maneira, o auxiliar Lucas Silvestre, filho de Dorival, \u00e9 quem estar\u00e1 \u00e0 frente do Flamengo no duelo. A primeira participa\u00e7\u00e3o de Dorival na Libertadores foi em 2012, quando treinou o Inter, e parou justamente nas oitavas. Naquela ocasi\u00e3o, o Colorado foi eliminado pelo Fluminense. Em 2017, o treinador retornou \u00e0 competi\u00e7\u00e3o no comando do Santos. O Peixe avan\u00e7ou ao mata-mata, mas Dorival foi demitido do comando t\u00e9cnico antes da fase ser iniciada. J\u00e1 em 2020, o treinador retornou ao torneio pelo Athletico-PR, mas fez apenas os dois primeiros jogos da fase de grupos e teve o trabalho encerrado. No comando do Flamengo, Dorival tem a chance de avan\u00e7ar pela primeira vez \u00e0s quartas de final do torneio. O Rubro-Negro foi finalista da competi\u00e7\u00e3o na temporada passada, mas perdeu o t\u00edtulo para o Palmeiras. Se passar do Tolima, o Clube da G\u00e1vea vai encarar o vencedor do duelo entre Corinthians e Boca Juniors. Fonte: SBT Sports<\/p>\n","protected":false},"author":2,"featured_media":40468,"comment_status":"closed","ping_status":"open","sticky":false,"template":"","format":"standard","meta":{"_eb_attr":"","_jetpack_memberships_contains_paid_content":false,"footnotes":""},"categories":[15],"tags":[],"class_list":["post-40467","post","type-post","status-publish","format-standard","has-post-thumbnail","hentry","category-esporte"],"yoast_head":"<!-- This site is optimized with the Yoast SEO plugin v26.5 - https:\/\/yoast.com\/wordpress\/plugins\/seo\/ -->\n<title>Punido, Dorival J\u00fanior retorna \u00e0s oitavas da Copa Libertadores ap\u00f3s 10 anos - Not&iacute;cias em Destaque<\/title>\n<meta name=\"robots\" content=\"index, follow, max-snippet:-1, max-image-preview:large, max-video-preview:-1\" \/>\n<link rel=\"canonical\" href=\"https:\/\/noticiasemdestaque.com\/cd\/?p=40467\" \/>\n<meta property=\"og:locale\" content=\"pt_BR\" \/>\n<meta property=\"og:type\" content=\"article\" \/>\n<meta property=\"og:title\" content=\"Punido, Dorival J\u00fanior retorna \u00e0s oitavas da Copa Libertadores ap\u00f3s 10 anos - Not&iacute;cias em Destaque\" \/>\n<meta property=\"og:description\" content=\"O t\u00e9cnico do Flamengo, Dorival J\u00fanior, est\u00e1 de volta \u00e0s oitavas de final da Libertadores ap\u00f3s dez anos. A \u00faltima vez que o treinador disputou esta fase da competi\u00e7\u00e3o foi no comando do Internacional, em 2012. Desde ent\u00e3o, Dorival esteve na competi\u00e7\u00e3o em outras duas ocasi\u00f5es, em 2017 e 2020, mas n\u00e3o passou da fase de grupos. O reencontro do treinador com as oitavas ser\u00e1 no comando do Flamengo, que vai encarar o Tolima. O primeiro duelo acontece nesta quarta-feira (29), \u00e0s 21h30, em Ibagu\u00e9, na Col\u00f4mbia, por\u00e9m sem a presen\u00e7a de Dorival \u00e0 beira do gramado. Isso porque a\u00a0Comiss\u00e3o Disciplinar da Conmebol divulgou que o treinador foi suspenso por uma partida\u00a0em raz\u00e3o de &#8220;conduta antidesportiva contra jogadores e oficiais advers\u00e1rios&#8221; no duelo diante do Independiente, quando ainda comandava o Cear\u00e1, no dia 25 de maio, pela Copa Sul-Americana. Desta maneira, o auxiliar Lucas Silvestre, filho de Dorival, \u00e9 quem estar\u00e1 \u00e0 frente do Flamengo no duelo. A primeira participa\u00e7\u00e3o de Dorival na Libertadores foi em 2012, quando treinou o Inter, e parou justamente nas oitavas. Naquela ocasi\u00e3o, o Colorado foi eliminado pelo Fluminense. Em 2017, o treinador retornou \u00e0 competi\u00e7\u00e3o no comando do Santos. O Peixe avan\u00e7ou ao mata-mata, mas Dorival foi demitido do comando t\u00e9cnico antes da fase ser iniciada. J\u00e1 em 2020, o treinador retornou ao torneio pelo Athletico-PR, mas fez apenas os dois primeiros jogos da fase de grupos e teve o trabalho encerrado. No comando do Flamengo, Dorival tem a chance de avan\u00e7ar pela primeira vez \u00e0s quartas de final do torneio. O Rubro-Negro foi finalista da competi\u00e7\u00e3o na temporada passada, mas perdeu o t\u00edtulo para o Palmeiras. Se passar do Tolima, o Clube da G\u00e1vea vai encarar o vencedor do duelo entre Corinthians e Boca Juniors. Fonte: SBT Sports\" \/>\n<meta property=\"og:url\" content=\"https:\/\/noticiasemdestaque.com\/cd\/?p=40467\" \/>\n<meta property=\"og:site_name\" content=\"Not&iacute;cias em Destaque\" \/>\n<meta property=\"article:published_time\" content=\"2022-06-29T18:00:23+00:00\" \/>\n<meta property=\"og:image\" content=\"https:\/\/noticiasemdestaque.com\/cd\/wp-content\/uploads\/2022\/06\/20220629102528.jpeg\" \/>\n\t<meta property=\"og:image:width\" content=\"968\" \/>\n\t<meta property=\"og:image:height\" content=\"540\" \/>\n\t<meta property=\"og:image:type\" content=\"image\/jpeg\" \/>\n<meta name=\"author\" content=\"Not\u00edcias em Destaque\" \/>\n<meta name=\"twitter:card\" content=\"summary_large_image\" \/>\n<meta name=\"twitter:label1\" content=\"Escrito por\" \/>\n\t<meta name=\"twitter:data1\" content=\"Not\u00edcias em Destaque\" \/>\n\t<meta name=\"twitter:label2\" content=\"Est. tempo de leitura\" \/>\n\t<meta name=\"twitter:data2\" content=\"2 minutos\" \/>\n<script type=\"application\/ld+json\" class=\"yoast-schema-graph\">{\"@context\":\"https:\/\/schema.org\",\"@graph\":[{\"@type\":\"Article\",\"@id\":\"https:\/\/noticiasemdestaque.com\/cd\/?p=40467#article\",\"isPartOf\":{\"@id\":\"https:\/\/noticiasemdestaque.com\/cd\/?p=40467\"},\"author\":{\"name\":\"Not\u00edcias em Destaque\",\"@id\":\"https:\/\/noticiasemdestaque.com\/cd\/#\/schema\/person\/4a81fb71f77579d059c3045891fa1786\"},\"headline\":\"Punido, Dorival J\u00fanior retorna \u00e0s oitavas da Copa Libertadores ap\u00f3s 10 anos\",\"datePublished\":\"2022-06-29T18:00:23+00:00\",\"mainEntityOfPage\":{\"@id\":\"https:\/\/noticiasemdestaque.com\/cd\/?p=40467\"},\"wordCount\":321,\"publisher\":{\"@id\":\"https:\/\/noticiasemdestaque.com\/cd\/#organization\"},\"image\":{\"@id\":\"https:\/\/noticiasemdestaque.com\/cd\/?p=40467#primaryimage\"},\"thumbnailUrl\":\"https:\/\/noticiasemdestaque.com\/cd\/wp-content\/uploads\/2022\/06\/20220629102528.jpeg\",\"articleSection\":[\"Esporte\"],\"inLanguage\":\"pt-BR\"},{\"@type\":\"WebPage\",\"@id\":\"https:\/\/noticiasemdestaque.com\/cd\/?p=40467\",\"url\":\"https:\/\/noticiasemdestaque.com\/cd\/?p=40467\",\"name\":\"Punido, Dorival J\u00fanior retorna \u00e0s oitavas da Copa Libertadores ap\u00f3s 10 anos - Not&iacute;cias em Destaque\",\"isPartOf\":{\"@id\":\"https:\/\/noticiasemdestaque.com\/cd\/#website\"},\"primaryImageOfPage\":{\"@id\":\"https:\/\/noticiasemdestaque.com\/cd\/?p=40467#primaryimage\"},\"image\":{\"@id\":\"https:\/\/noticiasemdestaque.com\/cd\/?p=40467#primaryimage\"},\"thumbnailUrl\":\"https:\/\/noticiasemdestaque.com\/cd\/wp-content\/uploads\/2022\/06\/20220629102528.jpeg\",\"datePublished\":\"2022-06-29T18:00:23+00:00\",\"breadcrumb\":{\"@id\":\"https:\/\/noticiasemdestaque.com\/cd\/?p=40467#breadcrumb\"},\"inLanguage\":\"pt-BR\",\"potentialAction\":[{\"@type\":\"ReadAction\",\"target\":[\"https:\/\/noticiasemdestaque.com\/cd\/?p=40467\"]}]},{\"@type\":\"ImageObject\",\"inLanguage\":\"pt-BR\",\"@id\":\"https:\/\/noticiasemdestaque.com\/cd\/?p=40467#primaryimage\",\"url\":\"https:\/\/noticiasemdestaque.com\/cd\/wp-content\/uploads\/2022\/06\/20220629102528.jpeg\",\"contentUrl\":\"https:\/\/noticiasemdestaque.com\/cd\/wp-content\/uploads\/2022\/06\/20220629102528.jpeg\",\"width\":968,\"height\":540},{\"@type\":\"BreadcrumbList\",\"@id\":\"https:\/\/noticiasemdestaque.com\/cd\/?p=40467#breadcrumb\",\"itemListElement\":[{\"@type\":\"ListItem\",\"position\":1,\"name\":\"In\u00edcio\",\"item\":\"https:\/\/noticiasemdestaque.com\/cd\/\"},{\"@type\":\"ListItem\",\"position\":2,\"name\":\"Punido, Dorival J\u00fanior retorna \u00e0s oitavas da Copa Libertadores ap\u00f3s 10 anos\"}]},{\"@type\":\"WebSite\",\"@id\":\"https:\/\/noticiasemdestaque.com\/cd\/#website\",\"url\":\"https:\/\/noticiasemdestaque.com\/cd\/\",\"name\":\"Not&iacute;cias em Destaque\",\"description\":\"\",\"publisher\":{\"@id\":\"https:\/\/noticiasemdestaque.com\/cd\/#organization\"},\"potentialAction\":[{\"@type\":\"SearchAction\",\"target\":{\"@type\":\"EntryPoint\",\"urlTemplate\":\"https:\/\/noticiasemdestaque.com\/cd\/?s={search_term_string}\"},\"query-input\":{\"@type\":\"PropertyValueSpecification\",\"valueRequired\":true,\"valueName\":\"search_term_string\"}}],\"inLanguage\":\"pt-BR\"},{\"@type\":\"Organization\",\"@id\":\"https:\/\/noticiasemdestaque.com\/cd\/#organization\",\"name\":\"Not\u00edcias em Destaque\",\"url\":\"https:\/\/noticiasemdestaque.com\/cd\/\",\"logo\":{\"@type\":\"ImageObject\",\"inLanguage\":\"pt-BR\",\"@id\":\"https:\/\/noticiasemdestaque.com\/cd\/#\/schema\/logo\/image\/\",\"url\":\"https:\/\/noticiasemdestaque.com\/cd\/wp-content\/uploads\/2022\/05\/imagem-base-noticiasemdestaque.png\",\"contentUrl\":\"https:\/\/noticiasemdestaque.com\/cd\/wp-content\/uploads\/2022\/05\/imagem-base-noticiasemdestaque.png\",\"width\":1200,\"height\":630,\"caption\":\"Not\u00edcias em Destaque\"},\"image\":{\"@id\":\"https:\/\/noticiasemdestaque.com\/cd\/#\/schema\/logo\/image\/\"}},{\"@type\":\"Person\",\"@id\":\"https:\/\/noticiasemdestaque.com\/cd\/#\/schema\/person\/4a81fb71f77579d059c3045891fa1786\",\"name\":\"Not\u00edcias em Destaque\",\"url\":\"https:\/\/noticiasemdestaque.com\/cd\/?author=2\"}]}<\/script>\n<!-- \/ Yoast SEO plugin. -->","yoast_head_json":{"title":"Punido, Dorival J\u00fanior retorna \u00e0s oitavas da Copa Libertadores ap\u00f3s 10 anos - Not&iacute;cias em Destaque","robots":{"index":"index","follow":"follow","max-snippet":"max-snippet:-1","max-image-preview":"max-image-preview:large","max-video-preview":"max-video-preview:-1"},"canonical":"https:\/\/noticiasemdestaque.com\/cd\/?p=40467","og_locale":"pt_BR","og_type":"article","og_title":"Punido, Dorival J\u00fanior retorna \u00e0s oitavas da Copa Libertadores ap\u00f3s 10 anos - Not&iacute;cias em Destaque","og_description":"O t\u00e9cnico do Flamengo, Dorival J\u00fanior, est\u00e1 de volta \u00e0s oitavas de final da Libertadores ap\u00f3s dez anos. A \u00faltima vez que o treinador disputou esta fase da competi\u00e7\u00e3o foi no comando do Internacional, em 2012. Desde ent\u00e3o, Dorival esteve na competi\u00e7\u00e3o em outras duas ocasi\u00f5es, em 2017 e 2020, mas n\u00e3o passou da fase de grupos. O reencontro do treinador com as oitavas ser\u00e1 no comando do Flamengo, que vai encarar o Tolima. O primeiro duelo acontece nesta quarta-feira (29), \u00e0s 21h30, em Ibagu\u00e9, na Col\u00f4mbia, por\u00e9m sem a presen\u00e7a de Dorival \u00e0 beira do gramado. Isso porque a\u00a0Comiss\u00e3o Disciplinar da Conmebol divulgou que o treinador foi suspenso por uma partida\u00a0em raz\u00e3o de &#8220;conduta antidesportiva contra jogadores e oficiais advers\u00e1rios&#8221; no duelo diante do Independiente, quando ainda comandava o Cear\u00e1, no dia 25 de maio, pela Copa Sul-Americana. Desta maneira, o auxiliar Lucas Silvestre, filho de Dorival, \u00e9 quem estar\u00e1 \u00e0 frente do Flamengo no duelo. A primeira participa\u00e7\u00e3o de Dorival na Libertadores foi em 2012, quando treinou o Inter, e parou justamente nas oitavas. Naquela ocasi\u00e3o, o Colorado foi eliminado pelo Fluminense. Em 2017, o treinador retornou \u00e0 competi\u00e7\u00e3o no comando do Santos. O Peixe avan\u00e7ou ao mata-mata, mas Dorival foi demitido do comando t\u00e9cnico antes da fase ser iniciada. J\u00e1 em 2020, o treinador retornou ao torneio pelo Athletico-PR, mas fez apenas os dois primeiros jogos da fase de grupos e teve o trabalho encerrado. No comando do Flamengo, Dorival tem a chance de avan\u00e7ar pela primeira vez \u00e0s quartas de final do torneio. O Rubro-Negro foi finalista da competi\u00e7\u00e3o na temporada passada, mas perdeu o t\u00edtulo para o Palmeiras. Se passar do Tolima, o Clube da G\u00e1vea vai encarar o vencedor do duelo entre Corinthians e Boca Juniors. Fonte: SBT Sports","og_url":"https:\/\/noticiasemdestaque.com\/cd\/?p=40467","og_site_name":"Not&iacute;cias em Destaque","article_published_time":"2022-06-29T18:00:23+00:00","og_image":[{"width":968,"height":540,"url":"https:\/\/noticiasemdestaque.com\/cd\/wp-content\/uploads\/2022\/06\/20220629102528.jpeg","type":"image\/jpeg"}],"author":"Not\u00edcias em Destaque","twitter_card":"summary_large_image","twitter_misc":{"Escrito por":"Not\u00edcias em Destaque","Est. tempo de leitura":"2 minutos"},"schema":{"@context":"https:\/\/schema.org","@graph":[{"@type":"Article","@id":"https:\/\/noticiasemdestaque.com\/cd\/?p=40467#article","isPartOf":{"@id":"https:\/\/noticiasemdestaque.com\/cd\/?p=40467"},"author":{"name":"Not\u00edcias em Destaque","@id":"https:\/\/noticiasemdestaque.com\/cd\/#\/schema\/person\/4a81fb71f77579d059c3045891fa1786"},"headline":"Punido, Dorival J\u00fanior retorna \u00e0s oitavas da Copa Libertadores ap\u00f3s 10 anos","datePublished":"2022-06-29T18:00:23+00:00","mainEntityOfPage":{"@id":"https:\/\/noticiasemdestaque.com\/cd\/?p=40467"},"wordCount":321,"publisher":{"@id":"https:\/\/noticiasemdestaque.com\/cd\/#organization"},"image":{"@id":"https:\/\/noticiasemdestaque.com\/cd\/?p=40467#primaryimage"},"thumbnailUrl":"https:\/\/noticiasemdestaque.com\/cd\/wp-content\/uploads\/2022\/06\/20220629102528.jpeg","articleSection":["Esporte"],"inLanguage":"pt-BR"},{"@type":"WebPage","@id":"https:\/\/noticiasemdestaque.com\/cd\/?p=40467","url":"https:\/\/noticiasemdestaque.com\/cd\/?p=40467","name":"Punido, Dorival J\u00fanior retorna \u00e0s oitavas da Copa Libertadores ap\u00f3s 10 anos - Not&iacute;cias em Destaque","isPartOf":{"@id":"https:\/\/noticiasemdestaque.com\/cd\/#website"},"primaryImageOfPage":{"@id":"https:\/\/noticiasemdestaque.com\/cd\/?p=40467#primaryimage"},"image":{"@id":"https:\/\/noticiasemdestaque.com\/cd\/?p=40467#primaryimage"},"thumbnailUrl":"https:\/\/noticiasemdestaque.com\/cd\/wp-content\/uploads\/2022\/06\/20220629102528.jpeg","datePublished":"2022-06-29T18:00:23+00:00","breadcrumb":{"@id":"https:\/\/noticiasemdestaque.com\/cd\/?p=40467#breadcrumb"},"inLanguage":"pt-BR","potentialAction":[{"@type":"ReadAction","target":["https:\/\/noticiasemdestaque.com\/cd\/?p=40467"]}]},{"@type":"ImageObject","inLanguage":"pt-BR","@id":"https:\/\/noticiasemdestaque.com\/cd\/?p=40467#primaryimage","url":"https:\/\/noticiasemdestaque.com\/cd\/wp-content\/uploads\/2022\/06\/20220629102528.jpeg","contentUrl":"https:\/\/noticiasemdestaque.com\/cd\/wp-content\/uploads\/2022\/06\/20220629102528.jpeg","width":968,"height":540},{"@type":"BreadcrumbList","@id":"https:\/\/noticiasemdestaque.com\/cd\/?p=40467#breadcrumb","itemListElement":[{"@type":"ListItem","position":1,"name":"In\u00edcio","item":"https:\/\/noticiasemdestaque.com\/cd\/"},{"@type":"ListItem","position":2,"name":"Punido, Dorival J\u00fanior retorna \u00e0s oitavas da Copa Libertadores ap\u00f3s 10 anos"}]},{"@type":"WebSite","@id":"https:\/\/noticiasemdestaque.com\/cd\/#website","url":"https:\/\/noticiasemdestaque.com\/cd\/","name":"Not&iacute;cias em Destaque","description":"","publisher":{"@id":"https:\/\/noticiasemdestaque.com\/cd\/#organization"},"potentialAction":[{"@type":"SearchAction","target":{"@type":"EntryPoint","urlTemplate":"https:\/\/noticiasemdestaque.com\/cd\/?s={search_term_string}"},"query-input":{"@type":"PropertyValueSpecification","valueRequired":true,"valueName":"search_term_string"}}],"inLanguage":"pt-BR"},{"@type":"Organization","@id":"https:\/\/noticiasemdestaque.com\/cd\/#organization","name":"Not\u00edcias em Destaque","url":"https:\/\/noticiasemdestaque.com\/cd\/","logo":{"@type":"ImageObject","inLanguage":"pt-BR","@id":"https:\/\/noticiasemdestaque.com\/cd\/#\/schema\/logo\/image\/","url":"https:\/\/noticiasemdestaque.com\/cd\/wp-content\/uploads\/2022\/05\/imagem-base-noticiasemdestaque.png","contentUrl":"https:\/\/noticiasemdestaque.com\/cd\/wp-content\/uploads\/2022\/05\/imagem-base-noticiasemdestaque.png","width":1200,"height":630,"caption":"Not\u00edcias em Destaque"},"image":{"@id":"https:\/\/noticiasemdestaque.com\/cd\/#\/schema\/logo\/image\/"}},{"@type":"Person","@id":"https:\/\/noticiasemdestaque.com\/cd\/#\/schema\/person\/4a81fb71f77579d059c3045891fa1786","name":"Not\u00edcias em Destaque","url":"https:\/\/noticiasemdestaque.com\/cd\/?author=2"}]}},"jetpack_featured_media_url":"https:\/\/noticiasemdestaque.com\/cd\/wp-content\/uploads\/2022\/06\/20220629102528.jpeg","jetpack_sharing_enabled":true,"_links":{"self":[{"href":"https:\/\/noticiasemdestaque.com\/cd\/index.php?rest_route=\/wp\/v2\/posts\/40467","targetHints":{"allow":["GET"]}}],"collection":[{"href":"https:\/\/noticiasemdestaque.com\/cd\/index.php?rest_route=\/wp\/v2\/posts"}],"about":[{"href":"https:\/\/noticiasemdestaque.com\/cd\/index.php?rest_route=\/wp\/v2\/types\/post"}],"author":[{"embeddable":true,"href":"https:\/\/noticiasemdestaque.com\/cd\/index.php?rest_route=\/wp\/v2\/users\/2"}],"replies":[{"embeddable":true,"href":"https:\/\/noticiasemdestaque.com\/cd\/index.php?rest_route=%2Fwp%2Fv2%2Fcomments&post=40467"}],"version-history":[{"count":1,"href":"https:\/\/noticiasemdestaque.com\/cd\/index.php?rest_route=\/wp\/v2\/posts\/40467\/revisions"}],"predecessor-version":[{"id":40470,"href":"https:\/\/noticiasemdestaque.com\/cd\/index.php?rest_route=\/wp\/v2\/posts\/40467\/revisions\/40470"}],"wp:featuredmedia":[{"embeddable":true,"href":"https:\/\/noticiasemdestaque.com\/cd\/index.php?rest_route=\/wp\/v2\/media\/40468"}],"wp:attachment":[{"href":"https:\/\/noticiasemdestaque.com\/cd\/index.php?rest_route=%2Fwp%2Fv2%2Fmedia&parent=40467"}],"wp:term":[{"taxonomy":"category","embeddable":true,"href":"https:\/\/noticiasemdestaque.com\/cd\/index.php?rest_route=%2Fwp%2Fv2%2Fcategories&post=40467"},{"taxonomy":"post_tag","embeddable":true,"href":"https:\/\/noticiasemdestaque.com\/cd\/index.php?rest_route=%2Fwp%2Fv2%2Ftags&post=40467"}],"curies":[{"name":"wp","href":"https:\/\/api.w.org\/{rel}","templated":true}]}}