{"id":40464,"date":"2022-06-29T09:56:09","date_gmt":"2022-06-29T12:56:09","guid":{"rendered":"https:\/\/noticiasemdestaque.com\/cd\/?p=40464"},"modified":"2022-06-29T09:56:09","modified_gmt":"2022-06-29T12:56:09","slug":"prefeita-anna-lorena-anuncia-pagamento-de-salario-de-junho-e-primeira-parcela-do-13","status":"publish","type":"post","link":"https:\/\/noticiasemdestaque.com\/cd\/?p=40464","title":{"rendered":"Prefeita Anna Lorena anuncia pagamento de sal\u00e1rio de junho e primeira parcela do 13\u00b0"},"content":{"rendered":"<p>A Prefeitura Municipal de Monteiro, atrav\u00e9s da Secretaria de Finan\u00e7as, confirmou a libera\u00e7\u00e3o dos recursos destinados ao pagamento dos sal\u00e1rios dos servidores municipais referente ao m\u00eas de junho.<\/p>\n<p>Neste m\u00eas, a folha de pagamento, de acordo com a secret\u00e1ria de Finan\u00e7as, Rosilda Henrique, se inicia nesta quarta-feira, 29, com o cr\u00e9dito para inativos, pensionistas, Montran e Cendov, al\u00e9m da Secretaria de Educa\u00e7\u00e3o e Desenvolvimento Social.<\/p>\n<p>J\u00e1 na quinta-feira, 30, ser\u00e3o pagos os vencimentos dos funcion\u00e1rios lotados na Sa\u00fade e demais secretarias.<\/p>\n<p>Na manh\u00e3 desta ter\u00e7a-feira, 28, a prefeita Anna Lorena anunciou que a primeira parcela do d\u00e9cimo terceiro sal\u00e1rio ser\u00e1 pago dia 15 de julho.<\/p>\n<p>A secret\u00e1ria Rosilda Henrique ainda informa que os aplicativos do banco est\u00e3o dispon\u00edveis para atendimentos como transfer\u00eancias e pagamentos, fornecendo maior comodidade \u00e0queles que n\u00e3o querem enfrentar filas na ag\u00eancia.<\/p>\n<p style=\"text-align: right;\"><em>Fonte: Vitrine do Cariri<\/em><\/p>\n","protected":false},"excerpt":{"rendered":"<p>A Prefeitura Municipal de Monteiro, atrav\u00e9s da Secretaria de Finan\u00e7as, confirmou a libera\u00e7\u00e3o dos recursos destinados ao pagamento dos sal\u00e1rios dos servidores municipais referente ao m\u00eas de junho. Neste m\u00eas, a folha de pagamento, de acordo com a secret\u00e1ria de Finan\u00e7as, Rosilda Henrique, se inicia nesta quarta-feira, 29, com o cr\u00e9dito para inativos, pensionistas, Montran e Cendov, al\u00e9m da Secretaria de Educa\u00e7\u00e3o e Desenvolvimento Social. J\u00e1 na quinta-feira, 30, ser\u00e3o pagos os vencimentos dos funcion\u00e1rios lotados na Sa\u00fade e demais secretarias. Na manh\u00e3 desta ter\u00e7a-feira, 28, a prefeita Anna Lorena anunciou que a primeira parcela do d\u00e9cimo terceiro sal\u00e1rio ser\u00e1 pago dia 15 de julho. A secret\u00e1ria Rosilda Henrique ainda informa que os aplicativos do banco est\u00e3o dispon\u00edveis para atendimentos como transfer\u00eancias e pagamentos, fornecendo maior comodidade \u00e0queles que n\u00e3o querem enfrentar filas na ag\u00eancia. Fonte: Vitrine do Cariri<\/p>\n","protected":false},"author":2,"featured_media":40465,"comment_status":"closed","ping_status":"open","sticky":false,"template":"","format":"standard","meta":{"_eb_attr":"","_jetpack_memberships_contains_paid_content":false,"footnotes":""},"categories":[3],"tags":[],"class_list":["post-40464","post","type-post","status-publish","format-standard","has-post-thumbnail","hentry","category-cidades"],"yoast_head":"<!-- This site is optimized with the Yoast SEO plugin v26.5 - https:\/\/yoast.com\/wordpress\/plugins\/seo\/ -->\n<title>Prefeita Anna Lorena anuncia pagamento de sal\u00e1rio de junho e primeira parcela do 13\u00b0 - Not&iacute;cias em Destaque<\/title>\n<meta name=\"robots\" content=\"index, follow, max-snippet:-1, max-image-preview:large, max-video-preview:-1\" \/>\n<link rel=\"canonical\" href=\"https:\/\/noticiasemdestaque.com\/cd\/?p=40464\" \/>\n<meta property=\"og:locale\" content=\"pt_BR\" \/>\n<meta property=\"og:type\" content=\"article\" \/>\n<meta property=\"og:title\" content=\"Prefeita Anna Lorena anuncia pagamento de sal\u00e1rio de junho e primeira parcela do 13\u00b0 - Not&iacute;cias em Destaque\" \/>\n<meta property=\"og:description\" content=\"A Prefeitura Municipal de Monteiro, atrav\u00e9s da Secretaria de Finan\u00e7as, confirmou a libera\u00e7\u00e3o dos recursos destinados ao pagamento dos sal\u00e1rios dos servidores municipais referente ao m\u00eas de junho. Neste m\u00eas, a folha de pagamento, de acordo com a secret\u00e1ria de Finan\u00e7as, Rosilda Henrique, se inicia nesta quarta-feira, 29, com o cr\u00e9dito para inativos, pensionistas, Montran e Cendov, al\u00e9m da Secretaria de Educa\u00e7\u00e3o e Desenvolvimento Social. J\u00e1 na quinta-feira, 30, ser\u00e3o pagos os vencimentos dos funcion\u00e1rios lotados na Sa\u00fade e demais secretarias. Na manh\u00e3 desta ter\u00e7a-feira, 28, a prefeita Anna Lorena anunciou que a primeira parcela do d\u00e9cimo terceiro sal\u00e1rio ser\u00e1 pago dia 15 de julho. A secret\u00e1ria Rosilda Henrique ainda informa que os aplicativos do banco est\u00e3o dispon\u00edveis para atendimentos como transfer\u00eancias e pagamentos, fornecendo maior comodidade \u00e0queles que n\u00e3o querem enfrentar filas na ag\u00eancia. Fonte: Vitrine do Cariri\" \/>\n<meta property=\"og:url\" content=\"https:\/\/noticiasemdestaque.com\/cd\/?p=40464\" \/>\n<meta property=\"og:site_name\" content=\"Not&iacute;cias em Destaque\" \/>\n<meta property=\"article:published_time\" content=\"2022-06-29T12:56:09+00:00\" \/>\n<meta property=\"og:image\" content=\"https:\/\/noticiasemdestaque.com\/cd\/wp-content\/uploads\/2022\/06\/salario-6.webp\" \/>\n\t<meta property=\"og:image:width\" content=\"960\" \/>\n\t<meta property=\"og:image:height\" content=\"640\" \/>\n\t<meta property=\"og:image:type\" content=\"image\/webp\" \/>\n<meta name=\"author\" content=\"Not\u00edcias em Destaque\" \/>\n<meta name=\"twitter:card\" content=\"summary_large_image\" \/>\n<meta name=\"twitter:label1\" content=\"Escrito por\" \/>\n\t<meta name=\"twitter:data1\" content=\"Not\u00edcias em Destaque\" \/>\n\t<meta name=\"twitter:label2\" content=\"Est. tempo de leitura\" \/>\n\t<meta name=\"twitter:data2\" content=\"1 minuto\" \/>\n<script type=\"application\/ld+json\" class=\"yoast-schema-graph\">{\"@context\":\"https:\/\/schema.org\",\"@graph\":[{\"@type\":\"Article\",\"@id\":\"https:\/\/noticiasemdestaque.com\/cd\/?p=40464#article\",\"isPartOf\":{\"@id\":\"https:\/\/noticiasemdestaque.com\/cd\/?p=40464\"},\"author\":{\"name\":\"Not\u00edcias em Destaque\",\"@id\":\"https:\/\/noticiasemdestaque.com\/cd\/#\/schema\/person\/4a81fb71f77579d059c3045891fa1786\"},\"headline\":\"Prefeita Anna Lorena anuncia pagamento de sal\u00e1rio de junho e primeira parcela do 13\u00b0\",\"datePublished\":\"2022-06-29T12:56:09+00:00\",\"mainEntityOfPage\":{\"@id\":\"https:\/\/noticiasemdestaque.com\/cd\/?p=40464\"},\"wordCount\":172,\"publisher\":{\"@id\":\"https:\/\/noticiasemdestaque.com\/cd\/#organization\"},\"image\":{\"@id\":\"https:\/\/noticiasemdestaque.com\/cd\/?p=40464#primaryimage\"},\"thumbnailUrl\":\"https:\/\/noticiasemdestaque.com\/cd\/wp-content\/uploads\/2022\/06\/salario-6.webp\",\"articleSection\":[\"Cidades\"],\"inLanguage\":\"pt-BR\"},{\"@type\":\"WebPage\",\"@id\":\"https:\/\/noticiasemdestaque.com\/cd\/?p=40464\",\"url\":\"https:\/\/noticiasemdestaque.com\/cd\/?p=40464\",\"name\":\"Prefeita Anna Lorena anuncia pagamento de sal\u00e1rio de junho e primeira parcela do 13\u00b0 - Not&iacute;cias em Destaque\",\"isPartOf\":{\"@id\":\"https:\/\/noticiasemdestaque.com\/cd\/#website\"},\"primaryImageOfPage\":{\"@id\":\"https:\/\/noticiasemdestaque.com\/cd\/?p=40464#primaryimage\"},\"image\":{\"@id\":\"https:\/\/noticiasemdestaque.com\/cd\/?p=40464#primaryimage\"},\"thumbnailUrl\":\"https:\/\/noticiasemdestaque.com\/cd\/wp-content\/uploads\/2022\/06\/salario-6.webp\",\"datePublished\":\"2022-06-29T12:56:09+00:00\",\"breadcrumb\":{\"@id\":\"https:\/\/noticiasemdestaque.com\/cd\/?p=40464#breadcrumb\"},\"inLanguage\":\"pt-BR\",\"potentialAction\":[{\"@type\":\"ReadAction\",\"target\":[\"https:\/\/noticiasemdestaque.com\/cd\/?p=40464\"]}]},{\"@type\":\"ImageObject\",\"inLanguage\":\"pt-BR\",\"@id\":\"https:\/\/noticiasemdestaque.com\/cd\/?p=40464#primaryimage\",\"url\":\"https:\/\/noticiasemdestaque.com\/cd\/wp-content\/uploads\/2022\/06\/salario-6.webp\",\"contentUrl\":\"https:\/\/noticiasemdestaque.com\/cd\/wp-content\/uploads\/2022\/06\/salario-6.webp\",\"width\":960,\"height\":640},{\"@type\":\"BreadcrumbList\",\"@id\":\"https:\/\/noticiasemdestaque.com\/cd\/?p=40464#breadcrumb\",\"itemListElement\":[{\"@type\":\"ListItem\",\"position\":1,\"name\":\"In\u00edcio\",\"item\":\"https:\/\/noticiasemdestaque.com\/cd\/\"},{\"@type\":\"ListItem\",\"position\":2,\"name\":\"Prefeita Anna Lorena anuncia pagamento de sal\u00e1rio de junho e primeira parcela do 13\u00b0\"}]},{\"@type\":\"WebSite\",\"@id\":\"https:\/\/noticiasemdestaque.com\/cd\/#website\",\"url\":\"https:\/\/noticiasemdestaque.com\/cd\/\",\"name\":\"Not&iacute;cias em Destaque\",\"description\":\"\",\"publisher\":{\"@id\":\"https:\/\/noticiasemdestaque.com\/cd\/#organization\"},\"potentialAction\":[{\"@type\":\"SearchAction\",\"target\":{\"@type\":\"EntryPoint\",\"urlTemplate\":\"https:\/\/noticiasemdestaque.com\/cd\/?s={search_term_string}\"},\"query-input\":{\"@type\":\"PropertyValueSpecification\",\"valueRequired\":true,\"valueName\":\"search_term_string\"}}],\"inLanguage\":\"pt-BR\"},{\"@type\":\"Organization\",\"@id\":\"https:\/\/noticiasemdestaque.com\/cd\/#organization\",\"name\":\"Not\u00edcias em Destaque\",\"url\":\"https:\/\/noticiasemdestaque.com\/cd\/\",\"logo\":{\"@type\":\"ImageObject\",\"inLanguage\":\"pt-BR\",\"@id\":\"https:\/\/noticiasemdestaque.com\/cd\/#\/schema\/logo\/image\/\",\"url\":\"https:\/\/noticiasemdestaque.com\/cd\/wp-content\/uploads\/2022\/05\/imagem-base-noticiasemdestaque.png\",\"contentUrl\":\"https:\/\/noticiasemdestaque.com\/cd\/wp-content\/uploads\/2022\/05\/imagem-base-noticiasemdestaque.png\",\"width\":1200,\"height\":630,\"caption\":\"Not\u00edcias em Destaque\"},\"image\":{\"@id\":\"https:\/\/noticiasemdestaque.com\/cd\/#\/schema\/logo\/image\/\"}},{\"@type\":\"Person\",\"@id\":\"https:\/\/noticiasemdestaque.com\/cd\/#\/schema\/person\/4a81fb71f77579d059c3045891fa1786\",\"name\":\"Not\u00edcias em Destaque\",\"url\":\"https:\/\/noticiasemdestaque.com\/cd\/?author=2\"}]}<\/script>\n<!-- \/ Yoast SEO plugin. -->","yoast_head_json":{"title":"Prefeita Anna Lorena anuncia pagamento de sal\u00e1rio de junho e primeira parcela do 13\u00b0 - Not&iacute;cias em Destaque","robots":{"index":"index","follow":"follow","max-snippet":"max-snippet:-1","max-image-preview":"max-image-preview:large","max-video-preview":"max-video-preview:-1"},"canonical":"https:\/\/noticiasemdestaque.com\/cd\/?p=40464","og_locale":"pt_BR","og_type":"article","og_title":"Prefeita Anna Lorena anuncia pagamento de sal\u00e1rio de junho e primeira parcela do 13\u00b0 - Not&iacute;cias em Destaque","og_description":"A Prefeitura Municipal de Monteiro, atrav\u00e9s da Secretaria de Finan\u00e7as, confirmou a libera\u00e7\u00e3o dos recursos destinados ao pagamento dos sal\u00e1rios dos servidores municipais referente ao m\u00eas de junho. Neste m\u00eas, a folha de pagamento, de acordo com a secret\u00e1ria de Finan\u00e7as, Rosilda Henrique, se inicia nesta quarta-feira, 29, com o cr\u00e9dito para inativos, pensionistas, Montran e Cendov, al\u00e9m da Secretaria de Educa\u00e7\u00e3o e Desenvolvimento Social. J\u00e1 na quinta-feira, 30, ser\u00e3o pagos os vencimentos dos funcion\u00e1rios lotados na Sa\u00fade e demais secretarias. Na manh\u00e3 desta ter\u00e7a-feira, 28, a prefeita Anna Lorena anunciou que a primeira parcela do d\u00e9cimo terceiro sal\u00e1rio ser\u00e1 pago dia 15 de julho. A secret\u00e1ria Rosilda Henrique ainda informa que os aplicativos do banco est\u00e3o dispon\u00edveis para atendimentos como transfer\u00eancias e pagamentos, fornecendo maior comodidade \u00e0queles que n\u00e3o querem enfrentar filas na ag\u00eancia. Fonte: Vitrine do Cariri","og_url":"https:\/\/noticiasemdestaque.com\/cd\/?p=40464","og_site_name":"Not&iacute;cias em Destaque","article_published_time":"2022-06-29T12:56:09+00:00","og_image":[{"width":960,"height":640,"url":"https:\/\/noticiasemdestaque.com\/cd\/wp-content\/uploads\/2022\/06\/salario-6.webp","type":"image\/webp"}],"author":"Not\u00edcias em Destaque","twitter_card":"summary_large_image","twitter_misc":{"Escrito por":"Not\u00edcias em Destaque","Est. tempo de leitura":"1 minuto"},"schema":{"@context":"https:\/\/schema.org","@graph":[{"@type":"Article","@id":"https:\/\/noticiasemdestaque.com\/cd\/?p=40464#article","isPartOf":{"@id":"https:\/\/noticiasemdestaque.com\/cd\/?p=40464"},"author":{"name":"Not\u00edcias em Destaque","@id":"https:\/\/noticiasemdestaque.com\/cd\/#\/schema\/person\/4a81fb71f77579d059c3045891fa1786"},"headline":"Prefeita Anna Lorena anuncia pagamento de sal\u00e1rio de junho e primeira parcela do 13\u00b0","datePublished":"2022-06-29T12:56:09+00:00","mainEntityOfPage":{"@id":"https:\/\/noticiasemdestaque.com\/cd\/?p=40464"},"wordCount":172,"publisher":{"@id":"https:\/\/noticiasemdestaque.com\/cd\/#organization"},"image":{"@id":"https:\/\/noticiasemdestaque.com\/cd\/?p=40464#primaryimage"},"thumbnailUrl":"https:\/\/noticiasemdestaque.com\/cd\/wp-content\/uploads\/2022\/06\/salario-6.webp","articleSection":["Cidades"],"inLanguage":"pt-BR"},{"@type":"WebPage","@id":"https:\/\/noticiasemdestaque.com\/cd\/?p=40464","url":"https:\/\/noticiasemdestaque.com\/cd\/?p=40464","name":"Prefeita Anna Lorena anuncia pagamento de sal\u00e1rio de junho e primeira parcela do 13\u00b0 - Not&iacute;cias em Destaque","isPartOf":{"@id":"https:\/\/noticiasemdestaque.com\/cd\/#website"},"primaryImageOfPage":{"@id":"https:\/\/noticiasemdestaque.com\/cd\/?p=40464#primaryimage"},"image":{"@id":"https:\/\/noticiasemdestaque.com\/cd\/?p=40464#primaryimage"},"thumbnailUrl":"https:\/\/noticiasemdestaque.com\/cd\/wp-content\/uploads\/2022\/06\/salario-6.webp","datePublished":"2022-06-29T12:56:09+00:00","breadcrumb":{"@id":"https:\/\/noticiasemdestaque.com\/cd\/?p=40464#breadcrumb"},"inLanguage":"pt-BR","potentialAction":[{"@type":"ReadAction","target":["https:\/\/noticiasemdestaque.com\/cd\/?p=40464"]}]},{"@type":"ImageObject","inLanguage":"pt-BR","@id":"https:\/\/noticiasemdestaque.com\/cd\/?p=40464#primaryimage","url":"https:\/\/noticiasemdestaque.com\/cd\/wp-content\/uploads\/2022\/06\/salario-6.webp","contentUrl":"https:\/\/noticiasemdestaque.com\/cd\/wp-content\/uploads\/2022\/06\/salario-6.webp","width":960,"height":640},{"@type":"BreadcrumbList","@id":"https:\/\/noticiasemdestaque.com\/cd\/?p=40464#breadcrumb","itemListElement":[{"@type":"ListItem","position":1,"name":"In\u00edcio","item":"https:\/\/noticiasemdestaque.com\/cd\/"},{"@type":"ListItem","position":2,"name":"Prefeita Anna Lorena anuncia pagamento de sal\u00e1rio de junho e primeira parcela do 13\u00b0"}]},{"@type":"WebSite","@id":"https:\/\/noticiasemdestaque.com\/cd\/#website","url":"https:\/\/noticiasemdestaque.com\/cd\/","name":"Not&iacute;cias em Destaque","description":"","publisher":{"@id":"https:\/\/noticiasemdestaque.com\/cd\/#organization"},"potentialAction":[{"@type":"SearchAction","target":{"@type":"EntryPoint","urlTemplate":"https:\/\/noticiasemdestaque.com\/cd\/?s={search_term_string}"},"query-input":{"@type":"PropertyValueSpecification","valueRequired":true,"valueName":"search_term_string"}}],"inLanguage":"pt-BR"},{"@type":"Organization","@id":"https:\/\/noticiasemdestaque.com\/cd\/#organization","name":"Not\u00edcias em Destaque","url":"https:\/\/noticiasemdestaque.com\/cd\/","logo":{"@type":"ImageObject","inLanguage":"pt-BR","@id":"https:\/\/noticiasemdestaque.com\/cd\/#\/schema\/logo\/image\/","url":"https:\/\/noticiasemdestaque.com\/cd\/wp-content\/uploads\/2022\/05\/imagem-base-noticiasemdestaque.png","contentUrl":"https:\/\/noticiasemdestaque.com\/cd\/wp-content\/uploads\/2022\/05\/imagem-base-noticiasemdestaque.png","width":1200,"height":630,"caption":"Not\u00edcias em Destaque"},"image":{"@id":"https:\/\/noticiasemdestaque.com\/cd\/#\/schema\/logo\/image\/"}},{"@type":"Person","@id":"https:\/\/noticiasemdestaque.com\/cd\/#\/schema\/person\/4a81fb71f77579d059c3045891fa1786","name":"Not\u00edcias em Destaque","url":"https:\/\/noticiasemdestaque.com\/cd\/?author=2"}]}},"jetpack_featured_media_url":"https:\/\/noticiasemdestaque.com\/cd\/wp-content\/uploads\/2022\/06\/salario-6.webp","jetpack_sharing_enabled":true,"_links":{"self":[{"href":"https:\/\/noticiasemdestaque.com\/cd\/index.php?rest_route=\/wp\/v2\/posts\/40464","targetHints":{"allow":["GET"]}}],"collection":[{"href":"https:\/\/noticiasemdestaque.com\/cd\/index.php?rest_route=\/wp\/v2\/posts"}],"about":[{"href":"https:\/\/noticiasemdestaque.com\/cd\/index.php?rest_route=\/wp\/v2\/types\/post"}],"author":[{"embeddable":true,"href":"https:\/\/noticiasemdestaque.com\/cd\/index.php?rest_route=\/wp\/v2\/users\/2"}],"replies":[{"embeddable":true,"href":"https:\/\/noticiasemdestaque.com\/cd\/index.php?rest_route=%2Fwp%2Fv2%2Fcomments&post=40464"}],"version-history":[{"count":1,"href":"https:\/\/noticiasemdestaque.com\/cd\/index.php?rest_route=\/wp\/v2\/posts\/40464\/revisions"}],"predecessor-version":[{"id":40466,"href":"https:\/\/noticiasemdestaque.com\/cd\/index.php?rest_route=\/wp\/v2\/posts\/40464\/revisions\/40466"}],"wp:featuredmedia":[{"embeddable":true,"href":"https:\/\/noticiasemdestaque.com\/cd\/index.php?rest_route=\/wp\/v2\/media\/40465"}],"wp:attachment":[{"href":"https:\/\/noticiasemdestaque.com\/cd\/index.php?rest_route=%2Fwp%2Fv2%2Fmedia&parent=40464"}],"wp:term":[{"taxonomy":"category","embeddable":true,"href":"https:\/\/noticiasemdestaque.com\/cd\/index.php?rest_route=%2Fwp%2Fv2%2Fcategories&post=40464"},{"taxonomy":"post_tag","embeddable":true,"href":"https:\/\/noticiasemdestaque.com\/cd\/index.php?rest_route=%2Fwp%2Fv2%2Ftags&post=40464"}],"curies":[{"name":"wp","href":"https:\/\/api.w.org\/{rel}","templated":true}]}}