{"id":4045,"date":"2017-09-05T15:52:46","date_gmt":"2017-09-05T18:52:46","guid":{"rendered":"http:\/\/caririemdestaque.com\/cd\/?p=4045"},"modified":"2017-09-05T15:52:46","modified_gmt":"2017-09-05T18:52:46","slug":"sume-celebra-semana-da-patria-nesta-quarta-e-quinta-feira","status":"publish","type":"post","link":"https:\/\/noticiasemdestaque.com\/cd\/?p=4045","title":{"rendered":"SUM\u00c9 CELEBRA SEMANA DA P\u00c1TRIA NESTA QUARTA E QUINTA-FEIRA"},"content":{"rendered":"<p><a href=\"http:\/\/caririemdestaque.com\/cd\/wp-content\/uploads\/2017\/09\/21272487_866048983557695_5243796989491844330_n.jpg\"><img fetchpriority=\"high\" decoding=\"async\" class=\"alignleft wp-image-4046 size-medium\" src=\"http:\/\/caririemdestaque.com\/cd\/wp-content\/uploads\/2017\/09\/21272487_866048983557695_5243796989491844330_n-300x225.jpg\" alt=\"\" width=\"300\" height=\"225\" srcset=\"https:\/\/noticiasemdestaque.com\/cd\/wp-content\/uploads\/2017\/09\/21272487_866048983557695_5243796989491844330_n-300x225.jpg 300w, https:\/\/noticiasemdestaque.com\/cd\/wp-content\/uploads\/2017\/09\/21272487_866048983557695_5243796989491844330_n-768x576.jpg 768w, https:\/\/noticiasemdestaque.com\/cd\/wp-content\/uploads\/2017\/09\/21272487_866048983557695_5243796989491844330_n-640x480.jpg 640w, https:\/\/noticiasemdestaque.com\/cd\/wp-content\/uploads\/2017\/09\/21272487_866048983557695_5243796989491844330_n.jpg 800w\" sizes=\"(max-width: 300px) 100vw, 300px\" \/><\/a>As comemora\u00e7\u00f5es da Semana da P\u00e1tria em Sum\u00e9 acontecem nesta quarta e quinta-feira, na Pra\u00e7a Adolfo Mayer.<\/p>\n<p>Este ano, a Secretaria Municipal de Educa\u00e7\u00e3o realiza o evento alusivo aos 195 anos de Independ\u00eancia do Brasil com o tema: \u201cSou verde, amarelo, azul e branco, sou alegria, sou Brasil!\u201d<\/p>\n<p>Este ano, grande parte das escolas da rede municipal de ensino estar\u00e3o participando com apresenta\u00e7\u00f5es culturais trabalhadas no tema da Semana da P\u00e1tria.<\/p>\n<p>A Rua Augusto Santa Cruz por onde passam os desfiles e a<\/p>\n<p>Pra\u00e7a Adolfo Mayer est\u00e3o recebendo os \u00faltimos retoques para o evento.<\/p>\n<p>Confira a programa\u00e7\u00e3o:<\/p>\n<p>QUARTA-FEIRA (06\/09)<\/p>\n<p>08h &#8211; Hasteamento das Bandeiras e Hino Nacional Brasileiro tocado pela Filarm\u00f4nica Municipal Maestro Ant\u00f4nio Josu\u00e9 de Lima;<\/p>\n<p>09h \u2013 Apresenta\u00e7\u00e3o cultural das escolas: Gon\u00e7ala Rodrigues, Z\u00e9lia Braz, Irineu Severo e Maria Leite;<\/p>\n<p>10h \u2013 Apresenta\u00e7\u00e3o do Instituto Educacional Imaculada Concei\u00e7\u00e3o (IEIC);<\/p>\n<p>10:30h \u2013 Banda Fanfarra da Escola Padre Paulo Roberto de Oliveira;<\/p>\n<p>16h \u2013 Desfile C\u00edvico da Pol\u00edcia Militar;<\/p>\n<p>17h \u2013 Banda Marcial da Escola Professor Jos\u00e9 Gon\u00e7alves de Queiroz.<\/p>\n<p>QUINTA-FEIRA (07\/09)<\/p>\n<p>05h \u2013 Alvorada com a Filarm\u00f4nica Maestro Ant\u00f4nio Josu\u00e9 de Lima;<\/p>\n<p>07h \u2013 Hasteamento das Bandeiras ao som do Hino da Independ\u00eancia, Hino Nacional Brasileiro e Hino de Sum\u00e9;<\/p>\n<p>08h \u2013 Desfile C\u00edvico da Creche Rita Cipriano Bezerra, alunos dos Servi\u00e7os de Conviv\u00eancia, Grupo da Terceira Idade, Turmas do EJA e alunos do 9\u00ba ano da rede municipal de ensino.<\/p>\n<p>09h \u2013 Apresenta\u00e7\u00e3o cultural: momento c\u00edvico retratado em versos (com Alberto Batista e alunos da rede);<\/p>\n<p>09:30h \u2013 Desfile C\u00edvico das Escolas Jo\u00e3o Paulo II e Sandra Helena;<\/p>\n<p>10:30h \u2013 Apresenta\u00e7\u00e3o cultural das escolas Jos\u00e9 Bonif\u00e1cio (Pio X), Presidente Vargas e Escola Agrot\u00e9cnica;<\/p>\n<p>16h \u2013 Desfile da Escola Pai Eterno;<\/p>\n<p>17h \u2013 Apresenta\u00e7\u00e3o do grupo Filhos da Dan\u00e7a.<\/p>\n<p><em><strong>Cariri em Destaque<\/strong><\/em><\/p>\n<p>Ascom<\/p>\n","protected":false},"excerpt":{"rendered":"<p>As comemora\u00e7\u00f5es da Semana da P\u00e1tria em Sum\u00e9 acontecem nesta quarta e quinta-feira, na Pra\u00e7a Adolfo Mayer. Este ano, a Secretaria Municipal de Educa\u00e7\u00e3o realiza o evento alusivo aos 195 anos de Independ\u00eancia do Brasil com o tema: \u201cSou verde, amarelo, azul e branco, sou alegria, sou Brasil!\u201d Este ano, grande parte das escolas da rede municipal de ensino estar\u00e3o participando com apresenta\u00e7\u00f5es culturais trabalhadas no tema da Semana da P\u00e1tria. A Rua Augusto Santa Cruz por onde passam os desfiles e a Pra\u00e7a Adolfo Mayer est\u00e3o recebendo os \u00faltimos retoques para o evento. Confira a programa\u00e7\u00e3o: QUARTA-FEIRA (06\/09) 08h &#8211; Hasteamento das Bandeiras e Hino Nacional Brasileiro tocado pela Filarm\u00f4nica Municipal Maestro Ant\u00f4nio Josu\u00e9 de Lima; 09h \u2013 Apresenta\u00e7\u00e3o cultural das escolas: Gon\u00e7ala Rodrigues, Z\u00e9lia Braz, Irineu Severo e Maria Leite; 10h \u2013 Apresenta\u00e7\u00e3o do Instituto Educacional Imaculada Concei\u00e7\u00e3o (IEIC); 10:30h \u2013 Banda Fanfarra da Escola Padre Paulo Roberto de Oliveira; 16h \u2013 Desfile C\u00edvico da Pol\u00edcia Militar; 17h \u2013 Banda Marcial da Escola Professor Jos\u00e9 Gon\u00e7alves de Queiroz. QUINTA-FEIRA (07\/09) 05h \u2013 Alvorada com a Filarm\u00f4nica Maestro Ant\u00f4nio Josu\u00e9 de Lima; 07h \u2013 Hasteamento das Bandeiras ao som do Hino da Independ\u00eancia, Hino Nacional Brasileiro e Hino de Sum\u00e9; 08h \u2013 Desfile C\u00edvico da Creche Rita Cipriano Bezerra, alunos dos Servi\u00e7os de Conviv\u00eancia, Grupo da Terceira Idade, Turmas do EJA e alunos do 9\u00ba ano da rede municipal de ensino. 09h \u2013 Apresenta\u00e7\u00e3o cultural: momento c\u00edvico retratado em versos (com Alberto Batista e alunos da rede); 09:30h \u2013 Desfile C\u00edvico das Escolas Jo\u00e3o Paulo II e Sandra Helena; 10:30h \u2013 Apresenta\u00e7\u00e3o cultural das escolas Jos\u00e9 Bonif\u00e1cio (Pio X), Presidente Vargas e Escola Agrot\u00e9cnica; 16h \u2013 Desfile da Escola Pai Eterno; 17h \u2013 Apresenta\u00e7\u00e3o do grupo Filhos da Dan\u00e7a. Cariri em Destaque Ascom<\/p>\n","protected":false},"author":2,"featured_media":4046,"comment_status":"closed","ping_status":"open","sticky":false,"template":"","format":"standard","meta":{"_eb_attr":"","_jetpack_memberships_contains_paid_content":false,"footnotes":""},"categories":[3],"tags":[],"class_list":["post-4045","post","type-post","status-publish","format-standard","has-post-thumbnail","hentry","category-cidades"],"yoast_head":"<!-- This site is optimized with the Yoast SEO plugin v26.5 - https:\/\/yoast.com\/wordpress\/plugins\/seo\/ -->\n<title>SUM\u00c9 CELEBRA SEMANA DA P\u00c1TRIA NESTA QUARTA E QUINTA-FEIRA - Not&iacute;cias em Destaque<\/title>\n<meta name=\"robots\" content=\"index, follow, max-snippet:-1, max-image-preview:large, max-video-preview:-1\" \/>\n<link rel=\"canonical\" href=\"https:\/\/noticiasemdestaque.com\/cd\/?p=4045\" \/>\n<meta property=\"og:locale\" content=\"pt_BR\" \/>\n<meta property=\"og:type\" content=\"article\" \/>\n<meta property=\"og:title\" content=\"SUM\u00c9 CELEBRA SEMANA DA P\u00c1TRIA NESTA QUARTA E QUINTA-FEIRA - Not&iacute;cias em Destaque\" \/>\n<meta property=\"og:description\" content=\"As comemora\u00e7\u00f5es da Semana da P\u00e1tria em Sum\u00e9 acontecem nesta quarta e quinta-feira, na Pra\u00e7a Adolfo Mayer. Este ano, a Secretaria Municipal de Educa\u00e7\u00e3o realiza o evento alusivo aos 195 anos de Independ\u00eancia do Brasil com o tema: \u201cSou verde, amarelo, azul e branco, sou alegria, sou Brasil!\u201d Este ano, grande parte das escolas da rede municipal de ensino estar\u00e3o participando com apresenta\u00e7\u00f5es culturais trabalhadas no tema da Semana da P\u00e1tria. A Rua Augusto Santa Cruz por onde passam os desfiles e a Pra\u00e7a Adolfo Mayer est\u00e3o recebendo os \u00faltimos retoques para o evento. Confira a programa\u00e7\u00e3o: QUARTA-FEIRA (06\/09) 08h &#8211; Hasteamento das Bandeiras e Hino Nacional Brasileiro tocado pela Filarm\u00f4nica Municipal Maestro Ant\u00f4nio Josu\u00e9 de Lima; 09h \u2013 Apresenta\u00e7\u00e3o cultural das escolas: Gon\u00e7ala Rodrigues, Z\u00e9lia Braz, Irineu Severo e Maria Leite; 10h \u2013 Apresenta\u00e7\u00e3o do Instituto Educacional Imaculada Concei\u00e7\u00e3o (IEIC); 10:30h \u2013 Banda Fanfarra da Escola Padre Paulo Roberto de Oliveira; 16h \u2013 Desfile C\u00edvico da Pol\u00edcia Militar; 17h \u2013 Banda Marcial da Escola Professor Jos\u00e9 Gon\u00e7alves de Queiroz. QUINTA-FEIRA (07\/09) 05h \u2013 Alvorada com a Filarm\u00f4nica Maestro Ant\u00f4nio Josu\u00e9 de Lima; 07h \u2013 Hasteamento das Bandeiras ao som do Hino da Independ\u00eancia, Hino Nacional Brasileiro e Hino de Sum\u00e9; 08h \u2013 Desfile C\u00edvico da Creche Rita Cipriano Bezerra, alunos dos Servi\u00e7os de Conviv\u00eancia, Grupo da Terceira Idade, Turmas do EJA e alunos do 9\u00ba ano da rede municipal de ensino. 09h \u2013 Apresenta\u00e7\u00e3o cultural: momento c\u00edvico retratado em versos (com Alberto Batista e alunos da rede); 09:30h \u2013 Desfile C\u00edvico das Escolas Jo\u00e3o Paulo II e Sandra Helena; 10:30h \u2013 Apresenta\u00e7\u00e3o cultural das escolas Jos\u00e9 Bonif\u00e1cio (Pio X), Presidente Vargas e Escola Agrot\u00e9cnica; 16h \u2013 Desfile da Escola Pai Eterno; 17h \u2013 Apresenta\u00e7\u00e3o do grupo Filhos da Dan\u00e7a. Cariri em Destaque Ascom\" \/>\n<meta property=\"og:url\" content=\"https:\/\/noticiasemdestaque.com\/cd\/?p=4045\" \/>\n<meta property=\"og:site_name\" content=\"Not&iacute;cias em Destaque\" \/>\n<meta property=\"article:published_time\" content=\"2017-09-05T18:52:46+00:00\" \/>\n<meta property=\"og:image\" content=\"https:\/\/noticiasemdestaque.com\/cd\/wp-content\/uploads\/2017\/09\/21272487_866048983557695_5243796989491844330_n.jpg\" \/>\n\t<meta property=\"og:image:width\" content=\"800\" \/>\n\t<meta property=\"og:image:height\" content=\"600\" \/>\n\t<meta property=\"og:image:type\" content=\"image\/jpeg\" \/>\n<meta name=\"author\" content=\"Not\u00edcias em Destaque\" \/>\n<meta name=\"twitter:card\" content=\"summary_large_image\" \/>\n<meta name=\"twitter:label1\" content=\"Escrito por\" \/>\n\t<meta name=\"twitter:data1\" content=\"Not\u00edcias em Destaque\" \/>\n\t<meta name=\"twitter:label2\" content=\"Est. tempo de leitura\" \/>\n\t<meta name=\"twitter:data2\" content=\"2 minutos\" \/>\n<script type=\"application\/ld+json\" class=\"yoast-schema-graph\">{\"@context\":\"https:\/\/schema.org\",\"@graph\":[{\"@type\":\"Article\",\"@id\":\"https:\/\/noticiasemdestaque.com\/cd\/?p=4045#article\",\"isPartOf\":{\"@id\":\"https:\/\/noticiasemdestaque.com\/cd\/?p=4045\"},\"author\":{\"name\":\"Not\u00edcias em Destaque\",\"@id\":\"https:\/\/noticiasemdestaque.com\/cd\/#\/schema\/person\/21320b03a7e8bb90128938dafc9b908a\"},\"headline\":\"SUM\u00c9 CELEBRA SEMANA DA P\u00c1TRIA NESTA QUARTA E QUINTA-FEIRA\",\"datePublished\":\"2017-09-05T18:52:46+00:00\",\"mainEntityOfPage\":{\"@id\":\"https:\/\/noticiasemdestaque.com\/cd\/?p=4045\"},\"wordCount\":323,\"publisher\":{\"@id\":\"https:\/\/noticiasemdestaque.com\/cd\/#organization\"},\"image\":{\"@id\":\"https:\/\/noticiasemdestaque.com\/cd\/?p=4045#primaryimage\"},\"thumbnailUrl\":\"https:\/\/noticiasemdestaque.com\/cd\/wp-content\/uploads\/2017\/09\/21272487_866048983557695_5243796989491844330_n.jpg\",\"articleSection\":[\"Cidades\"],\"inLanguage\":\"pt-BR\"},{\"@type\":\"WebPage\",\"@id\":\"https:\/\/noticiasemdestaque.com\/cd\/?p=4045\",\"url\":\"https:\/\/noticiasemdestaque.com\/cd\/?p=4045\",\"name\":\"SUM\u00c9 CELEBRA SEMANA DA P\u00c1TRIA NESTA QUARTA E QUINTA-FEIRA - Not&iacute;cias em Destaque\",\"isPartOf\":{\"@id\":\"https:\/\/noticiasemdestaque.com\/cd\/#website\"},\"primaryImageOfPage\":{\"@id\":\"https:\/\/noticiasemdestaque.com\/cd\/?p=4045#primaryimage\"},\"image\":{\"@id\":\"https:\/\/noticiasemdestaque.com\/cd\/?p=4045#primaryimage\"},\"thumbnailUrl\":\"https:\/\/noticiasemdestaque.com\/cd\/wp-content\/uploads\/2017\/09\/21272487_866048983557695_5243796989491844330_n.jpg\",\"datePublished\":\"2017-09-05T18:52:46+00:00\",\"breadcrumb\":{\"@id\":\"https:\/\/noticiasemdestaque.com\/cd\/?p=4045#breadcrumb\"},\"inLanguage\":\"pt-BR\",\"potentialAction\":[{\"@type\":\"ReadAction\",\"target\":[\"https:\/\/noticiasemdestaque.com\/cd\/?p=4045\"]}]},{\"@type\":\"ImageObject\",\"inLanguage\":\"pt-BR\",\"@id\":\"https:\/\/noticiasemdestaque.com\/cd\/?p=4045#primaryimage\",\"url\":\"https:\/\/noticiasemdestaque.com\/cd\/wp-content\/uploads\/2017\/09\/21272487_866048983557695_5243796989491844330_n.jpg\",\"contentUrl\":\"https:\/\/noticiasemdestaque.com\/cd\/wp-content\/uploads\/2017\/09\/21272487_866048983557695_5243796989491844330_n.jpg\",\"width\":800,\"height\":600},{\"@type\":\"BreadcrumbList\",\"@id\":\"https:\/\/noticiasemdestaque.com\/cd\/?p=4045#breadcrumb\",\"itemListElement\":[{\"@type\":\"ListItem\",\"position\":1,\"name\":\"In\u00edcio\",\"item\":\"https:\/\/noticiasemdestaque.com\/cd\/\"},{\"@type\":\"ListItem\",\"position\":2,\"name\":\"SUM\u00c9 CELEBRA SEMANA DA P\u00c1TRIA NESTA QUARTA E QUINTA-FEIRA\"}]},{\"@type\":\"WebSite\",\"@id\":\"https:\/\/noticiasemdestaque.com\/cd\/#website\",\"url\":\"https:\/\/noticiasemdestaque.com\/cd\/\",\"name\":\"Not&iacute;cias em Destaque\",\"description\":\"\",\"publisher\":{\"@id\":\"https:\/\/noticiasemdestaque.com\/cd\/#organization\"},\"potentialAction\":[{\"@type\":\"SearchAction\",\"target\":{\"@type\":\"EntryPoint\",\"urlTemplate\":\"https:\/\/noticiasemdestaque.com\/cd\/?s={search_term_string}\"},\"query-input\":{\"@type\":\"PropertyValueSpecification\",\"valueRequired\":true,\"valueName\":\"search_term_string\"}}],\"inLanguage\":\"pt-BR\"},{\"@type\":\"Organization\",\"@id\":\"https:\/\/noticiasemdestaque.com\/cd\/#organization\",\"name\":\"Not\u00edcias em Destaque\",\"url\":\"https:\/\/noticiasemdestaque.com\/cd\/\",\"logo\":{\"@type\":\"ImageObject\",\"inLanguage\":\"pt-BR\",\"@id\":\"https:\/\/noticiasemdestaque.com\/cd\/#\/schema\/logo\/image\/\",\"url\":\"https:\/\/noticiasemdestaque.com\/cd\/wp-content\/uploads\/2022\/05\/imagem-base-noticiasemdestaque.png\",\"contentUrl\":\"https:\/\/noticiasemdestaque.com\/cd\/wp-content\/uploads\/2022\/05\/imagem-base-noticiasemdestaque.png\",\"width\":1200,\"height\":630,\"caption\":\"Not\u00edcias em Destaque\"},\"image\":{\"@id\":\"https:\/\/noticiasemdestaque.com\/cd\/#\/schema\/logo\/image\/\"}},{\"@type\":\"Person\",\"@id\":\"https:\/\/noticiasemdestaque.com\/cd\/#\/schema\/person\/21320b03a7e8bb90128938dafc9b908a\",\"name\":\"Not\u00edcias em Destaque\",\"url\":\"https:\/\/noticiasemdestaque.com\/cd\/?author=2\"}]}<\/script>\n<!-- \/ Yoast SEO plugin. -->","yoast_head_json":{"title":"SUM\u00c9 CELEBRA SEMANA DA P\u00c1TRIA NESTA QUARTA E QUINTA-FEIRA - Not&iacute;cias em Destaque","robots":{"index":"index","follow":"follow","max-snippet":"max-snippet:-1","max-image-preview":"max-image-preview:large","max-video-preview":"max-video-preview:-1"},"canonical":"https:\/\/noticiasemdestaque.com\/cd\/?p=4045","og_locale":"pt_BR","og_type":"article","og_title":"SUM\u00c9 CELEBRA SEMANA DA P\u00c1TRIA NESTA QUARTA E QUINTA-FEIRA - Not&iacute;cias em Destaque","og_description":"As comemora\u00e7\u00f5es da Semana da P\u00e1tria em Sum\u00e9 acontecem nesta quarta e quinta-feira, na Pra\u00e7a Adolfo Mayer. Este ano, a Secretaria Municipal de Educa\u00e7\u00e3o realiza o evento alusivo aos 195 anos de Independ\u00eancia do Brasil com o tema: \u201cSou verde, amarelo, azul e branco, sou alegria, sou Brasil!\u201d Este ano, grande parte das escolas da rede municipal de ensino estar\u00e3o participando com apresenta\u00e7\u00f5es culturais trabalhadas no tema da Semana da P\u00e1tria. A Rua Augusto Santa Cruz por onde passam os desfiles e a Pra\u00e7a Adolfo Mayer est\u00e3o recebendo os \u00faltimos retoques para o evento. Confira a programa\u00e7\u00e3o: QUARTA-FEIRA (06\/09) 08h &#8211; Hasteamento das Bandeiras e Hino Nacional Brasileiro tocado pela Filarm\u00f4nica Municipal Maestro Ant\u00f4nio Josu\u00e9 de Lima; 09h \u2013 Apresenta\u00e7\u00e3o cultural das escolas: Gon\u00e7ala Rodrigues, Z\u00e9lia Braz, Irineu Severo e Maria Leite; 10h \u2013 Apresenta\u00e7\u00e3o do Instituto Educacional Imaculada Concei\u00e7\u00e3o (IEIC); 10:30h \u2013 Banda Fanfarra da Escola Padre Paulo Roberto de Oliveira; 16h \u2013 Desfile C\u00edvico da Pol\u00edcia Militar; 17h \u2013 Banda Marcial da Escola Professor Jos\u00e9 Gon\u00e7alves de Queiroz. QUINTA-FEIRA (07\/09) 05h \u2013 Alvorada com a Filarm\u00f4nica Maestro Ant\u00f4nio Josu\u00e9 de Lima; 07h \u2013 Hasteamento das Bandeiras ao som do Hino da Independ\u00eancia, Hino Nacional Brasileiro e Hino de Sum\u00e9; 08h \u2013 Desfile C\u00edvico da Creche Rita Cipriano Bezerra, alunos dos Servi\u00e7os de Conviv\u00eancia, Grupo da Terceira Idade, Turmas do EJA e alunos do 9\u00ba ano da rede municipal de ensino. 09h \u2013 Apresenta\u00e7\u00e3o cultural: momento c\u00edvico retratado em versos (com Alberto Batista e alunos da rede); 09:30h \u2013 Desfile C\u00edvico das Escolas Jo\u00e3o Paulo II e Sandra Helena; 10:30h \u2013 Apresenta\u00e7\u00e3o cultural das escolas Jos\u00e9 Bonif\u00e1cio (Pio X), Presidente Vargas e Escola Agrot\u00e9cnica; 16h \u2013 Desfile da Escola Pai Eterno; 17h \u2013 Apresenta\u00e7\u00e3o do grupo Filhos da Dan\u00e7a. Cariri em Destaque Ascom","og_url":"https:\/\/noticiasemdestaque.com\/cd\/?p=4045","og_site_name":"Not&iacute;cias em Destaque","article_published_time":"2017-09-05T18:52:46+00:00","og_image":[{"width":800,"height":600,"url":"https:\/\/noticiasemdestaque.com\/cd\/wp-content\/uploads\/2017\/09\/21272487_866048983557695_5243796989491844330_n.jpg","type":"image\/jpeg"}],"author":"Not\u00edcias em Destaque","twitter_card":"summary_large_image","twitter_misc":{"Escrito por":"Not\u00edcias em Destaque","Est. tempo de leitura":"2 minutos"},"schema":{"@context":"https:\/\/schema.org","@graph":[{"@type":"Article","@id":"https:\/\/noticiasemdestaque.com\/cd\/?p=4045#article","isPartOf":{"@id":"https:\/\/noticiasemdestaque.com\/cd\/?p=4045"},"author":{"name":"Not\u00edcias em Destaque","@id":"https:\/\/noticiasemdestaque.com\/cd\/#\/schema\/person\/21320b03a7e8bb90128938dafc9b908a"},"headline":"SUM\u00c9 CELEBRA SEMANA DA P\u00c1TRIA NESTA QUARTA E QUINTA-FEIRA","datePublished":"2017-09-05T18:52:46+00:00","mainEntityOfPage":{"@id":"https:\/\/noticiasemdestaque.com\/cd\/?p=4045"},"wordCount":323,"publisher":{"@id":"https:\/\/noticiasemdestaque.com\/cd\/#organization"},"image":{"@id":"https:\/\/noticiasemdestaque.com\/cd\/?p=4045#primaryimage"},"thumbnailUrl":"https:\/\/noticiasemdestaque.com\/cd\/wp-content\/uploads\/2017\/09\/21272487_866048983557695_5243796989491844330_n.jpg","articleSection":["Cidades"],"inLanguage":"pt-BR"},{"@type":"WebPage","@id":"https:\/\/noticiasemdestaque.com\/cd\/?p=4045","url":"https:\/\/noticiasemdestaque.com\/cd\/?p=4045","name":"SUM\u00c9 CELEBRA SEMANA DA P\u00c1TRIA NESTA QUARTA E QUINTA-FEIRA - Not&iacute;cias em Destaque","isPartOf":{"@id":"https:\/\/noticiasemdestaque.com\/cd\/#website"},"primaryImageOfPage":{"@id":"https:\/\/noticiasemdestaque.com\/cd\/?p=4045#primaryimage"},"image":{"@id":"https:\/\/noticiasemdestaque.com\/cd\/?p=4045#primaryimage"},"thumbnailUrl":"https:\/\/noticiasemdestaque.com\/cd\/wp-content\/uploads\/2017\/09\/21272487_866048983557695_5243796989491844330_n.jpg","datePublished":"2017-09-05T18:52:46+00:00","breadcrumb":{"@id":"https:\/\/noticiasemdestaque.com\/cd\/?p=4045#breadcrumb"},"inLanguage":"pt-BR","potentialAction":[{"@type":"ReadAction","target":["https:\/\/noticiasemdestaque.com\/cd\/?p=4045"]}]},{"@type":"ImageObject","inLanguage":"pt-BR","@id":"https:\/\/noticiasemdestaque.com\/cd\/?p=4045#primaryimage","url":"https:\/\/noticiasemdestaque.com\/cd\/wp-content\/uploads\/2017\/09\/21272487_866048983557695_5243796989491844330_n.jpg","contentUrl":"https:\/\/noticiasemdestaque.com\/cd\/wp-content\/uploads\/2017\/09\/21272487_866048983557695_5243796989491844330_n.jpg","width":800,"height":600},{"@type":"BreadcrumbList","@id":"https:\/\/noticiasemdestaque.com\/cd\/?p=4045#breadcrumb","itemListElement":[{"@type":"ListItem","position":1,"name":"In\u00edcio","item":"https:\/\/noticiasemdestaque.com\/cd\/"},{"@type":"ListItem","position":2,"name":"SUM\u00c9 CELEBRA SEMANA DA P\u00c1TRIA NESTA QUARTA E QUINTA-FEIRA"}]},{"@type":"WebSite","@id":"https:\/\/noticiasemdestaque.com\/cd\/#website","url":"https:\/\/noticiasemdestaque.com\/cd\/","name":"Not&iacute;cias em Destaque","description":"","publisher":{"@id":"https:\/\/noticiasemdestaque.com\/cd\/#organization"},"potentialAction":[{"@type":"SearchAction","target":{"@type":"EntryPoint","urlTemplate":"https:\/\/noticiasemdestaque.com\/cd\/?s={search_term_string}"},"query-input":{"@type":"PropertyValueSpecification","valueRequired":true,"valueName":"search_term_string"}}],"inLanguage":"pt-BR"},{"@type":"Organization","@id":"https:\/\/noticiasemdestaque.com\/cd\/#organization","name":"Not\u00edcias em Destaque","url":"https:\/\/noticiasemdestaque.com\/cd\/","logo":{"@type":"ImageObject","inLanguage":"pt-BR","@id":"https:\/\/noticiasemdestaque.com\/cd\/#\/schema\/logo\/image\/","url":"https:\/\/noticiasemdestaque.com\/cd\/wp-content\/uploads\/2022\/05\/imagem-base-noticiasemdestaque.png","contentUrl":"https:\/\/noticiasemdestaque.com\/cd\/wp-content\/uploads\/2022\/05\/imagem-base-noticiasemdestaque.png","width":1200,"height":630,"caption":"Not\u00edcias em Destaque"},"image":{"@id":"https:\/\/noticiasemdestaque.com\/cd\/#\/schema\/logo\/image\/"}},{"@type":"Person","@id":"https:\/\/noticiasemdestaque.com\/cd\/#\/schema\/person\/21320b03a7e8bb90128938dafc9b908a","name":"Not\u00edcias em Destaque","url":"https:\/\/noticiasemdestaque.com\/cd\/?author=2"}]}},"jetpack_featured_media_url":"https:\/\/noticiasemdestaque.com\/cd\/wp-content\/uploads\/2017\/09\/21272487_866048983557695_5243796989491844330_n.jpg","jetpack_sharing_enabled":true,"_links":{"self":[{"href":"https:\/\/noticiasemdestaque.com\/cd\/index.php?rest_route=\/wp\/v2\/posts\/4045","targetHints":{"allow":["GET"]}}],"collection":[{"href":"https:\/\/noticiasemdestaque.com\/cd\/index.php?rest_route=\/wp\/v2\/posts"}],"about":[{"href":"https:\/\/noticiasemdestaque.com\/cd\/index.php?rest_route=\/wp\/v2\/types\/post"}],"author":[{"embeddable":true,"href":"https:\/\/noticiasemdestaque.com\/cd\/index.php?rest_route=\/wp\/v2\/users\/2"}],"replies":[{"embeddable":true,"href":"https:\/\/noticiasemdestaque.com\/cd\/index.php?rest_route=%2Fwp%2Fv2%2Fcomments&post=4045"}],"version-history":[{"count":1,"href":"https:\/\/noticiasemdestaque.com\/cd\/index.php?rest_route=\/wp\/v2\/posts\/4045\/revisions"}],"predecessor-version":[{"id":4047,"href":"https:\/\/noticiasemdestaque.com\/cd\/index.php?rest_route=\/wp\/v2\/posts\/4045\/revisions\/4047"}],"wp:featuredmedia":[{"embeddable":true,"href":"https:\/\/noticiasemdestaque.com\/cd\/index.php?rest_route=\/wp\/v2\/media\/4046"}],"wp:attachment":[{"href":"https:\/\/noticiasemdestaque.com\/cd\/index.php?rest_route=%2Fwp%2Fv2%2Fmedia&parent=4045"}],"wp:term":[{"taxonomy":"category","embeddable":true,"href":"https:\/\/noticiasemdestaque.com\/cd\/index.php?rest_route=%2Fwp%2Fv2%2Fcategories&post=4045"},{"taxonomy":"post_tag","embeddable":true,"href":"https:\/\/noticiasemdestaque.com\/cd\/index.php?rest_route=%2Fwp%2Fv2%2Ftags&post=4045"}],"curies":[{"name":"wp","href":"https:\/\/api.w.org\/{rel}","templated":true}]}}