{"id":4042,"date":"2017-09-05T15:49:00","date_gmt":"2017-09-05T18:49:00","guid":{"rendered":"http:\/\/caririemdestaque.com\/cd\/?p=4042"},"modified":"2017-09-05T15:49:00","modified_gmt":"2017-09-05T18:49:00","slug":"feira-de-animais-bate-recorde-e-comercializa-mais-de-mil-animais-em-monteiro","status":"publish","type":"post","link":"https:\/\/noticiasemdestaque.com\/cd\/?p=4042","title":{"rendered":"Feira de Animais bate recorde e comercializa mais de mil animais em Monteiro"},"content":{"rendered":"<p><a href=\"http:\/\/caririemdestaque.com\/cd\/wp-content\/uploads\/2017\/09\/feira_animais_mnt.jpeg\"><img fetchpriority=\"high\" decoding=\"async\" class=\"alignleft wp-image-4043 size-medium\" src=\"http:\/\/caririemdestaque.com\/cd\/wp-content\/uploads\/2017\/09\/feira_animais_mnt-300x225.jpeg\" alt=\"\" width=\"300\" height=\"225\" srcset=\"https:\/\/noticiasemdestaque.com\/cd\/wp-content\/uploads\/2017\/09\/feira_animais_mnt-300x225.jpeg 300w, https:\/\/noticiasemdestaque.com\/cd\/wp-content\/uploads\/2017\/09\/feira_animais_mnt-768x576.jpeg 768w, https:\/\/noticiasemdestaque.com\/cd\/wp-content\/uploads\/2017\/09\/feira_animais_mnt-1024x768.jpeg 1024w, https:\/\/noticiasemdestaque.com\/cd\/wp-content\/uploads\/2017\/09\/feira_animais_mnt-640x480.jpeg 640w, https:\/\/noticiasemdestaque.com\/cd\/wp-content\/uploads\/2017\/09\/feira_animais_mnt.jpeg 1152w\" sizes=\"(max-width: 300px) 100vw, 300px\" \/><\/a>A Feira de Animais do munic\u00edpio de Monteiro, que \u00e9 realizada no Centro de Comercializa\u00e7\u00e3o todos os s\u00e1bados voltou a ser destaque e no \u00faltimo s\u00e1bado as vendas superaram todas as expectativas da Secretaria de Agricultura de Meio Ambiente do munic\u00edpio.<\/p>\n<p>Segundo o secret\u00e1rio Alfredo Viana, mais de mil animais foram comercializados no \u00faltimo s\u00e1bado, sendo aproximadamente 400 bovinos e mais de 600 caprinos e ovinos.<\/p>\n<p>\u201cA feira de animais vem superando as expectativas a cada final de semana, atraindo comerciantes, criadores e produtores de v\u00e1rios Estados do Nordeste, a exemplo de Pernambuco, Cear\u00e1, Rio Grande do Norte, Piau\u00ed e Maranh\u00e3o\u201d, disse Alfredo Viana.<\/p>\n<p>Desde que assumiu o comando administrativo da Prefeitura de Monteiro a prefeita Anna Lorena vem investindo forte no produtor rural, buscando fortalecer a economia local e adquirindo equipamentos que venham a beneficiar os moradores da zona rural.<\/p>\n<p>Recentemente a prefeita Anna Lorena entregou uma maquina Ensiladeira para atender a demanda dos criadores de animais, possibilitando que eles produzam ra\u00e7\u00f5es trituradas para os seus rebanhos.<\/p>\n<p>Com o crescente movimento da feira de animais, a economia do munic\u00edpio vem se fortalecendo a cada semana, gerando emprego e renda para a popula\u00e7\u00e3o monteirense, que vem reconhecendo o trabalho que a prefeita Anna Lorena vem realizando em \u00e1reas importantes como sa\u00fade, educa\u00e7\u00e3o, esporte, cultura, infraestrutura e agricultura, entre outras.<\/p>\n<p><em><strong>Cariri em Destaque<\/strong><\/em><\/p>\n<p>&nbsp;<\/p>\n","protected":false},"excerpt":{"rendered":"<p>A Feira de Animais do munic\u00edpio de Monteiro, que \u00e9 realizada no Centro de Comercializa\u00e7\u00e3o todos os s\u00e1bados voltou a ser destaque e no \u00faltimo s\u00e1bado as vendas superaram todas as expectativas da Secretaria de Agricultura de Meio Ambiente do munic\u00edpio. Segundo o secret\u00e1rio Alfredo Viana, mais de mil animais foram comercializados no \u00faltimo s\u00e1bado, sendo aproximadamente 400 bovinos e mais de 600 caprinos e ovinos. \u201cA feira de animais vem superando as expectativas a cada final de semana, atraindo comerciantes, criadores e produtores de v\u00e1rios Estados do Nordeste, a exemplo de Pernambuco, Cear\u00e1, Rio Grande do Norte, Piau\u00ed e Maranh\u00e3o\u201d, disse Alfredo Viana. Desde que assumiu o comando administrativo da Prefeitura de Monteiro a prefeita Anna Lorena vem investindo forte no produtor rural, buscando fortalecer a economia local e adquirindo equipamentos que venham a beneficiar os moradores da zona rural. Recentemente a prefeita Anna Lorena entregou uma maquina Ensiladeira para atender a demanda dos criadores de animais, possibilitando que eles produzam ra\u00e7\u00f5es trituradas para os seus rebanhos. Com o crescente movimento da feira de animais, a economia do munic\u00edpio vem se fortalecendo a cada semana, gerando emprego e renda para a popula\u00e7\u00e3o monteirense, que vem reconhecendo o trabalho que a prefeita Anna Lorena vem realizando em \u00e1reas importantes como sa\u00fade, educa\u00e7\u00e3o, esporte, cultura, infraestrutura e agricultura, entre outras. Cariri em Destaque &nbsp;<\/p>\n","protected":false},"author":2,"featured_media":4043,"comment_status":"closed","ping_status":"open","sticky":false,"template":"","format":"standard","meta":{"_eb_attr":"","_jetpack_memberships_contains_paid_content":false,"footnotes":""},"categories":[3],"tags":[],"class_list":["post-4042","post","type-post","status-publish","format-standard","has-post-thumbnail","hentry","category-cidades"],"yoast_head":"<!-- This site is optimized with the Yoast SEO plugin v26.5 - https:\/\/yoast.com\/wordpress\/plugins\/seo\/ -->\n<title>Feira de Animais bate recorde e comercializa mais de mil animais em Monteiro - Not&iacute;cias em Destaque<\/title>\n<meta name=\"robots\" content=\"index, follow, max-snippet:-1, max-image-preview:large, max-video-preview:-1\" \/>\n<link rel=\"canonical\" href=\"https:\/\/noticiasemdestaque.com\/cd\/?p=4042\" \/>\n<meta property=\"og:locale\" content=\"pt_BR\" \/>\n<meta property=\"og:type\" content=\"article\" \/>\n<meta property=\"og:title\" content=\"Feira de Animais bate recorde e comercializa mais de mil animais em Monteiro - Not&iacute;cias em Destaque\" \/>\n<meta property=\"og:description\" content=\"A Feira de Animais do munic\u00edpio de Monteiro, que \u00e9 realizada no Centro de Comercializa\u00e7\u00e3o todos os s\u00e1bados voltou a ser destaque e no \u00faltimo s\u00e1bado as vendas superaram todas as expectativas da Secretaria de Agricultura de Meio Ambiente do munic\u00edpio. Segundo o secret\u00e1rio Alfredo Viana, mais de mil animais foram comercializados no \u00faltimo s\u00e1bado, sendo aproximadamente 400 bovinos e mais de 600 caprinos e ovinos. \u201cA feira de animais vem superando as expectativas a cada final de semana, atraindo comerciantes, criadores e produtores de v\u00e1rios Estados do Nordeste, a exemplo de Pernambuco, Cear\u00e1, Rio Grande do Norte, Piau\u00ed e Maranh\u00e3o\u201d, disse Alfredo Viana. Desde que assumiu o comando administrativo da Prefeitura de Monteiro a prefeita Anna Lorena vem investindo forte no produtor rural, buscando fortalecer a economia local e adquirindo equipamentos que venham a beneficiar os moradores da zona rural. Recentemente a prefeita Anna Lorena entregou uma maquina Ensiladeira para atender a demanda dos criadores de animais, possibilitando que eles produzam ra\u00e7\u00f5es trituradas para os seus rebanhos. Com o crescente movimento da feira de animais, a economia do munic\u00edpio vem se fortalecendo a cada semana, gerando emprego e renda para a popula\u00e7\u00e3o monteirense, que vem reconhecendo o trabalho que a prefeita Anna Lorena vem realizando em \u00e1reas importantes como sa\u00fade, educa\u00e7\u00e3o, esporte, cultura, infraestrutura e agricultura, entre outras. Cariri em Destaque &nbsp;\" \/>\n<meta property=\"og:url\" content=\"https:\/\/noticiasemdestaque.com\/cd\/?p=4042\" \/>\n<meta property=\"og:site_name\" content=\"Not&iacute;cias em Destaque\" \/>\n<meta property=\"article:published_time\" content=\"2017-09-05T18:49:00+00:00\" \/>\n<meta property=\"og:image\" content=\"https:\/\/noticiasemdestaque.com\/cd\/wp-content\/uploads\/2017\/09\/feira_animais_mnt.jpeg\" \/>\n\t<meta property=\"og:image:width\" content=\"1152\" \/>\n\t<meta property=\"og:image:height\" content=\"864\" \/>\n\t<meta property=\"og:image:type\" content=\"image\/jpeg\" \/>\n<meta name=\"author\" content=\"Not\u00edcias em Destaque\" \/>\n<meta name=\"twitter:card\" content=\"summary_large_image\" \/>\n<meta name=\"twitter:label1\" content=\"Escrito por\" \/>\n\t<meta name=\"twitter:data1\" content=\"Not\u00edcias em Destaque\" \/>\n\t<meta name=\"twitter:label2\" content=\"Est. tempo de leitura\" \/>\n\t<meta name=\"twitter:data2\" content=\"1 minuto\" \/>\n<script type=\"application\/ld+json\" class=\"yoast-schema-graph\">{\"@context\":\"https:\/\/schema.org\",\"@graph\":[{\"@type\":\"Article\",\"@id\":\"https:\/\/noticiasemdestaque.com\/cd\/?p=4042#article\",\"isPartOf\":{\"@id\":\"https:\/\/noticiasemdestaque.com\/cd\/?p=4042\"},\"author\":{\"name\":\"Not\u00edcias em Destaque\",\"@id\":\"https:\/\/noticiasemdestaque.com\/cd\/#\/schema\/person\/21320b03a7e8bb90128938dafc9b908a\"},\"headline\":\"Feira de Animais bate recorde e comercializa mais de mil animais em Monteiro\",\"datePublished\":\"2017-09-05T18:49:00+00:00\",\"mainEntityOfPage\":{\"@id\":\"https:\/\/noticiasemdestaque.com\/cd\/?p=4042\"},\"wordCount\":247,\"publisher\":{\"@id\":\"https:\/\/noticiasemdestaque.com\/cd\/#organization\"},\"image\":{\"@id\":\"https:\/\/noticiasemdestaque.com\/cd\/?p=4042#primaryimage\"},\"thumbnailUrl\":\"https:\/\/noticiasemdestaque.com\/cd\/wp-content\/uploads\/2017\/09\/feira_animais_mnt.jpeg\",\"articleSection\":[\"Cidades\"],\"inLanguage\":\"pt-BR\"},{\"@type\":\"WebPage\",\"@id\":\"https:\/\/noticiasemdestaque.com\/cd\/?p=4042\",\"url\":\"https:\/\/noticiasemdestaque.com\/cd\/?p=4042\",\"name\":\"Feira de Animais bate recorde e comercializa mais de mil animais em Monteiro - Not&iacute;cias em Destaque\",\"isPartOf\":{\"@id\":\"https:\/\/noticiasemdestaque.com\/cd\/#website\"},\"primaryImageOfPage\":{\"@id\":\"https:\/\/noticiasemdestaque.com\/cd\/?p=4042#primaryimage\"},\"image\":{\"@id\":\"https:\/\/noticiasemdestaque.com\/cd\/?p=4042#primaryimage\"},\"thumbnailUrl\":\"https:\/\/noticiasemdestaque.com\/cd\/wp-content\/uploads\/2017\/09\/feira_animais_mnt.jpeg\",\"datePublished\":\"2017-09-05T18:49:00+00:00\",\"breadcrumb\":{\"@id\":\"https:\/\/noticiasemdestaque.com\/cd\/?p=4042#breadcrumb\"},\"inLanguage\":\"pt-BR\",\"potentialAction\":[{\"@type\":\"ReadAction\",\"target\":[\"https:\/\/noticiasemdestaque.com\/cd\/?p=4042\"]}]},{\"@type\":\"ImageObject\",\"inLanguage\":\"pt-BR\",\"@id\":\"https:\/\/noticiasemdestaque.com\/cd\/?p=4042#primaryimage\",\"url\":\"https:\/\/noticiasemdestaque.com\/cd\/wp-content\/uploads\/2017\/09\/feira_animais_mnt.jpeg\",\"contentUrl\":\"https:\/\/noticiasemdestaque.com\/cd\/wp-content\/uploads\/2017\/09\/feira_animais_mnt.jpeg\",\"width\":1152,\"height\":864},{\"@type\":\"BreadcrumbList\",\"@id\":\"https:\/\/noticiasemdestaque.com\/cd\/?p=4042#breadcrumb\",\"itemListElement\":[{\"@type\":\"ListItem\",\"position\":1,\"name\":\"In\u00edcio\",\"item\":\"https:\/\/noticiasemdestaque.com\/cd\/\"},{\"@type\":\"ListItem\",\"position\":2,\"name\":\"Feira de Animais bate recorde e comercializa mais de mil animais em Monteiro\"}]},{\"@type\":\"WebSite\",\"@id\":\"https:\/\/noticiasemdestaque.com\/cd\/#website\",\"url\":\"https:\/\/noticiasemdestaque.com\/cd\/\",\"name\":\"Not&iacute;cias em Destaque\",\"description\":\"\",\"publisher\":{\"@id\":\"https:\/\/noticiasemdestaque.com\/cd\/#organization\"},\"potentialAction\":[{\"@type\":\"SearchAction\",\"target\":{\"@type\":\"EntryPoint\",\"urlTemplate\":\"https:\/\/noticiasemdestaque.com\/cd\/?s={search_term_string}\"},\"query-input\":{\"@type\":\"PropertyValueSpecification\",\"valueRequired\":true,\"valueName\":\"search_term_string\"}}],\"inLanguage\":\"pt-BR\"},{\"@type\":\"Organization\",\"@id\":\"https:\/\/noticiasemdestaque.com\/cd\/#organization\",\"name\":\"Not\u00edcias em Destaque\",\"url\":\"https:\/\/noticiasemdestaque.com\/cd\/\",\"logo\":{\"@type\":\"ImageObject\",\"inLanguage\":\"pt-BR\",\"@id\":\"https:\/\/noticiasemdestaque.com\/cd\/#\/schema\/logo\/image\/\",\"url\":\"https:\/\/noticiasemdestaque.com\/cd\/wp-content\/uploads\/2022\/05\/imagem-base-noticiasemdestaque.png\",\"contentUrl\":\"https:\/\/noticiasemdestaque.com\/cd\/wp-content\/uploads\/2022\/05\/imagem-base-noticiasemdestaque.png\",\"width\":1200,\"height\":630,\"caption\":\"Not\u00edcias em Destaque\"},\"image\":{\"@id\":\"https:\/\/noticiasemdestaque.com\/cd\/#\/schema\/logo\/image\/\"}},{\"@type\":\"Person\",\"@id\":\"https:\/\/noticiasemdestaque.com\/cd\/#\/schema\/person\/21320b03a7e8bb90128938dafc9b908a\",\"name\":\"Not\u00edcias em Destaque\",\"url\":\"https:\/\/noticiasemdestaque.com\/cd\/?author=2\"}]}<\/script>\n<!-- \/ Yoast SEO plugin. -->","yoast_head_json":{"title":"Feira de Animais bate recorde e comercializa mais de mil animais em Monteiro - Not&iacute;cias em Destaque","robots":{"index":"index","follow":"follow","max-snippet":"max-snippet:-1","max-image-preview":"max-image-preview:large","max-video-preview":"max-video-preview:-1"},"canonical":"https:\/\/noticiasemdestaque.com\/cd\/?p=4042","og_locale":"pt_BR","og_type":"article","og_title":"Feira de Animais bate recorde e comercializa mais de mil animais em Monteiro - Not&iacute;cias em Destaque","og_description":"A Feira de Animais do munic\u00edpio de Monteiro, que \u00e9 realizada no Centro de Comercializa\u00e7\u00e3o todos os s\u00e1bados voltou a ser destaque e no \u00faltimo s\u00e1bado as vendas superaram todas as expectativas da Secretaria de Agricultura de Meio Ambiente do munic\u00edpio. Segundo o secret\u00e1rio Alfredo Viana, mais de mil animais foram comercializados no \u00faltimo s\u00e1bado, sendo aproximadamente 400 bovinos e mais de 600 caprinos e ovinos. \u201cA feira de animais vem superando as expectativas a cada final de semana, atraindo comerciantes, criadores e produtores de v\u00e1rios Estados do Nordeste, a exemplo de Pernambuco, Cear\u00e1, Rio Grande do Norte, Piau\u00ed e Maranh\u00e3o\u201d, disse Alfredo Viana. Desde que assumiu o comando administrativo da Prefeitura de Monteiro a prefeita Anna Lorena vem investindo forte no produtor rural, buscando fortalecer a economia local e adquirindo equipamentos que venham a beneficiar os moradores da zona rural. Recentemente a prefeita Anna Lorena entregou uma maquina Ensiladeira para atender a demanda dos criadores de animais, possibilitando que eles produzam ra\u00e7\u00f5es trituradas para os seus rebanhos. Com o crescente movimento da feira de animais, a economia do munic\u00edpio vem se fortalecendo a cada semana, gerando emprego e renda para a popula\u00e7\u00e3o monteirense, que vem reconhecendo o trabalho que a prefeita Anna Lorena vem realizando em \u00e1reas importantes como sa\u00fade, educa\u00e7\u00e3o, esporte, cultura, infraestrutura e agricultura, entre outras. Cariri em Destaque &nbsp;","og_url":"https:\/\/noticiasemdestaque.com\/cd\/?p=4042","og_site_name":"Not&iacute;cias em Destaque","article_published_time":"2017-09-05T18:49:00+00:00","og_image":[{"width":1152,"height":864,"url":"https:\/\/noticiasemdestaque.com\/cd\/wp-content\/uploads\/2017\/09\/feira_animais_mnt.jpeg","type":"image\/jpeg"}],"author":"Not\u00edcias em Destaque","twitter_card":"summary_large_image","twitter_misc":{"Escrito por":"Not\u00edcias em Destaque","Est. tempo de leitura":"1 minuto"},"schema":{"@context":"https:\/\/schema.org","@graph":[{"@type":"Article","@id":"https:\/\/noticiasemdestaque.com\/cd\/?p=4042#article","isPartOf":{"@id":"https:\/\/noticiasemdestaque.com\/cd\/?p=4042"},"author":{"name":"Not\u00edcias em Destaque","@id":"https:\/\/noticiasemdestaque.com\/cd\/#\/schema\/person\/21320b03a7e8bb90128938dafc9b908a"},"headline":"Feira de Animais bate recorde e comercializa mais de mil animais em Monteiro","datePublished":"2017-09-05T18:49:00+00:00","mainEntityOfPage":{"@id":"https:\/\/noticiasemdestaque.com\/cd\/?p=4042"},"wordCount":247,"publisher":{"@id":"https:\/\/noticiasemdestaque.com\/cd\/#organization"},"image":{"@id":"https:\/\/noticiasemdestaque.com\/cd\/?p=4042#primaryimage"},"thumbnailUrl":"https:\/\/noticiasemdestaque.com\/cd\/wp-content\/uploads\/2017\/09\/feira_animais_mnt.jpeg","articleSection":["Cidades"],"inLanguage":"pt-BR"},{"@type":"WebPage","@id":"https:\/\/noticiasemdestaque.com\/cd\/?p=4042","url":"https:\/\/noticiasemdestaque.com\/cd\/?p=4042","name":"Feira de Animais bate recorde e comercializa mais de mil animais em Monteiro - Not&iacute;cias em Destaque","isPartOf":{"@id":"https:\/\/noticiasemdestaque.com\/cd\/#website"},"primaryImageOfPage":{"@id":"https:\/\/noticiasemdestaque.com\/cd\/?p=4042#primaryimage"},"image":{"@id":"https:\/\/noticiasemdestaque.com\/cd\/?p=4042#primaryimage"},"thumbnailUrl":"https:\/\/noticiasemdestaque.com\/cd\/wp-content\/uploads\/2017\/09\/feira_animais_mnt.jpeg","datePublished":"2017-09-05T18:49:00+00:00","breadcrumb":{"@id":"https:\/\/noticiasemdestaque.com\/cd\/?p=4042#breadcrumb"},"inLanguage":"pt-BR","potentialAction":[{"@type":"ReadAction","target":["https:\/\/noticiasemdestaque.com\/cd\/?p=4042"]}]},{"@type":"ImageObject","inLanguage":"pt-BR","@id":"https:\/\/noticiasemdestaque.com\/cd\/?p=4042#primaryimage","url":"https:\/\/noticiasemdestaque.com\/cd\/wp-content\/uploads\/2017\/09\/feira_animais_mnt.jpeg","contentUrl":"https:\/\/noticiasemdestaque.com\/cd\/wp-content\/uploads\/2017\/09\/feira_animais_mnt.jpeg","width":1152,"height":864},{"@type":"BreadcrumbList","@id":"https:\/\/noticiasemdestaque.com\/cd\/?p=4042#breadcrumb","itemListElement":[{"@type":"ListItem","position":1,"name":"In\u00edcio","item":"https:\/\/noticiasemdestaque.com\/cd\/"},{"@type":"ListItem","position":2,"name":"Feira de Animais bate recorde e comercializa mais de mil animais em Monteiro"}]},{"@type":"WebSite","@id":"https:\/\/noticiasemdestaque.com\/cd\/#website","url":"https:\/\/noticiasemdestaque.com\/cd\/","name":"Not&iacute;cias em Destaque","description":"","publisher":{"@id":"https:\/\/noticiasemdestaque.com\/cd\/#organization"},"potentialAction":[{"@type":"SearchAction","target":{"@type":"EntryPoint","urlTemplate":"https:\/\/noticiasemdestaque.com\/cd\/?s={search_term_string}"},"query-input":{"@type":"PropertyValueSpecification","valueRequired":true,"valueName":"search_term_string"}}],"inLanguage":"pt-BR"},{"@type":"Organization","@id":"https:\/\/noticiasemdestaque.com\/cd\/#organization","name":"Not\u00edcias em Destaque","url":"https:\/\/noticiasemdestaque.com\/cd\/","logo":{"@type":"ImageObject","inLanguage":"pt-BR","@id":"https:\/\/noticiasemdestaque.com\/cd\/#\/schema\/logo\/image\/","url":"https:\/\/noticiasemdestaque.com\/cd\/wp-content\/uploads\/2022\/05\/imagem-base-noticiasemdestaque.png","contentUrl":"https:\/\/noticiasemdestaque.com\/cd\/wp-content\/uploads\/2022\/05\/imagem-base-noticiasemdestaque.png","width":1200,"height":630,"caption":"Not\u00edcias em Destaque"},"image":{"@id":"https:\/\/noticiasemdestaque.com\/cd\/#\/schema\/logo\/image\/"}},{"@type":"Person","@id":"https:\/\/noticiasemdestaque.com\/cd\/#\/schema\/person\/21320b03a7e8bb90128938dafc9b908a","name":"Not\u00edcias em Destaque","url":"https:\/\/noticiasemdestaque.com\/cd\/?author=2"}]}},"jetpack_featured_media_url":"https:\/\/noticiasemdestaque.com\/cd\/wp-content\/uploads\/2017\/09\/feira_animais_mnt.jpeg","jetpack_sharing_enabled":true,"_links":{"self":[{"href":"https:\/\/noticiasemdestaque.com\/cd\/index.php?rest_route=\/wp\/v2\/posts\/4042","targetHints":{"allow":["GET"]}}],"collection":[{"href":"https:\/\/noticiasemdestaque.com\/cd\/index.php?rest_route=\/wp\/v2\/posts"}],"about":[{"href":"https:\/\/noticiasemdestaque.com\/cd\/index.php?rest_route=\/wp\/v2\/types\/post"}],"author":[{"embeddable":true,"href":"https:\/\/noticiasemdestaque.com\/cd\/index.php?rest_route=\/wp\/v2\/users\/2"}],"replies":[{"embeddable":true,"href":"https:\/\/noticiasemdestaque.com\/cd\/index.php?rest_route=%2Fwp%2Fv2%2Fcomments&post=4042"}],"version-history":[{"count":1,"href":"https:\/\/noticiasemdestaque.com\/cd\/index.php?rest_route=\/wp\/v2\/posts\/4042\/revisions"}],"predecessor-version":[{"id":4044,"href":"https:\/\/noticiasemdestaque.com\/cd\/index.php?rest_route=\/wp\/v2\/posts\/4042\/revisions\/4044"}],"wp:featuredmedia":[{"embeddable":true,"href":"https:\/\/noticiasemdestaque.com\/cd\/index.php?rest_route=\/wp\/v2\/media\/4043"}],"wp:attachment":[{"href":"https:\/\/noticiasemdestaque.com\/cd\/index.php?rest_route=%2Fwp%2Fv2%2Fmedia&parent=4042"}],"wp:term":[{"taxonomy":"category","embeddable":true,"href":"https:\/\/noticiasemdestaque.com\/cd\/index.php?rest_route=%2Fwp%2Fv2%2Fcategories&post=4042"},{"taxonomy":"post_tag","embeddable":true,"href":"https:\/\/noticiasemdestaque.com\/cd\/index.php?rest_route=%2Fwp%2Fv2%2Ftags&post=4042"}],"curies":[{"name":"wp","href":"https:\/\/api.w.org\/{rel}","templated":true}]}}