{"id":4039,"date":"2017-09-05T15:44:44","date_gmt":"2017-09-05T18:44:44","guid":{"rendered":"http:\/\/caririemdestaque.com\/cd\/?p=4039"},"modified":"2017-09-05T15:44:44","modified_gmt":"2017-09-05T18:44:44","slug":"botijao-de-gas-de-cozinha-ficara-mais-caro-122-a-partir-de-amanha","status":"publish","type":"post","link":"https:\/\/noticiasemdestaque.com\/cd\/?p=4039","title":{"rendered":"Botij\u00e3o de g\u00e1s de cozinha ficar\u00e1 mais caro 12,2% a partir de amanh\u00e3"},"content":{"rendered":"<p><a href=\"http:\/\/caririemdestaque.com\/cd\/wp-content\/uploads\/2017\/09\/201709050335170000005468.jpg\"><img decoding=\"async\" class=\"size-thumbnail wp-image-4040 alignleft\" src=\"http:\/\/caririemdestaque.com\/cd\/wp-content\/uploads\/2017\/09\/201709050335170000005468-150x150.jpg\" alt=\"\" width=\"150\" height=\"150\" srcset=\"https:\/\/noticiasemdestaque.com\/cd\/wp-content\/uploads\/2017\/09\/201709050335170000005468-150x150.jpg 150w, https:\/\/noticiasemdestaque.com\/cd\/wp-content\/uploads\/2017\/09\/201709050335170000005468-266x266.jpg 266w\" sizes=\"(max-width: 150px) 100vw, 150px\" \/><\/a>A Petrobras anunciou nesta ter\u00e7a-feira (5), no Rio de Janeiro, reajuste de 12,2% para o g\u00e1s liquefeito de petr\u00f3leo (GLP) para uso residencial, o chamado g\u00e1s de cozinha, vendido em botij\u00f5es de at\u00e9 13 quilos. O aumento foi decidido pelo Grupo Executivo de Mercado e Pre\u00e7os (Gemp) da empresa e come\u00e7a a vigorar amanh\u00e3 (6).<\/p>\n<p>Segundo a Petrobras, o Gemp considerou para efeito de ajustes nos pre\u00e7os do g\u00e1s para uso residencial o cen\u00e1rio externo de estoques baixos, al\u00e9m dos reflexos de eventos clim\u00e1ticos, como o furac\u00e3o Harvey, na maior regi\u00e3o exportadora mundial do produto, que \u00e9 a cidade de Houston, no Texas, Estados Unidos, cujos terminais permanecem fora de opera\u00e7\u00e3o, o que afeta o mercado internacional. Com a menor disponibilidade de g\u00e1s, os mercados consumidores, inclusive o brasileiro, sofreram aumento de pre\u00e7o.<\/p>\n<p>A estatal afirmou, entretanto, que o reajuste aplicado \u201cn\u00e3o repassa integralmente a varia\u00e7\u00e3o de pre\u00e7os do mercado internacional\u201d. O Gemp far\u00e1 nova avalia\u00e7\u00e3o do comportamento do mercado no pr\u00f3ximo dia 21.<\/p>\n<p>A Petrobras destacou que o reajuste previsto foi aplicado sobre os pre\u00e7os praticados sem incid\u00eancia de tributos. Se for integralmente repassado aos pre\u00e7os ao consumidor, a empresa indicou que \u201co pre\u00e7o do botij\u00e3o de GLP P-13 pode ser reajustado, em m\u00e9dia, em 4,2% ou cerca de R$ 2,44 por botij\u00e3o, isso se forem mantidas as margens de distribui\u00e7\u00e3o e de revenda e as al\u00edquotas de tributos\u201d.<\/p>\n<p>A Petrobras reajustou tamb\u00e9m os pre\u00e7os de venda \u00e0s distribuidoras do GLP destinado aos usos industrial e comercial. O aumento m\u00e9dio de 2,5% entra em vigor amanh\u00e3 (6).<\/p>\n<p>Sindig\u00e1s distribui nota<\/p>\n<p>Em nota, o Sindicato Nacional das Empresas Distribuidoras de G\u00e1s Liquefeito de Petr\u00f3leo (Sindig\u00e1s) estimou que o reajuste para o g\u00e1s residencial ficar\u00e1 entre 11,3% e 13,2%, de acordo com o polo de suprimento.<\/p>\n<p>Como o aumento n\u00e3o repassa de forma integral a varia\u00e7\u00e3o de pre\u00e7os do mercado internacional, a entidade calculou que o pre\u00e7o do produto destinado a embalagens at\u00e9 13 quilos ficar\u00e1 16,56% abaixo da paridade de importa\u00e7\u00e3o. Segundo o Sindig\u00e1s, isso inibe investimentos privados em infraestrutura no setor de abastecimento.<\/p>\n<p>Em rela\u00e7\u00e3o ao reajuste nos pre\u00e7os do g\u00e1s industrial, para embalagens acima de 13 quilos, o Sindig\u00e1s indicou que a varia\u00e7\u00e3o ser\u00e1 entre 2,4% a 2,6%, dependendo do polo de suprimento.<\/p>\n<p>O sindicato externou preocupa\u00e7\u00e3o com o reajuste para o g\u00e1s industrial, porque \u201cafasta ainda mais o pre\u00e7o interno dos valores praticados no mercado internacional, impactando justamente setores que precisam reduzir custos\u201d.<\/p>\n<p>De acordo com o Sindig\u00e1s, esse aumento levar\u00e1 o valor do produto destinado a embalagens maiores que 13 quilos a ficar 39,94% acima da paridade de importa\u00e7\u00e3o<\/p>\n<p><em><strong>Cariri em Destaque<\/strong><\/em><\/p>\n<p>Ag\u00eancia Brasil<\/p>\n","protected":false},"excerpt":{"rendered":"<p>A Petrobras anunciou nesta ter\u00e7a-feira (5), no Rio de Janeiro, reajuste de 12,2% para o g\u00e1s liquefeito de petr\u00f3leo (GLP) para uso residencial, o chamado g\u00e1s de cozinha, vendido em botij\u00f5es de at\u00e9 13 quilos. O aumento foi decidido pelo Grupo Executivo de Mercado e Pre\u00e7os (Gemp) da empresa e come\u00e7a a vigorar amanh\u00e3 (6). Segundo a Petrobras, o Gemp considerou para efeito de ajustes nos pre\u00e7os do g\u00e1s para uso residencial o cen\u00e1rio externo de estoques baixos, al\u00e9m dos reflexos de eventos clim\u00e1ticos, como o furac\u00e3o Harvey, na maior regi\u00e3o exportadora mundial do produto, que \u00e9 a cidade de Houston, no Texas, Estados Unidos, cujos terminais permanecem fora de opera\u00e7\u00e3o, o que afeta o mercado internacional. Com a menor disponibilidade de g\u00e1s, os mercados consumidores, inclusive o brasileiro, sofreram aumento de pre\u00e7o. A estatal afirmou, entretanto, que o reajuste aplicado \u201cn\u00e3o repassa integralmente a varia\u00e7\u00e3o de pre\u00e7os do mercado internacional\u201d. O Gemp far\u00e1 nova avalia\u00e7\u00e3o do comportamento do mercado no pr\u00f3ximo dia 21. A Petrobras destacou que o reajuste previsto foi aplicado sobre os pre\u00e7os praticados sem incid\u00eancia de tributos. Se for integralmente repassado aos pre\u00e7os ao consumidor, a empresa indicou que \u201co pre\u00e7o do botij\u00e3o de GLP P-13 pode ser reajustado, em m\u00e9dia, em 4,2% ou cerca de R$ 2,44 por botij\u00e3o, isso se forem mantidas as margens de distribui\u00e7\u00e3o e de revenda e as al\u00edquotas de tributos\u201d. A Petrobras reajustou tamb\u00e9m os pre\u00e7os de venda \u00e0s distribuidoras do GLP destinado aos usos industrial e comercial. O aumento m\u00e9dio de 2,5% entra em vigor amanh\u00e3 (6). Sindig\u00e1s distribui nota Em nota, o Sindicato Nacional das Empresas Distribuidoras de G\u00e1s Liquefeito de Petr\u00f3leo (Sindig\u00e1s) estimou que o reajuste para o g\u00e1s residencial ficar\u00e1 entre 11,3% e 13,2%, de acordo com o polo de suprimento. Como o aumento n\u00e3o repassa de forma integral a varia\u00e7\u00e3o de pre\u00e7os do mercado internacional, a entidade calculou que o pre\u00e7o do produto destinado a embalagens at\u00e9 13 quilos ficar\u00e1 16,56% abaixo da paridade de importa\u00e7\u00e3o. Segundo o Sindig\u00e1s, isso inibe investimentos privados em infraestrutura no setor de abastecimento. Em rela\u00e7\u00e3o ao reajuste nos pre\u00e7os do g\u00e1s industrial, para embalagens acima de 13 quilos, o Sindig\u00e1s indicou que a varia\u00e7\u00e3o ser\u00e1 entre 2,4% a 2,6%, dependendo do polo de suprimento. O sindicato externou preocupa\u00e7\u00e3o com o reajuste para o g\u00e1s industrial, porque \u201cafasta ainda mais o pre\u00e7o interno dos valores praticados no mercado internacional, impactando justamente setores que precisam reduzir custos\u201d. De acordo com o Sindig\u00e1s, esse aumento levar\u00e1 o valor do produto destinado a embalagens maiores que 13 quilos a ficar 39,94% acima da paridade de importa\u00e7\u00e3o Cariri em Destaque Ag\u00eancia Brasil<\/p>\n","protected":false},"author":2,"featured_media":4040,"comment_status":"closed","ping_status":"open","sticky":false,"template":"","format":"standard","meta":{"_eb_attr":"","_jetpack_memberships_contains_paid_content":false,"footnotes":""},"categories":[11],"tags":[],"class_list":["post-4039","post","type-post","status-publish","format-standard","has-post-thumbnail","hentry","category-economia"],"yoast_head":"<!-- This site is optimized with the Yoast SEO plugin v26.5 - https:\/\/yoast.com\/wordpress\/plugins\/seo\/ -->\n<title>Botij\u00e3o de g\u00e1s de cozinha ficar\u00e1 mais caro 12,2% a partir de amanh\u00e3 - Not&iacute;cias em Destaque<\/title>\n<meta name=\"robots\" content=\"index, follow, max-snippet:-1, max-image-preview:large, max-video-preview:-1\" \/>\n<link rel=\"canonical\" href=\"https:\/\/noticiasemdestaque.com\/cd\/?p=4039\" \/>\n<meta property=\"og:locale\" content=\"pt_BR\" \/>\n<meta property=\"og:type\" content=\"article\" \/>\n<meta property=\"og:title\" content=\"Botij\u00e3o de g\u00e1s de cozinha ficar\u00e1 mais caro 12,2% a partir de amanh\u00e3 - Not&iacute;cias em Destaque\" \/>\n<meta property=\"og:description\" content=\"A Petrobras anunciou nesta ter\u00e7a-feira (5), no Rio de Janeiro, reajuste de 12,2% para o g\u00e1s liquefeito de petr\u00f3leo (GLP) para uso residencial, o chamado g\u00e1s de cozinha, vendido em botij\u00f5es de at\u00e9 13 quilos. O aumento foi decidido pelo Grupo Executivo de Mercado e Pre\u00e7os (Gemp) da empresa e come\u00e7a a vigorar amanh\u00e3 (6). Segundo a Petrobras, o Gemp considerou para efeito de ajustes nos pre\u00e7os do g\u00e1s para uso residencial o cen\u00e1rio externo de estoques baixos, al\u00e9m dos reflexos de eventos clim\u00e1ticos, como o furac\u00e3o Harvey, na maior regi\u00e3o exportadora mundial do produto, que \u00e9 a cidade de Houston, no Texas, Estados Unidos, cujos terminais permanecem fora de opera\u00e7\u00e3o, o que afeta o mercado internacional. Com a menor disponibilidade de g\u00e1s, os mercados consumidores, inclusive o brasileiro, sofreram aumento de pre\u00e7o. A estatal afirmou, entretanto, que o reajuste aplicado \u201cn\u00e3o repassa integralmente a varia\u00e7\u00e3o de pre\u00e7os do mercado internacional\u201d. O Gemp far\u00e1 nova avalia\u00e7\u00e3o do comportamento do mercado no pr\u00f3ximo dia 21. A Petrobras destacou que o reajuste previsto foi aplicado sobre os pre\u00e7os praticados sem incid\u00eancia de tributos. Se for integralmente repassado aos pre\u00e7os ao consumidor, a empresa indicou que \u201co pre\u00e7o do botij\u00e3o de GLP P-13 pode ser reajustado, em m\u00e9dia, em 4,2% ou cerca de R$ 2,44 por botij\u00e3o, isso se forem mantidas as margens de distribui\u00e7\u00e3o e de revenda e as al\u00edquotas de tributos\u201d. A Petrobras reajustou tamb\u00e9m os pre\u00e7os de venda \u00e0s distribuidoras do GLP destinado aos usos industrial e comercial. O aumento m\u00e9dio de 2,5% entra em vigor amanh\u00e3 (6). Sindig\u00e1s distribui nota Em nota, o Sindicato Nacional das Empresas Distribuidoras de G\u00e1s Liquefeito de Petr\u00f3leo (Sindig\u00e1s) estimou que o reajuste para o g\u00e1s residencial ficar\u00e1 entre 11,3% e 13,2%, de acordo com o polo de suprimento. Como o aumento n\u00e3o repassa de forma integral a varia\u00e7\u00e3o de pre\u00e7os do mercado internacional, a entidade calculou que o pre\u00e7o do produto destinado a embalagens at\u00e9 13 quilos ficar\u00e1 16,56% abaixo da paridade de importa\u00e7\u00e3o. Segundo o Sindig\u00e1s, isso inibe investimentos privados em infraestrutura no setor de abastecimento. Em rela\u00e7\u00e3o ao reajuste nos pre\u00e7os do g\u00e1s industrial, para embalagens acima de 13 quilos, o Sindig\u00e1s indicou que a varia\u00e7\u00e3o ser\u00e1 entre 2,4% a 2,6%, dependendo do polo de suprimento. O sindicato externou preocupa\u00e7\u00e3o com o reajuste para o g\u00e1s industrial, porque \u201cafasta ainda mais o pre\u00e7o interno dos valores praticados no mercado internacional, impactando justamente setores que precisam reduzir custos\u201d. De acordo com o Sindig\u00e1s, esse aumento levar\u00e1 o valor do produto destinado a embalagens maiores que 13 quilos a ficar 39,94% acima da paridade de importa\u00e7\u00e3o Cariri em Destaque Ag\u00eancia Brasil\" \/>\n<meta property=\"og:url\" content=\"https:\/\/noticiasemdestaque.com\/cd\/?p=4039\" \/>\n<meta property=\"og:site_name\" content=\"Not&iacute;cias em Destaque\" \/>\n<meta property=\"article:published_time\" content=\"2017-09-05T18:44:44+00:00\" \/>\n<meta property=\"og:image\" content=\"https:\/\/noticiasemdestaque.com\/cd\/wp-content\/uploads\/2017\/09\/201709050335170000005468.jpg\" \/>\n\t<meta property=\"og:image:width\" content=\"480\" \/>\n\t<meta property=\"og:image:height\" content=\"350\" \/>\n\t<meta property=\"og:image:type\" content=\"image\/jpeg\" \/>\n<meta name=\"author\" content=\"Not\u00edcias em Destaque\" \/>\n<meta name=\"twitter:card\" content=\"summary_large_image\" \/>\n<meta name=\"twitter:label1\" content=\"Escrito por\" \/>\n\t<meta name=\"twitter:data1\" content=\"Not\u00edcias em Destaque\" \/>\n\t<meta name=\"twitter:label2\" content=\"Est. tempo de leitura\" \/>\n\t<meta name=\"twitter:data2\" content=\"2 minutos\" \/>\n<script type=\"application\/ld+json\" class=\"yoast-schema-graph\">{\"@context\":\"https:\/\/schema.org\",\"@graph\":[{\"@type\":\"Article\",\"@id\":\"https:\/\/noticiasemdestaque.com\/cd\/?p=4039#article\",\"isPartOf\":{\"@id\":\"https:\/\/noticiasemdestaque.com\/cd\/?p=4039\"},\"author\":{\"name\":\"Not\u00edcias em Destaque\",\"@id\":\"https:\/\/noticiasemdestaque.com\/cd\/#\/schema\/person\/21320b03a7e8bb90128938dafc9b908a\"},\"headline\":\"Botij\u00e3o de g\u00e1s de cozinha ficar\u00e1 mais caro 12,2% a partir de amanh\u00e3\",\"datePublished\":\"2017-09-05T18:44:44+00:00\",\"mainEntityOfPage\":{\"@id\":\"https:\/\/noticiasemdestaque.com\/cd\/?p=4039\"},\"wordCount\":489,\"publisher\":{\"@id\":\"https:\/\/noticiasemdestaque.com\/cd\/#organization\"},\"image\":{\"@id\":\"https:\/\/noticiasemdestaque.com\/cd\/?p=4039#primaryimage\"},\"thumbnailUrl\":\"https:\/\/noticiasemdestaque.com\/cd\/wp-content\/uploads\/2017\/09\/201709050335170000005468.jpg\",\"articleSection\":[\"Economia\"],\"inLanguage\":\"pt-BR\"},{\"@type\":\"WebPage\",\"@id\":\"https:\/\/noticiasemdestaque.com\/cd\/?p=4039\",\"url\":\"https:\/\/noticiasemdestaque.com\/cd\/?p=4039\",\"name\":\"Botij\u00e3o de g\u00e1s de cozinha ficar\u00e1 mais caro 12,2% a partir de amanh\u00e3 - Not&iacute;cias em Destaque\",\"isPartOf\":{\"@id\":\"https:\/\/noticiasemdestaque.com\/cd\/#website\"},\"primaryImageOfPage\":{\"@id\":\"https:\/\/noticiasemdestaque.com\/cd\/?p=4039#primaryimage\"},\"image\":{\"@id\":\"https:\/\/noticiasemdestaque.com\/cd\/?p=4039#primaryimage\"},\"thumbnailUrl\":\"https:\/\/noticiasemdestaque.com\/cd\/wp-content\/uploads\/2017\/09\/201709050335170000005468.jpg\",\"datePublished\":\"2017-09-05T18:44:44+00:00\",\"breadcrumb\":{\"@id\":\"https:\/\/noticiasemdestaque.com\/cd\/?p=4039#breadcrumb\"},\"inLanguage\":\"pt-BR\",\"potentialAction\":[{\"@type\":\"ReadAction\",\"target\":[\"https:\/\/noticiasemdestaque.com\/cd\/?p=4039\"]}]},{\"@type\":\"ImageObject\",\"inLanguage\":\"pt-BR\",\"@id\":\"https:\/\/noticiasemdestaque.com\/cd\/?p=4039#primaryimage\",\"url\":\"https:\/\/noticiasemdestaque.com\/cd\/wp-content\/uploads\/2017\/09\/201709050335170000005468.jpg\",\"contentUrl\":\"https:\/\/noticiasemdestaque.com\/cd\/wp-content\/uploads\/2017\/09\/201709050335170000005468.jpg\",\"width\":480,\"height\":350},{\"@type\":\"BreadcrumbList\",\"@id\":\"https:\/\/noticiasemdestaque.com\/cd\/?p=4039#breadcrumb\",\"itemListElement\":[{\"@type\":\"ListItem\",\"position\":1,\"name\":\"In\u00edcio\",\"item\":\"https:\/\/noticiasemdestaque.com\/cd\/\"},{\"@type\":\"ListItem\",\"position\":2,\"name\":\"Botij\u00e3o de g\u00e1s de cozinha ficar\u00e1 mais caro 12,2% a partir de amanh\u00e3\"}]},{\"@type\":\"WebSite\",\"@id\":\"https:\/\/noticiasemdestaque.com\/cd\/#website\",\"url\":\"https:\/\/noticiasemdestaque.com\/cd\/\",\"name\":\"Not&iacute;cias em Destaque\",\"description\":\"\",\"publisher\":{\"@id\":\"https:\/\/noticiasemdestaque.com\/cd\/#organization\"},\"potentialAction\":[{\"@type\":\"SearchAction\",\"target\":{\"@type\":\"EntryPoint\",\"urlTemplate\":\"https:\/\/noticiasemdestaque.com\/cd\/?s={search_term_string}\"},\"query-input\":{\"@type\":\"PropertyValueSpecification\",\"valueRequired\":true,\"valueName\":\"search_term_string\"}}],\"inLanguage\":\"pt-BR\"},{\"@type\":\"Organization\",\"@id\":\"https:\/\/noticiasemdestaque.com\/cd\/#organization\",\"name\":\"Not\u00edcias em Destaque\",\"url\":\"https:\/\/noticiasemdestaque.com\/cd\/\",\"logo\":{\"@type\":\"ImageObject\",\"inLanguage\":\"pt-BR\",\"@id\":\"https:\/\/noticiasemdestaque.com\/cd\/#\/schema\/logo\/image\/\",\"url\":\"https:\/\/noticiasemdestaque.com\/cd\/wp-content\/uploads\/2022\/05\/imagem-base-noticiasemdestaque.png\",\"contentUrl\":\"https:\/\/noticiasemdestaque.com\/cd\/wp-content\/uploads\/2022\/05\/imagem-base-noticiasemdestaque.png\",\"width\":1200,\"height\":630,\"caption\":\"Not\u00edcias em Destaque\"},\"image\":{\"@id\":\"https:\/\/noticiasemdestaque.com\/cd\/#\/schema\/logo\/image\/\"}},{\"@type\":\"Person\",\"@id\":\"https:\/\/noticiasemdestaque.com\/cd\/#\/schema\/person\/21320b03a7e8bb90128938dafc9b908a\",\"name\":\"Not\u00edcias em Destaque\",\"url\":\"https:\/\/noticiasemdestaque.com\/cd\/?author=2\"}]}<\/script>\n<!-- \/ Yoast SEO plugin. -->","yoast_head_json":{"title":"Botij\u00e3o de g\u00e1s de cozinha ficar\u00e1 mais caro 12,2% a partir de amanh\u00e3 - Not&iacute;cias em Destaque","robots":{"index":"index","follow":"follow","max-snippet":"max-snippet:-1","max-image-preview":"max-image-preview:large","max-video-preview":"max-video-preview:-1"},"canonical":"https:\/\/noticiasemdestaque.com\/cd\/?p=4039","og_locale":"pt_BR","og_type":"article","og_title":"Botij\u00e3o de g\u00e1s de cozinha ficar\u00e1 mais caro 12,2% a partir de amanh\u00e3 - Not&iacute;cias em Destaque","og_description":"A Petrobras anunciou nesta ter\u00e7a-feira (5), no Rio de Janeiro, reajuste de 12,2% para o g\u00e1s liquefeito de petr\u00f3leo (GLP) para uso residencial, o chamado g\u00e1s de cozinha, vendido em botij\u00f5es de at\u00e9 13 quilos. O aumento foi decidido pelo Grupo Executivo de Mercado e Pre\u00e7os (Gemp) da empresa e come\u00e7a a vigorar amanh\u00e3 (6). Segundo a Petrobras, o Gemp considerou para efeito de ajustes nos pre\u00e7os do g\u00e1s para uso residencial o cen\u00e1rio externo de estoques baixos, al\u00e9m dos reflexos de eventos clim\u00e1ticos, como o furac\u00e3o Harvey, na maior regi\u00e3o exportadora mundial do produto, que \u00e9 a cidade de Houston, no Texas, Estados Unidos, cujos terminais permanecem fora de opera\u00e7\u00e3o, o que afeta o mercado internacional. Com a menor disponibilidade de g\u00e1s, os mercados consumidores, inclusive o brasileiro, sofreram aumento de pre\u00e7o. A estatal afirmou, entretanto, que o reajuste aplicado \u201cn\u00e3o repassa integralmente a varia\u00e7\u00e3o de pre\u00e7os do mercado internacional\u201d. O Gemp far\u00e1 nova avalia\u00e7\u00e3o do comportamento do mercado no pr\u00f3ximo dia 21. A Petrobras destacou que o reajuste previsto foi aplicado sobre os pre\u00e7os praticados sem incid\u00eancia de tributos. Se for integralmente repassado aos pre\u00e7os ao consumidor, a empresa indicou que \u201co pre\u00e7o do botij\u00e3o de GLP P-13 pode ser reajustado, em m\u00e9dia, em 4,2% ou cerca de R$ 2,44 por botij\u00e3o, isso se forem mantidas as margens de distribui\u00e7\u00e3o e de revenda e as al\u00edquotas de tributos\u201d. A Petrobras reajustou tamb\u00e9m os pre\u00e7os de venda \u00e0s distribuidoras do GLP destinado aos usos industrial e comercial. O aumento m\u00e9dio de 2,5% entra em vigor amanh\u00e3 (6). Sindig\u00e1s distribui nota Em nota, o Sindicato Nacional das Empresas Distribuidoras de G\u00e1s Liquefeito de Petr\u00f3leo (Sindig\u00e1s) estimou que o reajuste para o g\u00e1s residencial ficar\u00e1 entre 11,3% e 13,2%, de acordo com o polo de suprimento. Como o aumento n\u00e3o repassa de forma integral a varia\u00e7\u00e3o de pre\u00e7os do mercado internacional, a entidade calculou que o pre\u00e7o do produto destinado a embalagens at\u00e9 13 quilos ficar\u00e1 16,56% abaixo da paridade de importa\u00e7\u00e3o. Segundo o Sindig\u00e1s, isso inibe investimentos privados em infraestrutura no setor de abastecimento. Em rela\u00e7\u00e3o ao reajuste nos pre\u00e7os do g\u00e1s industrial, para embalagens acima de 13 quilos, o Sindig\u00e1s indicou que a varia\u00e7\u00e3o ser\u00e1 entre 2,4% a 2,6%, dependendo do polo de suprimento. O sindicato externou preocupa\u00e7\u00e3o com o reajuste para o g\u00e1s industrial, porque \u201cafasta ainda mais o pre\u00e7o interno dos valores praticados no mercado internacional, impactando justamente setores que precisam reduzir custos\u201d. De acordo com o Sindig\u00e1s, esse aumento levar\u00e1 o valor do produto destinado a embalagens maiores que 13 quilos a ficar 39,94% acima da paridade de importa\u00e7\u00e3o Cariri em Destaque Ag\u00eancia Brasil","og_url":"https:\/\/noticiasemdestaque.com\/cd\/?p=4039","og_site_name":"Not&iacute;cias em Destaque","article_published_time":"2017-09-05T18:44:44+00:00","og_image":[{"width":480,"height":350,"url":"https:\/\/noticiasemdestaque.com\/cd\/wp-content\/uploads\/2017\/09\/201709050335170000005468.jpg","type":"image\/jpeg"}],"author":"Not\u00edcias em Destaque","twitter_card":"summary_large_image","twitter_misc":{"Escrito por":"Not\u00edcias em Destaque","Est. tempo de leitura":"2 minutos"},"schema":{"@context":"https:\/\/schema.org","@graph":[{"@type":"Article","@id":"https:\/\/noticiasemdestaque.com\/cd\/?p=4039#article","isPartOf":{"@id":"https:\/\/noticiasemdestaque.com\/cd\/?p=4039"},"author":{"name":"Not\u00edcias em Destaque","@id":"https:\/\/noticiasemdestaque.com\/cd\/#\/schema\/person\/21320b03a7e8bb90128938dafc9b908a"},"headline":"Botij\u00e3o de g\u00e1s de cozinha ficar\u00e1 mais caro 12,2% a partir de amanh\u00e3","datePublished":"2017-09-05T18:44:44+00:00","mainEntityOfPage":{"@id":"https:\/\/noticiasemdestaque.com\/cd\/?p=4039"},"wordCount":489,"publisher":{"@id":"https:\/\/noticiasemdestaque.com\/cd\/#organization"},"image":{"@id":"https:\/\/noticiasemdestaque.com\/cd\/?p=4039#primaryimage"},"thumbnailUrl":"https:\/\/noticiasemdestaque.com\/cd\/wp-content\/uploads\/2017\/09\/201709050335170000005468.jpg","articleSection":["Economia"],"inLanguage":"pt-BR"},{"@type":"WebPage","@id":"https:\/\/noticiasemdestaque.com\/cd\/?p=4039","url":"https:\/\/noticiasemdestaque.com\/cd\/?p=4039","name":"Botij\u00e3o de g\u00e1s de cozinha ficar\u00e1 mais caro 12,2% a partir de amanh\u00e3 - Not&iacute;cias em Destaque","isPartOf":{"@id":"https:\/\/noticiasemdestaque.com\/cd\/#website"},"primaryImageOfPage":{"@id":"https:\/\/noticiasemdestaque.com\/cd\/?p=4039#primaryimage"},"image":{"@id":"https:\/\/noticiasemdestaque.com\/cd\/?p=4039#primaryimage"},"thumbnailUrl":"https:\/\/noticiasemdestaque.com\/cd\/wp-content\/uploads\/2017\/09\/201709050335170000005468.jpg","datePublished":"2017-09-05T18:44:44+00:00","breadcrumb":{"@id":"https:\/\/noticiasemdestaque.com\/cd\/?p=4039#breadcrumb"},"inLanguage":"pt-BR","potentialAction":[{"@type":"ReadAction","target":["https:\/\/noticiasemdestaque.com\/cd\/?p=4039"]}]},{"@type":"ImageObject","inLanguage":"pt-BR","@id":"https:\/\/noticiasemdestaque.com\/cd\/?p=4039#primaryimage","url":"https:\/\/noticiasemdestaque.com\/cd\/wp-content\/uploads\/2017\/09\/201709050335170000005468.jpg","contentUrl":"https:\/\/noticiasemdestaque.com\/cd\/wp-content\/uploads\/2017\/09\/201709050335170000005468.jpg","width":480,"height":350},{"@type":"BreadcrumbList","@id":"https:\/\/noticiasemdestaque.com\/cd\/?p=4039#breadcrumb","itemListElement":[{"@type":"ListItem","position":1,"name":"In\u00edcio","item":"https:\/\/noticiasemdestaque.com\/cd\/"},{"@type":"ListItem","position":2,"name":"Botij\u00e3o de g\u00e1s de cozinha ficar\u00e1 mais caro 12,2% a partir de amanh\u00e3"}]},{"@type":"WebSite","@id":"https:\/\/noticiasemdestaque.com\/cd\/#website","url":"https:\/\/noticiasemdestaque.com\/cd\/","name":"Not&iacute;cias em Destaque","description":"","publisher":{"@id":"https:\/\/noticiasemdestaque.com\/cd\/#organization"},"potentialAction":[{"@type":"SearchAction","target":{"@type":"EntryPoint","urlTemplate":"https:\/\/noticiasemdestaque.com\/cd\/?s={search_term_string}"},"query-input":{"@type":"PropertyValueSpecification","valueRequired":true,"valueName":"search_term_string"}}],"inLanguage":"pt-BR"},{"@type":"Organization","@id":"https:\/\/noticiasemdestaque.com\/cd\/#organization","name":"Not\u00edcias em Destaque","url":"https:\/\/noticiasemdestaque.com\/cd\/","logo":{"@type":"ImageObject","inLanguage":"pt-BR","@id":"https:\/\/noticiasemdestaque.com\/cd\/#\/schema\/logo\/image\/","url":"https:\/\/noticiasemdestaque.com\/cd\/wp-content\/uploads\/2022\/05\/imagem-base-noticiasemdestaque.png","contentUrl":"https:\/\/noticiasemdestaque.com\/cd\/wp-content\/uploads\/2022\/05\/imagem-base-noticiasemdestaque.png","width":1200,"height":630,"caption":"Not\u00edcias em Destaque"},"image":{"@id":"https:\/\/noticiasemdestaque.com\/cd\/#\/schema\/logo\/image\/"}},{"@type":"Person","@id":"https:\/\/noticiasemdestaque.com\/cd\/#\/schema\/person\/21320b03a7e8bb90128938dafc9b908a","name":"Not\u00edcias em Destaque","url":"https:\/\/noticiasemdestaque.com\/cd\/?author=2"}]}},"jetpack_featured_media_url":"https:\/\/noticiasemdestaque.com\/cd\/wp-content\/uploads\/2017\/09\/201709050335170000005468.jpg","jetpack_sharing_enabled":true,"_links":{"self":[{"href":"https:\/\/noticiasemdestaque.com\/cd\/index.php?rest_route=\/wp\/v2\/posts\/4039","targetHints":{"allow":["GET"]}}],"collection":[{"href":"https:\/\/noticiasemdestaque.com\/cd\/index.php?rest_route=\/wp\/v2\/posts"}],"about":[{"href":"https:\/\/noticiasemdestaque.com\/cd\/index.php?rest_route=\/wp\/v2\/types\/post"}],"author":[{"embeddable":true,"href":"https:\/\/noticiasemdestaque.com\/cd\/index.php?rest_route=\/wp\/v2\/users\/2"}],"replies":[{"embeddable":true,"href":"https:\/\/noticiasemdestaque.com\/cd\/index.php?rest_route=%2Fwp%2Fv2%2Fcomments&post=4039"}],"version-history":[{"count":1,"href":"https:\/\/noticiasemdestaque.com\/cd\/index.php?rest_route=\/wp\/v2\/posts\/4039\/revisions"}],"predecessor-version":[{"id":4041,"href":"https:\/\/noticiasemdestaque.com\/cd\/index.php?rest_route=\/wp\/v2\/posts\/4039\/revisions\/4041"}],"wp:featuredmedia":[{"embeddable":true,"href":"https:\/\/noticiasemdestaque.com\/cd\/index.php?rest_route=\/wp\/v2\/media\/4040"}],"wp:attachment":[{"href":"https:\/\/noticiasemdestaque.com\/cd\/index.php?rest_route=%2Fwp%2Fv2%2Fmedia&parent=4039"}],"wp:term":[{"taxonomy":"category","embeddable":true,"href":"https:\/\/noticiasemdestaque.com\/cd\/index.php?rest_route=%2Fwp%2Fv2%2Fcategories&post=4039"},{"taxonomy":"post_tag","embeddable":true,"href":"https:\/\/noticiasemdestaque.com\/cd\/index.php?rest_route=%2Fwp%2Fv2%2Ftags&post=4039"}],"curies":[{"name":"wp","href":"https:\/\/api.w.org\/{rel}","templated":true}]}}