{"id":4031,"date":"2017-09-05T07:26:56","date_gmt":"2017-09-05T10:26:56","guid":{"rendered":"http:\/\/caririemdestaque.com\/cd\/?p=4031"},"modified":"2017-09-05T07:26:56","modified_gmt":"2017-09-05T10:26:56","slug":"9o-festival-do-mel-em-sao-jose-dos-cordeiros-tem-programacao-definida","status":"publish","type":"post","link":"https:\/\/noticiasemdestaque.com\/cd\/?p=4031","title":{"rendered":"9\u00ba Festival do Mel em S\u00e3o Jos\u00e9 dos Cordeiros tem programa\u00e7\u00e3o definida"},"content":{"rendered":"<p><a href=\"http:\/\/caririemdestaque.com\/cd\/wp-content\/uploads\/2017\/09\/festival_mel_nova.jpg\"><img fetchpriority=\"high\" decoding=\"async\" class=\"wp-image-4032 size-medium alignleft\" src=\"http:\/\/caririemdestaque.com\/cd\/wp-content\/uploads\/2017\/09\/festival_mel_nova-300x188.jpg\" alt=\"\" width=\"300\" height=\"188\" srcset=\"https:\/\/noticiasemdestaque.com\/cd\/wp-content\/uploads\/2017\/09\/festival_mel_nova-300x188.jpg 300w, https:\/\/noticiasemdestaque.com\/cd\/wp-content\/uploads\/2017\/09\/festival_mel_nova.jpg 552w\" sizes=\"(max-width: 300px) 100vw, 300px\" \/><\/a>A Capital do Mel, S\u00e3o Jos\u00e9 dos Cordeiros, ser\u00e1 palco para mais uma edi\u00e7\u00e3o do Festival do Mel. Com programa\u00e7\u00e3o t\u00e9cnica e de shows, o evento \u00e9 um dos maiores da Para\u00edba e dever\u00e1 aquecer a economia local mesmo em meio a profunda crise financeira que enfrenta o Pa\u00eds.<\/p>\n<p>A grade de shows do 9\u00ba Festival do Mel foi definida e contar\u00e1 com apresenta\u00e7\u00f5es musicais nos dias 22, 23 e 24 de setembro. O destaque do primeiro dia ficar\u00e1 a cargo do concurso Garota do Mel, que eleger\u00e1 a garota mais bela da cidade em um badalado desfile. Logo em seguida Z\u00e9 Dapaz do Acordeon animar\u00e1 o p\u00fablico presente.<\/p>\n<p>No s\u00e1bado, as atra\u00e7\u00f5es que animar\u00e3o o palco principal ser\u00e3o: Bob L\u00e9o Mercadoria, Santanna O Cantador e Forr\u00f3 Gente Boa. No domingo, a festa ficar\u00e1 por conta de Mano Walter, Wallas Arraes e Karas do Forr\u00f3.<\/p>\n<p>Segundo o prefeito Jefferson Roberto, a programa\u00e7\u00e3o t\u00e9cnica ser\u00e1 tamb\u00e9m muito rica em temas e palestrantes. Grupos de universit\u00e1rios e apicultores de todo a Para\u00edba e at\u00e9 de vizinhos estados se far\u00e3o presentes.<\/p>\n<p><strong>Veja a programa\u00e7\u00e3o completa do 9\u00ba Festival do Mel:<\/strong><\/p>\n<p><strong>Dia 22 \u2013 SEXTA-FEIRA<\/strong><\/p>\n<p>19:00 \u2013 Solenidade de Abertura;<\/p>\n<p>19:30 \u2013 Concurso da Garota do Mel<br \/>\nShow com Z\u00e9 Dapaz do Acordeon<\/p>\n<p><strong>Dia 23 \u2013 S\u00c1BADO<\/strong><\/p>\n<p>8:00 \u2013 Credenciamento;<\/p>\n<p>9:00 \u2013 Palestra: Profissionaliza\u00e7\u00e3o da Apicultura no Brasil;<\/p>\n<p>Palestrante: Jos\u00e9 Soares de Arag\u00e3o Brito \u2013 Presidente da Confedera\u00e7\u00e3o Brasileira de Apicultura.<\/p>\n<p>10:00 \u2013 Palestra: Manejo avan\u00e7ado para a alta produ\u00e7\u00e3o visando a profissionaliza\u00e7\u00e3o do setor;<\/p>\n<p>Palestrante: Gustavo Nadeu Bijos \u2013 M\u00e9dico Veterin\u00e1rio \/ SENAR-MS.<\/p>\n<p>11:30 \u2013 Visita T\u00e9cnica ao Api\u00e1rio;<\/p>\n<p>12:00 \u2013 Almo\u00e7o;<\/p>\n<p>14:00 \u2013 Palestra: Meliponicultura no Semi\u00e1rio \u2013 A Jandaira como propulsora de uma atividade sustent\u00e1vel;<\/p>\n<p>Palestrante: Victor Hugo Pedra\u00e7a Dias \u2013 Eng. Agr\u00f4nomo \/ EMATER-RN.<\/p>\n<p>15:30 \u2013 Palestra: Empoderamento Feminino na Apicultura;<\/p>\n<p>Palestrante: Prof.\u00aa Luciene Xavier de Mesquita Carvalho \/ IFRN Pau dos Ferros.<\/p>\n<p>16:30 \u2013 Plen\u00e1ria da FEAMEPB \u2013 Federa\u00e7\u00e3o de Apicultura e Meliponicultura da Para\u00edba;<\/p>\n<p>Moderador: Leon Denis Batista do Carmo \u2013 Presidente da FEAMEPB.<\/p>\n<p>17:30 \u2013 Apresenta\u00e7\u00e3o de Trabalhos Cient\u00edficos;<\/p>\n<p>22hrs \u2013 Shows com Bob L\u00e9o Mercadoria, Santanna O Cantador e Forr\u00f3 Gente Boa.<strong>\u00a0<\/strong><\/p>\n<p><strong>Dia 24 \u2013 DOMINGO<\/strong><\/p>\n<p>Oficinas 1 e 2 de 10:00h as 11:00h e de 11:00h as 12:00<\/p>\n<p>Oficina 1: Novas T\u00e9cnicas para Alimenta\u00e7\u00e3o artificial de abelhas;<\/p>\n<p>Instrutor: Leon Denis Batista do Carmo \u2013 EMEPA PB \/ SENAR PB \/ FEAMEPB.<\/p>\n<p>Oficina 2: Passo a Passo para a cria\u00e7\u00e3o de Abelhas sem ferr\u00e3o no Semi\u00e1rido;<\/p>\n<p>Instrutor: Josenildo Querino Dias \u2013 Zootecnista \/ Consultor SEBRAE-PB.<\/p>\n<p>21hs \u2013 Mano Walter, Wallas Arraes e Karas do Forr\u00f3<\/p>\n","protected":false},"excerpt":{"rendered":"<p>A Capital do Mel, S\u00e3o Jos\u00e9 dos Cordeiros, ser\u00e1 palco para mais uma edi\u00e7\u00e3o do Festival do Mel. Com programa\u00e7\u00e3o t\u00e9cnica e de shows, o evento \u00e9 um dos maiores da Para\u00edba e dever\u00e1 aquecer a economia local mesmo em meio a profunda crise financeira que enfrenta o Pa\u00eds. A grade de shows do 9\u00ba Festival do Mel foi definida e contar\u00e1 com apresenta\u00e7\u00f5es musicais nos dias 22, 23 e 24 de setembro. O destaque do primeiro dia ficar\u00e1 a cargo do concurso Garota do Mel, que eleger\u00e1 a garota mais bela da cidade em um badalado desfile. Logo em seguida Z\u00e9 Dapaz do Acordeon animar\u00e1 o p\u00fablico presente. No s\u00e1bado, as atra\u00e7\u00f5es que animar\u00e3o o palco principal ser\u00e3o: Bob L\u00e9o Mercadoria, Santanna O Cantador e Forr\u00f3 Gente Boa. No domingo, a festa ficar\u00e1 por conta de Mano Walter, Wallas Arraes e Karas do Forr\u00f3. Segundo o prefeito Jefferson Roberto, a programa\u00e7\u00e3o t\u00e9cnica ser\u00e1 tamb\u00e9m muito rica em temas e palestrantes. Grupos de universit\u00e1rios e apicultores de todo a Para\u00edba e at\u00e9 de vizinhos estados se far\u00e3o presentes. Veja a programa\u00e7\u00e3o completa do 9\u00ba Festival do Mel: Dia 22 \u2013 SEXTA-FEIRA 19:00 \u2013 Solenidade de Abertura; 19:30 \u2013 Concurso da Garota do Mel Show com Z\u00e9 Dapaz do Acordeon Dia 23 \u2013 S\u00c1BADO 8:00 \u2013 Credenciamento; 9:00 \u2013 Palestra: Profissionaliza\u00e7\u00e3o da Apicultura no Brasil; Palestrante: Jos\u00e9 Soares de Arag\u00e3o Brito \u2013 Presidente da Confedera\u00e7\u00e3o Brasileira de Apicultura. 10:00 \u2013 Palestra: Manejo avan\u00e7ado para a alta produ\u00e7\u00e3o visando a profissionaliza\u00e7\u00e3o do setor; Palestrante: Gustavo Nadeu Bijos \u2013 M\u00e9dico Veterin\u00e1rio \/ SENAR-MS. 11:30 \u2013 Visita T\u00e9cnica ao Api\u00e1rio; 12:00 \u2013 Almo\u00e7o; 14:00 \u2013 Palestra: Meliponicultura no Semi\u00e1rio \u2013 A Jandaira como propulsora de uma atividade sustent\u00e1vel; Palestrante: Victor Hugo Pedra\u00e7a Dias \u2013 Eng. Agr\u00f4nomo \/ EMATER-RN. 15:30 \u2013 Palestra: Empoderamento Feminino na Apicultura; Palestrante: Prof.\u00aa Luciene Xavier de Mesquita Carvalho \/ IFRN Pau dos Ferros. 16:30 \u2013 Plen\u00e1ria da FEAMEPB \u2013 Federa\u00e7\u00e3o de Apicultura e Meliponicultura da Para\u00edba; Moderador: Leon Denis Batista do Carmo \u2013 Presidente da FEAMEPB. 17:30 \u2013 Apresenta\u00e7\u00e3o de Trabalhos Cient\u00edficos; 22hrs \u2013 Shows com Bob L\u00e9o Mercadoria, Santanna O Cantador e Forr\u00f3 Gente Boa.\u00a0 Dia 24 \u2013 DOMINGO Oficinas 1 e 2 de 10:00h as 11:00h e de 11:00h as 12:00 Oficina 1: Novas T\u00e9cnicas para Alimenta\u00e7\u00e3o artificial de abelhas; Instrutor: Leon Denis Batista do Carmo \u2013 EMEPA PB \/ SENAR PB \/ FEAMEPB. Oficina 2: Passo a Passo para a cria\u00e7\u00e3o de Abelhas sem ferr\u00e3o no Semi\u00e1rido; Instrutor: Josenildo Querino Dias \u2013 Zootecnista \/ Consultor SEBRAE-PB. 21hs \u2013 Mano Walter, Wallas Arraes e Karas do Forr\u00f3<\/p>\n","protected":false},"author":2,"featured_media":4032,"comment_status":"closed","ping_status":"open","sticky":false,"template":"","format":"standard","meta":{"_eb_attr":"","_jetpack_memberships_contains_paid_content":false,"footnotes":""},"categories":[3],"tags":[],"class_list":["post-4031","post","type-post","status-publish","format-standard","has-post-thumbnail","hentry","category-cidades"],"yoast_head":"<!-- This site is optimized with the Yoast SEO plugin v26.5 - https:\/\/yoast.com\/wordpress\/plugins\/seo\/ -->\n<title>9\u00ba Festival do Mel em S\u00e3o Jos\u00e9 dos Cordeiros tem programa\u00e7\u00e3o definida - Not&iacute;cias em Destaque<\/title>\n<meta name=\"robots\" content=\"index, follow, max-snippet:-1, max-image-preview:large, max-video-preview:-1\" \/>\n<link rel=\"canonical\" href=\"https:\/\/noticiasemdestaque.com\/cd\/?p=4031\" \/>\n<meta property=\"og:locale\" content=\"pt_BR\" \/>\n<meta property=\"og:type\" content=\"article\" \/>\n<meta property=\"og:title\" content=\"9\u00ba Festival do Mel em S\u00e3o Jos\u00e9 dos Cordeiros tem programa\u00e7\u00e3o definida - Not&iacute;cias em Destaque\" \/>\n<meta property=\"og:description\" content=\"A Capital do Mel, S\u00e3o Jos\u00e9 dos Cordeiros, ser\u00e1 palco para mais uma edi\u00e7\u00e3o do Festival do Mel. Com programa\u00e7\u00e3o t\u00e9cnica e de shows, o evento \u00e9 um dos maiores da Para\u00edba e dever\u00e1 aquecer a economia local mesmo em meio a profunda crise financeira que enfrenta o Pa\u00eds. A grade de shows do 9\u00ba Festival do Mel foi definida e contar\u00e1 com apresenta\u00e7\u00f5es musicais nos dias 22, 23 e 24 de setembro. O destaque do primeiro dia ficar\u00e1 a cargo do concurso Garota do Mel, que eleger\u00e1 a garota mais bela da cidade em um badalado desfile. Logo em seguida Z\u00e9 Dapaz do Acordeon animar\u00e1 o p\u00fablico presente. No s\u00e1bado, as atra\u00e7\u00f5es que animar\u00e3o o palco principal ser\u00e3o: Bob L\u00e9o Mercadoria, Santanna O Cantador e Forr\u00f3 Gente Boa. No domingo, a festa ficar\u00e1 por conta de Mano Walter, Wallas Arraes e Karas do Forr\u00f3. Segundo o prefeito Jefferson Roberto, a programa\u00e7\u00e3o t\u00e9cnica ser\u00e1 tamb\u00e9m muito rica em temas e palestrantes. Grupos de universit\u00e1rios e apicultores de todo a Para\u00edba e at\u00e9 de vizinhos estados se far\u00e3o presentes. Veja a programa\u00e7\u00e3o completa do 9\u00ba Festival do Mel: Dia 22 \u2013 SEXTA-FEIRA 19:00 \u2013 Solenidade de Abertura; 19:30 \u2013 Concurso da Garota do Mel Show com Z\u00e9 Dapaz do Acordeon Dia 23 \u2013 S\u00c1BADO 8:00 \u2013 Credenciamento; 9:00 \u2013 Palestra: Profissionaliza\u00e7\u00e3o da Apicultura no Brasil; Palestrante: Jos\u00e9 Soares de Arag\u00e3o Brito \u2013 Presidente da Confedera\u00e7\u00e3o Brasileira de Apicultura. 10:00 \u2013 Palestra: Manejo avan\u00e7ado para a alta produ\u00e7\u00e3o visando a profissionaliza\u00e7\u00e3o do setor; Palestrante: Gustavo Nadeu Bijos \u2013 M\u00e9dico Veterin\u00e1rio \/ SENAR-MS. 11:30 \u2013 Visita T\u00e9cnica ao Api\u00e1rio; 12:00 \u2013 Almo\u00e7o; 14:00 \u2013 Palestra: Meliponicultura no Semi\u00e1rio \u2013 A Jandaira como propulsora de uma atividade sustent\u00e1vel; Palestrante: Victor Hugo Pedra\u00e7a Dias \u2013 Eng. Agr\u00f4nomo \/ EMATER-RN. 15:30 \u2013 Palestra: Empoderamento Feminino na Apicultura; Palestrante: Prof.\u00aa Luciene Xavier de Mesquita Carvalho \/ IFRN Pau dos Ferros. 16:30 \u2013 Plen\u00e1ria da FEAMEPB \u2013 Federa\u00e7\u00e3o de Apicultura e Meliponicultura da Para\u00edba; Moderador: Leon Denis Batista do Carmo \u2013 Presidente da FEAMEPB. 17:30 \u2013 Apresenta\u00e7\u00e3o de Trabalhos Cient\u00edficos; 22hrs \u2013 Shows com Bob L\u00e9o Mercadoria, Santanna O Cantador e Forr\u00f3 Gente Boa.\u00a0 Dia 24 \u2013 DOMINGO Oficinas 1 e 2 de 10:00h as 11:00h e de 11:00h as 12:00 Oficina 1: Novas T\u00e9cnicas para Alimenta\u00e7\u00e3o artificial de abelhas; Instrutor: Leon Denis Batista do Carmo \u2013 EMEPA PB \/ SENAR PB \/ FEAMEPB. Oficina 2: Passo a Passo para a cria\u00e7\u00e3o de Abelhas sem ferr\u00e3o no Semi\u00e1rido; Instrutor: Josenildo Querino Dias \u2013 Zootecnista \/ Consultor SEBRAE-PB. 21hs \u2013 Mano Walter, Wallas Arraes e Karas do Forr\u00f3\" \/>\n<meta property=\"og:url\" content=\"https:\/\/noticiasemdestaque.com\/cd\/?p=4031\" \/>\n<meta property=\"og:site_name\" content=\"Not&iacute;cias em Destaque\" \/>\n<meta property=\"article:published_time\" content=\"2017-09-05T10:26:56+00:00\" \/>\n<meta property=\"og:image\" content=\"https:\/\/noticiasemdestaque.com\/cd\/wp-content\/uploads\/2017\/09\/festival_mel_nova.jpg\" \/>\n\t<meta property=\"og:image:width\" content=\"552\" \/>\n\t<meta property=\"og:image:height\" content=\"346\" \/>\n\t<meta property=\"og:image:type\" content=\"image\/jpeg\" \/>\n<meta name=\"author\" content=\"Not\u00edcias em Destaque\" \/>\n<meta name=\"twitter:card\" content=\"summary_large_image\" \/>\n<meta name=\"twitter:label1\" content=\"Escrito por\" \/>\n\t<meta name=\"twitter:data1\" content=\"Not\u00edcias em Destaque\" \/>\n\t<meta name=\"twitter:label2\" content=\"Est. tempo de leitura\" \/>\n\t<meta name=\"twitter:data2\" content=\"2 minutos\" \/>\n<script type=\"application\/ld+json\" class=\"yoast-schema-graph\">{\"@context\":\"https:\/\/schema.org\",\"@graph\":[{\"@type\":\"Article\",\"@id\":\"https:\/\/noticiasemdestaque.com\/cd\/?p=4031#article\",\"isPartOf\":{\"@id\":\"https:\/\/noticiasemdestaque.com\/cd\/?p=4031\"},\"author\":{\"name\":\"Not\u00edcias em Destaque\",\"@id\":\"https:\/\/noticiasemdestaque.com\/cd\/#\/schema\/person\/21320b03a7e8bb90128938dafc9b908a\"},\"headline\":\"9\u00ba Festival do Mel em S\u00e3o Jos\u00e9 dos Cordeiros tem programa\u00e7\u00e3o definida\",\"datePublished\":\"2017-09-05T10:26:56+00:00\",\"mainEntityOfPage\":{\"@id\":\"https:\/\/noticiasemdestaque.com\/cd\/?p=4031\"},\"wordCount\":434,\"publisher\":{\"@id\":\"https:\/\/noticiasemdestaque.com\/cd\/#organization\"},\"image\":{\"@id\":\"https:\/\/noticiasemdestaque.com\/cd\/?p=4031#primaryimage\"},\"thumbnailUrl\":\"https:\/\/noticiasemdestaque.com\/cd\/wp-content\/uploads\/2017\/09\/festival_mel_nova.jpg\",\"articleSection\":[\"Cidades\"],\"inLanguage\":\"pt-BR\"},{\"@type\":\"WebPage\",\"@id\":\"https:\/\/noticiasemdestaque.com\/cd\/?p=4031\",\"url\":\"https:\/\/noticiasemdestaque.com\/cd\/?p=4031\",\"name\":\"9\u00ba Festival do Mel em S\u00e3o Jos\u00e9 dos Cordeiros tem programa\u00e7\u00e3o definida - Not&iacute;cias em Destaque\",\"isPartOf\":{\"@id\":\"https:\/\/noticiasemdestaque.com\/cd\/#website\"},\"primaryImageOfPage\":{\"@id\":\"https:\/\/noticiasemdestaque.com\/cd\/?p=4031#primaryimage\"},\"image\":{\"@id\":\"https:\/\/noticiasemdestaque.com\/cd\/?p=4031#primaryimage\"},\"thumbnailUrl\":\"https:\/\/noticiasemdestaque.com\/cd\/wp-content\/uploads\/2017\/09\/festival_mel_nova.jpg\",\"datePublished\":\"2017-09-05T10:26:56+00:00\",\"breadcrumb\":{\"@id\":\"https:\/\/noticiasemdestaque.com\/cd\/?p=4031#breadcrumb\"},\"inLanguage\":\"pt-BR\",\"potentialAction\":[{\"@type\":\"ReadAction\",\"target\":[\"https:\/\/noticiasemdestaque.com\/cd\/?p=4031\"]}]},{\"@type\":\"ImageObject\",\"inLanguage\":\"pt-BR\",\"@id\":\"https:\/\/noticiasemdestaque.com\/cd\/?p=4031#primaryimage\",\"url\":\"https:\/\/noticiasemdestaque.com\/cd\/wp-content\/uploads\/2017\/09\/festival_mel_nova.jpg\",\"contentUrl\":\"https:\/\/noticiasemdestaque.com\/cd\/wp-content\/uploads\/2017\/09\/festival_mel_nova.jpg\",\"width\":552,\"height\":346},{\"@type\":\"BreadcrumbList\",\"@id\":\"https:\/\/noticiasemdestaque.com\/cd\/?p=4031#breadcrumb\",\"itemListElement\":[{\"@type\":\"ListItem\",\"position\":1,\"name\":\"In\u00edcio\",\"item\":\"https:\/\/noticiasemdestaque.com\/cd\/\"},{\"@type\":\"ListItem\",\"position\":2,\"name\":\"9\u00ba Festival do Mel em S\u00e3o Jos\u00e9 dos Cordeiros tem programa\u00e7\u00e3o definida\"}]},{\"@type\":\"WebSite\",\"@id\":\"https:\/\/noticiasemdestaque.com\/cd\/#website\",\"url\":\"https:\/\/noticiasemdestaque.com\/cd\/\",\"name\":\"Not&iacute;cias em Destaque\",\"description\":\"\",\"publisher\":{\"@id\":\"https:\/\/noticiasemdestaque.com\/cd\/#organization\"},\"potentialAction\":[{\"@type\":\"SearchAction\",\"target\":{\"@type\":\"EntryPoint\",\"urlTemplate\":\"https:\/\/noticiasemdestaque.com\/cd\/?s={search_term_string}\"},\"query-input\":{\"@type\":\"PropertyValueSpecification\",\"valueRequired\":true,\"valueName\":\"search_term_string\"}}],\"inLanguage\":\"pt-BR\"},{\"@type\":\"Organization\",\"@id\":\"https:\/\/noticiasemdestaque.com\/cd\/#organization\",\"name\":\"Not\u00edcias em Destaque\",\"url\":\"https:\/\/noticiasemdestaque.com\/cd\/\",\"logo\":{\"@type\":\"ImageObject\",\"inLanguage\":\"pt-BR\",\"@id\":\"https:\/\/noticiasemdestaque.com\/cd\/#\/schema\/logo\/image\/\",\"url\":\"https:\/\/noticiasemdestaque.com\/cd\/wp-content\/uploads\/2022\/05\/imagem-base-noticiasemdestaque.png\",\"contentUrl\":\"https:\/\/noticiasemdestaque.com\/cd\/wp-content\/uploads\/2022\/05\/imagem-base-noticiasemdestaque.png\",\"width\":1200,\"height\":630,\"caption\":\"Not\u00edcias em Destaque\"},\"image\":{\"@id\":\"https:\/\/noticiasemdestaque.com\/cd\/#\/schema\/logo\/image\/\"}},{\"@type\":\"Person\",\"@id\":\"https:\/\/noticiasemdestaque.com\/cd\/#\/schema\/person\/21320b03a7e8bb90128938dafc9b908a\",\"name\":\"Not\u00edcias em Destaque\",\"url\":\"https:\/\/noticiasemdestaque.com\/cd\/?author=2\"}]}<\/script>\n<!-- \/ Yoast SEO plugin. -->","yoast_head_json":{"title":"9\u00ba Festival do Mel em S\u00e3o Jos\u00e9 dos Cordeiros tem programa\u00e7\u00e3o definida - Not&iacute;cias em Destaque","robots":{"index":"index","follow":"follow","max-snippet":"max-snippet:-1","max-image-preview":"max-image-preview:large","max-video-preview":"max-video-preview:-1"},"canonical":"https:\/\/noticiasemdestaque.com\/cd\/?p=4031","og_locale":"pt_BR","og_type":"article","og_title":"9\u00ba Festival do Mel em S\u00e3o Jos\u00e9 dos Cordeiros tem programa\u00e7\u00e3o definida - Not&iacute;cias em Destaque","og_description":"A Capital do Mel, S\u00e3o Jos\u00e9 dos Cordeiros, ser\u00e1 palco para mais uma edi\u00e7\u00e3o do Festival do Mel. Com programa\u00e7\u00e3o t\u00e9cnica e de shows, o evento \u00e9 um dos maiores da Para\u00edba e dever\u00e1 aquecer a economia local mesmo em meio a profunda crise financeira que enfrenta o Pa\u00eds. A grade de shows do 9\u00ba Festival do Mel foi definida e contar\u00e1 com apresenta\u00e7\u00f5es musicais nos dias 22, 23 e 24 de setembro. O destaque do primeiro dia ficar\u00e1 a cargo do concurso Garota do Mel, que eleger\u00e1 a garota mais bela da cidade em um badalado desfile. Logo em seguida Z\u00e9 Dapaz do Acordeon animar\u00e1 o p\u00fablico presente. No s\u00e1bado, as atra\u00e7\u00f5es que animar\u00e3o o palco principal ser\u00e3o: Bob L\u00e9o Mercadoria, Santanna O Cantador e Forr\u00f3 Gente Boa. No domingo, a festa ficar\u00e1 por conta de Mano Walter, Wallas Arraes e Karas do Forr\u00f3. Segundo o prefeito Jefferson Roberto, a programa\u00e7\u00e3o t\u00e9cnica ser\u00e1 tamb\u00e9m muito rica em temas e palestrantes. Grupos de universit\u00e1rios e apicultores de todo a Para\u00edba e at\u00e9 de vizinhos estados se far\u00e3o presentes. Veja a programa\u00e7\u00e3o completa do 9\u00ba Festival do Mel: Dia 22 \u2013 SEXTA-FEIRA 19:00 \u2013 Solenidade de Abertura; 19:30 \u2013 Concurso da Garota do Mel Show com Z\u00e9 Dapaz do Acordeon Dia 23 \u2013 S\u00c1BADO 8:00 \u2013 Credenciamento; 9:00 \u2013 Palestra: Profissionaliza\u00e7\u00e3o da Apicultura no Brasil; Palestrante: Jos\u00e9 Soares de Arag\u00e3o Brito \u2013 Presidente da Confedera\u00e7\u00e3o Brasileira de Apicultura. 10:00 \u2013 Palestra: Manejo avan\u00e7ado para a alta produ\u00e7\u00e3o visando a profissionaliza\u00e7\u00e3o do setor; Palestrante: Gustavo Nadeu Bijos \u2013 M\u00e9dico Veterin\u00e1rio \/ SENAR-MS. 11:30 \u2013 Visita T\u00e9cnica ao Api\u00e1rio; 12:00 \u2013 Almo\u00e7o; 14:00 \u2013 Palestra: Meliponicultura no Semi\u00e1rio \u2013 A Jandaira como propulsora de uma atividade sustent\u00e1vel; Palestrante: Victor Hugo Pedra\u00e7a Dias \u2013 Eng. Agr\u00f4nomo \/ EMATER-RN. 15:30 \u2013 Palestra: Empoderamento Feminino na Apicultura; Palestrante: Prof.\u00aa Luciene Xavier de Mesquita Carvalho \/ IFRN Pau dos Ferros. 16:30 \u2013 Plen\u00e1ria da FEAMEPB \u2013 Federa\u00e7\u00e3o de Apicultura e Meliponicultura da Para\u00edba; Moderador: Leon Denis Batista do Carmo \u2013 Presidente da FEAMEPB. 17:30 \u2013 Apresenta\u00e7\u00e3o de Trabalhos Cient\u00edficos; 22hrs \u2013 Shows com Bob L\u00e9o Mercadoria, Santanna O Cantador e Forr\u00f3 Gente Boa.\u00a0 Dia 24 \u2013 DOMINGO Oficinas 1 e 2 de 10:00h as 11:00h e de 11:00h as 12:00 Oficina 1: Novas T\u00e9cnicas para Alimenta\u00e7\u00e3o artificial de abelhas; Instrutor: Leon Denis Batista do Carmo \u2013 EMEPA PB \/ SENAR PB \/ FEAMEPB. Oficina 2: Passo a Passo para a cria\u00e7\u00e3o de Abelhas sem ferr\u00e3o no Semi\u00e1rido; Instrutor: Josenildo Querino Dias \u2013 Zootecnista \/ Consultor SEBRAE-PB. 21hs \u2013 Mano Walter, Wallas Arraes e Karas do Forr\u00f3","og_url":"https:\/\/noticiasemdestaque.com\/cd\/?p=4031","og_site_name":"Not&iacute;cias em Destaque","article_published_time":"2017-09-05T10:26:56+00:00","og_image":[{"width":552,"height":346,"url":"https:\/\/noticiasemdestaque.com\/cd\/wp-content\/uploads\/2017\/09\/festival_mel_nova.jpg","type":"image\/jpeg"}],"author":"Not\u00edcias em Destaque","twitter_card":"summary_large_image","twitter_misc":{"Escrito por":"Not\u00edcias em Destaque","Est. tempo de leitura":"2 minutos"},"schema":{"@context":"https:\/\/schema.org","@graph":[{"@type":"Article","@id":"https:\/\/noticiasemdestaque.com\/cd\/?p=4031#article","isPartOf":{"@id":"https:\/\/noticiasemdestaque.com\/cd\/?p=4031"},"author":{"name":"Not\u00edcias em Destaque","@id":"https:\/\/noticiasemdestaque.com\/cd\/#\/schema\/person\/21320b03a7e8bb90128938dafc9b908a"},"headline":"9\u00ba Festival do Mel em S\u00e3o Jos\u00e9 dos Cordeiros tem programa\u00e7\u00e3o definida","datePublished":"2017-09-05T10:26:56+00:00","mainEntityOfPage":{"@id":"https:\/\/noticiasemdestaque.com\/cd\/?p=4031"},"wordCount":434,"publisher":{"@id":"https:\/\/noticiasemdestaque.com\/cd\/#organization"},"image":{"@id":"https:\/\/noticiasemdestaque.com\/cd\/?p=4031#primaryimage"},"thumbnailUrl":"https:\/\/noticiasemdestaque.com\/cd\/wp-content\/uploads\/2017\/09\/festival_mel_nova.jpg","articleSection":["Cidades"],"inLanguage":"pt-BR"},{"@type":"WebPage","@id":"https:\/\/noticiasemdestaque.com\/cd\/?p=4031","url":"https:\/\/noticiasemdestaque.com\/cd\/?p=4031","name":"9\u00ba Festival do Mel em S\u00e3o Jos\u00e9 dos Cordeiros tem programa\u00e7\u00e3o definida - Not&iacute;cias em Destaque","isPartOf":{"@id":"https:\/\/noticiasemdestaque.com\/cd\/#website"},"primaryImageOfPage":{"@id":"https:\/\/noticiasemdestaque.com\/cd\/?p=4031#primaryimage"},"image":{"@id":"https:\/\/noticiasemdestaque.com\/cd\/?p=4031#primaryimage"},"thumbnailUrl":"https:\/\/noticiasemdestaque.com\/cd\/wp-content\/uploads\/2017\/09\/festival_mel_nova.jpg","datePublished":"2017-09-05T10:26:56+00:00","breadcrumb":{"@id":"https:\/\/noticiasemdestaque.com\/cd\/?p=4031#breadcrumb"},"inLanguage":"pt-BR","potentialAction":[{"@type":"ReadAction","target":["https:\/\/noticiasemdestaque.com\/cd\/?p=4031"]}]},{"@type":"ImageObject","inLanguage":"pt-BR","@id":"https:\/\/noticiasemdestaque.com\/cd\/?p=4031#primaryimage","url":"https:\/\/noticiasemdestaque.com\/cd\/wp-content\/uploads\/2017\/09\/festival_mel_nova.jpg","contentUrl":"https:\/\/noticiasemdestaque.com\/cd\/wp-content\/uploads\/2017\/09\/festival_mel_nova.jpg","width":552,"height":346},{"@type":"BreadcrumbList","@id":"https:\/\/noticiasemdestaque.com\/cd\/?p=4031#breadcrumb","itemListElement":[{"@type":"ListItem","position":1,"name":"In\u00edcio","item":"https:\/\/noticiasemdestaque.com\/cd\/"},{"@type":"ListItem","position":2,"name":"9\u00ba Festival do Mel em S\u00e3o Jos\u00e9 dos Cordeiros tem programa\u00e7\u00e3o definida"}]},{"@type":"WebSite","@id":"https:\/\/noticiasemdestaque.com\/cd\/#website","url":"https:\/\/noticiasemdestaque.com\/cd\/","name":"Not&iacute;cias em Destaque","description":"","publisher":{"@id":"https:\/\/noticiasemdestaque.com\/cd\/#organization"},"potentialAction":[{"@type":"SearchAction","target":{"@type":"EntryPoint","urlTemplate":"https:\/\/noticiasemdestaque.com\/cd\/?s={search_term_string}"},"query-input":{"@type":"PropertyValueSpecification","valueRequired":true,"valueName":"search_term_string"}}],"inLanguage":"pt-BR"},{"@type":"Organization","@id":"https:\/\/noticiasemdestaque.com\/cd\/#organization","name":"Not\u00edcias em Destaque","url":"https:\/\/noticiasemdestaque.com\/cd\/","logo":{"@type":"ImageObject","inLanguage":"pt-BR","@id":"https:\/\/noticiasemdestaque.com\/cd\/#\/schema\/logo\/image\/","url":"https:\/\/noticiasemdestaque.com\/cd\/wp-content\/uploads\/2022\/05\/imagem-base-noticiasemdestaque.png","contentUrl":"https:\/\/noticiasemdestaque.com\/cd\/wp-content\/uploads\/2022\/05\/imagem-base-noticiasemdestaque.png","width":1200,"height":630,"caption":"Not\u00edcias em Destaque"},"image":{"@id":"https:\/\/noticiasemdestaque.com\/cd\/#\/schema\/logo\/image\/"}},{"@type":"Person","@id":"https:\/\/noticiasemdestaque.com\/cd\/#\/schema\/person\/21320b03a7e8bb90128938dafc9b908a","name":"Not\u00edcias em Destaque","url":"https:\/\/noticiasemdestaque.com\/cd\/?author=2"}]}},"jetpack_featured_media_url":"https:\/\/noticiasemdestaque.com\/cd\/wp-content\/uploads\/2017\/09\/festival_mel_nova.jpg","jetpack_sharing_enabled":true,"_links":{"self":[{"href":"https:\/\/noticiasemdestaque.com\/cd\/index.php?rest_route=\/wp\/v2\/posts\/4031","targetHints":{"allow":["GET"]}}],"collection":[{"href":"https:\/\/noticiasemdestaque.com\/cd\/index.php?rest_route=\/wp\/v2\/posts"}],"about":[{"href":"https:\/\/noticiasemdestaque.com\/cd\/index.php?rest_route=\/wp\/v2\/types\/post"}],"author":[{"embeddable":true,"href":"https:\/\/noticiasemdestaque.com\/cd\/index.php?rest_route=\/wp\/v2\/users\/2"}],"replies":[{"embeddable":true,"href":"https:\/\/noticiasemdestaque.com\/cd\/index.php?rest_route=%2Fwp%2Fv2%2Fcomments&post=4031"}],"version-history":[{"count":1,"href":"https:\/\/noticiasemdestaque.com\/cd\/index.php?rest_route=\/wp\/v2\/posts\/4031\/revisions"}],"predecessor-version":[{"id":4033,"href":"https:\/\/noticiasemdestaque.com\/cd\/index.php?rest_route=\/wp\/v2\/posts\/4031\/revisions\/4033"}],"wp:featuredmedia":[{"embeddable":true,"href":"https:\/\/noticiasemdestaque.com\/cd\/index.php?rest_route=\/wp\/v2\/media\/4032"}],"wp:attachment":[{"href":"https:\/\/noticiasemdestaque.com\/cd\/index.php?rest_route=%2Fwp%2Fv2%2Fmedia&parent=4031"}],"wp:term":[{"taxonomy":"category","embeddable":true,"href":"https:\/\/noticiasemdestaque.com\/cd\/index.php?rest_route=%2Fwp%2Fv2%2Fcategories&post=4031"},{"taxonomy":"post_tag","embeddable":true,"href":"https:\/\/noticiasemdestaque.com\/cd\/index.php?rest_route=%2Fwp%2Fv2%2Ftags&post=4031"}],"curies":[{"name":"wp","href":"https:\/\/api.w.org\/{rel}","templated":true}]}}