{"id":40221,"date":"2022-06-22T18:54:06","date_gmt":"2022-06-22T21:54:06","guid":{"rendered":"https:\/\/noticiasemdestaque.com\/cd\/?p=40221"},"modified":"2022-06-22T18:54:43","modified_gmt":"2022-06-22T21:54:43","slug":"morre-o-cantor-e-compositor-pernambucano-paulo-diniz","status":"publish","type":"post","link":"https:\/\/noticiasemdestaque.com\/cd\/?p=40221","title":{"rendered":"Morre o cantor e compositor pernambucano Paulo Diniz"},"content":{"rendered":"<p><a href=\"https:\/\/noticiasemdestaque.com\/cd\/wp-content\/uploads\/2022\/06\/paulo-diniz.webp\"><img fetchpriority=\"high\" decoding=\"async\" class=\"alignnone  wp-image-40222\" src=\"https:\/\/noticiasemdestaque.com\/cd\/wp-content\/uploads\/2022\/06\/paulo-diniz-300x193.webp\" alt=\"\" width=\"787\" height=\"506\" srcset=\"https:\/\/noticiasemdestaque.com\/cd\/wp-content\/uploads\/2022\/06\/paulo-diniz-300x193.webp 300w, https:\/\/noticiasemdestaque.com\/cd\/wp-content\/uploads\/2022\/06\/paulo-diniz-18x12.webp 18w, https:\/\/noticiasemdestaque.com\/cd\/wp-content\/uploads\/2022\/06\/paulo-diniz.webp 700w\" sizes=\"(max-width: 787px) 100vw, 787px\" \/><\/a><\/p>\n<p>O cantor, compositor e locutor pernambucano Paulo Diniz, dono de muitos sucessos da MPB nos anos 1970, morreu, hoje, aos 82 anos. O motivo da morte ainda n\u00e3o foi divulgado.<\/p>\n<p>A informa\u00e7\u00e3o foi confirmada pelo radialista Geraldo Freire, da R\u00e1dio Jornal.<\/p>\n<p>Nascido em Pesqueira, em Pernambuco, Paulo Diniz foi um nome de destaque da MPB entre os anos 1960 e 1980, sendo autor de sucessos como \u201cCanoeiro\u201d, \u201cUm Chopp pra Distrair\u201d, \u201cPonha um arco \u00edris na sua moringa\u201d e \u201cQuero Voltar Pra Bahia\u201d. Chegou a ser um dos maiores vendedores de discos no come\u00e7o dos anos 1970<\/p>\n<p style=\"text-align: right;\"><em>Fonte: MaisPB com informa\u00e7\u00f5es de Magno Martins<\/em><\/p>\n","protected":false},"excerpt":{"rendered":"<p>O cantor, compositor e locutor pernambucano Paulo Diniz, dono de muitos sucessos da MPB nos anos 1970, morreu, hoje, aos 82 anos. O motivo da morte ainda n\u00e3o foi divulgado. A informa\u00e7\u00e3o foi confirmada pelo radialista Geraldo Freire, da R\u00e1dio Jornal. Nascido em Pesqueira, em Pernambuco, Paulo Diniz foi um nome de destaque da MPB entre os anos 1960 e 1980, sendo autor de sucessos como \u201cCanoeiro\u201d, \u201cUm Chopp pra Distrair\u201d, \u201cPonha um arco \u00edris na sua moringa\u201d e \u201cQuero Voltar Pra Bahia\u201d. Chegou a ser um dos maiores vendedores de discos no come\u00e7o dos anos 1970 Fonte: MaisPB com informa\u00e7\u00f5es de Magno Martins<\/p>\n","protected":false},"author":2,"featured_media":40222,"comment_status":"closed","ping_status":"open","sticky":false,"template":"","format":"standard","meta":{"_eb_attr":"","_jetpack_memberships_contains_paid_content":false,"footnotes":""},"categories":[12],"tags":[],"class_list":["post-40221","post","type-post","status-publish","format-standard","has-post-thumbnail","hentry","category-geral"],"yoast_head":"<!-- This site is optimized with the Yoast SEO plugin v26.5 - https:\/\/yoast.com\/wordpress\/plugins\/seo\/ -->\n<title>Morre o cantor e compositor pernambucano Paulo Diniz - Not&iacute;cias em Destaque<\/title>\n<meta name=\"robots\" content=\"index, follow, max-snippet:-1, max-image-preview:large, max-video-preview:-1\" \/>\n<link rel=\"canonical\" href=\"https:\/\/noticiasemdestaque.com\/cd\/?p=40221\" \/>\n<meta property=\"og:locale\" content=\"pt_BR\" \/>\n<meta property=\"og:type\" content=\"article\" \/>\n<meta property=\"og:title\" content=\"Morre o cantor e compositor pernambucano Paulo Diniz - Not&iacute;cias em Destaque\" \/>\n<meta property=\"og:description\" content=\"O cantor, compositor e locutor pernambucano Paulo Diniz, dono de muitos sucessos da MPB nos anos 1970, morreu, hoje, aos 82 anos. O motivo da morte ainda n\u00e3o foi divulgado. A informa\u00e7\u00e3o foi confirmada pelo radialista Geraldo Freire, da R\u00e1dio Jornal. Nascido em Pesqueira, em Pernambuco, Paulo Diniz foi um nome de destaque da MPB entre os anos 1960 e 1980, sendo autor de sucessos como \u201cCanoeiro\u201d, \u201cUm Chopp pra Distrair\u201d, \u201cPonha um arco \u00edris na sua moringa\u201d e \u201cQuero Voltar Pra Bahia\u201d. Chegou a ser um dos maiores vendedores de discos no come\u00e7o dos anos 1970 Fonte: MaisPB com informa\u00e7\u00f5es de Magno Martins\" \/>\n<meta property=\"og:url\" content=\"https:\/\/noticiasemdestaque.com\/cd\/?p=40221\" \/>\n<meta property=\"og:site_name\" content=\"Not&iacute;cias em Destaque\" \/>\n<meta property=\"article:published_time\" content=\"2022-06-22T21:54:06+00:00\" \/>\n<meta property=\"article:modified_time\" content=\"2022-06-22T21:54:43+00:00\" \/>\n<meta property=\"og:image\" content=\"https:\/\/noticiasemdestaque.com\/cd\/wp-content\/uploads\/2022\/06\/paulo-diniz.webp\" \/>\n\t<meta property=\"og:image:width\" content=\"700\" \/>\n\t<meta property=\"og:image:height\" content=\"450\" \/>\n\t<meta property=\"og:image:type\" content=\"image\/webp\" \/>\n<meta name=\"author\" content=\"Not\u00edcias em Destaque\" \/>\n<meta name=\"twitter:card\" content=\"summary_large_image\" \/>\n<meta name=\"twitter:label1\" content=\"Escrito por\" \/>\n\t<meta name=\"twitter:data1\" content=\"Not\u00edcias em Destaque\" \/>\n\t<meta name=\"twitter:label2\" content=\"Est. tempo de leitura\" \/>\n\t<meta name=\"twitter:data2\" content=\"1 minuto\" \/>\n<script type=\"application\/ld+json\" class=\"yoast-schema-graph\">{\"@context\":\"https:\/\/schema.org\",\"@graph\":[{\"@type\":\"Article\",\"@id\":\"https:\/\/noticiasemdestaque.com\/cd\/?p=40221#article\",\"isPartOf\":{\"@id\":\"https:\/\/noticiasemdestaque.com\/cd\/?p=40221\"},\"author\":{\"name\":\"Not\u00edcias em Destaque\",\"@id\":\"https:\/\/noticiasemdestaque.com\/cd\/#\/schema\/person\/45ca272b3e1246ef14ebb78a48dbb218\"},\"headline\":\"Morre o cantor e compositor pernambucano Paulo Diniz\",\"datePublished\":\"2022-06-22T21:54:06+00:00\",\"dateModified\":\"2022-06-22T21:54:43+00:00\",\"mainEntityOfPage\":{\"@id\":\"https:\/\/noticiasemdestaque.com\/cd\/?p=40221\"},\"wordCount\":112,\"publisher\":{\"@id\":\"https:\/\/noticiasemdestaque.com\/cd\/#organization\"},\"image\":{\"@id\":\"https:\/\/noticiasemdestaque.com\/cd\/?p=40221#primaryimage\"},\"thumbnailUrl\":\"https:\/\/noticiasemdestaque.com\/cd\/wp-content\/uploads\/2022\/06\/paulo-diniz.webp\",\"articleSection\":[\"Geral\"],\"inLanguage\":\"pt-BR\"},{\"@type\":\"WebPage\",\"@id\":\"https:\/\/noticiasemdestaque.com\/cd\/?p=40221\",\"url\":\"https:\/\/noticiasemdestaque.com\/cd\/?p=40221\",\"name\":\"Morre o cantor e compositor pernambucano Paulo Diniz - Not&iacute;cias em Destaque\",\"isPartOf\":{\"@id\":\"https:\/\/noticiasemdestaque.com\/cd\/#website\"},\"primaryImageOfPage\":{\"@id\":\"https:\/\/noticiasemdestaque.com\/cd\/?p=40221#primaryimage\"},\"image\":{\"@id\":\"https:\/\/noticiasemdestaque.com\/cd\/?p=40221#primaryimage\"},\"thumbnailUrl\":\"https:\/\/noticiasemdestaque.com\/cd\/wp-content\/uploads\/2022\/06\/paulo-diniz.webp\",\"datePublished\":\"2022-06-22T21:54:06+00:00\",\"dateModified\":\"2022-06-22T21:54:43+00:00\",\"breadcrumb\":{\"@id\":\"https:\/\/noticiasemdestaque.com\/cd\/?p=40221#breadcrumb\"},\"inLanguage\":\"pt-BR\",\"potentialAction\":[{\"@type\":\"ReadAction\",\"target\":[\"https:\/\/noticiasemdestaque.com\/cd\/?p=40221\"]}]},{\"@type\":\"ImageObject\",\"inLanguage\":\"pt-BR\",\"@id\":\"https:\/\/noticiasemdestaque.com\/cd\/?p=40221#primaryimage\",\"url\":\"https:\/\/noticiasemdestaque.com\/cd\/wp-content\/uploads\/2022\/06\/paulo-diniz.webp\",\"contentUrl\":\"https:\/\/noticiasemdestaque.com\/cd\/wp-content\/uploads\/2022\/06\/paulo-diniz.webp\",\"width\":700,\"height\":450},{\"@type\":\"BreadcrumbList\",\"@id\":\"https:\/\/noticiasemdestaque.com\/cd\/?p=40221#breadcrumb\",\"itemListElement\":[{\"@type\":\"ListItem\",\"position\":1,\"name\":\"In\u00edcio\",\"item\":\"https:\/\/noticiasemdestaque.com\/cd\/\"},{\"@type\":\"ListItem\",\"position\":2,\"name\":\"Morre o cantor e compositor pernambucano Paulo Diniz\"}]},{\"@type\":\"WebSite\",\"@id\":\"https:\/\/noticiasemdestaque.com\/cd\/#website\",\"url\":\"https:\/\/noticiasemdestaque.com\/cd\/\",\"name\":\"Not&iacute;cias em Destaque\",\"description\":\"\",\"publisher\":{\"@id\":\"https:\/\/noticiasemdestaque.com\/cd\/#organization\"},\"potentialAction\":[{\"@type\":\"SearchAction\",\"target\":{\"@type\":\"EntryPoint\",\"urlTemplate\":\"https:\/\/noticiasemdestaque.com\/cd\/?s={search_term_string}\"},\"query-input\":{\"@type\":\"PropertyValueSpecification\",\"valueRequired\":true,\"valueName\":\"search_term_string\"}}],\"inLanguage\":\"pt-BR\"},{\"@type\":\"Organization\",\"@id\":\"https:\/\/noticiasemdestaque.com\/cd\/#organization\",\"name\":\"Not\u00edcias em Destaque\",\"url\":\"https:\/\/noticiasemdestaque.com\/cd\/\",\"logo\":{\"@type\":\"ImageObject\",\"inLanguage\":\"pt-BR\",\"@id\":\"https:\/\/noticiasemdestaque.com\/cd\/#\/schema\/logo\/image\/\",\"url\":\"https:\/\/noticiasemdestaque.com\/cd\/wp-content\/uploads\/2022\/05\/imagem-base-noticiasemdestaque.png\",\"contentUrl\":\"https:\/\/noticiasemdestaque.com\/cd\/wp-content\/uploads\/2022\/05\/imagem-base-noticiasemdestaque.png\",\"width\":1200,\"height\":630,\"caption\":\"Not\u00edcias em Destaque\"},\"image\":{\"@id\":\"https:\/\/noticiasemdestaque.com\/cd\/#\/schema\/logo\/image\/\"}},{\"@type\":\"Person\",\"@id\":\"https:\/\/noticiasemdestaque.com\/cd\/#\/schema\/person\/45ca272b3e1246ef14ebb78a48dbb218\",\"name\":\"Not\u00edcias em Destaque\",\"url\":\"https:\/\/noticiasemdestaque.com\/cd\/?author=2\"}]}<\/script>\n<!-- \/ Yoast SEO plugin. -->","yoast_head_json":{"title":"Morre o cantor e compositor pernambucano Paulo Diniz - Not&iacute;cias em Destaque","robots":{"index":"index","follow":"follow","max-snippet":"max-snippet:-1","max-image-preview":"max-image-preview:large","max-video-preview":"max-video-preview:-1"},"canonical":"https:\/\/noticiasemdestaque.com\/cd\/?p=40221","og_locale":"pt_BR","og_type":"article","og_title":"Morre o cantor e compositor pernambucano Paulo Diniz - Not&iacute;cias em Destaque","og_description":"O cantor, compositor e locutor pernambucano Paulo Diniz, dono de muitos sucessos da MPB nos anos 1970, morreu, hoje, aos 82 anos. O motivo da morte ainda n\u00e3o foi divulgado. A informa\u00e7\u00e3o foi confirmada pelo radialista Geraldo Freire, da R\u00e1dio Jornal. Nascido em Pesqueira, em Pernambuco, Paulo Diniz foi um nome de destaque da MPB entre os anos 1960 e 1980, sendo autor de sucessos como \u201cCanoeiro\u201d, \u201cUm Chopp pra Distrair\u201d, \u201cPonha um arco \u00edris na sua moringa\u201d e \u201cQuero Voltar Pra Bahia\u201d. Chegou a ser um dos maiores vendedores de discos no come\u00e7o dos anos 1970 Fonte: MaisPB com informa\u00e7\u00f5es de Magno Martins","og_url":"https:\/\/noticiasemdestaque.com\/cd\/?p=40221","og_site_name":"Not&iacute;cias em Destaque","article_published_time":"2022-06-22T21:54:06+00:00","article_modified_time":"2022-06-22T21:54:43+00:00","og_image":[{"width":700,"height":450,"url":"https:\/\/noticiasemdestaque.com\/cd\/wp-content\/uploads\/2022\/06\/paulo-diniz.webp","type":"image\/webp"}],"author":"Not\u00edcias em Destaque","twitter_card":"summary_large_image","twitter_misc":{"Escrito por":"Not\u00edcias em Destaque","Est. tempo de leitura":"1 minuto"},"schema":{"@context":"https:\/\/schema.org","@graph":[{"@type":"Article","@id":"https:\/\/noticiasemdestaque.com\/cd\/?p=40221#article","isPartOf":{"@id":"https:\/\/noticiasemdestaque.com\/cd\/?p=40221"},"author":{"name":"Not\u00edcias em Destaque","@id":"https:\/\/noticiasemdestaque.com\/cd\/#\/schema\/person\/45ca272b3e1246ef14ebb78a48dbb218"},"headline":"Morre o cantor e compositor pernambucano Paulo Diniz","datePublished":"2022-06-22T21:54:06+00:00","dateModified":"2022-06-22T21:54:43+00:00","mainEntityOfPage":{"@id":"https:\/\/noticiasemdestaque.com\/cd\/?p=40221"},"wordCount":112,"publisher":{"@id":"https:\/\/noticiasemdestaque.com\/cd\/#organization"},"image":{"@id":"https:\/\/noticiasemdestaque.com\/cd\/?p=40221#primaryimage"},"thumbnailUrl":"https:\/\/noticiasemdestaque.com\/cd\/wp-content\/uploads\/2022\/06\/paulo-diniz.webp","articleSection":["Geral"],"inLanguage":"pt-BR"},{"@type":"WebPage","@id":"https:\/\/noticiasemdestaque.com\/cd\/?p=40221","url":"https:\/\/noticiasemdestaque.com\/cd\/?p=40221","name":"Morre o cantor e compositor pernambucano Paulo Diniz - Not&iacute;cias em Destaque","isPartOf":{"@id":"https:\/\/noticiasemdestaque.com\/cd\/#website"},"primaryImageOfPage":{"@id":"https:\/\/noticiasemdestaque.com\/cd\/?p=40221#primaryimage"},"image":{"@id":"https:\/\/noticiasemdestaque.com\/cd\/?p=40221#primaryimage"},"thumbnailUrl":"https:\/\/noticiasemdestaque.com\/cd\/wp-content\/uploads\/2022\/06\/paulo-diniz.webp","datePublished":"2022-06-22T21:54:06+00:00","dateModified":"2022-06-22T21:54:43+00:00","breadcrumb":{"@id":"https:\/\/noticiasemdestaque.com\/cd\/?p=40221#breadcrumb"},"inLanguage":"pt-BR","potentialAction":[{"@type":"ReadAction","target":["https:\/\/noticiasemdestaque.com\/cd\/?p=40221"]}]},{"@type":"ImageObject","inLanguage":"pt-BR","@id":"https:\/\/noticiasemdestaque.com\/cd\/?p=40221#primaryimage","url":"https:\/\/noticiasemdestaque.com\/cd\/wp-content\/uploads\/2022\/06\/paulo-diniz.webp","contentUrl":"https:\/\/noticiasemdestaque.com\/cd\/wp-content\/uploads\/2022\/06\/paulo-diniz.webp","width":700,"height":450},{"@type":"BreadcrumbList","@id":"https:\/\/noticiasemdestaque.com\/cd\/?p=40221#breadcrumb","itemListElement":[{"@type":"ListItem","position":1,"name":"In\u00edcio","item":"https:\/\/noticiasemdestaque.com\/cd\/"},{"@type":"ListItem","position":2,"name":"Morre o cantor e compositor pernambucano Paulo Diniz"}]},{"@type":"WebSite","@id":"https:\/\/noticiasemdestaque.com\/cd\/#website","url":"https:\/\/noticiasemdestaque.com\/cd\/","name":"Not&iacute;cias em Destaque","description":"","publisher":{"@id":"https:\/\/noticiasemdestaque.com\/cd\/#organization"},"potentialAction":[{"@type":"SearchAction","target":{"@type":"EntryPoint","urlTemplate":"https:\/\/noticiasemdestaque.com\/cd\/?s={search_term_string}"},"query-input":{"@type":"PropertyValueSpecification","valueRequired":true,"valueName":"search_term_string"}}],"inLanguage":"pt-BR"},{"@type":"Organization","@id":"https:\/\/noticiasemdestaque.com\/cd\/#organization","name":"Not\u00edcias em Destaque","url":"https:\/\/noticiasemdestaque.com\/cd\/","logo":{"@type":"ImageObject","inLanguage":"pt-BR","@id":"https:\/\/noticiasemdestaque.com\/cd\/#\/schema\/logo\/image\/","url":"https:\/\/noticiasemdestaque.com\/cd\/wp-content\/uploads\/2022\/05\/imagem-base-noticiasemdestaque.png","contentUrl":"https:\/\/noticiasemdestaque.com\/cd\/wp-content\/uploads\/2022\/05\/imagem-base-noticiasemdestaque.png","width":1200,"height":630,"caption":"Not\u00edcias em Destaque"},"image":{"@id":"https:\/\/noticiasemdestaque.com\/cd\/#\/schema\/logo\/image\/"}},{"@type":"Person","@id":"https:\/\/noticiasemdestaque.com\/cd\/#\/schema\/person\/45ca272b3e1246ef14ebb78a48dbb218","name":"Not\u00edcias em Destaque","url":"https:\/\/noticiasemdestaque.com\/cd\/?author=2"}]}},"jetpack_featured_media_url":"https:\/\/noticiasemdestaque.com\/cd\/wp-content\/uploads\/2022\/06\/paulo-diniz.webp","jetpack_sharing_enabled":true,"_links":{"self":[{"href":"https:\/\/noticiasemdestaque.com\/cd\/index.php?rest_route=\/wp\/v2\/posts\/40221","targetHints":{"allow":["GET"]}}],"collection":[{"href":"https:\/\/noticiasemdestaque.com\/cd\/index.php?rest_route=\/wp\/v2\/posts"}],"about":[{"href":"https:\/\/noticiasemdestaque.com\/cd\/index.php?rest_route=\/wp\/v2\/types\/post"}],"author":[{"embeddable":true,"href":"https:\/\/noticiasemdestaque.com\/cd\/index.php?rest_route=\/wp\/v2\/users\/2"}],"replies":[{"embeddable":true,"href":"https:\/\/noticiasemdestaque.com\/cd\/index.php?rest_route=%2Fwp%2Fv2%2Fcomments&post=40221"}],"version-history":[{"count":3,"href":"https:\/\/noticiasemdestaque.com\/cd\/index.php?rest_route=\/wp\/v2\/posts\/40221\/revisions"}],"predecessor-version":[{"id":40225,"href":"https:\/\/noticiasemdestaque.com\/cd\/index.php?rest_route=\/wp\/v2\/posts\/40221\/revisions\/40225"}],"wp:featuredmedia":[{"embeddable":true,"href":"https:\/\/noticiasemdestaque.com\/cd\/index.php?rest_route=\/wp\/v2\/media\/40222"}],"wp:attachment":[{"href":"https:\/\/noticiasemdestaque.com\/cd\/index.php?rest_route=%2Fwp%2Fv2%2Fmedia&parent=40221"}],"wp:term":[{"taxonomy":"category","embeddable":true,"href":"https:\/\/noticiasemdestaque.com\/cd\/index.php?rest_route=%2Fwp%2Fv2%2Fcategories&post=40221"},{"taxonomy":"post_tag","embeddable":true,"href":"https:\/\/noticiasemdestaque.com\/cd\/index.php?rest_route=%2Fwp%2Fv2%2Ftags&post=40221"}],"curies":[{"name":"wp","href":"https:\/\/api.w.org\/{rel}","templated":true}]}}