{"id":40218,"date":"2022-06-22T18:50:01","date_gmt":"2022-06-22T21:50:01","guid":{"rendered":"https:\/\/noticiasemdestaque.com\/cd\/?p=40218"},"modified":"2022-06-22T18:50:01","modified_gmt":"2022-06-22T21:50:01","slug":"acidente-com-dois-caminhoes-e-van-da-ufpe-deixa-uma-pessoa-ferida-na-br-101","status":"publish","type":"post","link":"https:\/\/noticiasemdestaque.com\/cd\/?p=40218","title":{"rendered":"Acidente com dois caminh\u00f5es e van da UFPE deixa uma pessoa ferida na BR-101"},"content":{"rendered":"<p>Uma pessoa ficou ferida nesta quarta-feira (22) em um acidente envolvendo dois caminh\u00f5es, e uma van na BR-101, no sentido Natal e Jo\u00e3o Pessoa. De acordo com a Pol\u00edcia Rodovi\u00e1ria Federa, a colis\u00e3o ocorreu na entrada para a cidade de Lucena.<\/p>\n<p>Uma equipe da Pol\u00edcia Rodovi\u00e1ria Federal foi at\u00e9 o local para realizar as primeiras a\u00e7\u00f5es sobre o caso, levantar informa\u00e7\u00f5es sobre o acidente e orientar o tr\u00e2nsito. H\u00e1 um acumulo de \u00e1gua grande na pista e as fortes chuvas registradas hoje no litoral da Para\u00edba podem ter colaborado para o acidente.<\/p>\n<p>Imagens divulgadas nas redes sociais mostram que a van pertence a Universidade Federal de Pernambuco (UFPE). O tr\u00e2nsito ficou bastante lento na rodovia federal. A faixa da pista ficou parcialmente interditada.<\/p>\n<p style=\"text-align: right;\"><em>Fonte: <a href=\"https:\/\/www.maispb.com.br\">MaisPB<\/a><\/em><\/p>\n","protected":false},"excerpt":{"rendered":"<p>Uma pessoa ficou ferida nesta quarta-feira (22) em um acidente envolvendo dois caminh\u00f5es, e uma van na BR-101, no sentido Natal e Jo\u00e3o Pessoa. De acordo com a Pol\u00edcia Rodovi\u00e1ria Federa, a colis\u00e3o ocorreu na entrada para a cidade de Lucena. Uma equipe da Pol\u00edcia Rodovi\u00e1ria Federal foi at\u00e9 o local para realizar as primeiras a\u00e7\u00f5es sobre o caso, levantar informa\u00e7\u00f5es sobre o acidente e orientar o tr\u00e2nsito. H\u00e1 um acumulo de \u00e1gua grande na pista e as fortes chuvas registradas hoje no litoral da Para\u00edba podem ter colaborado para o acidente. Imagens divulgadas nas redes sociais mostram que a van pertence a Universidade Federal de Pernambuco (UFPE). O tr\u00e2nsito ficou bastante lento na rodovia federal. A faixa da pista ficou parcialmente interditada. Fonte: MaisPB<\/p>\n","protected":false},"author":2,"featured_media":40219,"comment_status":"closed","ping_status":"open","sticky":false,"template":"","format":"standard","meta":{"_eb_attr":"","_jetpack_memberships_contains_paid_content":false,"footnotes":""},"categories":[20],"tags":[],"class_list":["post-40218","post","type-post","status-publish","format-standard","has-post-thumbnail","hentry","category-policia"],"yoast_head":"<!-- This site is optimized with the Yoast SEO plugin v26.5 - https:\/\/yoast.com\/wordpress\/plugins\/seo\/ -->\n<title>Acidente com dois caminh\u00f5es e van da UFPE deixa uma pessoa ferida na BR-101 - Not&iacute;cias em Destaque<\/title>\n<meta name=\"robots\" content=\"index, follow, max-snippet:-1, max-image-preview:large, max-video-preview:-1\" \/>\n<link rel=\"canonical\" href=\"https:\/\/noticiasemdestaque.com\/cd\/?p=40218\" \/>\n<meta property=\"og:locale\" content=\"pt_BR\" \/>\n<meta property=\"og:type\" content=\"article\" \/>\n<meta property=\"og:title\" content=\"Acidente com dois caminh\u00f5es e van da UFPE deixa uma pessoa ferida na BR-101 - Not&iacute;cias em Destaque\" \/>\n<meta property=\"og:description\" content=\"Uma pessoa ficou ferida nesta quarta-feira (22) em um acidente envolvendo dois caminh\u00f5es, e uma van na BR-101, no sentido Natal e Jo\u00e3o Pessoa. De acordo com a Pol\u00edcia Rodovi\u00e1ria Federa, a colis\u00e3o ocorreu na entrada para a cidade de Lucena. Uma equipe da Pol\u00edcia Rodovi\u00e1ria Federal foi at\u00e9 o local para realizar as primeiras a\u00e7\u00f5es sobre o caso, levantar informa\u00e7\u00f5es sobre o acidente e orientar o tr\u00e2nsito. H\u00e1 um acumulo de \u00e1gua grande na pista e as fortes chuvas registradas hoje no litoral da Para\u00edba podem ter colaborado para o acidente. Imagens divulgadas nas redes sociais mostram que a van pertence a Universidade Federal de Pernambuco (UFPE). O tr\u00e2nsito ficou bastante lento na rodovia federal. A faixa da pista ficou parcialmente interditada. Fonte: MaisPB\" \/>\n<meta property=\"og:url\" content=\"https:\/\/noticiasemdestaque.com\/cd\/?p=40218\" \/>\n<meta property=\"og:site_name\" content=\"Not&iacute;cias em Destaque\" \/>\n<meta property=\"article:published_time\" content=\"2022-06-22T21:50:01+00:00\" \/>\n<meta property=\"og:image\" content=\"https:\/\/noticiasemdestaque.com\/cd\/wp-content\/uploads\/2022\/06\/acidente-entre-dois-caminhoes-e-van-na-BR-101.webp\" \/>\n\t<meta property=\"og:image:width\" content=\"747\" \/>\n\t<meta property=\"og:image:height\" content=\"389\" \/>\n\t<meta property=\"og:image:type\" content=\"image\/webp\" \/>\n<meta name=\"author\" content=\"Not\u00edcias em Destaque\" \/>\n<meta name=\"twitter:card\" content=\"summary_large_image\" \/>\n<meta name=\"twitter:label1\" content=\"Escrito por\" \/>\n\t<meta name=\"twitter:data1\" content=\"Not\u00edcias em Destaque\" \/>\n\t<meta name=\"twitter:label2\" content=\"Est. tempo de leitura\" \/>\n\t<meta name=\"twitter:data2\" content=\"1 minuto\" \/>\n<script type=\"application\/ld+json\" class=\"yoast-schema-graph\">{\"@context\":\"https:\/\/schema.org\",\"@graph\":[{\"@type\":\"Article\",\"@id\":\"https:\/\/noticiasemdestaque.com\/cd\/?p=40218#article\",\"isPartOf\":{\"@id\":\"https:\/\/noticiasemdestaque.com\/cd\/?p=40218\"},\"author\":{\"name\":\"Not\u00edcias em Destaque\",\"@id\":\"https:\/\/noticiasemdestaque.com\/cd\/#\/schema\/person\/45ca272b3e1246ef14ebb78a48dbb218\"},\"headline\":\"Acidente com dois caminh\u00f5es e van da UFPE deixa uma pessoa ferida na BR-101\",\"datePublished\":\"2022-06-22T21:50:01+00:00\",\"mainEntityOfPage\":{\"@id\":\"https:\/\/noticiasemdestaque.com\/cd\/?p=40218\"},\"wordCount\":151,\"publisher\":{\"@id\":\"https:\/\/noticiasemdestaque.com\/cd\/#organization\"},\"image\":{\"@id\":\"https:\/\/noticiasemdestaque.com\/cd\/?p=40218#primaryimage\"},\"thumbnailUrl\":\"https:\/\/noticiasemdestaque.com\/cd\/wp-content\/uploads\/2022\/06\/acidente-entre-dois-caminhoes-e-van-na-BR-101.webp\",\"articleSection\":[\"Pol\u00edcia\"],\"inLanguage\":\"pt-BR\"},{\"@type\":\"WebPage\",\"@id\":\"https:\/\/noticiasemdestaque.com\/cd\/?p=40218\",\"url\":\"https:\/\/noticiasemdestaque.com\/cd\/?p=40218\",\"name\":\"Acidente com dois caminh\u00f5es e van da UFPE deixa uma pessoa ferida na BR-101 - Not&iacute;cias em Destaque\",\"isPartOf\":{\"@id\":\"https:\/\/noticiasemdestaque.com\/cd\/#website\"},\"primaryImageOfPage\":{\"@id\":\"https:\/\/noticiasemdestaque.com\/cd\/?p=40218#primaryimage\"},\"image\":{\"@id\":\"https:\/\/noticiasemdestaque.com\/cd\/?p=40218#primaryimage\"},\"thumbnailUrl\":\"https:\/\/noticiasemdestaque.com\/cd\/wp-content\/uploads\/2022\/06\/acidente-entre-dois-caminhoes-e-van-na-BR-101.webp\",\"datePublished\":\"2022-06-22T21:50:01+00:00\",\"breadcrumb\":{\"@id\":\"https:\/\/noticiasemdestaque.com\/cd\/?p=40218#breadcrumb\"},\"inLanguage\":\"pt-BR\",\"potentialAction\":[{\"@type\":\"ReadAction\",\"target\":[\"https:\/\/noticiasemdestaque.com\/cd\/?p=40218\"]}]},{\"@type\":\"ImageObject\",\"inLanguage\":\"pt-BR\",\"@id\":\"https:\/\/noticiasemdestaque.com\/cd\/?p=40218#primaryimage\",\"url\":\"https:\/\/noticiasemdestaque.com\/cd\/wp-content\/uploads\/2022\/06\/acidente-entre-dois-caminhoes-e-van-na-BR-101.webp\",\"contentUrl\":\"https:\/\/noticiasemdestaque.com\/cd\/wp-content\/uploads\/2022\/06\/acidente-entre-dois-caminhoes-e-van-na-BR-101.webp\",\"width\":747,\"height\":389},{\"@type\":\"BreadcrumbList\",\"@id\":\"https:\/\/noticiasemdestaque.com\/cd\/?p=40218#breadcrumb\",\"itemListElement\":[{\"@type\":\"ListItem\",\"position\":1,\"name\":\"In\u00edcio\",\"item\":\"https:\/\/noticiasemdestaque.com\/cd\/\"},{\"@type\":\"ListItem\",\"position\":2,\"name\":\"Acidente com dois caminh\u00f5es e van da UFPE deixa uma pessoa ferida na BR-101\"}]},{\"@type\":\"WebSite\",\"@id\":\"https:\/\/noticiasemdestaque.com\/cd\/#website\",\"url\":\"https:\/\/noticiasemdestaque.com\/cd\/\",\"name\":\"Not&iacute;cias em Destaque\",\"description\":\"\",\"publisher\":{\"@id\":\"https:\/\/noticiasemdestaque.com\/cd\/#organization\"},\"potentialAction\":[{\"@type\":\"SearchAction\",\"target\":{\"@type\":\"EntryPoint\",\"urlTemplate\":\"https:\/\/noticiasemdestaque.com\/cd\/?s={search_term_string}\"},\"query-input\":{\"@type\":\"PropertyValueSpecification\",\"valueRequired\":true,\"valueName\":\"search_term_string\"}}],\"inLanguage\":\"pt-BR\"},{\"@type\":\"Organization\",\"@id\":\"https:\/\/noticiasemdestaque.com\/cd\/#organization\",\"name\":\"Not\u00edcias em Destaque\",\"url\":\"https:\/\/noticiasemdestaque.com\/cd\/\",\"logo\":{\"@type\":\"ImageObject\",\"inLanguage\":\"pt-BR\",\"@id\":\"https:\/\/noticiasemdestaque.com\/cd\/#\/schema\/logo\/image\/\",\"url\":\"https:\/\/noticiasemdestaque.com\/cd\/wp-content\/uploads\/2022\/05\/imagem-base-noticiasemdestaque.png\",\"contentUrl\":\"https:\/\/noticiasemdestaque.com\/cd\/wp-content\/uploads\/2022\/05\/imagem-base-noticiasemdestaque.png\",\"width\":1200,\"height\":630,\"caption\":\"Not\u00edcias em Destaque\"},\"image\":{\"@id\":\"https:\/\/noticiasemdestaque.com\/cd\/#\/schema\/logo\/image\/\"}},{\"@type\":\"Person\",\"@id\":\"https:\/\/noticiasemdestaque.com\/cd\/#\/schema\/person\/45ca272b3e1246ef14ebb78a48dbb218\",\"name\":\"Not\u00edcias em Destaque\",\"url\":\"https:\/\/noticiasemdestaque.com\/cd\/?author=2\"}]}<\/script>\n<!-- \/ Yoast SEO plugin. -->","yoast_head_json":{"title":"Acidente com dois caminh\u00f5es e van da UFPE deixa uma pessoa ferida na BR-101 - Not&iacute;cias em Destaque","robots":{"index":"index","follow":"follow","max-snippet":"max-snippet:-1","max-image-preview":"max-image-preview:large","max-video-preview":"max-video-preview:-1"},"canonical":"https:\/\/noticiasemdestaque.com\/cd\/?p=40218","og_locale":"pt_BR","og_type":"article","og_title":"Acidente com dois caminh\u00f5es e van da UFPE deixa uma pessoa ferida na BR-101 - Not&iacute;cias em Destaque","og_description":"Uma pessoa ficou ferida nesta quarta-feira (22) em um acidente envolvendo dois caminh\u00f5es, e uma van na BR-101, no sentido Natal e Jo\u00e3o Pessoa. De acordo com a Pol\u00edcia Rodovi\u00e1ria Federa, a colis\u00e3o ocorreu na entrada para a cidade de Lucena. Uma equipe da Pol\u00edcia Rodovi\u00e1ria Federal foi at\u00e9 o local para realizar as primeiras a\u00e7\u00f5es sobre o caso, levantar informa\u00e7\u00f5es sobre o acidente e orientar o tr\u00e2nsito. H\u00e1 um acumulo de \u00e1gua grande na pista e as fortes chuvas registradas hoje no litoral da Para\u00edba podem ter colaborado para o acidente. Imagens divulgadas nas redes sociais mostram que a van pertence a Universidade Federal de Pernambuco (UFPE). O tr\u00e2nsito ficou bastante lento na rodovia federal. A faixa da pista ficou parcialmente interditada. Fonte: MaisPB","og_url":"https:\/\/noticiasemdestaque.com\/cd\/?p=40218","og_site_name":"Not&iacute;cias em Destaque","article_published_time":"2022-06-22T21:50:01+00:00","og_image":[{"width":747,"height":389,"url":"https:\/\/noticiasemdestaque.com\/cd\/wp-content\/uploads\/2022\/06\/acidente-entre-dois-caminhoes-e-van-na-BR-101.webp","type":"image\/webp"}],"author":"Not\u00edcias em Destaque","twitter_card":"summary_large_image","twitter_misc":{"Escrito por":"Not\u00edcias em Destaque","Est. tempo de leitura":"1 minuto"},"schema":{"@context":"https:\/\/schema.org","@graph":[{"@type":"Article","@id":"https:\/\/noticiasemdestaque.com\/cd\/?p=40218#article","isPartOf":{"@id":"https:\/\/noticiasemdestaque.com\/cd\/?p=40218"},"author":{"name":"Not\u00edcias em Destaque","@id":"https:\/\/noticiasemdestaque.com\/cd\/#\/schema\/person\/45ca272b3e1246ef14ebb78a48dbb218"},"headline":"Acidente com dois caminh\u00f5es e van da UFPE deixa uma pessoa ferida na BR-101","datePublished":"2022-06-22T21:50:01+00:00","mainEntityOfPage":{"@id":"https:\/\/noticiasemdestaque.com\/cd\/?p=40218"},"wordCount":151,"publisher":{"@id":"https:\/\/noticiasemdestaque.com\/cd\/#organization"},"image":{"@id":"https:\/\/noticiasemdestaque.com\/cd\/?p=40218#primaryimage"},"thumbnailUrl":"https:\/\/noticiasemdestaque.com\/cd\/wp-content\/uploads\/2022\/06\/acidente-entre-dois-caminhoes-e-van-na-BR-101.webp","articleSection":["Pol\u00edcia"],"inLanguage":"pt-BR"},{"@type":"WebPage","@id":"https:\/\/noticiasemdestaque.com\/cd\/?p=40218","url":"https:\/\/noticiasemdestaque.com\/cd\/?p=40218","name":"Acidente com dois caminh\u00f5es e van da UFPE deixa uma pessoa ferida na BR-101 - Not&iacute;cias em Destaque","isPartOf":{"@id":"https:\/\/noticiasemdestaque.com\/cd\/#website"},"primaryImageOfPage":{"@id":"https:\/\/noticiasemdestaque.com\/cd\/?p=40218#primaryimage"},"image":{"@id":"https:\/\/noticiasemdestaque.com\/cd\/?p=40218#primaryimage"},"thumbnailUrl":"https:\/\/noticiasemdestaque.com\/cd\/wp-content\/uploads\/2022\/06\/acidente-entre-dois-caminhoes-e-van-na-BR-101.webp","datePublished":"2022-06-22T21:50:01+00:00","breadcrumb":{"@id":"https:\/\/noticiasemdestaque.com\/cd\/?p=40218#breadcrumb"},"inLanguage":"pt-BR","potentialAction":[{"@type":"ReadAction","target":["https:\/\/noticiasemdestaque.com\/cd\/?p=40218"]}]},{"@type":"ImageObject","inLanguage":"pt-BR","@id":"https:\/\/noticiasemdestaque.com\/cd\/?p=40218#primaryimage","url":"https:\/\/noticiasemdestaque.com\/cd\/wp-content\/uploads\/2022\/06\/acidente-entre-dois-caminhoes-e-van-na-BR-101.webp","contentUrl":"https:\/\/noticiasemdestaque.com\/cd\/wp-content\/uploads\/2022\/06\/acidente-entre-dois-caminhoes-e-van-na-BR-101.webp","width":747,"height":389},{"@type":"BreadcrumbList","@id":"https:\/\/noticiasemdestaque.com\/cd\/?p=40218#breadcrumb","itemListElement":[{"@type":"ListItem","position":1,"name":"In\u00edcio","item":"https:\/\/noticiasemdestaque.com\/cd\/"},{"@type":"ListItem","position":2,"name":"Acidente com dois caminh\u00f5es e van da UFPE deixa uma pessoa ferida na BR-101"}]},{"@type":"WebSite","@id":"https:\/\/noticiasemdestaque.com\/cd\/#website","url":"https:\/\/noticiasemdestaque.com\/cd\/","name":"Not&iacute;cias em Destaque","description":"","publisher":{"@id":"https:\/\/noticiasemdestaque.com\/cd\/#organization"},"potentialAction":[{"@type":"SearchAction","target":{"@type":"EntryPoint","urlTemplate":"https:\/\/noticiasemdestaque.com\/cd\/?s={search_term_string}"},"query-input":{"@type":"PropertyValueSpecification","valueRequired":true,"valueName":"search_term_string"}}],"inLanguage":"pt-BR"},{"@type":"Organization","@id":"https:\/\/noticiasemdestaque.com\/cd\/#organization","name":"Not\u00edcias em Destaque","url":"https:\/\/noticiasemdestaque.com\/cd\/","logo":{"@type":"ImageObject","inLanguage":"pt-BR","@id":"https:\/\/noticiasemdestaque.com\/cd\/#\/schema\/logo\/image\/","url":"https:\/\/noticiasemdestaque.com\/cd\/wp-content\/uploads\/2022\/05\/imagem-base-noticiasemdestaque.png","contentUrl":"https:\/\/noticiasemdestaque.com\/cd\/wp-content\/uploads\/2022\/05\/imagem-base-noticiasemdestaque.png","width":1200,"height":630,"caption":"Not\u00edcias em Destaque"},"image":{"@id":"https:\/\/noticiasemdestaque.com\/cd\/#\/schema\/logo\/image\/"}},{"@type":"Person","@id":"https:\/\/noticiasemdestaque.com\/cd\/#\/schema\/person\/45ca272b3e1246ef14ebb78a48dbb218","name":"Not\u00edcias em Destaque","url":"https:\/\/noticiasemdestaque.com\/cd\/?author=2"}]}},"jetpack_featured_media_url":"https:\/\/noticiasemdestaque.com\/cd\/wp-content\/uploads\/2022\/06\/acidente-entre-dois-caminhoes-e-van-na-BR-101.webp","jetpack_sharing_enabled":true,"_links":{"self":[{"href":"https:\/\/noticiasemdestaque.com\/cd\/index.php?rest_route=\/wp\/v2\/posts\/40218","targetHints":{"allow":["GET"]}}],"collection":[{"href":"https:\/\/noticiasemdestaque.com\/cd\/index.php?rest_route=\/wp\/v2\/posts"}],"about":[{"href":"https:\/\/noticiasemdestaque.com\/cd\/index.php?rest_route=\/wp\/v2\/types\/post"}],"author":[{"embeddable":true,"href":"https:\/\/noticiasemdestaque.com\/cd\/index.php?rest_route=\/wp\/v2\/users\/2"}],"replies":[{"embeddable":true,"href":"https:\/\/noticiasemdestaque.com\/cd\/index.php?rest_route=%2Fwp%2Fv2%2Fcomments&post=40218"}],"version-history":[{"count":1,"href":"https:\/\/noticiasemdestaque.com\/cd\/index.php?rest_route=\/wp\/v2\/posts\/40218\/revisions"}],"predecessor-version":[{"id":40220,"href":"https:\/\/noticiasemdestaque.com\/cd\/index.php?rest_route=\/wp\/v2\/posts\/40218\/revisions\/40220"}],"wp:featuredmedia":[{"embeddable":true,"href":"https:\/\/noticiasemdestaque.com\/cd\/index.php?rest_route=\/wp\/v2\/media\/40219"}],"wp:attachment":[{"href":"https:\/\/noticiasemdestaque.com\/cd\/index.php?rest_route=%2Fwp%2Fv2%2Fmedia&parent=40218"}],"wp:term":[{"taxonomy":"category","embeddable":true,"href":"https:\/\/noticiasemdestaque.com\/cd\/index.php?rest_route=%2Fwp%2Fv2%2Fcategories&post=40218"},{"taxonomy":"post_tag","embeddable":true,"href":"https:\/\/noticiasemdestaque.com\/cd\/index.php?rest_route=%2Fwp%2Fv2%2Ftags&post=40218"}],"curies":[{"name":"wp","href":"https:\/\/api.w.org\/{rel}","templated":true}]}}