{"id":40204,"date":"2022-06-22T11:01:40","date_gmt":"2022-06-22T14:01:40","guid":{"rendered":"https:\/\/noticiasemdestaque.com\/cd\/?p=40204"},"modified":"2022-06-22T11:01:40","modified_gmt":"2022-06-22T14:01:40","slug":"distancia-entre-lula-e-bolsonaro-em-eventual-segundo-turno-cresce-diz-poderdata","status":"publish","type":"post","link":"https:\/\/noticiasemdestaque.com\/cd\/?p=40204","title":{"rendered":"Dist\u00e2ncia entre Lula e Bolsonaro em eventual segundo turno cresce, diz PoderData"},"content":{"rendered":"<p>A pesquisa\u00a0<strong>PoderData\u00a0<\/strong>divulgada na manh\u00e3 desta quarta-feira (22) mostra que\u00a0<strong>Luiz In\u00e1cio Lula da Silva (PT)\u00a0<\/strong>ampliou sua\u00a0<strong>vantagem\u00a0<\/strong>sobre\u00a0<strong>Jair Messias Bolsonaro (PL)<\/strong>\u00a0em um\u00a0<strong>eventual segundo turno entre os dois\u00a0<\/strong>nas elei\u00e7\u00f5es presidenciais, que acontecem em outubro deste ano.<\/p>\n<p>Enquanto o ex-presidente da Rep\u00fablica tem\u00a0<strong>52% das inten\u00e7\u00f5es de voto<\/strong>, o atual chefe do Executivo conta com o\u00a0<strong>apoio de 35% dos eleitores<\/strong>, de acordo com o levantamento.<\/p>\n<p>Esta \u00e9 a\u00a0<strong>primeira vez em quatro meses que a dist\u00e2ncia aumentou<\/strong>. Depois do estudo veiculado em fevereiro, quando o abismo era de\u00a0<strong>15 pontos percentuais<\/strong>, a margem apenas diminuiu. O m\u00ednimo foi de\u00a0<strong>nove pontos<\/strong>, registrado em abril.<\/p>\n<p>A\u00a0<strong>maior dist\u00e2ncia<\/strong>\u00a0entre os dois em um poss\u00edvel segundo turno nas elei\u00e7\u00f5es foi de\u00a0<strong>25 pontos percentuais<\/strong>, obtida em setembro de 2021.<\/p>\n<p>O \u00faltimo levantamento foi realizado entre os dias 19 e 21 de junho, a partir de<strong>\u00a03 mil entrevistas<\/strong>\u00a0realizadas em\u00a0<strong>302 cidades<\/strong>\u00a0espalhadas por\u00a0<strong>todas as unidades federativas<\/strong>\u00a0do pa\u00eds.<\/p>\n<p style=\"text-align: right;\"><em>Fonte: TV Cultura<\/em><\/p>\n","protected":false},"excerpt":{"rendered":"<p>A pesquisa\u00a0PoderData\u00a0divulgada na manh\u00e3 desta quarta-feira (22) mostra que\u00a0Luiz In\u00e1cio Lula da Silva (PT)\u00a0ampliou sua\u00a0vantagem\u00a0sobre\u00a0Jair Messias Bolsonaro (PL)\u00a0em um\u00a0eventual segundo turno entre os dois\u00a0nas elei\u00e7\u00f5es presidenciais, que acontecem em outubro deste ano. Enquanto o ex-presidente da Rep\u00fablica tem\u00a052% das inten\u00e7\u00f5es de voto, o atual chefe do Executivo conta com o\u00a0apoio de 35% dos eleitores, de acordo com o levantamento. Esta \u00e9 a\u00a0primeira vez em quatro meses que a dist\u00e2ncia aumentou. Depois do estudo veiculado em fevereiro, quando o abismo era de\u00a015 pontos percentuais, a margem apenas diminuiu. O m\u00ednimo foi de\u00a0nove pontos, registrado em abril. A\u00a0maior dist\u00e2ncia\u00a0entre os dois em um poss\u00edvel segundo turno nas elei\u00e7\u00f5es foi de\u00a025 pontos percentuais, obtida em setembro de 2021. O \u00faltimo levantamento foi realizado entre os dias 19 e 21 de junho, a partir de\u00a03 mil entrevistas\u00a0realizadas em\u00a0302 cidades\u00a0espalhadas por\u00a0todas as unidades federativas\u00a0do pa\u00eds. Fonte: TV Cultura<\/p>\n","protected":false},"author":2,"featured_media":40205,"comment_status":"closed","ping_status":"open","sticky":false,"template":"","format":"standard","meta":{"_eb_attr":"","_jetpack_memberships_contains_paid_content":false,"footnotes":""},"categories":[4],"tags":[],"class_list":["post-40204","post","type-post","status-publish","format-standard","has-post-thumbnail","hentry","category-politica"],"yoast_head":"<!-- This site is optimized with the Yoast SEO plugin v26.5 - https:\/\/yoast.com\/wordpress\/plugins\/seo\/ -->\n<title>Dist\u00e2ncia entre Lula e Bolsonaro em eventual segundo turno cresce, diz PoderData - Not&iacute;cias em Destaque<\/title>\n<meta name=\"robots\" content=\"index, follow, max-snippet:-1, max-image-preview:large, max-video-preview:-1\" \/>\n<link rel=\"canonical\" href=\"https:\/\/noticiasemdestaque.com\/cd\/?p=40204\" \/>\n<meta property=\"og:locale\" content=\"pt_BR\" \/>\n<meta property=\"og:type\" content=\"article\" \/>\n<meta property=\"og:title\" content=\"Dist\u00e2ncia entre Lula e Bolsonaro em eventual segundo turno cresce, diz PoderData - Not&iacute;cias em Destaque\" \/>\n<meta property=\"og:description\" content=\"A pesquisa\u00a0PoderData\u00a0divulgada na manh\u00e3 desta quarta-feira (22) mostra que\u00a0Luiz In\u00e1cio Lula da Silva (PT)\u00a0ampliou sua\u00a0vantagem\u00a0sobre\u00a0Jair Messias Bolsonaro (PL)\u00a0em um\u00a0eventual segundo turno entre os dois\u00a0nas elei\u00e7\u00f5es presidenciais, que acontecem em outubro deste ano. Enquanto o ex-presidente da Rep\u00fablica tem\u00a052% das inten\u00e7\u00f5es de voto, o atual chefe do Executivo conta com o\u00a0apoio de 35% dos eleitores, de acordo com o levantamento. Esta \u00e9 a\u00a0primeira vez em quatro meses que a dist\u00e2ncia aumentou. Depois do estudo veiculado em fevereiro, quando o abismo era de\u00a015 pontos percentuais, a margem apenas diminuiu. O m\u00ednimo foi de\u00a0nove pontos, registrado em abril. A\u00a0maior dist\u00e2ncia\u00a0entre os dois em um poss\u00edvel segundo turno nas elei\u00e7\u00f5es foi de\u00a025 pontos percentuais, obtida em setembro de 2021. O \u00faltimo levantamento foi realizado entre os dias 19 e 21 de junho, a partir de\u00a03 mil entrevistas\u00a0realizadas em\u00a0302 cidades\u00a0espalhadas por\u00a0todas as unidades federativas\u00a0do pa\u00eds. Fonte: TV Cultura\" \/>\n<meta property=\"og:url\" content=\"https:\/\/noticiasemdestaque.com\/cd\/?p=40204\" \/>\n<meta property=\"og:site_name\" content=\"Not&iacute;cias em Destaque\" \/>\n<meta property=\"article:published_time\" content=\"2022-06-22T14:01:40+00:00\" \/>\n<meta property=\"og:image\" content=\"https:\/\/noticiasemdestaque.com\/cd\/wp-content\/uploads\/2022\/06\/20220620091533_20220530104735-point-blur-may302022-101159-1-1-1-.jpg\" \/>\n\t<meta property=\"og:image:width\" content=\"766\" \/>\n\t<meta property=\"og:image:height\" content=\"514\" \/>\n\t<meta property=\"og:image:type\" content=\"image\/jpeg\" \/>\n<meta name=\"author\" content=\"Not\u00edcias em Destaque\" \/>\n<meta name=\"twitter:card\" content=\"summary_large_image\" \/>\n<meta name=\"twitter:label1\" content=\"Escrito por\" \/>\n\t<meta name=\"twitter:data1\" content=\"Not\u00edcias em Destaque\" \/>\n\t<meta name=\"twitter:label2\" content=\"Est. tempo de leitura\" \/>\n\t<meta name=\"twitter:data2\" content=\"1 minuto\" \/>\n<script type=\"application\/ld+json\" class=\"yoast-schema-graph\">{\"@context\":\"https:\/\/schema.org\",\"@graph\":[{\"@type\":\"Article\",\"@id\":\"https:\/\/noticiasemdestaque.com\/cd\/?p=40204#article\",\"isPartOf\":{\"@id\":\"https:\/\/noticiasemdestaque.com\/cd\/?p=40204\"},\"author\":{\"name\":\"Not\u00edcias em Destaque\",\"@id\":\"https:\/\/noticiasemdestaque.com\/cd\/#\/schema\/person\/45ca272b3e1246ef14ebb78a48dbb218\"},\"headline\":\"Dist\u00e2ncia entre Lula e Bolsonaro em eventual segundo turno cresce, diz PoderData\",\"datePublished\":\"2022-06-22T14:01:40+00:00\",\"mainEntityOfPage\":{\"@id\":\"https:\/\/noticiasemdestaque.com\/cd\/?p=40204\"},\"wordCount\":179,\"publisher\":{\"@id\":\"https:\/\/noticiasemdestaque.com\/cd\/#organization\"},\"image\":{\"@id\":\"https:\/\/noticiasemdestaque.com\/cd\/?p=40204#primaryimage\"},\"thumbnailUrl\":\"https:\/\/noticiasemdestaque.com\/cd\/wp-content\/uploads\/2022\/06\/20220620091533_20220530104735-point-blur-may302022-101159-1-1-1-.jpg\",\"articleSection\":[\"Pol\u00edtica\"],\"inLanguage\":\"pt-BR\"},{\"@type\":\"WebPage\",\"@id\":\"https:\/\/noticiasemdestaque.com\/cd\/?p=40204\",\"url\":\"https:\/\/noticiasemdestaque.com\/cd\/?p=40204\",\"name\":\"Dist\u00e2ncia entre Lula e Bolsonaro em eventual segundo turno cresce, diz PoderData - Not&iacute;cias em Destaque\",\"isPartOf\":{\"@id\":\"https:\/\/noticiasemdestaque.com\/cd\/#website\"},\"primaryImageOfPage\":{\"@id\":\"https:\/\/noticiasemdestaque.com\/cd\/?p=40204#primaryimage\"},\"image\":{\"@id\":\"https:\/\/noticiasemdestaque.com\/cd\/?p=40204#primaryimage\"},\"thumbnailUrl\":\"https:\/\/noticiasemdestaque.com\/cd\/wp-content\/uploads\/2022\/06\/20220620091533_20220530104735-point-blur-may302022-101159-1-1-1-.jpg\",\"datePublished\":\"2022-06-22T14:01:40+00:00\",\"breadcrumb\":{\"@id\":\"https:\/\/noticiasemdestaque.com\/cd\/?p=40204#breadcrumb\"},\"inLanguage\":\"pt-BR\",\"potentialAction\":[{\"@type\":\"ReadAction\",\"target\":[\"https:\/\/noticiasemdestaque.com\/cd\/?p=40204\"]}]},{\"@type\":\"ImageObject\",\"inLanguage\":\"pt-BR\",\"@id\":\"https:\/\/noticiasemdestaque.com\/cd\/?p=40204#primaryimage\",\"url\":\"https:\/\/noticiasemdestaque.com\/cd\/wp-content\/uploads\/2022\/06\/20220620091533_20220530104735-point-blur-may302022-101159-1-1-1-.jpg\",\"contentUrl\":\"https:\/\/noticiasemdestaque.com\/cd\/wp-content\/uploads\/2022\/06\/20220620091533_20220530104735-point-blur-may302022-101159-1-1-1-.jpg\",\"width\":766,\"height\":514},{\"@type\":\"BreadcrumbList\",\"@id\":\"https:\/\/noticiasemdestaque.com\/cd\/?p=40204#breadcrumb\",\"itemListElement\":[{\"@type\":\"ListItem\",\"position\":1,\"name\":\"In\u00edcio\",\"item\":\"https:\/\/noticiasemdestaque.com\/cd\/\"},{\"@type\":\"ListItem\",\"position\":2,\"name\":\"Dist\u00e2ncia entre Lula e Bolsonaro em eventual segundo turno cresce, diz PoderData\"}]},{\"@type\":\"WebSite\",\"@id\":\"https:\/\/noticiasemdestaque.com\/cd\/#website\",\"url\":\"https:\/\/noticiasemdestaque.com\/cd\/\",\"name\":\"Not&iacute;cias em Destaque\",\"description\":\"\",\"publisher\":{\"@id\":\"https:\/\/noticiasemdestaque.com\/cd\/#organization\"},\"potentialAction\":[{\"@type\":\"SearchAction\",\"target\":{\"@type\":\"EntryPoint\",\"urlTemplate\":\"https:\/\/noticiasemdestaque.com\/cd\/?s={search_term_string}\"},\"query-input\":{\"@type\":\"PropertyValueSpecification\",\"valueRequired\":true,\"valueName\":\"search_term_string\"}}],\"inLanguage\":\"pt-BR\"},{\"@type\":\"Organization\",\"@id\":\"https:\/\/noticiasemdestaque.com\/cd\/#organization\",\"name\":\"Not\u00edcias em Destaque\",\"url\":\"https:\/\/noticiasemdestaque.com\/cd\/\",\"logo\":{\"@type\":\"ImageObject\",\"inLanguage\":\"pt-BR\",\"@id\":\"https:\/\/noticiasemdestaque.com\/cd\/#\/schema\/logo\/image\/\",\"url\":\"https:\/\/noticiasemdestaque.com\/cd\/wp-content\/uploads\/2022\/05\/imagem-base-noticiasemdestaque.png\",\"contentUrl\":\"https:\/\/noticiasemdestaque.com\/cd\/wp-content\/uploads\/2022\/05\/imagem-base-noticiasemdestaque.png\",\"width\":1200,\"height\":630,\"caption\":\"Not\u00edcias em Destaque\"},\"image\":{\"@id\":\"https:\/\/noticiasemdestaque.com\/cd\/#\/schema\/logo\/image\/\"}},{\"@type\":\"Person\",\"@id\":\"https:\/\/noticiasemdestaque.com\/cd\/#\/schema\/person\/45ca272b3e1246ef14ebb78a48dbb218\",\"name\":\"Not\u00edcias em Destaque\",\"url\":\"https:\/\/noticiasemdestaque.com\/cd\/?author=2\"}]}<\/script>\n<!-- \/ Yoast SEO plugin. -->","yoast_head_json":{"title":"Dist\u00e2ncia entre Lula e Bolsonaro em eventual segundo turno cresce, diz PoderData - Not&iacute;cias em Destaque","robots":{"index":"index","follow":"follow","max-snippet":"max-snippet:-1","max-image-preview":"max-image-preview:large","max-video-preview":"max-video-preview:-1"},"canonical":"https:\/\/noticiasemdestaque.com\/cd\/?p=40204","og_locale":"pt_BR","og_type":"article","og_title":"Dist\u00e2ncia entre Lula e Bolsonaro em eventual segundo turno cresce, diz PoderData - Not&iacute;cias em Destaque","og_description":"A pesquisa\u00a0PoderData\u00a0divulgada na manh\u00e3 desta quarta-feira (22) mostra que\u00a0Luiz In\u00e1cio Lula da Silva (PT)\u00a0ampliou sua\u00a0vantagem\u00a0sobre\u00a0Jair Messias Bolsonaro (PL)\u00a0em um\u00a0eventual segundo turno entre os dois\u00a0nas elei\u00e7\u00f5es presidenciais, que acontecem em outubro deste ano. Enquanto o ex-presidente da Rep\u00fablica tem\u00a052% das inten\u00e7\u00f5es de voto, o atual chefe do Executivo conta com o\u00a0apoio de 35% dos eleitores, de acordo com o levantamento. Esta \u00e9 a\u00a0primeira vez em quatro meses que a dist\u00e2ncia aumentou. Depois do estudo veiculado em fevereiro, quando o abismo era de\u00a015 pontos percentuais, a margem apenas diminuiu. O m\u00ednimo foi de\u00a0nove pontos, registrado em abril. A\u00a0maior dist\u00e2ncia\u00a0entre os dois em um poss\u00edvel segundo turno nas elei\u00e7\u00f5es foi de\u00a025 pontos percentuais, obtida em setembro de 2021. O \u00faltimo levantamento foi realizado entre os dias 19 e 21 de junho, a partir de\u00a03 mil entrevistas\u00a0realizadas em\u00a0302 cidades\u00a0espalhadas por\u00a0todas as unidades federativas\u00a0do pa\u00eds. Fonte: TV Cultura","og_url":"https:\/\/noticiasemdestaque.com\/cd\/?p=40204","og_site_name":"Not&iacute;cias em Destaque","article_published_time":"2022-06-22T14:01:40+00:00","og_image":[{"width":766,"height":514,"url":"https:\/\/noticiasemdestaque.com\/cd\/wp-content\/uploads\/2022\/06\/20220620091533_20220530104735-point-blur-may302022-101159-1-1-1-.jpg","type":"image\/jpeg"}],"author":"Not\u00edcias em Destaque","twitter_card":"summary_large_image","twitter_misc":{"Escrito por":"Not\u00edcias em Destaque","Est. tempo de leitura":"1 minuto"},"schema":{"@context":"https:\/\/schema.org","@graph":[{"@type":"Article","@id":"https:\/\/noticiasemdestaque.com\/cd\/?p=40204#article","isPartOf":{"@id":"https:\/\/noticiasemdestaque.com\/cd\/?p=40204"},"author":{"name":"Not\u00edcias em Destaque","@id":"https:\/\/noticiasemdestaque.com\/cd\/#\/schema\/person\/45ca272b3e1246ef14ebb78a48dbb218"},"headline":"Dist\u00e2ncia entre Lula e Bolsonaro em eventual segundo turno cresce, diz PoderData","datePublished":"2022-06-22T14:01:40+00:00","mainEntityOfPage":{"@id":"https:\/\/noticiasemdestaque.com\/cd\/?p=40204"},"wordCount":179,"publisher":{"@id":"https:\/\/noticiasemdestaque.com\/cd\/#organization"},"image":{"@id":"https:\/\/noticiasemdestaque.com\/cd\/?p=40204#primaryimage"},"thumbnailUrl":"https:\/\/noticiasemdestaque.com\/cd\/wp-content\/uploads\/2022\/06\/20220620091533_20220530104735-point-blur-may302022-101159-1-1-1-.jpg","articleSection":["Pol\u00edtica"],"inLanguage":"pt-BR"},{"@type":"WebPage","@id":"https:\/\/noticiasemdestaque.com\/cd\/?p=40204","url":"https:\/\/noticiasemdestaque.com\/cd\/?p=40204","name":"Dist\u00e2ncia entre Lula e Bolsonaro em eventual segundo turno cresce, diz PoderData - Not&iacute;cias em Destaque","isPartOf":{"@id":"https:\/\/noticiasemdestaque.com\/cd\/#website"},"primaryImageOfPage":{"@id":"https:\/\/noticiasemdestaque.com\/cd\/?p=40204#primaryimage"},"image":{"@id":"https:\/\/noticiasemdestaque.com\/cd\/?p=40204#primaryimage"},"thumbnailUrl":"https:\/\/noticiasemdestaque.com\/cd\/wp-content\/uploads\/2022\/06\/20220620091533_20220530104735-point-blur-may302022-101159-1-1-1-.jpg","datePublished":"2022-06-22T14:01:40+00:00","breadcrumb":{"@id":"https:\/\/noticiasemdestaque.com\/cd\/?p=40204#breadcrumb"},"inLanguage":"pt-BR","potentialAction":[{"@type":"ReadAction","target":["https:\/\/noticiasemdestaque.com\/cd\/?p=40204"]}]},{"@type":"ImageObject","inLanguage":"pt-BR","@id":"https:\/\/noticiasemdestaque.com\/cd\/?p=40204#primaryimage","url":"https:\/\/noticiasemdestaque.com\/cd\/wp-content\/uploads\/2022\/06\/20220620091533_20220530104735-point-blur-may302022-101159-1-1-1-.jpg","contentUrl":"https:\/\/noticiasemdestaque.com\/cd\/wp-content\/uploads\/2022\/06\/20220620091533_20220530104735-point-blur-may302022-101159-1-1-1-.jpg","width":766,"height":514},{"@type":"BreadcrumbList","@id":"https:\/\/noticiasemdestaque.com\/cd\/?p=40204#breadcrumb","itemListElement":[{"@type":"ListItem","position":1,"name":"In\u00edcio","item":"https:\/\/noticiasemdestaque.com\/cd\/"},{"@type":"ListItem","position":2,"name":"Dist\u00e2ncia entre Lula e Bolsonaro em eventual segundo turno cresce, diz PoderData"}]},{"@type":"WebSite","@id":"https:\/\/noticiasemdestaque.com\/cd\/#website","url":"https:\/\/noticiasemdestaque.com\/cd\/","name":"Not&iacute;cias em Destaque","description":"","publisher":{"@id":"https:\/\/noticiasemdestaque.com\/cd\/#organization"},"potentialAction":[{"@type":"SearchAction","target":{"@type":"EntryPoint","urlTemplate":"https:\/\/noticiasemdestaque.com\/cd\/?s={search_term_string}"},"query-input":{"@type":"PropertyValueSpecification","valueRequired":true,"valueName":"search_term_string"}}],"inLanguage":"pt-BR"},{"@type":"Organization","@id":"https:\/\/noticiasemdestaque.com\/cd\/#organization","name":"Not\u00edcias em Destaque","url":"https:\/\/noticiasemdestaque.com\/cd\/","logo":{"@type":"ImageObject","inLanguage":"pt-BR","@id":"https:\/\/noticiasemdestaque.com\/cd\/#\/schema\/logo\/image\/","url":"https:\/\/noticiasemdestaque.com\/cd\/wp-content\/uploads\/2022\/05\/imagem-base-noticiasemdestaque.png","contentUrl":"https:\/\/noticiasemdestaque.com\/cd\/wp-content\/uploads\/2022\/05\/imagem-base-noticiasemdestaque.png","width":1200,"height":630,"caption":"Not\u00edcias em Destaque"},"image":{"@id":"https:\/\/noticiasemdestaque.com\/cd\/#\/schema\/logo\/image\/"}},{"@type":"Person","@id":"https:\/\/noticiasemdestaque.com\/cd\/#\/schema\/person\/45ca272b3e1246ef14ebb78a48dbb218","name":"Not\u00edcias em Destaque","url":"https:\/\/noticiasemdestaque.com\/cd\/?author=2"}]}},"jetpack_featured_media_url":"https:\/\/noticiasemdestaque.com\/cd\/wp-content\/uploads\/2022\/06\/20220620091533_20220530104735-point-blur-may302022-101159-1-1-1-.jpg","jetpack_sharing_enabled":true,"_links":{"self":[{"href":"https:\/\/noticiasemdestaque.com\/cd\/index.php?rest_route=\/wp\/v2\/posts\/40204","targetHints":{"allow":["GET"]}}],"collection":[{"href":"https:\/\/noticiasemdestaque.com\/cd\/index.php?rest_route=\/wp\/v2\/posts"}],"about":[{"href":"https:\/\/noticiasemdestaque.com\/cd\/index.php?rest_route=\/wp\/v2\/types\/post"}],"author":[{"embeddable":true,"href":"https:\/\/noticiasemdestaque.com\/cd\/index.php?rest_route=\/wp\/v2\/users\/2"}],"replies":[{"embeddable":true,"href":"https:\/\/noticiasemdestaque.com\/cd\/index.php?rest_route=%2Fwp%2Fv2%2Fcomments&post=40204"}],"version-history":[{"count":1,"href":"https:\/\/noticiasemdestaque.com\/cd\/index.php?rest_route=\/wp\/v2\/posts\/40204\/revisions"}],"predecessor-version":[{"id":40206,"href":"https:\/\/noticiasemdestaque.com\/cd\/index.php?rest_route=\/wp\/v2\/posts\/40204\/revisions\/40206"}],"wp:featuredmedia":[{"embeddable":true,"href":"https:\/\/noticiasemdestaque.com\/cd\/index.php?rest_route=\/wp\/v2\/media\/40205"}],"wp:attachment":[{"href":"https:\/\/noticiasemdestaque.com\/cd\/index.php?rest_route=%2Fwp%2Fv2%2Fmedia&parent=40204"}],"wp:term":[{"taxonomy":"category","embeddable":true,"href":"https:\/\/noticiasemdestaque.com\/cd\/index.php?rest_route=%2Fwp%2Fv2%2Fcategories&post=40204"},{"taxonomy":"post_tag","embeddable":true,"href":"https:\/\/noticiasemdestaque.com\/cd\/index.php?rest_route=%2Fwp%2Fv2%2Ftags&post=40204"}],"curies":[{"name":"wp","href":"https:\/\/api.w.org\/{rel}","templated":true}]}}