{"id":40201,"date":"2022-06-22T10:51:27","date_gmt":"2022-06-22T13:51:27","guid":{"rendered":"https:\/\/noticiasemdestaque.com\/cd\/?p=40201"},"modified":"2022-06-22T10:51:27","modified_gmt":"2022-06-22T13:51:27","slug":"pf-prende-ex-ministro-da-educacao-milton-ribeiro","status":"publish","type":"post","link":"https:\/\/noticiasemdestaque.com\/cd\/?p=40201","title":{"rendered":"PF prende ex-ministro da Educa\u00e7\u00e3o Milton Ribeiro"},"content":{"rendered":"<div class=\"mc-column content-text active-extra-styles \" data-block-type=\"unstyled\" data-block-weight=\"40\" data-block-id=\"2\">\n<p class=\"content-text__container \" data-track-category=\"Link no Texto\" data-track-links=\"\">A Pol\u00edcia Federal prendeu na manh\u00e3 desta quarta-feira (22) o ex-ministro da Educa\u00e7\u00e3o Milton Ribeiro. Ele \u00e9 investigado por corrup\u00e7\u00e3o passiva, prevarica\u00e7\u00e3o, advocacia administrativa e tr\u00e1fico de influ\u00eancia por suposto\u00a0<a href=\"https:\/\/g1.globo.com\/politica\/noticia\/2022\/03\/22\/ministro-diz-em-audio-que-a-pedido-de-bolsonaro-repassa-verba-a-municipios-indicados-por-pastores.ghtml\">envolvimento em um esquema para libera\u00e7\u00e3o de verbas<\/a>\u00a0do\u00a0<a href=\"https:\/\/g1.globo.com\/tudo-sobre\/ministerio-da-educacao\/\">MEC<\/a>.<\/p>\n<\/div>\n<div class=\"wall protected-content\">\n<div class=\"mc-column content-text active-extra-styles \" data-block-type=\"unstyled\" data-block-weight=\"40\" data-block-id=\"3\">\n<p class=\"content-text__container \" data-track-category=\"Link no Texto\" data-track-links=\"\">A TV Globo apurou que\u00a0<a href=\"https:\/\/g1.globo.com\/politica\/noticia\/2022\/03\/22\/quem-sao-os-pastores-cujos-pedidos-bolsonaro-teria-mandado-ministro-da-educacao-priorizar.ghtml\">os pastores Gilmar Santos e Arilton Moura<\/a>\u00a0tamb\u00e9m s\u00e3o alvos da opera\u00e7\u00e3o deflagrada pela PF nesta quarta. Eles s\u00e3o investigados por atuar informalmente junto a prefeitos para a libera\u00e7\u00e3o de recursos do Minist\u00e9rio da Educa\u00e7\u00e3o.<\/p>\n<\/div>\n<div class=\"mc-column content-text active-extra-styles \" data-block-type=\"unstyled\" data-block-weight=\"36\" data-block-id=\"4\">\n<p class=\"content-text__container \" data-track-category=\"Link no Texto\" data-track-links=\"\">Em\u00a0<a href=\"https:\/\/g1.globo.com\/politica\/noticia\/2022\/03\/22\/ministro-diz-em-audio-que-a-pedido-de-bolsonaro-repassa-verba-a-municipios-indicados-por-pastores.ghtml\">\u00e1udio divulgado em mar\u00e7o<\/a>, Ribeiro afirma que o presidente\u00a0<a href=\"https:\/\/g1.globo.com\/politica\/politico\/jair-bolsonaro\/\">Jair Bolsonaro<\/a>\u00a0pediu a ele que os munic\u00edpios indicados pelos dois pastores recebessem prioridade na libera\u00e7\u00e3o de recursos.\u00a0<a href=\"https:\/\/g1.globo.com\/sp\/sao-carlos-regiao\/noticia\/2022\/03\/24\/prefeito-de-boa-esperanca-do-sul-relata-que-pastor-pediu-propina-de-r-40-mil-apos-encontro-no-mec.ghtml\">Prefeitos disseram em depoimento que eles exigiram propina<\/a>.<\/p>\n<\/div>\n<div class=\"mc-column content-text active-extra-styles \" data-block-type=\"unstyled\" data-block-weight=\"43\" data-block-id=\"8\">\n<p class=\"content-text__container \" data-track-category=\"Link no Texto\" data-track-links=\"\">Uma fonte da PF em S\u00e3o Paulo disse \u00e0 TV Tribuna que\u00a0<span class=\"highlight highlighted\">Milton Ribeiro foi preso em Santos e que ele deve ser levado para Bras\u00edlia<\/span>. Segundo o porteiro do pr\u00e9dio em que ele mora, o ex-ministro foi levado por volta das 7h.<\/p>\n<\/div>\n<div class=\"mc-column content-text active-extra-styles \" data-block-type=\"unstyled\" data-block-weight=\"17\" data-block-id=\"9\">\n<p class=\"content-text__container \" data-track-category=\"Link no Texto\" data-track-links=\"\">At\u00e9 a \u00faltima atualiza\u00e7\u00e3o desta reportagem ainda n\u00e3o havia confirma\u00e7\u00e3o da pris\u00e3o dos pastores Santos e Moura.<\/p>\n<\/div>\n<div class=\"bs-video-block mc-column  content-media content-video\" data-block-type=\"backstage-video\" data-block-id=\"10\">\n<div class=\"content-media__container\">\n<div class=\"content-video__bigger-player-description-fixer\">\n<article class=\"content-video\">\n<section class=\"content-video__video-container\">\n<div class=\"content-video__video\">\n<div class=\"content-video__placeholder\" data-video-id=\"10690109\" data-video-has-viewport-play=\"True\"><img decoding=\"async\" class=\"content-video__placeholder__thumb\" title=\"Justi\u00e7a manda prender Milton Ribeiro e pastores por caso de libera\u00e7\u00e3o de verbas do MEC\" src=\"https:\/\/s02.video.glbimg.com\/x240\/10690109.jpg\" alt=\"Justi\u00e7a manda prender Milton Ribeiro e pastores por caso de libera\u00e7\u00e3o de verbas do MEC\" \/><\/div>\n<\/div>\n<\/section>\n<\/article>\n<\/div>\n<p class=\"content-media__description\">Justi\u00e7a manda prender Milton Ribeiro e pastores por caso de libera\u00e7\u00e3o de verbas do MEC<\/p>\n<\/div>\n<\/div>\n<div class=\"mc-column content-text active-extra-styles\" data-block-type=\"raw\" data-block-weight=\"1\" data-block-id=\"11\">\n<p class=\"content-text__container\">\n<div class=\"content-intertitle\">\n<h2>Investiga\u00e7\u00e3o<\/h2>\n<\/div>\n<p>&nbsp;<\/p>\n<\/div>\n<div class=\"mc-column content-text active-extra-styles \" data-block-type=\"unstyled\" data-block-weight=\"31\" data-block-id=\"12\">\n<p class=\"content-text__container \" data-track-category=\"Link no Texto\" data-track-links=\"\">A PF investiga Ribeiro por suposto favorecimento aos pastores Gilmar Santos e Arilton Moura e a atua\u00e7\u00e3o informal deles na libera\u00e7\u00e3o de recursos do minist\u00e9rio. H\u00e1 suspeita de cobran\u00e7a de propina.<\/p>\n<\/div>\n<div class=\"mc-column content-text active-extra-styles \" data-block-type=\"unstyled\" data-block-weight=\"27\" data-block-id=\"14\">\n<p class=\"content-text__container \" data-track-category=\"Link no Texto\" data-track-links=\"\">O inqu\u00e9rito foi aberto ap\u00f3s o jornal &#8220;O Estado de S. Paulo&#8221; revelar, em mar\u00e7o, a exist\u00eancia de um &#8220;gabinete paralelo&#8221; dentro do\u00a0<a href=\"https:\/\/g1.globo.com\/tudo-sobre\/ministerio-da-educacao\/\">MEC<\/a>\u00a0controlado pelos pastores.<\/p>\n<\/div>\n<div class=\"mc-column content-text active-extra-styles \" data-block-type=\"unstyled\" data-block-weight=\"31\" data-block-id=\"15\">\n<p class=\"content-text__container \" data-track-category=\"Link no Texto\" data-track-links=\"\">Dias depois, o jornal &#8220;Folha de S.Paulo&#8221; divulgou um<a href=\"https:\/\/g1.globo.com\/politica\/noticia\/2022\/03\/22\/ministro-diz-em-audio-que-a-pedido-de-bolsonaro-repassa-verba-a-municipios-indicados-por-pastores.ghtml\">\u00a0\u00e1udio de uma reuni\u00e3o<\/a>\u00a0em que\u00a0<span class=\"highlight highlighted\">Ribeiro afirmou que, a pedido de Bolsonaro, repassava verbas para munic\u00edpios<\/span>\u00a0indicados pelo pastor Gilmar Silva.<\/p>\n<\/div>\n<div class=\"mc-column content-text active-extra-styles \" data-block-type=\"unstyled\" data-block-weight=\"23\" data-block-id=\"16\">\n<p class=\"content-text__container \" data-track-category=\"Link no Texto\" data-track-links=\"\">&#8220;Foi um pedido especial que o presidente da Rep\u00fablica fez para mim sobre a quest\u00e3o do [pastor] Gilmar&#8221;, disse o ministro no \u00e1udio.<\/p>\n<\/div>\n<div class=\"mc-column content-text active-extra-styles \" data-block-type=\"unstyled\" data-block-weight=\"26\" data-block-id=\"17\">\n<p class=\"content-text__container \" data-track-category=\"Link no Texto\" data-track-links=\"\">&#8220;Porque a minha prioridade \u00e9 atender primeiro os munic\u00edpios que mais precisam e, segundo, atender a todos os que s\u00e3o amigos do pastor Gilmar&#8221;, complementou Ribeiro.<\/p>\n<\/div>\n<div class=\"mc-column content-text active-extra-styles \" data-block-type=\"unstyled\" data-block-weight=\"13\" data-block-id=\"18\">\n<p class=\"content-text__container \" data-track-category=\"Link no Texto\" data-track-links=\"\">Ap\u00f3s a revela\u00e7\u00e3o do \u00e1udio,<a href=\"https:\/\/g1.globo.com\/politica\/noticia\/2022\/03\/28\/governo-oficializa-saida-de-milton-ribeiro-quarto-ministro-da-educacao-de-bolsonaro.ghtml\">\u00a0Ribeiro deixou o comando do Minist\u00e9rio da Educa\u00e7\u00e3o<\/a>.<\/p>\n<\/div>\n<div class=\"mc-column content-text active-extra-styles \" data-block-type=\"unstyled\" data-block-weight=\"31\" data-block-id=\"19\">\n<p class=\"content-text__container \" data-track-category=\"Link no Texto\" data-track-links=\"\">Em\u00a0<a href=\"https:\/\/g1.globo.com\/politica\/noticia\/2022\/03\/31\/a-pf-milton-ribeiro-confirma-que-bolsonaro-pediu-a-ele-para-receber-pastores-mas-nega-favorecimento.ghtml\">depoimento \u00e0 PF no final de mar\u00e7o<\/a>, Ribeiro confirmou que recebeu o pastor Gilmar \u00e0 pedido o presidente\u00a0<a href=\"https:\/\/g1.globo.com\/politica\/politico\/jair-bolsonaro\/\">Jair Bolsonaro<\/a>. No entanto, ele negou que tenha ocorrido qualquer tipo favorecimento.<\/p>\n<\/div>\n<div class=\"mc-column content-text active-extra-styles \" data-block-type=\"unstyled\" data-block-weight=\"20\" data-block-id=\"20\">\n<p class=\"content-text__container \" data-track-category=\"Link no Texto\" data-track-links=\"\">Registros do Gabinete de Seguran\u00e7a Institucional (GSI) apontam\u00a0<a href=\"https:\/\/g1.globo.com\/google\/amp\/politica\/noticia\/2022\/04\/14\/registros-do-gsi-apontam-35-acessos-de-pastor-envolvido-em-suposto-esquema-do-mec-a-gabinetes-do-planalto.ghtml\">dezenas de acessos dos dois pastores a gabinetes do Pal\u00e1cio do Planalto<\/a>.<\/p>\n<\/div>\n<div class=\"mc-column content-text active-extra-styles \" data-block-type=\"unstyled\" data-block-weight=\"26\" data-block-id=\"21\">\n<p class=\"content-text__container \" data-track-category=\"Link no Texto\" data-track-links=\"\">Em v\u00eddeo, o presidente\u00a0<a href=\"https:\/\/g1.globo.com\/politica\/politico\/jair-bolsonaro\/\">Jair Bolsonaro<\/a>\u00a0<a href=\"https:\/\/g1.globo.com\/google\/amp\/globonews\/jornal-das-dez\/video\/bolsonaro-eu-boto-a-minha-cara-no-fogo-pelo-milton-10422084.ghtml\">chegou a dizer que botava &#8220;a cara no fogo&#8221; por Ribeiro<\/a>\u00a0e que as den\u00fancias contra o ex-ministro eram &#8220;covardia&#8221;.<\/p>\n<\/div>\n<div class=\"mc-column content-text active-extra-styles \" data-block-type=\"unstyled\" data-block-weight=\"26\" data-block-id=\"22\">\n<p class=\"content-text__container \" data-track-category=\"Link no Texto\" data-track-links=\"\">J\u00e1 nesta quarta,<a href=\"https:\/\/g1.globo.com\/politica\/noticia\/2022\/06\/22\/ele-responde-pelos-atos-dele-diz-bolsonaro-sobre-ordem-de-prisao-contra-seu-ex-ministro-da-educacao.ghtml\">\u00a0questionado sobre a pris\u00e3o do ex-ministro pela PF<\/a>, Bolsonaro afirmou que Ribeiro \u00e9 quem deve responder por eventuais irregularidades \u00e0 frente do\u00a0<a href=\"https:\/\/g1.globo.com\/tudo-sobre\/ministerio-da-educacao\/\">MEC<\/a>.<\/p>\n<\/div>\n<div class=\"content-ads content-ads--reveal\" data-block-type=\"ads\" data-block-id=\"23\"><\/div>\n<div class=\"mc-column content-text active-extra-styles \" data-block-type=\"unstyled\" data-block-weight=\"23\" data-block-id=\"24\">\n<p class=\"content-text__container \" data-track-category=\"Link no Texto\" data-track-links=\"\">&#8220;Ele responde pelos atos dele&#8221;, afirmou Bolsonaro em entrevista \u00e0 r\u00e1dio Itatiaia. O presidente disse ainda que &#8220;se a PF prendeu, tem motivo.&#8221;<\/p>\n<\/div>\n<div class=\"bs-video-block mc-column  content-media content-video\" data-block-type=\"backstage-video\" data-block-id=\"25\">\n<div class=\"content-media__container\">\n<div class=\"content-video__bigger-player-description-fixer\">\n<article class=\"content-video\">\n<section class=\"content-video__video-container\">\n<div class=\"content-video__video\">\n<div class=\"content-video__placeholder\" data-video-id=\"10422084\" data-video-has-viewport-play=\"True\"><img decoding=\"async\" class=\"content-video__placeholder__thumb\" title=\"Bolsonaro: \u2018Eu boto a minha cara no fogo pelo Milton\u2019\" src=\"https:\/\/s01.video.glbimg.com\/x240\/10422084.jpg\" alt=\"Bolsonaro: \u2018Eu boto a minha cara no fogo pelo Milton\u2019\" \/><\/div>\n<\/div>\n<\/section>\n<\/article>\n<\/div>\n<p class=\"content-media__description\">Bolsonaro: \u2018Eu boto a minha cara no fogo pelo Milton\u2019<\/p>\n<\/div>\n<\/div>\n<div class=\"mc-column content-text active-extra-styles \" data-block-type=\"unstyled\" data-block-weight=\"39\" data-block-id=\"26\">\n<p class=\"content-text__container \" data-track-category=\"Link no Texto\" data-track-links=\"\">O caso envolve suspeitas de corrup\u00e7\u00e3o.\u00a0<a href=\"https:\/\/g1.globo.com\/sp\/sao-carlos-regiao\/noticia\/2022\/03\/24\/prefeito-de-boa-esperanca-do-sul-relata-que-pastor-pediu-propina-de-r-40-mil-apos-encontro-no-mec.ghtml\">Prefeitos denunciaram pedidos de propina<\/a>\u00a0\u2013 em dinheiro e em ouro \u2013 em troca da libera\u00e7\u00e3o de recursos para os munic\u00edpios. Milton Ribeiro disse que pediu apura\u00e7\u00e3o dessas den\u00fancia \u00e0 Controladoria-Geral da Uni\u00e3o.<\/p>\n<\/div>\n<div class=\"mc-column content-text active-extra-styles\" data-block-type=\"raw\" data-block-weight=\"3\" data-block-id=\"27\">\n<p class=\"content-text__container\">\n<div class=\"content-intertitle\">\n<h2>Tr\u00e1fico de influ\u00eancia<\/h2>\n<\/div>\n<\/div>\n<div class=\"mc-column content-text active-extra-styles \" data-block-type=\"unstyled\" data-block-weight=\"38\" data-block-id=\"28\">\n<p class=\"content-text__container \" data-track-category=\"Link no Texto\" data-track-links=\"\">De acordo com apura\u00e7\u00e3o da TV Globo, a opera\u00e7\u00e3o deflagrada nesta quarta investiga a pr\u00e1tica de tr\u00e1fico de influ\u00eancia e corrup\u00e7\u00e3o na libera\u00e7\u00e3o de verbas do Fundo Nacional de Desenvolvimento da Educa\u00e7\u00e3o (FNDE), ligado ao Minist\u00e9rio da Educa\u00e7\u00e3o.<\/p>\n<\/div>\n<div class=\"content-ads content-ads--reveal\" data-block-type=\"ads\" data-block-id=\"29\"><\/div>\n<div class=\"bs-video-block mc-column  content-media content-video\" data-block-type=\"backstage-video\" data-block-id=\"30\">\n<div class=\"content-media__container\">\n<div class=\"content-video__bigger-player-description-fixer\">\n<article class=\"content-video\">\n<section class=\"content-video__video-container\">\n<div class=\"content-video__video\">\n<div class=\"content-video__placeholder\" data-video-id=\"10414508\" data-video-has-viewport-play=\"True\"><img decoding=\"async\" class=\"content-video__placeholder__thumb\" title=\"Quem \u00e9 Milton Ribeiro?\" src=\"https:\/\/s01.video.glbimg.com\/x240\/10414508.jpg\" alt=\"Quem \u00e9 Milton Ribeiro?\" \/><\/div>\n<div id=\"wp3-player-4\" class=\"clappr-player\" tabindex=\"9999\" data-player=\"\">\n<div class=\"drawer-header drawer-header--hidden\"><\/div>\n<div class=\"media-control media-control-hide\">\n<div class=\"media-control-panel\">\n<div class=\"media-control-panel__back-layer\">\n<div class=\"media-control-position__left\" style=\"text-align: right;\"><em>Fonte: G1<\/em><\/div>\n<\/div>\n<\/div>\n<\/div>\n<\/div>\n<\/div>\n<\/section>\n<\/article>\n<\/div>\n<\/div>\n<\/div>\n<\/div>\n","protected":false},"excerpt":{"rendered":"<p>A Pol\u00edcia Federal prendeu na manh\u00e3 desta quarta-feira (22) o ex-ministro da Educa\u00e7\u00e3o Milton Ribeiro. Ele \u00e9 investigado por corrup\u00e7\u00e3o passiva, prevarica\u00e7\u00e3o, advocacia administrativa e tr\u00e1fico de influ\u00eancia por suposto\u00a0envolvimento em um esquema para libera\u00e7\u00e3o de verbas\u00a0do\u00a0MEC. A TV Globo apurou que\u00a0os pastores Gilmar Santos e Arilton Moura\u00a0tamb\u00e9m s\u00e3o alvos da opera\u00e7\u00e3o deflagrada pela PF nesta quarta. Eles s\u00e3o investigados por atuar informalmente junto a prefeitos para a libera\u00e7\u00e3o de recursos do Minist\u00e9rio da Educa\u00e7\u00e3o. Em\u00a0\u00e1udio divulgado em mar\u00e7o, Ribeiro afirma que o presidente\u00a0Jair Bolsonaro\u00a0pediu a ele que os munic\u00edpios indicados pelos dois pastores recebessem prioridade na libera\u00e7\u00e3o de recursos.\u00a0Prefeitos disseram em depoimento que eles exigiram propina. Uma fonte da PF em S\u00e3o Paulo disse \u00e0 TV Tribuna que\u00a0Milton Ribeiro foi preso em Santos e que ele deve ser levado para Bras\u00edlia. Segundo o porteiro do pr\u00e9dio em que ele mora, o ex-ministro foi levado por volta das 7h. At\u00e9 a \u00faltima atualiza\u00e7\u00e3o desta reportagem ainda n\u00e3o havia confirma\u00e7\u00e3o da pris\u00e3o dos pastores Santos e Moura. Justi\u00e7a manda prender Milton Ribeiro e pastores por caso de libera\u00e7\u00e3o de verbas do MEC Investiga\u00e7\u00e3o &nbsp; A PF investiga Ribeiro por suposto favorecimento aos pastores Gilmar Santos e Arilton Moura e a atua\u00e7\u00e3o informal deles na libera\u00e7\u00e3o de recursos do minist\u00e9rio. H\u00e1 suspeita de cobran\u00e7a de propina. O inqu\u00e9rito foi aberto ap\u00f3s o jornal &#8220;O Estado de S. Paulo&#8221; revelar, em mar\u00e7o, a exist\u00eancia de um &#8220;gabinete paralelo&#8221; dentro do\u00a0MEC\u00a0controlado pelos pastores. Dias depois, o jornal &#8220;Folha de S.Paulo&#8221; divulgou um\u00a0\u00e1udio de uma reuni\u00e3o\u00a0em que\u00a0Ribeiro afirmou que, a pedido de Bolsonaro, repassava verbas para munic\u00edpios\u00a0indicados pelo pastor Gilmar Silva. &#8220;Foi um pedido especial que o presidente da Rep\u00fablica fez para mim sobre a quest\u00e3o do [pastor] Gilmar&#8221;, disse o ministro no \u00e1udio. &#8220;Porque a minha prioridade \u00e9 atender primeiro os munic\u00edpios que mais precisam e, segundo, atender a todos os que s\u00e3o amigos do pastor Gilmar&#8221;, complementou Ribeiro. Ap\u00f3s a revela\u00e7\u00e3o do \u00e1udio,\u00a0Ribeiro deixou o comando do Minist\u00e9rio da Educa\u00e7\u00e3o. Em\u00a0depoimento \u00e0 PF no final de mar\u00e7o, Ribeiro confirmou que recebeu o pastor Gilmar \u00e0 pedido o presidente\u00a0Jair Bolsonaro. No entanto, ele negou que tenha ocorrido qualquer tipo favorecimento. Registros do Gabinete de Seguran\u00e7a Institucional (GSI) apontam\u00a0dezenas de acessos dos dois pastores a gabinetes do Pal\u00e1cio do Planalto. Em v\u00eddeo, o presidente\u00a0Jair Bolsonaro\u00a0chegou a dizer que botava &#8220;a cara no fogo&#8221; por Ribeiro\u00a0e que as den\u00fancias contra o ex-ministro eram &#8220;covardia&#8221;. J\u00e1 nesta quarta,\u00a0questionado sobre a pris\u00e3o do ex-ministro pela PF, Bolsonaro afirmou que Ribeiro \u00e9 quem deve responder por eventuais irregularidades \u00e0 frente do\u00a0MEC. &#8220;Ele responde pelos atos dele&#8221;, afirmou Bolsonaro em entrevista \u00e0 r\u00e1dio Itatiaia. O presidente disse ainda que &#8220;se a PF prendeu, tem motivo.&#8221; Bolsonaro: \u2018Eu boto a minha cara no fogo pelo Milton\u2019 O caso envolve suspeitas de corrup\u00e7\u00e3o.\u00a0Prefeitos denunciaram pedidos de propina\u00a0\u2013 em dinheiro e em ouro \u2013 em troca da libera\u00e7\u00e3o de recursos para os munic\u00edpios. Milton Ribeiro disse que pediu apura\u00e7\u00e3o dessas den\u00fancia \u00e0 Controladoria-Geral da Uni\u00e3o. Tr\u00e1fico de influ\u00eancia De acordo com apura\u00e7\u00e3o da TV Globo, a opera\u00e7\u00e3o deflagrada nesta quarta investiga a pr\u00e1tica de tr\u00e1fico de influ\u00eancia e corrup\u00e7\u00e3o na libera\u00e7\u00e3o de verbas do Fundo Nacional de Desenvolvimento da Educa\u00e7\u00e3o (FNDE), ligado ao Minist\u00e9rio da Educa\u00e7\u00e3o. Fonte: G1<\/p>\n","protected":false},"author":2,"featured_media":40202,"comment_status":"closed","ping_status":"open","sticky":false,"template":"","format":"standard","meta":{"_eb_attr":"","_jetpack_memberships_contains_paid_content":false,"footnotes":""},"categories":[4],"tags":[],"class_list":["post-40201","post","type-post","status-publish","format-standard","has-post-thumbnail","hentry","category-politica"],"yoast_head":"<!-- This site is optimized with the Yoast SEO plugin v26.5 - https:\/\/yoast.com\/wordpress\/plugins\/seo\/ -->\n<title>PF prende ex-ministro da Educa\u00e7\u00e3o Milton Ribeiro - Not&iacute;cias em Destaque<\/title>\n<meta name=\"robots\" content=\"index, follow, max-snippet:-1, max-image-preview:large, max-video-preview:-1\" \/>\n<link rel=\"canonical\" href=\"https:\/\/noticiasemdestaque.com\/cd\/?p=40201\" \/>\n<meta property=\"og:locale\" content=\"pt_BR\" \/>\n<meta property=\"og:type\" content=\"article\" \/>\n<meta property=\"og:title\" content=\"PF prende ex-ministro da Educa\u00e7\u00e3o Milton Ribeiro - Not&iacute;cias em Destaque\" \/>\n<meta property=\"og:description\" content=\"A Pol\u00edcia Federal prendeu na manh\u00e3 desta quarta-feira (22) o ex-ministro da Educa\u00e7\u00e3o Milton Ribeiro. Ele \u00e9 investigado por corrup\u00e7\u00e3o passiva, prevarica\u00e7\u00e3o, advocacia administrativa e tr\u00e1fico de influ\u00eancia por suposto\u00a0envolvimento em um esquema para libera\u00e7\u00e3o de verbas\u00a0do\u00a0MEC. A TV Globo apurou que\u00a0os pastores Gilmar Santos e Arilton Moura\u00a0tamb\u00e9m s\u00e3o alvos da opera\u00e7\u00e3o deflagrada pela PF nesta quarta. Eles s\u00e3o investigados por atuar informalmente junto a prefeitos para a libera\u00e7\u00e3o de recursos do Minist\u00e9rio da Educa\u00e7\u00e3o. Em\u00a0\u00e1udio divulgado em mar\u00e7o, Ribeiro afirma que o presidente\u00a0Jair Bolsonaro\u00a0pediu a ele que os munic\u00edpios indicados pelos dois pastores recebessem prioridade na libera\u00e7\u00e3o de recursos.\u00a0Prefeitos disseram em depoimento que eles exigiram propina. Uma fonte da PF em S\u00e3o Paulo disse \u00e0 TV Tribuna que\u00a0Milton Ribeiro foi preso em Santos e que ele deve ser levado para Bras\u00edlia. Segundo o porteiro do pr\u00e9dio em que ele mora, o ex-ministro foi levado por volta das 7h. At\u00e9 a \u00faltima atualiza\u00e7\u00e3o desta reportagem ainda n\u00e3o havia confirma\u00e7\u00e3o da pris\u00e3o dos pastores Santos e Moura. Justi\u00e7a manda prender Milton Ribeiro e pastores por caso de libera\u00e7\u00e3o de verbas do MEC Investiga\u00e7\u00e3o &nbsp; A PF investiga Ribeiro por suposto favorecimento aos pastores Gilmar Santos e Arilton Moura e a atua\u00e7\u00e3o informal deles na libera\u00e7\u00e3o de recursos do minist\u00e9rio. H\u00e1 suspeita de cobran\u00e7a de propina. O inqu\u00e9rito foi aberto ap\u00f3s o jornal &#8220;O Estado de S. Paulo&#8221; revelar, em mar\u00e7o, a exist\u00eancia de um &#8220;gabinete paralelo&#8221; dentro do\u00a0MEC\u00a0controlado pelos pastores. Dias depois, o jornal &#8220;Folha de S.Paulo&#8221; divulgou um\u00a0\u00e1udio de uma reuni\u00e3o\u00a0em que\u00a0Ribeiro afirmou que, a pedido de Bolsonaro, repassava verbas para munic\u00edpios\u00a0indicados pelo pastor Gilmar Silva. &#8220;Foi um pedido especial que o presidente da Rep\u00fablica fez para mim sobre a quest\u00e3o do [pastor] Gilmar&#8221;, disse o ministro no \u00e1udio. &#8220;Porque a minha prioridade \u00e9 atender primeiro os munic\u00edpios que mais precisam e, segundo, atender a todos os que s\u00e3o amigos do pastor Gilmar&#8221;, complementou Ribeiro. Ap\u00f3s a revela\u00e7\u00e3o do \u00e1udio,\u00a0Ribeiro deixou o comando do Minist\u00e9rio da Educa\u00e7\u00e3o. Em\u00a0depoimento \u00e0 PF no final de mar\u00e7o, Ribeiro confirmou que recebeu o pastor Gilmar \u00e0 pedido o presidente\u00a0Jair Bolsonaro. No entanto, ele negou que tenha ocorrido qualquer tipo favorecimento. Registros do Gabinete de Seguran\u00e7a Institucional (GSI) apontam\u00a0dezenas de acessos dos dois pastores a gabinetes do Pal\u00e1cio do Planalto. Em v\u00eddeo, o presidente\u00a0Jair Bolsonaro\u00a0chegou a dizer que botava &#8220;a cara no fogo&#8221; por Ribeiro\u00a0e que as den\u00fancias contra o ex-ministro eram &#8220;covardia&#8221;. J\u00e1 nesta quarta,\u00a0questionado sobre a pris\u00e3o do ex-ministro pela PF, Bolsonaro afirmou que Ribeiro \u00e9 quem deve responder por eventuais irregularidades \u00e0 frente do\u00a0MEC. &#8220;Ele responde pelos atos dele&#8221;, afirmou Bolsonaro em entrevista \u00e0 r\u00e1dio Itatiaia. O presidente disse ainda que &#8220;se a PF prendeu, tem motivo.&#8221; Bolsonaro: \u2018Eu boto a minha cara no fogo pelo Milton\u2019 O caso envolve suspeitas de corrup\u00e7\u00e3o.\u00a0Prefeitos denunciaram pedidos de propina\u00a0\u2013 em dinheiro e em ouro \u2013 em troca da libera\u00e7\u00e3o de recursos para os munic\u00edpios. Milton Ribeiro disse que pediu apura\u00e7\u00e3o dessas den\u00fancia \u00e0 Controladoria-Geral da Uni\u00e3o. Tr\u00e1fico de influ\u00eancia De acordo com apura\u00e7\u00e3o da TV Globo, a opera\u00e7\u00e3o deflagrada nesta quarta investiga a pr\u00e1tica de tr\u00e1fico de influ\u00eancia e corrup\u00e7\u00e3o na libera\u00e7\u00e3o de verbas do Fundo Nacional de Desenvolvimento da Educa\u00e7\u00e3o (FNDE), ligado ao Minist\u00e9rio da Educa\u00e7\u00e3o. Fonte: G1\" \/>\n<meta property=\"og:url\" content=\"https:\/\/noticiasemdestaque.com\/cd\/?p=40201\" \/>\n<meta property=\"og:site_name\" content=\"Not&iacute;cias em Destaque\" \/>\n<meta property=\"article:published_time\" content=\"2022-06-22T13:51:27+00:00\" \/>\n<meta property=\"og:image\" content=\"https:\/\/noticiasemdestaque.com\/cd\/wp-content\/uploads\/2022\/06\/age20220328001.webp\" \/>\n\t<meta property=\"og:image:width\" content=\"984\" \/>\n\t<meta property=\"og:image:height\" content=\"656\" \/>\n\t<meta property=\"og:image:type\" content=\"image\/webp\" \/>\n<meta name=\"author\" content=\"Not\u00edcias em Destaque\" \/>\n<meta name=\"twitter:card\" content=\"summary_large_image\" \/>\n<meta name=\"twitter:label1\" content=\"Escrito por\" \/>\n\t<meta name=\"twitter:data1\" content=\"Not\u00edcias em Destaque\" \/>\n\t<meta name=\"twitter:label2\" content=\"Est. tempo de leitura\" \/>\n\t<meta name=\"twitter:data2\" content=\"4 minutos\" \/>\n<script type=\"application\/ld+json\" class=\"yoast-schema-graph\">{\"@context\":\"https:\/\/schema.org\",\"@graph\":[{\"@type\":\"Article\",\"@id\":\"https:\/\/noticiasemdestaque.com\/cd\/?p=40201#article\",\"isPartOf\":{\"@id\":\"https:\/\/noticiasemdestaque.com\/cd\/?p=40201\"},\"author\":{\"name\":\"Not\u00edcias em Destaque\",\"@id\":\"https:\/\/noticiasemdestaque.com\/cd\/#\/schema\/person\/45ca272b3e1246ef14ebb78a48dbb218\"},\"headline\":\"PF prende ex-ministro da Educa\u00e7\u00e3o Milton Ribeiro\",\"datePublished\":\"2022-06-22T13:51:27+00:00\",\"mainEntityOfPage\":{\"@id\":\"https:\/\/noticiasemdestaque.com\/cd\/?p=40201\"},\"wordCount\":629,\"publisher\":{\"@id\":\"https:\/\/noticiasemdestaque.com\/cd\/#organization\"},\"image\":{\"@id\":\"https:\/\/noticiasemdestaque.com\/cd\/?p=40201#primaryimage\"},\"thumbnailUrl\":\"https:\/\/noticiasemdestaque.com\/cd\/wp-content\/uploads\/2022\/06\/age20220328001.webp\",\"articleSection\":[\"Pol\u00edtica\"],\"inLanguage\":\"pt-BR\"},{\"@type\":\"WebPage\",\"@id\":\"https:\/\/noticiasemdestaque.com\/cd\/?p=40201\",\"url\":\"https:\/\/noticiasemdestaque.com\/cd\/?p=40201\",\"name\":\"PF prende ex-ministro da Educa\u00e7\u00e3o Milton Ribeiro - Not&iacute;cias em Destaque\",\"isPartOf\":{\"@id\":\"https:\/\/noticiasemdestaque.com\/cd\/#website\"},\"primaryImageOfPage\":{\"@id\":\"https:\/\/noticiasemdestaque.com\/cd\/?p=40201#primaryimage\"},\"image\":{\"@id\":\"https:\/\/noticiasemdestaque.com\/cd\/?p=40201#primaryimage\"},\"thumbnailUrl\":\"https:\/\/noticiasemdestaque.com\/cd\/wp-content\/uploads\/2022\/06\/age20220328001.webp\",\"datePublished\":\"2022-06-22T13:51:27+00:00\",\"breadcrumb\":{\"@id\":\"https:\/\/noticiasemdestaque.com\/cd\/?p=40201#breadcrumb\"},\"inLanguage\":\"pt-BR\",\"potentialAction\":[{\"@type\":\"ReadAction\",\"target\":[\"https:\/\/noticiasemdestaque.com\/cd\/?p=40201\"]}]},{\"@type\":\"ImageObject\",\"inLanguage\":\"pt-BR\",\"@id\":\"https:\/\/noticiasemdestaque.com\/cd\/?p=40201#primaryimage\",\"url\":\"https:\/\/noticiasemdestaque.com\/cd\/wp-content\/uploads\/2022\/06\/age20220328001.webp\",\"contentUrl\":\"https:\/\/noticiasemdestaque.com\/cd\/wp-content\/uploads\/2022\/06\/age20220328001.webp\",\"width\":984,\"height\":656},{\"@type\":\"BreadcrumbList\",\"@id\":\"https:\/\/noticiasemdestaque.com\/cd\/?p=40201#breadcrumb\",\"itemListElement\":[{\"@type\":\"ListItem\",\"position\":1,\"name\":\"In\u00edcio\",\"item\":\"https:\/\/noticiasemdestaque.com\/cd\/\"},{\"@type\":\"ListItem\",\"position\":2,\"name\":\"PF prende ex-ministro da Educa\u00e7\u00e3o Milton Ribeiro\"}]},{\"@type\":\"WebSite\",\"@id\":\"https:\/\/noticiasemdestaque.com\/cd\/#website\",\"url\":\"https:\/\/noticiasemdestaque.com\/cd\/\",\"name\":\"Not&iacute;cias em Destaque\",\"description\":\"\",\"publisher\":{\"@id\":\"https:\/\/noticiasemdestaque.com\/cd\/#organization\"},\"potentialAction\":[{\"@type\":\"SearchAction\",\"target\":{\"@type\":\"EntryPoint\",\"urlTemplate\":\"https:\/\/noticiasemdestaque.com\/cd\/?s={search_term_string}\"},\"query-input\":{\"@type\":\"PropertyValueSpecification\",\"valueRequired\":true,\"valueName\":\"search_term_string\"}}],\"inLanguage\":\"pt-BR\"},{\"@type\":\"Organization\",\"@id\":\"https:\/\/noticiasemdestaque.com\/cd\/#organization\",\"name\":\"Not\u00edcias em Destaque\",\"url\":\"https:\/\/noticiasemdestaque.com\/cd\/\",\"logo\":{\"@type\":\"ImageObject\",\"inLanguage\":\"pt-BR\",\"@id\":\"https:\/\/noticiasemdestaque.com\/cd\/#\/schema\/logo\/image\/\",\"url\":\"https:\/\/noticiasemdestaque.com\/cd\/wp-content\/uploads\/2022\/05\/imagem-base-noticiasemdestaque.png\",\"contentUrl\":\"https:\/\/noticiasemdestaque.com\/cd\/wp-content\/uploads\/2022\/05\/imagem-base-noticiasemdestaque.png\",\"width\":1200,\"height\":630,\"caption\":\"Not\u00edcias em Destaque\"},\"image\":{\"@id\":\"https:\/\/noticiasemdestaque.com\/cd\/#\/schema\/logo\/image\/\"}},{\"@type\":\"Person\",\"@id\":\"https:\/\/noticiasemdestaque.com\/cd\/#\/schema\/person\/45ca272b3e1246ef14ebb78a48dbb218\",\"name\":\"Not\u00edcias em Destaque\",\"url\":\"https:\/\/noticiasemdestaque.com\/cd\/?author=2\"}]}<\/script>\n<!-- \/ Yoast SEO plugin. -->","yoast_head_json":{"title":"PF prende ex-ministro da Educa\u00e7\u00e3o Milton Ribeiro - Not&iacute;cias em Destaque","robots":{"index":"index","follow":"follow","max-snippet":"max-snippet:-1","max-image-preview":"max-image-preview:large","max-video-preview":"max-video-preview:-1"},"canonical":"https:\/\/noticiasemdestaque.com\/cd\/?p=40201","og_locale":"pt_BR","og_type":"article","og_title":"PF prende ex-ministro da Educa\u00e7\u00e3o Milton Ribeiro - Not&iacute;cias em Destaque","og_description":"A Pol\u00edcia Federal prendeu na manh\u00e3 desta quarta-feira (22) o ex-ministro da Educa\u00e7\u00e3o Milton Ribeiro. Ele \u00e9 investigado por corrup\u00e7\u00e3o passiva, prevarica\u00e7\u00e3o, advocacia administrativa e tr\u00e1fico de influ\u00eancia por suposto\u00a0envolvimento em um esquema para libera\u00e7\u00e3o de verbas\u00a0do\u00a0MEC. A TV Globo apurou que\u00a0os pastores Gilmar Santos e Arilton Moura\u00a0tamb\u00e9m s\u00e3o alvos da opera\u00e7\u00e3o deflagrada pela PF nesta quarta. Eles s\u00e3o investigados por atuar informalmente junto a prefeitos para a libera\u00e7\u00e3o de recursos do Minist\u00e9rio da Educa\u00e7\u00e3o. Em\u00a0\u00e1udio divulgado em mar\u00e7o, Ribeiro afirma que o presidente\u00a0Jair Bolsonaro\u00a0pediu a ele que os munic\u00edpios indicados pelos dois pastores recebessem prioridade na libera\u00e7\u00e3o de recursos.\u00a0Prefeitos disseram em depoimento que eles exigiram propina. Uma fonte da PF em S\u00e3o Paulo disse \u00e0 TV Tribuna que\u00a0Milton Ribeiro foi preso em Santos e que ele deve ser levado para Bras\u00edlia. Segundo o porteiro do pr\u00e9dio em que ele mora, o ex-ministro foi levado por volta das 7h. At\u00e9 a \u00faltima atualiza\u00e7\u00e3o desta reportagem ainda n\u00e3o havia confirma\u00e7\u00e3o da pris\u00e3o dos pastores Santos e Moura. Justi\u00e7a manda prender Milton Ribeiro e pastores por caso de libera\u00e7\u00e3o de verbas do MEC Investiga\u00e7\u00e3o &nbsp; A PF investiga Ribeiro por suposto favorecimento aos pastores Gilmar Santos e Arilton Moura e a atua\u00e7\u00e3o informal deles na libera\u00e7\u00e3o de recursos do minist\u00e9rio. H\u00e1 suspeita de cobran\u00e7a de propina. O inqu\u00e9rito foi aberto ap\u00f3s o jornal &#8220;O Estado de S. Paulo&#8221; revelar, em mar\u00e7o, a exist\u00eancia de um &#8220;gabinete paralelo&#8221; dentro do\u00a0MEC\u00a0controlado pelos pastores. Dias depois, o jornal &#8220;Folha de S.Paulo&#8221; divulgou um\u00a0\u00e1udio de uma reuni\u00e3o\u00a0em que\u00a0Ribeiro afirmou que, a pedido de Bolsonaro, repassava verbas para munic\u00edpios\u00a0indicados pelo pastor Gilmar Silva. &#8220;Foi um pedido especial que o presidente da Rep\u00fablica fez para mim sobre a quest\u00e3o do [pastor] Gilmar&#8221;, disse o ministro no \u00e1udio. &#8220;Porque a minha prioridade \u00e9 atender primeiro os munic\u00edpios que mais precisam e, segundo, atender a todos os que s\u00e3o amigos do pastor Gilmar&#8221;, complementou Ribeiro. Ap\u00f3s a revela\u00e7\u00e3o do \u00e1udio,\u00a0Ribeiro deixou o comando do Minist\u00e9rio da Educa\u00e7\u00e3o. Em\u00a0depoimento \u00e0 PF no final de mar\u00e7o, Ribeiro confirmou que recebeu o pastor Gilmar \u00e0 pedido o presidente\u00a0Jair Bolsonaro. No entanto, ele negou que tenha ocorrido qualquer tipo favorecimento. Registros do Gabinete de Seguran\u00e7a Institucional (GSI) apontam\u00a0dezenas de acessos dos dois pastores a gabinetes do Pal\u00e1cio do Planalto. Em v\u00eddeo, o presidente\u00a0Jair Bolsonaro\u00a0chegou a dizer que botava &#8220;a cara no fogo&#8221; por Ribeiro\u00a0e que as den\u00fancias contra o ex-ministro eram &#8220;covardia&#8221;. J\u00e1 nesta quarta,\u00a0questionado sobre a pris\u00e3o do ex-ministro pela PF, Bolsonaro afirmou que Ribeiro \u00e9 quem deve responder por eventuais irregularidades \u00e0 frente do\u00a0MEC. &#8220;Ele responde pelos atos dele&#8221;, afirmou Bolsonaro em entrevista \u00e0 r\u00e1dio Itatiaia. O presidente disse ainda que &#8220;se a PF prendeu, tem motivo.&#8221; Bolsonaro: \u2018Eu boto a minha cara no fogo pelo Milton\u2019 O caso envolve suspeitas de corrup\u00e7\u00e3o.\u00a0Prefeitos denunciaram pedidos de propina\u00a0\u2013 em dinheiro e em ouro \u2013 em troca da libera\u00e7\u00e3o de recursos para os munic\u00edpios. Milton Ribeiro disse que pediu apura\u00e7\u00e3o dessas den\u00fancia \u00e0 Controladoria-Geral da Uni\u00e3o. Tr\u00e1fico de influ\u00eancia De acordo com apura\u00e7\u00e3o da TV Globo, a opera\u00e7\u00e3o deflagrada nesta quarta investiga a pr\u00e1tica de tr\u00e1fico de influ\u00eancia e corrup\u00e7\u00e3o na libera\u00e7\u00e3o de verbas do Fundo Nacional de Desenvolvimento da Educa\u00e7\u00e3o (FNDE), ligado ao Minist\u00e9rio da Educa\u00e7\u00e3o. Fonte: G1","og_url":"https:\/\/noticiasemdestaque.com\/cd\/?p=40201","og_site_name":"Not&iacute;cias em Destaque","article_published_time":"2022-06-22T13:51:27+00:00","og_image":[{"width":984,"height":656,"url":"https:\/\/noticiasemdestaque.com\/cd\/wp-content\/uploads\/2022\/06\/age20220328001.webp","type":"image\/webp"}],"author":"Not\u00edcias em Destaque","twitter_card":"summary_large_image","twitter_misc":{"Escrito por":"Not\u00edcias em Destaque","Est. tempo de leitura":"4 minutos"},"schema":{"@context":"https:\/\/schema.org","@graph":[{"@type":"Article","@id":"https:\/\/noticiasemdestaque.com\/cd\/?p=40201#article","isPartOf":{"@id":"https:\/\/noticiasemdestaque.com\/cd\/?p=40201"},"author":{"name":"Not\u00edcias em Destaque","@id":"https:\/\/noticiasemdestaque.com\/cd\/#\/schema\/person\/45ca272b3e1246ef14ebb78a48dbb218"},"headline":"PF prende ex-ministro da Educa\u00e7\u00e3o Milton Ribeiro","datePublished":"2022-06-22T13:51:27+00:00","mainEntityOfPage":{"@id":"https:\/\/noticiasemdestaque.com\/cd\/?p=40201"},"wordCount":629,"publisher":{"@id":"https:\/\/noticiasemdestaque.com\/cd\/#organization"},"image":{"@id":"https:\/\/noticiasemdestaque.com\/cd\/?p=40201#primaryimage"},"thumbnailUrl":"https:\/\/noticiasemdestaque.com\/cd\/wp-content\/uploads\/2022\/06\/age20220328001.webp","articleSection":["Pol\u00edtica"],"inLanguage":"pt-BR"},{"@type":"WebPage","@id":"https:\/\/noticiasemdestaque.com\/cd\/?p=40201","url":"https:\/\/noticiasemdestaque.com\/cd\/?p=40201","name":"PF prende ex-ministro da Educa\u00e7\u00e3o Milton Ribeiro - Not&iacute;cias em Destaque","isPartOf":{"@id":"https:\/\/noticiasemdestaque.com\/cd\/#website"},"primaryImageOfPage":{"@id":"https:\/\/noticiasemdestaque.com\/cd\/?p=40201#primaryimage"},"image":{"@id":"https:\/\/noticiasemdestaque.com\/cd\/?p=40201#primaryimage"},"thumbnailUrl":"https:\/\/noticiasemdestaque.com\/cd\/wp-content\/uploads\/2022\/06\/age20220328001.webp","datePublished":"2022-06-22T13:51:27+00:00","breadcrumb":{"@id":"https:\/\/noticiasemdestaque.com\/cd\/?p=40201#breadcrumb"},"inLanguage":"pt-BR","potentialAction":[{"@type":"ReadAction","target":["https:\/\/noticiasemdestaque.com\/cd\/?p=40201"]}]},{"@type":"ImageObject","inLanguage":"pt-BR","@id":"https:\/\/noticiasemdestaque.com\/cd\/?p=40201#primaryimage","url":"https:\/\/noticiasemdestaque.com\/cd\/wp-content\/uploads\/2022\/06\/age20220328001.webp","contentUrl":"https:\/\/noticiasemdestaque.com\/cd\/wp-content\/uploads\/2022\/06\/age20220328001.webp","width":984,"height":656},{"@type":"BreadcrumbList","@id":"https:\/\/noticiasemdestaque.com\/cd\/?p=40201#breadcrumb","itemListElement":[{"@type":"ListItem","position":1,"name":"In\u00edcio","item":"https:\/\/noticiasemdestaque.com\/cd\/"},{"@type":"ListItem","position":2,"name":"PF prende ex-ministro da Educa\u00e7\u00e3o Milton Ribeiro"}]},{"@type":"WebSite","@id":"https:\/\/noticiasemdestaque.com\/cd\/#website","url":"https:\/\/noticiasemdestaque.com\/cd\/","name":"Not&iacute;cias em Destaque","description":"","publisher":{"@id":"https:\/\/noticiasemdestaque.com\/cd\/#organization"},"potentialAction":[{"@type":"SearchAction","target":{"@type":"EntryPoint","urlTemplate":"https:\/\/noticiasemdestaque.com\/cd\/?s={search_term_string}"},"query-input":{"@type":"PropertyValueSpecification","valueRequired":true,"valueName":"search_term_string"}}],"inLanguage":"pt-BR"},{"@type":"Organization","@id":"https:\/\/noticiasemdestaque.com\/cd\/#organization","name":"Not\u00edcias em Destaque","url":"https:\/\/noticiasemdestaque.com\/cd\/","logo":{"@type":"ImageObject","inLanguage":"pt-BR","@id":"https:\/\/noticiasemdestaque.com\/cd\/#\/schema\/logo\/image\/","url":"https:\/\/noticiasemdestaque.com\/cd\/wp-content\/uploads\/2022\/05\/imagem-base-noticiasemdestaque.png","contentUrl":"https:\/\/noticiasemdestaque.com\/cd\/wp-content\/uploads\/2022\/05\/imagem-base-noticiasemdestaque.png","width":1200,"height":630,"caption":"Not\u00edcias em Destaque"},"image":{"@id":"https:\/\/noticiasemdestaque.com\/cd\/#\/schema\/logo\/image\/"}},{"@type":"Person","@id":"https:\/\/noticiasemdestaque.com\/cd\/#\/schema\/person\/45ca272b3e1246ef14ebb78a48dbb218","name":"Not\u00edcias em Destaque","url":"https:\/\/noticiasemdestaque.com\/cd\/?author=2"}]}},"jetpack_featured_media_url":"https:\/\/noticiasemdestaque.com\/cd\/wp-content\/uploads\/2022\/06\/age20220328001.webp","jetpack_sharing_enabled":true,"_links":{"self":[{"href":"https:\/\/noticiasemdestaque.com\/cd\/index.php?rest_route=\/wp\/v2\/posts\/40201","targetHints":{"allow":["GET"]}}],"collection":[{"href":"https:\/\/noticiasemdestaque.com\/cd\/index.php?rest_route=\/wp\/v2\/posts"}],"about":[{"href":"https:\/\/noticiasemdestaque.com\/cd\/index.php?rest_route=\/wp\/v2\/types\/post"}],"author":[{"embeddable":true,"href":"https:\/\/noticiasemdestaque.com\/cd\/index.php?rest_route=\/wp\/v2\/users\/2"}],"replies":[{"embeddable":true,"href":"https:\/\/noticiasemdestaque.com\/cd\/index.php?rest_route=%2Fwp%2Fv2%2Fcomments&post=40201"}],"version-history":[{"count":1,"href":"https:\/\/noticiasemdestaque.com\/cd\/index.php?rest_route=\/wp\/v2\/posts\/40201\/revisions"}],"predecessor-version":[{"id":40203,"href":"https:\/\/noticiasemdestaque.com\/cd\/index.php?rest_route=\/wp\/v2\/posts\/40201\/revisions\/40203"}],"wp:featuredmedia":[{"embeddable":true,"href":"https:\/\/noticiasemdestaque.com\/cd\/index.php?rest_route=\/wp\/v2\/media\/40202"}],"wp:attachment":[{"href":"https:\/\/noticiasemdestaque.com\/cd\/index.php?rest_route=%2Fwp%2Fv2%2Fmedia&parent=40201"}],"wp:term":[{"taxonomy":"category","embeddable":true,"href":"https:\/\/noticiasemdestaque.com\/cd\/index.php?rest_route=%2Fwp%2Fv2%2Fcategories&post=40201"},{"taxonomy":"post_tag","embeddable":true,"href":"https:\/\/noticiasemdestaque.com\/cd\/index.php?rest_route=%2Fwp%2Fv2%2Ftags&post=40201"}],"curies":[{"name":"wp","href":"https:\/\/api.w.org\/{rel}","templated":true}]}}