{"id":4013,"date":"2017-09-04T20:53:13","date_gmt":"2017-09-04T23:53:13","guid":{"rendered":"http:\/\/caririemdestaque.com\/cd\/?p=4013"},"modified":"2017-09-04T20:53:13","modified_gmt":"2017-09-04T23:53:13","slug":"ricardo-entrega-mais-de-26-mil-carteiras-de-trabalho-e-assegura-direitos-a-profissionais-da-educacao","status":"publish","type":"post","link":"https:\/\/noticiasemdestaque.com\/cd\/?p=4013","title":{"rendered":"Ricardo entrega mais de 2,6 mil carteiras de trabalho e assegura direitos a profissionais da Educa\u00e7\u00e3o"},"content":{"rendered":"<p><a href=\"http:\/\/caririemdestaque.com\/cd\/wp-content\/uploads\/2017\/09\/ricardo-regulamentacao-dos-trabalhadores-da-educacao-foto-francisco-francajornal-7.jpg\"><img fetchpriority=\"high\" decoding=\"async\" class=\"alignleft wp-image-4014 size-medium\" src=\"http:\/\/caririemdestaque.com\/cd\/wp-content\/uploads\/2017\/09\/ricardo-regulamentacao-dos-trabalhadores-da-educacao-foto-francisco-francajornal-7-300x213.jpg\" alt=\"\" width=\"300\" height=\"213\" srcset=\"https:\/\/noticiasemdestaque.com\/cd\/wp-content\/uploads\/2017\/09\/ricardo-regulamentacao-dos-trabalhadores-da-educacao-foto-francisco-francajornal-7-300x213.jpg 300w, https:\/\/noticiasemdestaque.com\/cd\/wp-content\/uploads\/2017\/09\/ricardo-regulamentacao-dos-trabalhadores-da-educacao-foto-francisco-francajornal-7.jpg 480w\" sizes=\"(max-width: 300px) 100vw, 300px\" \/><\/a>O governador Ricardo Coutinho entregou, nesta segunda-feira (4), mais de 2,6 mil carteiras de trabalho e fardamentos a profissionais que prestam servi\u00e7o de apoio nas unidades escolares da Rede Estadual de Ensino, em cerim\u00f4nia realizada no Espa\u00e7o Cultural Jos\u00e9 Lins do Rego, em Jo\u00e3o Pessoa. Ainda em setembro, todos os profissionais ser\u00e3o contemplados pela medida, passando a ter assegurados direitos trabalhistas, como f\u00e9rias e d\u00e9cimo terceiro sal\u00e1rio.<\/p>\n<p>Na ocasi\u00e3o, o governador Ricardo Coutinho destacou que a medida faz parte de uma s\u00e9rie de a\u00e7\u00f5es adotadas pelo Governo do Estado para melhorar a Rede Estadual de Ensino. \u201cMuitos desses funcion\u00e1rios t\u00eam mais de 30 anos de presta\u00e7\u00e3o de servi\u00e7o, e que nunca tiveram uma carteira de trabalho assinada. Na contram\u00e3o do Pa\u00eds, estamos dando direitos trabalhistas a quem n\u00e3o tinha\u201d, afirmou.<\/p>\n<p>Ricardo ainda destacou que a valoriza\u00e7\u00e3o de funcion\u00e1rios e professores tem sido apenas uma das a\u00e7\u00f5es para melhorar o ensino da Rede Estadual. \u201c\u00c9 um conjunto de a\u00e7\u00f5es que o Governo do Estado vem adotando para reestruturar a parte f\u00edsica das escolas, com\u00a0muitas reformas feitas e outras em andamento, com 54 escolas para inaugurar, com mais de R$ 150 milh\u00f5es em obra apenas no pr\u00f3ximo ano\u201d, disse. \u201cAl\u00e9m disso, estamos olhando para o conte\u00fado do programa, com laborat\u00f3rios, projetos como o\u00a0 Gira Mundo, que envia estudantes para fazer interc\u00e2mbio em pa\u00edses como Portugal e Espanha\u201d, prosseguiu.<\/p>\n<p>Para o secret\u00e1rio de Estado da Educa\u00e7\u00e3o, Al\u00e9ssio Trindade, a medida adotada pelo governador Ricardo Coutinho fortalece ainda mais o compromisso das escolas da Rede Estadual com a educa\u00e7\u00e3o. \u201cQuando o governador coloca laborat\u00f3rio de ci\u00eancias de alto n\u00edvel nas escolas, laborat\u00f3rio de rob\u00f3tica significa uma revolu\u00e7\u00e3o no modo como vem sendo encarada a educa\u00e7\u00e3o aqui no Estado\u201d, completou.<\/p>\n<p>O presidente do Tribunal de Contas do Estado, Andr\u00e9 Carlo Torres, ressaltou que a medida do governador Ricardo Coutinho vai al\u00e9m de assegurar direitos trabalhistas. \u201cEsse gesto do Governo do Estado cumpre um preceito constitucional fundamental, que \u00e9 promover a dignidade da pessoa humana\u201d, disse, lembrando as responsabilidades dos trabalhadores beneficiados na presta\u00e7\u00e3o do servi\u00e7o p\u00fablico.<\/p>\n<p>J\u00e1 o presidente da Associa\u00e7\u00e3o dos Professores em Licenciatura do Estado da Para\u00edba (APLP), Bartolomeu Pontes, afirmou que os direitos assegurados aos profissionais que prestam servi\u00e7o de apoio \u00e9 um grande avan\u00e7o para a educa\u00e7\u00e3o paraibana. \u201cComo representante de uma entidade que luta pelos direitos dos trabalhadores em educa\u00e7\u00e3o, fico muito feliz. Esses profissionais, t\u00e3o importantes para o funcionamento de nossas escolas, passam a ter seguran\u00e7a jur\u00eddica\u201d, frisou.<\/p>\n<p>Participaram ainda da cerim\u00f4nia a vice-governadora L\u00edgia Feliciano; e o secret\u00e1rio da Infraestrutura, Meio Ambiente, Recursos H\u00eddricos e Tecnologia, Jo\u00e3o Azevedo; da Comunica\u00e7\u00e3o Institucional, Lu\u00eds T\u00f4rres; do Desenvolvimento Humano, Cida Ramos; a secret\u00e1ria-executiva do Empreender, Amanda Rodrigues; da Articula\u00e7\u00e3o Pol\u00edtica e Desenvolvimento Municipal, Buba Germano, al\u00e9m do deputado federal Dami\u00e3o Feliciano, e os deputados estaduais: Herv\u00e1zio Bezerra, que representou a Assembleia Legislativa da Para\u00edba (ALPB), Jo\u00e3o Gon\u00e7alves, Tr\u00f3colli J\u00fanior, Branco Mendes, Z\u00e9 Paulo de Santa Rita, e Ricardo Barbosa.<\/p>\n<p>Trabalhadores comemoram \u2013\u00a0Maria Jos\u00e9 de Andrade trabalha como merendeira na Escola Estadual de Ensino Fundamental Rodrigues de Carvalho h\u00e1 mais de 28 anos. Elarecebeu com muita alegria a primeira carteira de trabalho assinada. \u201cNa pr\u00e1tica, significava que a gente estava desempregada, j\u00e1 que se deixasse o emprego n\u00e3o tinha nenhum direito. Por isso, fiquei muito feliz com essa a\u00e7\u00e3o do governador Ricardo Coutinho\u201d, explicou.<\/p>\n<p>J\u00e1 Danielle Ferreira come\u00e7ou a trabalhar na Escola Estadual de Ensino Fundamental Everaldo Leite, em Bayeux, como auxiliar de servi\u00e7os gerais h\u00e1 menos de quatro meses, e j\u00e1 foi uma das beneficiadas. \u201c\u00c9 um grande avan\u00e7o para todos n\u00f3s, que vai trazer direitos e tamb\u00e9m responsabilidade ainda mais de nossa parte. Quando um dia eu deixar o trabalho, vou ter os meus direitos assegurados\u201d, completou.<\/p>\n<p>Os profissionais beneficiados com a carteira de trabalho atuar\u00e3o em at\u00e9 14 servi\u00e7os de apoio e suporte \u00e0 gest\u00e3o escolar, como limpeza, alimenta\u00e7\u00e3o, manuten\u00e7\u00e3o, gest\u00e3o de estoque, suporte da tecnologia da informa\u00e7\u00e3o e suporte \u00e0 educa\u00e7\u00e3o inclusiva. Nesta primeira etapa, foram contemplados os profissionais de apoio nas unidades escolares da 1\u00aa e 3\u00aa Ger\u00eancias Regionais de Educa\u00e7\u00e3o.<\/p>\n<p><em><strong>Cariri em Destaque<\/strong><\/em><\/p>\n<p>Com Secom-PB<\/p>\n<p>&nbsp;<\/p>\n","protected":false},"excerpt":{"rendered":"<p>O governador Ricardo Coutinho entregou, nesta segunda-feira (4), mais de 2,6 mil carteiras de trabalho e fardamentos a profissionais que prestam servi\u00e7o de apoio nas unidades escolares da Rede Estadual de Ensino, em cerim\u00f4nia realizada no Espa\u00e7o Cultural Jos\u00e9 Lins do Rego, em Jo\u00e3o Pessoa. Ainda em setembro, todos os profissionais ser\u00e3o contemplados pela medida, passando a ter assegurados direitos trabalhistas, como f\u00e9rias e d\u00e9cimo terceiro sal\u00e1rio. Na ocasi\u00e3o, o governador Ricardo Coutinho destacou que a medida faz parte de uma s\u00e9rie de a\u00e7\u00f5es adotadas pelo Governo do Estado para melhorar a Rede Estadual de Ensino. \u201cMuitos desses funcion\u00e1rios t\u00eam mais de 30 anos de presta\u00e7\u00e3o de servi\u00e7o, e que nunca tiveram uma carteira de trabalho assinada. Na contram\u00e3o do Pa\u00eds, estamos dando direitos trabalhistas a quem n\u00e3o tinha\u201d, afirmou. Ricardo ainda destacou que a valoriza\u00e7\u00e3o de funcion\u00e1rios e professores tem sido apenas uma das a\u00e7\u00f5es para melhorar o ensino da Rede Estadual. \u201c\u00c9 um conjunto de a\u00e7\u00f5es que o Governo do Estado vem adotando para reestruturar a parte f\u00edsica das escolas, com\u00a0muitas reformas feitas e outras em andamento, com 54 escolas para inaugurar, com mais de R$ 150 milh\u00f5es em obra apenas no pr\u00f3ximo ano\u201d, disse. \u201cAl\u00e9m disso, estamos olhando para o conte\u00fado do programa, com laborat\u00f3rios, projetos como o\u00a0 Gira Mundo, que envia estudantes para fazer interc\u00e2mbio em pa\u00edses como Portugal e Espanha\u201d, prosseguiu. Para o secret\u00e1rio de Estado da Educa\u00e7\u00e3o, Al\u00e9ssio Trindade, a medida adotada pelo governador Ricardo Coutinho fortalece ainda mais o compromisso das escolas da Rede Estadual com a educa\u00e7\u00e3o. \u201cQuando o governador coloca laborat\u00f3rio de ci\u00eancias de alto n\u00edvel nas escolas, laborat\u00f3rio de rob\u00f3tica significa uma revolu\u00e7\u00e3o no modo como vem sendo encarada a educa\u00e7\u00e3o aqui no Estado\u201d, completou. O presidente do Tribunal de Contas do Estado, Andr\u00e9 Carlo Torres, ressaltou que a medida do governador Ricardo Coutinho vai al\u00e9m de assegurar direitos trabalhistas. \u201cEsse gesto do Governo do Estado cumpre um preceito constitucional fundamental, que \u00e9 promover a dignidade da pessoa humana\u201d, disse, lembrando as responsabilidades dos trabalhadores beneficiados na presta\u00e7\u00e3o do servi\u00e7o p\u00fablico. J\u00e1 o presidente da Associa\u00e7\u00e3o dos Professores em Licenciatura do Estado da Para\u00edba (APLP), Bartolomeu Pontes, afirmou que os direitos assegurados aos profissionais que prestam servi\u00e7o de apoio \u00e9 um grande avan\u00e7o para a educa\u00e7\u00e3o paraibana. \u201cComo representante de uma entidade que luta pelos direitos dos trabalhadores em educa\u00e7\u00e3o, fico muito feliz. Esses profissionais, t\u00e3o importantes para o funcionamento de nossas escolas, passam a ter seguran\u00e7a jur\u00eddica\u201d, frisou. Participaram ainda da cerim\u00f4nia a vice-governadora L\u00edgia Feliciano; e o secret\u00e1rio da Infraestrutura, Meio Ambiente, Recursos H\u00eddricos e Tecnologia, Jo\u00e3o Azevedo; da Comunica\u00e7\u00e3o Institucional, Lu\u00eds T\u00f4rres; do Desenvolvimento Humano, Cida Ramos; a secret\u00e1ria-executiva do Empreender, Amanda Rodrigues; da Articula\u00e7\u00e3o Pol\u00edtica e Desenvolvimento Municipal, Buba Germano, al\u00e9m do deputado federal Dami\u00e3o Feliciano, e os deputados estaduais: Herv\u00e1zio Bezerra, que representou a Assembleia Legislativa da Para\u00edba (ALPB), Jo\u00e3o Gon\u00e7alves, Tr\u00f3colli J\u00fanior, Branco Mendes, Z\u00e9 Paulo de Santa Rita, e Ricardo Barbosa. Trabalhadores comemoram \u2013\u00a0Maria Jos\u00e9 de Andrade trabalha como merendeira na Escola Estadual de Ensino Fundamental Rodrigues de Carvalho h\u00e1 mais de 28 anos. Elarecebeu com muita alegria a primeira carteira de trabalho assinada. \u201cNa pr\u00e1tica, significava que a gente estava desempregada, j\u00e1 que se deixasse o emprego n\u00e3o tinha nenhum direito. Por isso, fiquei muito feliz com essa a\u00e7\u00e3o do governador Ricardo Coutinho\u201d, explicou. J\u00e1 Danielle Ferreira come\u00e7ou a trabalhar na Escola Estadual de Ensino Fundamental Everaldo Leite, em Bayeux, como auxiliar de servi\u00e7os gerais h\u00e1 menos de quatro meses, e j\u00e1 foi uma das beneficiadas. \u201c\u00c9 um grande avan\u00e7o para todos n\u00f3s, que vai trazer direitos e tamb\u00e9m responsabilidade ainda mais de nossa parte. Quando um dia eu deixar o trabalho, vou ter os meus direitos assegurados\u201d, completou. Os profissionais beneficiados com a carteira de trabalho atuar\u00e3o em at\u00e9 14 servi\u00e7os de apoio e suporte \u00e0 gest\u00e3o escolar, como limpeza, alimenta\u00e7\u00e3o, manuten\u00e7\u00e3o, gest\u00e3o de estoque, suporte da tecnologia da informa\u00e7\u00e3o e suporte \u00e0 educa\u00e7\u00e3o inclusiva. Nesta primeira etapa, foram contemplados os profissionais de apoio nas unidades escolares da 1\u00aa e 3\u00aa Ger\u00eancias Regionais de Educa\u00e7\u00e3o. Cariri em Destaque Com Secom-PB &nbsp;<\/p>\n","protected":false},"author":2,"featured_media":4014,"comment_status":"closed","ping_status":"open","sticky":false,"template":"","format":"standard","meta":{"_eb_attr":"","_jetpack_memberships_contains_paid_content":false,"footnotes":""},"categories":[6],"tags":[],"class_list":["post-4013","post","type-post","status-publish","format-standard","has-post-thumbnail","hentry","category-educacao"],"yoast_head":"<!-- This site is optimized with the Yoast SEO plugin v26.5 - https:\/\/yoast.com\/wordpress\/plugins\/seo\/ -->\n<title>Ricardo entrega mais de 2,6 mil carteiras de trabalho e assegura direitos a profissionais da Educa\u00e7\u00e3o - Not&iacute;cias em Destaque<\/title>\n<meta name=\"robots\" content=\"index, follow, max-snippet:-1, max-image-preview:large, max-video-preview:-1\" \/>\n<link rel=\"canonical\" href=\"https:\/\/noticiasemdestaque.com\/cd\/?p=4013\" \/>\n<meta property=\"og:locale\" content=\"pt_BR\" \/>\n<meta property=\"og:type\" content=\"article\" \/>\n<meta property=\"og:title\" content=\"Ricardo entrega mais de 2,6 mil carteiras de trabalho e assegura direitos a profissionais da Educa\u00e7\u00e3o - Not&iacute;cias em Destaque\" \/>\n<meta property=\"og:description\" content=\"O governador Ricardo Coutinho entregou, nesta segunda-feira (4), mais de 2,6 mil carteiras de trabalho e fardamentos a profissionais que prestam servi\u00e7o de apoio nas unidades escolares da Rede Estadual de Ensino, em cerim\u00f4nia realizada no Espa\u00e7o Cultural Jos\u00e9 Lins do Rego, em Jo\u00e3o Pessoa. Ainda em setembro, todos os profissionais ser\u00e3o contemplados pela medida, passando a ter assegurados direitos trabalhistas, como f\u00e9rias e d\u00e9cimo terceiro sal\u00e1rio. Na ocasi\u00e3o, o governador Ricardo Coutinho destacou que a medida faz parte de uma s\u00e9rie de a\u00e7\u00f5es adotadas pelo Governo do Estado para melhorar a Rede Estadual de Ensino. \u201cMuitos desses funcion\u00e1rios t\u00eam mais de 30 anos de presta\u00e7\u00e3o de servi\u00e7o, e que nunca tiveram uma carteira de trabalho assinada. Na contram\u00e3o do Pa\u00eds, estamos dando direitos trabalhistas a quem n\u00e3o tinha\u201d, afirmou. Ricardo ainda destacou que a valoriza\u00e7\u00e3o de funcion\u00e1rios e professores tem sido apenas uma das a\u00e7\u00f5es para melhorar o ensino da Rede Estadual. \u201c\u00c9 um conjunto de a\u00e7\u00f5es que o Governo do Estado vem adotando para reestruturar a parte f\u00edsica das escolas, com\u00a0muitas reformas feitas e outras em andamento, com 54 escolas para inaugurar, com mais de R$ 150 milh\u00f5es em obra apenas no pr\u00f3ximo ano\u201d, disse. \u201cAl\u00e9m disso, estamos olhando para o conte\u00fado do programa, com laborat\u00f3rios, projetos como o\u00a0 Gira Mundo, que envia estudantes para fazer interc\u00e2mbio em pa\u00edses como Portugal e Espanha\u201d, prosseguiu. Para o secret\u00e1rio de Estado da Educa\u00e7\u00e3o, Al\u00e9ssio Trindade, a medida adotada pelo governador Ricardo Coutinho fortalece ainda mais o compromisso das escolas da Rede Estadual com a educa\u00e7\u00e3o. \u201cQuando o governador coloca laborat\u00f3rio de ci\u00eancias de alto n\u00edvel nas escolas, laborat\u00f3rio de rob\u00f3tica significa uma revolu\u00e7\u00e3o no modo como vem sendo encarada a educa\u00e7\u00e3o aqui no Estado\u201d, completou. O presidente do Tribunal de Contas do Estado, Andr\u00e9 Carlo Torres, ressaltou que a medida do governador Ricardo Coutinho vai al\u00e9m de assegurar direitos trabalhistas. \u201cEsse gesto do Governo do Estado cumpre um preceito constitucional fundamental, que \u00e9 promover a dignidade da pessoa humana\u201d, disse, lembrando as responsabilidades dos trabalhadores beneficiados na presta\u00e7\u00e3o do servi\u00e7o p\u00fablico. J\u00e1 o presidente da Associa\u00e7\u00e3o dos Professores em Licenciatura do Estado da Para\u00edba (APLP), Bartolomeu Pontes, afirmou que os direitos assegurados aos profissionais que prestam servi\u00e7o de apoio \u00e9 um grande avan\u00e7o para a educa\u00e7\u00e3o paraibana. \u201cComo representante de uma entidade que luta pelos direitos dos trabalhadores em educa\u00e7\u00e3o, fico muito feliz. Esses profissionais, t\u00e3o importantes para o funcionamento de nossas escolas, passam a ter seguran\u00e7a jur\u00eddica\u201d, frisou. Participaram ainda da cerim\u00f4nia a vice-governadora L\u00edgia Feliciano; e o secret\u00e1rio da Infraestrutura, Meio Ambiente, Recursos H\u00eddricos e Tecnologia, Jo\u00e3o Azevedo; da Comunica\u00e7\u00e3o Institucional, Lu\u00eds T\u00f4rres; do Desenvolvimento Humano, Cida Ramos; a secret\u00e1ria-executiva do Empreender, Amanda Rodrigues; da Articula\u00e7\u00e3o Pol\u00edtica e Desenvolvimento Municipal, Buba Germano, al\u00e9m do deputado federal Dami\u00e3o Feliciano, e os deputados estaduais: Herv\u00e1zio Bezerra, que representou a Assembleia Legislativa da Para\u00edba (ALPB), Jo\u00e3o Gon\u00e7alves, Tr\u00f3colli J\u00fanior, Branco Mendes, Z\u00e9 Paulo de Santa Rita, e Ricardo Barbosa. Trabalhadores comemoram \u2013\u00a0Maria Jos\u00e9 de Andrade trabalha como merendeira na Escola Estadual de Ensino Fundamental Rodrigues de Carvalho h\u00e1 mais de 28 anos. Elarecebeu com muita alegria a primeira carteira de trabalho assinada. \u201cNa pr\u00e1tica, significava que a gente estava desempregada, j\u00e1 que se deixasse o emprego n\u00e3o tinha nenhum direito. Por isso, fiquei muito feliz com essa a\u00e7\u00e3o do governador Ricardo Coutinho\u201d, explicou. J\u00e1 Danielle Ferreira come\u00e7ou a trabalhar na Escola Estadual de Ensino Fundamental Everaldo Leite, em Bayeux, como auxiliar de servi\u00e7os gerais h\u00e1 menos de quatro meses, e j\u00e1 foi uma das beneficiadas. \u201c\u00c9 um grande avan\u00e7o para todos n\u00f3s, que vai trazer direitos e tamb\u00e9m responsabilidade ainda mais de nossa parte. Quando um dia eu deixar o trabalho, vou ter os meus direitos assegurados\u201d, completou. Os profissionais beneficiados com a carteira de trabalho atuar\u00e3o em at\u00e9 14 servi\u00e7os de apoio e suporte \u00e0 gest\u00e3o escolar, como limpeza, alimenta\u00e7\u00e3o, manuten\u00e7\u00e3o, gest\u00e3o de estoque, suporte da tecnologia da informa\u00e7\u00e3o e suporte \u00e0 educa\u00e7\u00e3o inclusiva. Nesta primeira etapa, foram contemplados os profissionais de apoio nas unidades escolares da 1\u00aa e 3\u00aa Ger\u00eancias Regionais de Educa\u00e7\u00e3o. Cariri em Destaque Com Secom-PB &nbsp;\" \/>\n<meta property=\"og:url\" content=\"https:\/\/noticiasemdestaque.com\/cd\/?p=4013\" \/>\n<meta property=\"og:site_name\" content=\"Not&iacute;cias em Destaque\" \/>\n<meta property=\"article:published_time\" content=\"2017-09-04T23:53:13+00:00\" \/>\n<meta property=\"og:image\" content=\"https:\/\/noticiasemdestaque.com\/cd\/wp-content\/uploads\/2017\/09\/ricardo-regulamentacao-dos-trabalhadores-da-educacao-foto-francisco-francajornal-7.jpg\" \/>\n\t<meta property=\"og:image:width\" content=\"480\" \/>\n\t<meta property=\"og:image:height\" content=\"340\" \/>\n\t<meta property=\"og:image:type\" content=\"image\/jpeg\" \/>\n<meta name=\"author\" content=\"Not\u00edcias em Destaque\" \/>\n<meta name=\"twitter:card\" content=\"summary_large_image\" \/>\n<meta name=\"twitter:label1\" content=\"Escrito por\" \/>\n\t<meta name=\"twitter:data1\" content=\"Not\u00edcias em Destaque\" \/>\n\t<meta name=\"twitter:label2\" content=\"Est. tempo de leitura\" \/>\n\t<meta name=\"twitter:data2\" content=\"4 minutos\" \/>\n<script type=\"application\/ld+json\" class=\"yoast-schema-graph\">{\"@context\":\"https:\/\/schema.org\",\"@graph\":[{\"@type\":\"Article\",\"@id\":\"https:\/\/noticiasemdestaque.com\/cd\/?p=4013#article\",\"isPartOf\":{\"@id\":\"https:\/\/noticiasemdestaque.com\/cd\/?p=4013\"},\"author\":{\"name\":\"Not\u00edcias em Destaque\",\"@id\":\"https:\/\/noticiasemdestaque.com\/cd\/#\/schema\/person\/21320b03a7e8bb90128938dafc9b908a\"},\"headline\":\"Ricardo entrega mais de 2,6 mil carteiras de trabalho e assegura direitos a profissionais da Educa\u00e7\u00e3o\",\"datePublished\":\"2017-09-04T23:53:13+00:00\",\"mainEntityOfPage\":{\"@id\":\"https:\/\/noticiasemdestaque.com\/cd\/?p=4013\"},\"wordCount\":773,\"publisher\":{\"@id\":\"https:\/\/noticiasemdestaque.com\/cd\/#organization\"},\"image\":{\"@id\":\"https:\/\/noticiasemdestaque.com\/cd\/?p=4013#primaryimage\"},\"thumbnailUrl\":\"https:\/\/noticiasemdestaque.com\/cd\/wp-content\/uploads\/2017\/09\/ricardo-regulamentacao-dos-trabalhadores-da-educacao-foto-francisco-francajornal-7.jpg\",\"articleSection\":[\"Educa\u00e7\u00e3o\"],\"inLanguage\":\"pt-BR\"},{\"@type\":\"WebPage\",\"@id\":\"https:\/\/noticiasemdestaque.com\/cd\/?p=4013\",\"url\":\"https:\/\/noticiasemdestaque.com\/cd\/?p=4013\",\"name\":\"Ricardo entrega mais de 2,6 mil carteiras de trabalho e assegura direitos a profissionais da Educa\u00e7\u00e3o - Not&iacute;cias em Destaque\",\"isPartOf\":{\"@id\":\"https:\/\/noticiasemdestaque.com\/cd\/#website\"},\"primaryImageOfPage\":{\"@id\":\"https:\/\/noticiasemdestaque.com\/cd\/?p=4013#primaryimage\"},\"image\":{\"@id\":\"https:\/\/noticiasemdestaque.com\/cd\/?p=4013#primaryimage\"},\"thumbnailUrl\":\"https:\/\/noticiasemdestaque.com\/cd\/wp-content\/uploads\/2017\/09\/ricardo-regulamentacao-dos-trabalhadores-da-educacao-foto-francisco-francajornal-7.jpg\",\"datePublished\":\"2017-09-04T23:53:13+00:00\",\"breadcrumb\":{\"@id\":\"https:\/\/noticiasemdestaque.com\/cd\/?p=4013#breadcrumb\"},\"inLanguage\":\"pt-BR\",\"potentialAction\":[{\"@type\":\"ReadAction\",\"target\":[\"https:\/\/noticiasemdestaque.com\/cd\/?p=4013\"]}]},{\"@type\":\"ImageObject\",\"inLanguage\":\"pt-BR\",\"@id\":\"https:\/\/noticiasemdestaque.com\/cd\/?p=4013#primaryimage\",\"url\":\"https:\/\/noticiasemdestaque.com\/cd\/wp-content\/uploads\/2017\/09\/ricardo-regulamentacao-dos-trabalhadores-da-educacao-foto-francisco-francajornal-7.jpg\",\"contentUrl\":\"https:\/\/noticiasemdestaque.com\/cd\/wp-content\/uploads\/2017\/09\/ricardo-regulamentacao-dos-trabalhadores-da-educacao-foto-francisco-francajornal-7.jpg\",\"width\":480,\"height\":340},{\"@type\":\"BreadcrumbList\",\"@id\":\"https:\/\/noticiasemdestaque.com\/cd\/?p=4013#breadcrumb\",\"itemListElement\":[{\"@type\":\"ListItem\",\"position\":1,\"name\":\"In\u00edcio\",\"item\":\"https:\/\/noticiasemdestaque.com\/cd\/\"},{\"@type\":\"ListItem\",\"position\":2,\"name\":\"Ricardo entrega mais de 2,6 mil carteiras de trabalho e assegura direitos a profissionais da Educa\u00e7\u00e3o\"}]},{\"@type\":\"WebSite\",\"@id\":\"https:\/\/noticiasemdestaque.com\/cd\/#website\",\"url\":\"https:\/\/noticiasemdestaque.com\/cd\/\",\"name\":\"Not&iacute;cias em Destaque\",\"description\":\"\",\"publisher\":{\"@id\":\"https:\/\/noticiasemdestaque.com\/cd\/#organization\"},\"potentialAction\":[{\"@type\":\"SearchAction\",\"target\":{\"@type\":\"EntryPoint\",\"urlTemplate\":\"https:\/\/noticiasemdestaque.com\/cd\/?s={search_term_string}\"},\"query-input\":{\"@type\":\"PropertyValueSpecification\",\"valueRequired\":true,\"valueName\":\"search_term_string\"}}],\"inLanguage\":\"pt-BR\"},{\"@type\":\"Organization\",\"@id\":\"https:\/\/noticiasemdestaque.com\/cd\/#organization\",\"name\":\"Not\u00edcias em Destaque\",\"url\":\"https:\/\/noticiasemdestaque.com\/cd\/\",\"logo\":{\"@type\":\"ImageObject\",\"inLanguage\":\"pt-BR\",\"@id\":\"https:\/\/noticiasemdestaque.com\/cd\/#\/schema\/logo\/image\/\",\"url\":\"https:\/\/noticiasemdestaque.com\/cd\/wp-content\/uploads\/2022\/05\/imagem-base-noticiasemdestaque.png\",\"contentUrl\":\"https:\/\/noticiasemdestaque.com\/cd\/wp-content\/uploads\/2022\/05\/imagem-base-noticiasemdestaque.png\",\"width\":1200,\"height\":630,\"caption\":\"Not\u00edcias em Destaque\"},\"image\":{\"@id\":\"https:\/\/noticiasemdestaque.com\/cd\/#\/schema\/logo\/image\/\"}},{\"@type\":\"Person\",\"@id\":\"https:\/\/noticiasemdestaque.com\/cd\/#\/schema\/person\/21320b03a7e8bb90128938dafc9b908a\",\"name\":\"Not\u00edcias em Destaque\",\"url\":\"https:\/\/noticiasemdestaque.com\/cd\/?author=2\"}]}<\/script>\n<!-- \/ Yoast SEO plugin. -->","yoast_head_json":{"title":"Ricardo entrega mais de 2,6 mil carteiras de trabalho e assegura direitos a profissionais da Educa\u00e7\u00e3o - Not&iacute;cias em Destaque","robots":{"index":"index","follow":"follow","max-snippet":"max-snippet:-1","max-image-preview":"max-image-preview:large","max-video-preview":"max-video-preview:-1"},"canonical":"https:\/\/noticiasemdestaque.com\/cd\/?p=4013","og_locale":"pt_BR","og_type":"article","og_title":"Ricardo entrega mais de 2,6 mil carteiras de trabalho e assegura direitos a profissionais da Educa\u00e7\u00e3o - Not&iacute;cias em Destaque","og_description":"O governador Ricardo Coutinho entregou, nesta segunda-feira (4), mais de 2,6 mil carteiras de trabalho e fardamentos a profissionais que prestam servi\u00e7o de apoio nas unidades escolares da Rede Estadual de Ensino, em cerim\u00f4nia realizada no Espa\u00e7o Cultural Jos\u00e9 Lins do Rego, em Jo\u00e3o Pessoa. Ainda em setembro, todos os profissionais ser\u00e3o contemplados pela medida, passando a ter assegurados direitos trabalhistas, como f\u00e9rias e d\u00e9cimo terceiro sal\u00e1rio. Na ocasi\u00e3o, o governador Ricardo Coutinho destacou que a medida faz parte de uma s\u00e9rie de a\u00e7\u00f5es adotadas pelo Governo do Estado para melhorar a Rede Estadual de Ensino. \u201cMuitos desses funcion\u00e1rios t\u00eam mais de 30 anos de presta\u00e7\u00e3o de servi\u00e7o, e que nunca tiveram uma carteira de trabalho assinada. Na contram\u00e3o do Pa\u00eds, estamos dando direitos trabalhistas a quem n\u00e3o tinha\u201d, afirmou. Ricardo ainda destacou que a valoriza\u00e7\u00e3o de funcion\u00e1rios e professores tem sido apenas uma das a\u00e7\u00f5es para melhorar o ensino da Rede Estadual. \u201c\u00c9 um conjunto de a\u00e7\u00f5es que o Governo do Estado vem adotando para reestruturar a parte f\u00edsica das escolas, com\u00a0muitas reformas feitas e outras em andamento, com 54 escolas para inaugurar, com mais de R$ 150 milh\u00f5es em obra apenas no pr\u00f3ximo ano\u201d, disse. \u201cAl\u00e9m disso, estamos olhando para o conte\u00fado do programa, com laborat\u00f3rios, projetos como o\u00a0 Gira Mundo, que envia estudantes para fazer interc\u00e2mbio em pa\u00edses como Portugal e Espanha\u201d, prosseguiu. Para o secret\u00e1rio de Estado da Educa\u00e7\u00e3o, Al\u00e9ssio Trindade, a medida adotada pelo governador Ricardo Coutinho fortalece ainda mais o compromisso das escolas da Rede Estadual com a educa\u00e7\u00e3o. \u201cQuando o governador coloca laborat\u00f3rio de ci\u00eancias de alto n\u00edvel nas escolas, laborat\u00f3rio de rob\u00f3tica significa uma revolu\u00e7\u00e3o no modo como vem sendo encarada a educa\u00e7\u00e3o aqui no Estado\u201d, completou. O presidente do Tribunal de Contas do Estado, Andr\u00e9 Carlo Torres, ressaltou que a medida do governador Ricardo Coutinho vai al\u00e9m de assegurar direitos trabalhistas. \u201cEsse gesto do Governo do Estado cumpre um preceito constitucional fundamental, que \u00e9 promover a dignidade da pessoa humana\u201d, disse, lembrando as responsabilidades dos trabalhadores beneficiados na presta\u00e7\u00e3o do servi\u00e7o p\u00fablico. J\u00e1 o presidente da Associa\u00e7\u00e3o dos Professores em Licenciatura do Estado da Para\u00edba (APLP), Bartolomeu Pontes, afirmou que os direitos assegurados aos profissionais que prestam servi\u00e7o de apoio \u00e9 um grande avan\u00e7o para a educa\u00e7\u00e3o paraibana. \u201cComo representante de uma entidade que luta pelos direitos dos trabalhadores em educa\u00e7\u00e3o, fico muito feliz. Esses profissionais, t\u00e3o importantes para o funcionamento de nossas escolas, passam a ter seguran\u00e7a jur\u00eddica\u201d, frisou. Participaram ainda da cerim\u00f4nia a vice-governadora L\u00edgia Feliciano; e o secret\u00e1rio da Infraestrutura, Meio Ambiente, Recursos H\u00eddricos e Tecnologia, Jo\u00e3o Azevedo; da Comunica\u00e7\u00e3o Institucional, Lu\u00eds T\u00f4rres; do Desenvolvimento Humano, Cida Ramos; a secret\u00e1ria-executiva do Empreender, Amanda Rodrigues; da Articula\u00e7\u00e3o Pol\u00edtica e Desenvolvimento Municipal, Buba Germano, al\u00e9m do deputado federal Dami\u00e3o Feliciano, e os deputados estaduais: Herv\u00e1zio Bezerra, que representou a Assembleia Legislativa da Para\u00edba (ALPB), Jo\u00e3o Gon\u00e7alves, Tr\u00f3colli J\u00fanior, Branco Mendes, Z\u00e9 Paulo de Santa Rita, e Ricardo Barbosa. Trabalhadores comemoram \u2013\u00a0Maria Jos\u00e9 de Andrade trabalha como merendeira na Escola Estadual de Ensino Fundamental Rodrigues de Carvalho h\u00e1 mais de 28 anos. Elarecebeu com muita alegria a primeira carteira de trabalho assinada. \u201cNa pr\u00e1tica, significava que a gente estava desempregada, j\u00e1 que se deixasse o emprego n\u00e3o tinha nenhum direito. Por isso, fiquei muito feliz com essa a\u00e7\u00e3o do governador Ricardo Coutinho\u201d, explicou. J\u00e1 Danielle Ferreira come\u00e7ou a trabalhar na Escola Estadual de Ensino Fundamental Everaldo Leite, em Bayeux, como auxiliar de servi\u00e7os gerais h\u00e1 menos de quatro meses, e j\u00e1 foi uma das beneficiadas. \u201c\u00c9 um grande avan\u00e7o para todos n\u00f3s, que vai trazer direitos e tamb\u00e9m responsabilidade ainda mais de nossa parte. Quando um dia eu deixar o trabalho, vou ter os meus direitos assegurados\u201d, completou. Os profissionais beneficiados com a carteira de trabalho atuar\u00e3o em at\u00e9 14 servi\u00e7os de apoio e suporte \u00e0 gest\u00e3o escolar, como limpeza, alimenta\u00e7\u00e3o, manuten\u00e7\u00e3o, gest\u00e3o de estoque, suporte da tecnologia da informa\u00e7\u00e3o e suporte \u00e0 educa\u00e7\u00e3o inclusiva. Nesta primeira etapa, foram contemplados os profissionais de apoio nas unidades escolares da 1\u00aa e 3\u00aa Ger\u00eancias Regionais de Educa\u00e7\u00e3o. Cariri em Destaque Com Secom-PB &nbsp;","og_url":"https:\/\/noticiasemdestaque.com\/cd\/?p=4013","og_site_name":"Not&iacute;cias em Destaque","article_published_time":"2017-09-04T23:53:13+00:00","og_image":[{"width":480,"height":340,"url":"https:\/\/noticiasemdestaque.com\/cd\/wp-content\/uploads\/2017\/09\/ricardo-regulamentacao-dos-trabalhadores-da-educacao-foto-francisco-francajornal-7.jpg","type":"image\/jpeg"}],"author":"Not\u00edcias em Destaque","twitter_card":"summary_large_image","twitter_misc":{"Escrito por":"Not\u00edcias em Destaque","Est. tempo de leitura":"4 minutos"},"schema":{"@context":"https:\/\/schema.org","@graph":[{"@type":"Article","@id":"https:\/\/noticiasemdestaque.com\/cd\/?p=4013#article","isPartOf":{"@id":"https:\/\/noticiasemdestaque.com\/cd\/?p=4013"},"author":{"name":"Not\u00edcias em Destaque","@id":"https:\/\/noticiasemdestaque.com\/cd\/#\/schema\/person\/21320b03a7e8bb90128938dafc9b908a"},"headline":"Ricardo entrega mais de 2,6 mil carteiras de trabalho e assegura direitos a profissionais da Educa\u00e7\u00e3o","datePublished":"2017-09-04T23:53:13+00:00","mainEntityOfPage":{"@id":"https:\/\/noticiasemdestaque.com\/cd\/?p=4013"},"wordCount":773,"publisher":{"@id":"https:\/\/noticiasemdestaque.com\/cd\/#organization"},"image":{"@id":"https:\/\/noticiasemdestaque.com\/cd\/?p=4013#primaryimage"},"thumbnailUrl":"https:\/\/noticiasemdestaque.com\/cd\/wp-content\/uploads\/2017\/09\/ricardo-regulamentacao-dos-trabalhadores-da-educacao-foto-francisco-francajornal-7.jpg","articleSection":["Educa\u00e7\u00e3o"],"inLanguage":"pt-BR"},{"@type":"WebPage","@id":"https:\/\/noticiasemdestaque.com\/cd\/?p=4013","url":"https:\/\/noticiasemdestaque.com\/cd\/?p=4013","name":"Ricardo entrega mais de 2,6 mil carteiras de trabalho e assegura direitos a profissionais da Educa\u00e7\u00e3o - Not&iacute;cias em Destaque","isPartOf":{"@id":"https:\/\/noticiasemdestaque.com\/cd\/#website"},"primaryImageOfPage":{"@id":"https:\/\/noticiasemdestaque.com\/cd\/?p=4013#primaryimage"},"image":{"@id":"https:\/\/noticiasemdestaque.com\/cd\/?p=4013#primaryimage"},"thumbnailUrl":"https:\/\/noticiasemdestaque.com\/cd\/wp-content\/uploads\/2017\/09\/ricardo-regulamentacao-dos-trabalhadores-da-educacao-foto-francisco-francajornal-7.jpg","datePublished":"2017-09-04T23:53:13+00:00","breadcrumb":{"@id":"https:\/\/noticiasemdestaque.com\/cd\/?p=4013#breadcrumb"},"inLanguage":"pt-BR","potentialAction":[{"@type":"ReadAction","target":["https:\/\/noticiasemdestaque.com\/cd\/?p=4013"]}]},{"@type":"ImageObject","inLanguage":"pt-BR","@id":"https:\/\/noticiasemdestaque.com\/cd\/?p=4013#primaryimage","url":"https:\/\/noticiasemdestaque.com\/cd\/wp-content\/uploads\/2017\/09\/ricardo-regulamentacao-dos-trabalhadores-da-educacao-foto-francisco-francajornal-7.jpg","contentUrl":"https:\/\/noticiasemdestaque.com\/cd\/wp-content\/uploads\/2017\/09\/ricardo-regulamentacao-dos-trabalhadores-da-educacao-foto-francisco-francajornal-7.jpg","width":480,"height":340},{"@type":"BreadcrumbList","@id":"https:\/\/noticiasemdestaque.com\/cd\/?p=4013#breadcrumb","itemListElement":[{"@type":"ListItem","position":1,"name":"In\u00edcio","item":"https:\/\/noticiasemdestaque.com\/cd\/"},{"@type":"ListItem","position":2,"name":"Ricardo entrega mais de 2,6 mil carteiras de trabalho e assegura direitos a profissionais da Educa\u00e7\u00e3o"}]},{"@type":"WebSite","@id":"https:\/\/noticiasemdestaque.com\/cd\/#website","url":"https:\/\/noticiasemdestaque.com\/cd\/","name":"Not&iacute;cias em Destaque","description":"","publisher":{"@id":"https:\/\/noticiasemdestaque.com\/cd\/#organization"},"potentialAction":[{"@type":"SearchAction","target":{"@type":"EntryPoint","urlTemplate":"https:\/\/noticiasemdestaque.com\/cd\/?s={search_term_string}"},"query-input":{"@type":"PropertyValueSpecification","valueRequired":true,"valueName":"search_term_string"}}],"inLanguage":"pt-BR"},{"@type":"Organization","@id":"https:\/\/noticiasemdestaque.com\/cd\/#organization","name":"Not\u00edcias em Destaque","url":"https:\/\/noticiasemdestaque.com\/cd\/","logo":{"@type":"ImageObject","inLanguage":"pt-BR","@id":"https:\/\/noticiasemdestaque.com\/cd\/#\/schema\/logo\/image\/","url":"https:\/\/noticiasemdestaque.com\/cd\/wp-content\/uploads\/2022\/05\/imagem-base-noticiasemdestaque.png","contentUrl":"https:\/\/noticiasemdestaque.com\/cd\/wp-content\/uploads\/2022\/05\/imagem-base-noticiasemdestaque.png","width":1200,"height":630,"caption":"Not\u00edcias em Destaque"},"image":{"@id":"https:\/\/noticiasemdestaque.com\/cd\/#\/schema\/logo\/image\/"}},{"@type":"Person","@id":"https:\/\/noticiasemdestaque.com\/cd\/#\/schema\/person\/21320b03a7e8bb90128938dafc9b908a","name":"Not\u00edcias em Destaque","url":"https:\/\/noticiasemdestaque.com\/cd\/?author=2"}]}},"jetpack_featured_media_url":"https:\/\/noticiasemdestaque.com\/cd\/wp-content\/uploads\/2017\/09\/ricardo-regulamentacao-dos-trabalhadores-da-educacao-foto-francisco-francajornal-7.jpg","jetpack_sharing_enabled":true,"_links":{"self":[{"href":"https:\/\/noticiasemdestaque.com\/cd\/index.php?rest_route=\/wp\/v2\/posts\/4013","targetHints":{"allow":["GET"]}}],"collection":[{"href":"https:\/\/noticiasemdestaque.com\/cd\/index.php?rest_route=\/wp\/v2\/posts"}],"about":[{"href":"https:\/\/noticiasemdestaque.com\/cd\/index.php?rest_route=\/wp\/v2\/types\/post"}],"author":[{"embeddable":true,"href":"https:\/\/noticiasemdestaque.com\/cd\/index.php?rest_route=\/wp\/v2\/users\/2"}],"replies":[{"embeddable":true,"href":"https:\/\/noticiasemdestaque.com\/cd\/index.php?rest_route=%2Fwp%2Fv2%2Fcomments&post=4013"}],"version-history":[{"count":1,"href":"https:\/\/noticiasemdestaque.com\/cd\/index.php?rest_route=\/wp\/v2\/posts\/4013\/revisions"}],"predecessor-version":[{"id":4015,"href":"https:\/\/noticiasemdestaque.com\/cd\/index.php?rest_route=\/wp\/v2\/posts\/4013\/revisions\/4015"}],"wp:featuredmedia":[{"embeddable":true,"href":"https:\/\/noticiasemdestaque.com\/cd\/index.php?rest_route=\/wp\/v2\/media\/4014"}],"wp:attachment":[{"href":"https:\/\/noticiasemdestaque.com\/cd\/index.php?rest_route=%2Fwp%2Fv2%2Fmedia&parent=4013"}],"wp:term":[{"taxonomy":"category","embeddable":true,"href":"https:\/\/noticiasemdestaque.com\/cd\/index.php?rest_route=%2Fwp%2Fv2%2Fcategories&post=4013"},{"taxonomy":"post_tag","embeddable":true,"href":"https:\/\/noticiasemdestaque.com\/cd\/index.php?rest_route=%2Fwp%2Fv2%2Ftags&post=4013"}],"curies":[{"name":"wp","href":"https:\/\/api.w.org\/{rel}","templated":true}]}}