{"id":4009,"date":"2017-09-04T20:40:49","date_gmt":"2017-09-04T23:40:49","guid":{"rendered":"http:\/\/caririemdestaque.com\/cd\/?p=4009"},"modified":"2017-09-04T20:40:49","modified_gmt":"2017-09-04T23:40:49","slug":"anna-lorena-abre-oficialmente-semana-da-patria-com-hasteamento-das-bandeiras","status":"publish","type":"post","link":"https:\/\/noticiasemdestaque.com\/cd\/?p=4009","title":{"rendered":"Anna Lorena abre oficialmente Semana da P\u00e1tria com hasteamento das bandeiras"},"content":{"rendered":"<p><a href=\"http:\/\/caririemdestaque.com\/cd\/wp-content\/uploads\/2017\/09\/DSC_0019.jpg\"><img decoding=\"async\" class=\"size-thumbnail wp-image-4011\" src=\"http:\/\/caririemdestaque.com\/cd\/wp-content\/uploads\/2017\/09\/DSC_0019-150x150.jpg\" alt=\"\" width=\"150\" height=\"150\" \/><\/a><\/p>\n<p>Na manh\u00e3 ensolarada desta sexta-feira, 1\u00ba de setembro, dezenas de monteirenses como estudantes e autoridades compareceram \u00e0 Prefeitura Municipal de Monteiro para prestigiar o ato solene de abertura da Semana da P\u00e1tria com o hasteamento das bandeiras.<\/p><\/div>\n<p>A solenidade, que contou com a presen\u00e7a do vice prefeito Celecileno Alves, veradores, secret\u00e1rios e colaboradores da administra\u00e7\u00e3o p\u00fablica municipal, teve in\u00edcio com abertura da Banda Filarm\u00f4nica Sebasti\u00e3o de Oliveira em seguida houve o hasteamento das bandeiras que foram feitos pela prefeita Anna Lorena com a bandeira do Brasil, o vice prefeito Celecileno com a bandeira do Estado da Para\u00edba e o presidente da C\u00e2mara Municipal Givalb\u00e9rio Alves, o Bero com a bandeira do munic\u00edpio.<\/p>\n<p>Em sua fala, a Prefeita Anna Lorena pontuou o orgulho p\u00e1trio, a celebra\u00e7\u00e3o em nome da garra pela independ\u00eancia, bem como a f\u00e9 nas crian\u00e7as e jovens que far\u00e3o o futuro desta nac\u00e7\u00e3o que hoje passa por um per\u00edodo pol\u00edtico e econ\u00f4mico conturbado e ainda disse que o momento \u00e9 de reflex\u00e3o e ressaltou a import\u00e2ncia da uni\u00e3o de todos para a constru\u00e7\u00e3o de uma sociedade e uma cidade cada vez melhor<\/p>\n<p>A solenidade foi encerrada com a Prefeita Anna Lorena proferindo a seguinte frase:\u00a0&#8220;Declaro aberta a Semana da P\u00e1tria no munic\u00edpio Monteiro&#8221;<\/p>\n<p>A Semana da P\u00e1tria ser\u00e1 realizada de 1\u00ba a 07 de setembro e contar\u00e1 com alvoradas todos os dias e se encerramento ser\u00e1 com o tradicional desfile c\u00edvico pela avenida principal da cidade, findando-se na Pra\u00e7a Jo\u00e3o Pessoa.<\/p>\n<p>Confira o discurso de Anna Lorena na \u00edntegra:<\/p>\n<p><em>\u00c9 com orgulho \u00e1trio e o sentimento c\u00edvico que abrimos nesta sexta-feira, 1\u00ba de setembro, a Semana da P\u00e1tria, que j\u00e1 se tornou uma tradi\u00e7\u00e3o espont\u00e2nea e absolutamente verdadeira, o que revela um apego volunt\u00e1rio e carinho para com a hist\u00f3ria que nos confere cidadania e identidade. <\/em><\/p>\n<p><em>No decorrer dessa semana, mais uma vez lembraremos que nossa liberdade e soberania deu-se atrav\u00e9s de um ato de grandeza e coragem. <\/em><\/p>\n<p><em>Devemos a uma mulher, \u00a0Leopoldina, esposa de Dom Pedro, que usando de seus atributos de chefe interina do governo, reuniu-se na manh\u00e3 de 02 de setembro de 1822, com o Conselho de Estado, assinando o decreto da Independ\u00eancia, declarando o Brasil separado de Portugal. E ao pr\u00f3prio Dom Pedro que proclamou nossa independ\u00eancia no dia 07 \u00e0s margens do Ipiranga dando-nos nossa certid\u00e3o de nascimento enquanto terra soberana.<\/em><\/p>\n<p><em>Nossa independ\u00eancia foi conquistada diretamente pela grandeza, decis\u00e3o e compromisso de um homem determinado a criar um Brasil livre de amarras para que resultasse no que somos hoje, uma popula\u00e7\u00e3o bastante miscigenada, com criaturas de tantas outras na\u00e7\u00f5es, que crescem e desenvolvem tecendo a cria\u00e7\u00e3o de seus sonhos, sonhos de esperan\u00e7a, sonhos de v\u00e1rias origens e cores. <\/em><\/p>\n<p><em>Ent\u00e3o, que presente poderia ganhar a nossa p\u00e1tria, ou a os mesmos? A bravura de um povo que nunca desiste de lutar, de pessoas que crescem na consci\u00eancia da cidadania, gente alegre, sorridente e que mant\u00e9m firme a f\u00e9 e a busca pelo avan\u00e7o. Precisamos lembrar, que o pa\u00eds somos n\u00f3s, e n\u00f3s, nesse momento reverenciarmos a todos aqueles que lutaram e se sacrificaram pela nossa independ\u00eancia. <\/em><\/p>\n<p><em>Todos os dias devemos agir com orgulho e alegria, trabalhando, estudando, nos esfor\u00e7ando para construirmos um Brasil cada vez mais digno, pr\u00f3spero e de paz.<\/em><\/p>\n<p><em>Sejamos um Brasil de ra\u00e7a e f\u00e9, cultivando o sorriso das crian\u00e7as e a energia de nossos jovens. Vamos avan\u00e7ar para corrigir os erros do passado, construindo um pa\u00eds melhor.<\/em><\/p>\n<p><em>Finalizo fazendo minhas as palavras do nosso hino \u00e0 independ\u00eancia: N\u00e3o temais \u00edmpias falanges que apresentam face hostil; Vossos peitos, vossos bra\u00e7os s\u00e3o muralhas do Brasil<\/em><\/p>\n<p><em><strong>Cariri em Destaque<\/strong><\/em><\/p>\n<p>Com Ascom<\/p>\n","protected":false},"excerpt":{"rendered":"<p>Na manh\u00e3 ensolarada desta sexta-feira, 1\u00ba de setembro, dezenas de monteirenses como estudantes e autoridades compareceram \u00e0 Prefeitura Municipal de Monteiro para prestigiar o ato solene de abertura da Semana da P\u00e1tria com o hasteamento das bandeiras. A solenidade, que contou com a presen\u00e7a do vice prefeito Celecileno Alves, veradores, secret\u00e1rios e colaboradores da administra\u00e7\u00e3o p\u00fablica municipal, teve in\u00edcio com abertura da Banda Filarm\u00f4nica Sebasti\u00e3o de Oliveira em seguida houve o hasteamento das bandeiras que foram feitos pela prefeita Anna Lorena com a bandeira do Brasil, o vice prefeito Celecileno com a bandeira do Estado da Para\u00edba e o presidente da C\u00e2mara Municipal Givalb\u00e9rio Alves, o Bero com a bandeira do munic\u00edpio. Em sua fala, a Prefeita Anna Lorena pontuou o orgulho p\u00e1trio, a celebra\u00e7\u00e3o em nome da garra pela independ\u00eancia, bem como a f\u00e9 nas crian\u00e7as e jovens que far\u00e3o o futuro desta nac\u00e7\u00e3o que hoje passa por um per\u00edodo pol\u00edtico e econ\u00f4mico conturbado e ainda disse que o momento \u00e9 de reflex\u00e3o e ressaltou a import\u00e2ncia da uni\u00e3o de todos para a constru\u00e7\u00e3o de uma sociedade e uma cidade cada vez melhor A solenidade foi encerrada com a Prefeita Anna Lorena proferindo a seguinte frase:\u00a0&#8220;Declaro aberta a Semana da P\u00e1tria no munic\u00edpio Monteiro&#8221; A Semana da P\u00e1tria ser\u00e1 realizada de 1\u00ba a 07 de setembro e contar\u00e1 com alvoradas todos os dias e se encerramento ser\u00e1 com o tradicional desfile c\u00edvico pela avenida principal da cidade, findando-se na Pra\u00e7a Jo\u00e3o Pessoa. Confira o discurso de Anna Lorena na \u00edntegra: \u00c9 com orgulho \u00e1trio e o sentimento c\u00edvico que abrimos nesta sexta-feira, 1\u00ba de setembro, a Semana da P\u00e1tria, que j\u00e1 se tornou uma tradi\u00e7\u00e3o espont\u00e2nea e absolutamente verdadeira, o que revela um apego volunt\u00e1rio e carinho para com a hist\u00f3ria que nos confere cidadania e identidade. No decorrer dessa semana, mais uma vez lembraremos que nossa liberdade e soberania deu-se atrav\u00e9s de um ato de grandeza e coragem. Devemos a uma mulher, \u00a0Leopoldina, esposa de Dom Pedro, que usando de seus atributos de chefe interina do governo, reuniu-se na manh\u00e3 de 02 de setembro de 1822, com o Conselho de Estado, assinando o decreto da Independ\u00eancia, declarando o Brasil separado de Portugal. E ao pr\u00f3prio Dom Pedro que proclamou nossa independ\u00eancia no dia 07 \u00e0s margens do Ipiranga dando-nos nossa certid\u00e3o de nascimento enquanto terra soberana. Nossa independ\u00eancia foi conquistada diretamente pela grandeza, decis\u00e3o e compromisso de um homem determinado a criar um Brasil livre de amarras para que resultasse no que somos hoje, uma popula\u00e7\u00e3o bastante miscigenada, com criaturas de tantas outras na\u00e7\u00f5es, que crescem e desenvolvem tecendo a cria\u00e7\u00e3o de seus sonhos, sonhos de esperan\u00e7a, sonhos de v\u00e1rias origens e cores. Ent\u00e3o, que presente poderia ganhar a nossa p\u00e1tria, ou a os mesmos? A bravura de um povo que nunca desiste de lutar, de pessoas que crescem na consci\u00eancia da cidadania, gente alegre, sorridente e que mant\u00e9m firme a f\u00e9 e a busca pelo avan\u00e7o. Precisamos lembrar, que o pa\u00eds somos n\u00f3s, e n\u00f3s, nesse momento reverenciarmos a todos aqueles que lutaram e se sacrificaram pela nossa independ\u00eancia. Todos os dias devemos agir com orgulho e alegria, trabalhando, estudando, nos esfor\u00e7ando para construirmos um Brasil cada vez mais digno, pr\u00f3spero e de paz. Sejamos um Brasil de ra\u00e7a e f\u00e9, cultivando o sorriso das crian\u00e7as e a energia de nossos jovens. Vamos avan\u00e7ar para corrigir os erros do passado, construindo um pa\u00eds melhor. Finalizo fazendo minhas as palavras do nosso hino \u00e0 independ\u00eancia: N\u00e3o temais \u00edmpias falanges que apresentam face hostil; Vossos peitos, vossos bra\u00e7os s\u00e3o muralhas do Brasil Cariri em Destaque Com Ascom<\/p>\n","protected":false},"author":2,"featured_media":4010,"comment_status":"closed","ping_status":"open","sticky":false,"template":"","format":"standard","meta":{"_eb_attr":"","_jetpack_memberships_contains_paid_content":false,"footnotes":""},"categories":[4],"tags":[],"class_list":["post-4009","post","type-post","status-publish","format-standard","has-post-thumbnail","hentry","category-politica"],"yoast_head":"<!-- This site is optimized with the Yoast SEO plugin v26.5 - https:\/\/yoast.com\/wordpress\/plugins\/seo\/ -->\n<title>Anna Lorena abre oficialmente Semana da P\u00e1tria com hasteamento das bandeiras - Not&iacute;cias em Destaque<\/title>\n<meta name=\"robots\" content=\"index, follow, max-snippet:-1, max-image-preview:large, max-video-preview:-1\" \/>\n<link rel=\"canonical\" href=\"https:\/\/noticiasemdestaque.com\/cd\/?p=4009\" \/>\n<meta property=\"og:locale\" content=\"pt_BR\" \/>\n<meta property=\"og:type\" content=\"article\" \/>\n<meta property=\"og:title\" content=\"Anna Lorena abre oficialmente Semana da P\u00e1tria com hasteamento das bandeiras - Not&iacute;cias em Destaque\" \/>\n<meta property=\"og:description\" content=\"Na manh\u00e3 ensolarada desta sexta-feira, 1\u00ba de setembro, dezenas de monteirenses como estudantes e autoridades compareceram \u00e0 Prefeitura Municipal de Monteiro para prestigiar o ato solene de abertura da Semana da P\u00e1tria com o hasteamento das bandeiras. A solenidade, que contou com a presen\u00e7a do vice prefeito Celecileno Alves, veradores, secret\u00e1rios e colaboradores da administra\u00e7\u00e3o p\u00fablica municipal, teve in\u00edcio com abertura da Banda Filarm\u00f4nica Sebasti\u00e3o de Oliveira em seguida houve o hasteamento das bandeiras que foram feitos pela prefeita Anna Lorena com a bandeira do Brasil, o vice prefeito Celecileno com a bandeira do Estado da Para\u00edba e o presidente da C\u00e2mara Municipal Givalb\u00e9rio Alves, o Bero com a bandeira do munic\u00edpio. Em sua fala, a Prefeita Anna Lorena pontuou o orgulho p\u00e1trio, a celebra\u00e7\u00e3o em nome da garra pela independ\u00eancia, bem como a f\u00e9 nas crian\u00e7as e jovens que far\u00e3o o futuro desta nac\u00e7\u00e3o que hoje passa por um per\u00edodo pol\u00edtico e econ\u00f4mico conturbado e ainda disse que o momento \u00e9 de reflex\u00e3o e ressaltou a import\u00e2ncia da uni\u00e3o de todos para a constru\u00e7\u00e3o de uma sociedade e uma cidade cada vez melhor A solenidade foi encerrada com a Prefeita Anna Lorena proferindo a seguinte frase:\u00a0&#8220;Declaro aberta a Semana da P\u00e1tria no munic\u00edpio Monteiro&#8221; A Semana da P\u00e1tria ser\u00e1 realizada de 1\u00ba a 07 de setembro e contar\u00e1 com alvoradas todos os dias e se encerramento ser\u00e1 com o tradicional desfile c\u00edvico pela avenida principal da cidade, findando-se na Pra\u00e7a Jo\u00e3o Pessoa. Confira o discurso de Anna Lorena na \u00edntegra: \u00c9 com orgulho \u00e1trio e o sentimento c\u00edvico que abrimos nesta sexta-feira, 1\u00ba de setembro, a Semana da P\u00e1tria, que j\u00e1 se tornou uma tradi\u00e7\u00e3o espont\u00e2nea e absolutamente verdadeira, o que revela um apego volunt\u00e1rio e carinho para com a hist\u00f3ria que nos confere cidadania e identidade. No decorrer dessa semana, mais uma vez lembraremos que nossa liberdade e soberania deu-se atrav\u00e9s de um ato de grandeza e coragem. Devemos a uma mulher, \u00a0Leopoldina, esposa de Dom Pedro, que usando de seus atributos de chefe interina do governo, reuniu-se na manh\u00e3 de 02 de setembro de 1822, com o Conselho de Estado, assinando o decreto da Independ\u00eancia, declarando o Brasil separado de Portugal. E ao pr\u00f3prio Dom Pedro que proclamou nossa independ\u00eancia no dia 07 \u00e0s margens do Ipiranga dando-nos nossa certid\u00e3o de nascimento enquanto terra soberana. Nossa independ\u00eancia foi conquistada diretamente pela grandeza, decis\u00e3o e compromisso de um homem determinado a criar um Brasil livre de amarras para que resultasse no que somos hoje, uma popula\u00e7\u00e3o bastante miscigenada, com criaturas de tantas outras na\u00e7\u00f5es, que crescem e desenvolvem tecendo a cria\u00e7\u00e3o de seus sonhos, sonhos de esperan\u00e7a, sonhos de v\u00e1rias origens e cores. Ent\u00e3o, que presente poderia ganhar a nossa p\u00e1tria, ou a os mesmos? A bravura de um povo que nunca desiste de lutar, de pessoas que crescem na consci\u00eancia da cidadania, gente alegre, sorridente e que mant\u00e9m firme a f\u00e9 e a busca pelo avan\u00e7o. Precisamos lembrar, que o pa\u00eds somos n\u00f3s, e n\u00f3s, nesse momento reverenciarmos a todos aqueles que lutaram e se sacrificaram pela nossa independ\u00eancia. Todos os dias devemos agir com orgulho e alegria, trabalhando, estudando, nos esfor\u00e7ando para construirmos um Brasil cada vez mais digno, pr\u00f3spero e de paz. Sejamos um Brasil de ra\u00e7a e f\u00e9, cultivando o sorriso das crian\u00e7as e a energia de nossos jovens. Vamos avan\u00e7ar para corrigir os erros do passado, construindo um pa\u00eds melhor. Finalizo fazendo minhas as palavras do nosso hino \u00e0 independ\u00eancia: N\u00e3o temais \u00edmpias falanges que apresentam face hostil; Vossos peitos, vossos bra\u00e7os s\u00e3o muralhas do Brasil Cariri em Destaque Com Ascom\" \/>\n<meta property=\"og:url\" content=\"https:\/\/noticiasemdestaque.com\/cd\/?p=4009\" \/>\n<meta property=\"og:site_name\" content=\"Not&iacute;cias em Destaque\" \/>\n<meta property=\"article:published_time\" content=\"2017-09-04T23:40:49+00:00\" \/>\n<meta property=\"og:image\" content=\"https:\/\/noticiasemdestaque.com\/cd\/wp-content\/uploads\/2017\/09\/DSC_0029.jpg\" \/>\n\t<meta property=\"og:image:width\" content=\"1024\" \/>\n\t<meta property=\"og:image:height\" content=\"683\" \/>\n\t<meta property=\"og:image:type\" content=\"image\/jpeg\" \/>\n<meta name=\"author\" content=\"Not\u00edcias em Destaque\" \/>\n<meta name=\"twitter:card\" content=\"summary_large_image\" \/>\n<meta name=\"twitter:label1\" content=\"Escrito por\" \/>\n\t<meta name=\"twitter:data1\" content=\"Not\u00edcias em Destaque\" \/>\n\t<meta name=\"twitter:label2\" content=\"Est. tempo de leitura\" \/>\n\t<meta name=\"twitter:data2\" content=\"3 minutos\" \/>\n<script type=\"application\/ld+json\" class=\"yoast-schema-graph\">{\"@context\":\"https:\/\/schema.org\",\"@graph\":[{\"@type\":\"Article\",\"@id\":\"https:\/\/noticiasemdestaque.com\/cd\/?p=4009#article\",\"isPartOf\":{\"@id\":\"https:\/\/noticiasemdestaque.com\/cd\/?p=4009\"},\"author\":{\"name\":\"Not\u00edcias em Destaque\",\"@id\":\"https:\/\/noticiasemdestaque.com\/cd\/#\/schema\/person\/21320b03a7e8bb90128938dafc9b908a\"},\"headline\":\"Anna Lorena abre oficialmente Semana da P\u00e1tria com hasteamento das bandeiras\",\"datePublished\":\"2017-09-04T23:40:49+00:00\",\"mainEntityOfPage\":{\"@id\":\"https:\/\/noticiasemdestaque.com\/cd\/?p=4009\"},\"wordCount\":668,\"publisher\":{\"@id\":\"https:\/\/noticiasemdestaque.com\/cd\/#organization\"},\"image\":{\"@id\":\"https:\/\/noticiasemdestaque.com\/cd\/?p=4009#primaryimage\"},\"thumbnailUrl\":\"https:\/\/noticiasemdestaque.com\/cd\/wp-content\/uploads\/2017\/09\/DSC_0029.jpg\",\"articleSection\":[\"Pol\u00edtica\"],\"inLanguage\":\"pt-BR\"},{\"@type\":\"WebPage\",\"@id\":\"https:\/\/noticiasemdestaque.com\/cd\/?p=4009\",\"url\":\"https:\/\/noticiasemdestaque.com\/cd\/?p=4009\",\"name\":\"Anna Lorena abre oficialmente Semana da P\u00e1tria com hasteamento das bandeiras - Not&iacute;cias em Destaque\",\"isPartOf\":{\"@id\":\"https:\/\/noticiasemdestaque.com\/cd\/#website\"},\"primaryImageOfPage\":{\"@id\":\"https:\/\/noticiasemdestaque.com\/cd\/?p=4009#primaryimage\"},\"image\":{\"@id\":\"https:\/\/noticiasemdestaque.com\/cd\/?p=4009#primaryimage\"},\"thumbnailUrl\":\"https:\/\/noticiasemdestaque.com\/cd\/wp-content\/uploads\/2017\/09\/DSC_0029.jpg\",\"datePublished\":\"2017-09-04T23:40:49+00:00\",\"breadcrumb\":{\"@id\":\"https:\/\/noticiasemdestaque.com\/cd\/?p=4009#breadcrumb\"},\"inLanguage\":\"pt-BR\",\"potentialAction\":[{\"@type\":\"ReadAction\",\"target\":[\"https:\/\/noticiasemdestaque.com\/cd\/?p=4009\"]}]},{\"@type\":\"ImageObject\",\"inLanguage\":\"pt-BR\",\"@id\":\"https:\/\/noticiasemdestaque.com\/cd\/?p=4009#primaryimage\",\"url\":\"https:\/\/noticiasemdestaque.com\/cd\/wp-content\/uploads\/2017\/09\/DSC_0029.jpg\",\"contentUrl\":\"https:\/\/noticiasemdestaque.com\/cd\/wp-content\/uploads\/2017\/09\/DSC_0029.jpg\",\"width\":1024,\"height\":683,\"caption\":\"????????????????????????????????????\"},{\"@type\":\"BreadcrumbList\",\"@id\":\"https:\/\/noticiasemdestaque.com\/cd\/?p=4009#breadcrumb\",\"itemListElement\":[{\"@type\":\"ListItem\",\"position\":1,\"name\":\"In\u00edcio\",\"item\":\"https:\/\/noticiasemdestaque.com\/cd\/\"},{\"@type\":\"ListItem\",\"position\":2,\"name\":\"Anna Lorena abre oficialmente Semana da P\u00e1tria com hasteamento das bandeiras\"}]},{\"@type\":\"WebSite\",\"@id\":\"https:\/\/noticiasemdestaque.com\/cd\/#website\",\"url\":\"https:\/\/noticiasemdestaque.com\/cd\/\",\"name\":\"Not&iacute;cias em Destaque\",\"description\":\"\",\"publisher\":{\"@id\":\"https:\/\/noticiasemdestaque.com\/cd\/#organization\"},\"potentialAction\":[{\"@type\":\"SearchAction\",\"target\":{\"@type\":\"EntryPoint\",\"urlTemplate\":\"https:\/\/noticiasemdestaque.com\/cd\/?s={search_term_string}\"},\"query-input\":{\"@type\":\"PropertyValueSpecification\",\"valueRequired\":true,\"valueName\":\"search_term_string\"}}],\"inLanguage\":\"pt-BR\"},{\"@type\":\"Organization\",\"@id\":\"https:\/\/noticiasemdestaque.com\/cd\/#organization\",\"name\":\"Not\u00edcias em Destaque\",\"url\":\"https:\/\/noticiasemdestaque.com\/cd\/\",\"logo\":{\"@type\":\"ImageObject\",\"inLanguage\":\"pt-BR\",\"@id\":\"https:\/\/noticiasemdestaque.com\/cd\/#\/schema\/logo\/image\/\",\"url\":\"https:\/\/noticiasemdestaque.com\/cd\/wp-content\/uploads\/2022\/05\/imagem-base-noticiasemdestaque.png\",\"contentUrl\":\"https:\/\/noticiasemdestaque.com\/cd\/wp-content\/uploads\/2022\/05\/imagem-base-noticiasemdestaque.png\",\"width\":1200,\"height\":630,\"caption\":\"Not\u00edcias em Destaque\"},\"image\":{\"@id\":\"https:\/\/noticiasemdestaque.com\/cd\/#\/schema\/logo\/image\/\"}},{\"@type\":\"Person\",\"@id\":\"https:\/\/noticiasemdestaque.com\/cd\/#\/schema\/person\/21320b03a7e8bb90128938dafc9b908a\",\"name\":\"Not\u00edcias em Destaque\",\"url\":\"https:\/\/noticiasemdestaque.com\/cd\/?author=2\"}]}<\/script>\n<!-- \/ Yoast SEO plugin. -->","yoast_head_json":{"title":"Anna Lorena abre oficialmente Semana da P\u00e1tria com hasteamento das bandeiras - Not&iacute;cias em Destaque","robots":{"index":"index","follow":"follow","max-snippet":"max-snippet:-1","max-image-preview":"max-image-preview:large","max-video-preview":"max-video-preview:-1"},"canonical":"https:\/\/noticiasemdestaque.com\/cd\/?p=4009","og_locale":"pt_BR","og_type":"article","og_title":"Anna Lorena abre oficialmente Semana da P\u00e1tria com hasteamento das bandeiras - Not&iacute;cias em Destaque","og_description":"Na manh\u00e3 ensolarada desta sexta-feira, 1\u00ba de setembro, dezenas de monteirenses como estudantes e autoridades compareceram \u00e0 Prefeitura Municipal de Monteiro para prestigiar o ato solene de abertura da Semana da P\u00e1tria com o hasteamento das bandeiras. A solenidade, que contou com a presen\u00e7a do vice prefeito Celecileno Alves, veradores, secret\u00e1rios e colaboradores da administra\u00e7\u00e3o p\u00fablica municipal, teve in\u00edcio com abertura da Banda Filarm\u00f4nica Sebasti\u00e3o de Oliveira em seguida houve o hasteamento das bandeiras que foram feitos pela prefeita Anna Lorena com a bandeira do Brasil, o vice prefeito Celecileno com a bandeira do Estado da Para\u00edba e o presidente da C\u00e2mara Municipal Givalb\u00e9rio Alves, o Bero com a bandeira do munic\u00edpio. Em sua fala, a Prefeita Anna Lorena pontuou o orgulho p\u00e1trio, a celebra\u00e7\u00e3o em nome da garra pela independ\u00eancia, bem como a f\u00e9 nas crian\u00e7as e jovens que far\u00e3o o futuro desta nac\u00e7\u00e3o que hoje passa por um per\u00edodo pol\u00edtico e econ\u00f4mico conturbado e ainda disse que o momento \u00e9 de reflex\u00e3o e ressaltou a import\u00e2ncia da uni\u00e3o de todos para a constru\u00e7\u00e3o de uma sociedade e uma cidade cada vez melhor A solenidade foi encerrada com a Prefeita Anna Lorena proferindo a seguinte frase:\u00a0&#8220;Declaro aberta a Semana da P\u00e1tria no munic\u00edpio Monteiro&#8221; A Semana da P\u00e1tria ser\u00e1 realizada de 1\u00ba a 07 de setembro e contar\u00e1 com alvoradas todos os dias e se encerramento ser\u00e1 com o tradicional desfile c\u00edvico pela avenida principal da cidade, findando-se na Pra\u00e7a Jo\u00e3o Pessoa. Confira o discurso de Anna Lorena na \u00edntegra: \u00c9 com orgulho \u00e1trio e o sentimento c\u00edvico que abrimos nesta sexta-feira, 1\u00ba de setembro, a Semana da P\u00e1tria, que j\u00e1 se tornou uma tradi\u00e7\u00e3o espont\u00e2nea e absolutamente verdadeira, o que revela um apego volunt\u00e1rio e carinho para com a hist\u00f3ria que nos confere cidadania e identidade. No decorrer dessa semana, mais uma vez lembraremos que nossa liberdade e soberania deu-se atrav\u00e9s de um ato de grandeza e coragem. Devemos a uma mulher, \u00a0Leopoldina, esposa de Dom Pedro, que usando de seus atributos de chefe interina do governo, reuniu-se na manh\u00e3 de 02 de setembro de 1822, com o Conselho de Estado, assinando o decreto da Independ\u00eancia, declarando o Brasil separado de Portugal. E ao pr\u00f3prio Dom Pedro que proclamou nossa independ\u00eancia no dia 07 \u00e0s margens do Ipiranga dando-nos nossa certid\u00e3o de nascimento enquanto terra soberana. Nossa independ\u00eancia foi conquistada diretamente pela grandeza, decis\u00e3o e compromisso de um homem determinado a criar um Brasil livre de amarras para que resultasse no que somos hoje, uma popula\u00e7\u00e3o bastante miscigenada, com criaturas de tantas outras na\u00e7\u00f5es, que crescem e desenvolvem tecendo a cria\u00e7\u00e3o de seus sonhos, sonhos de esperan\u00e7a, sonhos de v\u00e1rias origens e cores. Ent\u00e3o, que presente poderia ganhar a nossa p\u00e1tria, ou a os mesmos? A bravura de um povo que nunca desiste de lutar, de pessoas que crescem na consci\u00eancia da cidadania, gente alegre, sorridente e que mant\u00e9m firme a f\u00e9 e a busca pelo avan\u00e7o. Precisamos lembrar, que o pa\u00eds somos n\u00f3s, e n\u00f3s, nesse momento reverenciarmos a todos aqueles que lutaram e se sacrificaram pela nossa independ\u00eancia. Todos os dias devemos agir com orgulho e alegria, trabalhando, estudando, nos esfor\u00e7ando para construirmos um Brasil cada vez mais digno, pr\u00f3spero e de paz. Sejamos um Brasil de ra\u00e7a e f\u00e9, cultivando o sorriso das crian\u00e7as e a energia de nossos jovens. Vamos avan\u00e7ar para corrigir os erros do passado, construindo um pa\u00eds melhor. Finalizo fazendo minhas as palavras do nosso hino \u00e0 independ\u00eancia: N\u00e3o temais \u00edmpias falanges que apresentam face hostil; Vossos peitos, vossos bra\u00e7os s\u00e3o muralhas do Brasil Cariri em Destaque Com Ascom","og_url":"https:\/\/noticiasemdestaque.com\/cd\/?p=4009","og_site_name":"Not&iacute;cias em Destaque","article_published_time":"2017-09-04T23:40:49+00:00","og_image":[{"width":1024,"height":683,"url":"https:\/\/noticiasemdestaque.com\/cd\/wp-content\/uploads\/2017\/09\/DSC_0029.jpg","type":"image\/jpeg"}],"author":"Not\u00edcias em Destaque","twitter_card":"summary_large_image","twitter_misc":{"Escrito por":"Not\u00edcias em Destaque","Est. tempo de leitura":"3 minutos"},"schema":{"@context":"https:\/\/schema.org","@graph":[{"@type":"Article","@id":"https:\/\/noticiasemdestaque.com\/cd\/?p=4009#article","isPartOf":{"@id":"https:\/\/noticiasemdestaque.com\/cd\/?p=4009"},"author":{"name":"Not\u00edcias em Destaque","@id":"https:\/\/noticiasemdestaque.com\/cd\/#\/schema\/person\/21320b03a7e8bb90128938dafc9b908a"},"headline":"Anna Lorena abre oficialmente Semana da P\u00e1tria com hasteamento das bandeiras","datePublished":"2017-09-04T23:40:49+00:00","mainEntityOfPage":{"@id":"https:\/\/noticiasemdestaque.com\/cd\/?p=4009"},"wordCount":668,"publisher":{"@id":"https:\/\/noticiasemdestaque.com\/cd\/#organization"},"image":{"@id":"https:\/\/noticiasemdestaque.com\/cd\/?p=4009#primaryimage"},"thumbnailUrl":"https:\/\/noticiasemdestaque.com\/cd\/wp-content\/uploads\/2017\/09\/DSC_0029.jpg","articleSection":["Pol\u00edtica"],"inLanguage":"pt-BR"},{"@type":"WebPage","@id":"https:\/\/noticiasemdestaque.com\/cd\/?p=4009","url":"https:\/\/noticiasemdestaque.com\/cd\/?p=4009","name":"Anna Lorena abre oficialmente Semana da P\u00e1tria com hasteamento das bandeiras - Not&iacute;cias em Destaque","isPartOf":{"@id":"https:\/\/noticiasemdestaque.com\/cd\/#website"},"primaryImageOfPage":{"@id":"https:\/\/noticiasemdestaque.com\/cd\/?p=4009#primaryimage"},"image":{"@id":"https:\/\/noticiasemdestaque.com\/cd\/?p=4009#primaryimage"},"thumbnailUrl":"https:\/\/noticiasemdestaque.com\/cd\/wp-content\/uploads\/2017\/09\/DSC_0029.jpg","datePublished":"2017-09-04T23:40:49+00:00","breadcrumb":{"@id":"https:\/\/noticiasemdestaque.com\/cd\/?p=4009#breadcrumb"},"inLanguage":"pt-BR","potentialAction":[{"@type":"ReadAction","target":["https:\/\/noticiasemdestaque.com\/cd\/?p=4009"]}]},{"@type":"ImageObject","inLanguage":"pt-BR","@id":"https:\/\/noticiasemdestaque.com\/cd\/?p=4009#primaryimage","url":"https:\/\/noticiasemdestaque.com\/cd\/wp-content\/uploads\/2017\/09\/DSC_0029.jpg","contentUrl":"https:\/\/noticiasemdestaque.com\/cd\/wp-content\/uploads\/2017\/09\/DSC_0029.jpg","width":1024,"height":683,"caption":"????????????????????????????????????"},{"@type":"BreadcrumbList","@id":"https:\/\/noticiasemdestaque.com\/cd\/?p=4009#breadcrumb","itemListElement":[{"@type":"ListItem","position":1,"name":"In\u00edcio","item":"https:\/\/noticiasemdestaque.com\/cd\/"},{"@type":"ListItem","position":2,"name":"Anna Lorena abre oficialmente Semana da P\u00e1tria com hasteamento das bandeiras"}]},{"@type":"WebSite","@id":"https:\/\/noticiasemdestaque.com\/cd\/#website","url":"https:\/\/noticiasemdestaque.com\/cd\/","name":"Not&iacute;cias em Destaque","description":"","publisher":{"@id":"https:\/\/noticiasemdestaque.com\/cd\/#organization"},"potentialAction":[{"@type":"SearchAction","target":{"@type":"EntryPoint","urlTemplate":"https:\/\/noticiasemdestaque.com\/cd\/?s={search_term_string}"},"query-input":{"@type":"PropertyValueSpecification","valueRequired":true,"valueName":"search_term_string"}}],"inLanguage":"pt-BR"},{"@type":"Organization","@id":"https:\/\/noticiasemdestaque.com\/cd\/#organization","name":"Not\u00edcias em Destaque","url":"https:\/\/noticiasemdestaque.com\/cd\/","logo":{"@type":"ImageObject","inLanguage":"pt-BR","@id":"https:\/\/noticiasemdestaque.com\/cd\/#\/schema\/logo\/image\/","url":"https:\/\/noticiasemdestaque.com\/cd\/wp-content\/uploads\/2022\/05\/imagem-base-noticiasemdestaque.png","contentUrl":"https:\/\/noticiasemdestaque.com\/cd\/wp-content\/uploads\/2022\/05\/imagem-base-noticiasemdestaque.png","width":1200,"height":630,"caption":"Not\u00edcias em Destaque"},"image":{"@id":"https:\/\/noticiasemdestaque.com\/cd\/#\/schema\/logo\/image\/"}},{"@type":"Person","@id":"https:\/\/noticiasemdestaque.com\/cd\/#\/schema\/person\/21320b03a7e8bb90128938dafc9b908a","name":"Not\u00edcias em Destaque","url":"https:\/\/noticiasemdestaque.com\/cd\/?author=2"}]}},"jetpack_featured_media_url":"https:\/\/noticiasemdestaque.com\/cd\/wp-content\/uploads\/2017\/09\/DSC_0029.jpg","jetpack_sharing_enabled":true,"_links":{"self":[{"href":"https:\/\/noticiasemdestaque.com\/cd\/index.php?rest_route=\/wp\/v2\/posts\/4009","targetHints":{"allow":["GET"]}}],"collection":[{"href":"https:\/\/noticiasemdestaque.com\/cd\/index.php?rest_route=\/wp\/v2\/posts"}],"about":[{"href":"https:\/\/noticiasemdestaque.com\/cd\/index.php?rest_route=\/wp\/v2\/types\/post"}],"author":[{"embeddable":true,"href":"https:\/\/noticiasemdestaque.com\/cd\/index.php?rest_route=\/wp\/v2\/users\/2"}],"replies":[{"embeddable":true,"href":"https:\/\/noticiasemdestaque.com\/cd\/index.php?rest_route=%2Fwp%2Fv2%2Fcomments&post=4009"}],"version-history":[{"count":1,"href":"https:\/\/noticiasemdestaque.com\/cd\/index.php?rest_route=\/wp\/v2\/posts\/4009\/revisions"}],"predecessor-version":[{"id":4012,"href":"https:\/\/noticiasemdestaque.com\/cd\/index.php?rest_route=\/wp\/v2\/posts\/4009\/revisions\/4012"}],"wp:featuredmedia":[{"embeddable":true,"href":"https:\/\/noticiasemdestaque.com\/cd\/index.php?rest_route=\/wp\/v2\/media\/4010"}],"wp:attachment":[{"href":"https:\/\/noticiasemdestaque.com\/cd\/index.php?rest_route=%2Fwp%2Fv2%2Fmedia&parent=4009"}],"wp:term":[{"taxonomy":"category","embeddable":true,"href":"https:\/\/noticiasemdestaque.com\/cd\/index.php?rest_route=%2Fwp%2Fv2%2Fcategories&post=4009"},{"taxonomy":"post_tag","embeddable":true,"href":"https:\/\/noticiasemdestaque.com\/cd\/index.php?rest_route=%2Fwp%2Fv2%2Ftags&post=4009"}],"curies":[{"name":"wp","href":"https:\/\/api.w.org\/{rel}","templated":true}]}}