{"id":4006,"date":"2017-09-04T20:23:58","date_gmt":"2017-09-04T23:23:58","guid":{"rendered":"http:\/\/caririemdestaque.com\/cd\/?p=4006"},"modified":"2017-09-04T20:23:58","modified_gmt":"2017-09-04T23:23:58","slug":"abertas-inscricoes-para-concurso-da-prefeitura-de-prata","status":"publish","type":"post","link":"https:\/\/noticiasemdestaque.com\/cd\/?p=4006","title":{"rendered":"Abertas inscri\u00e7\u00f5es para concurso da prefeitura de Prata"},"content":{"rendered":"<p><a href=\"http:\/\/caririemdestaque.com\/cd\/wp-content\/uploads\/2017\/09\/timthumb-4.jpg\"><img decoding=\"async\" class=\"size-thumbnail wp-image-4007 alignleft\" src=\"http:\/\/caririemdestaque.com\/cd\/wp-content\/uploads\/2017\/09\/timthumb-4-150x150.jpg\" alt=\"\" width=\"150\" height=\"150\" srcset=\"https:\/\/noticiasemdestaque.com\/cd\/wp-content\/uploads\/2017\/09\/timthumb-4-150x150.jpg 150w, https:\/\/noticiasemdestaque.com\/cd\/wp-content\/uploads\/2017\/09\/timthumb-4-266x266.jpg 266w\" sizes=\"(max-width: 150px) 100vw, 150px\" \/><\/a>A Prefeitura Municipal de Prata inscreve a partir desta segunda-feira (4) para o concurso p\u00fablico que oferece 78 vagas nos n\u00edveis fundamental, m\u00e9dio, t\u00e9cnico e superior, com remunera\u00e7\u00f5es que variam entre R$ 937 e R$ 2,5 mil. Veja <a href=\"https:\/\/www.conpass.com.br\/v2\/conpass\/docs\/pb-prata-1\/EDITAL%20DE%20REABERTURA%20DO%20CONCURSO_001-2017_PRATA-PB.pdf?150402536560929082017134936\"><strong>AQUI<\/strong><\/a> o edital.<\/p>\n<p>O concurso ser\u00e1 feito por meio de prova te\u00f3rica e prova de t\u00edtulos, com inscri\u00e7\u00f5es seguindo at\u00e9 as 23h59 do dia 5 de outubro.<\/p>\n<p>Para se inscrever, o candidato deve acessar o site da empresa respons\u00e1vel pelo concurso, clicando <a href=\"https:\/\/www.conpass.com.br\/concurso137cp.php\"><strong>AQUI<\/strong>.<\/a><\/p>\n<p>De acordo com o edital, houve adequa\u00e7\u00e3o de cargos ofertados e extin\u00e7\u00e3o para os cargos de odont\u00f3logo endodontista; odont\u00f3logo protesista; odont\u00f3logo bucomaxilofacial; e t\u00e9cnico prot\u00e9tico. Os candidatos que se inscreveram para estas vagas devem solicitar a devolu\u00e7\u00e3o da taxa de inscri\u00e7\u00e3o na sede da prefeitura.<\/p>\n<p>Ainda segundo o edital, candidatos que tenham feito inscri\u00e7\u00f5es no concurso anterior e que tenham efetuado o pagamento da inscri\u00e7\u00e3o est\u00e3o inscritos automaticamente neste concurso.<\/p>\n<p>A previs\u00e3o \u00e9 de que as provas v\u00e3o ser realizadas no dia 11 de novembro. O resultado final dever\u00e1 ser divulgado no dia 4 de dezembro.<\/p>\n<p>&nbsp;<\/p>\n","protected":false},"excerpt":{"rendered":"<p>A Prefeitura Municipal de Prata inscreve a partir desta segunda-feira (4) para o concurso p\u00fablico que oferece 78 vagas nos n\u00edveis fundamental, m\u00e9dio, t\u00e9cnico e superior, com remunera\u00e7\u00f5es que variam entre R$ 937 e R$ 2,5 mil. Veja AQUI o edital. O concurso ser\u00e1 feito por meio de prova te\u00f3rica e prova de t\u00edtulos, com inscri\u00e7\u00f5es seguindo at\u00e9 as 23h59 do dia 5 de outubro. Para se inscrever, o candidato deve acessar o site da empresa respons\u00e1vel pelo concurso, clicando AQUI. De acordo com o edital, houve adequa\u00e7\u00e3o de cargos ofertados e extin\u00e7\u00e3o para os cargos de odont\u00f3logo endodontista; odont\u00f3logo protesista; odont\u00f3logo bucomaxilofacial; e t\u00e9cnico prot\u00e9tico. Os candidatos que se inscreveram para estas vagas devem solicitar a devolu\u00e7\u00e3o da taxa de inscri\u00e7\u00e3o na sede da prefeitura. Ainda segundo o edital, candidatos que tenham feito inscri\u00e7\u00f5es no concurso anterior e que tenham efetuado o pagamento da inscri\u00e7\u00e3o est\u00e3o inscritos automaticamente neste concurso. A previs\u00e3o \u00e9 de que as provas v\u00e3o ser realizadas no dia 11 de novembro. O resultado final dever\u00e1 ser divulgado no dia 4 de dezembro. &nbsp;<\/p>\n","protected":false},"author":2,"featured_media":4007,"comment_status":"closed","ping_status":"open","sticky":false,"template":"","format":"standard","meta":{"_eb_attr":"","_jetpack_memberships_contains_paid_content":false,"footnotes":""},"categories":[6],"tags":[],"class_list":["post-4006","post","type-post","status-publish","format-standard","has-post-thumbnail","hentry","category-educacao"],"yoast_head":"<!-- This site is optimized with the Yoast SEO plugin v26.5 - https:\/\/yoast.com\/wordpress\/plugins\/seo\/ -->\n<title>Abertas inscri\u00e7\u00f5es para concurso da prefeitura de Prata - Not&iacute;cias em Destaque<\/title>\n<meta name=\"robots\" content=\"index, follow, max-snippet:-1, max-image-preview:large, max-video-preview:-1\" \/>\n<link rel=\"canonical\" href=\"https:\/\/noticiasemdestaque.com\/cd\/?p=4006\" \/>\n<meta property=\"og:locale\" content=\"pt_BR\" \/>\n<meta property=\"og:type\" content=\"article\" \/>\n<meta property=\"og:title\" content=\"Abertas inscri\u00e7\u00f5es para concurso da prefeitura de Prata - Not&iacute;cias em Destaque\" \/>\n<meta property=\"og:description\" content=\"A Prefeitura Municipal de Prata inscreve a partir desta segunda-feira (4) para o concurso p\u00fablico que oferece 78 vagas nos n\u00edveis fundamental, m\u00e9dio, t\u00e9cnico e superior, com remunera\u00e7\u00f5es que variam entre R$ 937 e R$ 2,5 mil. Veja AQUI o edital. O concurso ser\u00e1 feito por meio de prova te\u00f3rica e prova de t\u00edtulos, com inscri\u00e7\u00f5es seguindo at\u00e9 as 23h59 do dia 5 de outubro. Para se inscrever, o candidato deve acessar o site da empresa respons\u00e1vel pelo concurso, clicando AQUI. De acordo com o edital, houve adequa\u00e7\u00e3o de cargos ofertados e extin\u00e7\u00e3o para os cargos de odont\u00f3logo endodontista; odont\u00f3logo protesista; odont\u00f3logo bucomaxilofacial; e t\u00e9cnico prot\u00e9tico. Os candidatos que se inscreveram para estas vagas devem solicitar a devolu\u00e7\u00e3o da taxa de inscri\u00e7\u00e3o na sede da prefeitura. Ainda segundo o edital, candidatos que tenham feito inscri\u00e7\u00f5es no concurso anterior e que tenham efetuado o pagamento da inscri\u00e7\u00e3o est\u00e3o inscritos automaticamente neste concurso. A previs\u00e3o \u00e9 de que as provas v\u00e3o ser realizadas no dia 11 de novembro. O resultado final dever\u00e1 ser divulgado no dia 4 de dezembro. &nbsp;\" \/>\n<meta property=\"og:url\" content=\"https:\/\/noticiasemdestaque.com\/cd\/?p=4006\" \/>\n<meta property=\"og:site_name\" content=\"Not&iacute;cias em Destaque\" \/>\n<meta property=\"article:published_time\" content=\"2017-09-04T23:23:58+00:00\" \/>\n<meta property=\"og:image\" content=\"https:\/\/noticiasemdestaque.com\/cd\/wp-content\/uploads\/2017\/09\/timthumb-4.jpg\" \/>\n\t<meta property=\"og:image:width\" content=\"547\" \/>\n\t<meta property=\"og:image:height\" content=\"398\" \/>\n\t<meta property=\"og:image:type\" content=\"image\/jpeg\" \/>\n<meta name=\"author\" content=\"Not\u00edcias em Destaque\" \/>\n<meta name=\"twitter:card\" content=\"summary_large_image\" \/>\n<meta name=\"twitter:label1\" content=\"Escrito por\" \/>\n\t<meta name=\"twitter:data1\" content=\"Not\u00edcias em Destaque\" \/>\n\t<meta name=\"twitter:label2\" content=\"Est. tempo de leitura\" \/>\n\t<meta name=\"twitter:data2\" content=\"1 minuto\" \/>\n<script type=\"application\/ld+json\" class=\"yoast-schema-graph\">{\"@context\":\"https:\/\/schema.org\",\"@graph\":[{\"@type\":\"Article\",\"@id\":\"https:\/\/noticiasemdestaque.com\/cd\/?p=4006#article\",\"isPartOf\":{\"@id\":\"https:\/\/noticiasemdestaque.com\/cd\/?p=4006\"},\"author\":{\"name\":\"Not\u00edcias em Destaque\",\"@id\":\"https:\/\/noticiasemdestaque.com\/cd\/#\/schema\/person\/21320b03a7e8bb90128938dafc9b908a\"},\"headline\":\"Abertas inscri\u00e7\u00f5es para concurso da prefeitura de Prata\",\"datePublished\":\"2017-09-04T23:23:58+00:00\",\"mainEntityOfPage\":{\"@id\":\"https:\/\/noticiasemdestaque.com\/cd\/?p=4006\"},\"wordCount\":202,\"publisher\":{\"@id\":\"https:\/\/noticiasemdestaque.com\/cd\/#organization\"},\"image\":{\"@id\":\"https:\/\/noticiasemdestaque.com\/cd\/?p=4006#primaryimage\"},\"thumbnailUrl\":\"https:\/\/noticiasemdestaque.com\/cd\/wp-content\/uploads\/2017\/09\/timthumb-4.jpg\",\"articleSection\":[\"Educa\u00e7\u00e3o\"],\"inLanguage\":\"pt-BR\"},{\"@type\":\"WebPage\",\"@id\":\"https:\/\/noticiasemdestaque.com\/cd\/?p=4006\",\"url\":\"https:\/\/noticiasemdestaque.com\/cd\/?p=4006\",\"name\":\"Abertas inscri\u00e7\u00f5es para concurso da prefeitura de Prata - Not&iacute;cias em Destaque\",\"isPartOf\":{\"@id\":\"https:\/\/noticiasemdestaque.com\/cd\/#website\"},\"primaryImageOfPage\":{\"@id\":\"https:\/\/noticiasemdestaque.com\/cd\/?p=4006#primaryimage\"},\"image\":{\"@id\":\"https:\/\/noticiasemdestaque.com\/cd\/?p=4006#primaryimage\"},\"thumbnailUrl\":\"https:\/\/noticiasemdestaque.com\/cd\/wp-content\/uploads\/2017\/09\/timthumb-4.jpg\",\"datePublished\":\"2017-09-04T23:23:58+00:00\",\"breadcrumb\":{\"@id\":\"https:\/\/noticiasemdestaque.com\/cd\/?p=4006#breadcrumb\"},\"inLanguage\":\"pt-BR\",\"potentialAction\":[{\"@type\":\"ReadAction\",\"target\":[\"https:\/\/noticiasemdestaque.com\/cd\/?p=4006\"]}]},{\"@type\":\"ImageObject\",\"inLanguage\":\"pt-BR\",\"@id\":\"https:\/\/noticiasemdestaque.com\/cd\/?p=4006#primaryimage\",\"url\":\"https:\/\/noticiasemdestaque.com\/cd\/wp-content\/uploads\/2017\/09\/timthumb-4.jpg\",\"contentUrl\":\"https:\/\/noticiasemdestaque.com\/cd\/wp-content\/uploads\/2017\/09\/timthumb-4.jpg\",\"width\":547,\"height\":398},{\"@type\":\"BreadcrumbList\",\"@id\":\"https:\/\/noticiasemdestaque.com\/cd\/?p=4006#breadcrumb\",\"itemListElement\":[{\"@type\":\"ListItem\",\"position\":1,\"name\":\"In\u00edcio\",\"item\":\"https:\/\/noticiasemdestaque.com\/cd\/\"},{\"@type\":\"ListItem\",\"position\":2,\"name\":\"Abertas inscri\u00e7\u00f5es para concurso da prefeitura de Prata\"}]},{\"@type\":\"WebSite\",\"@id\":\"https:\/\/noticiasemdestaque.com\/cd\/#website\",\"url\":\"https:\/\/noticiasemdestaque.com\/cd\/\",\"name\":\"Not&iacute;cias em Destaque\",\"description\":\"\",\"publisher\":{\"@id\":\"https:\/\/noticiasemdestaque.com\/cd\/#organization\"},\"potentialAction\":[{\"@type\":\"SearchAction\",\"target\":{\"@type\":\"EntryPoint\",\"urlTemplate\":\"https:\/\/noticiasemdestaque.com\/cd\/?s={search_term_string}\"},\"query-input\":{\"@type\":\"PropertyValueSpecification\",\"valueRequired\":true,\"valueName\":\"search_term_string\"}}],\"inLanguage\":\"pt-BR\"},{\"@type\":\"Organization\",\"@id\":\"https:\/\/noticiasemdestaque.com\/cd\/#organization\",\"name\":\"Not\u00edcias em Destaque\",\"url\":\"https:\/\/noticiasemdestaque.com\/cd\/\",\"logo\":{\"@type\":\"ImageObject\",\"inLanguage\":\"pt-BR\",\"@id\":\"https:\/\/noticiasemdestaque.com\/cd\/#\/schema\/logo\/image\/\",\"url\":\"https:\/\/noticiasemdestaque.com\/cd\/wp-content\/uploads\/2022\/05\/imagem-base-noticiasemdestaque.png\",\"contentUrl\":\"https:\/\/noticiasemdestaque.com\/cd\/wp-content\/uploads\/2022\/05\/imagem-base-noticiasemdestaque.png\",\"width\":1200,\"height\":630,\"caption\":\"Not\u00edcias em Destaque\"},\"image\":{\"@id\":\"https:\/\/noticiasemdestaque.com\/cd\/#\/schema\/logo\/image\/\"}},{\"@type\":\"Person\",\"@id\":\"https:\/\/noticiasemdestaque.com\/cd\/#\/schema\/person\/21320b03a7e8bb90128938dafc9b908a\",\"name\":\"Not\u00edcias em Destaque\",\"url\":\"https:\/\/noticiasemdestaque.com\/cd\/?author=2\"}]}<\/script>\n<!-- \/ Yoast SEO plugin. -->","yoast_head_json":{"title":"Abertas inscri\u00e7\u00f5es para concurso da prefeitura de Prata - Not&iacute;cias em Destaque","robots":{"index":"index","follow":"follow","max-snippet":"max-snippet:-1","max-image-preview":"max-image-preview:large","max-video-preview":"max-video-preview:-1"},"canonical":"https:\/\/noticiasemdestaque.com\/cd\/?p=4006","og_locale":"pt_BR","og_type":"article","og_title":"Abertas inscri\u00e7\u00f5es para concurso da prefeitura de Prata - Not&iacute;cias em Destaque","og_description":"A Prefeitura Municipal de Prata inscreve a partir desta segunda-feira (4) para o concurso p\u00fablico que oferece 78 vagas nos n\u00edveis fundamental, m\u00e9dio, t\u00e9cnico e superior, com remunera\u00e7\u00f5es que variam entre R$ 937 e R$ 2,5 mil. Veja AQUI o edital. O concurso ser\u00e1 feito por meio de prova te\u00f3rica e prova de t\u00edtulos, com inscri\u00e7\u00f5es seguindo at\u00e9 as 23h59 do dia 5 de outubro. Para se inscrever, o candidato deve acessar o site da empresa respons\u00e1vel pelo concurso, clicando AQUI. De acordo com o edital, houve adequa\u00e7\u00e3o de cargos ofertados e extin\u00e7\u00e3o para os cargos de odont\u00f3logo endodontista; odont\u00f3logo protesista; odont\u00f3logo bucomaxilofacial; e t\u00e9cnico prot\u00e9tico. Os candidatos que se inscreveram para estas vagas devem solicitar a devolu\u00e7\u00e3o da taxa de inscri\u00e7\u00e3o na sede da prefeitura. Ainda segundo o edital, candidatos que tenham feito inscri\u00e7\u00f5es no concurso anterior e que tenham efetuado o pagamento da inscri\u00e7\u00e3o est\u00e3o inscritos automaticamente neste concurso. A previs\u00e3o \u00e9 de que as provas v\u00e3o ser realizadas no dia 11 de novembro. O resultado final dever\u00e1 ser divulgado no dia 4 de dezembro. &nbsp;","og_url":"https:\/\/noticiasemdestaque.com\/cd\/?p=4006","og_site_name":"Not&iacute;cias em Destaque","article_published_time":"2017-09-04T23:23:58+00:00","og_image":[{"width":547,"height":398,"url":"https:\/\/noticiasemdestaque.com\/cd\/wp-content\/uploads\/2017\/09\/timthumb-4.jpg","type":"image\/jpeg"}],"author":"Not\u00edcias em Destaque","twitter_card":"summary_large_image","twitter_misc":{"Escrito por":"Not\u00edcias em Destaque","Est. tempo de leitura":"1 minuto"},"schema":{"@context":"https:\/\/schema.org","@graph":[{"@type":"Article","@id":"https:\/\/noticiasemdestaque.com\/cd\/?p=4006#article","isPartOf":{"@id":"https:\/\/noticiasemdestaque.com\/cd\/?p=4006"},"author":{"name":"Not\u00edcias em Destaque","@id":"https:\/\/noticiasemdestaque.com\/cd\/#\/schema\/person\/21320b03a7e8bb90128938dafc9b908a"},"headline":"Abertas inscri\u00e7\u00f5es para concurso da prefeitura de Prata","datePublished":"2017-09-04T23:23:58+00:00","mainEntityOfPage":{"@id":"https:\/\/noticiasemdestaque.com\/cd\/?p=4006"},"wordCount":202,"publisher":{"@id":"https:\/\/noticiasemdestaque.com\/cd\/#organization"},"image":{"@id":"https:\/\/noticiasemdestaque.com\/cd\/?p=4006#primaryimage"},"thumbnailUrl":"https:\/\/noticiasemdestaque.com\/cd\/wp-content\/uploads\/2017\/09\/timthumb-4.jpg","articleSection":["Educa\u00e7\u00e3o"],"inLanguage":"pt-BR"},{"@type":"WebPage","@id":"https:\/\/noticiasemdestaque.com\/cd\/?p=4006","url":"https:\/\/noticiasemdestaque.com\/cd\/?p=4006","name":"Abertas inscri\u00e7\u00f5es para concurso da prefeitura de Prata - Not&iacute;cias em Destaque","isPartOf":{"@id":"https:\/\/noticiasemdestaque.com\/cd\/#website"},"primaryImageOfPage":{"@id":"https:\/\/noticiasemdestaque.com\/cd\/?p=4006#primaryimage"},"image":{"@id":"https:\/\/noticiasemdestaque.com\/cd\/?p=4006#primaryimage"},"thumbnailUrl":"https:\/\/noticiasemdestaque.com\/cd\/wp-content\/uploads\/2017\/09\/timthumb-4.jpg","datePublished":"2017-09-04T23:23:58+00:00","breadcrumb":{"@id":"https:\/\/noticiasemdestaque.com\/cd\/?p=4006#breadcrumb"},"inLanguage":"pt-BR","potentialAction":[{"@type":"ReadAction","target":["https:\/\/noticiasemdestaque.com\/cd\/?p=4006"]}]},{"@type":"ImageObject","inLanguage":"pt-BR","@id":"https:\/\/noticiasemdestaque.com\/cd\/?p=4006#primaryimage","url":"https:\/\/noticiasemdestaque.com\/cd\/wp-content\/uploads\/2017\/09\/timthumb-4.jpg","contentUrl":"https:\/\/noticiasemdestaque.com\/cd\/wp-content\/uploads\/2017\/09\/timthumb-4.jpg","width":547,"height":398},{"@type":"BreadcrumbList","@id":"https:\/\/noticiasemdestaque.com\/cd\/?p=4006#breadcrumb","itemListElement":[{"@type":"ListItem","position":1,"name":"In\u00edcio","item":"https:\/\/noticiasemdestaque.com\/cd\/"},{"@type":"ListItem","position":2,"name":"Abertas inscri\u00e7\u00f5es para concurso da prefeitura de Prata"}]},{"@type":"WebSite","@id":"https:\/\/noticiasemdestaque.com\/cd\/#website","url":"https:\/\/noticiasemdestaque.com\/cd\/","name":"Not&iacute;cias em Destaque","description":"","publisher":{"@id":"https:\/\/noticiasemdestaque.com\/cd\/#organization"},"potentialAction":[{"@type":"SearchAction","target":{"@type":"EntryPoint","urlTemplate":"https:\/\/noticiasemdestaque.com\/cd\/?s={search_term_string}"},"query-input":{"@type":"PropertyValueSpecification","valueRequired":true,"valueName":"search_term_string"}}],"inLanguage":"pt-BR"},{"@type":"Organization","@id":"https:\/\/noticiasemdestaque.com\/cd\/#organization","name":"Not\u00edcias em Destaque","url":"https:\/\/noticiasemdestaque.com\/cd\/","logo":{"@type":"ImageObject","inLanguage":"pt-BR","@id":"https:\/\/noticiasemdestaque.com\/cd\/#\/schema\/logo\/image\/","url":"https:\/\/noticiasemdestaque.com\/cd\/wp-content\/uploads\/2022\/05\/imagem-base-noticiasemdestaque.png","contentUrl":"https:\/\/noticiasemdestaque.com\/cd\/wp-content\/uploads\/2022\/05\/imagem-base-noticiasemdestaque.png","width":1200,"height":630,"caption":"Not\u00edcias em Destaque"},"image":{"@id":"https:\/\/noticiasemdestaque.com\/cd\/#\/schema\/logo\/image\/"}},{"@type":"Person","@id":"https:\/\/noticiasemdestaque.com\/cd\/#\/schema\/person\/21320b03a7e8bb90128938dafc9b908a","name":"Not\u00edcias em Destaque","url":"https:\/\/noticiasemdestaque.com\/cd\/?author=2"}]}},"jetpack_featured_media_url":"https:\/\/noticiasemdestaque.com\/cd\/wp-content\/uploads\/2017\/09\/timthumb-4.jpg","jetpack_sharing_enabled":true,"_links":{"self":[{"href":"https:\/\/noticiasemdestaque.com\/cd\/index.php?rest_route=\/wp\/v2\/posts\/4006","targetHints":{"allow":["GET"]}}],"collection":[{"href":"https:\/\/noticiasemdestaque.com\/cd\/index.php?rest_route=\/wp\/v2\/posts"}],"about":[{"href":"https:\/\/noticiasemdestaque.com\/cd\/index.php?rest_route=\/wp\/v2\/types\/post"}],"author":[{"embeddable":true,"href":"https:\/\/noticiasemdestaque.com\/cd\/index.php?rest_route=\/wp\/v2\/users\/2"}],"replies":[{"embeddable":true,"href":"https:\/\/noticiasemdestaque.com\/cd\/index.php?rest_route=%2Fwp%2Fv2%2Fcomments&post=4006"}],"version-history":[{"count":1,"href":"https:\/\/noticiasemdestaque.com\/cd\/index.php?rest_route=\/wp\/v2\/posts\/4006\/revisions"}],"predecessor-version":[{"id":4008,"href":"https:\/\/noticiasemdestaque.com\/cd\/index.php?rest_route=\/wp\/v2\/posts\/4006\/revisions\/4008"}],"wp:featuredmedia":[{"embeddable":true,"href":"https:\/\/noticiasemdestaque.com\/cd\/index.php?rest_route=\/wp\/v2\/media\/4007"}],"wp:attachment":[{"href":"https:\/\/noticiasemdestaque.com\/cd\/index.php?rest_route=%2Fwp%2Fv2%2Fmedia&parent=4006"}],"wp:term":[{"taxonomy":"category","embeddable":true,"href":"https:\/\/noticiasemdestaque.com\/cd\/index.php?rest_route=%2Fwp%2Fv2%2Fcategories&post=4006"},{"taxonomy":"post_tag","embeddable":true,"href":"https:\/\/noticiasemdestaque.com\/cd\/index.php?rest_route=%2Fwp%2Fv2%2Ftags&post=4006"}],"curies":[{"name":"wp","href":"https:\/\/api.w.org\/{rel}","templated":true}]}}