{"id":3997,"date":"2017-09-04T13:53:56","date_gmt":"2017-09-04T16:53:56","guid":{"rendered":"http:\/\/caririemdestaque.com\/cd\/?p=3997"},"modified":"2017-09-04T13:53:56","modified_gmt":"2017-09-04T16:53:56","slug":"sus-tera-medicamento-para-tratamento-de-convulsoes-em-pacientes-com-microcefalia","status":"publish","type":"post","link":"https:\/\/noticiasemdestaque.com\/cd\/?p=3997","title":{"rendered":"SUS ter\u00e1 medicamento para tratamento de convuls\u00f5es em pacientes com microcefalia"},"content":{"rendered":"<p><a href=\"http:\/\/caririemdestaque.com\/cd\/wp-content\/uploads\/2017\/09\/201709040128540000005897.jpg\"><img fetchpriority=\"high\" decoding=\"async\" class=\"wp-image-3998 size-medium alignleft\" src=\"http:\/\/caririemdestaque.com\/cd\/wp-content\/uploads\/2017\/09\/201709040128540000005897-300x219.jpg\" alt=\"\" width=\"300\" height=\"219\" srcset=\"https:\/\/noticiasemdestaque.com\/cd\/wp-content\/uploads\/2017\/09\/201709040128540000005897-300x219.jpg 300w, https:\/\/noticiasemdestaque.com\/cd\/wp-content\/uploads\/2017\/09\/201709040128540000005897.jpg 480w\" sizes=\"(max-width: 300px) 100vw, 300px\" \/><\/a>O Sistema \u00danico de Sa\u00fade (SUS) incorporou a oferta do medicamento Levetiracetam para o tratamento de convuls\u00f5es em pacientes com microcefalia. O governo publicou na edi\u00e7\u00e3o de hoje (4) do Di\u00e1rio Oficial da Uni\u00e3o a portaria que regulamenta a oferta do f\u00e1rmaco na rede p\u00fablica de sa\u00fade.<\/p>\n<p>O prazo m\u00e1ximo para que o medicamento esteja dispon\u00edvel no SUS \u00e9 de 180 dias, a partir da publica\u00e7\u00e3o da portaria.<\/p>\n<p>O governo brasileiro decretou Emerg\u00eancia Nacional em Sa\u00fade P\u00fablica em novembro de 2015 devido ao v\u00edrus Zika e sua associa\u00e7\u00e3o com microcefalia e outas altera\u00e7\u00f5es neurol\u00f3gicas.<\/p>\n<p>Transmitido pelo mosquito Aedes aegypti, o v\u00edrus Zika provoca sintomas semelhantes aos da dengue e da febre chikungunya. Em novembro de 2015, o Minist\u00e9rio da Sa\u00fade confirmou que, quando gestantes s\u00e3o infectadas pelo v\u00edrus, podem gerar crian\u00e7as com microcefalia, uma malforma\u00e7\u00e3o irrevers\u00edvel do c\u00e9rebro, que pode vir associada a danos mentais, visuais e auditivos.<\/p>\n<p>O Levetiracetam tamb\u00e9m ser\u00e1 incorporado ao SUS para o tratamento de pacientes com epilepsia miocl\u00f4nica juvenil resistentes \u00e0 monoterapia, de modo associado ao medicamento j\u00e1 utilizado.<\/p>\n<p>Com Ag\u00eancia Brasil<\/p>\n","protected":false},"excerpt":{"rendered":"<p>O Sistema \u00danico de Sa\u00fade (SUS) incorporou a oferta do medicamento Levetiracetam para o tratamento de convuls\u00f5es em pacientes com microcefalia. O governo publicou na edi\u00e7\u00e3o de hoje (4) do Di\u00e1rio Oficial da Uni\u00e3o a portaria que regulamenta a oferta do f\u00e1rmaco na rede p\u00fablica de sa\u00fade. O prazo m\u00e1ximo para que o medicamento esteja dispon\u00edvel no SUS \u00e9 de 180 dias, a partir da publica\u00e7\u00e3o da portaria. O governo brasileiro decretou Emerg\u00eancia Nacional em Sa\u00fade P\u00fablica em novembro de 2015 devido ao v\u00edrus Zika e sua associa\u00e7\u00e3o com microcefalia e outas altera\u00e7\u00f5es neurol\u00f3gicas. Transmitido pelo mosquito Aedes aegypti, o v\u00edrus Zika provoca sintomas semelhantes aos da dengue e da febre chikungunya. Em novembro de 2015, o Minist\u00e9rio da Sa\u00fade confirmou que, quando gestantes s\u00e3o infectadas pelo v\u00edrus, podem gerar crian\u00e7as com microcefalia, uma malforma\u00e7\u00e3o irrevers\u00edvel do c\u00e9rebro, que pode vir associada a danos mentais, visuais e auditivos. O Levetiracetam tamb\u00e9m ser\u00e1 incorporado ao SUS para o tratamento de pacientes com epilepsia miocl\u00f4nica juvenil resistentes \u00e0 monoterapia, de modo associado ao medicamento j\u00e1 utilizado. Com Ag\u00eancia Brasil<\/p>\n","protected":false},"author":2,"featured_media":3998,"comment_status":"closed","ping_status":"open","sticky":false,"template":"","format":"standard","meta":{"_eb_attr":"","_jetpack_memberships_contains_paid_content":false,"footnotes":""},"categories":[8],"tags":[],"class_list":["post-3997","post","type-post","status-publish","format-standard","has-post-thumbnail","hentry","category-saude"],"yoast_head":"<!-- This site is optimized with the Yoast SEO plugin v26.5 - https:\/\/yoast.com\/wordpress\/plugins\/seo\/ -->\n<title>SUS ter\u00e1 medicamento para tratamento de convuls\u00f5es em pacientes com microcefalia - Not&iacute;cias em Destaque<\/title>\n<meta name=\"robots\" content=\"index, follow, max-snippet:-1, max-image-preview:large, max-video-preview:-1\" \/>\n<link rel=\"canonical\" href=\"https:\/\/noticiasemdestaque.com\/cd\/?p=3997\" \/>\n<meta property=\"og:locale\" content=\"pt_BR\" \/>\n<meta property=\"og:type\" content=\"article\" \/>\n<meta property=\"og:title\" content=\"SUS ter\u00e1 medicamento para tratamento de convuls\u00f5es em pacientes com microcefalia - Not&iacute;cias em Destaque\" \/>\n<meta property=\"og:description\" content=\"O Sistema \u00danico de Sa\u00fade (SUS) incorporou a oferta do medicamento Levetiracetam para o tratamento de convuls\u00f5es em pacientes com microcefalia. O governo publicou na edi\u00e7\u00e3o de hoje (4) do Di\u00e1rio Oficial da Uni\u00e3o a portaria que regulamenta a oferta do f\u00e1rmaco na rede p\u00fablica de sa\u00fade. O prazo m\u00e1ximo para que o medicamento esteja dispon\u00edvel no SUS \u00e9 de 180 dias, a partir da publica\u00e7\u00e3o da portaria. O governo brasileiro decretou Emerg\u00eancia Nacional em Sa\u00fade P\u00fablica em novembro de 2015 devido ao v\u00edrus Zika e sua associa\u00e7\u00e3o com microcefalia e outas altera\u00e7\u00f5es neurol\u00f3gicas. Transmitido pelo mosquito Aedes aegypti, o v\u00edrus Zika provoca sintomas semelhantes aos da dengue e da febre chikungunya. Em novembro de 2015, o Minist\u00e9rio da Sa\u00fade confirmou que, quando gestantes s\u00e3o infectadas pelo v\u00edrus, podem gerar crian\u00e7as com microcefalia, uma malforma\u00e7\u00e3o irrevers\u00edvel do c\u00e9rebro, que pode vir associada a danos mentais, visuais e auditivos. O Levetiracetam tamb\u00e9m ser\u00e1 incorporado ao SUS para o tratamento de pacientes com epilepsia miocl\u00f4nica juvenil resistentes \u00e0 monoterapia, de modo associado ao medicamento j\u00e1 utilizado. Com Ag\u00eancia Brasil\" \/>\n<meta property=\"og:url\" content=\"https:\/\/noticiasemdestaque.com\/cd\/?p=3997\" \/>\n<meta property=\"og:site_name\" content=\"Not&iacute;cias em Destaque\" \/>\n<meta property=\"article:published_time\" content=\"2017-09-04T16:53:56+00:00\" \/>\n<meta property=\"og:image\" content=\"https:\/\/noticiasemdestaque.com\/cd\/wp-content\/uploads\/2017\/09\/201709040128540000005897.jpg\" \/>\n\t<meta property=\"og:image:width\" content=\"480\" \/>\n\t<meta property=\"og:image:height\" content=\"350\" \/>\n\t<meta property=\"og:image:type\" content=\"image\/jpeg\" \/>\n<meta name=\"author\" content=\"Not\u00edcias em Destaque\" \/>\n<meta name=\"twitter:card\" content=\"summary_large_image\" \/>\n<meta name=\"twitter:label1\" content=\"Escrito por\" \/>\n\t<meta name=\"twitter:data1\" content=\"Not\u00edcias em Destaque\" \/>\n\t<meta name=\"twitter:label2\" content=\"Est. tempo de leitura\" \/>\n\t<meta name=\"twitter:data2\" content=\"1 minuto\" \/>\n<script type=\"application\/ld+json\" class=\"yoast-schema-graph\">{\"@context\":\"https:\/\/schema.org\",\"@graph\":[{\"@type\":\"Article\",\"@id\":\"https:\/\/noticiasemdestaque.com\/cd\/?p=3997#article\",\"isPartOf\":{\"@id\":\"https:\/\/noticiasemdestaque.com\/cd\/?p=3997\"},\"author\":{\"name\":\"Not\u00edcias em Destaque\",\"@id\":\"https:\/\/noticiasemdestaque.com\/cd\/#\/schema\/person\/21320b03a7e8bb90128938dafc9b908a\"},\"headline\":\"SUS ter\u00e1 medicamento para tratamento de convuls\u00f5es em pacientes com microcefalia\",\"datePublished\":\"2017-09-04T16:53:56+00:00\",\"mainEntityOfPage\":{\"@id\":\"https:\/\/noticiasemdestaque.com\/cd\/?p=3997\"},\"wordCount\":213,\"publisher\":{\"@id\":\"https:\/\/noticiasemdestaque.com\/cd\/#organization\"},\"image\":{\"@id\":\"https:\/\/noticiasemdestaque.com\/cd\/?p=3997#primaryimage\"},\"thumbnailUrl\":\"https:\/\/noticiasemdestaque.com\/cd\/wp-content\/uploads\/2017\/09\/201709040128540000005897.jpg\",\"articleSection\":[\"Sa\u00fade\"],\"inLanguage\":\"pt-BR\"},{\"@type\":\"WebPage\",\"@id\":\"https:\/\/noticiasemdestaque.com\/cd\/?p=3997\",\"url\":\"https:\/\/noticiasemdestaque.com\/cd\/?p=3997\",\"name\":\"SUS ter\u00e1 medicamento para tratamento de convuls\u00f5es em pacientes com microcefalia - Not&iacute;cias em Destaque\",\"isPartOf\":{\"@id\":\"https:\/\/noticiasemdestaque.com\/cd\/#website\"},\"primaryImageOfPage\":{\"@id\":\"https:\/\/noticiasemdestaque.com\/cd\/?p=3997#primaryimage\"},\"image\":{\"@id\":\"https:\/\/noticiasemdestaque.com\/cd\/?p=3997#primaryimage\"},\"thumbnailUrl\":\"https:\/\/noticiasemdestaque.com\/cd\/wp-content\/uploads\/2017\/09\/201709040128540000005897.jpg\",\"datePublished\":\"2017-09-04T16:53:56+00:00\",\"breadcrumb\":{\"@id\":\"https:\/\/noticiasemdestaque.com\/cd\/?p=3997#breadcrumb\"},\"inLanguage\":\"pt-BR\",\"potentialAction\":[{\"@type\":\"ReadAction\",\"target\":[\"https:\/\/noticiasemdestaque.com\/cd\/?p=3997\"]}]},{\"@type\":\"ImageObject\",\"inLanguage\":\"pt-BR\",\"@id\":\"https:\/\/noticiasemdestaque.com\/cd\/?p=3997#primaryimage\",\"url\":\"https:\/\/noticiasemdestaque.com\/cd\/wp-content\/uploads\/2017\/09\/201709040128540000005897.jpg\",\"contentUrl\":\"https:\/\/noticiasemdestaque.com\/cd\/wp-content\/uploads\/2017\/09\/201709040128540000005897.jpg\",\"width\":480,\"height\":350},{\"@type\":\"BreadcrumbList\",\"@id\":\"https:\/\/noticiasemdestaque.com\/cd\/?p=3997#breadcrumb\",\"itemListElement\":[{\"@type\":\"ListItem\",\"position\":1,\"name\":\"In\u00edcio\",\"item\":\"https:\/\/noticiasemdestaque.com\/cd\/\"},{\"@type\":\"ListItem\",\"position\":2,\"name\":\"SUS ter\u00e1 medicamento para tratamento de convuls\u00f5es em pacientes com microcefalia\"}]},{\"@type\":\"WebSite\",\"@id\":\"https:\/\/noticiasemdestaque.com\/cd\/#website\",\"url\":\"https:\/\/noticiasemdestaque.com\/cd\/\",\"name\":\"Not&iacute;cias em Destaque\",\"description\":\"\",\"publisher\":{\"@id\":\"https:\/\/noticiasemdestaque.com\/cd\/#organization\"},\"potentialAction\":[{\"@type\":\"SearchAction\",\"target\":{\"@type\":\"EntryPoint\",\"urlTemplate\":\"https:\/\/noticiasemdestaque.com\/cd\/?s={search_term_string}\"},\"query-input\":{\"@type\":\"PropertyValueSpecification\",\"valueRequired\":true,\"valueName\":\"search_term_string\"}}],\"inLanguage\":\"pt-BR\"},{\"@type\":\"Organization\",\"@id\":\"https:\/\/noticiasemdestaque.com\/cd\/#organization\",\"name\":\"Not\u00edcias em Destaque\",\"url\":\"https:\/\/noticiasemdestaque.com\/cd\/\",\"logo\":{\"@type\":\"ImageObject\",\"inLanguage\":\"pt-BR\",\"@id\":\"https:\/\/noticiasemdestaque.com\/cd\/#\/schema\/logo\/image\/\",\"url\":\"https:\/\/noticiasemdestaque.com\/cd\/wp-content\/uploads\/2022\/05\/imagem-base-noticiasemdestaque.png\",\"contentUrl\":\"https:\/\/noticiasemdestaque.com\/cd\/wp-content\/uploads\/2022\/05\/imagem-base-noticiasemdestaque.png\",\"width\":1200,\"height\":630,\"caption\":\"Not\u00edcias em Destaque\"},\"image\":{\"@id\":\"https:\/\/noticiasemdestaque.com\/cd\/#\/schema\/logo\/image\/\"}},{\"@type\":\"Person\",\"@id\":\"https:\/\/noticiasemdestaque.com\/cd\/#\/schema\/person\/21320b03a7e8bb90128938dafc9b908a\",\"name\":\"Not\u00edcias em Destaque\",\"url\":\"https:\/\/noticiasemdestaque.com\/cd\/?author=2\"}]}<\/script>\n<!-- \/ Yoast SEO plugin. -->","yoast_head_json":{"title":"SUS ter\u00e1 medicamento para tratamento de convuls\u00f5es em pacientes com microcefalia - Not&iacute;cias em Destaque","robots":{"index":"index","follow":"follow","max-snippet":"max-snippet:-1","max-image-preview":"max-image-preview:large","max-video-preview":"max-video-preview:-1"},"canonical":"https:\/\/noticiasemdestaque.com\/cd\/?p=3997","og_locale":"pt_BR","og_type":"article","og_title":"SUS ter\u00e1 medicamento para tratamento de convuls\u00f5es em pacientes com microcefalia - Not&iacute;cias em Destaque","og_description":"O Sistema \u00danico de Sa\u00fade (SUS) incorporou a oferta do medicamento Levetiracetam para o tratamento de convuls\u00f5es em pacientes com microcefalia. O governo publicou na edi\u00e7\u00e3o de hoje (4) do Di\u00e1rio Oficial da Uni\u00e3o a portaria que regulamenta a oferta do f\u00e1rmaco na rede p\u00fablica de sa\u00fade. O prazo m\u00e1ximo para que o medicamento esteja dispon\u00edvel no SUS \u00e9 de 180 dias, a partir da publica\u00e7\u00e3o da portaria. O governo brasileiro decretou Emerg\u00eancia Nacional em Sa\u00fade P\u00fablica em novembro de 2015 devido ao v\u00edrus Zika e sua associa\u00e7\u00e3o com microcefalia e outas altera\u00e7\u00f5es neurol\u00f3gicas. Transmitido pelo mosquito Aedes aegypti, o v\u00edrus Zika provoca sintomas semelhantes aos da dengue e da febre chikungunya. Em novembro de 2015, o Minist\u00e9rio da Sa\u00fade confirmou que, quando gestantes s\u00e3o infectadas pelo v\u00edrus, podem gerar crian\u00e7as com microcefalia, uma malforma\u00e7\u00e3o irrevers\u00edvel do c\u00e9rebro, que pode vir associada a danos mentais, visuais e auditivos. O Levetiracetam tamb\u00e9m ser\u00e1 incorporado ao SUS para o tratamento de pacientes com epilepsia miocl\u00f4nica juvenil resistentes \u00e0 monoterapia, de modo associado ao medicamento j\u00e1 utilizado. Com Ag\u00eancia Brasil","og_url":"https:\/\/noticiasemdestaque.com\/cd\/?p=3997","og_site_name":"Not&iacute;cias em Destaque","article_published_time":"2017-09-04T16:53:56+00:00","og_image":[{"width":480,"height":350,"url":"https:\/\/noticiasemdestaque.com\/cd\/wp-content\/uploads\/2017\/09\/201709040128540000005897.jpg","type":"image\/jpeg"}],"author":"Not\u00edcias em Destaque","twitter_card":"summary_large_image","twitter_misc":{"Escrito por":"Not\u00edcias em Destaque","Est. tempo de leitura":"1 minuto"},"schema":{"@context":"https:\/\/schema.org","@graph":[{"@type":"Article","@id":"https:\/\/noticiasemdestaque.com\/cd\/?p=3997#article","isPartOf":{"@id":"https:\/\/noticiasemdestaque.com\/cd\/?p=3997"},"author":{"name":"Not\u00edcias em Destaque","@id":"https:\/\/noticiasemdestaque.com\/cd\/#\/schema\/person\/21320b03a7e8bb90128938dafc9b908a"},"headline":"SUS ter\u00e1 medicamento para tratamento de convuls\u00f5es em pacientes com microcefalia","datePublished":"2017-09-04T16:53:56+00:00","mainEntityOfPage":{"@id":"https:\/\/noticiasemdestaque.com\/cd\/?p=3997"},"wordCount":213,"publisher":{"@id":"https:\/\/noticiasemdestaque.com\/cd\/#organization"},"image":{"@id":"https:\/\/noticiasemdestaque.com\/cd\/?p=3997#primaryimage"},"thumbnailUrl":"https:\/\/noticiasemdestaque.com\/cd\/wp-content\/uploads\/2017\/09\/201709040128540000005897.jpg","articleSection":["Sa\u00fade"],"inLanguage":"pt-BR"},{"@type":"WebPage","@id":"https:\/\/noticiasemdestaque.com\/cd\/?p=3997","url":"https:\/\/noticiasemdestaque.com\/cd\/?p=3997","name":"SUS ter\u00e1 medicamento para tratamento de convuls\u00f5es em pacientes com microcefalia - Not&iacute;cias em Destaque","isPartOf":{"@id":"https:\/\/noticiasemdestaque.com\/cd\/#website"},"primaryImageOfPage":{"@id":"https:\/\/noticiasemdestaque.com\/cd\/?p=3997#primaryimage"},"image":{"@id":"https:\/\/noticiasemdestaque.com\/cd\/?p=3997#primaryimage"},"thumbnailUrl":"https:\/\/noticiasemdestaque.com\/cd\/wp-content\/uploads\/2017\/09\/201709040128540000005897.jpg","datePublished":"2017-09-04T16:53:56+00:00","breadcrumb":{"@id":"https:\/\/noticiasemdestaque.com\/cd\/?p=3997#breadcrumb"},"inLanguage":"pt-BR","potentialAction":[{"@type":"ReadAction","target":["https:\/\/noticiasemdestaque.com\/cd\/?p=3997"]}]},{"@type":"ImageObject","inLanguage":"pt-BR","@id":"https:\/\/noticiasemdestaque.com\/cd\/?p=3997#primaryimage","url":"https:\/\/noticiasemdestaque.com\/cd\/wp-content\/uploads\/2017\/09\/201709040128540000005897.jpg","contentUrl":"https:\/\/noticiasemdestaque.com\/cd\/wp-content\/uploads\/2017\/09\/201709040128540000005897.jpg","width":480,"height":350},{"@type":"BreadcrumbList","@id":"https:\/\/noticiasemdestaque.com\/cd\/?p=3997#breadcrumb","itemListElement":[{"@type":"ListItem","position":1,"name":"In\u00edcio","item":"https:\/\/noticiasemdestaque.com\/cd\/"},{"@type":"ListItem","position":2,"name":"SUS ter\u00e1 medicamento para tratamento de convuls\u00f5es em pacientes com microcefalia"}]},{"@type":"WebSite","@id":"https:\/\/noticiasemdestaque.com\/cd\/#website","url":"https:\/\/noticiasemdestaque.com\/cd\/","name":"Not&iacute;cias em Destaque","description":"","publisher":{"@id":"https:\/\/noticiasemdestaque.com\/cd\/#organization"},"potentialAction":[{"@type":"SearchAction","target":{"@type":"EntryPoint","urlTemplate":"https:\/\/noticiasemdestaque.com\/cd\/?s={search_term_string}"},"query-input":{"@type":"PropertyValueSpecification","valueRequired":true,"valueName":"search_term_string"}}],"inLanguage":"pt-BR"},{"@type":"Organization","@id":"https:\/\/noticiasemdestaque.com\/cd\/#organization","name":"Not\u00edcias em Destaque","url":"https:\/\/noticiasemdestaque.com\/cd\/","logo":{"@type":"ImageObject","inLanguage":"pt-BR","@id":"https:\/\/noticiasemdestaque.com\/cd\/#\/schema\/logo\/image\/","url":"https:\/\/noticiasemdestaque.com\/cd\/wp-content\/uploads\/2022\/05\/imagem-base-noticiasemdestaque.png","contentUrl":"https:\/\/noticiasemdestaque.com\/cd\/wp-content\/uploads\/2022\/05\/imagem-base-noticiasemdestaque.png","width":1200,"height":630,"caption":"Not\u00edcias em Destaque"},"image":{"@id":"https:\/\/noticiasemdestaque.com\/cd\/#\/schema\/logo\/image\/"}},{"@type":"Person","@id":"https:\/\/noticiasemdestaque.com\/cd\/#\/schema\/person\/21320b03a7e8bb90128938dafc9b908a","name":"Not\u00edcias em Destaque","url":"https:\/\/noticiasemdestaque.com\/cd\/?author=2"}]}},"jetpack_featured_media_url":"https:\/\/noticiasemdestaque.com\/cd\/wp-content\/uploads\/2017\/09\/201709040128540000005897.jpg","jetpack_sharing_enabled":true,"_links":{"self":[{"href":"https:\/\/noticiasemdestaque.com\/cd\/index.php?rest_route=\/wp\/v2\/posts\/3997","targetHints":{"allow":["GET"]}}],"collection":[{"href":"https:\/\/noticiasemdestaque.com\/cd\/index.php?rest_route=\/wp\/v2\/posts"}],"about":[{"href":"https:\/\/noticiasemdestaque.com\/cd\/index.php?rest_route=\/wp\/v2\/types\/post"}],"author":[{"embeddable":true,"href":"https:\/\/noticiasemdestaque.com\/cd\/index.php?rest_route=\/wp\/v2\/users\/2"}],"replies":[{"embeddable":true,"href":"https:\/\/noticiasemdestaque.com\/cd\/index.php?rest_route=%2Fwp%2Fv2%2Fcomments&post=3997"}],"version-history":[{"count":1,"href":"https:\/\/noticiasemdestaque.com\/cd\/index.php?rest_route=\/wp\/v2\/posts\/3997\/revisions"}],"predecessor-version":[{"id":3999,"href":"https:\/\/noticiasemdestaque.com\/cd\/index.php?rest_route=\/wp\/v2\/posts\/3997\/revisions\/3999"}],"wp:featuredmedia":[{"embeddable":true,"href":"https:\/\/noticiasemdestaque.com\/cd\/index.php?rest_route=\/wp\/v2\/media\/3998"}],"wp:attachment":[{"href":"https:\/\/noticiasemdestaque.com\/cd\/index.php?rest_route=%2Fwp%2Fv2%2Fmedia&parent=3997"}],"wp:term":[{"taxonomy":"category","embeddable":true,"href":"https:\/\/noticiasemdestaque.com\/cd\/index.php?rest_route=%2Fwp%2Fv2%2Fcategories&post=3997"},{"taxonomy":"post_tag","embeddable":true,"href":"https:\/\/noticiasemdestaque.com\/cd\/index.php?rest_route=%2Fwp%2Fv2%2Ftags&post=3997"}],"curies":[{"name":"wp","href":"https:\/\/api.w.org\/{rel}","templated":true}]}}