{"id":3994,"date":"2017-09-04T13:50:30","date_gmt":"2017-09-04T16:50:30","guid":{"rendered":"http:\/\/caririemdestaque.com\/cd\/?p=3994"},"modified":"2017-09-04T13:50:30","modified_gmt":"2017-09-04T16:50:30","slug":"tce-prorroga-prazo-para-prefeituras-enviarem-informacoes-para-o-sagres","status":"publish","type":"post","link":"https:\/\/noticiasemdestaque.com\/cd\/?p=3994","title":{"rendered":"TCE prorroga prazo para prefeituras enviarem informa\u00e7\u00f5es para o Sagres"},"content":{"rendered":"<p><a href=\"http:\/\/caririemdestaque.com\/cd\/wp-content\/uploads\/2017\/09\/tce-3-556x417-2.jpg\"><img fetchpriority=\"high\" decoding=\"async\" class=\"wp-image-3995 size-medium alignleft\" src=\"http:\/\/caririemdestaque.com\/cd\/wp-content\/uploads\/2017\/09\/tce-3-556x417-2-300x225.jpg\" alt=\"\" width=\"300\" height=\"225\" srcset=\"https:\/\/noticiasemdestaque.com\/cd\/wp-content\/uploads\/2017\/09\/tce-3-556x417-2-300x225.jpg 300w, https:\/\/noticiasemdestaque.com\/cd\/wp-content\/uploads\/2017\/09\/tce-3-556x417-2.jpg 556w\" sizes=\"(max-width: 300px) 100vw, 300px\" \/><\/a>O Tribunal de Contas da Para\u00edba prorrogou por 30 dias o prazo de entrega dos dados atinentes ao\u00a0<strong>Sagres Di\u00e1rio\u00a0<\/strong>por gestores p\u00fablicos sob sua jurisdi\u00e7\u00e3o. Isso inclui a Controladoria Geral do Estado, Prefeituras e C\u00e2maras Municipais.<\/p>\n<p>Circular do presidente Andr\u00e9 Carlo Torres Pontes aos gestores em quest\u00e3o leva em conta sugest\u00e3o feita, neste sentido, pela Assessoria T\u00e9cnica (Astec), organismo do TCE.<\/p>\n<p>A atualiza\u00e7\u00e3o di\u00e1ria do Sistema de Acompanhamento da Gest\u00e3o dos Recursos da Sociedade teve procedimento apresentado aos gestores p\u00fablicos paraibanos em julho passado, quando come\u00e7ou o treinamento das equipes t\u00e9cnicas ent\u00e3o enviadas ao Tribunal. \u00c9 provid\u00eancia que se ampara em tr\u00eas pilares b\u00e1sicos e de igual import\u00e2ncia: o da orienta\u00e7\u00e3o aos gestores, o da fiscaliza\u00e7\u00e3o e o do controle social.<\/p>\n<p><em>Ascom<\/em><\/p>\n<p>&nbsp;<\/p>\n","protected":false},"excerpt":{"rendered":"<p>O Tribunal de Contas da Para\u00edba prorrogou por 30 dias o prazo de entrega dos dados atinentes ao\u00a0Sagres Di\u00e1rio\u00a0por gestores p\u00fablicos sob sua jurisdi\u00e7\u00e3o. Isso inclui a Controladoria Geral do Estado, Prefeituras e C\u00e2maras Municipais. Circular do presidente Andr\u00e9 Carlo Torres Pontes aos gestores em quest\u00e3o leva em conta sugest\u00e3o feita, neste sentido, pela Assessoria T\u00e9cnica (Astec), organismo do TCE. A atualiza\u00e7\u00e3o di\u00e1ria do Sistema de Acompanhamento da Gest\u00e3o dos Recursos da Sociedade teve procedimento apresentado aos gestores p\u00fablicos paraibanos em julho passado, quando come\u00e7ou o treinamento das equipes t\u00e9cnicas ent\u00e3o enviadas ao Tribunal. \u00c9 provid\u00eancia que se ampara em tr\u00eas pilares b\u00e1sicos e de igual import\u00e2ncia: o da orienta\u00e7\u00e3o aos gestores, o da fiscaliza\u00e7\u00e3o e o do controle social. Ascom &nbsp;<\/p>\n","protected":false},"author":2,"featured_media":3995,"comment_status":"closed","ping_status":"open","sticky":false,"template":"","format":"standard","meta":{"_eb_attr":"","_jetpack_memberships_contains_paid_content":false,"footnotes":""},"categories":[3],"tags":[],"class_list":["post-3994","post","type-post","status-publish","format-standard","has-post-thumbnail","hentry","category-cidades"],"yoast_head":"<!-- This site is optimized with the Yoast SEO plugin v26.5 - https:\/\/yoast.com\/wordpress\/plugins\/seo\/ -->\n<title>TCE prorroga prazo para prefeituras enviarem informa\u00e7\u00f5es para o Sagres - Not&iacute;cias em Destaque<\/title>\n<meta name=\"robots\" content=\"index, follow, max-snippet:-1, max-image-preview:large, max-video-preview:-1\" \/>\n<link rel=\"canonical\" href=\"https:\/\/noticiasemdestaque.com\/cd\/?p=3994\" \/>\n<meta property=\"og:locale\" content=\"pt_BR\" \/>\n<meta property=\"og:type\" content=\"article\" \/>\n<meta property=\"og:title\" content=\"TCE prorroga prazo para prefeituras enviarem informa\u00e7\u00f5es para o Sagres - Not&iacute;cias em Destaque\" \/>\n<meta property=\"og:description\" content=\"O Tribunal de Contas da Para\u00edba prorrogou por 30 dias o prazo de entrega dos dados atinentes ao\u00a0Sagres Di\u00e1rio\u00a0por gestores p\u00fablicos sob sua jurisdi\u00e7\u00e3o. Isso inclui a Controladoria Geral do Estado, Prefeituras e C\u00e2maras Municipais. Circular do presidente Andr\u00e9 Carlo Torres Pontes aos gestores em quest\u00e3o leva em conta sugest\u00e3o feita, neste sentido, pela Assessoria T\u00e9cnica (Astec), organismo do TCE. A atualiza\u00e7\u00e3o di\u00e1ria do Sistema de Acompanhamento da Gest\u00e3o dos Recursos da Sociedade teve procedimento apresentado aos gestores p\u00fablicos paraibanos em julho passado, quando come\u00e7ou o treinamento das equipes t\u00e9cnicas ent\u00e3o enviadas ao Tribunal. \u00c9 provid\u00eancia que se ampara em tr\u00eas pilares b\u00e1sicos e de igual import\u00e2ncia: o da orienta\u00e7\u00e3o aos gestores, o da fiscaliza\u00e7\u00e3o e o do controle social. Ascom &nbsp;\" \/>\n<meta property=\"og:url\" content=\"https:\/\/noticiasemdestaque.com\/cd\/?p=3994\" \/>\n<meta property=\"og:site_name\" content=\"Not&iacute;cias em Destaque\" \/>\n<meta property=\"article:published_time\" content=\"2017-09-04T16:50:30+00:00\" \/>\n<meta property=\"og:image\" content=\"https:\/\/noticiasemdestaque.com\/cd\/wp-content\/uploads\/2017\/09\/tce-3-556x417-2.jpg\" \/>\n\t<meta property=\"og:image:width\" content=\"556\" \/>\n\t<meta property=\"og:image:height\" content=\"417\" \/>\n\t<meta property=\"og:image:type\" content=\"image\/jpeg\" \/>\n<meta name=\"author\" content=\"Not\u00edcias em Destaque\" \/>\n<meta name=\"twitter:card\" content=\"summary_large_image\" \/>\n<meta name=\"twitter:label1\" content=\"Escrito por\" \/>\n\t<meta name=\"twitter:data1\" content=\"Not\u00edcias em Destaque\" \/>\n\t<meta name=\"twitter:label2\" content=\"Est. tempo de leitura\" \/>\n\t<meta name=\"twitter:data2\" content=\"1 minuto\" \/>\n<script type=\"application\/ld+json\" class=\"yoast-schema-graph\">{\"@context\":\"https:\/\/schema.org\",\"@graph\":[{\"@type\":\"Article\",\"@id\":\"https:\/\/noticiasemdestaque.com\/cd\/?p=3994#article\",\"isPartOf\":{\"@id\":\"https:\/\/noticiasemdestaque.com\/cd\/?p=3994\"},\"author\":{\"name\":\"Not\u00edcias em Destaque\",\"@id\":\"https:\/\/noticiasemdestaque.com\/cd\/#\/schema\/person\/21320b03a7e8bb90128938dafc9b908a\"},\"headline\":\"TCE prorroga prazo para prefeituras enviarem informa\u00e7\u00f5es para o Sagres\",\"datePublished\":\"2017-09-04T16:50:30+00:00\",\"mainEntityOfPage\":{\"@id\":\"https:\/\/noticiasemdestaque.com\/cd\/?p=3994\"},\"wordCount\":154,\"publisher\":{\"@id\":\"https:\/\/noticiasemdestaque.com\/cd\/#organization\"},\"image\":{\"@id\":\"https:\/\/noticiasemdestaque.com\/cd\/?p=3994#primaryimage\"},\"thumbnailUrl\":\"https:\/\/noticiasemdestaque.com\/cd\/wp-content\/uploads\/2017\/09\/tce-3-556x417-2.jpg\",\"articleSection\":[\"Cidades\"],\"inLanguage\":\"pt-BR\"},{\"@type\":\"WebPage\",\"@id\":\"https:\/\/noticiasemdestaque.com\/cd\/?p=3994\",\"url\":\"https:\/\/noticiasemdestaque.com\/cd\/?p=3994\",\"name\":\"TCE prorroga prazo para prefeituras enviarem informa\u00e7\u00f5es para o Sagres - Not&iacute;cias em Destaque\",\"isPartOf\":{\"@id\":\"https:\/\/noticiasemdestaque.com\/cd\/#website\"},\"primaryImageOfPage\":{\"@id\":\"https:\/\/noticiasemdestaque.com\/cd\/?p=3994#primaryimage\"},\"image\":{\"@id\":\"https:\/\/noticiasemdestaque.com\/cd\/?p=3994#primaryimage\"},\"thumbnailUrl\":\"https:\/\/noticiasemdestaque.com\/cd\/wp-content\/uploads\/2017\/09\/tce-3-556x417-2.jpg\",\"datePublished\":\"2017-09-04T16:50:30+00:00\",\"breadcrumb\":{\"@id\":\"https:\/\/noticiasemdestaque.com\/cd\/?p=3994#breadcrumb\"},\"inLanguage\":\"pt-BR\",\"potentialAction\":[{\"@type\":\"ReadAction\",\"target\":[\"https:\/\/noticiasemdestaque.com\/cd\/?p=3994\"]}]},{\"@type\":\"ImageObject\",\"inLanguage\":\"pt-BR\",\"@id\":\"https:\/\/noticiasemdestaque.com\/cd\/?p=3994#primaryimage\",\"url\":\"https:\/\/noticiasemdestaque.com\/cd\/wp-content\/uploads\/2017\/09\/tce-3-556x417-2.jpg\",\"contentUrl\":\"https:\/\/noticiasemdestaque.com\/cd\/wp-content\/uploads\/2017\/09\/tce-3-556x417-2.jpg\",\"width\":556,\"height\":417},{\"@type\":\"BreadcrumbList\",\"@id\":\"https:\/\/noticiasemdestaque.com\/cd\/?p=3994#breadcrumb\",\"itemListElement\":[{\"@type\":\"ListItem\",\"position\":1,\"name\":\"In\u00edcio\",\"item\":\"https:\/\/noticiasemdestaque.com\/cd\/\"},{\"@type\":\"ListItem\",\"position\":2,\"name\":\"TCE prorroga prazo para prefeituras enviarem informa\u00e7\u00f5es para o Sagres\"}]},{\"@type\":\"WebSite\",\"@id\":\"https:\/\/noticiasemdestaque.com\/cd\/#website\",\"url\":\"https:\/\/noticiasemdestaque.com\/cd\/\",\"name\":\"Not&iacute;cias em Destaque\",\"description\":\"\",\"publisher\":{\"@id\":\"https:\/\/noticiasemdestaque.com\/cd\/#organization\"},\"potentialAction\":[{\"@type\":\"SearchAction\",\"target\":{\"@type\":\"EntryPoint\",\"urlTemplate\":\"https:\/\/noticiasemdestaque.com\/cd\/?s={search_term_string}\"},\"query-input\":{\"@type\":\"PropertyValueSpecification\",\"valueRequired\":true,\"valueName\":\"search_term_string\"}}],\"inLanguage\":\"pt-BR\"},{\"@type\":\"Organization\",\"@id\":\"https:\/\/noticiasemdestaque.com\/cd\/#organization\",\"name\":\"Not\u00edcias em Destaque\",\"url\":\"https:\/\/noticiasemdestaque.com\/cd\/\",\"logo\":{\"@type\":\"ImageObject\",\"inLanguage\":\"pt-BR\",\"@id\":\"https:\/\/noticiasemdestaque.com\/cd\/#\/schema\/logo\/image\/\",\"url\":\"https:\/\/noticiasemdestaque.com\/cd\/wp-content\/uploads\/2022\/05\/imagem-base-noticiasemdestaque.png\",\"contentUrl\":\"https:\/\/noticiasemdestaque.com\/cd\/wp-content\/uploads\/2022\/05\/imagem-base-noticiasemdestaque.png\",\"width\":1200,\"height\":630,\"caption\":\"Not\u00edcias em Destaque\"},\"image\":{\"@id\":\"https:\/\/noticiasemdestaque.com\/cd\/#\/schema\/logo\/image\/\"}},{\"@type\":\"Person\",\"@id\":\"https:\/\/noticiasemdestaque.com\/cd\/#\/schema\/person\/21320b03a7e8bb90128938dafc9b908a\",\"name\":\"Not\u00edcias em Destaque\",\"url\":\"https:\/\/noticiasemdestaque.com\/cd\/?author=2\"}]}<\/script>\n<!-- \/ Yoast SEO plugin. -->","yoast_head_json":{"title":"TCE prorroga prazo para prefeituras enviarem informa\u00e7\u00f5es para o Sagres - Not&iacute;cias em Destaque","robots":{"index":"index","follow":"follow","max-snippet":"max-snippet:-1","max-image-preview":"max-image-preview:large","max-video-preview":"max-video-preview:-1"},"canonical":"https:\/\/noticiasemdestaque.com\/cd\/?p=3994","og_locale":"pt_BR","og_type":"article","og_title":"TCE prorroga prazo para prefeituras enviarem informa\u00e7\u00f5es para o Sagres - Not&iacute;cias em Destaque","og_description":"O Tribunal de Contas da Para\u00edba prorrogou por 30 dias o prazo de entrega dos dados atinentes ao\u00a0Sagres Di\u00e1rio\u00a0por gestores p\u00fablicos sob sua jurisdi\u00e7\u00e3o. Isso inclui a Controladoria Geral do Estado, Prefeituras e C\u00e2maras Municipais. Circular do presidente Andr\u00e9 Carlo Torres Pontes aos gestores em quest\u00e3o leva em conta sugest\u00e3o feita, neste sentido, pela Assessoria T\u00e9cnica (Astec), organismo do TCE. A atualiza\u00e7\u00e3o di\u00e1ria do Sistema de Acompanhamento da Gest\u00e3o dos Recursos da Sociedade teve procedimento apresentado aos gestores p\u00fablicos paraibanos em julho passado, quando come\u00e7ou o treinamento das equipes t\u00e9cnicas ent\u00e3o enviadas ao Tribunal. \u00c9 provid\u00eancia que se ampara em tr\u00eas pilares b\u00e1sicos e de igual import\u00e2ncia: o da orienta\u00e7\u00e3o aos gestores, o da fiscaliza\u00e7\u00e3o e o do controle social. Ascom &nbsp;","og_url":"https:\/\/noticiasemdestaque.com\/cd\/?p=3994","og_site_name":"Not&iacute;cias em Destaque","article_published_time":"2017-09-04T16:50:30+00:00","og_image":[{"width":556,"height":417,"url":"https:\/\/noticiasemdestaque.com\/cd\/wp-content\/uploads\/2017\/09\/tce-3-556x417-2.jpg","type":"image\/jpeg"}],"author":"Not\u00edcias em Destaque","twitter_card":"summary_large_image","twitter_misc":{"Escrito por":"Not\u00edcias em Destaque","Est. tempo de leitura":"1 minuto"},"schema":{"@context":"https:\/\/schema.org","@graph":[{"@type":"Article","@id":"https:\/\/noticiasemdestaque.com\/cd\/?p=3994#article","isPartOf":{"@id":"https:\/\/noticiasemdestaque.com\/cd\/?p=3994"},"author":{"name":"Not\u00edcias em Destaque","@id":"https:\/\/noticiasemdestaque.com\/cd\/#\/schema\/person\/21320b03a7e8bb90128938dafc9b908a"},"headline":"TCE prorroga prazo para prefeituras enviarem informa\u00e7\u00f5es para o Sagres","datePublished":"2017-09-04T16:50:30+00:00","mainEntityOfPage":{"@id":"https:\/\/noticiasemdestaque.com\/cd\/?p=3994"},"wordCount":154,"publisher":{"@id":"https:\/\/noticiasemdestaque.com\/cd\/#organization"},"image":{"@id":"https:\/\/noticiasemdestaque.com\/cd\/?p=3994#primaryimage"},"thumbnailUrl":"https:\/\/noticiasemdestaque.com\/cd\/wp-content\/uploads\/2017\/09\/tce-3-556x417-2.jpg","articleSection":["Cidades"],"inLanguage":"pt-BR"},{"@type":"WebPage","@id":"https:\/\/noticiasemdestaque.com\/cd\/?p=3994","url":"https:\/\/noticiasemdestaque.com\/cd\/?p=3994","name":"TCE prorroga prazo para prefeituras enviarem informa\u00e7\u00f5es para o Sagres - Not&iacute;cias em Destaque","isPartOf":{"@id":"https:\/\/noticiasemdestaque.com\/cd\/#website"},"primaryImageOfPage":{"@id":"https:\/\/noticiasemdestaque.com\/cd\/?p=3994#primaryimage"},"image":{"@id":"https:\/\/noticiasemdestaque.com\/cd\/?p=3994#primaryimage"},"thumbnailUrl":"https:\/\/noticiasemdestaque.com\/cd\/wp-content\/uploads\/2017\/09\/tce-3-556x417-2.jpg","datePublished":"2017-09-04T16:50:30+00:00","breadcrumb":{"@id":"https:\/\/noticiasemdestaque.com\/cd\/?p=3994#breadcrumb"},"inLanguage":"pt-BR","potentialAction":[{"@type":"ReadAction","target":["https:\/\/noticiasemdestaque.com\/cd\/?p=3994"]}]},{"@type":"ImageObject","inLanguage":"pt-BR","@id":"https:\/\/noticiasemdestaque.com\/cd\/?p=3994#primaryimage","url":"https:\/\/noticiasemdestaque.com\/cd\/wp-content\/uploads\/2017\/09\/tce-3-556x417-2.jpg","contentUrl":"https:\/\/noticiasemdestaque.com\/cd\/wp-content\/uploads\/2017\/09\/tce-3-556x417-2.jpg","width":556,"height":417},{"@type":"BreadcrumbList","@id":"https:\/\/noticiasemdestaque.com\/cd\/?p=3994#breadcrumb","itemListElement":[{"@type":"ListItem","position":1,"name":"In\u00edcio","item":"https:\/\/noticiasemdestaque.com\/cd\/"},{"@type":"ListItem","position":2,"name":"TCE prorroga prazo para prefeituras enviarem informa\u00e7\u00f5es para o Sagres"}]},{"@type":"WebSite","@id":"https:\/\/noticiasemdestaque.com\/cd\/#website","url":"https:\/\/noticiasemdestaque.com\/cd\/","name":"Not&iacute;cias em Destaque","description":"","publisher":{"@id":"https:\/\/noticiasemdestaque.com\/cd\/#organization"},"potentialAction":[{"@type":"SearchAction","target":{"@type":"EntryPoint","urlTemplate":"https:\/\/noticiasemdestaque.com\/cd\/?s={search_term_string}"},"query-input":{"@type":"PropertyValueSpecification","valueRequired":true,"valueName":"search_term_string"}}],"inLanguage":"pt-BR"},{"@type":"Organization","@id":"https:\/\/noticiasemdestaque.com\/cd\/#organization","name":"Not\u00edcias em Destaque","url":"https:\/\/noticiasemdestaque.com\/cd\/","logo":{"@type":"ImageObject","inLanguage":"pt-BR","@id":"https:\/\/noticiasemdestaque.com\/cd\/#\/schema\/logo\/image\/","url":"https:\/\/noticiasemdestaque.com\/cd\/wp-content\/uploads\/2022\/05\/imagem-base-noticiasemdestaque.png","contentUrl":"https:\/\/noticiasemdestaque.com\/cd\/wp-content\/uploads\/2022\/05\/imagem-base-noticiasemdestaque.png","width":1200,"height":630,"caption":"Not\u00edcias em Destaque"},"image":{"@id":"https:\/\/noticiasemdestaque.com\/cd\/#\/schema\/logo\/image\/"}},{"@type":"Person","@id":"https:\/\/noticiasemdestaque.com\/cd\/#\/schema\/person\/21320b03a7e8bb90128938dafc9b908a","name":"Not\u00edcias em Destaque","url":"https:\/\/noticiasemdestaque.com\/cd\/?author=2"}]}},"jetpack_featured_media_url":"https:\/\/noticiasemdestaque.com\/cd\/wp-content\/uploads\/2017\/09\/tce-3-556x417-2.jpg","jetpack_sharing_enabled":true,"_links":{"self":[{"href":"https:\/\/noticiasemdestaque.com\/cd\/index.php?rest_route=\/wp\/v2\/posts\/3994","targetHints":{"allow":["GET"]}}],"collection":[{"href":"https:\/\/noticiasemdestaque.com\/cd\/index.php?rest_route=\/wp\/v2\/posts"}],"about":[{"href":"https:\/\/noticiasemdestaque.com\/cd\/index.php?rest_route=\/wp\/v2\/types\/post"}],"author":[{"embeddable":true,"href":"https:\/\/noticiasemdestaque.com\/cd\/index.php?rest_route=\/wp\/v2\/users\/2"}],"replies":[{"embeddable":true,"href":"https:\/\/noticiasemdestaque.com\/cd\/index.php?rest_route=%2Fwp%2Fv2%2Fcomments&post=3994"}],"version-history":[{"count":1,"href":"https:\/\/noticiasemdestaque.com\/cd\/index.php?rest_route=\/wp\/v2\/posts\/3994\/revisions"}],"predecessor-version":[{"id":3996,"href":"https:\/\/noticiasemdestaque.com\/cd\/index.php?rest_route=\/wp\/v2\/posts\/3994\/revisions\/3996"}],"wp:featuredmedia":[{"embeddable":true,"href":"https:\/\/noticiasemdestaque.com\/cd\/index.php?rest_route=\/wp\/v2\/media\/3995"}],"wp:attachment":[{"href":"https:\/\/noticiasemdestaque.com\/cd\/index.php?rest_route=%2Fwp%2Fv2%2Fmedia&parent=3994"}],"wp:term":[{"taxonomy":"category","embeddable":true,"href":"https:\/\/noticiasemdestaque.com\/cd\/index.php?rest_route=%2Fwp%2Fv2%2Fcategories&post=3994"},{"taxonomy":"post_tag","embeddable":true,"href":"https:\/\/noticiasemdestaque.com\/cd\/index.php?rest_route=%2Fwp%2Fv2%2Ftags&post=3994"}],"curies":[{"name":"wp","href":"https:\/\/api.w.org\/{rel}","templated":true}]}}