{"id":39877,"date":"2022-06-13T15:12:02","date_gmt":"2022-06-13T18:12:02","guid":{"rendered":"https:\/\/noticiasemdestaque.com\/cd\/?p=39877"},"modified":"2022-06-13T15:12:02","modified_gmt":"2022-06-13T18:12:02","slug":"entenda-lei-que-proibe-fogueiras-em-areas-urbanas-na-paraiba","status":"publish","type":"post","link":"https:\/\/noticiasemdestaque.com\/cd\/?p=39877","title":{"rendered":"Entenda lei que pro\u00edbe fogueiras em \u00e1reas urbanas na Para\u00edba"},"content":{"rendered":"<div class=\"mc-column content-text active-extra-styles \" data-block-type=\"unstyled\" data-block-weight=\"60\" data-block-id=\"2\">\n<p class=\"content-text__container \" data-track-category=\"Link no Texto\" data-track-links=\"\">A\u00a0<a href=\"https:\/\/g1.globo.com\/pb\/paraiba\/noticia\/2020\/06\/20\/lei-que-proibe-fogueiras-em-espacos-urbanos-na-paraiba-durante-a-pandemia-e-sancionada.ghtml\">lei que pro\u00edbe o acendimento de fogueiras em espa\u00e7os urbanos durante a pandemia de coronav\u00edrus foi sancionada pelo Governo da Para\u00edba h\u00e1 dois anos<\/a>, em 20 de junho de 2020. Ela vale enquanto perdurar a pandemia da Covid-19. Esse ano, a fiscaliza\u00e7\u00e3o come\u00e7ou neste domingo (12) e pelo menos dez den\u00fancia foram realizadas \u00e0 Secretaria do Meio Ambiente (Semam).<\/p>\n<\/div>\n<div class=\"wall protected-content\">\n<div class=\"mc-column content-text active-extra-styles \" data-block-type=\"unstyled\" data-block-weight=\"18\" data-block-id=\"3\">\n<p class=\"content-text__container \" data-track-category=\"Link no Texto\" data-track-links=\"\">A Semam realizou fiscaliza\u00e7\u00f5es neste domingo nos bairros de Mangabeira, Cui\u00e1 e Valentina. A popula\u00e7\u00e3o pode contribuir denunciando.<\/p>\n<p data-track-category=\"Link no Texto\" data-track-links=\"\">\n<\/div>\n<div class=\"mc-column content-text active-extra-styles\" data-block-type=\"raw\" data-block-weight=\"2\" data-block-id=\"4\">\n<div class=\"content-intertitle\">\n<h2>Como denunciar<\/h2>\n<\/div>\n<\/div>\n<div class=\"mc-column content-text active-extra-styles \" data-block-type=\"unstyled\" data-block-weight=\"46\" data-block-id=\"5\">\n<p class=\"content-text__container \" data-track-category=\"Link no Texto\" data-track-links=\"\">As den\u00fancias podem ser feitas por meio do telefone 3218-9208, que tamb\u00e9m \u00e9 WhatsApp. As pessoas devem enviar fotos, v\u00eddeos, imagens da fachada da resid\u00eancia, endere\u00e7o completo e, se poss\u00edvel, tamb\u00e9m ponto de refer\u00eancia. Al\u00e9m disso, \u00e9 importante que sejam enviadas fotos da pr\u00f3pria fogueira. O hor\u00e1rio de recebimento das den\u00fancias \u00e9 das 8h \u00e0 meia noite.<\/p>\n<\/div>\n<div class=\"mc-column content-text active-extra-styles\" data-block-type=\"raw\" data-block-weight=\"6\" data-block-id=\"8\">\n<p class=\"content-text__container\">\n<div class=\"content-intertitle\">\n<h2>O que acontece ap\u00f3s a den\u00fancia?<\/h2>\n<\/div>\n<\/div>\n<div class=\"mc-column content-text active-extra-styles\" data-block-type=\"raw\" data-block-weight=\"57\" data-block-id=\"9\">\n<ul class=\"content-unordered-list\">\n<li>Ap\u00f3s algum moradores realizar a den\u00fancia por telefone, os fiscais chegam nas resid\u00eancias, conversam com o respons\u00e1vel e informam a infra\u00e7\u00e3o.<\/li>\n<li>Se a fogueira j\u00e1 estiver acesa, \u00e9 assinado um ato de infra\u00e7\u00e3o e o material lenhoso \u00e9 apreendido.<\/li>\n<li>Caso o morador ainda esteja na imin\u00eancia de acender a fogueira, ele \u00e9 advertido para que n\u00e3o fa\u00e7a.<\/li>\n<\/ul>\n<p>&nbsp;<\/p>\n<\/div>\n<div class=\"mc-column content-text active-extra-styles\" data-block-type=\"raw\" data-block-weight=\"1\" data-block-id=\"10\">\n<div class=\"content-intertitle\">\n<h2>Multa<\/h2>\n<\/div>\n<\/div>\n<div class=\"mc-column content-text active-extra-styles \" data-block-type=\"unstyled\" data-block-weight=\"28\" data-block-id=\"11\">\n<p class=\"content-text__container \" data-track-category=\"Link no Texto\" data-track-links=\"\">O n\u00e3o cumprimento da lei gera multa de 10 Unidades Fiscais de Refer\u00eancia (UFR-PB), sendo que cada UFR-PB vale R$ 51,78 tendo como refer\u00eancia o m\u00eas de junho.<\/p>\n<p data-track-category=\"Link no Texto\" data-track-links=\"\">\n<\/div>\n<div class=\"mc-column content-text active-extra-styles\" data-block-type=\"raw\" data-block-weight=\"6\" data-block-id=\"12\">\n<div class=\"content-intertitle\">\n<h2>Por que a lei foi criada?<\/h2>\n<\/div>\n<\/div>\n<div class=\"mc-column content-text active-extra-styles \" data-block-type=\"unstyled\" data-block-weight=\"46\" data-block-id=\"13\">\n<p class=\"content-text__container \" data-track-category=\"Link no Texto\" data-track-links=\"\">De acordo com a lei de autoria do deputado Adriano Galdino (PSB), profissionais de sa\u00fade informaram que o acendimento de fogueiras durante os festejos de juninos poderia agravar o estado de sa\u00fade das pessoas contaminadas pela Covid-19, que \u00e9 uma doen\u00e7a que afeta o sistema respirat\u00f3rio.<\/p>\n<p style=\"text-align: right;\" data-track-category=\"Link no Texto\" data-track-links=\"\"><em>Fonte: <a href=\"https:\/\/g1.globo.com\/pb\">G1 PB<\/a><\/em><\/p>\n<\/div>\n<\/div>\n","protected":false},"excerpt":{"rendered":"<p>A\u00a0lei que pro\u00edbe o acendimento de fogueiras em espa\u00e7os urbanos durante a pandemia de coronav\u00edrus foi sancionada pelo Governo da Para\u00edba h\u00e1 dois anos, em 20 de junho de 2020. Ela vale enquanto perdurar a pandemia da Covid-19. Esse ano, a fiscaliza\u00e7\u00e3o come\u00e7ou neste domingo (12) e pelo menos dez den\u00fancia foram realizadas \u00e0 Secretaria do Meio Ambiente (Semam). A Semam realizou fiscaliza\u00e7\u00f5es neste domingo nos bairros de Mangabeira, Cui\u00e1 e Valentina. A popula\u00e7\u00e3o pode contribuir denunciando. Como denunciar As den\u00fancias podem ser feitas por meio do telefone 3218-9208, que tamb\u00e9m \u00e9 WhatsApp. As pessoas devem enviar fotos, v\u00eddeos, imagens da fachada da resid\u00eancia, endere\u00e7o completo e, se poss\u00edvel, tamb\u00e9m ponto de refer\u00eancia. Al\u00e9m disso, \u00e9 importante que sejam enviadas fotos da pr\u00f3pria fogueira. O hor\u00e1rio de recebimento das den\u00fancias \u00e9 das 8h \u00e0 meia noite. O que acontece ap\u00f3s a den\u00fancia? Ap\u00f3s algum moradores realizar a den\u00fancia por telefone, os fiscais chegam nas resid\u00eancias, conversam com o respons\u00e1vel e informam a infra\u00e7\u00e3o. Se a fogueira j\u00e1 estiver acesa, \u00e9 assinado um ato de infra\u00e7\u00e3o e o material lenhoso \u00e9 apreendido. Caso o morador ainda esteja na imin\u00eancia de acender a fogueira, ele \u00e9 advertido para que n\u00e3o fa\u00e7a. &nbsp; Multa O n\u00e3o cumprimento da lei gera multa de 10 Unidades Fiscais de Refer\u00eancia (UFR-PB), sendo que cada UFR-PB vale R$ 51,78 tendo como refer\u00eancia o m\u00eas de junho. Por que a lei foi criada? De acordo com a lei de autoria do deputado Adriano Galdino (PSB), profissionais de sa\u00fade informaram que o acendimento de fogueiras durante os festejos de juninos poderia agravar o estado de sa\u00fade das pessoas contaminadas pela Covid-19, que \u00e9 uma doen\u00e7a que afeta o sistema respirat\u00f3rio. Fonte: G1 PB<\/p>\n","protected":false},"author":2,"featured_media":39878,"comment_status":"closed","ping_status":"open","sticky":false,"template":"","format":"standard","meta":{"_eb_attr":"","_jetpack_memberships_contains_paid_content":false,"footnotes":""},"categories":[12],"tags":[],"class_list":["post-39877","post","type-post","status-publish","format-standard","has-post-thumbnail","hentry","category-geral"],"yoast_head":"<!-- This site is optimized with the Yoast SEO plugin v26.5 - https:\/\/yoast.com\/wordpress\/plugins\/seo\/ -->\n<title>Entenda lei que pro\u00edbe fogueiras em \u00e1reas urbanas na Para\u00edba - Not&iacute;cias em Destaque<\/title>\n<meta name=\"robots\" content=\"index, follow, max-snippet:-1, max-image-preview:large, max-video-preview:-1\" \/>\n<link rel=\"canonical\" href=\"https:\/\/noticiasemdestaque.com\/cd\/?p=39877\" \/>\n<meta property=\"og:locale\" content=\"pt_BR\" \/>\n<meta property=\"og:type\" content=\"article\" \/>\n<meta property=\"og:title\" content=\"Entenda lei que pro\u00edbe fogueiras em \u00e1reas urbanas na Para\u00edba - Not&iacute;cias em Destaque\" \/>\n<meta property=\"og:description\" content=\"A\u00a0lei que pro\u00edbe o acendimento de fogueiras em espa\u00e7os urbanos durante a pandemia de coronav\u00edrus foi sancionada pelo Governo da Para\u00edba h\u00e1 dois anos, em 20 de junho de 2020. Ela vale enquanto perdurar a pandemia da Covid-19. Esse ano, a fiscaliza\u00e7\u00e3o come\u00e7ou neste domingo (12) e pelo menos dez den\u00fancia foram realizadas \u00e0 Secretaria do Meio Ambiente (Semam). A Semam realizou fiscaliza\u00e7\u00f5es neste domingo nos bairros de Mangabeira, Cui\u00e1 e Valentina. A popula\u00e7\u00e3o pode contribuir denunciando. Como denunciar As den\u00fancias podem ser feitas por meio do telefone 3218-9208, que tamb\u00e9m \u00e9 WhatsApp. As pessoas devem enviar fotos, v\u00eddeos, imagens da fachada da resid\u00eancia, endere\u00e7o completo e, se poss\u00edvel, tamb\u00e9m ponto de refer\u00eancia. Al\u00e9m disso, \u00e9 importante que sejam enviadas fotos da pr\u00f3pria fogueira. O hor\u00e1rio de recebimento das den\u00fancias \u00e9 das 8h \u00e0 meia noite. O que acontece ap\u00f3s a den\u00fancia? Ap\u00f3s algum moradores realizar a den\u00fancia por telefone, os fiscais chegam nas resid\u00eancias, conversam com o respons\u00e1vel e informam a infra\u00e7\u00e3o. Se a fogueira j\u00e1 estiver acesa, \u00e9 assinado um ato de infra\u00e7\u00e3o e o material lenhoso \u00e9 apreendido. Caso o morador ainda esteja na imin\u00eancia de acender a fogueira, ele \u00e9 advertido para que n\u00e3o fa\u00e7a. &nbsp; Multa O n\u00e3o cumprimento da lei gera multa de 10 Unidades Fiscais de Refer\u00eancia (UFR-PB), sendo que cada UFR-PB vale R$ 51,78 tendo como refer\u00eancia o m\u00eas de junho. Por que a lei foi criada? De acordo com a lei de autoria do deputado Adriano Galdino (PSB), profissionais de sa\u00fade informaram que o acendimento de fogueiras durante os festejos de juninos poderia agravar o estado de sa\u00fade das pessoas contaminadas pela Covid-19, que \u00e9 uma doen\u00e7a que afeta o sistema respirat\u00f3rio. Fonte: G1 PB\" \/>\n<meta property=\"og:url\" content=\"https:\/\/noticiasemdestaque.com\/cd\/?p=39877\" \/>\n<meta property=\"og:site_name\" content=\"Not&iacute;cias em Destaque\" \/>\n<meta property=\"article:published_time\" content=\"2022-06-13T18:12:02+00:00\" \/>\n<meta property=\"og:image\" content=\"https:\/\/noticiasemdestaque.com\/cd\/wp-content\/uploads\/2022\/06\/fogueira4.webp\" \/>\n\t<meta property=\"og:image:width\" content=\"984\" \/>\n\t<meta property=\"og:image:height\" content=\"554\" \/>\n\t<meta property=\"og:image:type\" content=\"image\/webp\" \/>\n<meta name=\"author\" content=\"Not\u00edcias em Destaque\" \/>\n<meta name=\"twitter:card\" content=\"summary_large_image\" \/>\n<meta name=\"twitter:label1\" content=\"Escrito por\" \/>\n\t<meta name=\"twitter:data1\" content=\"Not\u00edcias em Destaque\" \/>\n\t<meta name=\"twitter:label2\" content=\"Est. tempo de leitura\" \/>\n\t<meta name=\"twitter:data2\" content=\"2 minutos\" \/>\n<script type=\"application\/ld+json\" class=\"yoast-schema-graph\">{\"@context\":\"https:\/\/schema.org\",\"@graph\":[{\"@type\":\"Article\",\"@id\":\"https:\/\/noticiasemdestaque.com\/cd\/?p=39877#article\",\"isPartOf\":{\"@id\":\"https:\/\/noticiasemdestaque.com\/cd\/?p=39877\"},\"author\":{\"name\":\"Not\u00edcias em Destaque\",\"@id\":\"https:\/\/noticiasemdestaque.com\/cd\/#\/schema\/person\/4a81fb71f77579d059c3045891fa1786\"},\"headline\":\"Entenda lei que pro\u00edbe fogueiras em \u00e1reas urbanas na Para\u00edba\",\"datePublished\":\"2022-06-13T18:12:02+00:00\",\"mainEntityOfPage\":{\"@id\":\"https:\/\/noticiasemdestaque.com\/cd\/?p=39877\"},\"wordCount\":323,\"publisher\":{\"@id\":\"https:\/\/noticiasemdestaque.com\/cd\/#organization\"},\"image\":{\"@id\":\"https:\/\/noticiasemdestaque.com\/cd\/?p=39877#primaryimage\"},\"thumbnailUrl\":\"https:\/\/noticiasemdestaque.com\/cd\/wp-content\/uploads\/2022\/06\/fogueira4.webp\",\"articleSection\":[\"Geral\"],\"inLanguage\":\"pt-BR\"},{\"@type\":\"WebPage\",\"@id\":\"https:\/\/noticiasemdestaque.com\/cd\/?p=39877\",\"url\":\"https:\/\/noticiasemdestaque.com\/cd\/?p=39877\",\"name\":\"Entenda lei que pro\u00edbe fogueiras em \u00e1reas urbanas na Para\u00edba - Not&iacute;cias em Destaque\",\"isPartOf\":{\"@id\":\"https:\/\/noticiasemdestaque.com\/cd\/#website\"},\"primaryImageOfPage\":{\"@id\":\"https:\/\/noticiasemdestaque.com\/cd\/?p=39877#primaryimage\"},\"image\":{\"@id\":\"https:\/\/noticiasemdestaque.com\/cd\/?p=39877#primaryimage\"},\"thumbnailUrl\":\"https:\/\/noticiasemdestaque.com\/cd\/wp-content\/uploads\/2022\/06\/fogueira4.webp\",\"datePublished\":\"2022-06-13T18:12:02+00:00\",\"breadcrumb\":{\"@id\":\"https:\/\/noticiasemdestaque.com\/cd\/?p=39877#breadcrumb\"},\"inLanguage\":\"pt-BR\",\"potentialAction\":[{\"@type\":\"ReadAction\",\"target\":[\"https:\/\/noticiasemdestaque.com\/cd\/?p=39877\"]}]},{\"@type\":\"ImageObject\",\"inLanguage\":\"pt-BR\",\"@id\":\"https:\/\/noticiasemdestaque.com\/cd\/?p=39877#primaryimage\",\"url\":\"https:\/\/noticiasemdestaque.com\/cd\/wp-content\/uploads\/2022\/06\/fogueira4.webp\",\"contentUrl\":\"https:\/\/noticiasemdestaque.com\/cd\/wp-content\/uploads\/2022\/06\/fogueira4.webp\",\"width\":984,\"height\":554},{\"@type\":\"BreadcrumbList\",\"@id\":\"https:\/\/noticiasemdestaque.com\/cd\/?p=39877#breadcrumb\",\"itemListElement\":[{\"@type\":\"ListItem\",\"position\":1,\"name\":\"In\u00edcio\",\"item\":\"https:\/\/noticiasemdestaque.com\/cd\/\"},{\"@type\":\"ListItem\",\"position\":2,\"name\":\"Entenda lei que pro\u00edbe fogueiras em \u00e1reas urbanas na Para\u00edba\"}]},{\"@type\":\"WebSite\",\"@id\":\"https:\/\/noticiasemdestaque.com\/cd\/#website\",\"url\":\"https:\/\/noticiasemdestaque.com\/cd\/\",\"name\":\"Not&iacute;cias em Destaque\",\"description\":\"\",\"publisher\":{\"@id\":\"https:\/\/noticiasemdestaque.com\/cd\/#organization\"},\"potentialAction\":[{\"@type\":\"SearchAction\",\"target\":{\"@type\":\"EntryPoint\",\"urlTemplate\":\"https:\/\/noticiasemdestaque.com\/cd\/?s={search_term_string}\"},\"query-input\":{\"@type\":\"PropertyValueSpecification\",\"valueRequired\":true,\"valueName\":\"search_term_string\"}}],\"inLanguage\":\"pt-BR\"},{\"@type\":\"Organization\",\"@id\":\"https:\/\/noticiasemdestaque.com\/cd\/#organization\",\"name\":\"Not\u00edcias em Destaque\",\"url\":\"https:\/\/noticiasemdestaque.com\/cd\/\",\"logo\":{\"@type\":\"ImageObject\",\"inLanguage\":\"pt-BR\",\"@id\":\"https:\/\/noticiasemdestaque.com\/cd\/#\/schema\/logo\/image\/\",\"url\":\"https:\/\/noticiasemdestaque.com\/cd\/wp-content\/uploads\/2022\/05\/imagem-base-noticiasemdestaque.png\",\"contentUrl\":\"https:\/\/noticiasemdestaque.com\/cd\/wp-content\/uploads\/2022\/05\/imagem-base-noticiasemdestaque.png\",\"width\":1200,\"height\":630,\"caption\":\"Not\u00edcias em Destaque\"},\"image\":{\"@id\":\"https:\/\/noticiasemdestaque.com\/cd\/#\/schema\/logo\/image\/\"}},{\"@type\":\"Person\",\"@id\":\"https:\/\/noticiasemdestaque.com\/cd\/#\/schema\/person\/4a81fb71f77579d059c3045891fa1786\",\"name\":\"Not\u00edcias em Destaque\",\"url\":\"https:\/\/noticiasemdestaque.com\/cd\/?author=2\"}]}<\/script>\n<!-- \/ Yoast SEO plugin. -->","yoast_head_json":{"title":"Entenda lei que pro\u00edbe fogueiras em \u00e1reas urbanas na Para\u00edba - Not&iacute;cias em Destaque","robots":{"index":"index","follow":"follow","max-snippet":"max-snippet:-1","max-image-preview":"max-image-preview:large","max-video-preview":"max-video-preview:-1"},"canonical":"https:\/\/noticiasemdestaque.com\/cd\/?p=39877","og_locale":"pt_BR","og_type":"article","og_title":"Entenda lei que pro\u00edbe fogueiras em \u00e1reas urbanas na Para\u00edba - Not&iacute;cias em Destaque","og_description":"A\u00a0lei que pro\u00edbe o acendimento de fogueiras em espa\u00e7os urbanos durante a pandemia de coronav\u00edrus foi sancionada pelo Governo da Para\u00edba h\u00e1 dois anos, em 20 de junho de 2020. Ela vale enquanto perdurar a pandemia da Covid-19. Esse ano, a fiscaliza\u00e7\u00e3o come\u00e7ou neste domingo (12) e pelo menos dez den\u00fancia foram realizadas \u00e0 Secretaria do Meio Ambiente (Semam). A Semam realizou fiscaliza\u00e7\u00f5es neste domingo nos bairros de Mangabeira, Cui\u00e1 e Valentina. A popula\u00e7\u00e3o pode contribuir denunciando. Como denunciar As den\u00fancias podem ser feitas por meio do telefone 3218-9208, que tamb\u00e9m \u00e9 WhatsApp. As pessoas devem enviar fotos, v\u00eddeos, imagens da fachada da resid\u00eancia, endere\u00e7o completo e, se poss\u00edvel, tamb\u00e9m ponto de refer\u00eancia. Al\u00e9m disso, \u00e9 importante que sejam enviadas fotos da pr\u00f3pria fogueira. O hor\u00e1rio de recebimento das den\u00fancias \u00e9 das 8h \u00e0 meia noite. O que acontece ap\u00f3s a den\u00fancia? Ap\u00f3s algum moradores realizar a den\u00fancia por telefone, os fiscais chegam nas resid\u00eancias, conversam com o respons\u00e1vel e informam a infra\u00e7\u00e3o. Se a fogueira j\u00e1 estiver acesa, \u00e9 assinado um ato de infra\u00e7\u00e3o e o material lenhoso \u00e9 apreendido. Caso o morador ainda esteja na imin\u00eancia de acender a fogueira, ele \u00e9 advertido para que n\u00e3o fa\u00e7a. &nbsp; Multa O n\u00e3o cumprimento da lei gera multa de 10 Unidades Fiscais de Refer\u00eancia (UFR-PB), sendo que cada UFR-PB vale R$ 51,78 tendo como refer\u00eancia o m\u00eas de junho. Por que a lei foi criada? De acordo com a lei de autoria do deputado Adriano Galdino (PSB), profissionais de sa\u00fade informaram que o acendimento de fogueiras durante os festejos de juninos poderia agravar o estado de sa\u00fade das pessoas contaminadas pela Covid-19, que \u00e9 uma doen\u00e7a que afeta o sistema respirat\u00f3rio. Fonte: G1 PB","og_url":"https:\/\/noticiasemdestaque.com\/cd\/?p=39877","og_site_name":"Not&iacute;cias em Destaque","article_published_time":"2022-06-13T18:12:02+00:00","og_image":[{"width":984,"height":554,"url":"https:\/\/noticiasemdestaque.com\/cd\/wp-content\/uploads\/2022\/06\/fogueira4.webp","type":"image\/webp"}],"author":"Not\u00edcias em Destaque","twitter_card":"summary_large_image","twitter_misc":{"Escrito por":"Not\u00edcias em Destaque","Est. tempo de leitura":"2 minutos"},"schema":{"@context":"https:\/\/schema.org","@graph":[{"@type":"Article","@id":"https:\/\/noticiasemdestaque.com\/cd\/?p=39877#article","isPartOf":{"@id":"https:\/\/noticiasemdestaque.com\/cd\/?p=39877"},"author":{"name":"Not\u00edcias em Destaque","@id":"https:\/\/noticiasemdestaque.com\/cd\/#\/schema\/person\/4a81fb71f77579d059c3045891fa1786"},"headline":"Entenda lei que pro\u00edbe fogueiras em \u00e1reas urbanas na Para\u00edba","datePublished":"2022-06-13T18:12:02+00:00","mainEntityOfPage":{"@id":"https:\/\/noticiasemdestaque.com\/cd\/?p=39877"},"wordCount":323,"publisher":{"@id":"https:\/\/noticiasemdestaque.com\/cd\/#organization"},"image":{"@id":"https:\/\/noticiasemdestaque.com\/cd\/?p=39877#primaryimage"},"thumbnailUrl":"https:\/\/noticiasemdestaque.com\/cd\/wp-content\/uploads\/2022\/06\/fogueira4.webp","articleSection":["Geral"],"inLanguage":"pt-BR"},{"@type":"WebPage","@id":"https:\/\/noticiasemdestaque.com\/cd\/?p=39877","url":"https:\/\/noticiasemdestaque.com\/cd\/?p=39877","name":"Entenda lei que pro\u00edbe fogueiras em \u00e1reas urbanas na Para\u00edba - Not&iacute;cias em Destaque","isPartOf":{"@id":"https:\/\/noticiasemdestaque.com\/cd\/#website"},"primaryImageOfPage":{"@id":"https:\/\/noticiasemdestaque.com\/cd\/?p=39877#primaryimage"},"image":{"@id":"https:\/\/noticiasemdestaque.com\/cd\/?p=39877#primaryimage"},"thumbnailUrl":"https:\/\/noticiasemdestaque.com\/cd\/wp-content\/uploads\/2022\/06\/fogueira4.webp","datePublished":"2022-06-13T18:12:02+00:00","breadcrumb":{"@id":"https:\/\/noticiasemdestaque.com\/cd\/?p=39877#breadcrumb"},"inLanguage":"pt-BR","potentialAction":[{"@type":"ReadAction","target":["https:\/\/noticiasemdestaque.com\/cd\/?p=39877"]}]},{"@type":"ImageObject","inLanguage":"pt-BR","@id":"https:\/\/noticiasemdestaque.com\/cd\/?p=39877#primaryimage","url":"https:\/\/noticiasemdestaque.com\/cd\/wp-content\/uploads\/2022\/06\/fogueira4.webp","contentUrl":"https:\/\/noticiasemdestaque.com\/cd\/wp-content\/uploads\/2022\/06\/fogueira4.webp","width":984,"height":554},{"@type":"BreadcrumbList","@id":"https:\/\/noticiasemdestaque.com\/cd\/?p=39877#breadcrumb","itemListElement":[{"@type":"ListItem","position":1,"name":"In\u00edcio","item":"https:\/\/noticiasemdestaque.com\/cd\/"},{"@type":"ListItem","position":2,"name":"Entenda lei que pro\u00edbe fogueiras em \u00e1reas urbanas na Para\u00edba"}]},{"@type":"WebSite","@id":"https:\/\/noticiasemdestaque.com\/cd\/#website","url":"https:\/\/noticiasemdestaque.com\/cd\/","name":"Not&iacute;cias em Destaque","description":"","publisher":{"@id":"https:\/\/noticiasemdestaque.com\/cd\/#organization"},"potentialAction":[{"@type":"SearchAction","target":{"@type":"EntryPoint","urlTemplate":"https:\/\/noticiasemdestaque.com\/cd\/?s={search_term_string}"},"query-input":{"@type":"PropertyValueSpecification","valueRequired":true,"valueName":"search_term_string"}}],"inLanguage":"pt-BR"},{"@type":"Organization","@id":"https:\/\/noticiasemdestaque.com\/cd\/#organization","name":"Not\u00edcias em Destaque","url":"https:\/\/noticiasemdestaque.com\/cd\/","logo":{"@type":"ImageObject","inLanguage":"pt-BR","@id":"https:\/\/noticiasemdestaque.com\/cd\/#\/schema\/logo\/image\/","url":"https:\/\/noticiasemdestaque.com\/cd\/wp-content\/uploads\/2022\/05\/imagem-base-noticiasemdestaque.png","contentUrl":"https:\/\/noticiasemdestaque.com\/cd\/wp-content\/uploads\/2022\/05\/imagem-base-noticiasemdestaque.png","width":1200,"height":630,"caption":"Not\u00edcias em Destaque"},"image":{"@id":"https:\/\/noticiasemdestaque.com\/cd\/#\/schema\/logo\/image\/"}},{"@type":"Person","@id":"https:\/\/noticiasemdestaque.com\/cd\/#\/schema\/person\/4a81fb71f77579d059c3045891fa1786","name":"Not\u00edcias em Destaque","url":"https:\/\/noticiasemdestaque.com\/cd\/?author=2"}]}},"jetpack_featured_media_url":"https:\/\/noticiasemdestaque.com\/cd\/wp-content\/uploads\/2022\/06\/fogueira4.webp","jetpack_sharing_enabled":true,"_links":{"self":[{"href":"https:\/\/noticiasemdestaque.com\/cd\/index.php?rest_route=\/wp\/v2\/posts\/39877","targetHints":{"allow":["GET"]}}],"collection":[{"href":"https:\/\/noticiasemdestaque.com\/cd\/index.php?rest_route=\/wp\/v2\/posts"}],"about":[{"href":"https:\/\/noticiasemdestaque.com\/cd\/index.php?rest_route=\/wp\/v2\/types\/post"}],"author":[{"embeddable":true,"href":"https:\/\/noticiasemdestaque.com\/cd\/index.php?rest_route=\/wp\/v2\/users\/2"}],"replies":[{"embeddable":true,"href":"https:\/\/noticiasemdestaque.com\/cd\/index.php?rest_route=%2Fwp%2Fv2%2Fcomments&post=39877"}],"version-history":[{"count":1,"href":"https:\/\/noticiasemdestaque.com\/cd\/index.php?rest_route=\/wp\/v2\/posts\/39877\/revisions"}],"predecessor-version":[{"id":39879,"href":"https:\/\/noticiasemdestaque.com\/cd\/index.php?rest_route=\/wp\/v2\/posts\/39877\/revisions\/39879"}],"wp:featuredmedia":[{"embeddable":true,"href":"https:\/\/noticiasemdestaque.com\/cd\/index.php?rest_route=\/wp\/v2\/media\/39878"}],"wp:attachment":[{"href":"https:\/\/noticiasemdestaque.com\/cd\/index.php?rest_route=%2Fwp%2Fv2%2Fmedia&parent=39877"}],"wp:term":[{"taxonomy":"category","embeddable":true,"href":"https:\/\/noticiasemdestaque.com\/cd\/index.php?rest_route=%2Fwp%2Fv2%2Fcategories&post=39877"},{"taxonomy":"post_tag","embeddable":true,"href":"https:\/\/noticiasemdestaque.com\/cd\/index.php?rest_route=%2Fwp%2Fv2%2Ftags&post=39877"}],"curies":[{"name":"wp","href":"https:\/\/api.w.org\/{rel}","templated":true}]}}