{"id":39874,"date":"2022-06-13T14:55:49","date_gmt":"2022-06-13T17:55:49","guid":{"rendered":"https:\/\/noticiasemdestaque.com\/cd\/?p=39874"},"modified":"2022-06-13T14:55:49","modified_gmt":"2022-06-13T17:55:49","slug":"enfermeira-e-morta-a-tiros-na-frente-de-casa-no-sertao-da-paraiba","status":"publish","type":"post","link":"https:\/\/noticiasemdestaque.com\/cd\/?p=39874","title":{"rendered":"Enfermeira \u00e9 morta a tiros na frente de casa, no Sert\u00e3o da Para\u00edba"},"content":{"rendered":"<div class=\"mc-column content-text active-extra-styles active-capital-letter\" data-block-type=\"unstyled\" data-block-weight=\"37\" data-block-id=\"1\">\n<p class=\"content-text__container theme-color-primary-first-letter\" data-track-category=\"Link no Texto\" data-track-links=\"\">Uma enfermeira foi morta a tiros na frente da pr\u00f3pria casa, no munic\u00edpio de Jeric\u00f3, Sert\u00e3o da Para\u00edba. Segundo a Pol\u00edcia Civil, o caso foi registrado na sexta-feira (10), e at\u00e9 o momento, nenhum suspeito foi localizado.<\/p>\n<\/div>\n<div class=\"wall protected-content\">\n<div class=\"mc-column content-text active-extra-styles \" data-block-type=\"unstyled\" data-block-weight=\"30\" data-block-id=\"2\">\n<p class=\"content-text__container \" data-track-category=\"Link no Texto\" data-track-links=\"\">A v\u00edtima foi identificada como J\u00e9ssica Mayara de Souza Diniz, de 27 anos. Ela era enfermeira e atuava no Servi\u00e7o de Atendimento M\u00f3vel de Urg\u00eancia (Samu), na regi\u00e3o de Jeric\u00f3.<\/p>\n<\/div>\n<div class=\"mc-column content-text active-extra-styles \" data-block-type=\"unstyled\" data-block-weight=\"41\" data-block-id=\"3\">\n<p class=\"content-text__container \" data-track-category=\"Link no Texto\" data-track-links=\"\">De acordo com a Pol\u00edcia Civil, a enfermeira foi morta a tiros quando estava na frente de casa, no bairro Jericozinho, no munic\u00edpio de Jeric\u00f3. O crime aconteceu por volta das 21h e foi registrado pela pol\u00edcia de\u00a0<a href=\"https:\/\/g1.globo.com\/pb\/paraiba\/cidade\/catole-do-rocha\/\">Catol\u00e9 do Rocha<\/a>.<\/p>\n<\/div>\n<div class=\"mc-column content-text active-extra-styles \" data-block-type=\"unstyled\" data-block-weight=\"22\" data-block-id=\"4\">\n<p class=\"content-text__container \" data-track-category=\"Link no Texto\" data-track-links=\"\">A principal suspeita da pol\u00edcia \u00e9 que o crime tenha rela\u00e7\u00e3o com o tr\u00e1fico de drogas na regi\u00e3o. Nenhum suspeito foi localizado.<\/p>\n<p style=\"text-align: right;\" data-track-category=\"Link no Texto\" data-track-links=\"\"><em>Fonte: <a href=\"https:\/\/g1.globo.com\">G1 PB<\/a><\/em><\/p>\n<\/div>\n<\/div>\n","protected":false},"excerpt":{"rendered":"<p>Uma enfermeira foi morta a tiros na frente da pr\u00f3pria casa, no munic\u00edpio de Jeric\u00f3, Sert\u00e3o da Para\u00edba. Segundo a Pol\u00edcia Civil, o caso foi registrado na sexta-feira (10), e at\u00e9 o momento, nenhum suspeito foi localizado. A v\u00edtima foi identificada como J\u00e9ssica Mayara de Souza Diniz, de 27 anos. Ela era enfermeira e atuava no Servi\u00e7o de Atendimento M\u00f3vel de Urg\u00eancia (Samu), na regi\u00e3o de Jeric\u00f3. De acordo com a Pol\u00edcia Civil, a enfermeira foi morta a tiros quando estava na frente de casa, no bairro Jericozinho, no munic\u00edpio de Jeric\u00f3. O crime aconteceu por volta das 21h e foi registrado pela pol\u00edcia de\u00a0Catol\u00e9 do Rocha. A principal suspeita da pol\u00edcia \u00e9 que o crime tenha rela\u00e7\u00e3o com o tr\u00e1fico de drogas na regi\u00e3o. Nenhum suspeito foi localizado. Fonte: G1 PB<\/p>\n","protected":false},"author":2,"featured_media":39875,"comment_status":"closed","ping_status":"open","sticky":false,"template":"","format":"standard","meta":{"_eb_attr":"","_jetpack_memberships_contains_paid_content":false,"footnotes":""},"categories":[20],"tags":[],"class_list":["post-39874","post","type-post","status-publish","format-standard","has-post-thumbnail","hentry","category-policia"],"yoast_head":"<!-- This site is optimized with the Yoast SEO plugin v26.5 - https:\/\/yoast.com\/wordpress\/plugins\/seo\/ -->\n<title>Enfermeira \u00e9 morta a tiros na frente de casa, no Sert\u00e3o da Para\u00edba - Not&iacute;cias em Destaque<\/title>\n<meta name=\"robots\" content=\"index, follow, max-snippet:-1, max-image-preview:large, max-video-preview:-1\" \/>\n<link rel=\"canonical\" href=\"https:\/\/noticiasemdestaque.com\/cd\/?p=39874\" \/>\n<meta property=\"og:locale\" content=\"pt_BR\" \/>\n<meta property=\"og:type\" content=\"article\" \/>\n<meta property=\"og:title\" content=\"Enfermeira \u00e9 morta a tiros na frente de casa, no Sert\u00e3o da Para\u00edba - Not&iacute;cias em Destaque\" \/>\n<meta property=\"og:description\" content=\"Uma enfermeira foi morta a tiros na frente da pr\u00f3pria casa, no munic\u00edpio de Jeric\u00f3, Sert\u00e3o da Para\u00edba. Segundo a Pol\u00edcia Civil, o caso foi registrado na sexta-feira (10), e at\u00e9 o momento, nenhum suspeito foi localizado. A v\u00edtima foi identificada como J\u00e9ssica Mayara de Souza Diniz, de 27 anos. Ela era enfermeira e atuava no Servi\u00e7o de Atendimento M\u00f3vel de Urg\u00eancia (Samu), na regi\u00e3o de Jeric\u00f3. De acordo com a Pol\u00edcia Civil, a enfermeira foi morta a tiros quando estava na frente de casa, no bairro Jericozinho, no munic\u00edpio de Jeric\u00f3. O crime aconteceu por volta das 21h e foi registrado pela pol\u00edcia de\u00a0Catol\u00e9 do Rocha. A principal suspeita da pol\u00edcia \u00e9 que o crime tenha rela\u00e7\u00e3o com o tr\u00e1fico de drogas na regi\u00e3o. Nenhum suspeito foi localizado. Fonte: G1 PB\" \/>\n<meta property=\"og:url\" content=\"https:\/\/noticiasemdestaque.com\/cd\/?p=39874\" \/>\n<meta property=\"og:site_name\" content=\"Not&iacute;cias em Destaque\" \/>\n<meta property=\"article:published_time\" content=\"2022-06-13T17:55:49+00:00\" \/>\n<meta property=\"og:image\" content=\"https:\/\/noticiasemdestaque.com\/cd\/wp-content\/uploads\/2022\/06\/enfermeira-morta.jpg\" \/>\n\t<meta property=\"og:image:width\" content=\"606\" \/>\n\t<meta property=\"og:image:height\" content=\"486\" \/>\n\t<meta property=\"og:image:type\" content=\"image\/jpeg\" \/>\n<meta name=\"author\" content=\"Not\u00edcias em Destaque\" \/>\n<meta name=\"twitter:card\" content=\"summary_large_image\" \/>\n<meta name=\"twitter:label1\" content=\"Escrito por\" \/>\n\t<meta name=\"twitter:data1\" content=\"Not\u00edcias em Destaque\" \/>\n\t<meta name=\"twitter:label2\" content=\"Est. tempo de leitura\" \/>\n\t<meta name=\"twitter:data2\" content=\"1 minuto\" \/>\n<script type=\"application\/ld+json\" class=\"yoast-schema-graph\">{\"@context\":\"https:\/\/schema.org\",\"@graph\":[{\"@type\":\"Article\",\"@id\":\"https:\/\/noticiasemdestaque.com\/cd\/?p=39874#article\",\"isPartOf\":{\"@id\":\"https:\/\/noticiasemdestaque.com\/cd\/?p=39874\"},\"author\":{\"name\":\"Not\u00edcias em Destaque\",\"@id\":\"https:\/\/noticiasemdestaque.com\/cd\/#\/schema\/person\/4a81fb71f77579d059c3045891fa1786\"},\"headline\":\"Enfermeira \u00e9 morta a tiros na frente de casa, no Sert\u00e3o da Para\u00edba\",\"datePublished\":\"2022-06-13T17:55:49+00:00\",\"mainEntityOfPage\":{\"@id\":\"https:\/\/noticiasemdestaque.com\/cd\/?p=39874\"},\"wordCount\":162,\"publisher\":{\"@id\":\"https:\/\/noticiasemdestaque.com\/cd\/#organization\"},\"image\":{\"@id\":\"https:\/\/noticiasemdestaque.com\/cd\/?p=39874#primaryimage\"},\"thumbnailUrl\":\"https:\/\/noticiasemdestaque.com\/cd\/wp-content\/uploads\/2022\/06\/enfermeira-morta.jpg\",\"articleSection\":[\"Pol\u00edcia\"],\"inLanguage\":\"pt-BR\"},{\"@type\":\"WebPage\",\"@id\":\"https:\/\/noticiasemdestaque.com\/cd\/?p=39874\",\"url\":\"https:\/\/noticiasemdestaque.com\/cd\/?p=39874\",\"name\":\"Enfermeira \u00e9 morta a tiros na frente de casa, no Sert\u00e3o da Para\u00edba - Not&iacute;cias em Destaque\",\"isPartOf\":{\"@id\":\"https:\/\/noticiasemdestaque.com\/cd\/#website\"},\"primaryImageOfPage\":{\"@id\":\"https:\/\/noticiasemdestaque.com\/cd\/?p=39874#primaryimage\"},\"image\":{\"@id\":\"https:\/\/noticiasemdestaque.com\/cd\/?p=39874#primaryimage\"},\"thumbnailUrl\":\"https:\/\/noticiasemdestaque.com\/cd\/wp-content\/uploads\/2022\/06\/enfermeira-morta.jpg\",\"datePublished\":\"2022-06-13T17:55:49+00:00\",\"breadcrumb\":{\"@id\":\"https:\/\/noticiasemdestaque.com\/cd\/?p=39874#breadcrumb\"},\"inLanguage\":\"pt-BR\",\"potentialAction\":[{\"@type\":\"ReadAction\",\"target\":[\"https:\/\/noticiasemdestaque.com\/cd\/?p=39874\"]}]},{\"@type\":\"ImageObject\",\"inLanguage\":\"pt-BR\",\"@id\":\"https:\/\/noticiasemdestaque.com\/cd\/?p=39874#primaryimage\",\"url\":\"https:\/\/noticiasemdestaque.com\/cd\/wp-content\/uploads\/2022\/06\/enfermeira-morta.jpg\",\"contentUrl\":\"https:\/\/noticiasemdestaque.com\/cd\/wp-content\/uploads\/2022\/06\/enfermeira-morta.jpg\",\"width\":606,\"height\":486},{\"@type\":\"BreadcrumbList\",\"@id\":\"https:\/\/noticiasemdestaque.com\/cd\/?p=39874#breadcrumb\",\"itemListElement\":[{\"@type\":\"ListItem\",\"position\":1,\"name\":\"In\u00edcio\",\"item\":\"https:\/\/noticiasemdestaque.com\/cd\/\"},{\"@type\":\"ListItem\",\"position\":2,\"name\":\"Enfermeira \u00e9 morta a tiros na frente de casa, no Sert\u00e3o da Para\u00edba\"}]},{\"@type\":\"WebSite\",\"@id\":\"https:\/\/noticiasemdestaque.com\/cd\/#website\",\"url\":\"https:\/\/noticiasemdestaque.com\/cd\/\",\"name\":\"Not&iacute;cias em Destaque\",\"description\":\"\",\"publisher\":{\"@id\":\"https:\/\/noticiasemdestaque.com\/cd\/#organization\"},\"potentialAction\":[{\"@type\":\"SearchAction\",\"target\":{\"@type\":\"EntryPoint\",\"urlTemplate\":\"https:\/\/noticiasemdestaque.com\/cd\/?s={search_term_string}\"},\"query-input\":{\"@type\":\"PropertyValueSpecification\",\"valueRequired\":true,\"valueName\":\"search_term_string\"}}],\"inLanguage\":\"pt-BR\"},{\"@type\":\"Organization\",\"@id\":\"https:\/\/noticiasemdestaque.com\/cd\/#organization\",\"name\":\"Not\u00edcias em Destaque\",\"url\":\"https:\/\/noticiasemdestaque.com\/cd\/\",\"logo\":{\"@type\":\"ImageObject\",\"inLanguage\":\"pt-BR\",\"@id\":\"https:\/\/noticiasemdestaque.com\/cd\/#\/schema\/logo\/image\/\",\"url\":\"https:\/\/noticiasemdestaque.com\/cd\/wp-content\/uploads\/2022\/05\/imagem-base-noticiasemdestaque.png\",\"contentUrl\":\"https:\/\/noticiasemdestaque.com\/cd\/wp-content\/uploads\/2022\/05\/imagem-base-noticiasemdestaque.png\",\"width\":1200,\"height\":630,\"caption\":\"Not\u00edcias em Destaque\"},\"image\":{\"@id\":\"https:\/\/noticiasemdestaque.com\/cd\/#\/schema\/logo\/image\/\"}},{\"@type\":\"Person\",\"@id\":\"https:\/\/noticiasemdestaque.com\/cd\/#\/schema\/person\/4a81fb71f77579d059c3045891fa1786\",\"name\":\"Not\u00edcias em Destaque\",\"url\":\"https:\/\/noticiasemdestaque.com\/cd\/?author=2\"}]}<\/script>\n<!-- \/ Yoast SEO plugin. -->","yoast_head_json":{"title":"Enfermeira \u00e9 morta a tiros na frente de casa, no Sert\u00e3o da Para\u00edba - Not&iacute;cias em Destaque","robots":{"index":"index","follow":"follow","max-snippet":"max-snippet:-1","max-image-preview":"max-image-preview:large","max-video-preview":"max-video-preview:-1"},"canonical":"https:\/\/noticiasemdestaque.com\/cd\/?p=39874","og_locale":"pt_BR","og_type":"article","og_title":"Enfermeira \u00e9 morta a tiros na frente de casa, no Sert\u00e3o da Para\u00edba - Not&iacute;cias em Destaque","og_description":"Uma enfermeira foi morta a tiros na frente da pr\u00f3pria casa, no munic\u00edpio de Jeric\u00f3, Sert\u00e3o da Para\u00edba. Segundo a Pol\u00edcia Civil, o caso foi registrado na sexta-feira (10), e at\u00e9 o momento, nenhum suspeito foi localizado. A v\u00edtima foi identificada como J\u00e9ssica Mayara de Souza Diniz, de 27 anos. Ela era enfermeira e atuava no Servi\u00e7o de Atendimento M\u00f3vel de Urg\u00eancia (Samu), na regi\u00e3o de Jeric\u00f3. De acordo com a Pol\u00edcia Civil, a enfermeira foi morta a tiros quando estava na frente de casa, no bairro Jericozinho, no munic\u00edpio de Jeric\u00f3. O crime aconteceu por volta das 21h e foi registrado pela pol\u00edcia de\u00a0Catol\u00e9 do Rocha. A principal suspeita da pol\u00edcia \u00e9 que o crime tenha rela\u00e7\u00e3o com o tr\u00e1fico de drogas na regi\u00e3o. Nenhum suspeito foi localizado. Fonte: G1 PB","og_url":"https:\/\/noticiasemdestaque.com\/cd\/?p=39874","og_site_name":"Not&iacute;cias em Destaque","article_published_time":"2022-06-13T17:55:49+00:00","og_image":[{"width":606,"height":486,"url":"https:\/\/noticiasemdestaque.com\/cd\/wp-content\/uploads\/2022\/06\/enfermeira-morta.jpg","type":"image\/jpeg"}],"author":"Not\u00edcias em Destaque","twitter_card":"summary_large_image","twitter_misc":{"Escrito por":"Not\u00edcias em Destaque","Est. tempo de leitura":"1 minuto"},"schema":{"@context":"https:\/\/schema.org","@graph":[{"@type":"Article","@id":"https:\/\/noticiasemdestaque.com\/cd\/?p=39874#article","isPartOf":{"@id":"https:\/\/noticiasemdestaque.com\/cd\/?p=39874"},"author":{"name":"Not\u00edcias em Destaque","@id":"https:\/\/noticiasemdestaque.com\/cd\/#\/schema\/person\/4a81fb71f77579d059c3045891fa1786"},"headline":"Enfermeira \u00e9 morta a tiros na frente de casa, no Sert\u00e3o da Para\u00edba","datePublished":"2022-06-13T17:55:49+00:00","mainEntityOfPage":{"@id":"https:\/\/noticiasemdestaque.com\/cd\/?p=39874"},"wordCount":162,"publisher":{"@id":"https:\/\/noticiasemdestaque.com\/cd\/#organization"},"image":{"@id":"https:\/\/noticiasemdestaque.com\/cd\/?p=39874#primaryimage"},"thumbnailUrl":"https:\/\/noticiasemdestaque.com\/cd\/wp-content\/uploads\/2022\/06\/enfermeira-morta.jpg","articleSection":["Pol\u00edcia"],"inLanguage":"pt-BR"},{"@type":"WebPage","@id":"https:\/\/noticiasemdestaque.com\/cd\/?p=39874","url":"https:\/\/noticiasemdestaque.com\/cd\/?p=39874","name":"Enfermeira \u00e9 morta a tiros na frente de casa, no Sert\u00e3o da Para\u00edba - Not&iacute;cias em Destaque","isPartOf":{"@id":"https:\/\/noticiasemdestaque.com\/cd\/#website"},"primaryImageOfPage":{"@id":"https:\/\/noticiasemdestaque.com\/cd\/?p=39874#primaryimage"},"image":{"@id":"https:\/\/noticiasemdestaque.com\/cd\/?p=39874#primaryimage"},"thumbnailUrl":"https:\/\/noticiasemdestaque.com\/cd\/wp-content\/uploads\/2022\/06\/enfermeira-morta.jpg","datePublished":"2022-06-13T17:55:49+00:00","breadcrumb":{"@id":"https:\/\/noticiasemdestaque.com\/cd\/?p=39874#breadcrumb"},"inLanguage":"pt-BR","potentialAction":[{"@type":"ReadAction","target":["https:\/\/noticiasemdestaque.com\/cd\/?p=39874"]}]},{"@type":"ImageObject","inLanguage":"pt-BR","@id":"https:\/\/noticiasemdestaque.com\/cd\/?p=39874#primaryimage","url":"https:\/\/noticiasemdestaque.com\/cd\/wp-content\/uploads\/2022\/06\/enfermeira-morta.jpg","contentUrl":"https:\/\/noticiasemdestaque.com\/cd\/wp-content\/uploads\/2022\/06\/enfermeira-morta.jpg","width":606,"height":486},{"@type":"BreadcrumbList","@id":"https:\/\/noticiasemdestaque.com\/cd\/?p=39874#breadcrumb","itemListElement":[{"@type":"ListItem","position":1,"name":"In\u00edcio","item":"https:\/\/noticiasemdestaque.com\/cd\/"},{"@type":"ListItem","position":2,"name":"Enfermeira \u00e9 morta a tiros na frente de casa, no Sert\u00e3o da Para\u00edba"}]},{"@type":"WebSite","@id":"https:\/\/noticiasemdestaque.com\/cd\/#website","url":"https:\/\/noticiasemdestaque.com\/cd\/","name":"Not&iacute;cias em Destaque","description":"","publisher":{"@id":"https:\/\/noticiasemdestaque.com\/cd\/#organization"},"potentialAction":[{"@type":"SearchAction","target":{"@type":"EntryPoint","urlTemplate":"https:\/\/noticiasemdestaque.com\/cd\/?s={search_term_string}"},"query-input":{"@type":"PropertyValueSpecification","valueRequired":true,"valueName":"search_term_string"}}],"inLanguage":"pt-BR"},{"@type":"Organization","@id":"https:\/\/noticiasemdestaque.com\/cd\/#organization","name":"Not\u00edcias em Destaque","url":"https:\/\/noticiasemdestaque.com\/cd\/","logo":{"@type":"ImageObject","inLanguage":"pt-BR","@id":"https:\/\/noticiasemdestaque.com\/cd\/#\/schema\/logo\/image\/","url":"https:\/\/noticiasemdestaque.com\/cd\/wp-content\/uploads\/2022\/05\/imagem-base-noticiasemdestaque.png","contentUrl":"https:\/\/noticiasemdestaque.com\/cd\/wp-content\/uploads\/2022\/05\/imagem-base-noticiasemdestaque.png","width":1200,"height":630,"caption":"Not\u00edcias em Destaque"},"image":{"@id":"https:\/\/noticiasemdestaque.com\/cd\/#\/schema\/logo\/image\/"}},{"@type":"Person","@id":"https:\/\/noticiasemdestaque.com\/cd\/#\/schema\/person\/4a81fb71f77579d059c3045891fa1786","name":"Not\u00edcias em Destaque","url":"https:\/\/noticiasemdestaque.com\/cd\/?author=2"}]}},"jetpack_featured_media_url":"https:\/\/noticiasemdestaque.com\/cd\/wp-content\/uploads\/2022\/06\/enfermeira-morta.jpg","jetpack_sharing_enabled":true,"_links":{"self":[{"href":"https:\/\/noticiasemdestaque.com\/cd\/index.php?rest_route=\/wp\/v2\/posts\/39874","targetHints":{"allow":["GET"]}}],"collection":[{"href":"https:\/\/noticiasemdestaque.com\/cd\/index.php?rest_route=\/wp\/v2\/posts"}],"about":[{"href":"https:\/\/noticiasemdestaque.com\/cd\/index.php?rest_route=\/wp\/v2\/types\/post"}],"author":[{"embeddable":true,"href":"https:\/\/noticiasemdestaque.com\/cd\/index.php?rest_route=\/wp\/v2\/users\/2"}],"replies":[{"embeddable":true,"href":"https:\/\/noticiasemdestaque.com\/cd\/index.php?rest_route=%2Fwp%2Fv2%2Fcomments&post=39874"}],"version-history":[{"count":1,"href":"https:\/\/noticiasemdestaque.com\/cd\/index.php?rest_route=\/wp\/v2\/posts\/39874\/revisions"}],"predecessor-version":[{"id":39876,"href":"https:\/\/noticiasemdestaque.com\/cd\/index.php?rest_route=\/wp\/v2\/posts\/39874\/revisions\/39876"}],"wp:featuredmedia":[{"embeddable":true,"href":"https:\/\/noticiasemdestaque.com\/cd\/index.php?rest_route=\/wp\/v2\/media\/39875"}],"wp:attachment":[{"href":"https:\/\/noticiasemdestaque.com\/cd\/index.php?rest_route=%2Fwp%2Fv2%2Fmedia&parent=39874"}],"wp:term":[{"taxonomy":"category","embeddable":true,"href":"https:\/\/noticiasemdestaque.com\/cd\/index.php?rest_route=%2Fwp%2Fv2%2Fcategories&post=39874"},{"taxonomy":"post_tag","embeddable":true,"href":"https:\/\/noticiasemdestaque.com\/cd\/index.php?rest_route=%2Fwp%2Fv2%2Ftags&post=39874"}],"curies":[{"name":"wp","href":"https:\/\/api.w.org\/{rel}","templated":true}]}}