{"id":39763,"date":"2022-06-09T09:38:27","date_gmt":"2022-06-09T12:38:27","guid":{"rendered":"https:\/\/noticiasemdestaque.com\/cd\/?p=39763"},"modified":"2022-06-09T09:38:27","modified_gmt":"2022-06-09T12:38:27","slug":"pequenos-negocios-geraram-76-das-vagas-de-emprego-em-2022","status":"publish","type":"post","link":"https:\/\/noticiasemdestaque.com\/cd\/?p=39763","title":{"rendered":"Pequenos neg\u00f3cios geraram 76% das vagas de emprego em 2022"},"content":{"rendered":"<p data-fetch=\"true\">As micro e pequenas empresas (MPE) est\u00e3o puxando a cria\u00e7\u00e3o de empregos formais em 2022. Dos 700,59 mil postos de trabalho formais criados no Brasil\u00a0de janeiro\u00a0a abril, 585,56 mil, o equivalente a 76% do total, originaram-se\u00a0de\u00a0pequenos neg\u00f3cios.<img decoding=\"async\" src=\"https:\/\/agenciabrasil.ebc.com.br\/ebc.png?id=1464736&amp;o=node\" \/><img decoding=\"async\" src=\"https:\/\/agenciabrasil.ebc.com.br\/ebc.gif?id=1464736&amp;o=node\" \/><\/p>\n<p>A conclus\u00e3o consta de levantamento do Servi\u00e7o Brasileiro de Apoio \u00e0s Micro e Pequenas Empresas (Sebrae), com base em dados do Cadastro Geral de Empregados e Desempregados (Caged) do Minist\u00e9rio da Economia. As MPE abriram 470,52 mil vagas a mais que as m\u00e9dias e grande empresas nos quatro primeiros meses de 2022.<\/p>\n<p>Apenas em abril, os neg\u00f3cios de menor porte foram respons\u00e1veis pela abertura de 84% das vagas formais no m\u00eas, com 166,8 mil de um total de 196,9 mil postos de trabalho criados no m\u00eas passado. Na divis\u00e3o por setores da economia, somente os pequenos neg\u00f3cios apresentaram saldo positivo na cria\u00e7\u00e3o de empregos em todos os segmentos.<\/p>\n<p>O setor com mais destaque \u00e9 o de\u00a0servi\u00e7os, com a abertura de 93,4 vagas em micro e pequenas empresas, de um total de 117 mil postos apurados pelo Caged. De acordo com o Sebrae, a reabertura da economia, ap\u00f3s a vacina\u00e7\u00e3o contra a covid-19, tem impulsionado a recupera\u00e7\u00e3o do segmento.<\/p>\n<p>O segundo setor que liderou a cria\u00e7\u00e3o de postos de trabalho em setembro foi o com\u00e9rcio, com 28,42 mil vagas em micro e pequenas empresas, de um total de 29,26 mil. Em terceiro lugar, vem a ind\u00fastria, com 25,26 mil empregos gerados, contra um total de 26,37 mil.<\/p>\n<p style=\"text-align: right;\"><em>Com <a href=\"https:\/\/agenciabrasil.ebc.com.br\">Agencia Brasil<\/a><\/em><\/p>\n","protected":false},"excerpt":{"rendered":"<p>As micro e pequenas empresas (MPE) est\u00e3o puxando a cria\u00e7\u00e3o de empregos formais em 2022. Dos 700,59 mil postos de trabalho formais criados no Brasil\u00a0de janeiro\u00a0a abril, 585,56 mil, o equivalente a 76% do total, originaram-se\u00a0de\u00a0pequenos neg\u00f3cios. A conclus\u00e3o consta de levantamento do Servi\u00e7o Brasileiro de Apoio \u00e0s Micro e Pequenas Empresas (Sebrae), com base em dados do Cadastro Geral de Empregados e Desempregados (Caged) do Minist\u00e9rio da Economia. As MPE abriram 470,52 mil vagas a mais que as m\u00e9dias e grande empresas nos quatro primeiros meses de 2022. Apenas em abril, os neg\u00f3cios de menor porte foram respons\u00e1veis pela abertura de 84% das vagas formais no m\u00eas, com 166,8 mil de um total de 196,9 mil postos de trabalho criados no m\u00eas passado. Na divis\u00e3o por setores da economia, somente os pequenos neg\u00f3cios apresentaram saldo positivo na cria\u00e7\u00e3o de empregos em todos os segmentos. O setor com mais destaque \u00e9 o de\u00a0servi\u00e7os, com a abertura de 93,4 vagas em micro e pequenas empresas, de um total de 117 mil postos apurados pelo Caged. De acordo com o Sebrae, a reabertura da economia, ap\u00f3s a vacina\u00e7\u00e3o contra a covid-19, tem impulsionado a recupera\u00e7\u00e3o do segmento. O segundo setor que liderou a cria\u00e7\u00e3o de postos de trabalho em setembro foi o com\u00e9rcio, com 28,42 mil vagas em micro e pequenas empresas, de um total de 29,26 mil. Em terceiro lugar, vem a ind\u00fastria, com 25,26 mil empregos gerados, contra um total de 26,37 mil. Com Agencia Brasil<\/p>\n","protected":false},"author":2,"featured_media":39764,"comment_status":"closed","ping_status":"open","sticky":false,"template":"","format":"standard","meta":{"_eb_attr":"","_jetpack_memberships_contains_paid_content":false,"footnotes":""},"categories":[12],"tags":[],"class_list":["post-39763","post","type-post","status-publish","format-standard","has-post-thumbnail","hentry","category-geral"],"yoast_head":"<!-- This site is optimized with the Yoast SEO plugin v26.5 - https:\/\/yoast.com\/wordpress\/plugins\/seo\/ -->\n<title>Pequenos neg\u00f3cios geraram 76% das vagas de emprego em 2022 - Not&iacute;cias em Destaque<\/title>\n<meta name=\"robots\" content=\"index, follow, max-snippet:-1, max-image-preview:large, max-video-preview:-1\" \/>\n<link rel=\"canonical\" href=\"https:\/\/noticiasemdestaque.com\/cd\/?p=39763\" \/>\n<meta property=\"og:locale\" content=\"pt_BR\" \/>\n<meta property=\"og:type\" content=\"article\" \/>\n<meta property=\"og:title\" content=\"Pequenos neg\u00f3cios geraram 76% das vagas de emprego em 2022 - Not&iacute;cias em Destaque\" \/>\n<meta property=\"og:description\" content=\"As micro e pequenas empresas (MPE) est\u00e3o puxando a cria\u00e7\u00e3o de empregos formais em 2022. Dos 700,59 mil postos de trabalho formais criados no Brasil\u00a0de janeiro\u00a0a abril, 585,56 mil, o equivalente a 76% do total, originaram-se\u00a0de\u00a0pequenos neg\u00f3cios. A conclus\u00e3o consta de levantamento do Servi\u00e7o Brasileiro de Apoio \u00e0s Micro e Pequenas Empresas (Sebrae), com base em dados do Cadastro Geral de Empregados e Desempregados (Caged) do Minist\u00e9rio da Economia. As MPE abriram 470,52 mil vagas a mais que as m\u00e9dias e grande empresas nos quatro primeiros meses de 2022. Apenas em abril, os neg\u00f3cios de menor porte foram respons\u00e1veis pela abertura de 84% das vagas formais no m\u00eas, com 166,8 mil de um total de 196,9 mil postos de trabalho criados no m\u00eas passado. Na divis\u00e3o por setores da economia, somente os pequenos neg\u00f3cios apresentaram saldo positivo na cria\u00e7\u00e3o de empregos em todos os segmentos. O setor com mais destaque \u00e9 o de\u00a0servi\u00e7os, com a abertura de 93,4 vagas em micro e pequenas empresas, de um total de 117 mil postos apurados pelo Caged. De acordo com o Sebrae, a reabertura da economia, ap\u00f3s a vacina\u00e7\u00e3o contra a covid-19, tem impulsionado a recupera\u00e7\u00e3o do segmento. O segundo setor que liderou a cria\u00e7\u00e3o de postos de trabalho em setembro foi o com\u00e9rcio, com 28,42 mil vagas em micro e pequenas empresas, de um total de 29,26 mil. Em terceiro lugar, vem a ind\u00fastria, com 25,26 mil empregos gerados, contra um total de 26,37 mil. Com Agencia Brasil\" \/>\n<meta property=\"og:url\" content=\"https:\/\/noticiasemdestaque.com\/cd\/?p=39763\" \/>\n<meta property=\"og:site_name\" content=\"Not&iacute;cias em Destaque\" \/>\n<meta property=\"article:published_time\" content=\"2022-06-09T12:38:27+00:00\" \/>\n<meta property=\"og:image\" content=\"https:\/\/noticiasemdestaque.com\/cd\/wp-content\/uploads\/2022\/06\/pequena-empresa-740x414-1.jpg\" \/>\n\t<meta property=\"og:image:width\" content=\"740\" \/>\n\t<meta property=\"og:image:height\" content=\"414\" \/>\n\t<meta property=\"og:image:type\" content=\"image\/jpeg\" \/>\n<meta name=\"author\" content=\"Not\u00edcias em Destaque\" \/>\n<meta name=\"twitter:card\" content=\"summary_large_image\" \/>\n<meta name=\"twitter:label1\" content=\"Escrito por\" \/>\n\t<meta name=\"twitter:data1\" content=\"Not\u00edcias em Destaque\" \/>\n\t<meta name=\"twitter:label2\" content=\"Est. tempo de leitura\" \/>\n\t<meta name=\"twitter:data2\" content=\"2 minutos\" \/>\n<script type=\"application\/ld+json\" class=\"yoast-schema-graph\">{\"@context\":\"https:\/\/schema.org\",\"@graph\":[{\"@type\":\"Article\",\"@id\":\"https:\/\/noticiasemdestaque.com\/cd\/?p=39763#article\",\"isPartOf\":{\"@id\":\"https:\/\/noticiasemdestaque.com\/cd\/?p=39763\"},\"author\":{\"name\":\"Not\u00edcias em Destaque\",\"@id\":\"https:\/\/noticiasemdestaque.com\/cd\/#\/schema\/person\/4a81fb71f77579d059c3045891fa1786\"},\"headline\":\"Pequenos neg\u00f3cios geraram 76% das vagas de emprego em 2022\",\"datePublished\":\"2022-06-09T12:38:27+00:00\",\"mainEntityOfPage\":{\"@id\":\"https:\/\/noticiasemdestaque.com\/cd\/?p=39763\"},\"wordCount\":265,\"publisher\":{\"@id\":\"https:\/\/noticiasemdestaque.com\/cd\/#organization\"},\"image\":{\"@id\":\"https:\/\/noticiasemdestaque.com\/cd\/?p=39763#primaryimage\"},\"thumbnailUrl\":\"https:\/\/noticiasemdestaque.com\/cd\/wp-content\/uploads\/2022\/06\/pequena-empresa-740x414-1.jpg\",\"articleSection\":[\"Geral\"],\"inLanguage\":\"pt-BR\"},{\"@type\":\"WebPage\",\"@id\":\"https:\/\/noticiasemdestaque.com\/cd\/?p=39763\",\"url\":\"https:\/\/noticiasemdestaque.com\/cd\/?p=39763\",\"name\":\"Pequenos neg\u00f3cios geraram 76% das vagas de emprego em 2022 - Not&iacute;cias em Destaque\",\"isPartOf\":{\"@id\":\"https:\/\/noticiasemdestaque.com\/cd\/#website\"},\"primaryImageOfPage\":{\"@id\":\"https:\/\/noticiasemdestaque.com\/cd\/?p=39763#primaryimage\"},\"image\":{\"@id\":\"https:\/\/noticiasemdestaque.com\/cd\/?p=39763#primaryimage\"},\"thumbnailUrl\":\"https:\/\/noticiasemdestaque.com\/cd\/wp-content\/uploads\/2022\/06\/pequena-empresa-740x414-1.jpg\",\"datePublished\":\"2022-06-09T12:38:27+00:00\",\"breadcrumb\":{\"@id\":\"https:\/\/noticiasemdestaque.com\/cd\/?p=39763#breadcrumb\"},\"inLanguage\":\"pt-BR\",\"potentialAction\":[{\"@type\":\"ReadAction\",\"target\":[\"https:\/\/noticiasemdestaque.com\/cd\/?p=39763\"]}]},{\"@type\":\"ImageObject\",\"inLanguage\":\"pt-BR\",\"@id\":\"https:\/\/noticiasemdestaque.com\/cd\/?p=39763#primaryimage\",\"url\":\"https:\/\/noticiasemdestaque.com\/cd\/wp-content\/uploads\/2022\/06\/pequena-empresa-740x414-1.jpg\",\"contentUrl\":\"https:\/\/noticiasemdestaque.com\/cd\/wp-content\/uploads\/2022\/06\/pequena-empresa-740x414-1.jpg\",\"width\":740,\"height\":414},{\"@type\":\"BreadcrumbList\",\"@id\":\"https:\/\/noticiasemdestaque.com\/cd\/?p=39763#breadcrumb\",\"itemListElement\":[{\"@type\":\"ListItem\",\"position\":1,\"name\":\"In\u00edcio\",\"item\":\"https:\/\/noticiasemdestaque.com\/cd\/\"},{\"@type\":\"ListItem\",\"position\":2,\"name\":\"Pequenos neg\u00f3cios geraram 76% das vagas de emprego em 2022\"}]},{\"@type\":\"WebSite\",\"@id\":\"https:\/\/noticiasemdestaque.com\/cd\/#website\",\"url\":\"https:\/\/noticiasemdestaque.com\/cd\/\",\"name\":\"Not&iacute;cias em Destaque\",\"description\":\"\",\"publisher\":{\"@id\":\"https:\/\/noticiasemdestaque.com\/cd\/#organization\"},\"potentialAction\":[{\"@type\":\"SearchAction\",\"target\":{\"@type\":\"EntryPoint\",\"urlTemplate\":\"https:\/\/noticiasemdestaque.com\/cd\/?s={search_term_string}\"},\"query-input\":{\"@type\":\"PropertyValueSpecification\",\"valueRequired\":true,\"valueName\":\"search_term_string\"}}],\"inLanguage\":\"pt-BR\"},{\"@type\":\"Organization\",\"@id\":\"https:\/\/noticiasemdestaque.com\/cd\/#organization\",\"name\":\"Not\u00edcias em Destaque\",\"url\":\"https:\/\/noticiasemdestaque.com\/cd\/\",\"logo\":{\"@type\":\"ImageObject\",\"inLanguage\":\"pt-BR\",\"@id\":\"https:\/\/noticiasemdestaque.com\/cd\/#\/schema\/logo\/image\/\",\"url\":\"https:\/\/noticiasemdestaque.com\/cd\/wp-content\/uploads\/2022\/05\/imagem-base-noticiasemdestaque.png\",\"contentUrl\":\"https:\/\/noticiasemdestaque.com\/cd\/wp-content\/uploads\/2022\/05\/imagem-base-noticiasemdestaque.png\",\"width\":1200,\"height\":630,\"caption\":\"Not\u00edcias em Destaque\"},\"image\":{\"@id\":\"https:\/\/noticiasemdestaque.com\/cd\/#\/schema\/logo\/image\/\"}},{\"@type\":\"Person\",\"@id\":\"https:\/\/noticiasemdestaque.com\/cd\/#\/schema\/person\/4a81fb71f77579d059c3045891fa1786\",\"name\":\"Not\u00edcias em Destaque\",\"url\":\"https:\/\/noticiasemdestaque.com\/cd\/?author=2\"}]}<\/script>\n<!-- \/ Yoast SEO plugin. -->","yoast_head_json":{"title":"Pequenos neg\u00f3cios geraram 76% das vagas de emprego em 2022 - Not&iacute;cias em Destaque","robots":{"index":"index","follow":"follow","max-snippet":"max-snippet:-1","max-image-preview":"max-image-preview:large","max-video-preview":"max-video-preview:-1"},"canonical":"https:\/\/noticiasemdestaque.com\/cd\/?p=39763","og_locale":"pt_BR","og_type":"article","og_title":"Pequenos neg\u00f3cios geraram 76% das vagas de emprego em 2022 - Not&iacute;cias em Destaque","og_description":"As micro e pequenas empresas (MPE) est\u00e3o puxando a cria\u00e7\u00e3o de empregos formais em 2022. Dos 700,59 mil postos de trabalho formais criados no Brasil\u00a0de janeiro\u00a0a abril, 585,56 mil, o equivalente a 76% do total, originaram-se\u00a0de\u00a0pequenos neg\u00f3cios. A conclus\u00e3o consta de levantamento do Servi\u00e7o Brasileiro de Apoio \u00e0s Micro e Pequenas Empresas (Sebrae), com base em dados do Cadastro Geral de Empregados e Desempregados (Caged) do Minist\u00e9rio da Economia. As MPE abriram 470,52 mil vagas a mais que as m\u00e9dias e grande empresas nos quatro primeiros meses de 2022. Apenas em abril, os neg\u00f3cios de menor porte foram respons\u00e1veis pela abertura de 84% das vagas formais no m\u00eas, com 166,8 mil de um total de 196,9 mil postos de trabalho criados no m\u00eas passado. Na divis\u00e3o por setores da economia, somente os pequenos neg\u00f3cios apresentaram saldo positivo na cria\u00e7\u00e3o de empregos em todos os segmentos. O setor com mais destaque \u00e9 o de\u00a0servi\u00e7os, com a abertura de 93,4 vagas em micro e pequenas empresas, de um total de 117 mil postos apurados pelo Caged. De acordo com o Sebrae, a reabertura da economia, ap\u00f3s a vacina\u00e7\u00e3o contra a covid-19, tem impulsionado a recupera\u00e7\u00e3o do segmento. O segundo setor que liderou a cria\u00e7\u00e3o de postos de trabalho em setembro foi o com\u00e9rcio, com 28,42 mil vagas em micro e pequenas empresas, de um total de 29,26 mil. Em terceiro lugar, vem a ind\u00fastria, com 25,26 mil empregos gerados, contra um total de 26,37 mil. Com Agencia Brasil","og_url":"https:\/\/noticiasemdestaque.com\/cd\/?p=39763","og_site_name":"Not&iacute;cias em Destaque","article_published_time":"2022-06-09T12:38:27+00:00","og_image":[{"width":740,"height":414,"url":"https:\/\/noticiasemdestaque.com\/cd\/wp-content\/uploads\/2022\/06\/pequena-empresa-740x414-1.jpg","type":"image\/jpeg"}],"author":"Not\u00edcias em Destaque","twitter_card":"summary_large_image","twitter_misc":{"Escrito por":"Not\u00edcias em Destaque","Est. tempo de leitura":"2 minutos"},"schema":{"@context":"https:\/\/schema.org","@graph":[{"@type":"Article","@id":"https:\/\/noticiasemdestaque.com\/cd\/?p=39763#article","isPartOf":{"@id":"https:\/\/noticiasemdestaque.com\/cd\/?p=39763"},"author":{"name":"Not\u00edcias em Destaque","@id":"https:\/\/noticiasemdestaque.com\/cd\/#\/schema\/person\/4a81fb71f77579d059c3045891fa1786"},"headline":"Pequenos neg\u00f3cios geraram 76% das vagas de emprego em 2022","datePublished":"2022-06-09T12:38:27+00:00","mainEntityOfPage":{"@id":"https:\/\/noticiasemdestaque.com\/cd\/?p=39763"},"wordCount":265,"publisher":{"@id":"https:\/\/noticiasemdestaque.com\/cd\/#organization"},"image":{"@id":"https:\/\/noticiasemdestaque.com\/cd\/?p=39763#primaryimage"},"thumbnailUrl":"https:\/\/noticiasemdestaque.com\/cd\/wp-content\/uploads\/2022\/06\/pequena-empresa-740x414-1.jpg","articleSection":["Geral"],"inLanguage":"pt-BR"},{"@type":"WebPage","@id":"https:\/\/noticiasemdestaque.com\/cd\/?p=39763","url":"https:\/\/noticiasemdestaque.com\/cd\/?p=39763","name":"Pequenos neg\u00f3cios geraram 76% das vagas de emprego em 2022 - Not&iacute;cias em Destaque","isPartOf":{"@id":"https:\/\/noticiasemdestaque.com\/cd\/#website"},"primaryImageOfPage":{"@id":"https:\/\/noticiasemdestaque.com\/cd\/?p=39763#primaryimage"},"image":{"@id":"https:\/\/noticiasemdestaque.com\/cd\/?p=39763#primaryimage"},"thumbnailUrl":"https:\/\/noticiasemdestaque.com\/cd\/wp-content\/uploads\/2022\/06\/pequena-empresa-740x414-1.jpg","datePublished":"2022-06-09T12:38:27+00:00","breadcrumb":{"@id":"https:\/\/noticiasemdestaque.com\/cd\/?p=39763#breadcrumb"},"inLanguage":"pt-BR","potentialAction":[{"@type":"ReadAction","target":["https:\/\/noticiasemdestaque.com\/cd\/?p=39763"]}]},{"@type":"ImageObject","inLanguage":"pt-BR","@id":"https:\/\/noticiasemdestaque.com\/cd\/?p=39763#primaryimage","url":"https:\/\/noticiasemdestaque.com\/cd\/wp-content\/uploads\/2022\/06\/pequena-empresa-740x414-1.jpg","contentUrl":"https:\/\/noticiasemdestaque.com\/cd\/wp-content\/uploads\/2022\/06\/pequena-empresa-740x414-1.jpg","width":740,"height":414},{"@type":"BreadcrumbList","@id":"https:\/\/noticiasemdestaque.com\/cd\/?p=39763#breadcrumb","itemListElement":[{"@type":"ListItem","position":1,"name":"In\u00edcio","item":"https:\/\/noticiasemdestaque.com\/cd\/"},{"@type":"ListItem","position":2,"name":"Pequenos neg\u00f3cios geraram 76% das vagas de emprego em 2022"}]},{"@type":"WebSite","@id":"https:\/\/noticiasemdestaque.com\/cd\/#website","url":"https:\/\/noticiasemdestaque.com\/cd\/","name":"Not&iacute;cias em Destaque","description":"","publisher":{"@id":"https:\/\/noticiasemdestaque.com\/cd\/#organization"},"potentialAction":[{"@type":"SearchAction","target":{"@type":"EntryPoint","urlTemplate":"https:\/\/noticiasemdestaque.com\/cd\/?s={search_term_string}"},"query-input":{"@type":"PropertyValueSpecification","valueRequired":true,"valueName":"search_term_string"}}],"inLanguage":"pt-BR"},{"@type":"Organization","@id":"https:\/\/noticiasemdestaque.com\/cd\/#organization","name":"Not\u00edcias em Destaque","url":"https:\/\/noticiasemdestaque.com\/cd\/","logo":{"@type":"ImageObject","inLanguage":"pt-BR","@id":"https:\/\/noticiasemdestaque.com\/cd\/#\/schema\/logo\/image\/","url":"https:\/\/noticiasemdestaque.com\/cd\/wp-content\/uploads\/2022\/05\/imagem-base-noticiasemdestaque.png","contentUrl":"https:\/\/noticiasemdestaque.com\/cd\/wp-content\/uploads\/2022\/05\/imagem-base-noticiasemdestaque.png","width":1200,"height":630,"caption":"Not\u00edcias em Destaque"},"image":{"@id":"https:\/\/noticiasemdestaque.com\/cd\/#\/schema\/logo\/image\/"}},{"@type":"Person","@id":"https:\/\/noticiasemdestaque.com\/cd\/#\/schema\/person\/4a81fb71f77579d059c3045891fa1786","name":"Not\u00edcias em Destaque","url":"https:\/\/noticiasemdestaque.com\/cd\/?author=2"}]}},"jetpack_featured_media_url":"https:\/\/noticiasemdestaque.com\/cd\/wp-content\/uploads\/2022\/06\/pequena-empresa-740x414-1.jpg","jetpack_sharing_enabled":true,"_links":{"self":[{"href":"https:\/\/noticiasemdestaque.com\/cd\/index.php?rest_route=\/wp\/v2\/posts\/39763","targetHints":{"allow":["GET"]}}],"collection":[{"href":"https:\/\/noticiasemdestaque.com\/cd\/index.php?rest_route=\/wp\/v2\/posts"}],"about":[{"href":"https:\/\/noticiasemdestaque.com\/cd\/index.php?rest_route=\/wp\/v2\/types\/post"}],"author":[{"embeddable":true,"href":"https:\/\/noticiasemdestaque.com\/cd\/index.php?rest_route=\/wp\/v2\/users\/2"}],"replies":[{"embeddable":true,"href":"https:\/\/noticiasemdestaque.com\/cd\/index.php?rest_route=%2Fwp%2Fv2%2Fcomments&post=39763"}],"version-history":[{"count":1,"href":"https:\/\/noticiasemdestaque.com\/cd\/index.php?rest_route=\/wp\/v2\/posts\/39763\/revisions"}],"predecessor-version":[{"id":39765,"href":"https:\/\/noticiasemdestaque.com\/cd\/index.php?rest_route=\/wp\/v2\/posts\/39763\/revisions\/39765"}],"wp:featuredmedia":[{"embeddable":true,"href":"https:\/\/noticiasemdestaque.com\/cd\/index.php?rest_route=\/wp\/v2\/media\/39764"}],"wp:attachment":[{"href":"https:\/\/noticiasemdestaque.com\/cd\/index.php?rest_route=%2Fwp%2Fv2%2Fmedia&parent=39763"}],"wp:term":[{"taxonomy":"category","embeddable":true,"href":"https:\/\/noticiasemdestaque.com\/cd\/index.php?rest_route=%2Fwp%2Fv2%2Fcategories&post=39763"},{"taxonomy":"post_tag","embeddable":true,"href":"https:\/\/noticiasemdestaque.com\/cd\/index.php?rest_route=%2Fwp%2Fv2%2Ftags&post=39763"}],"curies":[{"name":"wp","href":"https:\/\/api.w.org\/{rel}","templated":true}]}}