{"id":3963,"date":"2017-09-03T21:51:31","date_gmt":"2017-09-04T00:51:31","guid":{"rendered":"http:\/\/caririemdestaque.com\/cd\/?p=3963"},"modified":"2017-09-03T21:51:31","modified_gmt":"2017-09-04T00:51:31","slug":"acidentes-sao-registrados-em-monteiro","status":"publish","type":"post","link":"https:\/\/noticiasemdestaque.com\/cd\/?p=3963","title":{"rendered":"Acidentes s\u00e3o registrados em Monteiro"},"content":{"rendered":"<p><a href=\"http:\/\/caririemdestaque.com\/cd\/wp-content\/uploads\/2017\/08\/Z-1-4.gif\"><img decoding=\"async\" class=\"alignleft wp-image-3851 \" src=\"http:\/\/caririemdestaque.com\/cd\/wp-content\/uploads\/2017\/08\/Z-1-4.gif\" alt=\"\" width=\"215\" height=\"215\" \/><\/a>O primeiro domingo do m\u00eas de setembro foi marcado por alguns acidentes na cidade de Monteiro.<\/p>\n<p>Pela manh\u00e3 uma colis\u00e3o de moto na BR pr\u00f3ximo a Escola Jo\u00e3o de Oliveira Chaves, deixou duas v\u00edtimas que foram transferidas para o hospital de traumas em Campina.<\/p>\n<p>No hor\u00e1rio da tarde, outro acidente de moto foi registrado na zona rural. Uma jovem do s\u00edtio picos sofreu uma queda de motocicleta e est\u00e1 na ala vermelha do hospital Santa Filomena e agora a noite uma colis\u00e3o entre dois ve\u00edculos na estrada que liga Monteiro \u00e0 Zabel\u00ea pr\u00f3ximo ao IFPB deixou dois homens feridos.<\/p>\n<p>As v\u00edtimas conhecidas por Ivonelson e Douglas que retornavam de um jogo de futebol na zona rural foram socorridas pelo SAMU e levadas para o hospital de Monteiro.<\/p>\n<p>Os irm\u00e3os Ivonelson e Douglas vinham num ve\u00edculo que bateu na traseira de outro carro ap\u00f3s desviar de outro acidente envolvendo um motoqueiro e um cavalo.<\/p>\n<p>O condutor do ve\u00edculo no qual vinham os irm\u00e3os ainda n\u00e3o foi localizado. Tamb\u00e9m n\u00e3o se tem informa\u00e7\u00f5es ainda sobre os ocupantes do outro ve\u00edculo.<\/p>\n<p>Apenas as duas v\u00edtimas citadas deram entrada no hospital.<\/p>\n<p>A Pol\u00edcia Militar se encontra no local conforme informa\u00e7\u00f5es do Copom<\/p>\n<p><strong><em>Cariri em Destaque<\/em><\/strong><\/p>\n<p>Com 95 FM<\/p>\n","protected":false},"excerpt":{"rendered":"<p>O primeiro domingo do m\u00eas de setembro foi marcado por alguns acidentes na cidade de Monteiro. Pela manh\u00e3 uma colis\u00e3o de moto na BR pr\u00f3ximo a Escola Jo\u00e3o de Oliveira Chaves, deixou duas v\u00edtimas que foram transferidas para o hospital de traumas em Campina. No hor\u00e1rio da tarde, outro acidente de moto foi registrado na zona rural. Uma jovem do s\u00edtio picos sofreu uma queda de motocicleta e est\u00e1 na ala vermelha do hospital Santa Filomena e agora a noite uma colis\u00e3o entre dois ve\u00edculos na estrada que liga Monteiro \u00e0 Zabel\u00ea pr\u00f3ximo ao IFPB deixou dois homens feridos. As v\u00edtimas conhecidas por Ivonelson e Douglas que retornavam de um jogo de futebol na zona rural foram socorridas pelo SAMU e levadas para o hospital de Monteiro. Os irm\u00e3os Ivonelson e Douglas vinham num ve\u00edculo que bateu na traseira de outro carro ap\u00f3s desviar de outro acidente envolvendo um motoqueiro e um cavalo. O condutor do ve\u00edculo no qual vinham os irm\u00e3os ainda n\u00e3o foi localizado. Tamb\u00e9m n\u00e3o se tem informa\u00e7\u00f5es ainda sobre os ocupantes do outro ve\u00edculo. Apenas as duas v\u00edtimas citadas deram entrada no hospital. A Pol\u00edcia Militar se encontra no local conforme informa\u00e7\u00f5es do Copom Cariri em Destaque Com 95 FM<\/p>\n","protected":false},"author":2,"featured_media":3851,"comment_status":"closed","ping_status":"open","sticky":false,"template":"","format":"standard","meta":{"_eb_attr":"","_jetpack_memberships_contains_paid_content":false,"footnotes":""},"categories":[3],"tags":[],"class_list":["post-3963","post","type-post","status-publish","format-standard","has-post-thumbnail","hentry","category-cidades"],"yoast_head":"<!-- This site is optimized with the Yoast SEO plugin v26.5 - https:\/\/yoast.com\/wordpress\/plugins\/seo\/ -->\n<title>Acidentes s\u00e3o registrados em Monteiro - Not&iacute;cias em Destaque<\/title>\n<meta name=\"robots\" content=\"index, follow, max-snippet:-1, max-image-preview:large, max-video-preview:-1\" \/>\n<link rel=\"canonical\" href=\"https:\/\/noticiasemdestaque.com\/cd\/?p=3963\" \/>\n<meta property=\"og:locale\" content=\"pt_BR\" \/>\n<meta property=\"og:type\" content=\"article\" \/>\n<meta property=\"og:title\" content=\"Acidentes s\u00e3o registrados em Monteiro - Not&iacute;cias em Destaque\" \/>\n<meta property=\"og:description\" content=\"O primeiro domingo do m\u00eas de setembro foi marcado por alguns acidentes na cidade de Monteiro. Pela manh\u00e3 uma colis\u00e3o de moto na BR pr\u00f3ximo a Escola Jo\u00e3o de Oliveira Chaves, deixou duas v\u00edtimas que foram transferidas para o hospital de traumas em Campina. No hor\u00e1rio da tarde, outro acidente de moto foi registrado na zona rural. Uma jovem do s\u00edtio picos sofreu uma queda de motocicleta e est\u00e1 na ala vermelha do hospital Santa Filomena e agora a noite uma colis\u00e3o entre dois ve\u00edculos na estrada que liga Monteiro \u00e0 Zabel\u00ea pr\u00f3ximo ao IFPB deixou dois homens feridos. As v\u00edtimas conhecidas por Ivonelson e Douglas que retornavam de um jogo de futebol na zona rural foram socorridas pelo SAMU e levadas para o hospital de Monteiro. Os irm\u00e3os Ivonelson e Douglas vinham num ve\u00edculo que bateu na traseira de outro carro ap\u00f3s desviar de outro acidente envolvendo um motoqueiro e um cavalo. O condutor do ve\u00edculo no qual vinham os irm\u00e3os ainda n\u00e3o foi localizado. Tamb\u00e9m n\u00e3o se tem informa\u00e7\u00f5es ainda sobre os ocupantes do outro ve\u00edculo. Apenas as duas v\u00edtimas citadas deram entrada no hospital. A Pol\u00edcia Militar se encontra no local conforme informa\u00e7\u00f5es do Copom Cariri em Destaque Com 95 FM\" \/>\n<meta property=\"og:url\" content=\"https:\/\/noticiasemdestaque.com\/cd\/?p=3963\" \/>\n<meta property=\"og:site_name\" content=\"Not&iacute;cias em Destaque\" \/>\n<meta property=\"article:published_time\" content=\"2017-09-04T00:51:31+00:00\" \/>\n<meta property=\"og:image\" content=\"https:\/\/noticiasemdestaque.com\/cd\/wp-content\/uploads\/2017\/08\/Z-1-4.gif\" \/>\n\t<meta property=\"og:image:width\" content=\"400\" \/>\n\t<meta property=\"og:image:height\" content=\"266\" \/>\n\t<meta property=\"og:image:type\" content=\"image\/gif\" \/>\n<meta name=\"author\" content=\"Not\u00edcias em Destaque\" \/>\n<meta name=\"twitter:card\" content=\"summary_large_image\" \/>\n<meta name=\"twitter:label1\" content=\"Escrito por\" \/>\n\t<meta name=\"twitter:data1\" content=\"Not\u00edcias em Destaque\" \/>\n\t<meta name=\"twitter:label2\" content=\"Est. tempo de leitura\" \/>\n\t<meta name=\"twitter:data2\" content=\"1 minuto\" \/>\n<script type=\"application\/ld+json\" class=\"yoast-schema-graph\">{\"@context\":\"https:\/\/schema.org\",\"@graph\":[{\"@type\":\"Article\",\"@id\":\"https:\/\/noticiasemdestaque.com\/cd\/?p=3963#article\",\"isPartOf\":{\"@id\":\"https:\/\/noticiasemdestaque.com\/cd\/?p=3963\"},\"author\":{\"name\":\"Not\u00edcias em Destaque\",\"@id\":\"https:\/\/noticiasemdestaque.com\/cd\/#\/schema\/person\/21320b03a7e8bb90128938dafc9b908a\"},\"headline\":\"Acidentes s\u00e3o registrados em Monteiro\",\"datePublished\":\"2017-09-04T00:51:31+00:00\",\"mainEntityOfPage\":{\"@id\":\"https:\/\/noticiasemdestaque.com\/cd\/?p=3963\"},\"wordCount\":232,\"publisher\":{\"@id\":\"https:\/\/noticiasemdestaque.com\/cd\/#organization\"},\"image\":{\"@id\":\"https:\/\/noticiasemdestaque.com\/cd\/?p=3963#primaryimage\"},\"thumbnailUrl\":\"https:\/\/noticiasemdestaque.com\/cd\/wp-content\/uploads\/2017\/08\/Z-1-4.gif\",\"articleSection\":[\"Cidades\"],\"inLanguage\":\"pt-BR\"},{\"@type\":\"WebPage\",\"@id\":\"https:\/\/noticiasemdestaque.com\/cd\/?p=3963\",\"url\":\"https:\/\/noticiasemdestaque.com\/cd\/?p=3963\",\"name\":\"Acidentes s\u00e3o registrados em Monteiro - Not&iacute;cias em Destaque\",\"isPartOf\":{\"@id\":\"https:\/\/noticiasemdestaque.com\/cd\/#website\"},\"primaryImageOfPage\":{\"@id\":\"https:\/\/noticiasemdestaque.com\/cd\/?p=3963#primaryimage\"},\"image\":{\"@id\":\"https:\/\/noticiasemdestaque.com\/cd\/?p=3963#primaryimage\"},\"thumbnailUrl\":\"https:\/\/noticiasemdestaque.com\/cd\/wp-content\/uploads\/2017\/08\/Z-1-4.gif\",\"datePublished\":\"2017-09-04T00:51:31+00:00\",\"breadcrumb\":{\"@id\":\"https:\/\/noticiasemdestaque.com\/cd\/?p=3963#breadcrumb\"},\"inLanguage\":\"pt-BR\",\"potentialAction\":[{\"@type\":\"ReadAction\",\"target\":[\"https:\/\/noticiasemdestaque.com\/cd\/?p=3963\"]}]},{\"@type\":\"ImageObject\",\"inLanguage\":\"pt-BR\",\"@id\":\"https:\/\/noticiasemdestaque.com\/cd\/?p=3963#primaryimage\",\"url\":\"https:\/\/noticiasemdestaque.com\/cd\/wp-content\/uploads\/2017\/08\/Z-1-4.gif\",\"contentUrl\":\"https:\/\/noticiasemdestaque.com\/cd\/wp-content\/uploads\/2017\/08\/Z-1-4.gif\",\"width\":400,\"height\":266},{\"@type\":\"BreadcrumbList\",\"@id\":\"https:\/\/noticiasemdestaque.com\/cd\/?p=3963#breadcrumb\",\"itemListElement\":[{\"@type\":\"ListItem\",\"position\":1,\"name\":\"In\u00edcio\",\"item\":\"https:\/\/noticiasemdestaque.com\/cd\/\"},{\"@type\":\"ListItem\",\"position\":2,\"name\":\"Acidentes s\u00e3o registrados em Monteiro\"}]},{\"@type\":\"WebSite\",\"@id\":\"https:\/\/noticiasemdestaque.com\/cd\/#website\",\"url\":\"https:\/\/noticiasemdestaque.com\/cd\/\",\"name\":\"Not&iacute;cias em Destaque\",\"description\":\"\",\"publisher\":{\"@id\":\"https:\/\/noticiasemdestaque.com\/cd\/#organization\"},\"potentialAction\":[{\"@type\":\"SearchAction\",\"target\":{\"@type\":\"EntryPoint\",\"urlTemplate\":\"https:\/\/noticiasemdestaque.com\/cd\/?s={search_term_string}\"},\"query-input\":{\"@type\":\"PropertyValueSpecification\",\"valueRequired\":true,\"valueName\":\"search_term_string\"}}],\"inLanguage\":\"pt-BR\"},{\"@type\":\"Organization\",\"@id\":\"https:\/\/noticiasemdestaque.com\/cd\/#organization\",\"name\":\"Not\u00edcias em Destaque\",\"url\":\"https:\/\/noticiasemdestaque.com\/cd\/\",\"logo\":{\"@type\":\"ImageObject\",\"inLanguage\":\"pt-BR\",\"@id\":\"https:\/\/noticiasemdestaque.com\/cd\/#\/schema\/logo\/image\/\",\"url\":\"https:\/\/noticiasemdestaque.com\/cd\/wp-content\/uploads\/2022\/05\/imagem-base-noticiasemdestaque.png\",\"contentUrl\":\"https:\/\/noticiasemdestaque.com\/cd\/wp-content\/uploads\/2022\/05\/imagem-base-noticiasemdestaque.png\",\"width\":1200,\"height\":630,\"caption\":\"Not\u00edcias em Destaque\"},\"image\":{\"@id\":\"https:\/\/noticiasemdestaque.com\/cd\/#\/schema\/logo\/image\/\"}},{\"@type\":\"Person\",\"@id\":\"https:\/\/noticiasemdestaque.com\/cd\/#\/schema\/person\/21320b03a7e8bb90128938dafc9b908a\",\"name\":\"Not\u00edcias em Destaque\",\"url\":\"https:\/\/noticiasemdestaque.com\/cd\/?author=2\"}]}<\/script>\n<!-- \/ Yoast SEO plugin. -->","yoast_head_json":{"title":"Acidentes s\u00e3o registrados em Monteiro - Not&iacute;cias em Destaque","robots":{"index":"index","follow":"follow","max-snippet":"max-snippet:-1","max-image-preview":"max-image-preview:large","max-video-preview":"max-video-preview:-1"},"canonical":"https:\/\/noticiasemdestaque.com\/cd\/?p=3963","og_locale":"pt_BR","og_type":"article","og_title":"Acidentes s\u00e3o registrados em Monteiro - Not&iacute;cias em Destaque","og_description":"O primeiro domingo do m\u00eas de setembro foi marcado por alguns acidentes na cidade de Monteiro. Pela manh\u00e3 uma colis\u00e3o de moto na BR pr\u00f3ximo a Escola Jo\u00e3o de Oliveira Chaves, deixou duas v\u00edtimas que foram transferidas para o hospital de traumas em Campina. No hor\u00e1rio da tarde, outro acidente de moto foi registrado na zona rural. Uma jovem do s\u00edtio picos sofreu uma queda de motocicleta e est\u00e1 na ala vermelha do hospital Santa Filomena e agora a noite uma colis\u00e3o entre dois ve\u00edculos na estrada que liga Monteiro \u00e0 Zabel\u00ea pr\u00f3ximo ao IFPB deixou dois homens feridos. As v\u00edtimas conhecidas por Ivonelson e Douglas que retornavam de um jogo de futebol na zona rural foram socorridas pelo SAMU e levadas para o hospital de Monteiro. Os irm\u00e3os Ivonelson e Douglas vinham num ve\u00edculo que bateu na traseira de outro carro ap\u00f3s desviar de outro acidente envolvendo um motoqueiro e um cavalo. O condutor do ve\u00edculo no qual vinham os irm\u00e3os ainda n\u00e3o foi localizado. Tamb\u00e9m n\u00e3o se tem informa\u00e7\u00f5es ainda sobre os ocupantes do outro ve\u00edculo. Apenas as duas v\u00edtimas citadas deram entrada no hospital. A Pol\u00edcia Militar se encontra no local conforme informa\u00e7\u00f5es do Copom Cariri em Destaque Com 95 FM","og_url":"https:\/\/noticiasemdestaque.com\/cd\/?p=3963","og_site_name":"Not&iacute;cias em Destaque","article_published_time":"2017-09-04T00:51:31+00:00","og_image":[{"width":400,"height":266,"url":"https:\/\/noticiasemdestaque.com\/cd\/wp-content\/uploads\/2017\/08\/Z-1-4.gif","type":"image\/gif"}],"author":"Not\u00edcias em Destaque","twitter_card":"summary_large_image","twitter_misc":{"Escrito por":"Not\u00edcias em Destaque","Est. tempo de leitura":"1 minuto"},"schema":{"@context":"https:\/\/schema.org","@graph":[{"@type":"Article","@id":"https:\/\/noticiasemdestaque.com\/cd\/?p=3963#article","isPartOf":{"@id":"https:\/\/noticiasemdestaque.com\/cd\/?p=3963"},"author":{"name":"Not\u00edcias em Destaque","@id":"https:\/\/noticiasemdestaque.com\/cd\/#\/schema\/person\/21320b03a7e8bb90128938dafc9b908a"},"headline":"Acidentes s\u00e3o registrados em Monteiro","datePublished":"2017-09-04T00:51:31+00:00","mainEntityOfPage":{"@id":"https:\/\/noticiasemdestaque.com\/cd\/?p=3963"},"wordCount":232,"publisher":{"@id":"https:\/\/noticiasemdestaque.com\/cd\/#organization"},"image":{"@id":"https:\/\/noticiasemdestaque.com\/cd\/?p=3963#primaryimage"},"thumbnailUrl":"https:\/\/noticiasemdestaque.com\/cd\/wp-content\/uploads\/2017\/08\/Z-1-4.gif","articleSection":["Cidades"],"inLanguage":"pt-BR"},{"@type":"WebPage","@id":"https:\/\/noticiasemdestaque.com\/cd\/?p=3963","url":"https:\/\/noticiasemdestaque.com\/cd\/?p=3963","name":"Acidentes s\u00e3o registrados em Monteiro - Not&iacute;cias em Destaque","isPartOf":{"@id":"https:\/\/noticiasemdestaque.com\/cd\/#website"},"primaryImageOfPage":{"@id":"https:\/\/noticiasemdestaque.com\/cd\/?p=3963#primaryimage"},"image":{"@id":"https:\/\/noticiasemdestaque.com\/cd\/?p=3963#primaryimage"},"thumbnailUrl":"https:\/\/noticiasemdestaque.com\/cd\/wp-content\/uploads\/2017\/08\/Z-1-4.gif","datePublished":"2017-09-04T00:51:31+00:00","breadcrumb":{"@id":"https:\/\/noticiasemdestaque.com\/cd\/?p=3963#breadcrumb"},"inLanguage":"pt-BR","potentialAction":[{"@type":"ReadAction","target":["https:\/\/noticiasemdestaque.com\/cd\/?p=3963"]}]},{"@type":"ImageObject","inLanguage":"pt-BR","@id":"https:\/\/noticiasemdestaque.com\/cd\/?p=3963#primaryimage","url":"https:\/\/noticiasemdestaque.com\/cd\/wp-content\/uploads\/2017\/08\/Z-1-4.gif","contentUrl":"https:\/\/noticiasemdestaque.com\/cd\/wp-content\/uploads\/2017\/08\/Z-1-4.gif","width":400,"height":266},{"@type":"BreadcrumbList","@id":"https:\/\/noticiasemdestaque.com\/cd\/?p=3963#breadcrumb","itemListElement":[{"@type":"ListItem","position":1,"name":"In\u00edcio","item":"https:\/\/noticiasemdestaque.com\/cd\/"},{"@type":"ListItem","position":2,"name":"Acidentes s\u00e3o registrados em Monteiro"}]},{"@type":"WebSite","@id":"https:\/\/noticiasemdestaque.com\/cd\/#website","url":"https:\/\/noticiasemdestaque.com\/cd\/","name":"Not&iacute;cias em Destaque","description":"","publisher":{"@id":"https:\/\/noticiasemdestaque.com\/cd\/#organization"},"potentialAction":[{"@type":"SearchAction","target":{"@type":"EntryPoint","urlTemplate":"https:\/\/noticiasemdestaque.com\/cd\/?s={search_term_string}"},"query-input":{"@type":"PropertyValueSpecification","valueRequired":true,"valueName":"search_term_string"}}],"inLanguage":"pt-BR"},{"@type":"Organization","@id":"https:\/\/noticiasemdestaque.com\/cd\/#organization","name":"Not\u00edcias em Destaque","url":"https:\/\/noticiasemdestaque.com\/cd\/","logo":{"@type":"ImageObject","inLanguage":"pt-BR","@id":"https:\/\/noticiasemdestaque.com\/cd\/#\/schema\/logo\/image\/","url":"https:\/\/noticiasemdestaque.com\/cd\/wp-content\/uploads\/2022\/05\/imagem-base-noticiasemdestaque.png","contentUrl":"https:\/\/noticiasemdestaque.com\/cd\/wp-content\/uploads\/2022\/05\/imagem-base-noticiasemdestaque.png","width":1200,"height":630,"caption":"Not\u00edcias em Destaque"},"image":{"@id":"https:\/\/noticiasemdestaque.com\/cd\/#\/schema\/logo\/image\/"}},{"@type":"Person","@id":"https:\/\/noticiasemdestaque.com\/cd\/#\/schema\/person\/21320b03a7e8bb90128938dafc9b908a","name":"Not\u00edcias em Destaque","url":"https:\/\/noticiasemdestaque.com\/cd\/?author=2"}]}},"jetpack_featured_media_url":"https:\/\/noticiasemdestaque.com\/cd\/wp-content\/uploads\/2017\/08\/Z-1-4.gif","jetpack_sharing_enabled":true,"_links":{"self":[{"href":"https:\/\/noticiasemdestaque.com\/cd\/index.php?rest_route=\/wp\/v2\/posts\/3963","targetHints":{"allow":["GET"]}}],"collection":[{"href":"https:\/\/noticiasemdestaque.com\/cd\/index.php?rest_route=\/wp\/v2\/posts"}],"about":[{"href":"https:\/\/noticiasemdestaque.com\/cd\/index.php?rest_route=\/wp\/v2\/types\/post"}],"author":[{"embeddable":true,"href":"https:\/\/noticiasemdestaque.com\/cd\/index.php?rest_route=\/wp\/v2\/users\/2"}],"replies":[{"embeddable":true,"href":"https:\/\/noticiasemdestaque.com\/cd\/index.php?rest_route=%2Fwp%2Fv2%2Fcomments&post=3963"}],"version-history":[{"count":1,"href":"https:\/\/noticiasemdestaque.com\/cd\/index.php?rest_route=\/wp\/v2\/posts\/3963\/revisions"}],"predecessor-version":[{"id":3964,"href":"https:\/\/noticiasemdestaque.com\/cd\/index.php?rest_route=\/wp\/v2\/posts\/3963\/revisions\/3964"}],"wp:featuredmedia":[{"embeddable":true,"href":"https:\/\/noticiasemdestaque.com\/cd\/index.php?rest_route=\/wp\/v2\/media\/3851"}],"wp:attachment":[{"href":"https:\/\/noticiasemdestaque.com\/cd\/index.php?rest_route=%2Fwp%2Fv2%2Fmedia&parent=3963"}],"wp:term":[{"taxonomy":"category","embeddable":true,"href":"https:\/\/noticiasemdestaque.com\/cd\/index.php?rest_route=%2Fwp%2Fv2%2Fcategories&post=3963"},{"taxonomy":"post_tag","embeddable":true,"href":"https:\/\/noticiasemdestaque.com\/cd\/index.php?rest_route=%2Fwp%2Fv2%2Ftags&post=3963"}],"curies":[{"name":"wp","href":"https:\/\/api.w.org\/{rel}","templated":true}]}}