{"id":3946,"date":"2017-09-03T16:53:56","date_gmt":"2017-09-03T19:53:56","guid":{"rendered":"http:\/\/caririemdestaque.com\/cd\/?p=3946"},"modified":"2017-09-03T16:53:56","modified_gmt":"2017-09-03T19:53:56","slug":"jair-bolsonaro-pode-escolher-general-como-vice","status":"publish","type":"post","link":"https:\/\/noticiasemdestaque.com\/cd\/?p=3946","title":{"rendered":"Jair Bolsonaro pode escolher general como vice"},"content":{"rendered":"<p><a href=\"http:\/\/caririemdestaque.com\/cd\/wp-content\/uploads\/2017\/09\/content_9d4b6b34-65f2-4ecd-808a-48556e7a8241.jpg\"><img decoding=\"async\" class=\"alignleft wp-image-3947 size-medium\" src=\"http:\/\/caririemdestaque.com\/cd\/wp-content\/uploads\/2017\/09\/content_9d4b6b34-65f2-4ecd-808a-48556e7a8241-300x157.jpg\" alt=\"\" width=\"300\" height=\"157\" srcset=\"https:\/\/noticiasemdestaque.com\/cd\/wp-content\/uploads\/2017\/09\/content_9d4b6b34-65f2-4ecd-808a-48556e7a8241-300x157.jpg 300w, https:\/\/noticiasemdestaque.com\/cd\/wp-content\/uploads\/2017\/09\/content_9d4b6b34-65f2-4ecd-808a-48556e7a8241-768x402.jpg 768w, https:\/\/noticiasemdestaque.com\/cd\/wp-content\/uploads\/2017\/09\/content_9d4b6b34-65f2-4ecd-808a-48556e7a8241.jpg 1024w\" sizes=\"(max-width: 300px) 100vw, 300px\" \/><\/a>Sabemos que se for eleito presidente da Rep\u00fablica,\u00a0<strong>Jair Bolsonaro<\/strong>\u00a0seria massacrado pelas m\u00eddias, \u00a0assim como est\u00e1 acontecendo nos EUA com Donald Trump.<\/p>\n<p>Se a popula\u00e7\u00e3o de bem n\u00e3o conseguir eleger dois ter\u00e7os do Congresso com pol\u00edticos conservadores, um processo de impeachment passaria f\u00e1cil. Podem ter certeza que muitos vir\u00e3o e ser\u00e3o protocolados se o presidente da C\u00e2mara for um socialista comunista.<\/p>\n<p>Portanto, uma forma de se prevenir disso, seria o pr\u00e9-candidato Jair Bolsonaro escolher um general para ser seu vice. Isso inibiria a esquerda de persistir em um impeachment, pois assim o vice assumiria.<\/p>\n<p>Sabemos que nenhum militar em exerc\u00edcio pode ocupar um cargo pol\u00edtico. Por\u00e9m, os militares da reserva podem.<\/p>\n<p>O poss\u00edvel caso e que cairia bem na campanha de Bolsonaro seria o general Carlos Alberto Santos Cruz.<\/p>\n<p>O general ficou conhecido por comandar a miss\u00e3o de paz no Haiti (Minustah) entre setembro de 2006 e abril de 2009, tendo um total de 12 mil militares subordinados. Atingiu o posto de general de divis\u00e3o de mar\u00e7o de 2009.<\/p>\n<p>No retorno ao Brasil, foi comandante da 2\u00aa Divis\u00e3o de Ex\u00e9rcito e subcomandante do Comando de Opera\u00e7\u00f5es Terrestres. Passou para a reserva em novembro de 2012. Em seguida tornou-se assessor especial do Ministro da Secretaria de Assuntos Estrat\u00e9gicos da Presid\u00eancia da Rep\u00fablica.<\/p>\n<p>Recentemente, o militar tomou posse como novo secret\u00e1rio nacional de Seguran\u00e7a P\u00fablica.<\/p>\n<p><em><strong>Cariri em Destaque\u00a0<\/strong><\/em><\/p>\n<p>Cr\u00e9ditos: PAPO TV<\/p>\n","protected":false},"excerpt":{"rendered":"<p>Sabemos que se for eleito presidente da Rep\u00fablica,\u00a0Jair Bolsonaro\u00a0seria massacrado pelas m\u00eddias, \u00a0assim como est\u00e1 acontecendo nos EUA com Donald Trump. Se a popula\u00e7\u00e3o de bem n\u00e3o conseguir eleger dois ter\u00e7os do Congresso com pol\u00edticos conservadores, um processo de impeachment passaria f\u00e1cil. Podem ter certeza que muitos vir\u00e3o e ser\u00e3o protocolados se o presidente da C\u00e2mara for um socialista comunista. Portanto, uma forma de se prevenir disso, seria o pr\u00e9-candidato Jair Bolsonaro escolher um general para ser seu vice. Isso inibiria a esquerda de persistir em um impeachment, pois assim o vice assumiria. Sabemos que nenhum militar em exerc\u00edcio pode ocupar um cargo pol\u00edtico. Por\u00e9m, os militares da reserva podem. O poss\u00edvel caso e que cairia bem na campanha de Bolsonaro seria o general Carlos Alberto Santos Cruz. O general ficou conhecido por comandar a miss\u00e3o de paz no Haiti (Minustah) entre setembro de 2006 e abril de 2009, tendo um total de 12 mil militares subordinados. Atingiu o posto de general de divis\u00e3o de mar\u00e7o de 2009. No retorno ao Brasil, foi comandante da 2\u00aa Divis\u00e3o de Ex\u00e9rcito e subcomandante do Comando de Opera\u00e7\u00f5es Terrestres. Passou para a reserva em novembro de 2012. Em seguida tornou-se assessor especial do Ministro da Secretaria de Assuntos Estrat\u00e9gicos da Presid\u00eancia da Rep\u00fablica. Recentemente, o militar tomou posse como novo secret\u00e1rio nacional de Seguran\u00e7a P\u00fablica. Cariri em Destaque\u00a0 Cr\u00e9ditos: PAPO TV<\/p>\n","protected":false},"author":2,"featured_media":3947,"comment_status":"closed","ping_status":"open","sticky":false,"template":"","format":"standard","meta":{"_eb_attr":"","_jetpack_memberships_contains_paid_content":false,"footnotes":""},"categories":[4],"tags":[],"class_list":["post-3946","post","type-post","status-publish","format-standard","has-post-thumbnail","hentry","category-politica"],"yoast_head":"<!-- This site is optimized with the Yoast SEO plugin v26.5 - https:\/\/yoast.com\/wordpress\/plugins\/seo\/ -->\n<title>Jair Bolsonaro pode escolher general como vice - Not&iacute;cias em Destaque<\/title>\n<meta name=\"robots\" content=\"index, follow, max-snippet:-1, max-image-preview:large, max-video-preview:-1\" \/>\n<link rel=\"canonical\" href=\"https:\/\/noticiasemdestaque.com\/cd\/?p=3946\" \/>\n<meta property=\"og:locale\" content=\"pt_BR\" \/>\n<meta property=\"og:type\" content=\"article\" \/>\n<meta property=\"og:title\" content=\"Jair Bolsonaro pode escolher general como vice - Not&iacute;cias em Destaque\" \/>\n<meta property=\"og:description\" content=\"Sabemos que se for eleito presidente da Rep\u00fablica,\u00a0Jair Bolsonaro\u00a0seria massacrado pelas m\u00eddias, \u00a0assim como est\u00e1 acontecendo nos EUA com Donald Trump. Se a popula\u00e7\u00e3o de bem n\u00e3o conseguir eleger dois ter\u00e7os do Congresso com pol\u00edticos conservadores, um processo de impeachment passaria f\u00e1cil. Podem ter certeza que muitos vir\u00e3o e ser\u00e3o protocolados se o presidente da C\u00e2mara for um socialista comunista. Portanto, uma forma de se prevenir disso, seria o pr\u00e9-candidato Jair Bolsonaro escolher um general para ser seu vice. Isso inibiria a esquerda de persistir em um impeachment, pois assim o vice assumiria. Sabemos que nenhum militar em exerc\u00edcio pode ocupar um cargo pol\u00edtico. Por\u00e9m, os militares da reserva podem. O poss\u00edvel caso e que cairia bem na campanha de Bolsonaro seria o general Carlos Alberto Santos Cruz. O general ficou conhecido por comandar a miss\u00e3o de paz no Haiti (Minustah) entre setembro de 2006 e abril de 2009, tendo um total de 12 mil militares subordinados. Atingiu o posto de general de divis\u00e3o de mar\u00e7o de 2009. No retorno ao Brasil, foi comandante da 2\u00aa Divis\u00e3o de Ex\u00e9rcito e subcomandante do Comando de Opera\u00e7\u00f5es Terrestres. Passou para a reserva em novembro de 2012. Em seguida tornou-se assessor especial do Ministro da Secretaria de Assuntos Estrat\u00e9gicos da Presid\u00eancia da Rep\u00fablica. Recentemente, o militar tomou posse como novo secret\u00e1rio nacional de Seguran\u00e7a P\u00fablica. Cariri em Destaque\u00a0 Cr\u00e9ditos: PAPO TV\" \/>\n<meta property=\"og:url\" content=\"https:\/\/noticiasemdestaque.com\/cd\/?p=3946\" \/>\n<meta property=\"og:site_name\" content=\"Not&iacute;cias em Destaque\" \/>\n<meta property=\"article:published_time\" content=\"2017-09-03T19:53:56+00:00\" \/>\n<meta property=\"og:image\" content=\"https:\/\/noticiasemdestaque.com\/cd\/wp-content\/uploads\/2017\/09\/content_9d4b6b34-65f2-4ecd-808a-48556e7a8241.jpg\" \/>\n\t<meta property=\"og:image:width\" content=\"1024\" \/>\n\t<meta property=\"og:image:height\" content=\"536\" \/>\n\t<meta property=\"og:image:type\" content=\"image\/jpeg\" \/>\n<meta name=\"author\" content=\"Not\u00edcias em Destaque\" \/>\n<meta name=\"twitter:card\" content=\"summary_large_image\" \/>\n<meta name=\"twitter:label1\" content=\"Escrito por\" \/>\n\t<meta name=\"twitter:data1\" content=\"Not\u00edcias em Destaque\" \/>\n\t<meta name=\"twitter:label2\" content=\"Est. tempo de leitura\" \/>\n\t<meta name=\"twitter:data2\" content=\"1 minuto\" \/>\n<script type=\"application\/ld+json\" class=\"yoast-schema-graph\">{\"@context\":\"https:\/\/schema.org\",\"@graph\":[{\"@type\":\"Article\",\"@id\":\"https:\/\/noticiasemdestaque.com\/cd\/?p=3946#article\",\"isPartOf\":{\"@id\":\"https:\/\/noticiasemdestaque.com\/cd\/?p=3946\"},\"author\":{\"name\":\"Not\u00edcias em Destaque\",\"@id\":\"https:\/\/noticiasemdestaque.com\/cd\/#\/schema\/person\/21320b03a7e8bb90128938dafc9b908a\"},\"headline\":\"Jair Bolsonaro pode escolher general como vice\",\"datePublished\":\"2017-09-03T19:53:56+00:00\",\"mainEntityOfPage\":{\"@id\":\"https:\/\/noticiasemdestaque.com\/cd\/?p=3946\"},\"wordCount\":259,\"publisher\":{\"@id\":\"https:\/\/noticiasemdestaque.com\/cd\/#organization\"},\"image\":{\"@id\":\"https:\/\/noticiasemdestaque.com\/cd\/?p=3946#primaryimage\"},\"thumbnailUrl\":\"https:\/\/noticiasemdestaque.com\/cd\/wp-content\/uploads\/2017\/09\/content_9d4b6b34-65f2-4ecd-808a-48556e7a8241.jpg\",\"articleSection\":[\"Pol\u00edtica\"],\"inLanguage\":\"pt-BR\"},{\"@type\":\"WebPage\",\"@id\":\"https:\/\/noticiasemdestaque.com\/cd\/?p=3946\",\"url\":\"https:\/\/noticiasemdestaque.com\/cd\/?p=3946\",\"name\":\"Jair Bolsonaro pode escolher general como vice - Not&iacute;cias em Destaque\",\"isPartOf\":{\"@id\":\"https:\/\/noticiasemdestaque.com\/cd\/#website\"},\"primaryImageOfPage\":{\"@id\":\"https:\/\/noticiasemdestaque.com\/cd\/?p=3946#primaryimage\"},\"image\":{\"@id\":\"https:\/\/noticiasemdestaque.com\/cd\/?p=3946#primaryimage\"},\"thumbnailUrl\":\"https:\/\/noticiasemdestaque.com\/cd\/wp-content\/uploads\/2017\/09\/content_9d4b6b34-65f2-4ecd-808a-48556e7a8241.jpg\",\"datePublished\":\"2017-09-03T19:53:56+00:00\",\"breadcrumb\":{\"@id\":\"https:\/\/noticiasemdestaque.com\/cd\/?p=3946#breadcrumb\"},\"inLanguage\":\"pt-BR\",\"potentialAction\":[{\"@type\":\"ReadAction\",\"target\":[\"https:\/\/noticiasemdestaque.com\/cd\/?p=3946\"]}]},{\"@type\":\"ImageObject\",\"inLanguage\":\"pt-BR\",\"@id\":\"https:\/\/noticiasemdestaque.com\/cd\/?p=3946#primaryimage\",\"url\":\"https:\/\/noticiasemdestaque.com\/cd\/wp-content\/uploads\/2017\/09\/content_9d4b6b34-65f2-4ecd-808a-48556e7a8241.jpg\",\"contentUrl\":\"https:\/\/noticiasemdestaque.com\/cd\/wp-content\/uploads\/2017\/09\/content_9d4b6b34-65f2-4ecd-808a-48556e7a8241.jpg\",\"width\":1024,\"height\":536},{\"@type\":\"BreadcrumbList\",\"@id\":\"https:\/\/noticiasemdestaque.com\/cd\/?p=3946#breadcrumb\",\"itemListElement\":[{\"@type\":\"ListItem\",\"position\":1,\"name\":\"In\u00edcio\",\"item\":\"https:\/\/noticiasemdestaque.com\/cd\/\"},{\"@type\":\"ListItem\",\"position\":2,\"name\":\"Jair Bolsonaro pode escolher general como vice\"}]},{\"@type\":\"WebSite\",\"@id\":\"https:\/\/noticiasemdestaque.com\/cd\/#website\",\"url\":\"https:\/\/noticiasemdestaque.com\/cd\/\",\"name\":\"Not&iacute;cias em Destaque\",\"description\":\"\",\"publisher\":{\"@id\":\"https:\/\/noticiasemdestaque.com\/cd\/#organization\"},\"potentialAction\":[{\"@type\":\"SearchAction\",\"target\":{\"@type\":\"EntryPoint\",\"urlTemplate\":\"https:\/\/noticiasemdestaque.com\/cd\/?s={search_term_string}\"},\"query-input\":{\"@type\":\"PropertyValueSpecification\",\"valueRequired\":true,\"valueName\":\"search_term_string\"}}],\"inLanguage\":\"pt-BR\"},{\"@type\":\"Organization\",\"@id\":\"https:\/\/noticiasemdestaque.com\/cd\/#organization\",\"name\":\"Not\u00edcias em Destaque\",\"url\":\"https:\/\/noticiasemdestaque.com\/cd\/\",\"logo\":{\"@type\":\"ImageObject\",\"inLanguage\":\"pt-BR\",\"@id\":\"https:\/\/noticiasemdestaque.com\/cd\/#\/schema\/logo\/image\/\",\"url\":\"https:\/\/noticiasemdestaque.com\/cd\/wp-content\/uploads\/2022\/05\/imagem-base-noticiasemdestaque.png\",\"contentUrl\":\"https:\/\/noticiasemdestaque.com\/cd\/wp-content\/uploads\/2022\/05\/imagem-base-noticiasemdestaque.png\",\"width\":1200,\"height\":630,\"caption\":\"Not\u00edcias em Destaque\"},\"image\":{\"@id\":\"https:\/\/noticiasemdestaque.com\/cd\/#\/schema\/logo\/image\/\"}},{\"@type\":\"Person\",\"@id\":\"https:\/\/noticiasemdestaque.com\/cd\/#\/schema\/person\/21320b03a7e8bb90128938dafc9b908a\",\"name\":\"Not\u00edcias em Destaque\",\"url\":\"https:\/\/noticiasemdestaque.com\/cd\/?author=2\"}]}<\/script>\n<!-- \/ Yoast SEO plugin. -->","yoast_head_json":{"title":"Jair Bolsonaro pode escolher general como vice - Not&iacute;cias em Destaque","robots":{"index":"index","follow":"follow","max-snippet":"max-snippet:-1","max-image-preview":"max-image-preview:large","max-video-preview":"max-video-preview:-1"},"canonical":"https:\/\/noticiasemdestaque.com\/cd\/?p=3946","og_locale":"pt_BR","og_type":"article","og_title":"Jair Bolsonaro pode escolher general como vice - Not&iacute;cias em Destaque","og_description":"Sabemos que se for eleito presidente da Rep\u00fablica,\u00a0Jair Bolsonaro\u00a0seria massacrado pelas m\u00eddias, \u00a0assim como est\u00e1 acontecendo nos EUA com Donald Trump. Se a popula\u00e7\u00e3o de bem n\u00e3o conseguir eleger dois ter\u00e7os do Congresso com pol\u00edticos conservadores, um processo de impeachment passaria f\u00e1cil. Podem ter certeza que muitos vir\u00e3o e ser\u00e3o protocolados se o presidente da C\u00e2mara for um socialista comunista. Portanto, uma forma de se prevenir disso, seria o pr\u00e9-candidato Jair Bolsonaro escolher um general para ser seu vice. Isso inibiria a esquerda de persistir em um impeachment, pois assim o vice assumiria. Sabemos que nenhum militar em exerc\u00edcio pode ocupar um cargo pol\u00edtico. Por\u00e9m, os militares da reserva podem. O poss\u00edvel caso e que cairia bem na campanha de Bolsonaro seria o general Carlos Alberto Santos Cruz. O general ficou conhecido por comandar a miss\u00e3o de paz no Haiti (Minustah) entre setembro de 2006 e abril de 2009, tendo um total de 12 mil militares subordinados. Atingiu o posto de general de divis\u00e3o de mar\u00e7o de 2009. No retorno ao Brasil, foi comandante da 2\u00aa Divis\u00e3o de Ex\u00e9rcito e subcomandante do Comando de Opera\u00e7\u00f5es Terrestres. Passou para a reserva em novembro de 2012. Em seguida tornou-se assessor especial do Ministro da Secretaria de Assuntos Estrat\u00e9gicos da Presid\u00eancia da Rep\u00fablica. Recentemente, o militar tomou posse como novo secret\u00e1rio nacional de Seguran\u00e7a P\u00fablica. Cariri em Destaque\u00a0 Cr\u00e9ditos: PAPO TV","og_url":"https:\/\/noticiasemdestaque.com\/cd\/?p=3946","og_site_name":"Not&iacute;cias em Destaque","article_published_time":"2017-09-03T19:53:56+00:00","og_image":[{"width":1024,"height":536,"url":"https:\/\/noticiasemdestaque.com\/cd\/wp-content\/uploads\/2017\/09\/content_9d4b6b34-65f2-4ecd-808a-48556e7a8241.jpg","type":"image\/jpeg"}],"author":"Not\u00edcias em Destaque","twitter_card":"summary_large_image","twitter_misc":{"Escrito por":"Not\u00edcias em Destaque","Est. tempo de leitura":"1 minuto"},"schema":{"@context":"https:\/\/schema.org","@graph":[{"@type":"Article","@id":"https:\/\/noticiasemdestaque.com\/cd\/?p=3946#article","isPartOf":{"@id":"https:\/\/noticiasemdestaque.com\/cd\/?p=3946"},"author":{"name":"Not\u00edcias em Destaque","@id":"https:\/\/noticiasemdestaque.com\/cd\/#\/schema\/person\/21320b03a7e8bb90128938dafc9b908a"},"headline":"Jair Bolsonaro pode escolher general como vice","datePublished":"2017-09-03T19:53:56+00:00","mainEntityOfPage":{"@id":"https:\/\/noticiasemdestaque.com\/cd\/?p=3946"},"wordCount":259,"publisher":{"@id":"https:\/\/noticiasemdestaque.com\/cd\/#organization"},"image":{"@id":"https:\/\/noticiasemdestaque.com\/cd\/?p=3946#primaryimage"},"thumbnailUrl":"https:\/\/noticiasemdestaque.com\/cd\/wp-content\/uploads\/2017\/09\/content_9d4b6b34-65f2-4ecd-808a-48556e7a8241.jpg","articleSection":["Pol\u00edtica"],"inLanguage":"pt-BR"},{"@type":"WebPage","@id":"https:\/\/noticiasemdestaque.com\/cd\/?p=3946","url":"https:\/\/noticiasemdestaque.com\/cd\/?p=3946","name":"Jair Bolsonaro pode escolher general como vice - Not&iacute;cias em Destaque","isPartOf":{"@id":"https:\/\/noticiasemdestaque.com\/cd\/#website"},"primaryImageOfPage":{"@id":"https:\/\/noticiasemdestaque.com\/cd\/?p=3946#primaryimage"},"image":{"@id":"https:\/\/noticiasemdestaque.com\/cd\/?p=3946#primaryimage"},"thumbnailUrl":"https:\/\/noticiasemdestaque.com\/cd\/wp-content\/uploads\/2017\/09\/content_9d4b6b34-65f2-4ecd-808a-48556e7a8241.jpg","datePublished":"2017-09-03T19:53:56+00:00","breadcrumb":{"@id":"https:\/\/noticiasemdestaque.com\/cd\/?p=3946#breadcrumb"},"inLanguage":"pt-BR","potentialAction":[{"@type":"ReadAction","target":["https:\/\/noticiasemdestaque.com\/cd\/?p=3946"]}]},{"@type":"ImageObject","inLanguage":"pt-BR","@id":"https:\/\/noticiasemdestaque.com\/cd\/?p=3946#primaryimage","url":"https:\/\/noticiasemdestaque.com\/cd\/wp-content\/uploads\/2017\/09\/content_9d4b6b34-65f2-4ecd-808a-48556e7a8241.jpg","contentUrl":"https:\/\/noticiasemdestaque.com\/cd\/wp-content\/uploads\/2017\/09\/content_9d4b6b34-65f2-4ecd-808a-48556e7a8241.jpg","width":1024,"height":536},{"@type":"BreadcrumbList","@id":"https:\/\/noticiasemdestaque.com\/cd\/?p=3946#breadcrumb","itemListElement":[{"@type":"ListItem","position":1,"name":"In\u00edcio","item":"https:\/\/noticiasemdestaque.com\/cd\/"},{"@type":"ListItem","position":2,"name":"Jair Bolsonaro pode escolher general como vice"}]},{"@type":"WebSite","@id":"https:\/\/noticiasemdestaque.com\/cd\/#website","url":"https:\/\/noticiasemdestaque.com\/cd\/","name":"Not&iacute;cias em Destaque","description":"","publisher":{"@id":"https:\/\/noticiasemdestaque.com\/cd\/#organization"},"potentialAction":[{"@type":"SearchAction","target":{"@type":"EntryPoint","urlTemplate":"https:\/\/noticiasemdestaque.com\/cd\/?s={search_term_string}"},"query-input":{"@type":"PropertyValueSpecification","valueRequired":true,"valueName":"search_term_string"}}],"inLanguage":"pt-BR"},{"@type":"Organization","@id":"https:\/\/noticiasemdestaque.com\/cd\/#organization","name":"Not\u00edcias em Destaque","url":"https:\/\/noticiasemdestaque.com\/cd\/","logo":{"@type":"ImageObject","inLanguage":"pt-BR","@id":"https:\/\/noticiasemdestaque.com\/cd\/#\/schema\/logo\/image\/","url":"https:\/\/noticiasemdestaque.com\/cd\/wp-content\/uploads\/2022\/05\/imagem-base-noticiasemdestaque.png","contentUrl":"https:\/\/noticiasemdestaque.com\/cd\/wp-content\/uploads\/2022\/05\/imagem-base-noticiasemdestaque.png","width":1200,"height":630,"caption":"Not\u00edcias em Destaque"},"image":{"@id":"https:\/\/noticiasemdestaque.com\/cd\/#\/schema\/logo\/image\/"}},{"@type":"Person","@id":"https:\/\/noticiasemdestaque.com\/cd\/#\/schema\/person\/21320b03a7e8bb90128938dafc9b908a","name":"Not\u00edcias em Destaque","url":"https:\/\/noticiasemdestaque.com\/cd\/?author=2"}]}},"jetpack_featured_media_url":"https:\/\/noticiasemdestaque.com\/cd\/wp-content\/uploads\/2017\/09\/content_9d4b6b34-65f2-4ecd-808a-48556e7a8241.jpg","jetpack_sharing_enabled":true,"_links":{"self":[{"href":"https:\/\/noticiasemdestaque.com\/cd\/index.php?rest_route=\/wp\/v2\/posts\/3946","targetHints":{"allow":["GET"]}}],"collection":[{"href":"https:\/\/noticiasemdestaque.com\/cd\/index.php?rest_route=\/wp\/v2\/posts"}],"about":[{"href":"https:\/\/noticiasemdestaque.com\/cd\/index.php?rest_route=\/wp\/v2\/types\/post"}],"author":[{"embeddable":true,"href":"https:\/\/noticiasemdestaque.com\/cd\/index.php?rest_route=\/wp\/v2\/users\/2"}],"replies":[{"embeddable":true,"href":"https:\/\/noticiasemdestaque.com\/cd\/index.php?rest_route=%2Fwp%2Fv2%2Fcomments&post=3946"}],"version-history":[{"count":1,"href":"https:\/\/noticiasemdestaque.com\/cd\/index.php?rest_route=\/wp\/v2\/posts\/3946\/revisions"}],"predecessor-version":[{"id":3948,"href":"https:\/\/noticiasemdestaque.com\/cd\/index.php?rest_route=\/wp\/v2\/posts\/3946\/revisions\/3948"}],"wp:featuredmedia":[{"embeddable":true,"href":"https:\/\/noticiasemdestaque.com\/cd\/index.php?rest_route=\/wp\/v2\/media\/3947"}],"wp:attachment":[{"href":"https:\/\/noticiasemdestaque.com\/cd\/index.php?rest_route=%2Fwp%2Fv2%2Fmedia&parent=3946"}],"wp:term":[{"taxonomy":"category","embeddable":true,"href":"https:\/\/noticiasemdestaque.com\/cd\/index.php?rest_route=%2Fwp%2Fv2%2Fcategories&post=3946"},{"taxonomy":"post_tag","embeddable":true,"href":"https:\/\/noticiasemdestaque.com\/cd\/index.php?rest_route=%2Fwp%2Fv2%2Ftags&post=3946"}],"curies":[{"name":"wp","href":"https:\/\/api.w.org\/{rel}","templated":true}]}}