{"id":39281,"date":"2022-05-30T10:58:42","date_gmt":"2022-05-30T13:58:42","guid":{"rendered":"http:\/\/noticiasemdestaque.com\/cd\/?p=39281"},"modified":"2022-05-30T10:58:42","modified_gmt":"2022-05-30T13:58:42","slug":"pernambuco-registra-84-mortes-apos-fortes-chuvas-no-estado","status":"publish","type":"post","link":"https:\/\/noticiasemdestaque.com\/cd\/?p=39281","title":{"rendered":"Pernambuco registra 84 mortes ap\u00f3s fortes chuvas no estado"},"content":{"rendered":"<p>O governador de Pernambuco, Paulo C\u00e2mara (PSB), afirmou na noite deste domingo (29) que foram identificados 79 mortos desde sexta-feira (27), em raz\u00e3o das fortes chuvas que acometem os munic\u00edpios do estado. Com as cinco mortes ocorridas na \u00faltima quarta-feira (25), o n\u00famero de v\u00edtimas das tempestades no estado chega a 84.<\/p>\n<p>C\u00e2mara n\u00e3o descartou um n\u00famero maior de v\u00edtimas, e disse que ainda h\u00e1 relatos de pessoas desaparecidas, sem confirmar quantas n\u00e3o foram encontradas at\u00e9 o momento.<\/p>\n<div class=\"cnnTeads\"><\/div>\n<p>\u201cN\u00e3o temos o n\u00famero de desaparecidos com previs\u00e3o, mas tem relatos de v\u00edtimas das chuvas n\u00e3o encontradas ainda, mas s\u00e3o n\u00fameros que n\u00e3o temos seguran\u00e7a em rela\u00e7\u00e3o ao quantitativo\u201d, disse o governador.<\/p>\n<p>\u201cN\u00famero de desabrigados e desalojados variam muito, cada munic\u00edpio divulga esse n\u00famero, mas ainda n\u00e3o temos a precis\u00e3o adequada\u201d, acrescentou.<\/p>\n<p>O \u00faltimo balan\u00e7o da Defesa Civil informava 3.957 desabrigados, sobretudo nos munic\u00edpios da Regi\u00e3o Metropolitana e na Mata Norte.<\/p>\n<p>O governador destacou que a previs\u00e3o nas pr\u00f3ximas 24 horas \u00e9 de chuva moderada. Segundo ele, todo o efetivo do estado est\u00e1 empenhado em buscas pelos desaparecidos, al\u00e9m de equipes de outros estados que foram enviadas para auxiliar na opera\u00e7\u00e3o.<\/p>\n<p>\u201cFoi uma trag\u00e9dia muito grande, e estamos desde ent\u00e3o disponibilizando equipes, todo o efetivo que t\u00ednhamos disponibilizamos na madrugada do s\u00e1bado. Tivemos desde ontem \u00e0 noite o refor\u00e7o das for\u00e7as armadas, o Ex\u00e9rcito e a Marinha nos apoiando. E estados vizinhos tamb\u00e9m encaminharam efetivo, e est\u00e3o concentrados em 12 pontos mais cr\u00edticos, onde existe ainda not\u00edcias de desaparecimento de pessoas\u201d, pontuou Paulo C\u00e2mara.<\/p>\n<h2>Aux\u00edlio aos munic\u00edpios<\/h2>\n<p>O governador Paulo C\u00e2mara tamb\u00e9m anunciou que autorizou a disponibiliza\u00e7\u00e3o de R$ 100 milh\u00f5es para atendimento dos munic\u00edpios atingidos pelas chuvas.<\/p>\n<p>\u201cEsse montante \u00e9 o que estamos liberando de forma emergencial. Ainda temos previs\u00e3o de continuidade das chuvas e os trabalhos de buscas de pessoas soterradas em 12 pontos da Regi\u00e3o Metropolitana do Recife. A determina\u00e7\u00e3o para a Secretaria de Defesa Social e o Corpo de Bombeiros \u00e9 que nossas equipes permane\u00e7am nos locais at\u00e9 que a \u00faltima v\u00edtima seja resgatada\u201d, afirmou o governador.<\/p>\n<p>O governo de Pernambuco disse, em nota, que os recursos estar\u00e3o dispon\u00edveis para as prefeituras j\u00e1 nessa semana.<\/p>\n<p>At\u00e9 o momento, 14 munic\u00edpios decretaram situa\u00e7\u00e3o de emerg\u00eancia em raz\u00e3o das chuvas. S\u00e3o eles: Recife, Olinda, Jaboat\u00e3o dos Guararapes, S\u00e3o Jos\u00e9 da Coroa Grande, Moreno, Nazar\u00e9, Macaparana, Cabo de Santo Agostinho, S\u00e3o Vicente Ferrer, Paudalho, Paulista, Goiana, Timbauba e Camaragibe.<\/p>\n<p>Fonte: CNN Brasil<\/p>\n","protected":false},"excerpt":{"rendered":"<p>O governador de Pernambuco, Paulo C\u00e2mara (PSB), afirmou na noite deste domingo (29) que foram identificados 79 mortos desde sexta-feira (27), em raz\u00e3o das fortes chuvas que acometem os munic\u00edpios do estado. Com as cinco mortes ocorridas na \u00faltima quarta-feira (25), o n\u00famero de v\u00edtimas das tempestades no estado chega a 84. C\u00e2mara n\u00e3o descartou um n\u00famero maior de v\u00edtimas, e disse que ainda h\u00e1 relatos de pessoas desaparecidas, sem confirmar quantas n\u00e3o foram encontradas at\u00e9 o momento. \u201cN\u00e3o temos o n\u00famero de desaparecidos com previs\u00e3o, mas tem relatos de v\u00edtimas das chuvas n\u00e3o encontradas ainda, mas s\u00e3o n\u00fameros que n\u00e3o temos seguran\u00e7a em rela\u00e7\u00e3o ao quantitativo\u201d, disse o governador. \u201cN\u00famero de desabrigados e desalojados variam muito, cada munic\u00edpio divulga esse n\u00famero, mas ainda n\u00e3o temos a precis\u00e3o adequada\u201d, acrescentou. O \u00faltimo balan\u00e7o da Defesa Civil informava 3.957 desabrigados, sobretudo nos munic\u00edpios da Regi\u00e3o Metropolitana e na Mata Norte. O governador destacou que a previs\u00e3o nas pr\u00f3ximas 24 horas \u00e9 de chuva moderada. Segundo ele, todo o efetivo do estado est\u00e1 empenhado em buscas pelos desaparecidos, al\u00e9m de equipes de outros estados que foram enviadas para auxiliar na opera\u00e7\u00e3o. \u201cFoi uma trag\u00e9dia muito grande, e estamos desde ent\u00e3o disponibilizando equipes, todo o efetivo que t\u00ednhamos disponibilizamos na madrugada do s\u00e1bado. Tivemos desde ontem \u00e0 noite o refor\u00e7o das for\u00e7as armadas, o Ex\u00e9rcito e a Marinha nos apoiando. E estados vizinhos tamb\u00e9m encaminharam efetivo, e est\u00e3o concentrados em 12 pontos mais cr\u00edticos, onde existe ainda not\u00edcias de desaparecimento de pessoas\u201d, pontuou Paulo C\u00e2mara. Aux\u00edlio aos munic\u00edpios O governador Paulo C\u00e2mara tamb\u00e9m anunciou que autorizou a disponibiliza\u00e7\u00e3o de R$ 100 milh\u00f5es para atendimento dos munic\u00edpios atingidos pelas chuvas. \u201cEsse montante \u00e9 o que estamos liberando de forma emergencial. Ainda temos previs\u00e3o de continuidade das chuvas e os trabalhos de buscas de pessoas soterradas em 12 pontos da Regi\u00e3o Metropolitana do Recife. A determina\u00e7\u00e3o para a Secretaria de Defesa Social e o Corpo de Bombeiros \u00e9 que nossas equipes permane\u00e7am nos locais at\u00e9 que a \u00faltima v\u00edtima seja resgatada\u201d, afirmou o governador. O governo de Pernambuco disse, em nota, que os recursos estar\u00e3o dispon\u00edveis para as prefeituras j\u00e1 nessa semana. At\u00e9 o momento, 14 munic\u00edpios decretaram situa\u00e7\u00e3o de emerg\u00eancia em raz\u00e3o das chuvas. S\u00e3o eles: Recife, Olinda, Jaboat\u00e3o dos Guararapes, S\u00e3o Jos\u00e9 da Coroa Grande, Moreno, Nazar\u00e9, Macaparana, Cabo de Santo Agostinho, S\u00e3o Vicente Ferrer, Paudalho, Paulista, Goiana, Timbauba e Camaragibe. Fonte: CNN Brasil<\/p>\n","protected":false},"author":2,"featured_media":39285,"comment_status":"closed","ping_status":"open","sticky":false,"template":"","format":"standard","meta":{"_eb_attr":"","_jetpack_memberships_contains_paid_content":false,"footnotes":""},"categories":[3],"tags":[],"class_list":["post-39281","post","type-post","status-publish","format-standard","has-post-thumbnail","hentry","category-cidades"],"yoast_head":"<!-- This site is optimized with the Yoast SEO plugin v26.5 - https:\/\/yoast.com\/wordpress\/plugins\/seo\/ -->\n<title>Pernambuco registra 84 mortes ap\u00f3s fortes chuvas no estado - Not&iacute;cias em Destaque<\/title>\n<meta name=\"robots\" content=\"index, follow, max-snippet:-1, max-image-preview:large, max-video-preview:-1\" \/>\n<link rel=\"canonical\" href=\"https:\/\/noticiasemdestaque.com\/cd\/?p=39281\" \/>\n<meta property=\"og:locale\" content=\"pt_BR\" \/>\n<meta property=\"og:type\" content=\"article\" \/>\n<meta property=\"og:title\" content=\"Pernambuco registra 84 mortes ap\u00f3s fortes chuvas no estado - Not&iacute;cias em Destaque\" \/>\n<meta property=\"og:description\" content=\"O governador de Pernambuco, Paulo C\u00e2mara (PSB), afirmou na noite deste domingo (29) que foram identificados 79 mortos desde sexta-feira (27), em raz\u00e3o das fortes chuvas que acometem os munic\u00edpios do estado. Com as cinco mortes ocorridas na \u00faltima quarta-feira (25), o n\u00famero de v\u00edtimas das tempestades no estado chega a 84. C\u00e2mara n\u00e3o descartou um n\u00famero maior de v\u00edtimas, e disse que ainda h\u00e1 relatos de pessoas desaparecidas, sem confirmar quantas n\u00e3o foram encontradas at\u00e9 o momento. \u201cN\u00e3o temos o n\u00famero de desaparecidos com previs\u00e3o, mas tem relatos de v\u00edtimas das chuvas n\u00e3o encontradas ainda, mas s\u00e3o n\u00fameros que n\u00e3o temos seguran\u00e7a em rela\u00e7\u00e3o ao quantitativo\u201d, disse o governador. \u201cN\u00famero de desabrigados e desalojados variam muito, cada munic\u00edpio divulga esse n\u00famero, mas ainda n\u00e3o temos a precis\u00e3o adequada\u201d, acrescentou. O \u00faltimo balan\u00e7o da Defesa Civil informava 3.957 desabrigados, sobretudo nos munic\u00edpios da Regi\u00e3o Metropolitana e na Mata Norte. O governador destacou que a previs\u00e3o nas pr\u00f3ximas 24 horas \u00e9 de chuva moderada. Segundo ele, todo o efetivo do estado est\u00e1 empenhado em buscas pelos desaparecidos, al\u00e9m de equipes de outros estados que foram enviadas para auxiliar na opera\u00e7\u00e3o. \u201cFoi uma trag\u00e9dia muito grande, e estamos desde ent\u00e3o disponibilizando equipes, todo o efetivo que t\u00ednhamos disponibilizamos na madrugada do s\u00e1bado. Tivemos desde ontem \u00e0 noite o refor\u00e7o das for\u00e7as armadas, o Ex\u00e9rcito e a Marinha nos apoiando. E estados vizinhos tamb\u00e9m encaminharam efetivo, e est\u00e3o concentrados em 12 pontos mais cr\u00edticos, onde existe ainda not\u00edcias de desaparecimento de pessoas\u201d, pontuou Paulo C\u00e2mara. Aux\u00edlio aos munic\u00edpios O governador Paulo C\u00e2mara tamb\u00e9m anunciou que autorizou a disponibiliza\u00e7\u00e3o de R$ 100 milh\u00f5es para atendimento dos munic\u00edpios atingidos pelas chuvas. \u201cEsse montante \u00e9 o que estamos liberando de forma emergencial. Ainda temos previs\u00e3o de continuidade das chuvas e os trabalhos de buscas de pessoas soterradas em 12 pontos da Regi\u00e3o Metropolitana do Recife. A determina\u00e7\u00e3o para a Secretaria de Defesa Social e o Corpo de Bombeiros \u00e9 que nossas equipes permane\u00e7am nos locais at\u00e9 que a \u00faltima v\u00edtima seja resgatada\u201d, afirmou o governador. O governo de Pernambuco disse, em nota, que os recursos estar\u00e3o dispon\u00edveis para as prefeituras j\u00e1 nessa semana. At\u00e9 o momento, 14 munic\u00edpios decretaram situa\u00e7\u00e3o de emerg\u00eancia em raz\u00e3o das chuvas. S\u00e3o eles: Recife, Olinda, Jaboat\u00e3o dos Guararapes, S\u00e3o Jos\u00e9 da Coroa Grande, Moreno, Nazar\u00e9, Macaparana, Cabo de Santo Agostinho, S\u00e3o Vicente Ferrer, Paudalho, Paulista, Goiana, Timbauba e Camaragibe. Fonte: CNN Brasil\" \/>\n<meta property=\"og:url\" content=\"https:\/\/noticiasemdestaque.com\/cd\/?p=39281\" \/>\n<meta property=\"og:site_name\" content=\"Not&iacute;cias em Destaque\" \/>\n<meta property=\"article:published_time\" content=\"2022-05-30T13:58:42+00:00\" \/>\n<meta property=\"og:image\" content=\"https:\/\/noticiasemdestaque.com\/cd\/wp-content\/uploads\/2022\/05\/whatsapp-image-2020-03-05-at-13.39.05.jpeg\" \/>\n\t<meta property=\"og:image:width\" content=\"600\" \/>\n\t<meta property=\"og:image:height\" content=\"450\" \/>\n\t<meta property=\"og:image:type\" content=\"image\/jpeg\" \/>\n<meta name=\"author\" content=\"Not\u00edcias em Destaque\" \/>\n<meta name=\"twitter:card\" content=\"summary_large_image\" \/>\n<meta name=\"twitter:label1\" content=\"Escrito por\" \/>\n\t<meta name=\"twitter:data1\" content=\"Not\u00edcias em Destaque\" \/>\n\t<meta name=\"twitter:label2\" content=\"Est. tempo de leitura\" \/>\n\t<meta name=\"twitter:data2\" content=\"3 minutos\" \/>\n<script type=\"application\/ld+json\" class=\"yoast-schema-graph\">{\"@context\":\"https:\/\/schema.org\",\"@graph\":[{\"@type\":\"Article\",\"@id\":\"https:\/\/noticiasemdestaque.com\/cd\/?p=39281#article\",\"isPartOf\":{\"@id\":\"https:\/\/noticiasemdestaque.com\/cd\/?p=39281\"},\"author\":{\"name\":\"Not\u00edcias em Destaque\",\"@id\":\"https:\/\/noticiasemdestaque.com\/cd\/#\/schema\/person\/4a81fb71f77579d059c3045891fa1786\"},\"headline\":\"Pernambuco registra 84 mortes ap\u00f3s fortes chuvas no estado\",\"datePublished\":\"2022-05-30T13:58:42+00:00\",\"mainEntityOfPage\":{\"@id\":\"https:\/\/noticiasemdestaque.com\/cd\/?p=39281\"},\"wordCount\":461,\"publisher\":{\"@id\":\"https:\/\/noticiasemdestaque.com\/cd\/#organization\"},\"image\":{\"@id\":\"https:\/\/noticiasemdestaque.com\/cd\/?p=39281#primaryimage\"},\"thumbnailUrl\":\"https:\/\/noticiasemdestaque.com\/cd\/wp-content\/uploads\/2022\/05\/whatsapp-image-2020-03-05-at-13.39.05.jpeg\",\"articleSection\":[\"Cidades\"],\"inLanguage\":\"pt-BR\"},{\"@type\":\"WebPage\",\"@id\":\"https:\/\/noticiasemdestaque.com\/cd\/?p=39281\",\"url\":\"https:\/\/noticiasemdestaque.com\/cd\/?p=39281\",\"name\":\"Pernambuco registra 84 mortes ap\u00f3s fortes chuvas no estado - Not&iacute;cias em Destaque\",\"isPartOf\":{\"@id\":\"https:\/\/noticiasemdestaque.com\/cd\/#website\"},\"primaryImageOfPage\":{\"@id\":\"https:\/\/noticiasemdestaque.com\/cd\/?p=39281#primaryimage\"},\"image\":{\"@id\":\"https:\/\/noticiasemdestaque.com\/cd\/?p=39281#primaryimage\"},\"thumbnailUrl\":\"https:\/\/noticiasemdestaque.com\/cd\/wp-content\/uploads\/2022\/05\/whatsapp-image-2020-03-05-at-13.39.05.jpeg\",\"datePublished\":\"2022-05-30T13:58:42+00:00\",\"breadcrumb\":{\"@id\":\"https:\/\/noticiasemdestaque.com\/cd\/?p=39281#breadcrumb\"},\"inLanguage\":\"pt-BR\",\"potentialAction\":[{\"@type\":\"ReadAction\",\"target\":[\"https:\/\/noticiasemdestaque.com\/cd\/?p=39281\"]}]},{\"@type\":\"ImageObject\",\"inLanguage\":\"pt-BR\",\"@id\":\"https:\/\/noticiasemdestaque.com\/cd\/?p=39281#primaryimage\",\"url\":\"https:\/\/noticiasemdestaque.com\/cd\/wp-content\/uploads\/2022\/05\/whatsapp-image-2020-03-05-at-13.39.05.jpeg\",\"contentUrl\":\"https:\/\/noticiasemdestaque.com\/cd\/wp-content\/uploads\/2022\/05\/whatsapp-image-2020-03-05-at-13.39.05.jpeg\",\"width\":600,\"height\":450},{\"@type\":\"BreadcrumbList\",\"@id\":\"https:\/\/noticiasemdestaque.com\/cd\/?p=39281#breadcrumb\",\"itemListElement\":[{\"@type\":\"ListItem\",\"position\":1,\"name\":\"In\u00edcio\",\"item\":\"https:\/\/noticiasemdestaque.com\/cd\/\"},{\"@type\":\"ListItem\",\"position\":2,\"name\":\"Pernambuco registra 84 mortes ap\u00f3s fortes chuvas no estado\"}]},{\"@type\":\"WebSite\",\"@id\":\"https:\/\/noticiasemdestaque.com\/cd\/#website\",\"url\":\"https:\/\/noticiasemdestaque.com\/cd\/\",\"name\":\"Not&iacute;cias em Destaque\",\"description\":\"\",\"publisher\":{\"@id\":\"https:\/\/noticiasemdestaque.com\/cd\/#organization\"},\"potentialAction\":[{\"@type\":\"SearchAction\",\"target\":{\"@type\":\"EntryPoint\",\"urlTemplate\":\"https:\/\/noticiasemdestaque.com\/cd\/?s={search_term_string}\"},\"query-input\":{\"@type\":\"PropertyValueSpecification\",\"valueRequired\":true,\"valueName\":\"search_term_string\"}}],\"inLanguage\":\"pt-BR\"},{\"@type\":\"Organization\",\"@id\":\"https:\/\/noticiasemdestaque.com\/cd\/#organization\",\"name\":\"Not\u00edcias em Destaque\",\"url\":\"https:\/\/noticiasemdestaque.com\/cd\/\",\"logo\":{\"@type\":\"ImageObject\",\"inLanguage\":\"pt-BR\",\"@id\":\"https:\/\/noticiasemdestaque.com\/cd\/#\/schema\/logo\/image\/\",\"url\":\"https:\/\/noticiasemdestaque.com\/cd\/wp-content\/uploads\/2022\/05\/imagem-base-noticiasemdestaque.png\",\"contentUrl\":\"https:\/\/noticiasemdestaque.com\/cd\/wp-content\/uploads\/2022\/05\/imagem-base-noticiasemdestaque.png\",\"width\":1200,\"height\":630,\"caption\":\"Not\u00edcias em Destaque\"},\"image\":{\"@id\":\"https:\/\/noticiasemdestaque.com\/cd\/#\/schema\/logo\/image\/\"}},{\"@type\":\"Person\",\"@id\":\"https:\/\/noticiasemdestaque.com\/cd\/#\/schema\/person\/4a81fb71f77579d059c3045891fa1786\",\"name\":\"Not\u00edcias em Destaque\",\"url\":\"https:\/\/noticiasemdestaque.com\/cd\/?author=2\"}]}<\/script>\n<!-- \/ Yoast SEO plugin. -->","yoast_head_json":{"title":"Pernambuco registra 84 mortes ap\u00f3s fortes chuvas no estado - Not&iacute;cias em Destaque","robots":{"index":"index","follow":"follow","max-snippet":"max-snippet:-1","max-image-preview":"max-image-preview:large","max-video-preview":"max-video-preview:-1"},"canonical":"https:\/\/noticiasemdestaque.com\/cd\/?p=39281","og_locale":"pt_BR","og_type":"article","og_title":"Pernambuco registra 84 mortes ap\u00f3s fortes chuvas no estado - Not&iacute;cias em Destaque","og_description":"O governador de Pernambuco, Paulo C\u00e2mara (PSB), afirmou na noite deste domingo (29) que foram identificados 79 mortos desde sexta-feira (27), em raz\u00e3o das fortes chuvas que acometem os munic\u00edpios do estado. Com as cinco mortes ocorridas na \u00faltima quarta-feira (25), o n\u00famero de v\u00edtimas das tempestades no estado chega a 84. C\u00e2mara n\u00e3o descartou um n\u00famero maior de v\u00edtimas, e disse que ainda h\u00e1 relatos de pessoas desaparecidas, sem confirmar quantas n\u00e3o foram encontradas at\u00e9 o momento. \u201cN\u00e3o temos o n\u00famero de desaparecidos com previs\u00e3o, mas tem relatos de v\u00edtimas das chuvas n\u00e3o encontradas ainda, mas s\u00e3o n\u00fameros que n\u00e3o temos seguran\u00e7a em rela\u00e7\u00e3o ao quantitativo\u201d, disse o governador. \u201cN\u00famero de desabrigados e desalojados variam muito, cada munic\u00edpio divulga esse n\u00famero, mas ainda n\u00e3o temos a precis\u00e3o adequada\u201d, acrescentou. O \u00faltimo balan\u00e7o da Defesa Civil informava 3.957 desabrigados, sobretudo nos munic\u00edpios da Regi\u00e3o Metropolitana e na Mata Norte. O governador destacou que a previs\u00e3o nas pr\u00f3ximas 24 horas \u00e9 de chuva moderada. Segundo ele, todo o efetivo do estado est\u00e1 empenhado em buscas pelos desaparecidos, al\u00e9m de equipes de outros estados que foram enviadas para auxiliar na opera\u00e7\u00e3o. \u201cFoi uma trag\u00e9dia muito grande, e estamos desde ent\u00e3o disponibilizando equipes, todo o efetivo que t\u00ednhamos disponibilizamos na madrugada do s\u00e1bado. Tivemos desde ontem \u00e0 noite o refor\u00e7o das for\u00e7as armadas, o Ex\u00e9rcito e a Marinha nos apoiando. E estados vizinhos tamb\u00e9m encaminharam efetivo, e est\u00e3o concentrados em 12 pontos mais cr\u00edticos, onde existe ainda not\u00edcias de desaparecimento de pessoas\u201d, pontuou Paulo C\u00e2mara. Aux\u00edlio aos munic\u00edpios O governador Paulo C\u00e2mara tamb\u00e9m anunciou que autorizou a disponibiliza\u00e7\u00e3o de R$ 100 milh\u00f5es para atendimento dos munic\u00edpios atingidos pelas chuvas. \u201cEsse montante \u00e9 o que estamos liberando de forma emergencial. Ainda temos previs\u00e3o de continuidade das chuvas e os trabalhos de buscas de pessoas soterradas em 12 pontos da Regi\u00e3o Metropolitana do Recife. A determina\u00e7\u00e3o para a Secretaria de Defesa Social e o Corpo de Bombeiros \u00e9 que nossas equipes permane\u00e7am nos locais at\u00e9 que a \u00faltima v\u00edtima seja resgatada\u201d, afirmou o governador. O governo de Pernambuco disse, em nota, que os recursos estar\u00e3o dispon\u00edveis para as prefeituras j\u00e1 nessa semana. At\u00e9 o momento, 14 munic\u00edpios decretaram situa\u00e7\u00e3o de emerg\u00eancia em raz\u00e3o das chuvas. S\u00e3o eles: Recife, Olinda, Jaboat\u00e3o dos Guararapes, S\u00e3o Jos\u00e9 da Coroa Grande, Moreno, Nazar\u00e9, Macaparana, Cabo de Santo Agostinho, S\u00e3o Vicente Ferrer, Paudalho, Paulista, Goiana, Timbauba e Camaragibe. Fonte: CNN Brasil","og_url":"https:\/\/noticiasemdestaque.com\/cd\/?p=39281","og_site_name":"Not&iacute;cias em Destaque","article_published_time":"2022-05-30T13:58:42+00:00","og_image":[{"width":600,"height":450,"url":"https:\/\/noticiasemdestaque.com\/cd\/wp-content\/uploads\/2022\/05\/whatsapp-image-2020-03-05-at-13.39.05.jpeg","type":"image\/jpeg"}],"author":"Not\u00edcias em Destaque","twitter_card":"summary_large_image","twitter_misc":{"Escrito por":"Not\u00edcias em Destaque","Est. tempo de leitura":"3 minutos"},"schema":{"@context":"https:\/\/schema.org","@graph":[{"@type":"Article","@id":"https:\/\/noticiasemdestaque.com\/cd\/?p=39281#article","isPartOf":{"@id":"https:\/\/noticiasemdestaque.com\/cd\/?p=39281"},"author":{"name":"Not\u00edcias em Destaque","@id":"https:\/\/noticiasemdestaque.com\/cd\/#\/schema\/person\/4a81fb71f77579d059c3045891fa1786"},"headline":"Pernambuco registra 84 mortes ap\u00f3s fortes chuvas no estado","datePublished":"2022-05-30T13:58:42+00:00","mainEntityOfPage":{"@id":"https:\/\/noticiasemdestaque.com\/cd\/?p=39281"},"wordCount":461,"publisher":{"@id":"https:\/\/noticiasemdestaque.com\/cd\/#organization"},"image":{"@id":"https:\/\/noticiasemdestaque.com\/cd\/?p=39281#primaryimage"},"thumbnailUrl":"https:\/\/noticiasemdestaque.com\/cd\/wp-content\/uploads\/2022\/05\/whatsapp-image-2020-03-05-at-13.39.05.jpeg","articleSection":["Cidades"],"inLanguage":"pt-BR"},{"@type":"WebPage","@id":"https:\/\/noticiasemdestaque.com\/cd\/?p=39281","url":"https:\/\/noticiasemdestaque.com\/cd\/?p=39281","name":"Pernambuco registra 84 mortes ap\u00f3s fortes chuvas no estado - Not&iacute;cias em Destaque","isPartOf":{"@id":"https:\/\/noticiasemdestaque.com\/cd\/#website"},"primaryImageOfPage":{"@id":"https:\/\/noticiasemdestaque.com\/cd\/?p=39281#primaryimage"},"image":{"@id":"https:\/\/noticiasemdestaque.com\/cd\/?p=39281#primaryimage"},"thumbnailUrl":"https:\/\/noticiasemdestaque.com\/cd\/wp-content\/uploads\/2022\/05\/whatsapp-image-2020-03-05-at-13.39.05.jpeg","datePublished":"2022-05-30T13:58:42+00:00","breadcrumb":{"@id":"https:\/\/noticiasemdestaque.com\/cd\/?p=39281#breadcrumb"},"inLanguage":"pt-BR","potentialAction":[{"@type":"ReadAction","target":["https:\/\/noticiasemdestaque.com\/cd\/?p=39281"]}]},{"@type":"ImageObject","inLanguage":"pt-BR","@id":"https:\/\/noticiasemdestaque.com\/cd\/?p=39281#primaryimage","url":"https:\/\/noticiasemdestaque.com\/cd\/wp-content\/uploads\/2022\/05\/whatsapp-image-2020-03-05-at-13.39.05.jpeg","contentUrl":"https:\/\/noticiasemdestaque.com\/cd\/wp-content\/uploads\/2022\/05\/whatsapp-image-2020-03-05-at-13.39.05.jpeg","width":600,"height":450},{"@type":"BreadcrumbList","@id":"https:\/\/noticiasemdestaque.com\/cd\/?p=39281#breadcrumb","itemListElement":[{"@type":"ListItem","position":1,"name":"In\u00edcio","item":"https:\/\/noticiasemdestaque.com\/cd\/"},{"@type":"ListItem","position":2,"name":"Pernambuco registra 84 mortes ap\u00f3s fortes chuvas no estado"}]},{"@type":"WebSite","@id":"https:\/\/noticiasemdestaque.com\/cd\/#website","url":"https:\/\/noticiasemdestaque.com\/cd\/","name":"Not&iacute;cias em Destaque","description":"","publisher":{"@id":"https:\/\/noticiasemdestaque.com\/cd\/#organization"},"potentialAction":[{"@type":"SearchAction","target":{"@type":"EntryPoint","urlTemplate":"https:\/\/noticiasemdestaque.com\/cd\/?s={search_term_string}"},"query-input":{"@type":"PropertyValueSpecification","valueRequired":true,"valueName":"search_term_string"}}],"inLanguage":"pt-BR"},{"@type":"Organization","@id":"https:\/\/noticiasemdestaque.com\/cd\/#organization","name":"Not\u00edcias em Destaque","url":"https:\/\/noticiasemdestaque.com\/cd\/","logo":{"@type":"ImageObject","inLanguage":"pt-BR","@id":"https:\/\/noticiasemdestaque.com\/cd\/#\/schema\/logo\/image\/","url":"https:\/\/noticiasemdestaque.com\/cd\/wp-content\/uploads\/2022\/05\/imagem-base-noticiasemdestaque.png","contentUrl":"https:\/\/noticiasemdestaque.com\/cd\/wp-content\/uploads\/2022\/05\/imagem-base-noticiasemdestaque.png","width":1200,"height":630,"caption":"Not\u00edcias em Destaque"},"image":{"@id":"https:\/\/noticiasemdestaque.com\/cd\/#\/schema\/logo\/image\/"}},{"@type":"Person","@id":"https:\/\/noticiasemdestaque.com\/cd\/#\/schema\/person\/4a81fb71f77579d059c3045891fa1786","name":"Not\u00edcias em Destaque","url":"https:\/\/noticiasemdestaque.com\/cd\/?author=2"}]}},"jetpack_featured_media_url":"https:\/\/noticiasemdestaque.com\/cd\/wp-content\/uploads\/2022\/05\/whatsapp-image-2020-03-05-at-13.39.05.jpeg","jetpack_sharing_enabled":true,"_links":{"self":[{"href":"https:\/\/noticiasemdestaque.com\/cd\/index.php?rest_route=\/wp\/v2\/posts\/39281","targetHints":{"allow":["GET"]}}],"collection":[{"href":"https:\/\/noticiasemdestaque.com\/cd\/index.php?rest_route=\/wp\/v2\/posts"}],"about":[{"href":"https:\/\/noticiasemdestaque.com\/cd\/index.php?rest_route=\/wp\/v2\/types\/post"}],"author":[{"embeddable":true,"href":"https:\/\/noticiasemdestaque.com\/cd\/index.php?rest_route=\/wp\/v2\/users\/2"}],"replies":[{"embeddable":true,"href":"https:\/\/noticiasemdestaque.com\/cd\/index.php?rest_route=%2Fwp%2Fv2%2Fcomments&post=39281"}],"version-history":[{"count":2,"href":"https:\/\/noticiasemdestaque.com\/cd\/index.php?rest_route=\/wp\/v2\/posts\/39281\/revisions"}],"predecessor-version":[{"id":39287,"href":"https:\/\/noticiasemdestaque.com\/cd\/index.php?rest_route=\/wp\/v2\/posts\/39281\/revisions\/39287"}],"wp:featuredmedia":[{"embeddable":true,"href":"https:\/\/noticiasemdestaque.com\/cd\/index.php?rest_route=\/wp\/v2\/media\/39285"}],"wp:attachment":[{"href":"https:\/\/noticiasemdestaque.com\/cd\/index.php?rest_route=%2Fwp%2Fv2%2Fmedia&parent=39281"}],"wp:term":[{"taxonomy":"category","embeddable":true,"href":"https:\/\/noticiasemdestaque.com\/cd\/index.php?rest_route=%2Fwp%2Fv2%2Fcategories&post=39281"},{"taxonomy":"post_tag","embeddable":true,"href":"https:\/\/noticiasemdestaque.com\/cd\/index.php?rest_route=%2Fwp%2Fv2%2Ftags&post=39281"}],"curies":[{"name":"wp","href":"https:\/\/api.w.org\/{rel}","templated":true}]}}