{"id":3922,"date":"2017-09-02T11:34:35","date_gmt":"2017-09-02T14:34:35","guid":{"rendered":"http:\/\/caririemdestaque.com\/cd\/?p=3922"},"modified":"2017-09-02T11:34:35","modified_gmt":"2017-09-02T14:34:35","slug":"profissionais-do-direito-politicos-e-pesquisadores-discutem-modelo-eleitoral-no-brasil","status":"publish","type":"post","link":"https:\/\/noticiasemdestaque.com\/cd\/?p=3922","title":{"rendered":"Profissionais do Direito, pol\u00edticos e pesquisadores discutem modelo eleitoral no Brasil"},"content":{"rendered":"<p><a href=\"http:\/\/caririemdestaque.com\/cd\/wp-content\/uploads\/2017\/09\/Elei\u00e7\u00f5es.jpg\"><img fetchpriority=\"high\" decoding=\"async\" class=\"wp-image-3923 size-medium alignleft\" src=\"http:\/\/caririemdestaque.com\/cd\/wp-content\/uploads\/2017\/09\/Elei\u00e7\u00f5es-300x200.jpg\" alt=\"\" width=\"300\" height=\"200\" srcset=\"https:\/\/noticiasemdestaque.com\/cd\/wp-content\/uploads\/2017\/09\/Elei\u00e7\u00f5es-300x200.jpg 300w, https:\/\/noticiasemdestaque.com\/cd\/wp-content\/uploads\/2017\/09\/Elei\u00e7\u00f5es-768x512.jpg 768w, https:\/\/noticiasemdestaque.com\/cd\/wp-content\/uploads\/2017\/09\/Elei\u00e7\u00f5es-1024x683.jpg 1024w, https:\/\/noticiasemdestaque.com\/cd\/wp-content\/uploads\/2017\/09\/Elei\u00e7\u00f5es-480x320.jpg 480w\" sizes=\"(max-width: 300px) 100vw, 300px\" \/><\/a><\/p>\n<p>A falta de participa\u00e7\u00e3o popular, de credibilidade do Congresso Nacional e de vontade da classe pol\u00edtica foram apontados como alguns dos principais entraves para a realiza\u00e7\u00e3o da reforma no sistema pol\u00edtico e eleitoral do Pa\u00eds. A tem\u00e1tica faz parte das discuss\u00f5es de Semin\u00e1rio aberto, ontem \u00e0 tarde, pela presidente do Tribunal Regional Eleitoral da Para\u00edba (TRE-PB), desembargadora Maria das Gra\u00e7as Morais Guedes, em Jo\u00e3o Pessoa, com a participa\u00e7\u00e3o de autoridades e especialista no assunto.<\/p>\n<p>Promovido pela Escola Judici\u00e1ria Eleitoral (EJE-PB), em comemora\u00e7\u00e3o aos 15 anos da funda\u00e7\u00e3o da institui\u00e7\u00e3o, o Semin\u00e1rio visa contribuir para o debate sobre propostas de Reforma Pol\u00edtica que trar\u00e3o consequ\u00eancias para todos os brasileiros e mudan\u00e7as no sistema eleitoral brasileiro.<\/p>\n<p>O presidente do Instituto Nacional do Seguro Social (INSS), Leonardo Gadelha, foi um dos palestrantes do evento e classificou como casu\u00edstica qualquer reforma pol\u00edtica pr\u00f3xima da realiza\u00e7\u00e3o do pleito. Segundo ele, que j\u00e1 ocupou cadeira na C\u00e2mara dos Deputados, h\u00e1 mais de 25 anos se tenta promover uma reforma nos sistema pol\u00edtico e eleitoral no Brasil, mas sem \u00eaxito.<\/p>\n<p>Ele tamb\u00e9m criticou a aus\u00eancia de debates com a popula\u00e7\u00e3o, para opinar sobre as propostas e qual poderia ser o melhor modelo a ser utilizado, tanto para o sistema de vota\u00e7\u00e3o, quanto para o financiamento de campanha. O advogado F\u00e1bio Brito, debatedor do evento, apontou a falta de credibilidade dos integrantes do Congresso Nacional como uma das causas para a dificuldade na realiza\u00e7\u00e3o da reforma, bem como a falta de engajamento da sociedade. J\u00e1 o advogado Harrison Targino, que tamb\u00e9m participou dos debates, considera que o momento n\u00e3o \u00e9 oportuno para realiza\u00e7\u00e3o da reforma no sistema pol\u00edtico e eleitoral do Pa\u00eds, n\u00e3o s\u00f3 por conta da crise, mas pela falta de consenso entre os parlamentares.<\/p>\n<p>Com PBAgora<\/p>\n","protected":false},"excerpt":{"rendered":"<p>A falta de participa\u00e7\u00e3o popular, de credibilidade do Congresso Nacional e de vontade da classe pol\u00edtica foram apontados como alguns dos principais entraves para a realiza\u00e7\u00e3o da reforma no sistema pol\u00edtico e eleitoral do Pa\u00eds. A tem\u00e1tica faz parte das discuss\u00f5es de Semin\u00e1rio aberto, ontem \u00e0 tarde, pela presidente do Tribunal Regional Eleitoral da Para\u00edba (TRE-PB), desembargadora Maria das Gra\u00e7as Morais Guedes, em Jo\u00e3o Pessoa, com a participa\u00e7\u00e3o de autoridades e especialista no assunto. Promovido pela Escola Judici\u00e1ria Eleitoral (EJE-PB), em comemora\u00e7\u00e3o aos 15 anos da funda\u00e7\u00e3o da institui\u00e7\u00e3o, o Semin\u00e1rio visa contribuir para o debate sobre propostas de Reforma Pol\u00edtica que trar\u00e3o consequ\u00eancias para todos os brasileiros e mudan\u00e7as no sistema eleitoral brasileiro. O presidente do Instituto Nacional do Seguro Social (INSS), Leonardo Gadelha, foi um dos palestrantes do evento e classificou como casu\u00edstica qualquer reforma pol\u00edtica pr\u00f3xima da realiza\u00e7\u00e3o do pleito. Segundo ele, que j\u00e1 ocupou cadeira na C\u00e2mara dos Deputados, h\u00e1 mais de 25 anos se tenta promover uma reforma nos sistema pol\u00edtico e eleitoral no Brasil, mas sem \u00eaxito. Ele tamb\u00e9m criticou a aus\u00eancia de debates com a popula\u00e7\u00e3o, para opinar sobre as propostas e qual poderia ser o melhor modelo a ser utilizado, tanto para o sistema de vota\u00e7\u00e3o, quanto para o financiamento de campanha. O advogado F\u00e1bio Brito, debatedor do evento, apontou a falta de credibilidade dos integrantes do Congresso Nacional como uma das causas para a dificuldade na realiza\u00e7\u00e3o da reforma, bem como a falta de engajamento da sociedade. J\u00e1 o advogado Harrison Targino, que tamb\u00e9m participou dos debates, considera que o momento n\u00e3o \u00e9 oportuno para realiza\u00e7\u00e3o da reforma no sistema pol\u00edtico e eleitoral do Pa\u00eds, n\u00e3o s\u00f3 por conta da crise, mas pela falta de consenso entre os parlamentares. Com PBAgora<\/p>\n","protected":false},"author":2,"featured_media":3923,"comment_status":"closed","ping_status":"open","sticky":false,"template":"","format":"standard","meta":{"_eb_attr":"","_jetpack_memberships_contains_paid_content":false,"footnotes":""},"categories":[4],"tags":[],"class_list":["post-3922","post","type-post","status-publish","format-standard","has-post-thumbnail","hentry","category-politica"],"yoast_head":"<!-- This site is optimized with the Yoast SEO plugin v26.5 - https:\/\/yoast.com\/wordpress\/plugins\/seo\/ -->\n<title>Profissionais do Direito, pol\u00edticos e pesquisadores discutem modelo eleitoral no Brasil - Not&iacute;cias em Destaque<\/title>\n<meta name=\"robots\" content=\"index, follow, max-snippet:-1, max-image-preview:large, max-video-preview:-1\" \/>\n<link rel=\"canonical\" href=\"https:\/\/noticiasemdestaque.com\/cd\/?p=3922\" \/>\n<meta property=\"og:locale\" content=\"pt_BR\" \/>\n<meta property=\"og:type\" content=\"article\" \/>\n<meta property=\"og:title\" content=\"Profissionais do Direito, pol\u00edticos e pesquisadores discutem modelo eleitoral no Brasil - Not&iacute;cias em Destaque\" \/>\n<meta property=\"og:description\" content=\"A falta de participa\u00e7\u00e3o popular, de credibilidade do Congresso Nacional e de vontade da classe pol\u00edtica foram apontados como alguns dos principais entraves para a realiza\u00e7\u00e3o da reforma no sistema pol\u00edtico e eleitoral do Pa\u00eds. A tem\u00e1tica faz parte das discuss\u00f5es de Semin\u00e1rio aberto, ontem \u00e0 tarde, pela presidente do Tribunal Regional Eleitoral da Para\u00edba (TRE-PB), desembargadora Maria das Gra\u00e7as Morais Guedes, em Jo\u00e3o Pessoa, com a participa\u00e7\u00e3o de autoridades e especialista no assunto. Promovido pela Escola Judici\u00e1ria Eleitoral (EJE-PB), em comemora\u00e7\u00e3o aos 15 anos da funda\u00e7\u00e3o da institui\u00e7\u00e3o, o Semin\u00e1rio visa contribuir para o debate sobre propostas de Reforma Pol\u00edtica que trar\u00e3o consequ\u00eancias para todos os brasileiros e mudan\u00e7as no sistema eleitoral brasileiro. O presidente do Instituto Nacional do Seguro Social (INSS), Leonardo Gadelha, foi um dos palestrantes do evento e classificou como casu\u00edstica qualquer reforma pol\u00edtica pr\u00f3xima da realiza\u00e7\u00e3o do pleito. Segundo ele, que j\u00e1 ocupou cadeira na C\u00e2mara dos Deputados, h\u00e1 mais de 25 anos se tenta promover uma reforma nos sistema pol\u00edtico e eleitoral no Brasil, mas sem \u00eaxito. Ele tamb\u00e9m criticou a aus\u00eancia de debates com a popula\u00e7\u00e3o, para opinar sobre as propostas e qual poderia ser o melhor modelo a ser utilizado, tanto para o sistema de vota\u00e7\u00e3o, quanto para o financiamento de campanha. O advogado F\u00e1bio Brito, debatedor do evento, apontou a falta de credibilidade dos integrantes do Congresso Nacional como uma das causas para a dificuldade na realiza\u00e7\u00e3o da reforma, bem como a falta de engajamento da sociedade. J\u00e1 o advogado Harrison Targino, que tamb\u00e9m participou dos debates, considera que o momento n\u00e3o \u00e9 oportuno para realiza\u00e7\u00e3o da reforma no sistema pol\u00edtico e eleitoral do Pa\u00eds, n\u00e3o s\u00f3 por conta da crise, mas pela falta de consenso entre os parlamentares. Com PBAgora\" \/>\n<meta property=\"og:url\" content=\"https:\/\/noticiasemdestaque.com\/cd\/?p=3922\" \/>\n<meta property=\"og:site_name\" content=\"Not&iacute;cias em Destaque\" \/>\n<meta property=\"article:published_time\" content=\"2017-09-02T14:34:35+00:00\" \/>\n<meta property=\"og:image\" content=\"https:\/\/noticiasemdestaque.com\/cd\/wp-content\/uploads\/2017\/09\/Elei\u00e7\u00f5es-1024x683.jpg\" \/>\n\t<meta property=\"og:image:width\" content=\"1024\" \/>\n\t<meta property=\"og:image:height\" content=\"683\" \/>\n\t<meta property=\"og:image:type\" content=\"image\/jpeg\" \/>\n<meta name=\"author\" content=\"Not\u00edcias em Destaque\" \/>\n<meta name=\"twitter:card\" content=\"summary_large_image\" \/>\n<meta name=\"twitter:label1\" content=\"Escrito por\" \/>\n\t<meta name=\"twitter:data1\" content=\"Not\u00edcias em Destaque\" \/>\n\t<meta name=\"twitter:label2\" content=\"Est. tempo de leitura\" \/>\n\t<meta name=\"twitter:data2\" content=\"2 minutos\" \/>\n<script type=\"application\/ld+json\" class=\"yoast-schema-graph\">{\"@context\":\"https:\/\/schema.org\",\"@graph\":[{\"@type\":\"Article\",\"@id\":\"https:\/\/noticiasemdestaque.com\/cd\/?p=3922#article\",\"isPartOf\":{\"@id\":\"https:\/\/noticiasemdestaque.com\/cd\/?p=3922\"},\"author\":{\"name\":\"Not\u00edcias em Destaque\",\"@id\":\"https:\/\/noticiasemdestaque.com\/cd\/#\/schema\/person\/21320b03a7e8bb90128938dafc9b908a\"},\"headline\":\"Profissionais do Direito, pol\u00edticos e pesquisadores discutem modelo eleitoral no Brasil\",\"datePublished\":\"2017-09-02T14:34:35+00:00\",\"mainEntityOfPage\":{\"@id\":\"https:\/\/noticiasemdestaque.com\/cd\/?p=3922\"},\"wordCount\":337,\"publisher\":{\"@id\":\"https:\/\/noticiasemdestaque.com\/cd\/#organization\"},\"image\":{\"@id\":\"https:\/\/noticiasemdestaque.com\/cd\/?p=3922#primaryimage\"},\"thumbnailUrl\":\"https:\/\/noticiasemdestaque.com\/cd\/wp-content\/uploads\/2017\/09\/Elei\u00e7\u00f5es.jpg\",\"articleSection\":[\"Pol\u00edtica\"],\"inLanguage\":\"pt-BR\"},{\"@type\":\"WebPage\",\"@id\":\"https:\/\/noticiasemdestaque.com\/cd\/?p=3922\",\"url\":\"https:\/\/noticiasemdestaque.com\/cd\/?p=3922\",\"name\":\"Profissionais do Direito, pol\u00edticos e pesquisadores discutem modelo eleitoral no Brasil - Not&iacute;cias em Destaque\",\"isPartOf\":{\"@id\":\"https:\/\/noticiasemdestaque.com\/cd\/#website\"},\"primaryImageOfPage\":{\"@id\":\"https:\/\/noticiasemdestaque.com\/cd\/?p=3922#primaryimage\"},\"image\":{\"@id\":\"https:\/\/noticiasemdestaque.com\/cd\/?p=3922#primaryimage\"},\"thumbnailUrl\":\"https:\/\/noticiasemdestaque.com\/cd\/wp-content\/uploads\/2017\/09\/Elei\u00e7\u00f5es.jpg\",\"datePublished\":\"2017-09-02T14:34:35+00:00\",\"breadcrumb\":{\"@id\":\"https:\/\/noticiasemdestaque.com\/cd\/?p=3922#breadcrumb\"},\"inLanguage\":\"pt-BR\",\"potentialAction\":[{\"@type\":\"ReadAction\",\"target\":[\"https:\/\/noticiasemdestaque.com\/cd\/?p=3922\"]}]},{\"@type\":\"ImageObject\",\"inLanguage\":\"pt-BR\",\"@id\":\"https:\/\/noticiasemdestaque.com\/cd\/?p=3922#primaryimage\",\"url\":\"https:\/\/noticiasemdestaque.com\/cd\/wp-content\/uploads\/2017\/09\/Elei\u00e7\u00f5es.jpg\",\"contentUrl\":\"https:\/\/noticiasemdestaque.com\/cd\/wp-content\/uploads\/2017\/09\/Elei\u00e7\u00f5es.jpg\",\"width\":4268,\"height\":2845},{\"@type\":\"BreadcrumbList\",\"@id\":\"https:\/\/noticiasemdestaque.com\/cd\/?p=3922#breadcrumb\",\"itemListElement\":[{\"@type\":\"ListItem\",\"position\":1,\"name\":\"In\u00edcio\",\"item\":\"https:\/\/noticiasemdestaque.com\/cd\/\"},{\"@type\":\"ListItem\",\"position\":2,\"name\":\"Profissionais do Direito, pol\u00edticos e pesquisadores discutem modelo eleitoral no Brasil\"}]},{\"@type\":\"WebSite\",\"@id\":\"https:\/\/noticiasemdestaque.com\/cd\/#website\",\"url\":\"https:\/\/noticiasemdestaque.com\/cd\/\",\"name\":\"Not&iacute;cias em Destaque\",\"description\":\"\",\"publisher\":{\"@id\":\"https:\/\/noticiasemdestaque.com\/cd\/#organization\"},\"potentialAction\":[{\"@type\":\"SearchAction\",\"target\":{\"@type\":\"EntryPoint\",\"urlTemplate\":\"https:\/\/noticiasemdestaque.com\/cd\/?s={search_term_string}\"},\"query-input\":{\"@type\":\"PropertyValueSpecification\",\"valueRequired\":true,\"valueName\":\"search_term_string\"}}],\"inLanguage\":\"pt-BR\"},{\"@type\":\"Organization\",\"@id\":\"https:\/\/noticiasemdestaque.com\/cd\/#organization\",\"name\":\"Not\u00edcias em Destaque\",\"url\":\"https:\/\/noticiasemdestaque.com\/cd\/\",\"logo\":{\"@type\":\"ImageObject\",\"inLanguage\":\"pt-BR\",\"@id\":\"https:\/\/noticiasemdestaque.com\/cd\/#\/schema\/logo\/image\/\",\"url\":\"https:\/\/noticiasemdestaque.com\/cd\/wp-content\/uploads\/2022\/05\/imagem-base-noticiasemdestaque.png\",\"contentUrl\":\"https:\/\/noticiasemdestaque.com\/cd\/wp-content\/uploads\/2022\/05\/imagem-base-noticiasemdestaque.png\",\"width\":1200,\"height\":630,\"caption\":\"Not\u00edcias em Destaque\"},\"image\":{\"@id\":\"https:\/\/noticiasemdestaque.com\/cd\/#\/schema\/logo\/image\/\"}},{\"@type\":\"Person\",\"@id\":\"https:\/\/noticiasemdestaque.com\/cd\/#\/schema\/person\/21320b03a7e8bb90128938dafc9b908a\",\"name\":\"Not\u00edcias em Destaque\",\"url\":\"https:\/\/noticiasemdestaque.com\/cd\/?author=2\"}]}<\/script>\n<!-- \/ Yoast SEO plugin. -->","yoast_head_json":{"title":"Profissionais do Direito, pol\u00edticos e pesquisadores discutem modelo eleitoral no Brasil - Not&iacute;cias em Destaque","robots":{"index":"index","follow":"follow","max-snippet":"max-snippet:-1","max-image-preview":"max-image-preview:large","max-video-preview":"max-video-preview:-1"},"canonical":"https:\/\/noticiasemdestaque.com\/cd\/?p=3922","og_locale":"pt_BR","og_type":"article","og_title":"Profissionais do Direito, pol\u00edticos e pesquisadores discutem modelo eleitoral no Brasil - Not&iacute;cias em Destaque","og_description":"A falta de participa\u00e7\u00e3o popular, de credibilidade do Congresso Nacional e de vontade da classe pol\u00edtica foram apontados como alguns dos principais entraves para a realiza\u00e7\u00e3o da reforma no sistema pol\u00edtico e eleitoral do Pa\u00eds. A tem\u00e1tica faz parte das discuss\u00f5es de Semin\u00e1rio aberto, ontem \u00e0 tarde, pela presidente do Tribunal Regional Eleitoral da Para\u00edba (TRE-PB), desembargadora Maria das Gra\u00e7as Morais Guedes, em Jo\u00e3o Pessoa, com a participa\u00e7\u00e3o de autoridades e especialista no assunto. Promovido pela Escola Judici\u00e1ria Eleitoral (EJE-PB), em comemora\u00e7\u00e3o aos 15 anos da funda\u00e7\u00e3o da institui\u00e7\u00e3o, o Semin\u00e1rio visa contribuir para o debate sobre propostas de Reforma Pol\u00edtica que trar\u00e3o consequ\u00eancias para todos os brasileiros e mudan\u00e7as no sistema eleitoral brasileiro. O presidente do Instituto Nacional do Seguro Social (INSS), Leonardo Gadelha, foi um dos palestrantes do evento e classificou como casu\u00edstica qualquer reforma pol\u00edtica pr\u00f3xima da realiza\u00e7\u00e3o do pleito. Segundo ele, que j\u00e1 ocupou cadeira na C\u00e2mara dos Deputados, h\u00e1 mais de 25 anos se tenta promover uma reforma nos sistema pol\u00edtico e eleitoral no Brasil, mas sem \u00eaxito. Ele tamb\u00e9m criticou a aus\u00eancia de debates com a popula\u00e7\u00e3o, para opinar sobre as propostas e qual poderia ser o melhor modelo a ser utilizado, tanto para o sistema de vota\u00e7\u00e3o, quanto para o financiamento de campanha. O advogado F\u00e1bio Brito, debatedor do evento, apontou a falta de credibilidade dos integrantes do Congresso Nacional como uma das causas para a dificuldade na realiza\u00e7\u00e3o da reforma, bem como a falta de engajamento da sociedade. J\u00e1 o advogado Harrison Targino, que tamb\u00e9m participou dos debates, considera que o momento n\u00e3o \u00e9 oportuno para realiza\u00e7\u00e3o da reforma no sistema pol\u00edtico e eleitoral do Pa\u00eds, n\u00e3o s\u00f3 por conta da crise, mas pela falta de consenso entre os parlamentares. Com PBAgora","og_url":"https:\/\/noticiasemdestaque.com\/cd\/?p=3922","og_site_name":"Not&iacute;cias em Destaque","article_published_time":"2017-09-02T14:34:35+00:00","og_image":[{"width":1024,"height":683,"url":"https:\/\/noticiasemdestaque.com\/cd\/wp-content\/uploads\/2017\/09\/Elei\u00e7\u00f5es-1024x683.jpg","type":"image\/jpeg"}],"author":"Not\u00edcias em Destaque","twitter_card":"summary_large_image","twitter_misc":{"Escrito por":"Not\u00edcias em Destaque","Est. tempo de leitura":"2 minutos"},"schema":{"@context":"https:\/\/schema.org","@graph":[{"@type":"Article","@id":"https:\/\/noticiasemdestaque.com\/cd\/?p=3922#article","isPartOf":{"@id":"https:\/\/noticiasemdestaque.com\/cd\/?p=3922"},"author":{"name":"Not\u00edcias em Destaque","@id":"https:\/\/noticiasemdestaque.com\/cd\/#\/schema\/person\/21320b03a7e8bb90128938dafc9b908a"},"headline":"Profissionais do Direito, pol\u00edticos e pesquisadores discutem modelo eleitoral no Brasil","datePublished":"2017-09-02T14:34:35+00:00","mainEntityOfPage":{"@id":"https:\/\/noticiasemdestaque.com\/cd\/?p=3922"},"wordCount":337,"publisher":{"@id":"https:\/\/noticiasemdestaque.com\/cd\/#organization"},"image":{"@id":"https:\/\/noticiasemdestaque.com\/cd\/?p=3922#primaryimage"},"thumbnailUrl":"https:\/\/noticiasemdestaque.com\/cd\/wp-content\/uploads\/2017\/09\/Elei\u00e7\u00f5es.jpg","articleSection":["Pol\u00edtica"],"inLanguage":"pt-BR"},{"@type":"WebPage","@id":"https:\/\/noticiasemdestaque.com\/cd\/?p=3922","url":"https:\/\/noticiasemdestaque.com\/cd\/?p=3922","name":"Profissionais do Direito, pol\u00edticos e pesquisadores discutem modelo eleitoral no Brasil - Not&iacute;cias em Destaque","isPartOf":{"@id":"https:\/\/noticiasemdestaque.com\/cd\/#website"},"primaryImageOfPage":{"@id":"https:\/\/noticiasemdestaque.com\/cd\/?p=3922#primaryimage"},"image":{"@id":"https:\/\/noticiasemdestaque.com\/cd\/?p=3922#primaryimage"},"thumbnailUrl":"https:\/\/noticiasemdestaque.com\/cd\/wp-content\/uploads\/2017\/09\/Elei\u00e7\u00f5es.jpg","datePublished":"2017-09-02T14:34:35+00:00","breadcrumb":{"@id":"https:\/\/noticiasemdestaque.com\/cd\/?p=3922#breadcrumb"},"inLanguage":"pt-BR","potentialAction":[{"@type":"ReadAction","target":["https:\/\/noticiasemdestaque.com\/cd\/?p=3922"]}]},{"@type":"ImageObject","inLanguage":"pt-BR","@id":"https:\/\/noticiasemdestaque.com\/cd\/?p=3922#primaryimage","url":"https:\/\/noticiasemdestaque.com\/cd\/wp-content\/uploads\/2017\/09\/Elei\u00e7\u00f5es.jpg","contentUrl":"https:\/\/noticiasemdestaque.com\/cd\/wp-content\/uploads\/2017\/09\/Elei\u00e7\u00f5es.jpg","width":4268,"height":2845},{"@type":"BreadcrumbList","@id":"https:\/\/noticiasemdestaque.com\/cd\/?p=3922#breadcrumb","itemListElement":[{"@type":"ListItem","position":1,"name":"In\u00edcio","item":"https:\/\/noticiasemdestaque.com\/cd\/"},{"@type":"ListItem","position":2,"name":"Profissionais do Direito, pol\u00edticos e pesquisadores discutem modelo eleitoral no Brasil"}]},{"@type":"WebSite","@id":"https:\/\/noticiasemdestaque.com\/cd\/#website","url":"https:\/\/noticiasemdestaque.com\/cd\/","name":"Not&iacute;cias em Destaque","description":"","publisher":{"@id":"https:\/\/noticiasemdestaque.com\/cd\/#organization"},"potentialAction":[{"@type":"SearchAction","target":{"@type":"EntryPoint","urlTemplate":"https:\/\/noticiasemdestaque.com\/cd\/?s={search_term_string}"},"query-input":{"@type":"PropertyValueSpecification","valueRequired":true,"valueName":"search_term_string"}}],"inLanguage":"pt-BR"},{"@type":"Organization","@id":"https:\/\/noticiasemdestaque.com\/cd\/#organization","name":"Not\u00edcias em Destaque","url":"https:\/\/noticiasemdestaque.com\/cd\/","logo":{"@type":"ImageObject","inLanguage":"pt-BR","@id":"https:\/\/noticiasemdestaque.com\/cd\/#\/schema\/logo\/image\/","url":"https:\/\/noticiasemdestaque.com\/cd\/wp-content\/uploads\/2022\/05\/imagem-base-noticiasemdestaque.png","contentUrl":"https:\/\/noticiasemdestaque.com\/cd\/wp-content\/uploads\/2022\/05\/imagem-base-noticiasemdestaque.png","width":1200,"height":630,"caption":"Not\u00edcias em Destaque"},"image":{"@id":"https:\/\/noticiasemdestaque.com\/cd\/#\/schema\/logo\/image\/"}},{"@type":"Person","@id":"https:\/\/noticiasemdestaque.com\/cd\/#\/schema\/person\/21320b03a7e8bb90128938dafc9b908a","name":"Not\u00edcias em Destaque","url":"https:\/\/noticiasemdestaque.com\/cd\/?author=2"}]}},"jetpack_featured_media_url":"https:\/\/noticiasemdestaque.com\/cd\/wp-content\/uploads\/2017\/09\/Elei\u00e7\u00f5es.jpg","jetpack_sharing_enabled":true,"_links":{"self":[{"href":"https:\/\/noticiasemdestaque.com\/cd\/index.php?rest_route=\/wp\/v2\/posts\/3922","targetHints":{"allow":["GET"]}}],"collection":[{"href":"https:\/\/noticiasemdestaque.com\/cd\/index.php?rest_route=\/wp\/v2\/posts"}],"about":[{"href":"https:\/\/noticiasemdestaque.com\/cd\/index.php?rest_route=\/wp\/v2\/types\/post"}],"author":[{"embeddable":true,"href":"https:\/\/noticiasemdestaque.com\/cd\/index.php?rest_route=\/wp\/v2\/users\/2"}],"replies":[{"embeddable":true,"href":"https:\/\/noticiasemdestaque.com\/cd\/index.php?rest_route=%2Fwp%2Fv2%2Fcomments&post=3922"}],"version-history":[{"count":1,"href":"https:\/\/noticiasemdestaque.com\/cd\/index.php?rest_route=\/wp\/v2\/posts\/3922\/revisions"}],"predecessor-version":[{"id":3924,"href":"https:\/\/noticiasemdestaque.com\/cd\/index.php?rest_route=\/wp\/v2\/posts\/3922\/revisions\/3924"}],"wp:featuredmedia":[{"embeddable":true,"href":"https:\/\/noticiasemdestaque.com\/cd\/index.php?rest_route=\/wp\/v2\/media\/3923"}],"wp:attachment":[{"href":"https:\/\/noticiasemdestaque.com\/cd\/index.php?rest_route=%2Fwp%2Fv2%2Fmedia&parent=3922"}],"wp:term":[{"taxonomy":"category","embeddable":true,"href":"https:\/\/noticiasemdestaque.com\/cd\/index.php?rest_route=%2Fwp%2Fv2%2Fcategories&post=3922"},{"taxonomy":"post_tag","embeddable":true,"href":"https:\/\/noticiasemdestaque.com\/cd\/index.php?rest_route=%2Fwp%2Fv2%2Ftags&post=3922"}],"curies":[{"name":"wp","href":"https:\/\/api.w.org\/{rel}","templated":true}]}}