{"id":3919,"date":"2017-09-02T11:29:56","date_gmt":"2017-09-02T14:29:56","guid":{"rendered":"http:\/\/caririemdestaque.com\/cd\/?p=3919"},"modified":"2017-09-02T11:29:56","modified_gmt":"2017-09-02T14:29:56","slug":"paraiba-recebe-r-29-milhoes-para-acoes-de-vigilancia-no-estado-e-municipios","status":"publish","type":"post","link":"https:\/\/noticiasemdestaque.com\/cd\/?p=3919","title":{"rendered":"Para\u00edba recebe R$ 2,9 milh\u00f5es para a\u00e7\u00f5es de vigil\u00e2ncia no estado e munic\u00edpios"},"content":{"rendered":"<p><a href=\"http:\/\/caririemdestaque.com\/cd\/wp-content\/uploads\/2017\/09\/jornaldoradialista2015-estado-antecipa-r-184-milhoes-de-icms-aos-municipios-baianos-so-em-2016-ilheus-recebeu-r-55-9-milhoes-cade-esse-dinheiro-01-1728x800_c.jpg\"><img decoding=\"async\" class=\"wp-image-3920 size-medium alignleft\" src=\"http:\/\/caririemdestaque.com\/cd\/wp-content\/uploads\/2017\/09\/jornaldoradialista2015-estado-antecipa-r-184-milhoes-de-icms-aos-municipios-baianos-so-em-2016-ilheus-recebeu-r-55-9-milhoes-cade-esse-dinheiro-01-1728x800_c-300x139.jpg\" alt=\"\" width=\"300\" height=\"139\" srcset=\"https:\/\/noticiasemdestaque.com\/cd\/wp-content\/uploads\/2017\/09\/jornaldoradialista2015-estado-antecipa-r-184-milhoes-de-icms-aos-municipios-baianos-so-em-2016-ilheus-recebeu-r-55-9-milhoes-cade-esse-dinheiro-01-1728x800_c-300x139.jpg 300w, https:\/\/noticiasemdestaque.com\/cd\/wp-content\/uploads\/2017\/09\/jornaldoradialista2015-estado-antecipa-r-184-milhoes-de-icms-aos-municipios-baianos-so-em-2016-ilheus-recebeu-r-55-9-milhoes-cade-esse-dinheiro-01-1728x800_c-768x356.jpg 768w, https:\/\/noticiasemdestaque.com\/cd\/wp-content\/uploads\/2017\/09\/jornaldoradialista2015-estado-antecipa-r-184-milhoes-de-icms-aos-municipios-baianos-so-em-2016-ilheus-recebeu-r-55-9-milhoes-cade-esse-dinheiro-01-1728x800_c-1024x474.jpg 1024w, https:\/\/noticiasemdestaque.com\/cd\/wp-content\/uploads\/2017\/09\/jornaldoradialista2015-estado-antecipa-r-184-milhoes-de-icms-aos-municipios-baianos-so-em-2016-ilheus-recebeu-r-55-9-milhoes-cade-esse-dinheiro-01-1728x800_c.jpg 1600w\" sizes=\"(max-width: 300px) 100vw, 300px\" \/><\/a>Estados e munic\u00edpios que cumpriram as metas de vigil\u00e2ncia em 2016 receberam, em agosto, mais de R$ 179,1 milh\u00f5es do Programa de Qualifica\u00e7\u00e3o das A\u00e7\u00f5es de Vigil\u00e2ncia em Sa\u00fade (PQA-VS). Os valores repassados foram baseados no desempenho em rela\u00e7\u00e3o aos indicadores estabelecidos pelo programa, al\u00e9m do porte populacional de cada munic\u00edpio e do valor do Piso Fixo de Vigil\u00e2ncia em Sa\u00fade. A secretaria estadual de Sa\u00fade da Para\u00edba recebeu R$ 368 mil e 223 munic\u00edpios mais de R$ 2,5 milh\u00f5es. O Estado recebeu no total R$ 2,9 milh\u00f5es.<\/p>\n<p><a href=\"http:\/\/pesquisa.in.gov.br\/imprensa\/jsp\/visualiza\/index.jsp?data=23\/08\/2017&amp;jornal=1&amp;pagina=52&amp;totalArquivos=128\">Acesse aqui a lista dos munic\u00edpios beneficiados<\/a><\/p>\n<p>Os recursos destinam-se ao custeio e ao aperfei\u00e7oamento das a\u00e7\u00f5es de vigil\u00e2ncia em sa\u00fade, como pagamento de pessoal, capacita\u00e7\u00e3o, treinamento, a\u00e7\u00f5es de educa\u00e7\u00e3o e mobiliza\u00e7\u00e3o na \u00e1rea de vigil\u00e2ncia; confec\u00e7\u00e3o de materiais instrutivos; compra de materiais de consumo e para a contrata\u00e7\u00e3o de servi\u00e7os de terceiros.<\/p>\n<p>O PQA-VS foi criado em 2013 e \u00e9 considerado um marco para a vigil\u00e2ncia em sa\u00fade. \u201cO objetivo \u00e9 induzir um processo de gest\u00e3o baseado em compromissos e resultados dos gestores locais e incentivar a melhoria cont\u00ednua e progressiva das a\u00e7\u00f5es de vigil\u00e2ncia, envolvendo a gest\u00e3o, o processo de trabalho e os resultados alcan\u00e7ados\u201d, destaca o ministro da Sa\u00fade, Ricardo Barros.<\/p>\n<p>O volume de recursos recebidos leva em conta a avalia\u00e7\u00e3o dos munic\u00edpios, considerando diversos indicadores de sa\u00fade, como o n\u00famero de visitas realizadas por agentes de endemias, exames realizados para identificar doen\u00e7as como s\u00edfilis, HIV e mal\u00e1ria, preenchimento de dados nos sistemas nacionais de notifica\u00e7\u00e3o, cobertura vacinal, entre outros. \u00c9 a partir dos resultados desses indicadores que \u00e9 definido os valores que s\u00e3o repassados aos Estados.<\/p>\n<p>Desde 2013, o programa investiu mais de R$ 478 milh\u00f5es entre ades\u00f5es dos munic\u00edpios e avalia\u00e7\u00e3o desses com base no cumprimento de metas dos 15 indicadores do PQA-VS. Para os pr\u00f3ximos anos, os entes federativos interessados em participar do programa e que ainda n\u00e3o aderiram, dever\u00e3o se inscrever at\u00e9 o final do primeiro trimestre de cada ano, seguindo os crit\u00e9rios previstos na Portaria n\u00ba 1.708.<\/p>\n<p>&nbsp;<\/p>\n<p>A avalia\u00e7\u00e3o \u00e9 realizada por meio da extra\u00e7\u00e3o dos dados existentes no banco nacional do sistema de informa\u00e7\u00e3o correspondente a cada indicador pactuado. Assim, s\u00e3o comparados os resultados obtidos com as metas estabelecidas, quantificando o n\u00famero de metas alcan\u00e7adas de acordo com a estratifica\u00e7\u00e3o estabelecida pelo PQA-VS, com base na popula\u00e7\u00e3o residente em cada munic\u00edpio \u2013 de acordo com dados do Instituto Brasileiro de Geografia e Estat\u00edstica (IBGE).<\/p>\n<p>Al\u00e9m do recurso do PQA-VS, o Minist\u00e9rio da Sa\u00fade envia mensalmente aos Estados e Munic\u00edpios recursos espec\u00edficos para o combate ao Aedes aegypti, que tamb\u00e9m fazem parte das a\u00e7\u00f5es de Vigil\u00e2ncia em Sa\u00fade. Nos \u00faltimos anos, o valor passou de R$ 924,1 milh\u00f5es para R$ 1,7 bilh\u00e3o, em 2016. Para 2017, a previs\u00e3o \u00e9 que o or\u00e7amento para essas a\u00e7\u00f5es chegue a R$ 1,96 bilh\u00e3o.<\/p>\n","protected":false},"excerpt":{"rendered":"<p>Estados e munic\u00edpios que cumpriram as metas de vigil\u00e2ncia em 2016 receberam, em agosto, mais de R$ 179,1 milh\u00f5es do Programa de Qualifica\u00e7\u00e3o das A\u00e7\u00f5es de Vigil\u00e2ncia em Sa\u00fade (PQA-VS). Os valores repassados foram baseados no desempenho em rela\u00e7\u00e3o aos indicadores estabelecidos pelo programa, al\u00e9m do porte populacional de cada munic\u00edpio e do valor do Piso Fixo de Vigil\u00e2ncia em Sa\u00fade. A secretaria estadual de Sa\u00fade da Para\u00edba recebeu R$ 368 mil e 223 munic\u00edpios mais de R$ 2,5 milh\u00f5es. O Estado recebeu no total R$ 2,9 milh\u00f5es. Acesse aqui a lista dos munic\u00edpios beneficiados Os recursos destinam-se ao custeio e ao aperfei\u00e7oamento das a\u00e7\u00f5es de vigil\u00e2ncia em sa\u00fade, como pagamento de pessoal, capacita\u00e7\u00e3o, treinamento, a\u00e7\u00f5es de educa\u00e7\u00e3o e mobiliza\u00e7\u00e3o na \u00e1rea de vigil\u00e2ncia; confec\u00e7\u00e3o de materiais instrutivos; compra de materiais de consumo e para a contrata\u00e7\u00e3o de servi\u00e7os de terceiros. O PQA-VS foi criado em 2013 e \u00e9 considerado um marco para a vigil\u00e2ncia em sa\u00fade. \u201cO objetivo \u00e9 induzir um processo de gest\u00e3o baseado em compromissos e resultados dos gestores locais e incentivar a melhoria cont\u00ednua e progressiva das a\u00e7\u00f5es de vigil\u00e2ncia, envolvendo a gest\u00e3o, o processo de trabalho e os resultados alcan\u00e7ados\u201d, destaca o ministro da Sa\u00fade, Ricardo Barros. O volume de recursos recebidos leva em conta a avalia\u00e7\u00e3o dos munic\u00edpios, considerando diversos indicadores de sa\u00fade, como o n\u00famero de visitas realizadas por agentes de endemias, exames realizados para identificar doen\u00e7as como s\u00edfilis, HIV e mal\u00e1ria, preenchimento de dados nos sistemas nacionais de notifica\u00e7\u00e3o, cobertura vacinal, entre outros. \u00c9 a partir dos resultados desses indicadores que \u00e9 definido os valores que s\u00e3o repassados aos Estados. Desde 2013, o programa investiu mais de R$ 478 milh\u00f5es entre ades\u00f5es dos munic\u00edpios e avalia\u00e7\u00e3o desses com base no cumprimento de metas dos 15 indicadores do PQA-VS. Para os pr\u00f3ximos anos, os entes federativos interessados em participar do programa e que ainda n\u00e3o aderiram, dever\u00e3o se inscrever at\u00e9 o final do primeiro trimestre de cada ano, seguindo os crit\u00e9rios previstos na Portaria n\u00ba 1.708. &nbsp; A avalia\u00e7\u00e3o \u00e9 realizada por meio da extra\u00e7\u00e3o dos dados existentes no banco nacional do sistema de informa\u00e7\u00e3o correspondente a cada indicador pactuado. Assim, s\u00e3o comparados os resultados obtidos com as metas estabelecidas, quantificando o n\u00famero de metas alcan\u00e7adas de acordo com a estratifica\u00e7\u00e3o estabelecida pelo PQA-VS, com base na popula\u00e7\u00e3o residente em cada munic\u00edpio \u2013 de acordo com dados do Instituto Brasileiro de Geografia e Estat\u00edstica (IBGE). Al\u00e9m do recurso do PQA-VS, o Minist\u00e9rio da Sa\u00fade envia mensalmente aos Estados e Munic\u00edpios recursos espec\u00edficos para o combate ao Aedes aegypti, que tamb\u00e9m fazem parte das a\u00e7\u00f5es de Vigil\u00e2ncia em Sa\u00fade. Nos \u00faltimos anos, o valor passou de R$ 924,1 milh\u00f5es para R$ 1,7 bilh\u00e3o, em 2016. Para 2017, a previs\u00e3o \u00e9 que o or\u00e7amento para essas a\u00e7\u00f5es chegue a R$ 1,96 bilh\u00e3o.<\/p>\n","protected":false},"author":2,"featured_media":3920,"comment_status":"closed","ping_status":"open","sticky":false,"template":"","format":"standard","meta":{"_eb_attr":"","_jetpack_memberships_contains_paid_content":false,"footnotes":""},"categories":[8],"tags":[],"class_list":["post-3919","post","type-post","status-publish","format-standard","has-post-thumbnail","hentry","category-saude"],"yoast_head":"<!-- This site is optimized with the Yoast SEO plugin v26.5 - https:\/\/yoast.com\/wordpress\/plugins\/seo\/ -->\n<title>Para\u00edba recebe R$ 2,9 milh\u00f5es para a\u00e7\u00f5es de vigil\u00e2ncia no estado e munic\u00edpios - Not&iacute;cias em Destaque<\/title>\n<meta name=\"robots\" content=\"index, follow, max-snippet:-1, max-image-preview:large, max-video-preview:-1\" \/>\n<link rel=\"canonical\" href=\"https:\/\/noticiasemdestaque.com\/cd\/?p=3919\" \/>\n<meta property=\"og:locale\" content=\"pt_BR\" \/>\n<meta property=\"og:type\" content=\"article\" \/>\n<meta property=\"og:title\" content=\"Para\u00edba recebe R$ 2,9 milh\u00f5es para a\u00e7\u00f5es de vigil\u00e2ncia no estado e munic\u00edpios - Not&iacute;cias em Destaque\" \/>\n<meta property=\"og:description\" content=\"Estados e munic\u00edpios que cumpriram as metas de vigil\u00e2ncia em 2016 receberam, em agosto, mais de R$ 179,1 milh\u00f5es do Programa de Qualifica\u00e7\u00e3o das A\u00e7\u00f5es de Vigil\u00e2ncia em Sa\u00fade (PQA-VS). Os valores repassados foram baseados no desempenho em rela\u00e7\u00e3o aos indicadores estabelecidos pelo programa, al\u00e9m do porte populacional de cada munic\u00edpio e do valor do Piso Fixo de Vigil\u00e2ncia em Sa\u00fade. A secretaria estadual de Sa\u00fade da Para\u00edba recebeu R$ 368 mil e 223 munic\u00edpios mais de R$ 2,5 milh\u00f5es. O Estado recebeu no total R$ 2,9 milh\u00f5es. Acesse aqui a lista dos munic\u00edpios beneficiados Os recursos destinam-se ao custeio e ao aperfei\u00e7oamento das a\u00e7\u00f5es de vigil\u00e2ncia em sa\u00fade, como pagamento de pessoal, capacita\u00e7\u00e3o, treinamento, a\u00e7\u00f5es de educa\u00e7\u00e3o e mobiliza\u00e7\u00e3o na \u00e1rea de vigil\u00e2ncia; confec\u00e7\u00e3o de materiais instrutivos; compra de materiais de consumo e para a contrata\u00e7\u00e3o de servi\u00e7os de terceiros. O PQA-VS foi criado em 2013 e \u00e9 considerado um marco para a vigil\u00e2ncia em sa\u00fade. \u201cO objetivo \u00e9 induzir um processo de gest\u00e3o baseado em compromissos e resultados dos gestores locais e incentivar a melhoria cont\u00ednua e progressiva das a\u00e7\u00f5es de vigil\u00e2ncia, envolvendo a gest\u00e3o, o processo de trabalho e os resultados alcan\u00e7ados\u201d, destaca o ministro da Sa\u00fade, Ricardo Barros. O volume de recursos recebidos leva em conta a avalia\u00e7\u00e3o dos munic\u00edpios, considerando diversos indicadores de sa\u00fade, como o n\u00famero de visitas realizadas por agentes de endemias, exames realizados para identificar doen\u00e7as como s\u00edfilis, HIV e mal\u00e1ria, preenchimento de dados nos sistemas nacionais de notifica\u00e7\u00e3o, cobertura vacinal, entre outros. \u00c9 a partir dos resultados desses indicadores que \u00e9 definido os valores que s\u00e3o repassados aos Estados. Desde 2013, o programa investiu mais de R$ 478 milh\u00f5es entre ades\u00f5es dos munic\u00edpios e avalia\u00e7\u00e3o desses com base no cumprimento de metas dos 15 indicadores do PQA-VS. Para os pr\u00f3ximos anos, os entes federativos interessados em participar do programa e que ainda n\u00e3o aderiram, dever\u00e3o se inscrever at\u00e9 o final do primeiro trimestre de cada ano, seguindo os crit\u00e9rios previstos na Portaria n\u00ba 1.708. &nbsp; A avalia\u00e7\u00e3o \u00e9 realizada por meio da extra\u00e7\u00e3o dos dados existentes no banco nacional do sistema de informa\u00e7\u00e3o correspondente a cada indicador pactuado. Assim, s\u00e3o comparados os resultados obtidos com as metas estabelecidas, quantificando o n\u00famero de metas alcan\u00e7adas de acordo com a estratifica\u00e7\u00e3o estabelecida pelo PQA-VS, com base na popula\u00e7\u00e3o residente em cada munic\u00edpio \u2013 de acordo com dados do Instituto Brasileiro de Geografia e Estat\u00edstica (IBGE). Al\u00e9m do recurso do PQA-VS, o Minist\u00e9rio da Sa\u00fade envia mensalmente aos Estados e Munic\u00edpios recursos espec\u00edficos para o combate ao Aedes aegypti, que tamb\u00e9m fazem parte das a\u00e7\u00f5es de Vigil\u00e2ncia em Sa\u00fade. Nos \u00faltimos anos, o valor passou de R$ 924,1 milh\u00f5es para R$ 1,7 bilh\u00e3o, em 2016. Para 2017, a previs\u00e3o \u00e9 que o or\u00e7amento para essas a\u00e7\u00f5es chegue a R$ 1,96 bilh\u00e3o.\" \/>\n<meta property=\"og:url\" content=\"https:\/\/noticiasemdestaque.com\/cd\/?p=3919\" \/>\n<meta property=\"og:site_name\" content=\"Not&iacute;cias em Destaque\" \/>\n<meta property=\"article:published_time\" content=\"2017-09-02T14:29:56+00:00\" \/>\n<meta property=\"og:image\" content=\"https:\/\/noticiasemdestaque.com\/cd\/wp-content\/uploads\/2017\/09\/jornaldoradialista2015-estado-antecipa-r-184-milhoes-de-icms-aos-municipios-baianos-so-em-2016-ilheus-recebeu-r-55-9-milhoes-cade-esse-dinheiro-01-1728x800_c.jpg\" \/>\n\t<meta property=\"og:image:width\" content=\"1600\" \/>\n\t<meta property=\"og:image:height\" content=\"741\" \/>\n\t<meta property=\"og:image:type\" content=\"image\/jpeg\" \/>\n<meta name=\"author\" content=\"Not\u00edcias em Destaque\" \/>\n<meta name=\"twitter:card\" content=\"summary_large_image\" \/>\n<meta name=\"twitter:label1\" content=\"Escrito por\" \/>\n\t<meta name=\"twitter:data1\" content=\"Not\u00edcias em Destaque\" \/>\n\t<meta name=\"twitter:label2\" content=\"Est. tempo de leitura\" \/>\n\t<meta name=\"twitter:data2\" content=\"3 minutos\" \/>\n<script type=\"application\/ld+json\" class=\"yoast-schema-graph\">{\"@context\":\"https:\/\/schema.org\",\"@graph\":[{\"@type\":\"Article\",\"@id\":\"https:\/\/noticiasemdestaque.com\/cd\/?p=3919#article\",\"isPartOf\":{\"@id\":\"https:\/\/noticiasemdestaque.com\/cd\/?p=3919\"},\"author\":{\"name\":\"Not\u00edcias em Destaque\",\"@id\":\"https:\/\/noticiasemdestaque.com\/cd\/#\/schema\/person\/21320b03a7e8bb90128938dafc9b908a\"},\"headline\":\"Para\u00edba recebe R$ 2,9 milh\u00f5es para a\u00e7\u00f5es de vigil\u00e2ncia no estado e munic\u00edpios\",\"datePublished\":\"2017-09-02T14:29:56+00:00\",\"mainEntityOfPage\":{\"@id\":\"https:\/\/noticiasemdestaque.com\/cd\/?p=3919\"},\"wordCount\":542,\"publisher\":{\"@id\":\"https:\/\/noticiasemdestaque.com\/cd\/#organization\"},\"image\":{\"@id\":\"https:\/\/noticiasemdestaque.com\/cd\/?p=3919#primaryimage\"},\"thumbnailUrl\":\"https:\/\/noticiasemdestaque.com\/cd\/wp-content\/uploads\/2017\/09\/jornaldoradialista2015-estado-antecipa-r-184-milhoes-de-icms-aos-municipios-baianos-so-em-2016-ilheus-recebeu-r-55-9-milhoes-cade-esse-dinheiro-01-1728x800_c.jpg\",\"articleSection\":[\"Sa\u00fade\"],\"inLanguage\":\"pt-BR\"},{\"@type\":\"WebPage\",\"@id\":\"https:\/\/noticiasemdestaque.com\/cd\/?p=3919\",\"url\":\"https:\/\/noticiasemdestaque.com\/cd\/?p=3919\",\"name\":\"Para\u00edba recebe R$ 2,9 milh\u00f5es para a\u00e7\u00f5es de vigil\u00e2ncia no estado e munic\u00edpios - Not&iacute;cias em Destaque\",\"isPartOf\":{\"@id\":\"https:\/\/noticiasemdestaque.com\/cd\/#website\"},\"primaryImageOfPage\":{\"@id\":\"https:\/\/noticiasemdestaque.com\/cd\/?p=3919#primaryimage\"},\"image\":{\"@id\":\"https:\/\/noticiasemdestaque.com\/cd\/?p=3919#primaryimage\"},\"thumbnailUrl\":\"https:\/\/noticiasemdestaque.com\/cd\/wp-content\/uploads\/2017\/09\/jornaldoradialista2015-estado-antecipa-r-184-milhoes-de-icms-aos-municipios-baianos-so-em-2016-ilheus-recebeu-r-55-9-milhoes-cade-esse-dinheiro-01-1728x800_c.jpg\",\"datePublished\":\"2017-09-02T14:29:56+00:00\",\"breadcrumb\":{\"@id\":\"https:\/\/noticiasemdestaque.com\/cd\/?p=3919#breadcrumb\"},\"inLanguage\":\"pt-BR\",\"potentialAction\":[{\"@type\":\"ReadAction\",\"target\":[\"https:\/\/noticiasemdestaque.com\/cd\/?p=3919\"]}]},{\"@type\":\"ImageObject\",\"inLanguage\":\"pt-BR\",\"@id\":\"https:\/\/noticiasemdestaque.com\/cd\/?p=3919#primaryimage\",\"url\":\"https:\/\/noticiasemdestaque.com\/cd\/wp-content\/uploads\/2017\/09\/jornaldoradialista2015-estado-antecipa-r-184-milhoes-de-icms-aos-municipios-baianos-so-em-2016-ilheus-recebeu-r-55-9-milhoes-cade-esse-dinheiro-01-1728x800_c.jpg\",\"contentUrl\":\"https:\/\/noticiasemdestaque.com\/cd\/wp-content\/uploads\/2017\/09\/jornaldoradialista2015-estado-antecipa-r-184-milhoes-de-icms-aos-municipios-baianos-so-em-2016-ilheus-recebeu-r-55-9-milhoes-cade-esse-dinheiro-01-1728x800_c.jpg\",\"width\":1600,\"height\":741},{\"@type\":\"BreadcrumbList\",\"@id\":\"https:\/\/noticiasemdestaque.com\/cd\/?p=3919#breadcrumb\",\"itemListElement\":[{\"@type\":\"ListItem\",\"position\":1,\"name\":\"In\u00edcio\",\"item\":\"https:\/\/noticiasemdestaque.com\/cd\/\"},{\"@type\":\"ListItem\",\"position\":2,\"name\":\"Para\u00edba recebe R$ 2,9 milh\u00f5es para a\u00e7\u00f5es de vigil\u00e2ncia no estado e munic\u00edpios\"}]},{\"@type\":\"WebSite\",\"@id\":\"https:\/\/noticiasemdestaque.com\/cd\/#website\",\"url\":\"https:\/\/noticiasemdestaque.com\/cd\/\",\"name\":\"Not&iacute;cias em Destaque\",\"description\":\"\",\"publisher\":{\"@id\":\"https:\/\/noticiasemdestaque.com\/cd\/#organization\"},\"potentialAction\":[{\"@type\":\"SearchAction\",\"target\":{\"@type\":\"EntryPoint\",\"urlTemplate\":\"https:\/\/noticiasemdestaque.com\/cd\/?s={search_term_string}\"},\"query-input\":{\"@type\":\"PropertyValueSpecification\",\"valueRequired\":true,\"valueName\":\"search_term_string\"}}],\"inLanguage\":\"pt-BR\"},{\"@type\":\"Organization\",\"@id\":\"https:\/\/noticiasemdestaque.com\/cd\/#organization\",\"name\":\"Not\u00edcias em Destaque\",\"url\":\"https:\/\/noticiasemdestaque.com\/cd\/\",\"logo\":{\"@type\":\"ImageObject\",\"inLanguage\":\"pt-BR\",\"@id\":\"https:\/\/noticiasemdestaque.com\/cd\/#\/schema\/logo\/image\/\",\"url\":\"https:\/\/noticiasemdestaque.com\/cd\/wp-content\/uploads\/2022\/05\/imagem-base-noticiasemdestaque.png\",\"contentUrl\":\"https:\/\/noticiasemdestaque.com\/cd\/wp-content\/uploads\/2022\/05\/imagem-base-noticiasemdestaque.png\",\"width\":1200,\"height\":630,\"caption\":\"Not\u00edcias em Destaque\"},\"image\":{\"@id\":\"https:\/\/noticiasemdestaque.com\/cd\/#\/schema\/logo\/image\/\"}},{\"@type\":\"Person\",\"@id\":\"https:\/\/noticiasemdestaque.com\/cd\/#\/schema\/person\/21320b03a7e8bb90128938dafc9b908a\",\"name\":\"Not\u00edcias em Destaque\",\"url\":\"https:\/\/noticiasemdestaque.com\/cd\/?author=2\"}]}<\/script>\n<!-- \/ Yoast SEO plugin. -->","yoast_head_json":{"title":"Para\u00edba recebe R$ 2,9 milh\u00f5es para a\u00e7\u00f5es de vigil\u00e2ncia no estado e munic\u00edpios - Not&iacute;cias em Destaque","robots":{"index":"index","follow":"follow","max-snippet":"max-snippet:-1","max-image-preview":"max-image-preview:large","max-video-preview":"max-video-preview:-1"},"canonical":"https:\/\/noticiasemdestaque.com\/cd\/?p=3919","og_locale":"pt_BR","og_type":"article","og_title":"Para\u00edba recebe R$ 2,9 milh\u00f5es para a\u00e7\u00f5es de vigil\u00e2ncia no estado e munic\u00edpios - Not&iacute;cias em Destaque","og_description":"Estados e munic\u00edpios que cumpriram as metas de vigil\u00e2ncia em 2016 receberam, em agosto, mais de R$ 179,1 milh\u00f5es do Programa de Qualifica\u00e7\u00e3o das A\u00e7\u00f5es de Vigil\u00e2ncia em Sa\u00fade (PQA-VS). Os valores repassados foram baseados no desempenho em rela\u00e7\u00e3o aos indicadores estabelecidos pelo programa, al\u00e9m do porte populacional de cada munic\u00edpio e do valor do Piso Fixo de Vigil\u00e2ncia em Sa\u00fade. A secretaria estadual de Sa\u00fade da Para\u00edba recebeu R$ 368 mil e 223 munic\u00edpios mais de R$ 2,5 milh\u00f5es. O Estado recebeu no total R$ 2,9 milh\u00f5es. Acesse aqui a lista dos munic\u00edpios beneficiados Os recursos destinam-se ao custeio e ao aperfei\u00e7oamento das a\u00e7\u00f5es de vigil\u00e2ncia em sa\u00fade, como pagamento de pessoal, capacita\u00e7\u00e3o, treinamento, a\u00e7\u00f5es de educa\u00e7\u00e3o e mobiliza\u00e7\u00e3o na \u00e1rea de vigil\u00e2ncia; confec\u00e7\u00e3o de materiais instrutivos; compra de materiais de consumo e para a contrata\u00e7\u00e3o de servi\u00e7os de terceiros. O PQA-VS foi criado em 2013 e \u00e9 considerado um marco para a vigil\u00e2ncia em sa\u00fade. \u201cO objetivo \u00e9 induzir um processo de gest\u00e3o baseado em compromissos e resultados dos gestores locais e incentivar a melhoria cont\u00ednua e progressiva das a\u00e7\u00f5es de vigil\u00e2ncia, envolvendo a gest\u00e3o, o processo de trabalho e os resultados alcan\u00e7ados\u201d, destaca o ministro da Sa\u00fade, Ricardo Barros. O volume de recursos recebidos leva em conta a avalia\u00e7\u00e3o dos munic\u00edpios, considerando diversos indicadores de sa\u00fade, como o n\u00famero de visitas realizadas por agentes de endemias, exames realizados para identificar doen\u00e7as como s\u00edfilis, HIV e mal\u00e1ria, preenchimento de dados nos sistemas nacionais de notifica\u00e7\u00e3o, cobertura vacinal, entre outros. \u00c9 a partir dos resultados desses indicadores que \u00e9 definido os valores que s\u00e3o repassados aos Estados. Desde 2013, o programa investiu mais de R$ 478 milh\u00f5es entre ades\u00f5es dos munic\u00edpios e avalia\u00e7\u00e3o desses com base no cumprimento de metas dos 15 indicadores do PQA-VS. Para os pr\u00f3ximos anos, os entes federativos interessados em participar do programa e que ainda n\u00e3o aderiram, dever\u00e3o se inscrever at\u00e9 o final do primeiro trimestre de cada ano, seguindo os crit\u00e9rios previstos na Portaria n\u00ba 1.708. &nbsp; A avalia\u00e7\u00e3o \u00e9 realizada por meio da extra\u00e7\u00e3o dos dados existentes no banco nacional do sistema de informa\u00e7\u00e3o correspondente a cada indicador pactuado. Assim, s\u00e3o comparados os resultados obtidos com as metas estabelecidas, quantificando o n\u00famero de metas alcan\u00e7adas de acordo com a estratifica\u00e7\u00e3o estabelecida pelo PQA-VS, com base na popula\u00e7\u00e3o residente em cada munic\u00edpio \u2013 de acordo com dados do Instituto Brasileiro de Geografia e Estat\u00edstica (IBGE). Al\u00e9m do recurso do PQA-VS, o Minist\u00e9rio da Sa\u00fade envia mensalmente aos Estados e Munic\u00edpios recursos espec\u00edficos para o combate ao Aedes aegypti, que tamb\u00e9m fazem parte das a\u00e7\u00f5es de Vigil\u00e2ncia em Sa\u00fade. Nos \u00faltimos anos, o valor passou de R$ 924,1 milh\u00f5es para R$ 1,7 bilh\u00e3o, em 2016. Para 2017, a previs\u00e3o \u00e9 que o or\u00e7amento para essas a\u00e7\u00f5es chegue a R$ 1,96 bilh\u00e3o.","og_url":"https:\/\/noticiasemdestaque.com\/cd\/?p=3919","og_site_name":"Not&iacute;cias em Destaque","article_published_time":"2017-09-02T14:29:56+00:00","og_image":[{"width":1600,"height":741,"url":"https:\/\/noticiasemdestaque.com\/cd\/wp-content\/uploads\/2017\/09\/jornaldoradialista2015-estado-antecipa-r-184-milhoes-de-icms-aos-municipios-baianos-so-em-2016-ilheus-recebeu-r-55-9-milhoes-cade-esse-dinheiro-01-1728x800_c.jpg","type":"image\/jpeg"}],"author":"Not\u00edcias em Destaque","twitter_card":"summary_large_image","twitter_misc":{"Escrito por":"Not\u00edcias em Destaque","Est. tempo de leitura":"3 minutos"},"schema":{"@context":"https:\/\/schema.org","@graph":[{"@type":"Article","@id":"https:\/\/noticiasemdestaque.com\/cd\/?p=3919#article","isPartOf":{"@id":"https:\/\/noticiasemdestaque.com\/cd\/?p=3919"},"author":{"name":"Not\u00edcias em Destaque","@id":"https:\/\/noticiasemdestaque.com\/cd\/#\/schema\/person\/21320b03a7e8bb90128938dafc9b908a"},"headline":"Para\u00edba recebe R$ 2,9 milh\u00f5es para a\u00e7\u00f5es de vigil\u00e2ncia no estado e munic\u00edpios","datePublished":"2017-09-02T14:29:56+00:00","mainEntityOfPage":{"@id":"https:\/\/noticiasemdestaque.com\/cd\/?p=3919"},"wordCount":542,"publisher":{"@id":"https:\/\/noticiasemdestaque.com\/cd\/#organization"},"image":{"@id":"https:\/\/noticiasemdestaque.com\/cd\/?p=3919#primaryimage"},"thumbnailUrl":"https:\/\/noticiasemdestaque.com\/cd\/wp-content\/uploads\/2017\/09\/jornaldoradialista2015-estado-antecipa-r-184-milhoes-de-icms-aos-municipios-baianos-so-em-2016-ilheus-recebeu-r-55-9-milhoes-cade-esse-dinheiro-01-1728x800_c.jpg","articleSection":["Sa\u00fade"],"inLanguage":"pt-BR"},{"@type":"WebPage","@id":"https:\/\/noticiasemdestaque.com\/cd\/?p=3919","url":"https:\/\/noticiasemdestaque.com\/cd\/?p=3919","name":"Para\u00edba recebe R$ 2,9 milh\u00f5es para a\u00e7\u00f5es de vigil\u00e2ncia no estado e munic\u00edpios - Not&iacute;cias em Destaque","isPartOf":{"@id":"https:\/\/noticiasemdestaque.com\/cd\/#website"},"primaryImageOfPage":{"@id":"https:\/\/noticiasemdestaque.com\/cd\/?p=3919#primaryimage"},"image":{"@id":"https:\/\/noticiasemdestaque.com\/cd\/?p=3919#primaryimage"},"thumbnailUrl":"https:\/\/noticiasemdestaque.com\/cd\/wp-content\/uploads\/2017\/09\/jornaldoradialista2015-estado-antecipa-r-184-milhoes-de-icms-aos-municipios-baianos-so-em-2016-ilheus-recebeu-r-55-9-milhoes-cade-esse-dinheiro-01-1728x800_c.jpg","datePublished":"2017-09-02T14:29:56+00:00","breadcrumb":{"@id":"https:\/\/noticiasemdestaque.com\/cd\/?p=3919#breadcrumb"},"inLanguage":"pt-BR","potentialAction":[{"@type":"ReadAction","target":["https:\/\/noticiasemdestaque.com\/cd\/?p=3919"]}]},{"@type":"ImageObject","inLanguage":"pt-BR","@id":"https:\/\/noticiasemdestaque.com\/cd\/?p=3919#primaryimage","url":"https:\/\/noticiasemdestaque.com\/cd\/wp-content\/uploads\/2017\/09\/jornaldoradialista2015-estado-antecipa-r-184-milhoes-de-icms-aos-municipios-baianos-so-em-2016-ilheus-recebeu-r-55-9-milhoes-cade-esse-dinheiro-01-1728x800_c.jpg","contentUrl":"https:\/\/noticiasemdestaque.com\/cd\/wp-content\/uploads\/2017\/09\/jornaldoradialista2015-estado-antecipa-r-184-milhoes-de-icms-aos-municipios-baianos-so-em-2016-ilheus-recebeu-r-55-9-milhoes-cade-esse-dinheiro-01-1728x800_c.jpg","width":1600,"height":741},{"@type":"BreadcrumbList","@id":"https:\/\/noticiasemdestaque.com\/cd\/?p=3919#breadcrumb","itemListElement":[{"@type":"ListItem","position":1,"name":"In\u00edcio","item":"https:\/\/noticiasemdestaque.com\/cd\/"},{"@type":"ListItem","position":2,"name":"Para\u00edba recebe R$ 2,9 milh\u00f5es para a\u00e7\u00f5es de vigil\u00e2ncia no estado e munic\u00edpios"}]},{"@type":"WebSite","@id":"https:\/\/noticiasemdestaque.com\/cd\/#website","url":"https:\/\/noticiasemdestaque.com\/cd\/","name":"Not&iacute;cias em Destaque","description":"","publisher":{"@id":"https:\/\/noticiasemdestaque.com\/cd\/#organization"},"potentialAction":[{"@type":"SearchAction","target":{"@type":"EntryPoint","urlTemplate":"https:\/\/noticiasemdestaque.com\/cd\/?s={search_term_string}"},"query-input":{"@type":"PropertyValueSpecification","valueRequired":true,"valueName":"search_term_string"}}],"inLanguage":"pt-BR"},{"@type":"Organization","@id":"https:\/\/noticiasemdestaque.com\/cd\/#organization","name":"Not\u00edcias em Destaque","url":"https:\/\/noticiasemdestaque.com\/cd\/","logo":{"@type":"ImageObject","inLanguage":"pt-BR","@id":"https:\/\/noticiasemdestaque.com\/cd\/#\/schema\/logo\/image\/","url":"https:\/\/noticiasemdestaque.com\/cd\/wp-content\/uploads\/2022\/05\/imagem-base-noticiasemdestaque.png","contentUrl":"https:\/\/noticiasemdestaque.com\/cd\/wp-content\/uploads\/2022\/05\/imagem-base-noticiasemdestaque.png","width":1200,"height":630,"caption":"Not\u00edcias em Destaque"},"image":{"@id":"https:\/\/noticiasemdestaque.com\/cd\/#\/schema\/logo\/image\/"}},{"@type":"Person","@id":"https:\/\/noticiasemdestaque.com\/cd\/#\/schema\/person\/21320b03a7e8bb90128938dafc9b908a","name":"Not\u00edcias em Destaque","url":"https:\/\/noticiasemdestaque.com\/cd\/?author=2"}]}},"jetpack_featured_media_url":"https:\/\/noticiasemdestaque.com\/cd\/wp-content\/uploads\/2017\/09\/jornaldoradialista2015-estado-antecipa-r-184-milhoes-de-icms-aos-municipios-baianos-so-em-2016-ilheus-recebeu-r-55-9-milhoes-cade-esse-dinheiro-01-1728x800_c.jpg","jetpack_sharing_enabled":true,"_links":{"self":[{"href":"https:\/\/noticiasemdestaque.com\/cd\/index.php?rest_route=\/wp\/v2\/posts\/3919","targetHints":{"allow":["GET"]}}],"collection":[{"href":"https:\/\/noticiasemdestaque.com\/cd\/index.php?rest_route=\/wp\/v2\/posts"}],"about":[{"href":"https:\/\/noticiasemdestaque.com\/cd\/index.php?rest_route=\/wp\/v2\/types\/post"}],"author":[{"embeddable":true,"href":"https:\/\/noticiasemdestaque.com\/cd\/index.php?rest_route=\/wp\/v2\/users\/2"}],"replies":[{"embeddable":true,"href":"https:\/\/noticiasemdestaque.com\/cd\/index.php?rest_route=%2Fwp%2Fv2%2Fcomments&post=3919"}],"version-history":[{"count":1,"href":"https:\/\/noticiasemdestaque.com\/cd\/index.php?rest_route=\/wp\/v2\/posts\/3919\/revisions"}],"predecessor-version":[{"id":3921,"href":"https:\/\/noticiasemdestaque.com\/cd\/index.php?rest_route=\/wp\/v2\/posts\/3919\/revisions\/3921"}],"wp:featuredmedia":[{"embeddable":true,"href":"https:\/\/noticiasemdestaque.com\/cd\/index.php?rest_route=\/wp\/v2\/media\/3920"}],"wp:attachment":[{"href":"https:\/\/noticiasemdestaque.com\/cd\/index.php?rest_route=%2Fwp%2Fv2%2Fmedia&parent=3919"}],"wp:term":[{"taxonomy":"category","embeddable":true,"href":"https:\/\/noticiasemdestaque.com\/cd\/index.php?rest_route=%2Fwp%2Fv2%2Fcategories&post=3919"},{"taxonomy":"post_tag","embeddable":true,"href":"https:\/\/noticiasemdestaque.com\/cd\/index.php?rest_route=%2Fwp%2Fv2%2Ftags&post=3919"}],"curies":[{"name":"wp","href":"https:\/\/api.w.org\/{rel}","templated":true}]}}