{"id":39167,"date":"2022-05-25T10:05:43","date_gmt":"2022-05-25T13:05:43","guid":{"rendered":"http:\/\/noticiasemdestaque.com\/cd\/?p=39167"},"modified":"2022-05-25T10:05:43","modified_gmt":"2022-05-25T13:05:43","slug":"com-atracoes-de-musicos-da-regiao-prefeitura-de-coxixola-anuncia-programacao-do-sao-joao-tradicao","status":"publish","type":"post","link":"https:\/\/noticiasemdestaque.com\/cd\/?p=39167","title":{"rendered":"Com atra\u00e7\u00f5es de m\u00fasicos da regi\u00e3o, Prefeitura de Coxixola anuncia programa\u00e7\u00e3o do \u2018S\u00e3o Jo\u00e3o Tradi\u00e7\u00e3o\u2019"},"content":{"rendered":"<p>Ap\u00f3s coroar com grande sucesso as festividades dos 28 anos do anivers\u00e1rio da cidade, a Prefeitura Municipal de Coxixola atrav\u00e9s do prefeito Nelsinho Honorato, anunciou nesta ter\u00e7a-feira, dia 24, a programa\u00e7\u00e3o do S\u00e3o Jo\u00e3o Tradi\u00e7\u00e3o 2022, promovido pela gest\u00e3o municipal.<\/p>\n<p>Atrav\u00e9s das redes sociais, o prefeito Nelsinho Honorato divulgou oficialmente as atra\u00e7\u00f5es musicais que ir\u00e3o animar os festejos juninos do munic\u00edpio. O \u2018S\u00e3o Jo\u00e3o Tradi\u00e7\u00e3o\u2019 de Coxixola ser\u00e1 realizado entre os dias 23 \u00e0 26 de junho e m\u00fasicos tradicionais da regi\u00e3o ir\u00e3o animar o evento ao som do aut\u00eantico forr\u00f3 p\u00e9 de serra.<\/p>\n<p>\u201cE depois de um grande evento de anivers\u00e1rio da cidade, est\u00e1 chegando a hora de arrastar o p\u00e9, \u00e9 S\u00e3o Jo\u00e3o que t\u00e1 chegando, ent\u00e3o vamos comemorar de forma bem tradicional, com muito P\u00e9 de Serra e Arrasta-p\u00e9\u201d, falou Nelsinho.<\/p>\n<p>Fonte: De Olho no Cariri<\/p>\n","protected":false},"excerpt":{"rendered":"<p>Ap\u00f3s coroar com grande sucesso as festividades dos 28 anos do anivers\u00e1rio da cidade, a Prefeitura Municipal de Coxixola atrav\u00e9s do prefeito Nelsinho Honorato, anunciou nesta ter\u00e7a-feira, dia 24, a programa\u00e7\u00e3o do S\u00e3o Jo\u00e3o Tradi\u00e7\u00e3o 2022, promovido pela gest\u00e3o municipal. Atrav\u00e9s das redes sociais, o prefeito Nelsinho Honorato divulgou oficialmente as atra\u00e7\u00f5es musicais que ir\u00e3o animar os festejos juninos do munic\u00edpio. O \u2018S\u00e3o Jo\u00e3o Tradi\u00e7\u00e3o\u2019 de Coxixola ser\u00e1 realizado entre os dias 23 \u00e0 26 de junho e m\u00fasicos tradicionais da regi\u00e3o ir\u00e3o animar o evento ao som do aut\u00eantico forr\u00f3 p\u00e9 de serra. \u201cE depois de um grande evento de anivers\u00e1rio da cidade, est\u00e1 chegando a hora de arrastar o p\u00e9, \u00e9 S\u00e3o Jo\u00e3o que t\u00e1 chegando, ent\u00e3o vamos comemorar de forma bem tradicional, com muito P\u00e9 de Serra e Arrasta-p\u00e9\u201d, falou Nelsinho. Fonte: De Olho no Cariri<\/p>\n","protected":false},"author":2,"featured_media":39168,"comment_status":"closed","ping_status":"open","sticky":false,"template":"","format":"standard","meta":{"_eb_attr":"","_jetpack_memberships_contains_paid_content":false,"footnotes":""},"categories":[3],"tags":[],"class_list":["post-39167","post","type-post","status-publish","format-standard","has-post-thumbnail","hentry","category-cidades"],"yoast_head":"<!-- This site is optimized with the Yoast SEO plugin v26.5 - https:\/\/yoast.com\/wordpress\/plugins\/seo\/ -->\n<title>Com atra\u00e7\u00f5es de m\u00fasicos da regi\u00e3o, Prefeitura de Coxixola anuncia programa\u00e7\u00e3o do \u2018S\u00e3o Jo\u00e3o Tradi\u00e7\u00e3o\u2019 - Not&iacute;cias em Destaque<\/title>\n<meta name=\"robots\" content=\"index, follow, max-snippet:-1, max-image-preview:large, max-video-preview:-1\" \/>\n<link rel=\"canonical\" href=\"https:\/\/noticiasemdestaque.com\/cd\/?p=39167\" \/>\n<meta property=\"og:locale\" content=\"pt_BR\" \/>\n<meta property=\"og:type\" content=\"article\" \/>\n<meta property=\"og:title\" content=\"Com atra\u00e7\u00f5es de m\u00fasicos da regi\u00e3o, Prefeitura de Coxixola anuncia programa\u00e7\u00e3o do \u2018S\u00e3o Jo\u00e3o Tradi\u00e7\u00e3o\u2019 - Not&iacute;cias em Destaque\" \/>\n<meta property=\"og:description\" content=\"Ap\u00f3s coroar com grande sucesso as festividades dos 28 anos do anivers\u00e1rio da cidade, a Prefeitura Municipal de Coxixola atrav\u00e9s do prefeito Nelsinho Honorato, anunciou nesta ter\u00e7a-feira, dia 24, a programa\u00e7\u00e3o do S\u00e3o Jo\u00e3o Tradi\u00e7\u00e3o 2022, promovido pela gest\u00e3o municipal. Atrav\u00e9s das redes sociais, o prefeito Nelsinho Honorato divulgou oficialmente as atra\u00e7\u00f5es musicais que ir\u00e3o animar os festejos juninos do munic\u00edpio. O \u2018S\u00e3o Jo\u00e3o Tradi\u00e7\u00e3o\u2019 de Coxixola ser\u00e1 realizado entre os dias 23 \u00e0 26 de junho e m\u00fasicos tradicionais da regi\u00e3o ir\u00e3o animar o evento ao som do aut\u00eantico forr\u00f3 p\u00e9 de serra. \u201cE depois de um grande evento de anivers\u00e1rio da cidade, est\u00e1 chegando a hora de arrastar o p\u00e9, \u00e9 S\u00e3o Jo\u00e3o que t\u00e1 chegando, ent\u00e3o vamos comemorar de forma bem tradicional, com muito P\u00e9 de Serra e Arrasta-p\u00e9\u201d, falou Nelsinho. Fonte: De Olho no Cariri\" \/>\n<meta property=\"og:url\" content=\"https:\/\/noticiasemdestaque.com\/cd\/?p=39167\" \/>\n<meta property=\"og:site_name\" content=\"Not&iacute;cias em Destaque\" \/>\n<meta property=\"article:published_time\" content=\"2022-05-25T13:05:43+00:00\" \/>\n<meta property=\"og:image\" content=\"https:\/\/noticiasemdestaque.com\/cd\/wp-content\/uploads\/2022\/05\/284064154_1438709403231750_3876406332595180085_n.jpg\" \/>\n\t<meta property=\"og:image:width\" content=\"1024\" \/>\n\t<meta property=\"og:image:height\" content=\"1280\" \/>\n\t<meta property=\"og:image:type\" content=\"image\/jpeg\" \/>\n<meta name=\"author\" content=\"Not\u00edcias em Destaque\" \/>\n<meta name=\"twitter:card\" content=\"summary_large_image\" \/>\n<meta name=\"twitter:label1\" content=\"Escrito por\" \/>\n\t<meta name=\"twitter:data1\" content=\"Not\u00edcias em Destaque\" \/>\n\t<meta name=\"twitter:label2\" content=\"Est. tempo de leitura\" \/>\n\t<meta name=\"twitter:data2\" content=\"1 minuto\" \/>\n<script type=\"application\/ld+json\" class=\"yoast-schema-graph\">{\"@context\":\"https:\/\/schema.org\",\"@graph\":[{\"@type\":\"Article\",\"@id\":\"https:\/\/noticiasemdestaque.com\/cd\/?p=39167#article\",\"isPartOf\":{\"@id\":\"https:\/\/noticiasemdestaque.com\/cd\/?p=39167\"},\"author\":{\"name\":\"Not\u00edcias em Destaque\",\"@id\":\"https:\/\/noticiasemdestaque.com\/cd\/#\/schema\/person\/4a81fb71f77579d059c3045891fa1786\"},\"headline\":\"Com atra\u00e7\u00f5es de m\u00fasicos da regi\u00e3o, Prefeitura de Coxixola anuncia programa\u00e7\u00e3o do \u2018S\u00e3o Jo\u00e3o Tradi\u00e7\u00e3o\u2019\",\"datePublished\":\"2022-05-25T13:05:43+00:00\",\"mainEntityOfPage\":{\"@id\":\"https:\/\/noticiasemdestaque.com\/cd\/?p=39167\"},\"wordCount\":178,\"publisher\":{\"@id\":\"https:\/\/noticiasemdestaque.com\/cd\/#organization\"},\"image\":{\"@id\":\"https:\/\/noticiasemdestaque.com\/cd\/?p=39167#primaryimage\"},\"thumbnailUrl\":\"https:\/\/noticiasemdestaque.com\/cd\/wp-content\/uploads\/2022\/05\/284064154_1438709403231750_3876406332595180085_n.jpg\",\"articleSection\":[\"Cidades\"],\"inLanguage\":\"pt-BR\"},{\"@type\":\"WebPage\",\"@id\":\"https:\/\/noticiasemdestaque.com\/cd\/?p=39167\",\"url\":\"https:\/\/noticiasemdestaque.com\/cd\/?p=39167\",\"name\":\"Com atra\u00e7\u00f5es de m\u00fasicos da regi\u00e3o, Prefeitura de Coxixola anuncia programa\u00e7\u00e3o do \u2018S\u00e3o Jo\u00e3o Tradi\u00e7\u00e3o\u2019 - Not&iacute;cias em Destaque\",\"isPartOf\":{\"@id\":\"https:\/\/noticiasemdestaque.com\/cd\/#website\"},\"primaryImageOfPage\":{\"@id\":\"https:\/\/noticiasemdestaque.com\/cd\/?p=39167#primaryimage\"},\"image\":{\"@id\":\"https:\/\/noticiasemdestaque.com\/cd\/?p=39167#primaryimage\"},\"thumbnailUrl\":\"https:\/\/noticiasemdestaque.com\/cd\/wp-content\/uploads\/2022\/05\/284064154_1438709403231750_3876406332595180085_n.jpg\",\"datePublished\":\"2022-05-25T13:05:43+00:00\",\"breadcrumb\":{\"@id\":\"https:\/\/noticiasemdestaque.com\/cd\/?p=39167#breadcrumb\"},\"inLanguage\":\"pt-BR\",\"potentialAction\":[{\"@type\":\"ReadAction\",\"target\":[\"https:\/\/noticiasemdestaque.com\/cd\/?p=39167\"]}]},{\"@type\":\"ImageObject\",\"inLanguage\":\"pt-BR\",\"@id\":\"https:\/\/noticiasemdestaque.com\/cd\/?p=39167#primaryimage\",\"url\":\"https:\/\/noticiasemdestaque.com\/cd\/wp-content\/uploads\/2022\/05\/284064154_1438709403231750_3876406332595180085_n.jpg\",\"contentUrl\":\"https:\/\/noticiasemdestaque.com\/cd\/wp-content\/uploads\/2022\/05\/284064154_1438709403231750_3876406332595180085_n.jpg\",\"width\":1024,\"height\":1280},{\"@type\":\"BreadcrumbList\",\"@id\":\"https:\/\/noticiasemdestaque.com\/cd\/?p=39167#breadcrumb\",\"itemListElement\":[{\"@type\":\"ListItem\",\"position\":1,\"name\":\"In\u00edcio\",\"item\":\"https:\/\/noticiasemdestaque.com\/cd\/\"},{\"@type\":\"ListItem\",\"position\":2,\"name\":\"Com atra\u00e7\u00f5es de m\u00fasicos da regi\u00e3o, Prefeitura de Coxixola anuncia programa\u00e7\u00e3o do \u2018S\u00e3o Jo\u00e3o Tradi\u00e7\u00e3o\u2019\"}]},{\"@type\":\"WebSite\",\"@id\":\"https:\/\/noticiasemdestaque.com\/cd\/#website\",\"url\":\"https:\/\/noticiasemdestaque.com\/cd\/\",\"name\":\"Not&iacute;cias em Destaque\",\"description\":\"\",\"publisher\":{\"@id\":\"https:\/\/noticiasemdestaque.com\/cd\/#organization\"},\"potentialAction\":[{\"@type\":\"SearchAction\",\"target\":{\"@type\":\"EntryPoint\",\"urlTemplate\":\"https:\/\/noticiasemdestaque.com\/cd\/?s={search_term_string}\"},\"query-input\":{\"@type\":\"PropertyValueSpecification\",\"valueRequired\":true,\"valueName\":\"search_term_string\"}}],\"inLanguage\":\"pt-BR\"},{\"@type\":\"Organization\",\"@id\":\"https:\/\/noticiasemdestaque.com\/cd\/#organization\",\"name\":\"Not\u00edcias em Destaque\",\"url\":\"https:\/\/noticiasemdestaque.com\/cd\/\",\"logo\":{\"@type\":\"ImageObject\",\"inLanguage\":\"pt-BR\",\"@id\":\"https:\/\/noticiasemdestaque.com\/cd\/#\/schema\/logo\/image\/\",\"url\":\"https:\/\/noticiasemdestaque.com\/cd\/wp-content\/uploads\/2022\/05\/imagem-base-noticiasemdestaque.png\",\"contentUrl\":\"https:\/\/noticiasemdestaque.com\/cd\/wp-content\/uploads\/2022\/05\/imagem-base-noticiasemdestaque.png\",\"width\":1200,\"height\":630,\"caption\":\"Not\u00edcias em Destaque\"},\"image\":{\"@id\":\"https:\/\/noticiasemdestaque.com\/cd\/#\/schema\/logo\/image\/\"}},{\"@type\":\"Person\",\"@id\":\"https:\/\/noticiasemdestaque.com\/cd\/#\/schema\/person\/4a81fb71f77579d059c3045891fa1786\",\"name\":\"Not\u00edcias em Destaque\",\"url\":\"https:\/\/noticiasemdestaque.com\/cd\/?author=2\"}]}<\/script>\n<!-- \/ Yoast SEO plugin. -->","yoast_head_json":{"title":"Com atra\u00e7\u00f5es de m\u00fasicos da regi\u00e3o, Prefeitura de Coxixola anuncia programa\u00e7\u00e3o do \u2018S\u00e3o Jo\u00e3o Tradi\u00e7\u00e3o\u2019 - Not&iacute;cias em Destaque","robots":{"index":"index","follow":"follow","max-snippet":"max-snippet:-1","max-image-preview":"max-image-preview:large","max-video-preview":"max-video-preview:-1"},"canonical":"https:\/\/noticiasemdestaque.com\/cd\/?p=39167","og_locale":"pt_BR","og_type":"article","og_title":"Com atra\u00e7\u00f5es de m\u00fasicos da regi\u00e3o, Prefeitura de Coxixola anuncia programa\u00e7\u00e3o do \u2018S\u00e3o Jo\u00e3o Tradi\u00e7\u00e3o\u2019 - Not&iacute;cias em Destaque","og_description":"Ap\u00f3s coroar com grande sucesso as festividades dos 28 anos do anivers\u00e1rio da cidade, a Prefeitura Municipal de Coxixola atrav\u00e9s do prefeito Nelsinho Honorato, anunciou nesta ter\u00e7a-feira, dia 24, a programa\u00e7\u00e3o do S\u00e3o Jo\u00e3o Tradi\u00e7\u00e3o 2022, promovido pela gest\u00e3o municipal. Atrav\u00e9s das redes sociais, o prefeito Nelsinho Honorato divulgou oficialmente as atra\u00e7\u00f5es musicais que ir\u00e3o animar os festejos juninos do munic\u00edpio. O \u2018S\u00e3o Jo\u00e3o Tradi\u00e7\u00e3o\u2019 de Coxixola ser\u00e1 realizado entre os dias 23 \u00e0 26 de junho e m\u00fasicos tradicionais da regi\u00e3o ir\u00e3o animar o evento ao som do aut\u00eantico forr\u00f3 p\u00e9 de serra. \u201cE depois de um grande evento de anivers\u00e1rio da cidade, est\u00e1 chegando a hora de arrastar o p\u00e9, \u00e9 S\u00e3o Jo\u00e3o que t\u00e1 chegando, ent\u00e3o vamos comemorar de forma bem tradicional, com muito P\u00e9 de Serra e Arrasta-p\u00e9\u201d, falou Nelsinho. Fonte: De Olho no Cariri","og_url":"https:\/\/noticiasemdestaque.com\/cd\/?p=39167","og_site_name":"Not&iacute;cias em Destaque","article_published_time":"2022-05-25T13:05:43+00:00","og_image":[{"width":1024,"height":1280,"url":"https:\/\/noticiasemdestaque.com\/cd\/wp-content\/uploads\/2022\/05\/284064154_1438709403231750_3876406332595180085_n.jpg","type":"image\/jpeg"}],"author":"Not\u00edcias em Destaque","twitter_card":"summary_large_image","twitter_misc":{"Escrito por":"Not\u00edcias em Destaque","Est. tempo de leitura":"1 minuto"},"schema":{"@context":"https:\/\/schema.org","@graph":[{"@type":"Article","@id":"https:\/\/noticiasemdestaque.com\/cd\/?p=39167#article","isPartOf":{"@id":"https:\/\/noticiasemdestaque.com\/cd\/?p=39167"},"author":{"name":"Not\u00edcias em Destaque","@id":"https:\/\/noticiasemdestaque.com\/cd\/#\/schema\/person\/4a81fb71f77579d059c3045891fa1786"},"headline":"Com atra\u00e7\u00f5es de m\u00fasicos da regi\u00e3o, Prefeitura de Coxixola anuncia programa\u00e7\u00e3o do \u2018S\u00e3o Jo\u00e3o Tradi\u00e7\u00e3o\u2019","datePublished":"2022-05-25T13:05:43+00:00","mainEntityOfPage":{"@id":"https:\/\/noticiasemdestaque.com\/cd\/?p=39167"},"wordCount":178,"publisher":{"@id":"https:\/\/noticiasemdestaque.com\/cd\/#organization"},"image":{"@id":"https:\/\/noticiasemdestaque.com\/cd\/?p=39167#primaryimage"},"thumbnailUrl":"https:\/\/noticiasemdestaque.com\/cd\/wp-content\/uploads\/2022\/05\/284064154_1438709403231750_3876406332595180085_n.jpg","articleSection":["Cidades"],"inLanguage":"pt-BR"},{"@type":"WebPage","@id":"https:\/\/noticiasemdestaque.com\/cd\/?p=39167","url":"https:\/\/noticiasemdestaque.com\/cd\/?p=39167","name":"Com atra\u00e7\u00f5es de m\u00fasicos da regi\u00e3o, Prefeitura de Coxixola anuncia programa\u00e7\u00e3o do \u2018S\u00e3o Jo\u00e3o Tradi\u00e7\u00e3o\u2019 - Not&iacute;cias em Destaque","isPartOf":{"@id":"https:\/\/noticiasemdestaque.com\/cd\/#website"},"primaryImageOfPage":{"@id":"https:\/\/noticiasemdestaque.com\/cd\/?p=39167#primaryimage"},"image":{"@id":"https:\/\/noticiasemdestaque.com\/cd\/?p=39167#primaryimage"},"thumbnailUrl":"https:\/\/noticiasemdestaque.com\/cd\/wp-content\/uploads\/2022\/05\/284064154_1438709403231750_3876406332595180085_n.jpg","datePublished":"2022-05-25T13:05:43+00:00","breadcrumb":{"@id":"https:\/\/noticiasemdestaque.com\/cd\/?p=39167#breadcrumb"},"inLanguage":"pt-BR","potentialAction":[{"@type":"ReadAction","target":["https:\/\/noticiasemdestaque.com\/cd\/?p=39167"]}]},{"@type":"ImageObject","inLanguage":"pt-BR","@id":"https:\/\/noticiasemdestaque.com\/cd\/?p=39167#primaryimage","url":"https:\/\/noticiasemdestaque.com\/cd\/wp-content\/uploads\/2022\/05\/284064154_1438709403231750_3876406332595180085_n.jpg","contentUrl":"https:\/\/noticiasemdestaque.com\/cd\/wp-content\/uploads\/2022\/05\/284064154_1438709403231750_3876406332595180085_n.jpg","width":1024,"height":1280},{"@type":"BreadcrumbList","@id":"https:\/\/noticiasemdestaque.com\/cd\/?p=39167#breadcrumb","itemListElement":[{"@type":"ListItem","position":1,"name":"In\u00edcio","item":"https:\/\/noticiasemdestaque.com\/cd\/"},{"@type":"ListItem","position":2,"name":"Com atra\u00e7\u00f5es de m\u00fasicos da regi\u00e3o, Prefeitura de Coxixola anuncia programa\u00e7\u00e3o do \u2018S\u00e3o Jo\u00e3o Tradi\u00e7\u00e3o\u2019"}]},{"@type":"WebSite","@id":"https:\/\/noticiasemdestaque.com\/cd\/#website","url":"https:\/\/noticiasemdestaque.com\/cd\/","name":"Not&iacute;cias em Destaque","description":"","publisher":{"@id":"https:\/\/noticiasemdestaque.com\/cd\/#organization"},"potentialAction":[{"@type":"SearchAction","target":{"@type":"EntryPoint","urlTemplate":"https:\/\/noticiasemdestaque.com\/cd\/?s={search_term_string}"},"query-input":{"@type":"PropertyValueSpecification","valueRequired":true,"valueName":"search_term_string"}}],"inLanguage":"pt-BR"},{"@type":"Organization","@id":"https:\/\/noticiasemdestaque.com\/cd\/#organization","name":"Not\u00edcias em Destaque","url":"https:\/\/noticiasemdestaque.com\/cd\/","logo":{"@type":"ImageObject","inLanguage":"pt-BR","@id":"https:\/\/noticiasemdestaque.com\/cd\/#\/schema\/logo\/image\/","url":"https:\/\/noticiasemdestaque.com\/cd\/wp-content\/uploads\/2022\/05\/imagem-base-noticiasemdestaque.png","contentUrl":"https:\/\/noticiasemdestaque.com\/cd\/wp-content\/uploads\/2022\/05\/imagem-base-noticiasemdestaque.png","width":1200,"height":630,"caption":"Not\u00edcias em Destaque"},"image":{"@id":"https:\/\/noticiasemdestaque.com\/cd\/#\/schema\/logo\/image\/"}},{"@type":"Person","@id":"https:\/\/noticiasemdestaque.com\/cd\/#\/schema\/person\/4a81fb71f77579d059c3045891fa1786","name":"Not\u00edcias em Destaque","url":"https:\/\/noticiasemdestaque.com\/cd\/?author=2"}]}},"jetpack_featured_media_url":"https:\/\/noticiasemdestaque.com\/cd\/wp-content\/uploads\/2022\/05\/284064154_1438709403231750_3876406332595180085_n.jpg","jetpack_sharing_enabled":true,"_links":{"self":[{"href":"https:\/\/noticiasemdestaque.com\/cd\/index.php?rest_route=\/wp\/v2\/posts\/39167","targetHints":{"allow":["GET"]}}],"collection":[{"href":"https:\/\/noticiasemdestaque.com\/cd\/index.php?rest_route=\/wp\/v2\/posts"}],"about":[{"href":"https:\/\/noticiasemdestaque.com\/cd\/index.php?rest_route=\/wp\/v2\/types\/post"}],"author":[{"embeddable":true,"href":"https:\/\/noticiasemdestaque.com\/cd\/index.php?rest_route=\/wp\/v2\/users\/2"}],"replies":[{"embeddable":true,"href":"https:\/\/noticiasemdestaque.com\/cd\/index.php?rest_route=%2Fwp%2Fv2%2Fcomments&post=39167"}],"version-history":[{"count":1,"href":"https:\/\/noticiasemdestaque.com\/cd\/index.php?rest_route=\/wp\/v2\/posts\/39167\/revisions"}],"predecessor-version":[{"id":39169,"href":"https:\/\/noticiasemdestaque.com\/cd\/index.php?rest_route=\/wp\/v2\/posts\/39167\/revisions\/39169"}],"wp:featuredmedia":[{"embeddable":true,"href":"https:\/\/noticiasemdestaque.com\/cd\/index.php?rest_route=\/wp\/v2\/media\/39168"}],"wp:attachment":[{"href":"https:\/\/noticiasemdestaque.com\/cd\/index.php?rest_route=%2Fwp%2Fv2%2Fmedia&parent=39167"}],"wp:term":[{"taxonomy":"category","embeddable":true,"href":"https:\/\/noticiasemdestaque.com\/cd\/index.php?rest_route=%2Fwp%2Fv2%2Fcategories&post=39167"},{"taxonomy":"post_tag","embeddable":true,"href":"https:\/\/noticiasemdestaque.com\/cd\/index.php?rest_route=%2Fwp%2Fv2%2Ftags&post=39167"}],"curies":[{"name":"wp","href":"https:\/\/api.w.org\/{rel}","templated":true}]}}