{"id":3916,"date":"2017-09-02T11:25:33","date_gmt":"2017-09-02T14:25:33","guid":{"rendered":"http:\/\/caririemdestaque.com\/cd\/?p=3916"},"modified":"2017-09-02T11:25:33","modified_gmt":"2017-09-02T14:25:33","slug":"venda-de-veiculos-novos-cresce-11-no-mes-de-agosto-diz-fenabrave","status":"publish","type":"post","link":"https:\/\/noticiasemdestaque.com\/cd\/?p=3916","title":{"rendered":"Venda de ve\u00edculos novos cresce 11% no m\u00eas de agosto, diz Fenabrave"},"content":{"rendered":"<p><a href=\"http:\/\/caririemdestaque.com\/cd\/wp-content\/uploads\/2017\/09\/carros-300x200.jpg\"><img fetchpriority=\"high\" decoding=\"async\" class=\"wp-image-3917 size-medium alignleft\" src=\"http:\/\/caririemdestaque.com\/cd\/wp-content\/uploads\/2017\/09\/carros-300x200-300x200.jpg\" alt=\"\" width=\"300\" height=\"200\" \/><\/a>A venda de ve\u00edculos novos cresceu 10,59% em agosto na compara\u00e7\u00e3o com igual per\u00edodo do ano passado, segundo levantamento da Federa\u00e7\u00e3o Nacional da Distribui\u00e7\u00e3o de Ve\u00edculos Automotores (Fenabrave). A entidade considera os emplacamentos de ve\u00edculos para a sistematiza\u00e7\u00e3o dos dados.<\/p>\n<p>No m\u00eas passado, foram comercializadas 305.221 unidades. Em agosto de 2016, o total foi de 275.994. No acumulado do ano, no entanto, as vendas de 2017 continuam abaixo do ano anterior, com queda de 2,99%.<\/p>\n<p>A maioria dos segmentos automotivos apresentou alta nas vendas em agosto, de acordo com a entidade. As vendas de autom\u00f3veis subiram 21,43% no m\u00eas. De janeiro a julho, este segmento registra alta de 6,71% na compara\u00e7\u00e3o com o mesmo per\u00edodo de 2016.<\/p>\n<p>O segmento de \u00f4nibus teve a alta mais expressiva nas vendas no m\u00eas passado, de 30,41%; mas o resultado acumulado em 2017 ainda est\u00e1 5,38% abaixo do registrado no mesmo per\u00edodo de 2016. J\u00e1 as vendas de caminh\u00f5es aumentaram 9,9% em agosto. No acumulado, o resultado mant\u00e9m baixa de 10,71%.<\/p>\n<p>Os emplacamentos de comerciais leves (picapes e furg\u00f5es), por sua vez, ca\u00edram 0,47% em agosto, mas no acumulado do ano t\u00eam varia\u00e7\u00e3o positiva de 0,99%.<\/p>\n<p>O segmento de motos tamb\u00e9m apresentou varia\u00e7\u00e3o negativa em agosto, com queda de 4,98% nas vendas na compara\u00e7\u00e3o com o mesmo m\u00eas do ano passado. De janeiro a julho, a queda \u00e9 a mais expressiva, de -18,77%. O item de implementos rodovi\u00e1rios registrou alta de 23,08% nas vendas, mas tamb\u00e9m tem recuo de 6,60% na compara\u00e7\u00e3o anual.<\/p>\n<p>Com Ag\u00eancia Brasil<\/p>\n","protected":false},"excerpt":{"rendered":"<p>A venda de ve\u00edculos novos cresceu 10,59% em agosto na compara\u00e7\u00e3o com igual per\u00edodo do ano passado, segundo levantamento da Federa\u00e7\u00e3o Nacional da Distribui\u00e7\u00e3o de Ve\u00edculos Automotores (Fenabrave). A entidade considera os emplacamentos de ve\u00edculos para a sistematiza\u00e7\u00e3o dos dados. No m\u00eas passado, foram comercializadas 305.221 unidades. Em agosto de 2016, o total foi de 275.994. No acumulado do ano, no entanto, as vendas de 2017 continuam abaixo do ano anterior, com queda de 2,99%. A maioria dos segmentos automotivos apresentou alta nas vendas em agosto, de acordo com a entidade. As vendas de autom\u00f3veis subiram 21,43% no m\u00eas. De janeiro a julho, este segmento registra alta de 6,71% na compara\u00e7\u00e3o com o mesmo per\u00edodo de 2016. O segmento de \u00f4nibus teve a alta mais expressiva nas vendas no m\u00eas passado, de 30,41%; mas o resultado acumulado em 2017 ainda est\u00e1 5,38% abaixo do registrado no mesmo per\u00edodo de 2016. J\u00e1 as vendas de caminh\u00f5es aumentaram 9,9% em agosto. No acumulado, o resultado mant\u00e9m baixa de 10,71%. Os emplacamentos de comerciais leves (picapes e furg\u00f5es), por sua vez, ca\u00edram 0,47% em agosto, mas no acumulado do ano t\u00eam varia\u00e7\u00e3o positiva de 0,99%. O segmento de motos tamb\u00e9m apresentou varia\u00e7\u00e3o negativa em agosto, com queda de 4,98% nas vendas na compara\u00e7\u00e3o com o mesmo m\u00eas do ano passado. De janeiro a julho, a queda \u00e9 a mais expressiva, de -18,77%. O item de implementos rodovi\u00e1rios registrou alta de 23,08% nas vendas, mas tamb\u00e9m tem recuo de 6,60% na compara\u00e7\u00e3o anual. Com Ag\u00eancia Brasil<\/p>\n","protected":false},"author":2,"featured_media":3917,"comment_status":"closed","ping_status":"open","sticky":false,"template":"","format":"standard","meta":{"_eb_attr":"","_jetpack_memberships_contains_paid_content":false,"footnotes":""},"categories":[11],"tags":[],"class_list":["post-3916","post","type-post","status-publish","format-standard","has-post-thumbnail","hentry","category-economia"],"yoast_head":"<!-- This site is optimized with the Yoast SEO plugin v26.5 - https:\/\/yoast.com\/wordpress\/plugins\/seo\/ -->\n<title>Venda de ve\u00edculos novos cresce 11% no m\u00eas de agosto, diz Fenabrave - Not&iacute;cias em Destaque<\/title>\n<meta name=\"robots\" content=\"index, follow, max-snippet:-1, max-image-preview:large, max-video-preview:-1\" \/>\n<link rel=\"canonical\" href=\"https:\/\/noticiasemdestaque.com\/cd\/?p=3916\" \/>\n<meta property=\"og:locale\" content=\"pt_BR\" \/>\n<meta property=\"og:type\" content=\"article\" \/>\n<meta property=\"og:title\" content=\"Venda de ve\u00edculos novos cresce 11% no m\u00eas de agosto, diz Fenabrave - Not&iacute;cias em Destaque\" \/>\n<meta property=\"og:description\" content=\"A venda de ve\u00edculos novos cresceu 10,59% em agosto na compara\u00e7\u00e3o com igual per\u00edodo do ano passado, segundo levantamento da Federa\u00e7\u00e3o Nacional da Distribui\u00e7\u00e3o de Ve\u00edculos Automotores (Fenabrave). A entidade considera os emplacamentos de ve\u00edculos para a sistematiza\u00e7\u00e3o dos dados. No m\u00eas passado, foram comercializadas 305.221 unidades. Em agosto de 2016, o total foi de 275.994. No acumulado do ano, no entanto, as vendas de 2017 continuam abaixo do ano anterior, com queda de 2,99%. A maioria dos segmentos automotivos apresentou alta nas vendas em agosto, de acordo com a entidade. As vendas de autom\u00f3veis subiram 21,43% no m\u00eas. De janeiro a julho, este segmento registra alta de 6,71% na compara\u00e7\u00e3o com o mesmo per\u00edodo de 2016. O segmento de \u00f4nibus teve a alta mais expressiva nas vendas no m\u00eas passado, de 30,41%; mas o resultado acumulado em 2017 ainda est\u00e1 5,38% abaixo do registrado no mesmo per\u00edodo de 2016. J\u00e1 as vendas de caminh\u00f5es aumentaram 9,9% em agosto. No acumulado, o resultado mant\u00e9m baixa de 10,71%. Os emplacamentos de comerciais leves (picapes e furg\u00f5es), por sua vez, ca\u00edram 0,47% em agosto, mas no acumulado do ano t\u00eam varia\u00e7\u00e3o positiva de 0,99%. O segmento de motos tamb\u00e9m apresentou varia\u00e7\u00e3o negativa em agosto, com queda de 4,98% nas vendas na compara\u00e7\u00e3o com o mesmo m\u00eas do ano passado. De janeiro a julho, a queda \u00e9 a mais expressiva, de -18,77%. O item de implementos rodovi\u00e1rios registrou alta de 23,08% nas vendas, mas tamb\u00e9m tem recuo de 6,60% na compara\u00e7\u00e3o anual. Com Ag\u00eancia Brasil\" \/>\n<meta property=\"og:url\" content=\"https:\/\/noticiasemdestaque.com\/cd\/?p=3916\" \/>\n<meta property=\"og:site_name\" content=\"Not&iacute;cias em Destaque\" \/>\n<meta property=\"article:published_time\" content=\"2017-09-02T14:25:33+00:00\" \/>\n<meta property=\"og:image\" content=\"https:\/\/noticiasemdestaque.com\/cd\/wp-content\/uploads\/2017\/09\/carros-300x200.jpg\" \/>\n\t<meta property=\"og:image:width\" content=\"300\" \/>\n\t<meta property=\"og:image:height\" content=\"200\" \/>\n\t<meta property=\"og:image:type\" content=\"image\/jpeg\" \/>\n<meta name=\"author\" content=\"Not\u00edcias em Destaque\" \/>\n<meta name=\"twitter:card\" content=\"summary_large_image\" \/>\n<meta name=\"twitter:label1\" content=\"Escrito por\" \/>\n\t<meta name=\"twitter:data1\" content=\"Not\u00edcias em Destaque\" \/>\n\t<meta name=\"twitter:label2\" content=\"Est. tempo de leitura\" \/>\n\t<meta name=\"twitter:data2\" content=\"1 minuto\" \/>\n<script type=\"application\/ld+json\" class=\"yoast-schema-graph\">{\"@context\":\"https:\/\/schema.org\",\"@graph\":[{\"@type\":\"Article\",\"@id\":\"https:\/\/noticiasemdestaque.com\/cd\/?p=3916#article\",\"isPartOf\":{\"@id\":\"https:\/\/noticiasemdestaque.com\/cd\/?p=3916\"},\"author\":{\"name\":\"Not\u00edcias em Destaque\",\"@id\":\"https:\/\/noticiasemdestaque.com\/cd\/#\/schema\/person\/21320b03a7e8bb90128938dafc9b908a\"},\"headline\":\"Venda de ve\u00edculos novos cresce 11% no m\u00eas de agosto, diz Fenabrave\",\"datePublished\":\"2017-09-02T14:25:33+00:00\",\"mainEntityOfPage\":{\"@id\":\"https:\/\/noticiasemdestaque.com\/cd\/?p=3916\"},\"wordCount\":273,\"publisher\":{\"@id\":\"https:\/\/noticiasemdestaque.com\/cd\/#organization\"},\"image\":{\"@id\":\"https:\/\/noticiasemdestaque.com\/cd\/?p=3916#primaryimage\"},\"thumbnailUrl\":\"https:\/\/noticiasemdestaque.com\/cd\/wp-content\/uploads\/2017\/09\/carros-300x200.jpg\",\"articleSection\":[\"Economia\"],\"inLanguage\":\"pt-BR\"},{\"@type\":\"WebPage\",\"@id\":\"https:\/\/noticiasemdestaque.com\/cd\/?p=3916\",\"url\":\"https:\/\/noticiasemdestaque.com\/cd\/?p=3916\",\"name\":\"Venda de ve\u00edculos novos cresce 11% no m\u00eas de agosto, diz Fenabrave - Not&iacute;cias em Destaque\",\"isPartOf\":{\"@id\":\"https:\/\/noticiasemdestaque.com\/cd\/#website\"},\"primaryImageOfPage\":{\"@id\":\"https:\/\/noticiasemdestaque.com\/cd\/?p=3916#primaryimage\"},\"image\":{\"@id\":\"https:\/\/noticiasemdestaque.com\/cd\/?p=3916#primaryimage\"},\"thumbnailUrl\":\"https:\/\/noticiasemdestaque.com\/cd\/wp-content\/uploads\/2017\/09\/carros-300x200.jpg\",\"datePublished\":\"2017-09-02T14:25:33+00:00\",\"breadcrumb\":{\"@id\":\"https:\/\/noticiasemdestaque.com\/cd\/?p=3916#breadcrumb\"},\"inLanguage\":\"pt-BR\",\"potentialAction\":[{\"@type\":\"ReadAction\",\"target\":[\"https:\/\/noticiasemdestaque.com\/cd\/?p=3916\"]}]},{\"@type\":\"ImageObject\",\"inLanguage\":\"pt-BR\",\"@id\":\"https:\/\/noticiasemdestaque.com\/cd\/?p=3916#primaryimage\",\"url\":\"https:\/\/noticiasemdestaque.com\/cd\/wp-content\/uploads\/2017\/09\/carros-300x200.jpg\",\"contentUrl\":\"https:\/\/noticiasemdestaque.com\/cd\/wp-content\/uploads\/2017\/09\/carros-300x200.jpg\",\"width\":300,\"height\":200},{\"@type\":\"BreadcrumbList\",\"@id\":\"https:\/\/noticiasemdestaque.com\/cd\/?p=3916#breadcrumb\",\"itemListElement\":[{\"@type\":\"ListItem\",\"position\":1,\"name\":\"In\u00edcio\",\"item\":\"https:\/\/noticiasemdestaque.com\/cd\/\"},{\"@type\":\"ListItem\",\"position\":2,\"name\":\"Venda de ve\u00edculos novos cresce 11% no m\u00eas de agosto, diz Fenabrave\"}]},{\"@type\":\"WebSite\",\"@id\":\"https:\/\/noticiasemdestaque.com\/cd\/#website\",\"url\":\"https:\/\/noticiasemdestaque.com\/cd\/\",\"name\":\"Not&iacute;cias em Destaque\",\"description\":\"\",\"publisher\":{\"@id\":\"https:\/\/noticiasemdestaque.com\/cd\/#organization\"},\"potentialAction\":[{\"@type\":\"SearchAction\",\"target\":{\"@type\":\"EntryPoint\",\"urlTemplate\":\"https:\/\/noticiasemdestaque.com\/cd\/?s={search_term_string}\"},\"query-input\":{\"@type\":\"PropertyValueSpecification\",\"valueRequired\":true,\"valueName\":\"search_term_string\"}}],\"inLanguage\":\"pt-BR\"},{\"@type\":\"Organization\",\"@id\":\"https:\/\/noticiasemdestaque.com\/cd\/#organization\",\"name\":\"Not\u00edcias em Destaque\",\"url\":\"https:\/\/noticiasemdestaque.com\/cd\/\",\"logo\":{\"@type\":\"ImageObject\",\"inLanguage\":\"pt-BR\",\"@id\":\"https:\/\/noticiasemdestaque.com\/cd\/#\/schema\/logo\/image\/\",\"url\":\"https:\/\/noticiasemdestaque.com\/cd\/wp-content\/uploads\/2022\/05\/imagem-base-noticiasemdestaque.png\",\"contentUrl\":\"https:\/\/noticiasemdestaque.com\/cd\/wp-content\/uploads\/2022\/05\/imagem-base-noticiasemdestaque.png\",\"width\":1200,\"height\":630,\"caption\":\"Not\u00edcias em Destaque\"},\"image\":{\"@id\":\"https:\/\/noticiasemdestaque.com\/cd\/#\/schema\/logo\/image\/\"}},{\"@type\":\"Person\",\"@id\":\"https:\/\/noticiasemdestaque.com\/cd\/#\/schema\/person\/21320b03a7e8bb90128938dafc9b908a\",\"name\":\"Not\u00edcias em Destaque\",\"url\":\"https:\/\/noticiasemdestaque.com\/cd\/?author=2\"}]}<\/script>\n<!-- \/ Yoast SEO plugin. -->","yoast_head_json":{"title":"Venda de ve\u00edculos novos cresce 11% no m\u00eas de agosto, diz Fenabrave - Not&iacute;cias em Destaque","robots":{"index":"index","follow":"follow","max-snippet":"max-snippet:-1","max-image-preview":"max-image-preview:large","max-video-preview":"max-video-preview:-1"},"canonical":"https:\/\/noticiasemdestaque.com\/cd\/?p=3916","og_locale":"pt_BR","og_type":"article","og_title":"Venda de ve\u00edculos novos cresce 11% no m\u00eas de agosto, diz Fenabrave - Not&iacute;cias em Destaque","og_description":"A venda de ve\u00edculos novos cresceu 10,59% em agosto na compara\u00e7\u00e3o com igual per\u00edodo do ano passado, segundo levantamento da Federa\u00e7\u00e3o Nacional da Distribui\u00e7\u00e3o de Ve\u00edculos Automotores (Fenabrave). A entidade considera os emplacamentos de ve\u00edculos para a sistematiza\u00e7\u00e3o dos dados. No m\u00eas passado, foram comercializadas 305.221 unidades. Em agosto de 2016, o total foi de 275.994. No acumulado do ano, no entanto, as vendas de 2017 continuam abaixo do ano anterior, com queda de 2,99%. A maioria dos segmentos automotivos apresentou alta nas vendas em agosto, de acordo com a entidade. As vendas de autom\u00f3veis subiram 21,43% no m\u00eas. De janeiro a julho, este segmento registra alta de 6,71% na compara\u00e7\u00e3o com o mesmo per\u00edodo de 2016. O segmento de \u00f4nibus teve a alta mais expressiva nas vendas no m\u00eas passado, de 30,41%; mas o resultado acumulado em 2017 ainda est\u00e1 5,38% abaixo do registrado no mesmo per\u00edodo de 2016. J\u00e1 as vendas de caminh\u00f5es aumentaram 9,9% em agosto. No acumulado, o resultado mant\u00e9m baixa de 10,71%. Os emplacamentos de comerciais leves (picapes e furg\u00f5es), por sua vez, ca\u00edram 0,47% em agosto, mas no acumulado do ano t\u00eam varia\u00e7\u00e3o positiva de 0,99%. O segmento de motos tamb\u00e9m apresentou varia\u00e7\u00e3o negativa em agosto, com queda de 4,98% nas vendas na compara\u00e7\u00e3o com o mesmo m\u00eas do ano passado. De janeiro a julho, a queda \u00e9 a mais expressiva, de -18,77%. O item de implementos rodovi\u00e1rios registrou alta de 23,08% nas vendas, mas tamb\u00e9m tem recuo de 6,60% na compara\u00e7\u00e3o anual. Com Ag\u00eancia Brasil","og_url":"https:\/\/noticiasemdestaque.com\/cd\/?p=3916","og_site_name":"Not&iacute;cias em Destaque","article_published_time":"2017-09-02T14:25:33+00:00","og_image":[{"width":300,"height":200,"url":"https:\/\/noticiasemdestaque.com\/cd\/wp-content\/uploads\/2017\/09\/carros-300x200.jpg","type":"image\/jpeg"}],"author":"Not\u00edcias em Destaque","twitter_card":"summary_large_image","twitter_misc":{"Escrito por":"Not\u00edcias em Destaque","Est. tempo de leitura":"1 minuto"},"schema":{"@context":"https:\/\/schema.org","@graph":[{"@type":"Article","@id":"https:\/\/noticiasemdestaque.com\/cd\/?p=3916#article","isPartOf":{"@id":"https:\/\/noticiasemdestaque.com\/cd\/?p=3916"},"author":{"name":"Not\u00edcias em Destaque","@id":"https:\/\/noticiasemdestaque.com\/cd\/#\/schema\/person\/21320b03a7e8bb90128938dafc9b908a"},"headline":"Venda de ve\u00edculos novos cresce 11% no m\u00eas de agosto, diz Fenabrave","datePublished":"2017-09-02T14:25:33+00:00","mainEntityOfPage":{"@id":"https:\/\/noticiasemdestaque.com\/cd\/?p=3916"},"wordCount":273,"publisher":{"@id":"https:\/\/noticiasemdestaque.com\/cd\/#organization"},"image":{"@id":"https:\/\/noticiasemdestaque.com\/cd\/?p=3916#primaryimage"},"thumbnailUrl":"https:\/\/noticiasemdestaque.com\/cd\/wp-content\/uploads\/2017\/09\/carros-300x200.jpg","articleSection":["Economia"],"inLanguage":"pt-BR"},{"@type":"WebPage","@id":"https:\/\/noticiasemdestaque.com\/cd\/?p=3916","url":"https:\/\/noticiasemdestaque.com\/cd\/?p=3916","name":"Venda de ve\u00edculos novos cresce 11% no m\u00eas de agosto, diz Fenabrave - Not&iacute;cias em Destaque","isPartOf":{"@id":"https:\/\/noticiasemdestaque.com\/cd\/#website"},"primaryImageOfPage":{"@id":"https:\/\/noticiasemdestaque.com\/cd\/?p=3916#primaryimage"},"image":{"@id":"https:\/\/noticiasemdestaque.com\/cd\/?p=3916#primaryimage"},"thumbnailUrl":"https:\/\/noticiasemdestaque.com\/cd\/wp-content\/uploads\/2017\/09\/carros-300x200.jpg","datePublished":"2017-09-02T14:25:33+00:00","breadcrumb":{"@id":"https:\/\/noticiasemdestaque.com\/cd\/?p=3916#breadcrumb"},"inLanguage":"pt-BR","potentialAction":[{"@type":"ReadAction","target":["https:\/\/noticiasemdestaque.com\/cd\/?p=3916"]}]},{"@type":"ImageObject","inLanguage":"pt-BR","@id":"https:\/\/noticiasemdestaque.com\/cd\/?p=3916#primaryimage","url":"https:\/\/noticiasemdestaque.com\/cd\/wp-content\/uploads\/2017\/09\/carros-300x200.jpg","contentUrl":"https:\/\/noticiasemdestaque.com\/cd\/wp-content\/uploads\/2017\/09\/carros-300x200.jpg","width":300,"height":200},{"@type":"BreadcrumbList","@id":"https:\/\/noticiasemdestaque.com\/cd\/?p=3916#breadcrumb","itemListElement":[{"@type":"ListItem","position":1,"name":"In\u00edcio","item":"https:\/\/noticiasemdestaque.com\/cd\/"},{"@type":"ListItem","position":2,"name":"Venda de ve\u00edculos novos cresce 11% no m\u00eas de agosto, diz Fenabrave"}]},{"@type":"WebSite","@id":"https:\/\/noticiasemdestaque.com\/cd\/#website","url":"https:\/\/noticiasemdestaque.com\/cd\/","name":"Not&iacute;cias em Destaque","description":"","publisher":{"@id":"https:\/\/noticiasemdestaque.com\/cd\/#organization"},"potentialAction":[{"@type":"SearchAction","target":{"@type":"EntryPoint","urlTemplate":"https:\/\/noticiasemdestaque.com\/cd\/?s={search_term_string}"},"query-input":{"@type":"PropertyValueSpecification","valueRequired":true,"valueName":"search_term_string"}}],"inLanguage":"pt-BR"},{"@type":"Organization","@id":"https:\/\/noticiasemdestaque.com\/cd\/#organization","name":"Not\u00edcias em Destaque","url":"https:\/\/noticiasemdestaque.com\/cd\/","logo":{"@type":"ImageObject","inLanguage":"pt-BR","@id":"https:\/\/noticiasemdestaque.com\/cd\/#\/schema\/logo\/image\/","url":"https:\/\/noticiasemdestaque.com\/cd\/wp-content\/uploads\/2022\/05\/imagem-base-noticiasemdestaque.png","contentUrl":"https:\/\/noticiasemdestaque.com\/cd\/wp-content\/uploads\/2022\/05\/imagem-base-noticiasemdestaque.png","width":1200,"height":630,"caption":"Not\u00edcias em Destaque"},"image":{"@id":"https:\/\/noticiasemdestaque.com\/cd\/#\/schema\/logo\/image\/"}},{"@type":"Person","@id":"https:\/\/noticiasemdestaque.com\/cd\/#\/schema\/person\/21320b03a7e8bb90128938dafc9b908a","name":"Not\u00edcias em Destaque","url":"https:\/\/noticiasemdestaque.com\/cd\/?author=2"}]}},"jetpack_featured_media_url":"https:\/\/noticiasemdestaque.com\/cd\/wp-content\/uploads\/2017\/09\/carros-300x200.jpg","jetpack_sharing_enabled":true,"_links":{"self":[{"href":"https:\/\/noticiasemdestaque.com\/cd\/index.php?rest_route=\/wp\/v2\/posts\/3916","targetHints":{"allow":["GET"]}}],"collection":[{"href":"https:\/\/noticiasemdestaque.com\/cd\/index.php?rest_route=\/wp\/v2\/posts"}],"about":[{"href":"https:\/\/noticiasemdestaque.com\/cd\/index.php?rest_route=\/wp\/v2\/types\/post"}],"author":[{"embeddable":true,"href":"https:\/\/noticiasemdestaque.com\/cd\/index.php?rest_route=\/wp\/v2\/users\/2"}],"replies":[{"embeddable":true,"href":"https:\/\/noticiasemdestaque.com\/cd\/index.php?rest_route=%2Fwp%2Fv2%2Fcomments&post=3916"}],"version-history":[{"count":1,"href":"https:\/\/noticiasemdestaque.com\/cd\/index.php?rest_route=\/wp\/v2\/posts\/3916\/revisions"}],"predecessor-version":[{"id":3918,"href":"https:\/\/noticiasemdestaque.com\/cd\/index.php?rest_route=\/wp\/v2\/posts\/3916\/revisions\/3918"}],"wp:featuredmedia":[{"embeddable":true,"href":"https:\/\/noticiasemdestaque.com\/cd\/index.php?rest_route=\/wp\/v2\/media\/3917"}],"wp:attachment":[{"href":"https:\/\/noticiasemdestaque.com\/cd\/index.php?rest_route=%2Fwp%2Fv2%2Fmedia&parent=3916"}],"wp:term":[{"taxonomy":"category","embeddable":true,"href":"https:\/\/noticiasemdestaque.com\/cd\/index.php?rest_route=%2Fwp%2Fv2%2Fcategories&post=3916"},{"taxonomy":"post_tag","embeddable":true,"href":"https:\/\/noticiasemdestaque.com\/cd\/index.php?rest_route=%2Fwp%2Fv2%2Ftags&post=3916"}],"curies":[{"name":"wp","href":"https:\/\/api.w.org\/{rel}","templated":true}]}}