{"id":39156,"date":"2022-05-25T09:27:06","date_gmt":"2022-05-25T12:27:06","guid":{"rendered":"http:\/\/noticiasemdestaque.com\/cd\/?p=39156"},"modified":"2022-05-25T09:27:06","modified_gmt":"2022-05-25T12:27:06","slug":"prefeito-eden-entrega-mais-um-mata-burros-na-area-rural-de-sume","status":"publish","type":"post","link":"https:\/\/noticiasemdestaque.com\/cd\/?p=39156","title":{"rendered":"Prefeito \u00c9den entrega mais um mata-burros na \u00e1rea rural de Sum\u00e9"},"content":{"rendered":"<p>A Prefeitura de Sum\u00e9, por meio da Secretaria de Agricultura, vem executando diversas obras de mata-burros na regi\u00e3o rural do munic\u00edpio com o\u00a0<strong>Programa \u201cPorteiras Abertas\u201d<\/strong>, criado pelo prefeito \u00c9den Duarte. A a\u00e7\u00e3o tem o objetivo de apoiar os agricultores, melhorar as condi\u00e7\u00f5es de tr\u00e1fego nas estradas vicinais e impedir a fuga de animais das propriedades rurais.<\/p>\n<p>Mata-burros \u00e9 uma estrutura similar a uma ponte pequena, constitu\u00edda de traves espa\u00e7adas, com o objetivo de impedir a passagem de animais, permitindo tamb\u00e9m a livre circula\u00e7\u00e3o de ve\u00edculos.<\/p>\n<p>Recentemente, \u00c9den esteve no S\u00edtio Bola entregando mais um mata-burros aos moradores daquela localidade. Na ocasi\u00e3o, o prefeito manifestou a satisfa\u00e7\u00e3o em poder mais uma vez realizar uma a\u00e7\u00e3o t\u00e3o importante para quem transita pelo local, levando seguran\u00e7a, trafegabilidade e apoio aos produtores rurais, que a partir de agora ter\u00e3o mais tranquilidade com a soltura dos animais em suas propriedades, sem se preocupar com a porteira aberta.<\/p>\n<p><a href=\"https:\/\/www.sume.pb.gov.br\/wp-content\/uploads\/2022\/05\/CAPA-10.jpeg\" data-slb-active=\"1\" data-slb-asset=\"39790973\" data-slb-internal=\"0\" data-slb-group=\"18347\"><img fetchpriority=\"high\" decoding=\"async\" class=\" wp-image-18349 alignright\" src=\"https:\/\/www.sume.pb.gov.br\/wp-content\/uploads\/2022\/05\/CAPA-10-300x225.jpeg\" sizes=\"(max-width: 260px) 100vw, 260px\" srcset=\"https:\/\/www.sume.pb.gov.br\/wp-content\/uploads\/2022\/05\/CAPA-10-300x225.jpeg 300w, https:\/\/www.sume.pb.gov.br\/wp-content\/uploads\/2022\/05\/CAPA-10-768x576.jpeg 768w, https:\/\/www.sume.pb.gov.br\/wp-content\/uploads\/2022\/05\/CAPA-10.jpeg 800w\" alt=\"\" width=\"260\" height=\"195\" \/><\/a>Desde 2018, ao todo j\u00e1 foram instalados 26 mata-burros e recuperados 06 em diferentes regi\u00f5es do munic\u00edpio. Atualmente h\u00e1 projetos para a constru\u00e7\u00e3o de mais dois.<\/p>\n<p>De acordo com o engenheiro agron\u00f4mo da Secretaria Municipal de Agricultura, Rom\u00e9rio Soares, o investimento para instala\u00e7\u00e3o de um mata-burro, incluindo a m\u00e3o de obra e os materiais, soma um valor aproximado de R$ 3.500.<\/p>\n<p>A gest\u00e3o municipal tamb\u00e9m tem investido na manuten\u00e7\u00e3o das estradas rurais atrav\u00e9s do patrolamento, na confec\u00e7\u00e3o de cacimbas e recupera\u00e7\u00e3o de a\u00e7udes, em forragem animal, corte de terras entre outras demandas que visam a melhoria de vida do homem e da mulher do campo.<\/p>\n<p>Confira a lista completa de\u00a0<strong>Recupera\u00e7\u00e3o e Constru\u00e7\u00e3o de Mata-Burros<\/strong><\/p>\n<p><strong>ANO: 2018<\/strong><\/p>\n<table width=\"722\">\n<tbody>\n<tr>\n<td width=\"276\"><strong>COMUNIDADE<\/strong><\/td>\n<td width=\"231\"><strong>LOCALIZA\u00c7\u00c3O<\/strong><\/td>\n<td width=\"198\"><strong>SERVI\u00c7O<\/strong><\/td>\n<td width=\"170\"><strong>SITUA\u00c7\u00c3O<\/strong><\/td>\n<\/tr>\n<tr>\n<td width=\"276\">Riacho das Craibeiras<\/td>\n<td width=\"231\">Braz Luna<\/td>\n<td width=\"198\">Constru\u00e7\u00e3o<\/td>\n<td width=\"170\">Conclu\u00eddo<\/td>\n<\/tr>\n<tr>\n<td width=\"276\">Po\u00e7o do Quincas<\/td>\n<td width=\"231\">Ivanildo<\/td>\n<td width=\"198\">Constru\u00e7\u00e3o<\/td>\n<td width=\"170\">Conclu\u00eddo<\/td>\n<\/tr>\n<tr>\n<td width=\"276\">Princesa do Ju\u00e1<\/td>\n<td width=\"231\">PB 214<\/td>\n<td width=\"198\">Recupera\u00e7\u00e3o<\/td>\n<td width=\"170\">Conclu\u00eddo<\/td>\n<\/tr>\n<tr>\n<td width=\"276\">Bezerro Morto<\/td>\n<td width=\"231\">Sa\u00edda para PB 224<\/td>\n<td width=\"198\">Recupera\u00e7\u00e3o<\/td>\n<td width=\"170\">Conclu\u00eddo<\/td>\n<\/tr>\n<tr>\n<td width=\"276\">Riach\u00e3o de Cima<\/td>\n<td width=\"231\">Pr\u00f3ximo \u00e0 Jackson<\/td>\n<td width=\"198\">Recupera\u00e7\u00e3o<\/td>\n<td width=\"170\">Conclu\u00eddo<\/td>\n<\/tr>\n<\/tbody>\n<\/table>\n<p><strong>ANO: 2019<\/strong><\/p>\n<table width=\"720\">\n<tbody>\n<tr>\n<td width=\"200\"><strong>COMUNIDADE<\/strong><\/td>\n<td width=\"250\"><strong>LOCALIZA\u00c7\u00c3O<\/strong><\/td>\n<td width=\"170\"><strong>SERVI\u00c7O<\/strong><\/td>\n<td width=\"180\"><strong>SITUA\u00c7\u00c3O<\/strong><\/td>\n<\/tr>\n<tr>\n<td width=\"200\">Campo Alegre<\/td>\n<td width=\"250\">Michael de Adeildo<\/td>\n<td width=\"170\">Constru\u00e7\u00e3o<\/td>\n<td width=\"180\">Conclu\u00eddo<\/td>\n<\/tr>\n<tr>\n<td width=\"200\">Carna\u00faba de baixo<\/td>\n<td width=\"250\">Jotinha<\/td>\n<td width=\"170\">Constru\u00e7\u00e3o<\/td>\n<td width=\"180\">Conclu\u00eddo<\/td>\n<\/tr>\n<tr>\n<td width=\"200\">Cachoeirinha<\/td>\n<td width=\"250\">Divisa Mudo\/Nilo)<\/td>\n<td width=\"170\">Constru\u00e7\u00e3o<\/td>\n<td width=\"180\">Conclu\u00eddo<\/td>\n<\/tr>\n<tr>\n<td width=\"200\">Riach\u00e3o<\/td>\n<td width=\"250\">Molequinho<\/td>\n<td width=\"170\">Constru\u00e7\u00e3o<\/td>\n<td width=\"180\">Conclu\u00eddo<\/td>\n<\/tr>\n<tr>\n<td width=\"200\">Cinco Vacas<\/td>\n<td width=\"250\">Acesso ao a\u00e7ude<\/td>\n<td width=\"170\">Constru\u00e7\u00e3o<\/td>\n<td width=\"180\">Conclu\u00eddo<\/td>\n<\/tr>\n<\/tbody>\n<\/table>\n<table width=\"720\">\n<tbody>\n<tr>\n<td width=\"200\">Terra Vermelha<\/td>\n<td width=\"250\">Acesso para Alcindo<\/td>\n<td width=\"170\">Recupera\u00e7\u00e3o<\/td>\n<td width=\"180\">Conclu\u00eddo<\/td>\n<\/tr>\n<tr>\n<td width=\"200\">Jurema de Peron<\/td>\n<td width=\"250\">Acesso \u00e0 PB 214<\/td>\n<td width=\"170\">Recupera\u00e7\u00e3o<\/td>\n<td width=\"180\">Conclu\u00eddo<\/td>\n<\/tr>\n<tr>\n<td width=\"200\">Laginhas<\/td>\n<td width=\"250\">Toinho Pereira<\/td>\n<td width=\"170\">Constru\u00e7\u00e3o<\/td>\n<td width=\"180\">Conclu\u00eddo<\/td>\n<\/tr>\n<\/tbody>\n<\/table>\n<p><strong>ANO: 2020<\/strong><\/p>\n<table width=\"715\">\n<tbody>\n<tr>\n<td width=\"200\"><strong>COMUNIDADE<\/strong><\/td>\n<td width=\"264\"><strong>LOCALIZA\u00c7\u00c3O<\/strong><\/td>\n<td width=\"184\"><strong>SERVI\u00c7O<\/strong><\/td>\n<td width=\"151\"><strong>SITUA\u00c7\u00c3O<\/strong><\/td>\n<\/tr>\n<tr>\n<td width=\"200\">Riach\u00e3o de Cima<\/td>\n<td width=\"264\">Pr\u00f3ximo \u00e0 Jackson<\/td>\n<td width=\"184\">Constru\u00e7\u00e3o<\/td>\n<td width=\"151\">Conclu\u00eddo<\/td>\n<\/tr>\n<tr>\n<td width=\"200\">Jerimum<\/td>\n<td width=\"264\">Chico de Cid\u00e3o<\/td>\n<td width=\"184\">Constru\u00e7\u00e3o<\/td>\n<td width=\"151\">Conclu\u00eddo<\/td>\n<\/tr>\n<tr>\n<td width=\"200\">Carna\u00faba de Baixo<\/td>\n<td width=\"264\">Divisa Tino\/Mudo<\/td>\n<td width=\"184\">Constru\u00e7\u00e3o<\/td>\n<td width=\"151\">Conclu\u00eddo<\/td>\n<\/tr>\n<tr>\n<td width=\"200\">Campo Alegre<\/td>\n<td width=\"264\">Zez\u00e9 L\u00facio<\/td>\n<td width=\"184\">Constru\u00e7\u00e3o<\/td>\n<td width=\"151\">Conclu\u00eddo<\/td>\n<\/tr>\n<tr>\n<td width=\"200\">Xique-Xique<\/td>\n<td width=\"264\">Birino<\/td>\n<td width=\"184\">Constru\u00e7\u00e3o<\/td>\n<td width=\"151\">Conclu\u00eddo<\/td>\n<\/tr>\n<tr>\n<td width=\"200\">Carna\u00faba de baixo<\/td>\n<td width=\"264\">Divisa Tino\/Vav\u00e1 de Lindolfo<\/td>\n<td width=\"184\">Constru\u00e7\u00e3o<\/td>\n<td width=\"151\">Conclu\u00eddo<\/td>\n<\/tr>\n<tr>\n<td width=\"200\">V\u00e1rzea do Estev\u00e3o<\/td>\n<td width=\"264\">Ant\u00f4nio de Z\u00e9 Henrique<\/td>\n<td width=\"184\">Constru\u00e7\u00e3o<\/td>\n<td width=\"151\">Conclu\u00eddo<\/td>\n<\/tr>\n<tr>\n<td width=\"200\">Riach\u00e3o<\/td>\n<td width=\"264\">Bastinho<\/td>\n<td width=\"184\">Constru\u00e7\u00e3o<\/td>\n<td width=\"151\">Conclu\u00eddo<\/td>\n<\/tr>\n<tr>\n<td width=\"200\">Riach\u00e3o<\/td>\n<td width=\"264\">Jorge<\/td>\n<td width=\"184\">Constru\u00e7\u00e3o<\/td>\n<td width=\"151\">Conclu\u00eddo<\/td>\n<\/tr>\n<tr>\n<td width=\"200\">Riach\u00e3o<\/td>\n<td width=\"264\">\u201cBeiras-d\u2019\u00e1gua\u201d<\/td>\n<td width=\"184\">Constru\u00e7\u00e3o<\/td>\n<td width=\"151\">Conclu\u00eddo<\/td>\n<\/tr>\n<tr>\n<td width=\"200\">Assent. Mandacaru<\/td>\n<td width=\"264\">PB 214 (acesso para o Feij\u00e3o)<\/td>\n<td width=\"184\">Recupera\u00e7\u00e3o<\/td>\n<td width=\"151\">Conclu\u00eddo<\/td>\n<\/tr>\n<tr>\n<td width=\"200\">Santo Agostinho<\/td>\n<td width=\"264\">Divisa Cigana\/Sto. Agostinho<\/td>\n<td width=\"184\">Constru\u00e7\u00e3o<\/td>\n<td width=\"151\">Conclu\u00eddo<\/td>\n<\/tr>\n<\/tbody>\n<\/table>\n<p><strong>ANO: 2021<\/strong><\/p>\n<table width=\"712\">\n<tbody>\n<tr>\n<td width=\"200\"><strong>COMUNIDADE<\/strong><\/td>\n<td width=\"222\"><strong>LOCALIZA\u00c7\u00c3O<\/strong><\/td>\n<td width=\"178\"><strong>SERVI\u00c7O<\/strong><\/td>\n<td width=\"200\"><strong>SITUA\u00c7\u00c3O<\/strong><\/td>\n<\/tr>\n<tr>\n<td width=\"200\">Passagem rasa<\/td>\n<td width=\"222\">Acesso a PB 210<\/td>\n<td width=\"178\">Constru\u00e7\u00e3o<\/td>\n<td width=\"200\">Conclu\u00eddo<\/td>\n<\/tr>\n<tr>\n<td width=\"200\">Cigana<\/td>\n<td width=\"222\">Acesso a PB 210<\/td>\n<td width=\"178\">Constru\u00e7\u00e3o<\/td>\n<td width=\"200\">Conclu\u00eddo<\/td>\n<\/tr>\n<tr>\n<td width=\"200\">Jurema de Per\u00f3n<\/td>\n<td width=\"222\">Acesso as Porteiras<\/td>\n<td width=\"178\">Constru\u00e7\u00e3o<\/td>\n<td width=\"200\">Conclu\u00eddo<\/td>\n<\/tr>\n<tr>\n<td width=\"200\">Jaguaribe<\/td>\n<td width=\"222\">Em frente a Berg<\/td>\n<td width=\"178\">Constru\u00e7\u00e3o<\/td>\n<td width=\"200\">Conclu\u00eddo<\/td>\n<\/tr>\n<tr>\n<td width=\"200\">Bezerro Morto<\/td>\n<td width=\"222\">Divisa c\/ assent. Mandacaru<\/td>\n<td width=\"178\">Constru\u00e7\u00e3o<\/td>\n<td width=\"200\">Conclu\u00eddo<\/td>\n<\/tr>\n<\/tbody>\n<\/table>\n<p><strong>\u00a0<\/strong><strong>ANO: 2022 (at\u00e9 maio)<\/strong><\/p>\n<table width=\"711\">\n<tbody>\n<tr>\n<td width=\"200\"><strong>COMUNIDADE<\/strong><\/td>\n<td width=\"250\"><strong>LOCALIZA\u00c7\u00c3O<\/strong><\/td>\n<td width=\"150\"><strong>SERVI\u00c7O<\/strong><\/td>\n<td width=\"200\"><strong>SITUA\u00c7\u00c3O<\/strong><\/td>\n<\/tr>\n<tr>\n<td width=\"200\">Po\u00e7o do Quincas<\/td>\n<td width=\"250\">Divisa de Nem com Ivanildo<\/td>\n<td width=\"150\">Constru\u00e7\u00e3o<\/td>\n<td width=\"200\">\u00c0 construir<\/td>\n<\/tr>\n<tr>\n<td width=\"200\">S\u00edtio Agave (pr\u00f3x. \u00e0 Bode)<\/td>\n<td width=\"250\">Estrada vicinal \u2013 Rio Banquinho\/Laginhas<\/td>\n<td width=\"150\">Constru\u00e7\u00e3o<\/td>\n<td width=\"200\">Conclu\u00eddo<\/td>\n<\/tr>\n<tr>\n<td width=\"200\">Assent. Agrestina<\/td>\n<td width=\"250\">In\u00edcio do Assentamento<\/td>\n<td width=\"150\">Constru\u00e7\u00e3o<\/td>\n<td width=\"200\">\u00c0 construir<\/td>\n<\/tr>\n<tr>\n<td width=\"200\">S\u00edtio Bola<\/td>\n<td width=\"250\">Divisa Sum\u00e9\/Camala\u00fa<\/td>\n<td width=\"150\">Constru\u00e7\u00e3o<\/td>\n<td width=\"200\">Conclu\u00eddo<\/td>\n<\/tr>\n<\/tbody>\n<\/table>\n<p>Fonte: Ascom\/PMS<\/p>\n","protected":false},"excerpt":{"rendered":"<p>A Prefeitura de Sum\u00e9, por meio da Secretaria de Agricultura, vem executando diversas obras de mata-burros na regi\u00e3o rural do munic\u00edpio com o\u00a0Programa \u201cPorteiras Abertas\u201d, criado pelo prefeito \u00c9den Duarte. A a\u00e7\u00e3o tem o objetivo de apoiar os agricultores, melhorar as condi\u00e7\u00f5es de tr\u00e1fego nas estradas vicinais e impedir a fuga de animais das propriedades rurais. Mata-burros \u00e9 uma estrutura similar a uma ponte pequena, constitu\u00edda de traves espa\u00e7adas, com o objetivo de impedir a passagem de animais, permitindo tamb\u00e9m a livre circula\u00e7\u00e3o de ve\u00edculos. Recentemente, \u00c9den esteve no S\u00edtio Bola entregando mais um mata-burros aos moradores daquela localidade. Na ocasi\u00e3o, o prefeito manifestou a satisfa\u00e7\u00e3o em poder mais uma vez realizar uma a\u00e7\u00e3o t\u00e3o importante para quem transita pelo local, levando seguran\u00e7a, trafegabilidade e apoio aos produtores rurais, que a partir de agora ter\u00e3o mais tranquilidade com a soltura dos animais em suas propriedades, sem se preocupar com a porteira aberta. Desde 2018, ao todo j\u00e1 foram instalados 26 mata-burros e recuperados 06 em diferentes regi\u00f5es do munic\u00edpio. Atualmente h\u00e1 projetos para a constru\u00e7\u00e3o de mais dois. De acordo com o engenheiro agron\u00f4mo da Secretaria Municipal de Agricultura, Rom\u00e9rio Soares, o investimento para instala\u00e7\u00e3o de um mata-burro, incluindo a m\u00e3o de obra e os materiais, soma um valor aproximado de R$ 3.500. A gest\u00e3o municipal tamb\u00e9m tem investido na manuten\u00e7\u00e3o das estradas rurais atrav\u00e9s do patrolamento, na confec\u00e7\u00e3o de cacimbas e recupera\u00e7\u00e3o de a\u00e7udes, em forragem animal, corte de terras entre outras demandas que visam a melhoria de vida do homem e da mulher do campo. Confira a lista completa de\u00a0Recupera\u00e7\u00e3o e Constru\u00e7\u00e3o de Mata-Burros ANO: 2018 COMUNIDADE LOCALIZA\u00c7\u00c3O SERVI\u00c7O SITUA\u00c7\u00c3O Riacho das Craibeiras Braz Luna Constru\u00e7\u00e3o Conclu\u00eddo Po\u00e7o do Quincas Ivanildo Constru\u00e7\u00e3o Conclu\u00eddo Princesa do Ju\u00e1 PB 214 Recupera\u00e7\u00e3o Conclu\u00eddo Bezerro Morto Sa\u00edda para PB 224 Recupera\u00e7\u00e3o Conclu\u00eddo Riach\u00e3o de Cima Pr\u00f3ximo \u00e0 Jackson Recupera\u00e7\u00e3o Conclu\u00eddo ANO: 2019 COMUNIDADE LOCALIZA\u00c7\u00c3O SERVI\u00c7O SITUA\u00c7\u00c3O Campo Alegre Michael de Adeildo Constru\u00e7\u00e3o Conclu\u00eddo Carna\u00faba de baixo Jotinha Constru\u00e7\u00e3o Conclu\u00eddo Cachoeirinha Divisa Mudo\/Nilo) Constru\u00e7\u00e3o Conclu\u00eddo Riach\u00e3o Molequinho Constru\u00e7\u00e3o Conclu\u00eddo Cinco Vacas Acesso ao a\u00e7ude Constru\u00e7\u00e3o Conclu\u00eddo Terra Vermelha Acesso para Alcindo Recupera\u00e7\u00e3o Conclu\u00eddo Jurema de Peron Acesso \u00e0 PB 214 Recupera\u00e7\u00e3o Conclu\u00eddo Laginhas Toinho Pereira Constru\u00e7\u00e3o Conclu\u00eddo ANO: 2020 COMUNIDADE LOCALIZA\u00c7\u00c3O SERVI\u00c7O SITUA\u00c7\u00c3O Riach\u00e3o de Cima Pr\u00f3ximo \u00e0 Jackson Constru\u00e7\u00e3o Conclu\u00eddo Jerimum Chico de Cid\u00e3o Constru\u00e7\u00e3o Conclu\u00eddo Carna\u00faba de Baixo Divisa Tino\/Mudo Constru\u00e7\u00e3o Conclu\u00eddo Campo Alegre Zez\u00e9 L\u00facio Constru\u00e7\u00e3o Conclu\u00eddo Xique-Xique Birino Constru\u00e7\u00e3o Conclu\u00eddo Carna\u00faba de baixo Divisa Tino\/Vav\u00e1 de Lindolfo Constru\u00e7\u00e3o Conclu\u00eddo V\u00e1rzea do Estev\u00e3o Ant\u00f4nio de Z\u00e9 Henrique Constru\u00e7\u00e3o Conclu\u00eddo Riach\u00e3o Bastinho Constru\u00e7\u00e3o Conclu\u00eddo Riach\u00e3o Jorge Constru\u00e7\u00e3o Conclu\u00eddo Riach\u00e3o \u201cBeiras-d\u2019\u00e1gua\u201d Constru\u00e7\u00e3o Conclu\u00eddo Assent. Mandacaru PB 214 (acesso para o Feij\u00e3o) Recupera\u00e7\u00e3o Conclu\u00eddo Santo Agostinho Divisa Cigana\/Sto. Agostinho Constru\u00e7\u00e3o Conclu\u00eddo ANO: 2021 COMUNIDADE LOCALIZA\u00c7\u00c3O SERVI\u00c7O SITUA\u00c7\u00c3O Passagem rasa Acesso a PB 210 Constru\u00e7\u00e3o Conclu\u00eddo Cigana Acesso a PB 210 Constru\u00e7\u00e3o Conclu\u00eddo Jurema de Per\u00f3n Acesso as Porteiras Constru\u00e7\u00e3o Conclu\u00eddo Jaguaribe Em frente a Berg Constru\u00e7\u00e3o Conclu\u00eddo Bezerro Morto Divisa c\/ assent. Mandacaru Constru\u00e7\u00e3o Conclu\u00eddo \u00a0ANO: 2022 (at\u00e9 maio) COMUNIDADE LOCALIZA\u00c7\u00c3O SERVI\u00c7O SITUA\u00c7\u00c3O Po\u00e7o do Quincas Divisa de Nem com Ivanildo Constru\u00e7\u00e3o \u00c0 construir S\u00edtio Agave (pr\u00f3x. \u00e0 Bode) Estrada vicinal \u2013 Rio Banquinho\/Laginhas Constru\u00e7\u00e3o Conclu\u00eddo Assent. Agrestina In\u00edcio do Assentamento Constru\u00e7\u00e3o \u00c0 construir S\u00edtio Bola Divisa Sum\u00e9\/Camala\u00fa Constru\u00e7\u00e3o Conclu\u00eddo Fonte: Ascom\/PMS<\/p>\n","protected":false},"author":2,"featured_media":39157,"comment_status":"closed","ping_status":"open","sticky":false,"template":"","format":"standard","meta":{"_eb_attr":"","_jetpack_memberships_contains_paid_content":false,"footnotes":""},"categories":[4],"tags":[],"class_list":["post-39156","post","type-post","status-publish","format-standard","has-post-thumbnail","hentry","category-politica"],"yoast_head":"<!-- This site is optimized with the Yoast SEO plugin v26.5 - https:\/\/yoast.com\/wordpress\/plugins\/seo\/ -->\n<title>Prefeito \u00c9den entrega mais um mata-burros na \u00e1rea rural de Sum\u00e9 - Not&iacute;cias em Destaque<\/title>\n<meta name=\"robots\" content=\"index, follow, max-snippet:-1, max-image-preview:large, max-video-preview:-1\" \/>\n<link rel=\"canonical\" href=\"https:\/\/noticiasemdestaque.com\/cd\/?p=39156\" \/>\n<meta property=\"og:locale\" content=\"pt_BR\" \/>\n<meta property=\"og:type\" content=\"article\" \/>\n<meta property=\"og:title\" content=\"Prefeito \u00c9den entrega mais um mata-burros na \u00e1rea rural de Sum\u00e9 - Not&iacute;cias em Destaque\" \/>\n<meta property=\"og:description\" content=\"A Prefeitura de Sum\u00e9, por meio da Secretaria de Agricultura, vem executando diversas obras de mata-burros na regi\u00e3o rural do munic\u00edpio com o\u00a0Programa \u201cPorteiras Abertas\u201d, criado pelo prefeito \u00c9den Duarte. A a\u00e7\u00e3o tem o objetivo de apoiar os agricultores, melhorar as condi\u00e7\u00f5es de tr\u00e1fego nas estradas vicinais e impedir a fuga de animais das propriedades rurais. Mata-burros \u00e9 uma estrutura similar a uma ponte pequena, constitu\u00edda de traves espa\u00e7adas, com o objetivo de impedir a passagem de animais, permitindo tamb\u00e9m a livre circula\u00e7\u00e3o de ve\u00edculos. Recentemente, \u00c9den esteve no S\u00edtio Bola entregando mais um mata-burros aos moradores daquela localidade. Na ocasi\u00e3o, o prefeito manifestou a satisfa\u00e7\u00e3o em poder mais uma vez realizar uma a\u00e7\u00e3o t\u00e3o importante para quem transita pelo local, levando seguran\u00e7a, trafegabilidade e apoio aos produtores rurais, que a partir de agora ter\u00e3o mais tranquilidade com a soltura dos animais em suas propriedades, sem se preocupar com a porteira aberta. Desde 2018, ao todo j\u00e1 foram instalados 26 mata-burros e recuperados 06 em diferentes regi\u00f5es do munic\u00edpio. Atualmente h\u00e1 projetos para a constru\u00e7\u00e3o de mais dois. De acordo com o engenheiro agron\u00f4mo da Secretaria Municipal de Agricultura, Rom\u00e9rio Soares, o investimento para instala\u00e7\u00e3o de um mata-burro, incluindo a m\u00e3o de obra e os materiais, soma um valor aproximado de R$ 3.500. A gest\u00e3o municipal tamb\u00e9m tem investido na manuten\u00e7\u00e3o das estradas rurais atrav\u00e9s do patrolamento, na confec\u00e7\u00e3o de cacimbas e recupera\u00e7\u00e3o de a\u00e7udes, em forragem animal, corte de terras entre outras demandas que visam a melhoria de vida do homem e da mulher do campo. Confira a lista completa de\u00a0Recupera\u00e7\u00e3o e Constru\u00e7\u00e3o de Mata-Burros ANO: 2018 COMUNIDADE LOCALIZA\u00c7\u00c3O SERVI\u00c7O SITUA\u00c7\u00c3O Riacho das Craibeiras Braz Luna Constru\u00e7\u00e3o Conclu\u00eddo Po\u00e7o do Quincas Ivanildo Constru\u00e7\u00e3o Conclu\u00eddo Princesa do Ju\u00e1 PB 214 Recupera\u00e7\u00e3o Conclu\u00eddo Bezerro Morto Sa\u00edda para PB 224 Recupera\u00e7\u00e3o Conclu\u00eddo Riach\u00e3o de Cima Pr\u00f3ximo \u00e0 Jackson Recupera\u00e7\u00e3o Conclu\u00eddo ANO: 2019 COMUNIDADE LOCALIZA\u00c7\u00c3O SERVI\u00c7O SITUA\u00c7\u00c3O Campo Alegre Michael de Adeildo Constru\u00e7\u00e3o Conclu\u00eddo Carna\u00faba de baixo Jotinha Constru\u00e7\u00e3o Conclu\u00eddo Cachoeirinha Divisa Mudo\/Nilo) Constru\u00e7\u00e3o Conclu\u00eddo Riach\u00e3o Molequinho Constru\u00e7\u00e3o Conclu\u00eddo Cinco Vacas Acesso ao a\u00e7ude Constru\u00e7\u00e3o Conclu\u00eddo Terra Vermelha Acesso para Alcindo Recupera\u00e7\u00e3o Conclu\u00eddo Jurema de Peron Acesso \u00e0 PB 214 Recupera\u00e7\u00e3o Conclu\u00eddo Laginhas Toinho Pereira Constru\u00e7\u00e3o Conclu\u00eddo ANO: 2020 COMUNIDADE LOCALIZA\u00c7\u00c3O SERVI\u00c7O SITUA\u00c7\u00c3O Riach\u00e3o de Cima Pr\u00f3ximo \u00e0 Jackson Constru\u00e7\u00e3o Conclu\u00eddo Jerimum Chico de Cid\u00e3o Constru\u00e7\u00e3o Conclu\u00eddo Carna\u00faba de Baixo Divisa Tino\/Mudo Constru\u00e7\u00e3o Conclu\u00eddo Campo Alegre Zez\u00e9 L\u00facio Constru\u00e7\u00e3o Conclu\u00eddo Xique-Xique Birino Constru\u00e7\u00e3o Conclu\u00eddo Carna\u00faba de baixo Divisa Tino\/Vav\u00e1 de Lindolfo Constru\u00e7\u00e3o Conclu\u00eddo V\u00e1rzea do Estev\u00e3o Ant\u00f4nio de Z\u00e9 Henrique Constru\u00e7\u00e3o Conclu\u00eddo Riach\u00e3o Bastinho Constru\u00e7\u00e3o Conclu\u00eddo Riach\u00e3o Jorge Constru\u00e7\u00e3o Conclu\u00eddo Riach\u00e3o \u201cBeiras-d\u2019\u00e1gua\u201d Constru\u00e7\u00e3o Conclu\u00eddo Assent. Mandacaru PB 214 (acesso para o Feij\u00e3o) Recupera\u00e7\u00e3o Conclu\u00eddo Santo Agostinho Divisa Cigana\/Sto. Agostinho Constru\u00e7\u00e3o Conclu\u00eddo ANO: 2021 COMUNIDADE LOCALIZA\u00c7\u00c3O SERVI\u00c7O SITUA\u00c7\u00c3O Passagem rasa Acesso a PB 210 Constru\u00e7\u00e3o Conclu\u00eddo Cigana Acesso a PB 210 Constru\u00e7\u00e3o Conclu\u00eddo Jurema de Per\u00f3n Acesso as Porteiras Constru\u00e7\u00e3o Conclu\u00eddo Jaguaribe Em frente a Berg Constru\u00e7\u00e3o Conclu\u00eddo Bezerro Morto Divisa c\/ assent. Mandacaru Constru\u00e7\u00e3o Conclu\u00eddo \u00a0ANO: 2022 (at\u00e9 maio) COMUNIDADE LOCALIZA\u00c7\u00c3O SERVI\u00c7O SITUA\u00c7\u00c3O Po\u00e7o do Quincas Divisa de Nem com Ivanildo Constru\u00e7\u00e3o \u00c0 construir S\u00edtio Agave (pr\u00f3x. \u00e0 Bode) Estrada vicinal \u2013 Rio Banquinho\/Laginhas Constru\u00e7\u00e3o Conclu\u00eddo Assent. Agrestina In\u00edcio do Assentamento Constru\u00e7\u00e3o \u00c0 construir S\u00edtio Bola Divisa Sum\u00e9\/Camala\u00fa Constru\u00e7\u00e3o Conclu\u00eddo Fonte: Ascom\/PMS\" \/>\n<meta property=\"og:url\" content=\"https:\/\/noticiasemdestaque.com\/cd\/?p=39156\" \/>\n<meta property=\"og:site_name\" content=\"Not&iacute;cias em Destaque\" \/>\n<meta property=\"article:published_time\" content=\"2022-05-25T12:27:06+00:00\" \/>\n<meta property=\"og:image\" content=\"https:\/\/noticiasemdestaque.com\/cd\/wp-content\/uploads\/2022\/05\/WhatsApp-Image-2022-03-03-at-12.11.39-2-225x300-1.jpeg\" \/>\n\t<meta property=\"og:image:width\" content=\"225\" \/>\n\t<meta property=\"og:image:height\" content=\"300\" \/>\n\t<meta property=\"og:image:type\" content=\"image\/jpeg\" \/>\n<meta name=\"author\" content=\"Not\u00edcias em Destaque\" \/>\n<meta name=\"twitter:card\" content=\"summary_large_image\" \/>\n<meta name=\"twitter:label1\" content=\"Escrito por\" \/>\n\t<meta name=\"twitter:data1\" content=\"Not\u00edcias em Destaque\" \/>\n\t<meta name=\"twitter:label2\" content=\"Est. tempo de leitura\" \/>\n\t<meta name=\"twitter:data2\" content=\"4 minutos\" \/>\n<script type=\"application\/ld+json\" class=\"yoast-schema-graph\">{\"@context\":\"https:\/\/schema.org\",\"@graph\":[{\"@type\":\"Article\",\"@id\":\"https:\/\/noticiasemdestaque.com\/cd\/?p=39156#article\",\"isPartOf\":{\"@id\":\"https:\/\/noticiasemdestaque.com\/cd\/?p=39156\"},\"author\":{\"name\":\"Not\u00edcias em Destaque\",\"@id\":\"https:\/\/noticiasemdestaque.com\/cd\/#\/schema\/person\/4a81fb71f77579d059c3045891fa1786\"},\"headline\":\"Prefeito \u00c9den entrega mais um mata-burros na \u00e1rea rural de Sum\u00e9\",\"datePublished\":\"2022-05-25T12:27:06+00:00\",\"mainEntityOfPage\":{\"@id\":\"https:\/\/noticiasemdestaque.com\/cd\/?p=39156\"},\"wordCount\":677,\"publisher\":{\"@id\":\"https:\/\/noticiasemdestaque.com\/cd\/#organization\"},\"image\":{\"@id\":\"https:\/\/noticiasemdestaque.com\/cd\/?p=39156#primaryimage\"},\"thumbnailUrl\":\"https:\/\/noticiasemdestaque.com\/cd\/wp-content\/uploads\/2022\/05\/WhatsApp-Image-2022-03-03-at-12.11.39-2-225x300-1.jpeg\",\"articleSection\":[\"Pol\u00edtica\"],\"inLanguage\":\"pt-BR\"},{\"@type\":\"WebPage\",\"@id\":\"https:\/\/noticiasemdestaque.com\/cd\/?p=39156\",\"url\":\"https:\/\/noticiasemdestaque.com\/cd\/?p=39156\",\"name\":\"Prefeito \u00c9den entrega mais um mata-burros na \u00e1rea rural de Sum\u00e9 - Not&iacute;cias em Destaque\",\"isPartOf\":{\"@id\":\"https:\/\/noticiasemdestaque.com\/cd\/#website\"},\"primaryImageOfPage\":{\"@id\":\"https:\/\/noticiasemdestaque.com\/cd\/?p=39156#primaryimage\"},\"image\":{\"@id\":\"https:\/\/noticiasemdestaque.com\/cd\/?p=39156#primaryimage\"},\"thumbnailUrl\":\"https:\/\/noticiasemdestaque.com\/cd\/wp-content\/uploads\/2022\/05\/WhatsApp-Image-2022-03-03-at-12.11.39-2-225x300-1.jpeg\",\"datePublished\":\"2022-05-25T12:27:06+00:00\",\"breadcrumb\":{\"@id\":\"https:\/\/noticiasemdestaque.com\/cd\/?p=39156#breadcrumb\"},\"inLanguage\":\"pt-BR\",\"potentialAction\":[{\"@type\":\"ReadAction\",\"target\":[\"https:\/\/noticiasemdestaque.com\/cd\/?p=39156\"]}]},{\"@type\":\"ImageObject\",\"inLanguage\":\"pt-BR\",\"@id\":\"https:\/\/noticiasemdestaque.com\/cd\/?p=39156#primaryimage\",\"url\":\"https:\/\/noticiasemdestaque.com\/cd\/wp-content\/uploads\/2022\/05\/WhatsApp-Image-2022-03-03-at-12.11.39-2-225x300-1.jpeg\",\"contentUrl\":\"https:\/\/noticiasemdestaque.com\/cd\/wp-content\/uploads\/2022\/05\/WhatsApp-Image-2022-03-03-at-12.11.39-2-225x300-1.jpeg\",\"width\":225,\"height\":300},{\"@type\":\"BreadcrumbList\",\"@id\":\"https:\/\/noticiasemdestaque.com\/cd\/?p=39156#breadcrumb\",\"itemListElement\":[{\"@type\":\"ListItem\",\"position\":1,\"name\":\"In\u00edcio\",\"item\":\"https:\/\/noticiasemdestaque.com\/cd\/\"},{\"@type\":\"ListItem\",\"position\":2,\"name\":\"Prefeito \u00c9den entrega mais um mata-burros na \u00e1rea rural de Sum\u00e9\"}]},{\"@type\":\"WebSite\",\"@id\":\"https:\/\/noticiasemdestaque.com\/cd\/#website\",\"url\":\"https:\/\/noticiasemdestaque.com\/cd\/\",\"name\":\"Not&iacute;cias em Destaque\",\"description\":\"\",\"publisher\":{\"@id\":\"https:\/\/noticiasemdestaque.com\/cd\/#organization\"},\"potentialAction\":[{\"@type\":\"SearchAction\",\"target\":{\"@type\":\"EntryPoint\",\"urlTemplate\":\"https:\/\/noticiasemdestaque.com\/cd\/?s={search_term_string}\"},\"query-input\":{\"@type\":\"PropertyValueSpecification\",\"valueRequired\":true,\"valueName\":\"search_term_string\"}}],\"inLanguage\":\"pt-BR\"},{\"@type\":\"Organization\",\"@id\":\"https:\/\/noticiasemdestaque.com\/cd\/#organization\",\"name\":\"Not\u00edcias em Destaque\",\"url\":\"https:\/\/noticiasemdestaque.com\/cd\/\",\"logo\":{\"@type\":\"ImageObject\",\"inLanguage\":\"pt-BR\",\"@id\":\"https:\/\/noticiasemdestaque.com\/cd\/#\/schema\/logo\/image\/\",\"url\":\"https:\/\/noticiasemdestaque.com\/cd\/wp-content\/uploads\/2022\/05\/imagem-base-noticiasemdestaque.png\",\"contentUrl\":\"https:\/\/noticiasemdestaque.com\/cd\/wp-content\/uploads\/2022\/05\/imagem-base-noticiasemdestaque.png\",\"width\":1200,\"height\":630,\"caption\":\"Not\u00edcias em Destaque\"},\"image\":{\"@id\":\"https:\/\/noticiasemdestaque.com\/cd\/#\/schema\/logo\/image\/\"}},{\"@type\":\"Person\",\"@id\":\"https:\/\/noticiasemdestaque.com\/cd\/#\/schema\/person\/4a81fb71f77579d059c3045891fa1786\",\"name\":\"Not\u00edcias em Destaque\",\"url\":\"https:\/\/noticiasemdestaque.com\/cd\/?author=2\"}]}<\/script>\n<!-- \/ Yoast SEO plugin. -->","yoast_head_json":{"title":"Prefeito \u00c9den entrega mais um mata-burros na \u00e1rea rural de Sum\u00e9 - Not&iacute;cias em Destaque","robots":{"index":"index","follow":"follow","max-snippet":"max-snippet:-1","max-image-preview":"max-image-preview:large","max-video-preview":"max-video-preview:-1"},"canonical":"https:\/\/noticiasemdestaque.com\/cd\/?p=39156","og_locale":"pt_BR","og_type":"article","og_title":"Prefeito \u00c9den entrega mais um mata-burros na \u00e1rea rural de Sum\u00e9 - Not&iacute;cias em Destaque","og_description":"A Prefeitura de Sum\u00e9, por meio da Secretaria de Agricultura, vem executando diversas obras de mata-burros na regi\u00e3o rural do munic\u00edpio com o\u00a0Programa \u201cPorteiras Abertas\u201d, criado pelo prefeito \u00c9den Duarte. A a\u00e7\u00e3o tem o objetivo de apoiar os agricultores, melhorar as condi\u00e7\u00f5es de tr\u00e1fego nas estradas vicinais e impedir a fuga de animais das propriedades rurais. Mata-burros \u00e9 uma estrutura similar a uma ponte pequena, constitu\u00edda de traves espa\u00e7adas, com o objetivo de impedir a passagem de animais, permitindo tamb\u00e9m a livre circula\u00e7\u00e3o de ve\u00edculos. Recentemente, \u00c9den esteve no S\u00edtio Bola entregando mais um mata-burros aos moradores daquela localidade. Na ocasi\u00e3o, o prefeito manifestou a satisfa\u00e7\u00e3o em poder mais uma vez realizar uma a\u00e7\u00e3o t\u00e3o importante para quem transita pelo local, levando seguran\u00e7a, trafegabilidade e apoio aos produtores rurais, que a partir de agora ter\u00e3o mais tranquilidade com a soltura dos animais em suas propriedades, sem se preocupar com a porteira aberta. Desde 2018, ao todo j\u00e1 foram instalados 26 mata-burros e recuperados 06 em diferentes regi\u00f5es do munic\u00edpio. Atualmente h\u00e1 projetos para a constru\u00e7\u00e3o de mais dois. De acordo com o engenheiro agron\u00f4mo da Secretaria Municipal de Agricultura, Rom\u00e9rio Soares, o investimento para instala\u00e7\u00e3o de um mata-burro, incluindo a m\u00e3o de obra e os materiais, soma um valor aproximado de R$ 3.500. A gest\u00e3o municipal tamb\u00e9m tem investido na manuten\u00e7\u00e3o das estradas rurais atrav\u00e9s do patrolamento, na confec\u00e7\u00e3o de cacimbas e recupera\u00e7\u00e3o de a\u00e7udes, em forragem animal, corte de terras entre outras demandas que visam a melhoria de vida do homem e da mulher do campo. Confira a lista completa de\u00a0Recupera\u00e7\u00e3o e Constru\u00e7\u00e3o de Mata-Burros ANO: 2018 COMUNIDADE LOCALIZA\u00c7\u00c3O SERVI\u00c7O SITUA\u00c7\u00c3O Riacho das Craibeiras Braz Luna Constru\u00e7\u00e3o Conclu\u00eddo Po\u00e7o do Quincas Ivanildo Constru\u00e7\u00e3o Conclu\u00eddo Princesa do Ju\u00e1 PB 214 Recupera\u00e7\u00e3o Conclu\u00eddo Bezerro Morto Sa\u00edda para PB 224 Recupera\u00e7\u00e3o Conclu\u00eddo Riach\u00e3o de Cima Pr\u00f3ximo \u00e0 Jackson Recupera\u00e7\u00e3o Conclu\u00eddo ANO: 2019 COMUNIDADE LOCALIZA\u00c7\u00c3O SERVI\u00c7O SITUA\u00c7\u00c3O Campo Alegre Michael de Adeildo Constru\u00e7\u00e3o Conclu\u00eddo Carna\u00faba de baixo Jotinha Constru\u00e7\u00e3o Conclu\u00eddo Cachoeirinha Divisa Mudo\/Nilo) Constru\u00e7\u00e3o Conclu\u00eddo Riach\u00e3o Molequinho Constru\u00e7\u00e3o Conclu\u00eddo Cinco Vacas Acesso ao a\u00e7ude Constru\u00e7\u00e3o Conclu\u00eddo Terra Vermelha Acesso para Alcindo Recupera\u00e7\u00e3o Conclu\u00eddo Jurema de Peron Acesso \u00e0 PB 214 Recupera\u00e7\u00e3o Conclu\u00eddo Laginhas Toinho Pereira Constru\u00e7\u00e3o Conclu\u00eddo ANO: 2020 COMUNIDADE LOCALIZA\u00c7\u00c3O SERVI\u00c7O SITUA\u00c7\u00c3O Riach\u00e3o de Cima Pr\u00f3ximo \u00e0 Jackson Constru\u00e7\u00e3o Conclu\u00eddo Jerimum Chico de Cid\u00e3o Constru\u00e7\u00e3o Conclu\u00eddo Carna\u00faba de Baixo Divisa Tino\/Mudo Constru\u00e7\u00e3o Conclu\u00eddo Campo Alegre Zez\u00e9 L\u00facio Constru\u00e7\u00e3o Conclu\u00eddo Xique-Xique Birino Constru\u00e7\u00e3o Conclu\u00eddo Carna\u00faba de baixo Divisa Tino\/Vav\u00e1 de Lindolfo Constru\u00e7\u00e3o Conclu\u00eddo V\u00e1rzea do Estev\u00e3o Ant\u00f4nio de Z\u00e9 Henrique Constru\u00e7\u00e3o Conclu\u00eddo Riach\u00e3o Bastinho Constru\u00e7\u00e3o Conclu\u00eddo Riach\u00e3o Jorge Constru\u00e7\u00e3o Conclu\u00eddo Riach\u00e3o \u201cBeiras-d\u2019\u00e1gua\u201d Constru\u00e7\u00e3o Conclu\u00eddo Assent. Mandacaru PB 214 (acesso para o Feij\u00e3o) Recupera\u00e7\u00e3o Conclu\u00eddo Santo Agostinho Divisa Cigana\/Sto. Agostinho Constru\u00e7\u00e3o Conclu\u00eddo ANO: 2021 COMUNIDADE LOCALIZA\u00c7\u00c3O SERVI\u00c7O SITUA\u00c7\u00c3O Passagem rasa Acesso a PB 210 Constru\u00e7\u00e3o Conclu\u00eddo Cigana Acesso a PB 210 Constru\u00e7\u00e3o Conclu\u00eddo Jurema de Per\u00f3n Acesso as Porteiras Constru\u00e7\u00e3o Conclu\u00eddo Jaguaribe Em frente a Berg Constru\u00e7\u00e3o Conclu\u00eddo Bezerro Morto Divisa c\/ assent. Mandacaru Constru\u00e7\u00e3o Conclu\u00eddo \u00a0ANO: 2022 (at\u00e9 maio) COMUNIDADE LOCALIZA\u00c7\u00c3O SERVI\u00c7O SITUA\u00c7\u00c3O Po\u00e7o do Quincas Divisa de Nem com Ivanildo Constru\u00e7\u00e3o \u00c0 construir S\u00edtio Agave (pr\u00f3x. \u00e0 Bode) Estrada vicinal \u2013 Rio Banquinho\/Laginhas Constru\u00e7\u00e3o Conclu\u00eddo Assent. Agrestina In\u00edcio do Assentamento Constru\u00e7\u00e3o \u00c0 construir S\u00edtio Bola Divisa Sum\u00e9\/Camala\u00fa Constru\u00e7\u00e3o Conclu\u00eddo Fonte: Ascom\/PMS","og_url":"https:\/\/noticiasemdestaque.com\/cd\/?p=39156","og_site_name":"Not&iacute;cias em Destaque","article_published_time":"2022-05-25T12:27:06+00:00","og_image":[{"width":225,"height":300,"url":"https:\/\/noticiasemdestaque.com\/cd\/wp-content\/uploads\/2022\/05\/WhatsApp-Image-2022-03-03-at-12.11.39-2-225x300-1.jpeg","type":"image\/jpeg"}],"author":"Not\u00edcias em Destaque","twitter_card":"summary_large_image","twitter_misc":{"Escrito por":"Not\u00edcias em Destaque","Est. tempo de leitura":"4 minutos"},"schema":{"@context":"https:\/\/schema.org","@graph":[{"@type":"Article","@id":"https:\/\/noticiasemdestaque.com\/cd\/?p=39156#article","isPartOf":{"@id":"https:\/\/noticiasemdestaque.com\/cd\/?p=39156"},"author":{"name":"Not\u00edcias em Destaque","@id":"https:\/\/noticiasemdestaque.com\/cd\/#\/schema\/person\/4a81fb71f77579d059c3045891fa1786"},"headline":"Prefeito \u00c9den entrega mais um mata-burros na \u00e1rea rural de Sum\u00e9","datePublished":"2022-05-25T12:27:06+00:00","mainEntityOfPage":{"@id":"https:\/\/noticiasemdestaque.com\/cd\/?p=39156"},"wordCount":677,"publisher":{"@id":"https:\/\/noticiasemdestaque.com\/cd\/#organization"},"image":{"@id":"https:\/\/noticiasemdestaque.com\/cd\/?p=39156#primaryimage"},"thumbnailUrl":"https:\/\/noticiasemdestaque.com\/cd\/wp-content\/uploads\/2022\/05\/WhatsApp-Image-2022-03-03-at-12.11.39-2-225x300-1.jpeg","articleSection":["Pol\u00edtica"],"inLanguage":"pt-BR"},{"@type":"WebPage","@id":"https:\/\/noticiasemdestaque.com\/cd\/?p=39156","url":"https:\/\/noticiasemdestaque.com\/cd\/?p=39156","name":"Prefeito \u00c9den entrega mais um mata-burros na \u00e1rea rural de Sum\u00e9 - Not&iacute;cias em Destaque","isPartOf":{"@id":"https:\/\/noticiasemdestaque.com\/cd\/#website"},"primaryImageOfPage":{"@id":"https:\/\/noticiasemdestaque.com\/cd\/?p=39156#primaryimage"},"image":{"@id":"https:\/\/noticiasemdestaque.com\/cd\/?p=39156#primaryimage"},"thumbnailUrl":"https:\/\/noticiasemdestaque.com\/cd\/wp-content\/uploads\/2022\/05\/WhatsApp-Image-2022-03-03-at-12.11.39-2-225x300-1.jpeg","datePublished":"2022-05-25T12:27:06+00:00","breadcrumb":{"@id":"https:\/\/noticiasemdestaque.com\/cd\/?p=39156#breadcrumb"},"inLanguage":"pt-BR","potentialAction":[{"@type":"ReadAction","target":["https:\/\/noticiasemdestaque.com\/cd\/?p=39156"]}]},{"@type":"ImageObject","inLanguage":"pt-BR","@id":"https:\/\/noticiasemdestaque.com\/cd\/?p=39156#primaryimage","url":"https:\/\/noticiasemdestaque.com\/cd\/wp-content\/uploads\/2022\/05\/WhatsApp-Image-2022-03-03-at-12.11.39-2-225x300-1.jpeg","contentUrl":"https:\/\/noticiasemdestaque.com\/cd\/wp-content\/uploads\/2022\/05\/WhatsApp-Image-2022-03-03-at-12.11.39-2-225x300-1.jpeg","width":225,"height":300},{"@type":"BreadcrumbList","@id":"https:\/\/noticiasemdestaque.com\/cd\/?p=39156#breadcrumb","itemListElement":[{"@type":"ListItem","position":1,"name":"In\u00edcio","item":"https:\/\/noticiasemdestaque.com\/cd\/"},{"@type":"ListItem","position":2,"name":"Prefeito \u00c9den entrega mais um mata-burros na \u00e1rea rural de Sum\u00e9"}]},{"@type":"WebSite","@id":"https:\/\/noticiasemdestaque.com\/cd\/#website","url":"https:\/\/noticiasemdestaque.com\/cd\/","name":"Not&iacute;cias em Destaque","description":"","publisher":{"@id":"https:\/\/noticiasemdestaque.com\/cd\/#organization"},"potentialAction":[{"@type":"SearchAction","target":{"@type":"EntryPoint","urlTemplate":"https:\/\/noticiasemdestaque.com\/cd\/?s={search_term_string}"},"query-input":{"@type":"PropertyValueSpecification","valueRequired":true,"valueName":"search_term_string"}}],"inLanguage":"pt-BR"},{"@type":"Organization","@id":"https:\/\/noticiasemdestaque.com\/cd\/#organization","name":"Not\u00edcias em Destaque","url":"https:\/\/noticiasemdestaque.com\/cd\/","logo":{"@type":"ImageObject","inLanguage":"pt-BR","@id":"https:\/\/noticiasemdestaque.com\/cd\/#\/schema\/logo\/image\/","url":"https:\/\/noticiasemdestaque.com\/cd\/wp-content\/uploads\/2022\/05\/imagem-base-noticiasemdestaque.png","contentUrl":"https:\/\/noticiasemdestaque.com\/cd\/wp-content\/uploads\/2022\/05\/imagem-base-noticiasemdestaque.png","width":1200,"height":630,"caption":"Not\u00edcias em Destaque"},"image":{"@id":"https:\/\/noticiasemdestaque.com\/cd\/#\/schema\/logo\/image\/"}},{"@type":"Person","@id":"https:\/\/noticiasemdestaque.com\/cd\/#\/schema\/person\/4a81fb71f77579d059c3045891fa1786","name":"Not\u00edcias em Destaque","url":"https:\/\/noticiasemdestaque.com\/cd\/?author=2"}]}},"jetpack_featured_media_url":"https:\/\/noticiasemdestaque.com\/cd\/wp-content\/uploads\/2022\/05\/WhatsApp-Image-2022-03-03-at-12.11.39-2-225x300-1.jpeg","jetpack_sharing_enabled":true,"_links":{"self":[{"href":"https:\/\/noticiasemdestaque.com\/cd\/index.php?rest_route=\/wp\/v2\/posts\/39156","targetHints":{"allow":["GET"]}}],"collection":[{"href":"https:\/\/noticiasemdestaque.com\/cd\/index.php?rest_route=\/wp\/v2\/posts"}],"about":[{"href":"https:\/\/noticiasemdestaque.com\/cd\/index.php?rest_route=\/wp\/v2\/types\/post"}],"author":[{"embeddable":true,"href":"https:\/\/noticiasemdestaque.com\/cd\/index.php?rest_route=\/wp\/v2\/users\/2"}],"replies":[{"embeddable":true,"href":"https:\/\/noticiasemdestaque.com\/cd\/index.php?rest_route=%2Fwp%2Fv2%2Fcomments&post=39156"}],"version-history":[{"count":1,"href":"https:\/\/noticiasemdestaque.com\/cd\/index.php?rest_route=\/wp\/v2\/posts\/39156\/revisions"}],"predecessor-version":[{"id":39158,"href":"https:\/\/noticiasemdestaque.com\/cd\/index.php?rest_route=\/wp\/v2\/posts\/39156\/revisions\/39158"}],"wp:featuredmedia":[{"embeddable":true,"href":"https:\/\/noticiasemdestaque.com\/cd\/index.php?rest_route=\/wp\/v2\/media\/39157"}],"wp:attachment":[{"href":"https:\/\/noticiasemdestaque.com\/cd\/index.php?rest_route=%2Fwp%2Fv2%2Fmedia&parent=39156"}],"wp:term":[{"taxonomy":"category","embeddable":true,"href":"https:\/\/noticiasemdestaque.com\/cd\/index.php?rest_route=%2Fwp%2Fv2%2Fcategories&post=39156"},{"taxonomy":"post_tag","embeddable":true,"href":"https:\/\/noticiasemdestaque.com\/cd\/index.php?rest_route=%2Fwp%2Fv2%2Ftags&post=39156"}],"curies":[{"name":"wp","href":"https:\/\/api.w.org\/{rel}","templated":true}]}}