{"id":3904,"date":"2017-09-01T13:56:38","date_gmt":"2017-09-01T16:56:38","guid":{"rendered":"http:\/\/caririemdestaque.com\/cd\/?p=3904"},"modified":"2017-09-01T13:56:38","modified_gmt":"2017-09-01T16:56:38","slug":"campus-sume-da-ufcg-sedia-ii-encontro-paraibano-de-engenharia-de-producao","status":"publish","type":"post","link":"https:\/\/noticiasemdestaque.com\/cd\/?p=3904","title":{"rendered":"Campus Sum\u00e9 da UFCG sedia II Encontro Paraibano de Engenharia de Produ\u00e7\u00e3o"},"content":{"rendered":"<p><a href=\"http:\/\/caririemdestaque.com\/cd\/wp-content\/uploads\/2017\/09\/timthumb-1.jpg\"><img fetchpriority=\"high\" decoding=\"async\" class=\"alignleft wp-image-3905 size-medium\" src=\"http:\/\/caririemdestaque.com\/cd\/wp-content\/uploads\/2017\/09\/timthumb-1-300x218.jpg\" alt=\"\" width=\"300\" height=\"218\" srcset=\"https:\/\/noticiasemdestaque.com\/cd\/wp-content\/uploads\/2017\/09\/timthumb-1-300x218.jpg 300w, https:\/\/noticiasemdestaque.com\/cd\/wp-content\/uploads\/2017\/09\/timthumb-1.jpg 547w\" sizes=\"(max-width: 300px) 100vw, 300px\" \/><\/a>Ser\u00e1 realizado de 24 a 26 de outubro pr\u00f3ximo, no Centro de Desenvolvimento Sustent\u00e1vel do Semi\u00e1rido (CDSA) da Universidade Federal de Campina Grande, Campus Sum\u00e9, o II Encontro Paraibano de Engenharia de Produ\u00e7\u00e3o (EPBEP). O evento tem como tema principal \u201cEngenharia de Produ\u00e7\u00e3o: Profiss\u00e3o em alta durante a crise\u201d.<\/p>\n<p>O mercado profissional de Engenharia de Produ\u00e7\u00e3o n\u00e3o est\u00e1 sofrendo com a crise, a profiss\u00e3o est\u00e1 em alta. Com a crise econ\u00f4mica, as empresas lutam para se manter competitivas no mercado, diminuindo custos e inova\u00e7\u00f5es em seus produtos e processos. Assim, o II Encontro Paraibano de Engenharia de Produ\u00e7\u00e3o tem como principal objetivo proporcionar aos seus participantes a oportunidade de discutir tend\u00eancias relacionadas com a crise econ\u00f4mica, associadas com a Engenharia de Produ\u00e7\u00e3o e \u00e1reas afins, integrando a comunidade acad\u00eamica, pesquisadores, professores e alunos, empres\u00e1rios, consultores, engenheiros, administradores e demais profissionais atuantes na \u00e1rea.<\/p>\n<p>Interessados em submeter artigos para o evento t\u00eam at\u00e9 o dia 18 de setembro. A divulga\u00e7\u00e3o dos artigos aprovados ser\u00e1 no dia 2 de outubro. J\u00e1 o prazo final para realizar as inscri\u00e7\u00f5es que garantem as publica\u00e7\u00f5es dos artigos ser\u00e1 o dia 20 de outubro.<\/p>\n<p>O II EPBEP \u00e9 uma realiza\u00e7\u00e3o da Unidade Acad\u00eamica de Engenharia de Produ\u00e7\u00e3o do CDSA\/UFCG e da ProdUp Consultoria J\u00fanior.<\/p>\n<p>Para realizar a inscri\u00e7\u00e3o ou obter mais informa\u00e7\u00f5es sobre as chamadas para a submiss\u00e3o de artigos, programa\u00e7\u00e3o e os valores, acesse www.epbep.com.<\/p>\n<p><em><strong>Cariri em Destaque<\/strong><\/em><\/p>\n","protected":false},"excerpt":{"rendered":"<p>Ser\u00e1 realizado de 24 a 26 de outubro pr\u00f3ximo, no Centro de Desenvolvimento Sustent\u00e1vel do Semi\u00e1rido (CDSA) da Universidade Federal de Campina Grande, Campus Sum\u00e9, o II Encontro Paraibano de Engenharia de Produ\u00e7\u00e3o (EPBEP). O evento tem como tema principal \u201cEngenharia de Produ\u00e7\u00e3o: Profiss\u00e3o em alta durante a crise\u201d. O mercado profissional de Engenharia de Produ\u00e7\u00e3o n\u00e3o est\u00e1 sofrendo com a crise, a profiss\u00e3o est\u00e1 em alta. Com a crise econ\u00f4mica, as empresas lutam para se manter competitivas no mercado, diminuindo custos e inova\u00e7\u00f5es em seus produtos e processos. Assim, o II Encontro Paraibano de Engenharia de Produ\u00e7\u00e3o tem como principal objetivo proporcionar aos seus participantes a oportunidade de discutir tend\u00eancias relacionadas com a crise econ\u00f4mica, associadas com a Engenharia de Produ\u00e7\u00e3o e \u00e1reas afins, integrando a comunidade acad\u00eamica, pesquisadores, professores e alunos, empres\u00e1rios, consultores, engenheiros, administradores e demais profissionais atuantes na \u00e1rea. Interessados em submeter artigos para o evento t\u00eam at\u00e9 o dia 18 de setembro. A divulga\u00e7\u00e3o dos artigos aprovados ser\u00e1 no dia 2 de outubro. J\u00e1 o prazo final para realizar as inscri\u00e7\u00f5es que garantem as publica\u00e7\u00f5es dos artigos ser\u00e1 o dia 20 de outubro. O II EPBEP \u00e9 uma realiza\u00e7\u00e3o da Unidade Acad\u00eamica de Engenharia de Produ\u00e7\u00e3o do CDSA\/UFCG e da ProdUp Consultoria J\u00fanior. Para realizar a inscri\u00e7\u00e3o ou obter mais informa\u00e7\u00f5es sobre as chamadas para a submiss\u00e3o de artigos, programa\u00e7\u00e3o e os valores, acesse www.epbep.com. Cariri em Destaque<\/p>\n","protected":false},"author":2,"featured_media":3905,"comment_status":"closed","ping_status":"open","sticky":false,"template":"","format":"standard","meta":{"_eb_attr":"","_jetpack_memberships_contains_paid_content":false,"footnotes":""},"categories":[3],"tags":[],"class_list":["post-3904","post","type-post","status-publish","format-standard","has-post-thumbnail","hentry","category-cidades"],"yoast_head":"<!-- This site is optimized with the Yoast SEO plugin v26.5 - https:\/\/yoast.com\/wordpress\/plugins\/seo\/ -->\n<title>Campus Sum\u00e9 da UFCG sedia II Encontro Paraibano de Engenharia de Produ\u00e7\u00e3o - Not&iacute;cias em Destaque<\/title>\n<meta name=\"robots\" content=\"index, follow, max-snippet:-1, max-image-preview:large, max-video-preview:-1\" \/>\n<link rel=\"canonical\" href=\"https:\/\/noticiasemdestaque.com\/cd\/?p=3904\" \/>\n<meta property=\"og:locale\" content=\"pt_BR\" \/>\n<meta property=\"og:type\" content=\"article\" \/>\n<meta property=\"og:title\" content=\"Campus Sum\u00e9 da UFCG sedia II Encontro Paraibano de Engenharia de Produ\u00e7\u00e3o - Not&iacute;cias em Destaque\" \/>\n<meta property=\"og:description\" content=\"Ser\u00e1 realizado de 24 a 26 de outubro pr\u00f3ximo, no Centro de Desenvolvimento Sustent\u00e1vel do Semi\u00e1rido (CDSA) da Universidade Federal de Campina Grande, Campus Sum\u00e9, o II Encontro Paraibano de Engenharia de Produ\u00e7\u00e3o (EPBEP). O evento tem como tema principal \u201cEngenharia de Produ\u00e7\u00e3o: Profiss\u00e3o em alta durante a crise\u201d. O mercado profissional de Engenharia de Produ\u00e7\u00e3o n\u00e3o est\u00e1 sofrendo com a crise, a profiss\u00e3o est\u00e1 em alta. Com a crise econ\u00f4mica, as empresas lutam para se manter competitivas no mercado, diminuindo custos e inova\u00e7\u00f5es em seus produtos e processos. Assim, o II Encontro Paraibano de Engenharia de Produ\u00e7\u00e3o tem como principal objetivo proporcionar aos seus participantes a oportunidade de discutir tend\u00eancias relacionadas com a crise econ\u00f4mica, associadas com a Engenharia de Produ\u00e7\u00e3o e \u00e1reas afins, integrando a comunidade acad\u00eamica, pesquisadores, professores e alunos, empres\u00e1rios, consultores, engenheiros, administradores e demais profissionais atuantes na \u00e1rea. Interessados em submeter artigos para o evento t\u00eam at\u00e9 o dia 18 de setembro. A divulga\u00e7\u00e3o dos artigos aprovados ser\u00e1 no dia 2 de outubro. J\u00e1 o prazo final para realizar as inscri\u00e7\u00f5es que garantem as publica\u00e7\u00f5es dos artigos ser\u00e1 o dia 20 de outubro. O II EPBEP \u00e9 uma realiza\u00e7\u00e3o da Unidade Acad\u00eamica de Engenharia de Produ\u00e7\u00e3o do CDSA\/UFCG e da ProdUp Consultoria J\u00fanior. Para realizar a inscri\u00e7\u00e3o ou obter mais informa\u00e7\u00f5es sobre as chamadas para a submiss\u00e3o de artigos, programa\u00e7\u00e3o e os valores, acesse www.epbep.com. Cariri em Destaque\" \/>\n<meta property=\"og:url\" content=\"https:\/\/noticiasemdestaque.com\/cd\/?p=3904\" \/>\n<meta property=\"og:site_name\" content=\"Not&iacute;cias em Destaque\" \/>\n<meta property=\"article:published_time\" content=\"2017-09-01T16:56:38+00:00\" \/>\n<meta property=\"og:image\" content=\"https:\/\/noticiasemdestaque.com\/cd\/wp-content\/uploads\/2017\/09\/timthumb-1.jpg\" \/>\n\t<meta property=\"og:image:width\" content=\"547\" \/>\n\t<meta property=\"og:image:height\" content=\"398\" \/>\n\t<meta property=\"og:image:type\" content=\"image\/jpeg\" \/>\n<meta name=\"author\" content=\"Not\u00edcias em Destaque\" \/>\n<meta name=\"twitter:card\" content=\"summary_large_image\" \/>\n<meta name=\"twitter:label1\" content=\"Escrito por\" \/>\n\t<meta name=\"twitter:data1\" content=\"Not\u00edcias em Destaque\" \/>\n\t<meta name=\"twitter:label2\" content=\"Est. tempo de leitura\" \/>\n\t<meta name=\"twitter:data2\" content=\"1 minuto\" \/>\n<script type=\"application\/ld+json\" class=\"yoast-schema-graph\">{\"@context\":\"https:\/\/schema.org\",\"@graph\":[{\"@type\":\"Article\",\"@id\":\"https:\/\/noticiasemdestaque.com\/cd\/?p=3904#article\",\"isPartOf\":{\"@id\":\"https:\/\/noticiasemdestaque.com\/cd\/?p=3904\"},\"author\":{\"name\":\"Not\u00edcias em Destaque\",\"@id\":\"https:\/\/noticiasemdestaque.com\/cd\/#\/schema\/person\/21320b03a7e8bb90128938dafc9b908a\"},\"headline\":\"Campus Sum\u00e9 da UFCG sedia II Encontro Paraibano de Engenharia de Produ\u00e7\u00e3o\",\"datePublished\":\"2017-09-01T16:56:38+00:00\",\"mainEntityOfPage\":{\"@id\":\"https:\/\/noticiasemdestaque.com\/cd\/?p=3904\"},\"wordCount\":272,\"publisher\":{\"@id\":\"https:\/\/noticiasemdestaque.com\/cd\/#organization\"},\"image\":{\"@id\":\"https:\/\/noticiasemdestaque.com\/cd\/?p=3904#primaryimage\"},\"thumbnailUrl\":\"https:\/\/noticiasemdestaque.com\/cd\/wp-content\/uploads\/2017\/09\/timthumb-1.jpg\",\"articleSection\":[\"Cidades\"],\"inLanguage\":\"pt-BR\"},{\"@type\":\"WebPage\",\"@id\":\"https:\/\/noticiasemdestaque.com\/cd\/?p=3904\",\"url\":\"https:\/\/noticiasemdestaque.com\/cd\/?p=3904\",\"name\":\"Campus Sum\u00e9 da UFCG sedia II Encontro Paraibano de Engenharia de Produ\u00e7\u00e3o - Not&iacute;cias em Destaque\",\"isPartOf\":{\"@id\":\"https:\/\/noticiasemdestaque.com\/cd\/#website\"},\"primaryImageOfPage\":{\"@id\":\"https:\/\/noticiasemdestaque.com\/cd\/?p=3904#primaryimage\"},\"image\":{\"@id\":\"https:\/\/noticiasemdestaque.com\/cd\/?p=3904#primaryimage\"},\"thumbnailUrl\":\"https:\/\/noticiasemdestaque.com\/cd\/wp-content\/uploads\/2017\/09\/timthumb-1.jpg\",\"datePublished\":\"2017-09-01T16:56:38+00:00\",\"breadcrumb\":{\"@id\":\"https:\/\/noticiasemdestaque.com\/cd\/?p=3904#breadcrumb\"},\"inLanguage\":\"pt-BR\",\"potentialAction\":[{\"@type\":\"ReadAction\",\"target\":[\"https:\/\/noticiasemdestaque.com\/cd\/?p=3904\"]}]},{\"@type\":\"ImageObject\",\"inLanguage\":\"pt-BR\",\"@id\":\"https:\/\/noticiasemdestaque.com\/cd\/?p=3904#primaryimage\",\"url\":\"https:\/\/noticiasemdestaque.com\/cd\/wp-content\/uploads\/2017\/09\/timthumb-1.jpg\",\"contentUrl\":\"https:\/\/noticiasemdestaque.com\/cd\/wp-content\/uploads\/2017\/09\/timthumb-1.jpg\",\"width\":547,\"height\":398},{\"@type\":\"BreadcrumbList\",\"@id\":\"https:\/\/noticiasemdestaque.com\/cd\/?p=3904#breadcrumb\",\"itemListElement\":[{\"@type\":\"ListItem\",\"position\":1,\"name\":\"In\u00edcio\",\"item\":\"https:\/\/noticiasemdestaque.com\/cd\/\"},{\"@type\":\"ListItem\",\"position\":2,\"name\":\"Campus Sum\u00e9 da UFCG sedia II Encontro Paraibano de Engenharia de Produ\u00e7\u00e3o\"}]},{\"@type\":\"WebSite\",\"@id\":\"https:\/\/noticiasemdestaque.com\/cd\/#website\",\"url\":\"https:\/\/noticiasemdestaque.com\/cd\/\",\"name\":\"Not&iacute;cias em Destaque\",\"description\":\"\",\"publisher\":{\"@id\":\"https:\/\/noticiasemdestaque.com\/cd\/#organization\"},\"potentialAction\":[{\"@type\":\"SearchAction\",\"target\":{\"@type\":\"EntryPoint\",\"urlTemplate\":\"https:\/\/noticiasemdestaque.com\/cd\/?s={search_term_string}\"},\"query-input\":{\"@type\":\"PropertyValueSpecification\",\"valueRequired\":true,\"valueName\":\"search_term_string\"}}],\"inLanguage\":\"pt-BR\"},{\"@type\":\"Organization\",\"@id\":\"https:\/\/noticiasemdestaque.com\/cd\/#organization\",\"name\":\"Not\u00edcias em Destaque\",\"url\":\"https:\/\/noticiasemdestaque.com\/cd\/\",\"logo\":{\"@type\":\"ImageObject\",\"inLanguage\":\"pt-BR\",\"@id\":\"https:\/\/noticiasemdestaque.com\/cd\/#\/schema\/logo\/image\/\",\"url\":\"https:\/\/noticiasemdestaque.com\/cd\/wp-content\/uploads\/2022\/05\/imagem-base-noticiasemdestaque.png\",\"contentUrl\":\"https:\/\/noticiasemdestaque.com\/cd\/wp-content\/uploads\/2022\/05\/imagem-base-noticiasemdestaque.png\",\"width\":1200,\"height\":630,\"caption\":\"Not\u00edcias em Destaque\"},\"image\":{\"@id\":\"https:\/\/noticiasemdestaque.com\/cd\/#\/schema\/logo\/image\/\"}},{\"@type\":\"Person\",\"@id\":\"https:\/\/noticiasemdestaque.com\/cd\/#\/schema\/person\/21320b03a7e8bb90128938dafc9b908a\",\"name\":\"Not\u00edcias em Destaque\",\"url\":\"https:\/\/noticiasemdestaque.com\/cd\/?author=2\"}]}<\/script>\n<!-- \/ Yoast SEO plugin. -->","yoast_head_json":{"title":"Campus Sum\u00e9 da UFCG sedia II Encontro Paraibano de Engenharia de Produ\u00e7\u00e3o - Not&iacute;cias em Destaque","robots":{"index":"index","follow":"follow","max-snippet":"max-snippet:-1","max-image-preview":"max-image-preview:large","max-video-preview":"max-video-preview:-1"},"canonical":"https:\/\/noticiasemdestaque.com\/cd\/?p=3904","og_locale":"pt_BR","og_type":"article","og_title":"Campus Sum\u00e9 da UFCG sedia II Encontro Paraibano de Engenharia de Produ\u00e7\u00e3o - Not&iacute;cias em Destaque","og_description":"Ser\u00e1 realizado de 24 a 26 de outubro pr\u00f3ximo, no Centro de Desenvolvimento Sustent\u00e1vel do Semi\u00e1rido (CDSA) da Universidade Federal de Campina Grande, Campus Sum\u00e9, o II Encontro Paraibano de Engenharia de Produ\u00e7\u00e3o (EPBEP). O evento tem como tema principal \u201cEngenharia de Produ\u00e7\u00e3o: Profiss\u00e3o em alta durante a crise\u201d. O mercado profissional de Engenharia de Produ\u00e7\u00e3o n\u00e3o est\u00e1 sofrendo com a crise, a profiss\u00e3o est\u00e1 em alta. Com a crise econ\u00f4mica, as empresas lutam para se manter competitivas no mercado, diminuindo custos e inova\u00e7\u00f5es em seus produtos e processos. Assim, o II Encontro Paraibano de Engenharia de Produ\u00e7\u00e3o tem como principal objetivo proporcionar aos seus participantes a oportunidade de discutir tend\u00eancias relacionadas com a crise econ\u00f4mica, associadas com a Engenharia de Produ\u00e7\u00e3o e \u00e1reas afins, integrando a comunidade acad\u00eamica, pesquisadores, professores e alunos, empres\u00e1rios, consultores, engenheiros, administradores e demais profissionais atuantes na \u00e1rea. Interessados em submeter artigos para o evento t\u00eam at\u00e9 o dia 18 de setembro. A divulga\u00e7\u00e3o dos artigos aprovados ser\u00e1 no dia 2 de outubro. J\u00e1 o prazo final para realizar as inscri\u00e7\u00f5es que garantem as publica\u00e7\u00f5es dos artigos ser\u00e1 o dia 20 de outubro. O II EPBEP \u00e9 uma realiza\u00e7\u00e3o da Unidade Acad\u00eamica de Engenharia de Produ\u00e7\u00e3o do CDSA\/UFCG e da ProdUp Consultoria J\u00fanior. Para realizar a inscri\u00e7\u00e3o ou obter mais informa\u00e7\u00f5es sobre as chamadas para a submiss\u00e3o de artigos, programa\u00e7\u00e3o e os valores, acesse www.epbep.com. Cariri em Destaque","og_url":"https:\/\/noticiasemdestaque.com\/cd\/?p=3904","og_site_name":"Not&iacute;cias em Destaque","article_published_time":"2017-09-01T16:56:38+00:00","og_image":[{"width":547,"height":398,"url":"https:\/\/noticiasemdestaque.com\/cd\/wp-content\/uploads\/2017\/09\/timthumb-1.jpg","type":"image\/jpeg"}],"author":"Not\u00edcias em Destaque","twitter_card":"summary_large_image","twitter_misc":{"Escrito por":"Not\u00edcias em Destaque","Est. tempo de leitura":"1 minuto"},"schema":{"@context":"https:\/\/schema.org","@graph":[{"@type":"Article","@id":"https:\/\/noticiasemdestaque.com\/cd\/?p=3904#article","isPartOf":{"@id":"https:\/\/noticiasemdestaque.com\/cd\/?p=3904"},"author":{"name":"Not\u00edcias em Destaque","@id":"https:\/\/noticiasemdestaque.com\/cd\/#\/schema\/person\/21320b03a7e8bb90128938dafc9b908a"},"headline":"Campus Sum\u00e9 da UFCG sedia II Encontro Paraibano de Engenharia de Produ\u00e7\u00e3o","datePublished":"2017-09-01T16:56:38+00:00","mainEntityOfPage":{"@id":"https:\/\/noticiasemdestaque.com\/cd\/?p=3904"},"wordCount":272,"publisher":{"@id":"https:\/\/noticiasemdestaque.com\/cd\/#organization"},"image":{"@id":"https:\/\/noticiasemdestaque.com\/cd\/?p=3904#primaryimage"},"thumbnailUrl":"https:\/\/noticiasemdestaque.com\/cd\/wp-content\/uploads\/2017\/09\/timthumb-1.jpg","articleSection":["Cidades"],"inLanguage":"pt-BR"},{"@type":"WebPage","@id":"https:\/\/noticiasemdestaque.com\/cd\/?p=3904","url":"https:\/\/noticiasemdestaque.com\/cd\/?p=3904","name":"Campus Sum\u00e9 da UFCG sedia II Encontro Paraibano de Engenharia de Produ\u00e7\u00e3o - Not&iacute;cias em Destaque","isPartOf":{"@id":"https:\/\/noticiasemdestaque.com\/cd\/#website"},"primaryImageOfPage":{"@id":"https:\/\/noticiasemdestaque.com\/cd\/?p=3904#primaryimage"},"image":{"@id":"https:\/\/noticiasemdestaque.com\/cd\/?p=3904#primaryimage"},"thumbnailUrl":"https:\/\/noticiasemdestaque.com\/cd\/wp-content\/uploads\/2017\/09\/timthumb-1.jpg","datePublished":"2017-09-01T16:56:38+00:00","breadcrumb":{"@id":"https:\/\/noticiasemdestaque.com\/cd\/?p=3904#breadcrumb"},"inLanguage":"pt-BR","potentialAction":[{"@type":"ReadAction","target":["https:\/\/noticiasemdestaque.com\/cd\/?p=3904"]}]},{"@type":"ImageObject","inLanguage":"pt-BR","@id":"https:\/\/noticiasemdestaque.com\/cd\/?p=3904#primaryimage","url":"https:\/\/noticiasemdestaque.com\/cd\/wp-content\/uploads\/2017\/09\/timthumb-1.jpg","contentUrl":"https:\/\/noticiasemdestaque.com\/cd\/wp-content\/uploads\/2017\/09\/timthumb-1.jpg","width":547,"height":398},{"@type":"BreadcrumbList","@id":"https:\/\/noticiasemdestaque.com\/cd\/?p=3904#breadcrumb","itemListElement":[{"@type":"ListItem","position":1,"name":"In\u00edcio","item":"https:\/\/noticiasemdestaque.com\/cd\/"},{"@type":"ListItem","position":2,"name":"Campus Sum\u00e9 da UFCG sedia II Encontro Paraibano de Engenharia de Produ\u00e7\u00e3o"}]},{"@type":"WebSite","@id":"https:\/\/noticiasemdestaque.com\/cd\/#website","url":"https:\/\/noticiasemdestaque.com\/cd\/","name":"Not&iacute;cias em Destaque","description":"","publisher":{"@id":"https:\/\/noticiasemdestaque.com\/cd\/#organization"},"potentialAction":[{"@type":"SearchAction","target":{"@type":"EntryPoint","urlTemplate":"https:\/\/noticiasemdestaque.com\/cd\/?s={search_term_string}"},"query-input":{"@type":"PropertyValueSpecification","valueRequired":true,"valueName":"search_term_string"}}],"inLanguage":"pt-BR"},{"@type":"Organization","@id":"https:\/\/noticiasemdestaque.com\/cd\/#organization","name":"Not\u00edcias em Destaque","url":"https:\/\/noticiasemdestaque.com\/cd\/","logo":{"@type":"ImageObject","inLanguage":"pt-BR","@id":"https:\/\/noticiasemdestaque.com\/cd\/#\/schema\/logo\/image\/","url":"https:\/\/noticiasemdestaque.com\/cd\/wp-content\/uploads\/2022\/05\/imagem-base-noticiasemdestaque.png","contentUrl":"https:\/\/noticiasemdestaque.com\/cd\/wp-content\/uploads\/2022\/05\/imagem-base-noticiasemdestaque.png","width":1200,"height":630,"caption":"Not\u00edcias em Destaque"},"image":{"@id":"https:\/\/noticiasemdestaque.com\/cd\/#\/schema\/logo\/image\/"}},{"@type":"Person","@id":"https:\/\/noticiasemdestaque.com\/cd\/#\/schema\/person\/21320b03a7e8bb90128938dafc9b908a","name":"Not\u00edcias em Destaque","url":"https:\/\/noticiasemdestaque.com\/cd\/?author=2"}]}},"jetpack_featured_media_url":"https:\/\/noticiasemdestaque.com\/cd\/wp-content\/uploads\/2017\/09\/timthumb-1.jpg","jetpack_sharing_enabled":true,"_links":{"self":[{"href":"https:\/\/noticiasemdestaque.com\/cd\/index.php?rest_route=\/wp\/v2\/posts\/3904","targetHints":{"allow":["GET"]}}],"collection":[{"href":"https:\/\/noticiasemdestaque.com\/cd\/index.php?rest_route=\/wp\/v2\/posts"}],"about":[{"href":"https:\/\/noticiasemdestaque.com\/cd\/index.php?rest_route=\/wp\/v2\/types\/post"}],"author":[{"embeddable":true,"href":"https:\/\/noticiasemdestaque.com\/cd\/index.php?rest_route=\/wp\/v2\/users\/2"}],"replies":[{"embeddable":true,"href":"https:\/\/noticiasemdestaque.com\/cd\/index.php?rest_route=%2Fwp%2Fv2%2Fcomments&post=3904"}],"version-history":[{"count":1,"href":"https:\/\/noticiasemdestaque.com\/cd\/index.php?rest_route=\/wp\/v2\/posts\/3904\/revisions"}],"predecessor-version":[{"id":3906,"href":"https:\/\/noticiasemdestaque.com\/cd\/index.php?rest_route=\/wp\/v2\/posts\/3904\/revisions\/3906"}],"wp:featuredmedia":[{"embeddable":true,"href":"https:\/\/noticiasemdestaque.com\/cd\/index.php?rest_route=\/wp\/v2\/media\/3905"}],"wp:attachment":[{"href":"https:\/\/noticiasemdestaque.com\/cd\/index.php?rest_route=%2Fwp%2Fv2%2Fmedia&parent=3904"}],"wp:term":[{"taxonomy":"category","embeddable":true,"href":"https:\/\/noticiasemdestaque.com\/cd\/index.php?rest_route=%2Fwp%2Fv2%2Fcategories&post=3904"},{"taxonomy":"post_tag","embeddable":true,"href":"https:\/\/noticiasemdestaque.com\/cd\/index.php?rest_route=%2Fwp%2Fv2%2Ftags&post=3904"}],"curies":[{"name":"wp","href":"https:\/\/api.w.org\/{rel}","templated":true}]}}