{"id":3901,"date":"2017-09-01T13:53:06","date_gmt":"2017-09-01T16:53:06","guid":{"rendered":"http:\/\/caririemdestaque.com\/cd\/?p=3901"},"modified":"2017-09-01T13:53:06","modified_gmt":"2017-09-01T16:53:06","slug":"jfpb-divulga-edital-para-selecao-de-estagiarios-de-direito-com-vagas-em-monteiro","status":"publish","type":"post","link":"https:\/\/noticiasemdestaque.com\/cd\/?p=3901","title":{"rendered":"JFPB divulga edital para sele\u00e7\u00e3o de estagi\u00e1rios de Direito com vagas em Monteiro"},"content":{"rendered":"<p><a href=\"http:\/\/caririemdestaque.com\/cd\/wp-content\/uploads\/2017\/09\/timthumb.jpg\"><img decoding=\"async\" class=\"size-thumbnail wp-image-3902 alignleft\" src=\"http:\/\/caririemdestaque.com\/cd\/wp-content\/uploads\/2017\/09\/timthumb-150x150.jpg\" alt=\"\" width=\"150\" height=\"150\" srcset=\"https:\/\/noticiasemdestaque.com\/cd\/wp-content\/uploads\/2017\/09\/timthumb-150x150.jpg 150w, https:\/\/noticiasemdestaque.com\/cd\/wp-content\/uploads\/2017\/09\/timthumb-266x266.jpg 266w\" sizes=\"(max-width: 150px) 100vw, 150px\" \/><\/a>A Justi\u00e7a Federal na Para\u00edba (JFPB) divulgou um novo edital para sele\u00e7\u00e3o de estagi\u00e1rios do curso de Direito, com seis vagas dispon\u00edveis e forma\u00e7\u00e3o de cadastro de reserva para aproveitamento, a depender da necessidade do \u00f3rg\u00e3o. As inscri\u00e7\u00f5es, que ser\u00e3o gratuitas e, exclusivamente, pela internet, poder\u00e3o ser feitas de 14 a 24 de setembro e a prova ser\u00e1 aplicada no dia 8 de outubro. O\u00a0<a href=\"http:\/\/www.jfpb.jus.br\/arquivos\/editais\/editalestagiodireito2017.pdf\"><strong>edital<\/strong><\/a>\u00a0com todos os detalhes do processo seletivo foi divulgado no Di\u00e1rio Oficial Eletr\u00f4nico da 5\u00aa Regi\u00e3o dessa ter\u00e7a-feira (29).<\/p>\n<p>Os interessados em participar da sele\u00e7\u00e3o dever\u00e3o se inscrever pelo site da organizadora (Centro de Integra\u00e7\u00e3o Empresa Escola \u2013 CIEE) e estar cursando, no m\u00ednimo, a metade do curso. O est\u00e1gio ter\u00e1 validade de um ano, podendo ser prorrogado por igual per\u00edodo, e ser\u00e1 remunerado com bolsa-aux\u00edlio de R$ 845,00, aux\u00edlio transporte di\u00e1rio de R$ 7,00 e seguro contra acidentes pessoais.<\/p>\n<p>As vagas ser\u00e3o destinadas \u00e0s Varas Federais, \u00e0 Turma Recursal dos Juizados Especiais Federais, \u00e0 Assessoria Jur\u00eddica da Dire\u00e7\u00e3o do Foro, ao Centro Judici\u00e1rio de Solu\u00e7\u00e3o Consensual de Conflitos e Cidadania (Cejusc) e ao Setor Administrativo, nas cidades de Jo\u00e3o Pessoa, Campina Grande, Sousa, Monteiro, Guarabira e Patos.<\/p>\n<p>O processo seletivo compreender\u00e1 uma prova objetiva, que ter\u00e1 dura\u00e7\u00e3o de tr\u00eas horas e contar\u00e1 com 50 quest\u00f5es de m\u00faltipla escolha, sendo 30 espec\u00edficas de Direito, 10 de L\u00edngua Portuguesa e 10 de No\u00e7\u00f5es de Inform\u00e1tica. Os candidatos dever\u00e3o comparecer munidos de documento de identidade original e de caneta esferogr\u00e1fica preta ou azul. A divulga\u00e7\u00e3o do resultado definitivo da prova e da habilita\u00e7\u00e3o dos candidatos ser\u00e1 feita nos sites do CIEE e da JFPB at\u00e9 o dia 31 de outubro.<\/p>\n<p>&nbsp;<\/p>\n","protected":false},"excerpt":{"rendered":"<p>A Justi\u00e7a Federal na Para\u00edba (JFPB) divulgou um novo edital para sele\u00e7\u00e3o de estagi\u00e1rios do curso de Direito, com seis vagas dispon\u00edveis e forma\u00e7\u00e3o de cadastro de reserva para aproveitamento, a depender da necessidade do \u00f3rg\u00e3o. As inscri\u00e7\u00f5es, que ser\u00e3o gratuitas e, exclusivamente, pela internet, poder\u00e3o ser feitas de 14 a 24 de setembro e a prova ser\u00e1 aplicada no dia 8 de outubro. O\u00a0edital\u00a0com todos os detalhes do processo seletivo foi divulgado no Di\u00e1rio Oficial Eletr\u00f4nico da 5\u00aa Regi\u00e3o dessa ter\u00e7a-feira (29). Os interessados em participar da sele\u00e7\u00e3o dever\u00e3o se inscrever pelo site da organizadora (Centro de Integra\u00e7\u00e3o Empresa Escola \u2013 CIEE) e estar cursando, no m\u00ednimo, a metade do curso. O est\u00e1gio ter\u00e1 validade de um ano, podendo ser prorrogado por igual per\u00edodo, e ser\u00e1 remunerado com bolsa-aux\u00edlio de R$ 845,00, aux\u00edlio transporte di\u00e1rio de R$ 7,00 e seguro contra acidentes pessoais. As vagas ser\u00e3o destinadas \u00e0s Varas Federais, \u00e0 Turma Recursal dos Juizados Especiais Federais, \u00e0 Assessoria Jur\u00eddica da Dire\u00e7\u00e3o do Foro, ao Centro Judici\u00e1rio de Solu\u00e7\u00e3o Consensual de Conflitos e Cidadania (Cejusc) e ao Setor Administrativo, nas cidades de Jo\u00e3o Pessoa, Campina Grande, Sousa, Monteiro, Guarabira e Patos. O processo seletivo compreender\u00e1 uma prova objetiva, que ter\u00e1 dura\u00e7\u00e3o de tr\u00eas horas e contar\u00e1 com 50 quest\u00f5es de m\u00faltipla escolha, sendo 30 espec\u00edficas de Direito, 10 de L\u00edngua Portuguesa e 10 de No\u00e7\u00f5es de Inform\u00e1tica. Os candidatos dever\u00e3o comparecer munidos de documento de identidade original e de caneta esferogr\u00e1fica preta ou azul. A divulga\u00e7\u00e3o do resultado definitivo da prova e da habilita\u00e7\u00e3o dos candidatos ser\u00e1 feita nos sites do CIEE e da JFPB at\u00e9 o dia 31 de outubro. &nbsp;<\/p>\n","protected":false},"author":2,"featured_media":3902,"comment_status":"closed","ping_status":"open","sticky":false,"template":"","format":"standard","meta":{"_eb_attr":"","_jetpack_memberships_contains_paid_content":false,"footnotes":""},"categories":[3],"tags":[],"class_list":["post-3901","post","type-post","status-publish","format-standard","has-post-thumbnail","hentry","category-cidades"],"yoast_head":"<!-- This site is optimized with the Yoast SEO plugin v26.5 - https:\/\/yoast.com\/wordpress\/plugins\/seo\/ -->\n<title>JFPB divulga edital para sele\u00e7\u00e3o de estagi\u00e1rios de Direito com vagas em Monteiro - Not&iacute;cias em Destaque<\/title>\n<meta name=\"robots\" content=\"index, follow, max-snippet:-1, max-image-preview:large, max-video-preview:-1\" \/>\n<link rel=\"canonical\" href=\"https:\/\/noticiasemdestaque.com\/cd\/?p=3901\" \/>\n<meta property=\"og:locale\" content=\"pt_BR\" \/>\n<meta property=\"og:type\" content=\"article\" \/>\n<meta property=\"og:title\" content=\"JFPB divulga edital para sele\u00e7\u00e3o de estagi\u00e1rios de Direito com vagas em Monteiro - Not&iacute;cias em Destaque\" \/>\n<meta property=\"og:description\" content=\"A Justi\u00e7a Federal na Para\u00edba (JFPB) divulgou um novo edital para sele\u00e7\u00e3o de estagi\u00e1rios do curso de Direito, com seis vagas dispon\u00edveis e forma\u00e7\u00e3o de cadastro de reserva para aproveitamento, a depender da necessidade do \u00f3rg\u00e3o. As inscri\u00e7\u00f5es, que ser\u00e3o gratuitas e, exclusivamente, pela internet, poder\u00e3o ser feitas de 14 a 24 de setembro e a prova ser\u00e1 aplicada no dia 8 de outubro. O\u00a0edital\u00a0com todos os detalhes do processo seletivo foi divulgado no Di\u00e1rio Oficial Eletr\u00f4nico da 5\u00aa Regi\u00e3o dessa ter\u00e7a-feira (29). Os interessados em participar da sele\u00e7\u00e3o dever\u00e3o se inscrever pelo site da organizadora (Centro de Integra\u00e7\u00e3o Empresa Escola \u2013 CIEE) e estar cursando, no m\u00ednimo, a metade do curso. O est\u00e1gio ter\u00e1 validade de um ano, podendo ser prorrogado por igual per\u00edodo, e ser\u00e1 remunerado com bolsa-aux\u00edlio de R$ 845,00, aux\u00edlio transporte di\u00e1rio de R$ 7,00 e seguro contra acidentes pessoais. As vagas ser\u00e3o destinadas \u00e0s Varas Federais, \u00e0 Turma Recursal dos Juizados Especiais Federais, \u00e0 Assessoria Jur\u00eddica da Dire\u00e7\u00e3o do Foro, ao Centro Judici\u00e1rio de Solu\u00e7\u00e3o Consensual de Conflitos e Cidadania (Cejusc) e ao Setor Administrativo, nas cidades de Jo\u00e3o Pessoa, Campina Grande, Sousa, Monteiro, Guarabira e Patos. O processo seletivo compreender\u00e1 uma prova objetiva, que ter\u00e1 dura\u00e7\u00e3o de tr\u00eas horas e contar\u00e1 com 50 quest\u00f5es de m\u00faltipla escolha, sendo 30 espec\u00edficas de Direito, 10 de L\u00edngua Portuguesa e 10 de No\u00e7\u00f5es de Inform\u00e1tica. Os candidatos dever\u00e3o comparecer munidos de documento de identidade original e de caneta esferogr\u00e1fica preta ou azul. A divulga\u00e7\u00e3o do resultado definitivo da prova e da habilita\u00e7\u00e3o dos candidatos ser\u00e1 feita nos sites do CIEE e da JFPB at\u00e9 o dia 31 de outubro. &nbsp;\" \/>\n<meta property=\"og:url\" content=\"https:\/\/noticiasemdestaque.com\/cd\/?p=3901\" \/>\n<meta property=\"og:site_name\" content=\"Not&iacute;cias em Destaque\" \/>\n<meta property=\"article:published_time\" content=\"2017-09-01T16:53:06+00:00\" \/>\n<meta property=\"og:image\" content=\"https:\/\/noticiasemdestaque.com\/cd\/wp-content\/uploads\/2017\/09\/timthumb.jpg\" \/>\n\t<meta property=\"og:image:width\" content=\"547\" \/>\n\t<meta property=\"og:image:height\" content=\"398\" \/>\n\t<meta property=\"og:image:type\" content=\"image\/jpeg\" \/>\n<meta name=\"author\" content=\"Not\u00edcias em Destaque\" \/>\n<meta name=\"twitter:card\" content=\"summary_large_image\" \/>\n<meta name=\"twitter:label1\" content=\"Escrito por\" \/>\n\t<meta name=\"twitter:data1\" content=\"Not\u00edcias em Destaque\" \/>\n\t<meta name=\"twitter:label2\" content=\"Est. tempo de leitura\" \/>\n\t<meta name=\"twitter:data2\" content=\"2 minutos\" \/>\n<script type=\"application\/ld+json\" class=\"yoast-schema-graph\">{\"@context\":\"https:\/\/schema.org\",\"@graph\":[{\"@type\":\"Article\",\"@id\":\"https:\/\/noticiasemdestaque.com\/cd\/?p=3901#article\",\"isPartOf\":{\"@id\":\"https:\/\/noticiasemdestaque.com\/cd\/?p=3901\"},\"author\":{\"name\":\"Not\u00edcias em Destaque\",\"@id\":\"https:\/\/noticiasemdestaque.com\/cd\/#\/schema\/person\/21320b03a7e8bb90128938dafc9b908a\"},\"headline\":\"JFPB divulga edital para sele\u00e7\u00e3o de estagi\u00e1rios de Direito com vagas em Monteiro\",\"datePublished\":\"2017-09-01T16:53:06+00:00\",\"mainEntityOfPage\":{\"@id\":\"https:\/\/noticiasemdestaque.com\/cd\/?p=3901\"},\"wordCount\":316,\"publisher\":{\"@id\":\"https:\/\/noticiasemdestaque.com\/cd\/#organization\"},\"image\":{\"@id\":\"https:\/\/noticiasemdestaque.com\/cd\/?p=3901#primaryimage\"},\"thumbnailUrl\":\"https:\/\/noticiasemdestaque.com\/cd\/wp-content\/uploads\/2017\/09\/timthumb.jpg\",\"articleSection\":[\"Cidades\"],\"inLanguage\":\"pt-BR\"},{\"@type\":\"WebPage\",\"@id\":\"https:\/\/noticiasemdestaque.com\/cd\/?p=3901\",\"url\":\"https:\/\/noticiasemdestaque.com\/cd\/?p=3901\",\"name\":\"JFPB divulga edital para sele\u00e7\u00e3o de estagi\u00e1rios de Direito com vagas em Monteiro - Not&iacute;cias em Destaque\",\"isPartOf\":{\"@id\":\"https:\/\/noticiasemdestaque.com\/cd\/#website\"},\"primaryImageOfPage\":{\"@id\":\"https:\/\/noticiasemdestaque.com\/cd\/?p=3901#primaryimage\"},\"image\":{\"@id\":\"https:\/\/noticiasemdestaque.com\/cd\/?p=3901#primaryimage\"},\"thumbnailUrl\":\"https:\/\/noticiasemdestaque.com\/cd\/wp-content\/uploads\/2017\/09\/timthumb.jpg\",\"datePublished\":\"2017-09-01T16:53:06+00:00\",\"breadcrumb\":{\"@id\":\"https:\/\/noticiasemdestaque.com\/cd\/?p=3901#breadcrumb\"},\"inLanguage\":\"pt-BR\",\"potentialAction\":[{\"@type\":\"ReadAction\",\"target\":[\"https:\/\/noticiasemdestaque.com\/cd\/?p=3901\"]}]},{\"@type\":\"ImageObject\",\"inLanguage\":\"pt-BR\",\"@id\":\"https:\/\/noticiasemdestaque.com\/cd\/?p=3901#primaryimage\",\"url\":\"https:\/\/noticiasemdestaque.com\/cd\/wp-content\/uploads\/2017\/09\/timthumb.jpg\",\"contentUrl\":\"https:\/\/noticiasemdestaque.com\/cd\/wp-content\/uploads\/2017\/09\/timthumb.jpg\",\"width\":547,\"height\":398},{\"@type\":\"BreadcrumbList\",\"@id\":\"https:\/\/noticiasemdestaque.com\/cd\/?p=3901#breadcrumb\",\"itemListElement\":[{\"@type\":\"ListItem\",\"position\":1,\"name\":\"In\u00edcio\",\"item\":\"https:\/\/noticiasemdestaque.com\/cd\/\"},{\"@type\":\"ListItem\",\"position\":2,\"name\":\"JFPB divulga edital para sele\u00e7\u00e3o de estagi\u00e1rios de Direito com vagas em Monteiro\"}]},{\"@type\":\"WebSite\",\"@id\":\"https:\/\/noticiasemdestaque.com\/cd\/#website\",\"url\":\"https:\/\/noticiasemdestaque.com\/cd\/\",\"name\":\"Not&iacute;cias em Destaque\",\"description\":\"\",\"publisher\":{\"@id\":\"https:\/\/noticiasemdestaque.com\/cd\/#organization\"},\"potentialAction\":[{\"@type\":\"SearchAction\",\"target\":{\"@type\":\"EntryPoint\",\"urlTemplate\":\"https:\/\/noticiasemdestaque.com\/cd\/?s={search_term_string}\"},\"query-input\":{\"@type\":\"PropertyValueSpecification\",\"valueRequired\":true,\"valueName\":\"search_term_string\"}}],\"inLanguage\":\"pt-BR\"},{\"@type\":\"Organization\",\"@id\":\"https:\/\/noticiasemdestaque.com\/cd\/#organization\",\"name\":\"Not\u00edcias em Destaque\",\"url\":\"https:\/\/noticiasemdestaque.com\/cd\/\",\"logo\":{\"@type\":\"ImageObject\",\"inLanguage\":\"pt-BR\",\"@id\":\"https:\/\/noticiasemdestaque.com\/cd\/#\/schema\/logo\/image\/\",\"url\":\"https:\/\/noticiasemdestaque.com\/cd\/wp-content\/uploads\/2022\/05\/imagem-base-noticiasemdestaque.png\",\"contentUrl\":\"https:\/\/noticiasemdestaque.com\/cd\/wp-content\/uploads\/2022\/05\/imagem-base-noticiasemdestaque.png\",\"width\":1200,\"height\":630,\"caption\":\"Not\u00edcias em Destaque\"},\"image\":{\"@id\":\"https:\/\/noticiasemdestaque.com\/cd\/#\/schema\/logo\/image\/\"}},{\"@type\":\"Person\",\"@id\":\"https:\/\/noticiasemdestaque.com\/cd\/#\/schema\/person\/21320b03a7e8bb90128938dafc9b908a\",\"name\":\"Not\u00edcias em Destaque\",\"url\":\"https:\/\/noticiasemdestaque.com\/cd\/?author=2\"}]}<\/script>\n<!-- \/ Yoast SEO plugin. -->","yoast_head_json":{"title":"JFPB divulga edital para sele\u00e7\u00e3o de estagi\u00e1rios de Direito com vagas em Monteiro - Not&iacute;cias em Destaque","robots":{"index":"index","follow":"follow","max-snippet":"max-snippet:-1","max-image-preview":"max-image-preview:large","max-video-preview":"max-video-preview:-1"},"canonical":"https:\/\/noticiasemdestaque.com\/cd\/?p=3901","og_locale":"pt_BR","og_type":"article","og_title":"JFPB divulga edital para sele\u00e7\u00e3o de estagi\u00e1rios de Direito com vagas em Monteiro - Not&iacute;cias em Destaque","og_description":"A Justi\u00e7a Federal na Para\u00edba (JFPB) divulgou um novo edital para sele\u00e7\u00e3o de estagi\u00e1rios do curso de Direito, com seis vagas dispon\u00edveis e forma\u00e7\u00e3o de cadastro de reserva para aproveitamento, a depender da necessidade do \u00f3rg\u00e3o. As inscri\u00e7\u00f5es, que ser\u00e3o gratuitas e, exclusivamente, pela internet, poder\u00e3o ser feitas de 14 a 24 de setembro e a prova ser\u00e1 aplicada no dia 8 de outubro. O\u00a0edital\u00a0com todos os detalhes do processo seletivo foi divulgado no Di\u00e1rio Oficial Eletr\u00f4nico da 5\u00aa Regi\u00e3o dessa ter\u00e7a-feira (29). Os interessados em participar da sele\u00e7\u00e3o dever\u00e3o se inscrever pelo site da organizadora (Centro de Integra\u00e7\u00e3o Empresa Escola \u2013 CIEE) e estar cursando, no m\u00ednimo, a metade do curso. O est\u00e1gio ter\u00e1 validade de um ano, podendo ser prorrogado por igual per\u00edodo, e ser\u00e1 remunerado com bolsa-aux\u00edlio de R$ 845,00, aux\u00edlio transporte di\u00e1rio de R$ 7,00 e seguro contra acidentes pessoais. As vagas ser\u00e3o destinadas \u00e0s Varas Federais, \u00e0 Turma Recursal dos Juizados Especiais Federais, \u00e0 Assessoria Jur\u00eddica da Dire\u00e7\u00e3o do Foro, ao Centro Judici\u00e1rio de Solu\u00e7\u00e3o Consensual de Conflitos e Cidadania (Cejusc) e ao Setor Administrativo, nas cidades de Jo\u00e3o Pessoa, Campina Grande, Sousa, Monteiro, Guarabira e Patos. O processo seletivo compreender\u00e1 uma prova objetiva, que ter\u00e1 dura\u00e7\u00e3o de tr\u00eas horas e contar\u00e1 com 50 quest\u00f5es de m\u00faltipla escolha, sendo 30 espec\u00edficas de Direito, 10 de L\u00edngua Portuguesa e 10 de No\u00e7\u00f5es de Inform\u00e1tica. Os candidatos dever\u00e3o comparecer munidos de documento de identidade original e de caneta esferogr\u00e1fica preta ou azul. A divulga\u00e7\u00e3o do resultado definitivo da prova e da habilita\u00e7\u00e3o dos candidatos ser\u00e1 feita nos sites do CIEE e da JFPB at\u00e9 o dia 31 de outubro. &nbsp;","og_url":"https:\/\/noticiasemdestaque.com\/cd\/?p=3901","og_site_name":"Not&iacute;cias em Destaque","article_published_time":"2017-09-01T16:53:06+00:00","og_image":[{"width":547,"height":398,"url":"https:\/\/noticiasemdestaque.com\/cd\/wp-content\/uploads\/2017\/09\/timthumb.jpg","type":"image\/jpeg"}],"author":"Not\u00edcias em Destaque","twitter_card":"summary_large_image","twitter_misc":{"Escrito por":"Not\u00edcias em Destaque","Est. tempo de leitura":"2 minutos"},"schema":{"@context":"https:\/\/schema.org","@graph":[{"@type":"Article","@id":"https:\/\/noticiasemdestaque.com\/cd\/?p=3901#article","isPartOf":{"@id":"https:\/\/noticiasemdestaque.com\/cd\/?p=3901"},"author":{"name":"Not\u00edcias em Destaque","@id":"https:\/\/noticiasemdestaque.com\/cd\/#\/schema\/person\/21320b03a7e8bb90128938dafc9b908a"},"headline":"JFPB divulga edital para sele\u00e7\u00e3o de estagi\u00e1rios de Direito com vagas em Monteiro","datePublished":"2017-09-01T16:53:06+00:00","mainEntityOfPage":{"@id":"https:\/\/noticiasemdestaque.com\/cd\/?p=3901"},"wordCount":316,"publisher":{"@id":"https:\/\/noticiasemdestaque.com\/cd\/#organization"},"image":{"@id":"https:\/\/noticiasemdestaque.com\/cd\/?p=3901#primaryimage"},"thumbnailUrl":"https:\/\/noticiasemdestaque.com\/cd\/wp-content\/uploads\/2017\/09\/timthumb.jpg","articleSection":["Cidades"],"inLanguage":"pt-BR"},{"@type":"WebPage","@id":"https:\/\/noticiasemdestaque.com\/cd\/?p=3901","url":"https:\/\/noticiasemdestaque.com\/cd\/?p=3901","name":"JFPB divulga edital para sele\u00e7\u00e3o de estagi\u00e1rios de Direito com vagas em Monteiro - Not&iacute;cias em Destaque","isPartOf":{"@id":"https:\/\/noticiasemdestaque.com\/cd\/#website"},"primaryImageOfPage":{"@id":"https:\/\/noticiasemdestaque.com\/cd\/?p=3901#primaryimage"},"image":{"@id":"https:\/\/noticiasemdestaque.com\/cd\/?p=3901#primaryimage"},"thumbnailUrl":"https:\/\/noticiasemdestaque.com\/cd\/wp-content\/uploads\/2017\/09\/timthumb.jpg","datePublished":"2017-09-01T16:53:06+00:00","breadcrumb":{"@id":"https:\/\/noticiasemdestaque.com\/cd\/?p=3901#breadcrumb"},"inLanguage":"pt-BR","potentialAction":[{"@type":"ReadAction","target":["https:\/\/noticiasemdestaque.com\/cd\/?p=3901"]}]},{"@type":"ImageObject","inLanguage":"pt-BR","@id":"https:\/\/noticiasemdestaque.com\/cd\/?p=3901#primaryimage","url":"https:\/\/noticiasemdestaque.com\/cd\/wp-content\/uploads\/2017\/09\/timthumb.jpg","contentUrl":"https:\/\/noticiasemdestaque.com\/cd\/wp-content\/uploads\/2017\/09\/timthumb.jpg","width":547,"height":398},{"@type":"BreadcrumbList","@id":"https:\/\/noticiasemdestaque.com\/cd\/?p=3901#breadcrumb","itemListElement":[{"@type":"ListItem","position":1,"name":"In\u00edcio","item":"https:\/\/noticiasemdestaque.com\/cd\/"},{"@type":"ListItem","position":2,"name":"JFPB divulga edital para sele\u00e7\u00e3o de estagi\u00e1rios de Direito com vagas em Monteiro"}]},{"@type":"WebSite","@id":"https:\/\/noticiasemdestaque.com\/cd\/#website","url":"https:\/\/noticiasemdestaque.com\/cd\/","name":"Not&iacute;cias em Destaque","description":"","publisher":{"@id":"https:\/\/noticiasemdestaque.com\/cd\/#organization"},"potentialAction":[{"@type":"SearchAction","target":{"@type":"EntryPoint","urlTemplate":"https:\/\/noticiasemdestaque.com\/cd\/?s={search_term_string}"},"query-input":{"@type":"PropertyValueSpecification","valueRequired":true,"valueName":"search_term_string"}}],"inLanguage":"pt-BR"},{"@type":"Organization","@id":"https:\/\/noticiasemdestaque.com\/cd\/#organization","name":"Not\u00edcias em Destaque","url":"https:\/\/noticiasemdestaque.com\/cd\/","logo":{"@type":"ImageObject","inLanguage":"pt-BR","@id":"https:\/\/noticiasemdestaque.com\/cd\/#\/schema\/logo\/image\/","url":"https:\/\/noticiasemdestaque.com\/cd\/wp-content\/uploads\/2022\/05\/imagem-base-noticiasemdestaque.png","contentUrl":"https:\/\/noticiasemdestaque.com\/cd\/wp-content\/uploads\/2022\/05\/imagem-base-noticiasemdestaque.png","width":1200,"height":630,"caption":"Not\u00edcias em Destaque"},"image":{"@id":"https:\/\/noticiasemdestaque.com\/cd\/#\/schema\/logo\/image\/"}},{"@type":"Person","@id":"https:\/\/noticiasemdestaque.com\/cd\/#\/schema\/person\/21320b03a7e8bb90128938dafc9b908a","name":"Not\u00edcias em Destaque","url":"https:\/\/noticiasemdestaque.com\/cd\/?author=2"}]}},"jetpack_featured_media_url":"https:\/\/noticiasemdestaque.com\/cd\/wp-content\/uploads\/2017\/09\/timthumb.jpg","jetpack_sharing_enabled":true,"_links":{"self":[{"href":"https:\/\/noticiasemdestaque.com\/cd\/index.php?rest_route=\/wp\/v2\/posts\/3901","targetHints":{"allow":["GET"]}}],"collection":[{"href":"https:\/\/noticiasemdestaque.com\/cd\/index.php?rest_route=\/wp\/v2\/posts"}],"about":[{"href":"https:\/\/noticiasemdestaque.com\/cd\/index.php?rest_route=\/wp\/v2\/types\/post"}],"author":[{"embeddable":true,"href":"https:\/\/noticiasemdestaque.com\/cd\/index.php?rest_route=\/wp\/v2\/users\/2"}],"replies":[{"embeddable":true,"href":"https:\/\/noticiasemdestaque.com\/cd\/index.php?rest_route=%2Fwp%2Fv2%2Fcomments&post=3901"}],"version-history":[{"count":1,"href":"https:\/\/noticiasemdestaque.com\/cd\/index.php?rest_route=\/wp\/v2\/posts\/3901\/revisions"}],"predecessor-version":[{"id":3903,"href":"https:\/\/noticiasemdestaque.com\/cd\/index.php?rest_route=\/wp\/v2\/posts\/3901\/revisions\/3903"}],"wp:featuredmedia":[{"embeddable":true,"href":"https:\/\/noticiasemdestaque.com\/cd\/index.php?rest_route=\/wp\/v2\/media\/3902"}],"wp:attachment":[{"href":"https:\/\/noticiasemdestaque.com\/cd\/index.php?rest_route=%2Fwp%2Fv2%2Fmedia&parent=3901"}],"wp:term":[{"taxonomy":"category","embeddable":true,"href":"https:\/\/noticiasemdestaque.com\/cd\/index.php?rest_route=%2Fwp%2Fv2%2Fcategories&post=3901"},{"taxonomy":"post_tag","embeddable":true,"href":"https:\/\/noticiasemdestaque.com\/cd\/index.php?rest_route=%2Fwp%2Fv2%2Ftags&post=3901"}],"curies":[{"name":"wp","href":"https:\/\/api.w.org\/{rel}","templated":true}]}}