{"id":38940,"date":"2022-05-20T09:47:58","date_gmt":"2022-05-20T12:47:58","guid":{"rendered":"http:\/\/noticiasemdestaque.com\/cd\/?p=38940"},"modified":"2022-05-20T09:47:58","modified_gmt":"2022-05-20T12:47:58","slug":"joao-azevedo-cumpre-agenda-no-cariri-nesta-sexta-confira-a-programacao-completa-do-governador-aos-municipios-da-regiao","status":"publish","type":"post","link":"https:\/\/noticiasemdestaque.com\/cd\/?p=38940","title":{"rendered":"Jo\u00e3o Azev\u00eado cumpre agenda no Cariri nesta sexta; Confira a programa\u00e7\u00e3o completa do governador aos munic\u00edpios da regi\u00e3o"},"content":{"rendered":"<p>Nesta sexta-feira, dia 20, o governador Jo\u00e3o Azev\u00eado (PSB), estar\u00e1 retornando a regi\u00e3o do Cariri paraibano e na oportunidade, estar\u00e1 visitando algumas cidades da regi\u00e3o e encerrar\u00e1 sua extensa agenda participando da plen\u00e1ria do Or\u00e7amento Democr\u00e1tico da 5\u00aa Regi\u00e3o, com sede em Monteiro.<\/p>\n<p>A plen\u00e1ria acontecer\u00e1 na quadra do Col\u00e9gio Jos\u00e9 Leite de Sousa, a partir das 19h, e contar\u00e1 presen\u00e7a de secret\u00e1rios do Estado, deputados e prefeitos da regi\u00e3o.<\/p>\n<p>Durante o dia, Jo\u00e3o Azev\u00eado estar\u00e1 visitando os munic\u00edpios de Ouro Velho, Prata, Amparo e S\u00e3o Sebasti\u00e3o do Umbuzeiro.\u00a0No munic\u00edpio de Ouro Velho, o governador participar\u00e1 de um almo\u00e7o promovido pelo prefeito Dr. Augusto Valadares e pelo l\u00edder pol\u00edtico Dr. J\u00fanior.<\/p>\n<p><strong>Confira em detalhes a programa\u00e7\u00e3o da visita do governador aos munic\u00edpios do Cariri:<\/strong><\/p>\n<ul>\n<li><strong>Em S\u00e3o Sebasti\u00e3o do Umbuzeiro:<\/strong><\/li>\n<\/ul>\n<p>Previs\u00e3o de chegada \u00e1s 10 horas da manh\u00e3: \u2013 Visita \u00e1s obras de constru\u00e7\u00e3o do novo pr\u00e9dio da Escola Estadual Malaquias Batista Feitosa.<\/p>\n<ul>\n<li><strong>Em Amparo:<\/strong><\/li>\n<\/ul>\n<p>Previs\u00e3o de chegada \u00e1s 11h30 da manh\u00e3: \u2013 Visita \u00e0 obra da escola municipal Tertulina N\u00f3brega da Silva em constru\u00e7\u00e3o atrav\u00e9s de conv\u00eanio entre o Governo do Estado e a Prefeitura de Amparo.<\/p>\n<ul>\n<li><strong>Em Ouro Velho:<\/strong><\/li>\n<\/ul>\n<p>Previs\u00e3o de chegada \u00e1s 12h30 da tarde: \u2013 Visita \u00e0 obra da escola municipal em constru\u00e7\u00e3o atrav\u00e9s de conv\u00eanio entre o Governo do Estado e a Prefeitura de Ouro Velho.<\/p>\n<ul>\n<li><strong>Em Prata:<\/strong><\/li>\n<\/ul>\n<p>Previs\u00e3o de chegada \u00e1s 14h30 da tarde: \u2013 Entrega de um caminh\u00e3o do Programa de Aquisi\u00e7\u00e3o de Alimentos \u2013 PAA<\/p>\n<ul>\n<li><strong>Em Monteiro:<\/strong><\/li>\n<\/ul>\n<p>Previs\u00e3o de chegada \u00e1s 15h30 da tarde:<\/p>\n<p>\u2013\u00a0 Entrega de 125 Cisternas da 5\u00b0 regi\u00e3o<\/p>\n<p>\u2013\u00a0 Inaugura\u00e7\u00e3o da reforma da escola municipal Santa Filomena constru\u00edda atrav\u00e9s de conv\u00eanio entre o Governo do Estado e a Prefeitura de Monteiro.<\/p>\n<p>\u2013 Inaugura\u00e7\u00e3o do Banco de Leite do no Hospital Regional Santa Filomena<\/p>\n<p>\u2013\u00a0 \u00c1s 19 horas, o governador participar\u00e1 da plen\u00e1ria do Or\u00e7amento Democr\u00e1tico Estadual 2022 \u2013 5\u00aa Regi\u00e3o.<\/p>\n<p><strong>Fonte: De Olho no Cariri<\/strong><\/p>\n","protected":false},"excerpt":{"rendered":"<p>Nesta sexta-feira, dia 20, o governador Jo\u00e3o Azev\u00eado (PSB), estar\u00e1 retornando a regi\u00e3o do Cariri paraibano e na oportunidade, estar\u00e1 visitando algumas cidades da regi\u00e3o e encerrar\u00e1 sua extensa agenda participando da plen\u00e1ria do Or\u00e7amento Democr\u00e1tico da 5\u00aa Regi\u00e3o, com sede em Monteiro. A plen\u00e1ria acontecer\u00e1 na quadra do Col\u00e9gio Jos\u00e9 Leite de Sousa, a partir das 19h, e contar\u00e1 presen\u00e7a de secret\u00e1rios do Estado, deputados e prefeitos da regi\u00e3o. Durante o dia, Jo\u00e3o Azev\u00eado estar\u00e1 visitando os munic\u00edpios de Ouro Velho, Prata, Amparo e S\u00e3o Sebasti\u00e3o do Umbuzeiro.\u00a0No munic\u00edpio de Ouro Velho, o governador participar\u00e1 de um almo\u00e7o promovido pelo prefeito Dr. Augusto Valadares e pelo l\u00edder pol\u00edtico Dr. J\u00fanior. Confira em detalhes a programa\u00e7\u00e3o da visita do governador aos munic\u00edpios do Cariri: Em S\u00e3o Sebasti\u00e3o do Umbuzeiro: Previs\u00e3o de chegada \u00e1s 10 horas da manh\u00e3: \u2013 Visita \u00e1s obras de constru\u00e7\u00e3o do novo pr\u00e9dio da Escola Estadual Malaquias Batista Feitosa. Em Amparo: Previs\u00e3o de chegada \u00e1s 11h30 da manh\u00e3: \u2013 Visita \u00e0 obra da escola municipal Tertulina N\u00f3brega da Silva em constru\u00e7\u00e3o atrav\u00e9s de conv\u00eanio entre o Governo do Estado e a Prefeitura de Amparo. Em Ouro Velho: Previs\u00e3o de chegada \u00e1s 12h30 da tarde: \u2013 Visita \u00e0 obra da escola municipal em constru\u00e7\u00e3o atrav\u00e9s de conv\u00eanio entre o Governo do Estado e a Prefeitura de Ouro Velho. Em Prata: Previs\u00e3o de chegada \u00e1s 14h30 da tarde: \u2013 Entrega de um caminh\u00e3o do Programa de Aquisi\u00e7\u00e3o de Alimentos \u2013 PAA Em Monteiro: Previs\u00e3o de chegada \u00e1s 15h30 da tarde: \u2013\u00a0 Entrega de 125 Cisternas da 5\u00b0 regi\u00e3o \u2013\u00a0 Inaugura\u00e7\u00e3o da reforma da escola municipal Santa Filomena constru\u00edda atrav\u00e9s de conv\u00eanio entre o Governo do Estado e a Prefeitura de Monteiro. \u2013 Inaugura\u00e7\u00e3o do Banco de Leite do no Hospital Regional Santa Filomena \u2013\u00a0 \u00c1s 19 horas, o governador participar\u00e1 da plen\u00e1ria do Or\u00e7amento Democr\u00e1tico Estadual 2022 \u2013 5\u00aa Regi\u00e3o. Fonte: De Olho no Cariri<\/p>\n","protected":false},"author":2,"featured_media":38941,"comment_status":"closed","ping_status":"open","sticky":false,"template":"","format":"standard","meta":{"_eb_attr":"","_jetpack_memberships_contains_paid_content":false,"footnotes":""},"categories":[4],"tags":[],"class_list":["post-38940","post","type-post","status-publish","format-standard","has-post-thumbnail","hentry","category-politica"],"yoast_head":"<!-- This site is optimized with the Yoast SEO plugin v26.5 - https:\/\/yoast.com\/wordpress\/plugins\/seo\/ -->\n<title>Jo\u00e3o Azev\u00eado cumpre agenda no Cariri nesta sexta; Confira a programa\u00e7\u00e3o completa do governador aos munic\u00edpios da regi\u00e3o - Not&iacute;cias em Destaque<\/title>\n<meta name=\"robots\" content=\"index, follow, max-snippet:-1, max-image-preview:large, max-video-preview:-1\" \/>\n<link rel=\"canonical\" href=\"https:\/\/noticiasemdestaque.com\/cd\/?p=38940\" \/>\n<meta property=\"og:locale\" content=\"pt_BR\" \/>\n<meta property=\"og:type\" content=\"article\" \/>\n<meta property=\"og:title\" content=\"Jo\u00e3o Azev\u00eado cumpre agenda no Cariri nesta sexta; Confira a programa\u00e7\u00e3o completa do governador aos munic\u00edpios da regi\u00e3o - Not&iacute;cias em Destaque\" \/>\n<meta property=\"og:description\" content=\"Nesta sexta-feira, dia 20, o governador Jo\u00e3o Azev\u00eado (PSB), estar\u00e1 retornando a regi\u00e3o do Cariri paraibano e na oportunidade, estar\u00e1 visitando algumas cidades da regi\u00e3o e encerrar\u00e1 sua extensa agenda participando da plen\u00e1ria do Or\u00e7amento Democr\u00e1tico da 5\u00aa Regi\u00e3o, com sede em Monteiro. A plen\u00e1ria acontecer\u00e1 na quadra do Col\u00e9gio Jos\u00e9 Leite de Sousa, a partir das 19h, e contar\u00e1 presen\u00e7a de secret\u00e1rios do Estado, deputados e prefeitos da regi\u00e3o. Durante o dia, Jo\u00e3o Azev\u00eado estar\u00e1 visitando os munic\u00edpios de Ouro Velho, Prata, Amparo e S\u00e3o Sebasti\u00e3o do Umbuzeiro.\u00a0No munic\u00edpio de Ouro Velho, o governador participar\u00e1 de um almo\u00e7o promovido pelo prefeito Dr. Augusto Valadares e pelo l\u00edder pol\u00edtico Dr. J\u00fanior. Confira em detalhes a programa\u00e7\u00e3o da visita do governador aos munic\u00edpios do Cariri: Em S\u00e3o Sebasti\u00e3o do Umbuzeiro: Previs\u00e3o de chegada \u00e1s 10 horas da manh\u00e3: \u2013 Visita \u00e1s obras de constru\u00e7\u00e3o do novo pr\u00e9dio da Escola Estadual Malaquias Batista Feitosa. Em Amparo: Previs\u00e3o de chegada \u00e1s 11h30 da manh\u00e3: \u2013 Visita \u00e0 obra da escola municipal Tertulina N\u00f3brega da Silva em constru\u00e7\u00e3o atrav\u00e9s de conv\u00eanio entre o Governo do Estado e a Prefeitura de Amparo. Em Ouro Velho: Previs\u00e3o de chegada \u00e1s 12h30 da tarde: \u2013 Visita \u00e0 obra da escola municipal em constru\u00e7\u00e3o atrav\u00e9s de conv\u00eanio entre o Governo do Estado e a Prefeitura de Ouro Velho. Em Prata: Previs\u00e3o de chegada \u00e1s 14h30 da tarde: \u2013 Entrega de um caminh\u00e3o do Programa de Aquisi\u00e7\u00e3o de Alimentos \u2013 PAA Em Monteiro: Previs\u00e3o de chegada \u00e1s 15h30 da tarde: \u2013\u00a0 Entrega de 125 Cisternas da 5\u00b0 regi\u00e3o \u2013\u00a0 Inaugura\u00e7\u00e3o da reforma da escola municipal Santa Filomena constru\u00edda atrav\u00e9s de conv\u00eanio entre o Governo do Estado e a Prefeitura de Monteiro. \u2013 Inaugura\u00e7\u00e3o do Banco de Leite do no Hospital Regional Santa Filomena \u2013\u00a0 \u00c1s 19 horas, o governador participar\u00e1 da plen\u00e1ria do Or\u00e7amento Democr\u00e1tico Estadual 2022 \u2013 5\u00aa Regi\u00e3o. Fonte: De Olho no Cariri\" \/>\n<meta property=\"og:url\" content=\"https:\/\/noticiasemdestaque.com\/cd\/?p=38940\" \/>\n<meta property=\"og:site_name\" content=\"Not&iacute;cias em Destaque\" \/>\n<meta property=\"article:published_time\" content=\"2022-05-20T12:47:58+00:00\" \/>\n<meta property=\"og:image\" content=\"https:\/\/noticiasemdestaque.com\/cd\/wp-content\/uploads\/2022\/05\/joao-azevedo-em-campina-grande.jpg\" \/>\n\t<meta property=\"og:image:width\" content=\"800\" \/>\n\t<meta property=\"og:image:height\" content=\"433\" \/>\n\t<meta property=\"og:image:type\" content=\"image\/jpeg\" \/>\n<meta name=\"author\" content=\"Not\u00edcias em Destaque\" \/>\n<meta name=\"twitter:card\" content=\"summary_large_image\" \/>\n<meta name=\"twitter:label1\" content=\"Escrito por\" \/>\n\t<meta name=\"twitter:data1\" content=\"Not\u00edcias em Destaque\" \/>\n\t<meta name=\"twitter:label2\" content=\"Est. tempo de leitura\" \/>\n\t<meta name=\"twitter:data2\" content=\"2 minutos\" \/>\n<script type=\"application\/ld+json\" class=\"yoast-schema-graph\">{\"@context\":\"https:\/\/schema.org\",\"@graph\":[{\"@type\":\"Article\",\"@id\":\"https:\/\/noticiasemdestaque.com\/cd\/?p=38940#article\",\"isPartOf\":{\"@id\":\"https:\/\/noticiasemdestaque.com\/cd\/?p=38940\"},\"author\":{\"name\":\"Not\u00edcias em Destaque\",\"@id\":\"https:\/\/noticiasemdestaque.com\/cd\/#\/schema\/person\/21320b03a7e8bb90128938dafc9b908a\"},\"headline\":\"Jo\u00e3o Azev\u00eado cumpre agenda no Cariri nesta sexta; Confira a programa\u00e7\u00e3o completa do governador aos munic\u00edpios da regi\u00e3o\",\"datePublished\":\"2022-05-20T12:47:58+00:00\",\"mainEntityOfPage\":{\"@id\":\"https:\/\/noticiasemdestaque.com\/cd\/?p=38940\"},\"wordCount\":373,\"publisher\":{\"@id\":\"https:\/\/noticiasemdestaque.com\/cd\/#organization\"},\"image\":{\"@id\":\"https:\/\/noticiasemdestaque.com\/cd\/?p=38940#primaryimage\"},\"thumbnailUrl\":\"https:\/\/noticiasemdestaque.com\/cd\/wp-content\/uploads\/2022\/05\/joao-azevedo-em-campina-grande.jpg\",\"articleSection\":[\"Pol\u00edtica\"],\"inLanguage\":\"pt-BR\"},{\"@type\":\"WebPage\",\"@id\":\"https:\/\/noticiasemdestaque.com\/cd\/?p=38940\",\"url\":\"https:\/\/noticiasemdestaque.com\/cd\/?p=38940\",\"name\":\"Jo\u00e3o Azev\u00eado cumpre agenda no Cariri nesta sexta; Confira a programa\u00e7\u00e3o completa do governador aos munic\u00edpios da regi\u00e3o - Not&iacute;cias em Destaque\",\"isPartOf\":{\"@id\":\"https:\/\/noticiasemdestaque.com\/cd\/#website\"},\"primaryImageOfPage\":{\"@id\":\"https:\/\/noticiasemdestaque.com\/cd\/?p=38940#primaryimage\"},\"image\":{\"@id\":\"https:\/\/noticiasemdestaque.com\/cd\/?p=38940#primaryimage\"},\"thumbnailUrl\":\"https:\/\/noticiasemdestaque.com\/cd\/wp-content\/uploads\/2022\/05\/joao-azevedo-em-campina-grande.jpg\",\"datePublished\":\"2022-05-20T12:47:58+00:00\",\"breadcrumb\":{\"@id\":\"https:\/\/noticiasemdestaque.com\/cd\/?p=38940#breadcrumb\"},\"inLanguage\":\"pt-BR\",\"potentialAction\":[{\"@type\":\"ReadAction\",\"target\":[\"https:\/\/noticiasemdestaque.com\/cd\/?p=38940\"]}]},{\"@type\":\"ImageObject\",\"inLanguage\":\"pt-BR\",\"@id\":\"https:\/\/noticiasemdestaque.com\/cd\/?p=38940#primaryimage\",\"url\":\"https:\/\/noticiasemdestaque.com\/cd\/wp-content\/uploads\/2022\/05\/joao-azevedo-em-campina-grande.jpg\",\"contentUrl\":\"https:\/\/noticiasemdestaque.com\/cd\/wp-content\/uploads\/2022\/05\/joao-azevedo-em-campina-grande.jpg\",\"width\":800,\"height\":433},{\"@type\":\"BreadcrumbList\",\"@id\":\"https:\/\/noticiasemdestaque.com\/cd\/?p=38940#breadcrumb\",\"itemListElement\":[{\"@type\":\"ListItem\",\"position\":1,\"name\":\"In\u00edcio\",\"item\":\"https:\/\/noticiasemdestaque.com\/cd\/\"},{\"@type\":\"ListItem\",\"position\":2,\"name\":\"Jo\u00e3o Azev\u00eado cumpre agenda no Cariri nesta sexta; Confira a programa\u00e7\u00e3o completa do governador aos munic\u00edpios da regi\u00e3o\"}]},{\"@type\":\"WebSite\",\"@id\":\"https:\/\/noticiasemdestaque.com\/cd\/#website\",\"url\":\"https:\/\/noticiasemdestaque.com\/cd\/\",\"name\":\"Not&iacute;cias em Destaque\",\"description\":\"\",\"publisher\":{\"@id\":\"https:\/\/noticiasemdestaque.com\/cd\/#organization\"},\"potentialAction\":[{\"@type\":\"SearchAction\",\"target\":{\"@type\":\"EntryPoint\",\"urlTemplate\":\"https:\/\/noticiasemdestaque.com\/cd\/?s={search_term_string}\"},\"query-input\":{\"@type\":\"PropertyValueSpecification\",\"valueRequired\":true,\"valueName\":\"search_term_string\"}}],\"inLanguage\":\"pt-BR\"},{\"@type\":\"Organization\",\"@id\":\"https:\/\/noticiasemdestaque.com\/cd\/#organization\",\"name\":\"Not\u00edcias em Destaque\",\"url\":\"https:\/\/noticiasemdestaque.com\/cd\/\",\"logo\":{\"@type\":\"ImageObject\",\"inLanguage\":\"pt-BR\",\"@id\":\"https:\/\/noticiasemdestaque.com\/cd\/#\/schema\/logo\/image\/\",\"url\":\"https:\/\/noticiasemdestaque.com\/cd\/wp-content\/uploads\/2022\/05\/imagem-base-noticiasemdestaque.png\",\"contentUrl\":\"https:\/\/noticiasemdestaque.com\/cd\/wp-content\/uploads\/2022\/05\/imagem-base-noticiasemdestaque.png\",\"width\":1200,\"height\":630,\"caption\":\"Not\u00edcias em Destaque\"},\"image\":{\"@id\":\"https:\/\/noticiasemdestaque.com\/cd\/#\/schema\/logo\/image\/\"}},{\"@type\":\"Person\",\"@id\":\"https:\/\/noticiasemdestaque.com\/cd\/#\/schema\/person\/21320b03a7e8bb90128938dafc9b908a\",\"name\":\"Not\u00edcias em Destaque\",\"url\":\"https:\/\/noticiasemdestaque.com\/cd\/?author=2\"}]}<\/script>\n<!-- \/ Yoast SEO plugin. -->","yoast_head_json":{"title":"Jo\u00e3o Azev\u00eado cumpre agenda no Cariri nesta sexta; Confira a programa\u00e7\u00e3o completa do governador aos munic\u00edpios da regi\u00e3o - Not&iacute;cias em Destaque","robots":{"index":"index","follow":"follow","max-snippet":"max-snippet:-1","max-image-preview":"max-image-preview:large","max-video-preview":"max-video-preview:-1"},"canonical":"https:\/\/noticiasemdestaque.com\/cd\/?p=38940","og_locale":"pt_BR","og_type":"article","og_title":"Jo\u00e3o Azev\u00eado cumpre agenda no Cariri nesta sexta; Confira a programa\u00e7\u00e3o completa do governador aos munic\u00edpios da regi\u00e3o - Not&iacute;cias em Destaque","og_description":"Nesta sexta-feira, dia 20, o governador Jo\u00e3o Azev\u00eado (PSB), estar\u00e1 retornando a regi\u00e3o do Cariri paraibano e na oportunidade, estar\u00e1 visitando algumas cidades da regi\u00e3o e encerrar\u00e1 sua extensa agenda participando da plen\u00e1ria do Or\u00e7amento Democr\u00e1tico da 5\u00aa Regi\u00e3o, com sede em Monteiro. A plen\u00e1ria acontecer\u00e1 na quadra do Col\u00e9gio Jos\u00e9 Leite de Sousa, a partir das 19h, e contar\u00e1 presen\u00e7a de secret\u00e1rios do Estado, deputados e prefeitos da regi\u00e3o. Durante o dia, Jo\u00e3o Azev\u00eado estar\u00e1 visitando os munic\u00edpios de Ouro Velho, Prata, Amparo e S\u00e3o Sebasti\u00e3o do Umbuzeiro.\u00a0No munic\u00edpio de Ouro Velho, o governador participar\u00e1 de um almo\u00e7o promovido pelo prefeito Dr. Augusto Valadares e pelo l\u00edder pol\u00edtico Dr. J\u00fanior. Confira em detalhes a programa\u00e7\u00e3o da visita do governador aos munic\u00edpios do Cariri: Em S\u00e3o Sebasti\u00e3o do Umbuzeiro: Previs\u00e3o de chegada \u00e1s 10 horas da manh\u00e3: \u2013 Visita \u00e1s obras de constru\u00e7\u00e3o do novo pr\u00e9dio da Escola Estadual Malaquias Batista Feitosa. Em Amparo: Previs\u00e3o de chegada \u00e1s 11h30 da manh\u00e3: \u2013 Visita \u00e0 obra da escola municipal Tertulina N\u00f3brega da Silva em constru\u00e7\u00e3o atrav\u00e9s de conv\u00eanio entre o Governo do Estado e a Prefeitura de Amparo. Em Ouro Velho: Previs\u00e3o de chegada \u00e1s 12h30 da tarde: \u2013 Visita \u00e0 obra da escola municipal em constru\u00e7\u00e3o atrav\u00e9s de conv\u00eanio entre o Governo do Estado e a Prefeitura de Ouro Velho. Em Prata: Previs\u00e3o de chegada \u00e1s 14h30 da tarde: \u2013 Entrega de um caminh\u00e3o do Programa de Aquisi\u00e7\u00e3o de Alimentos \u2013 PAA Em Monteiro: Previs\u00e3o de chegada \u00e1s 15h30 da tarde: \u2013\u00a0 Entrega de 125 Cisternas da 5\u00b0 regi\u00e3o \u2013\u00a0 Inaugura\u00e7\u00e3o da reforma da escola municipal Santa Filomena constru\u00edda atrav\u00e9s de conv\u00eanio entre o Governo do Estado e a Prefeitura de Monteiro. \u2013 Inaugura\u00e7\u00e3o do Banco de Leite do no Hospital Regional Santa Filomena \u2013\u00a0 \u00c1s 19 horas, o governador participar\u00e1 da plen\u00e1ria do Or\u00e7amento Democr\u00e1tico Estadual 2022 \u2013 5\u00aa Regi\u00e3o. Fonte: De Olho no Cariri","og_url":"https:\/\/noticiasemdestaque.com\/cd\/?p=38940","og_site_name":"Not&iacute;cias em Destaque","article_published_time":"2022-05-20T12:47:58+00:00","og_image":[{"width":800,"height":433,"url":"https:\/\/noticiasemdestaque.com\/cd\/wp-content\/uploads\/2022\/05\/joao-azevedo-em-campina-grande.jpg","type":"image\/jpeg"}],"author":"Not\u00edcias em Destaque","twitter_card":"summary_large_image","twitter_misc":{"Escrito por":"Not\u00edcias em Destaque","Est. tempo de leitura":"2 minutos"},"schema":{"@context":"https:\/\/schema.org","@graph":[{"@type":"Article","@id":"https:\/\/noticiasemdestaque.com\/cd\/?p=38940#article","isPartOf":{"@id":"https:\/\/noticiasemdestaque.com\/cd\/?p=38940"},"author":{"name":"Not\u00edcias em Destaque","@id":"https:\/\/noticiasemdestaque.com\/cd\/#\/schema\/person\/21320b03a7e8bb90128938dafc9b908a"},"headline":"Jo\u00e3o Azev\u00eado cumpre agenda no Cariri nesta sexta; Confira a programa\u00e7\u00e3o completa do governador aos munic\u00edpios da regi\u00e3o","datePublished":"2022-05-20T12:47:58+00:00","mainEntityOfPage":{"@id":"https:\/\/noticiasemdestaque.com\/cd\/?p=38940"},"wordCount":373,"publisher":{"@id":"https:\/\/noticiasemdestaque.com\/cd\/#organization"},"image":{"@id":"https:\/\/noticiasemdestaque.com\/cd\/?p=38940#primaryimage"},"thumbnailUrl":"https:\/\/noticiasemdestaque.com\/cd\/wp-content\/uploads\/2022\/05\/joao-azevedo-em-campina-grande.jpg","articleSection":["Pol\u00edtica"],"inLanguage":"pt-BR"},{"@type":"WebPage","@id":"https:\/\/noticiasemdestaque.com\/cd\/?p=38940","url":"https:\/\/noticiasemdestaque.com\/cd\/?p=38940","name":"Jo\u00e3o Azev\u00eado cumpre agenda no Cariri nesta sexta; Confira a programa\u00e7\u00e3o completa do governador aos munic\u00edpios da regi\u00e3o - Not&iacute;cias em Destaque","isPartOf":{"@id":"https:\/\/noticiasemdestaque.com\/cd\/#website"},"primaryImageOfPage":{"@id":"https:\/\/noticiasemdestaque.com\/cd\/?p=38940#primaryimage"},"image":{"@id":"https:\/\/noticiasemdestaque.com\/cd\/?p=38940#primaryimage"},"thumbnailUrl":"https:\/\/noticiasemdestaque.com\/cd\/wp-content\/uploads\/2022\/05\/joao-azevedo-em-campina-grande.jpg","datePublished":"2022-05-20T12:47:58+00:00","breadcrumb":{"@id":"https:\/\/noticiasemdestaque.com\/cd\/?p=38940#breadcrumb"},"inLanguage":"pt-BR","potentialAction":[{"@type":"ReadAction","target":["https:\/\/noticiasemdestaque.com\/cd\/?p=38940"]}]},{"@type":"ImageObject","inLanguage":"pt-BR","@id":"https:\/\/noticiasemdestaque.com\/cd\/?p=38940#primaryimage","url":"https:\/\/noticiasemdestaque.com\/cd\/wp-content\/uploads\/2022\/05\/joao-azevedo-em-campina-grande.jpg","contentUrl":"https:\/\/noticiasemdestaque.com\/cd\/wp-content\/uploads\/2022\/05\/joao-azevedo-em-campina-grande.jpg","width":800,"height":433},{"@type":"BreadcrumbList","@id":"https:\/\/noticiasemdestaque.com\/cd\/?p=38940#breadcrumb","itemListElement":[{"@type":"ListItem","position":1,"name":"In\u00edcio","item":"https:\/\/noticiasemdestaque.com\/cd\/"},{"@type":"ListItem","position":2,"name":"Jo\u00e3o Azev\u00eado cumpre agenda no Cariri nesta sexta; Confira a programa\u00e7\u00e3o completa do governador aos munic\u00edpios da regi\u00e3o"}]},{"@type":"WebSite","@id":"https:\/\/noticiasemdestaque.com\/cd\/#website","url":"https:\/\/noticiasemdestaque.com\/cd\/","name":"Not&iacute;cias em Destaque","description":"","publisher":{"@id":"https:\/\/noticiasemdestaque.com\/cd\/#organization"},"potentialAction":[{"@type":"SearchAction","target":{"@type":"EntryPoint","urlTemplate":"https:\/\/noticiasemdestaque.com\/cd\/?s={search_term_string}"},"query-input":{"@type":"PropertyValueSpecification","valueRequired":true,"valueName":"search_term_string"}}],"inLanguage":"pt-BR"},{"@type":"Organization","@id":"https:\/\/noticiasemdestaque.com\/cd\/#organization","name":"Not\u00edcias em Destaque","url":"https:\/\/noticiasemdestaque.com\/cd\/","logo":{"@type":"ImageObject","inLanguage":"pt-BR","@id":"https:\/\/noticiasemdestaque.com\/cd\/#\/schema\/logo\/image\/","url":"https:\/\/noticiasemdestaque.com\/cd\/wp-content\/uploads\/2022\/05\/imagem-base-noticiasemdestaque.png","contentUrl":"https:\/\/noticiasemdestaque.com\/cd\/wp-content\/uploads\/2022\/05\/imagem-base-noticiasemdestaque.png","width":1200,"height":630,"caption":"Not\u00edcias em Destaque"},"image":{"@id":"https:\/\/noticiasemdestaque.com\/cd\/#\/schema\/logo\/image\/"}},{"@type":"Person","@id":"https:\/\/noticiasemdestaque.com\/cd\/#\/schema\/person\/21320b03a7e8bb90128938dafc9b908a","name":"Not\u00edcias em Destaque","url":"https:\/\/noticiasemdestaque.com\/cd\/?author=2"}]}},"jetpack_featured_media_url":"https:\/\/noticiasemdestaque.com\/cd\/wp-content\/uploads\/2022\/05\/joao-azevedo-em-campina-grande.jpg","jetpack_sharing_enabled":true,"_links":{"self":[{"href":"https:\/\/noticiasemdestaque.com\/cd\/index.php?rest_route=\/wp\/v2\/posts\/38940","targetHints":{"allow":["GET"]}}],"collection":[{"href":"https:\/\/noticiasemdestaque.com\/cd\/index.php?rest_route=\/wp\/v2\/posts"}],"about":[{"href":"https:\/\/noticiasemdestaque.com\/cd\/index.php?rest_route=\/wp\/v2\/types\/post"}],"author":[{"embeddable":true,"href":"https:\/\/noticiasemdestaque.com\/cd\/index.php?rest_route=\/wp\/v2\/users\/2"}],"replies":[{"embeddable":true,"href":"https:\/\/noticiasemdestaque.com\/cd\/index.php?rest_route=%2Fwp%2Fv2%2Fcomments&post=38940"}],"version-history":[{"count":2,"href":"https:\/\/noticiasemdestaque.com\/cd\/index.php?rest_route=\/wp\/v2\/posts\/38940\/revisions"}],"predecessor-version":[{"id":38943,"href":"https:\/\/noticiasemdestaque.com\/cd\/index.php?rest_route=\/wp\/v2\/posts\/38940\/revisions\/38943"}],"wp:featuredmedia":[{"embeddable":true,"href":"https:\/\/noticiasemdestaque.com\/cd\/index.php?rest_route=\/wp\/v2\/media\/38941"}],"wp:attachment":[{"href":"https:\/\/noticiasemdestaque.com\/cd\/index.php?rest_route=%2Fwp%2Fv2%2Fmedia&parent=38940"}],"wp:term":[{"taxonomy":"category","embeddable":true,"href":"https:\/\/noticiasemdestaque.com\/cd\/index.php?rest_route=%2Fwp%2Fv2%2Fcategories&post=38940"},{"taxonomy":"post_tag","embeddable":true,"href":"https:\/\/noticiasemdestaque.com\/cd\/index.php?rest_route=%2Fwp%2Fv2%2Ftags&post=38940"}],"curies":[{"name":"wp","href":"https:\/\/api.w.org\/{rel}","templated":true}]}}