{"id":38880,"date":"2022-05-19T14:21:38","date_gmt":"2022-05-19T17:21:38","guid":{"rendered":"http:\/\/noticiasemdestaque.com\/cd\/?p=38880"},"modified":"2022-05-19T14:21:38","modified_gmt":"2022-05-19T17:21:38","slug":"presidente-sanciona-mp-que-torna-auxilio-brasil-de-r-400-permanente","status":"publish","type":"post","link":"https:\/\/noticiasemdestaque.com\/cd\/?p=38880","title":{"rendered":"Presidente sanciona MP que torna Aux\u00edlio Brasil de R$ 400 permanente"},"content":{"rendered":"<p>&nbsp;<\/p>\n<p>O presidente da Rep\u00fablica, Jair Bolsonaro, sancionou a medida provis\u00f3ria\u00a0que torna o Aux\u00edlio Brasil de R$ 400 um benef\u00edcio permanente. A san\u00e7\u00e3o\u00a0<a href=\"https:\/\/www.in.gov.br\/en\/web\/dou\/-\/lei-n-14.342-de-18-de-maio-de-2022-400975521\" target=\"_blank\" rel=\"noopener\">foi publicada\u00a0hoje\u00a0(19) no Di\u00e1rio Oficial da Uni\u00e3o<\/a>. A proposta inicial do governo federal previa que esse valor valesse apenas at\u00e9\u00a0dezembro de 2022.\u00a0Os parlamentares, no entanto, decidiram tornar o valor permanente, e\u00a0o\u00a0<a href=\"https:\/\/agenciabrasil.ebc.com.br\/politica\/noticia\/2022-05\/senado-aprova-mp-com-piso-permanente-de-r-400-para-auxilio-brasil\" target=\"_blank\" rel=\"noopener\">texto\u00a0aprovado pelo Senado<\/a>, no \u00faltimo dia 4, j\u00e1 tornava o piso de R$ 400 permanente com a inclus\u00e3o de\u00a0uma esp\u00e9cie de complemento ao valor do Aux\u00edlio Brasil. Antes, o benef\u00edcio tinha o t\u00edquete m\u00e9dio de R$ 224.<img decoding=\"async\" src=\"https:\/\/agenciabrasil.ebc.com.br\/ebc.png?id=1460642&amp;o=node\" \/><img decoding=\"async\" src=\"https:\/\/agenciabrasil.ebc.com.br\/ebc.gif?id=1460642&amp;o=node\" \/><\/p>\n<p>O Aux\u00edlio Brasil foi o programa social criado pelo governo em substitui\u00e7\u00e3o ao Bolsa Fam\u00edlia, criado em 2003.<\/p>\n<p>De acordo com a Secretaria-Geral da Presid\u00eancia da Rep\u00fablica, o governo gasta cerca de R$ 47,5 bilh\u00f5es anuais s\u00f3 com o volume regular do Aux\u00edlio Brasil. A estimativa \u00e9 que o governo precise desembolsar outros R$ 41 bilh\u00f5es por ano para bancar o valor complementar ao benef\u00edcio.<\/p>\n<p>\u201cA san\u00e7\u00e3o presidencial \u00e9 importante para efetivar o Programa Aux\u00edlio Brasil, tornando-o perene \u00e0 sociedade, mitigando o gargalo financeiro relativo aos mais necessitados\u201d, disse a pasta.<\/p>\n<p>Com EBC<\/p>\n","protected":false},"excerpt":{"rendered":"<p>&nbsp; O presidente da Rep\u00fablica, Jair Bolsonaro, sancionou a medida provis\u00f3ria\u00a0que torna o Aux\u00edlio Brasil de R$ 400 um benef\u00edcio permanente. A san\u00e7\u00e3o\u00a0foi publicada\u00a0hoje\u00a0(19) no Di\u00e1rio Oficial da Uni\u00e3o. A proposta inicial do governo federal previa que esse valor valesse apenas at\u00e9\u00a0dezembro de 2022.\u00a0Os parlamentares, no entanto, decidiram tornar o valor permanente, e\u00a0o\u00a0texto\u00a0aprovado pelo Senado, no \u00faltimo dia 4, j\u00e1 tornava o piso de R$ 400 permanente com a inclus\u00e3o de\u00a0uma esp\u00e9cie de complemento ao valor do Aux\u00edlio Brasil. Antes, o benef\u00edcio tinha o t\u00edquete m\u00e9dio de R$ 224. O Aux\u00edlio Brasil foi o programa social criado pelo governo em substitui\u00e7\u00e3o ao Bolsa Fam\u00edlia, criado em 2003. De acordo com a Secretaria-Geral da Presid\u00eancia da Rep\u00fablica, o governo gasta cerca de R$ 47,5 bilh\u00f5es anuais s\u00f3 com o volume regular do Aux\u00edlio Brasil. A estimativa \u00e9 que o governo precise desembolsar outros R$ 41 bilh\u00f5es por ano para bancar o valor complementar ao benef\u00edcio. \u201cA san\u00e7\u00e3o presidencial \u00e9 importante para efetivar o Programa Aux\u00edlio Brasil, tornando-o perene \u00e0 sociedade, mitigando o gargalo financeiro relativo aos mais necessitados\u201d, disse a pasta. Com EBC<\/p>\n","protected":false},"author":2,"featured_media":35157,"comment_status":"closed","ping_status":"open","sticky":false,"template":"","format":"standard","meta":{"_eb_attr":"","_jetpack_memberships_contains_paid_content":false,"footnotes":""},"categories":[11],"tags":[],"class_list":["post-38880","post","type-post","status-publish","format-standard","has-post-thumbnail","hentry","category-economia"],"yoast_head":"<!-- This site is optimized with the Yoast SEO plugin v26.5 - https:\/\/yoast.com\/wordpress\/plugins\/seo\/ -->\n<title>Presidente sanciona MP que torna Aux\u00edlio Brasil de R$ 400 permanente - Not&iacute;cias em Destaque<\/title>\n<meta name=\"robots\" content=\"index, follow, max-snippet:-1, max-image-preview:large, max-video-preview:-1\" \/>\n<link rel=\"canonical\" href=\"https:\/\/noticiasemdestaque.com\/cd\/?p=38880\" \/>\n<meta property=\"og:locale\" content=\"pt_BR\" \/>\n<meta property=\"og:type\" content=\"article\" \/>\n<meta property=\"og:title\" content=\"Presidente sanciona MP que torna Aux\u00edlio Brasil de R$ 400 permanente - Not&iacute;cias em Destaque\" \/>\n<meta property=\"og:description\" content=\"&nbsp; O presidente da Rep\u00fablica, Jair Bolsonaro, sancionou a medida provis\u00f3ria\u00a0que torna o Aux\u00edlio Brasil de R$ 400 um benef\u00edcio permanente. A san\u00e7\u00e3o\u00a0foi publicada\u00a0hoje\u00a0(19) no Di\u00e1rio Oficial da Uni\u00e3o. A proposta inicial do governo federal previa que esse valor valesse apenas at\u00e9\u00a0dezembro de 2022.\u00a0Os parlamentares, no entanto, decidiram tornar o valor permanente, e\u00a0o\u00a0texto\u00a0aprovado pelo Senado, no \u00faltimo dia 4, j\u00e1 tornava o piso de R$ 400 permanente com a inclus\u00e3o de\u00a0uma esp\u00e9cie de complemento ao valor do Aux\u00edlio Brasil. Antes, o benef\u00edcio tinha o t\u00edquete m\u00e9dio de R$ 224. O Aux\u00edlio Brasil foi o programa social criado pelo governo em substitui\u00e7\u00e3o ao Bolsa Fam\u00edlia, criado em 2003. De acordo com a Secretaria-Geral da Presid\u00eancia da Rep\u00fablica, o governo gasta cerca de R$ 47,5 bilh\u00f5es anuais s\u00f3 com o volume regular do Aux\u00edlio Brasil. A estimativa \u00e9 que o governo precise desembolsar outros R$ 41 bilh\u00f5es por ano para bancar o valor complementar ao benef\u00edcio. \u201cA san\u00e7\u00e3o presidencial \u00e9 importante para efetivar o Programa Aux\u00edlio Brasil, tornando-o perene \u00e0 sociedade, mitigando o gargalo financeiro relativo aos mais necessitados\u201d, disse a pasta. Com EBC\" \/>\n<meta property=\"og:url\" content=\"https:\/\/noticiasemdestaque.com\/cd\/?p=38880\" \/>\n<meta property=\"og:site_name\" content=\"Not&iacute;cias em Destaque\" \/>\n<meta property=\"article:published_time\" content=\"2022-05-19T17:21:38+00:00\" \/>\n<meta property=\"og:image\" content=\"https:\/\/noticiasemdestaque.com\/cd\/wp-content\/uploads\/2021\/11\/auxilio-brasil-3.jpg\" \/>\n\t<meta property=\"og:image:width\" content=\"1200\" \/>\n\t<meta property=\"og:image:height\" content=\"750\" \/>\n\t<meta property=\"og:image:type\" content=\"image\/jpeg\" \/>\n<meta name=\"author\" content=\"Not\u00edcias em Destaque\" \/>\n<meta name=\"twitter:card\" content=\"summary_large_image\" \/>\n<meta name=\"twitter:label1\" content=\"Escrito por\" \/>\n\t<meta name=\"twitter:data1\" content=\"Not\u00edcias em Destaque\" \/>\n\t<meta name=\"twitter:label2\" content=\"Est. tempo de leitura\" \/>\n\t<meta name=\"twitter:data2\" content=\"1 minuto\" \/>\n<script type=\"application\/ld+json\" class=\"yoast-schema-graph\">{\"@context\":\"https:\/\/schema.org\",\"@graph\":[{\"@type\":\"Article\",\"@id\":\"https:\/\/noticiasemdestaque.com\/cd\/?p=38880#article\",\"isPartOf\":{\"@id\":\"https:\/\/noticiasemdestaque.com\/cd\/?p=38880\"},\"author\":{\"name\":\"Not\u00edcias em Destaque\",\"@id\":\"https:\/\/noticiasemdestaque.com\/cd\/#\/schema\/person\/21320b03a7e8bb90128938dafc9b908a\"},\"headline\":\"Presidente sanciona MP que torna Aux\u00edlio Brasil de R$ 400 permanente\",\"datePublished\":\"2022-05-19T17:21:38+00:00\",\"mainEntityOfPage\":{\"@id\":\"https:\/\/noticiasemdestaque.com\/cd\/?p=38880\"},\"wordCount\":215,\"publisher\":{\"@id\":\"https:\/\/noticiasemdestaque.com\/cd\/#organization\"},\"image\":{\"@id\":\"https:\/\/noticiasemdestaque.com\/cd\/?p=38880#primaryimage\"},\"thumbnailUrl\":\"https:\/\/noticiasemdestaque.com\/cd\/wp-content\/uploads\/2021\/11\/auxilio-brasil-3.jpg\",\"articleSection\":[\"Economia\"],\"inLanguage\":\"pt-BR\"},{\"@type\":\"WebPage\",\"@id\":\"https:\/\/noticiasemdestaque.com\/cd\/?p=38880\",\"url\":\"https:\/\/noticiasemdestaque.com\/cd\/?p=38880\",\"name\":\"Presidente sanciona MP que torna Aux\u00edlio Brasil de R$ 400 permanente - Not&iacute;cias em Destaque\",\"isPartOf\":{\"@id\":\"https:\/\/noticiasemdestaque.com\/cd\/#website\"},\"primaryImageOfPage\":{\"@id\":\"https:\/\/noticiasemdestaque.com\/cd\/?p=38880#primaryimage\"},\"image\":{\"@id\":\"https:\/\/noticiasemdestaque.com\/cd\/?p=38880#primaryimage\"},\"thumbnailUrl\":\"https:\/\/noticiasemdestaque.com\/cd\/wp-content\/uploads\/2021\/11\/auxilio-brasil-3.jpg\",\"datePublished\":\"2022-05-19T17:21:38+00:00\",\"breadcrumb\":{\"@id\":\"https:\/\/noticiasemdestaque.com\/cd\/?p=38880#breadcrumb\"},\"inLanguage\":\"pt-BR\",\"potentialAction\":[{\"@type\":\"ReadAction\",\"target\":[\"https:\/\/noticiasemdestaque.com\/cd\/?p=38880\"]}]},{\"@type\":\"ImageObject\",\"inLanguage\":\"pt-BR\",\"@id\":\"https:\/\/noticiasemdestaque.com\/cd\/?p=38880#primaryimage\",\"url\":\"https:\/\/noticiasemdestaque.com\/cd\/wp-content\/uploads\/2021\/11\/auxilio-brasil-3.jpg\",\"contentUrl\":\"https:\/\/noticiasemdestaque.com\/cd\/wp-content\/uploads\/2021\/11\/auxilio-brasil-3.jpg\",\"width\":1200,\"height\":750},{\"@type\":\"BreadcrumbList\",\"@id\":\"https:\/\/noticiasemdestaque.com\/cd\/?p=38880#breadcrumb\",\"itemListElement\":[{\"@type\":\"ListItem\",\"position\":1,\"name\":\"In\u00edcio\",\"item\":\"https:\/\/noticiasemdestaque.com\/cd\/\"},{\"@type\":\"ListItem\",\"position\":2,\"name\":\"Presidente sanciona MP que torna Aux\u00edlio Brasil de R$ 400 permanente\"}]},{\"@type\":\"WebSite\",\"@id\":\"https:\/\/noticiasemdestaque.com\/cd\/#website\",\"url\":\"https:\/\/noticiasemdestaque.com\/cd\/\",\"name\":\"Not&iacute;cias em Destaque\",\"description\":\"\",\"publisher\":{\"@id\":\"https:\/\/noticiasemdestaque.com\/cd\/#organization\"},\"potentialAction\":[{\"@type\":\"SearchAction\",\"target\":{\"@type\":\"EntryPoint\",\"urlTemplate\":\"https:\/\/noticiasemdestaque.com\/cd\/?s={search_term_string}\"},\"query-input\":{\"@type\":\"PropertyValueSpecification\",\"valueRequired\":true,\"valueName\":\"search_term_string\"}}],\"inLanguage\":\"pt-BR\"},{\"@type\":\"Organization\",\"@id\":\"https:\/\/noticiasemdestaque.com\/cd\/#organization\",\"name\":\"Not\u00edcias em Destaque\",\"url\":\"https:\/\/noticiasemdestaque.com\/cd\/\",\"logo\":{\"@type\":\"ImageObject\",\"inLanguage\":\"pt-BR\",\"@id\":\"https:\/\/noticiasemdestaque.com\/cd\/#\/schema\/logo\/image\/\",\"url\":\"https:\/\/noticiasemdestaque.com\/cd\/wp-content\/uploads\/2022\/05\/imagem-base-noticiasemdestaque.png\",\"contentUrl\":\"https:\/\/noticiasemdestaque.com\/cd\/wp-content\/uploads\/2022\/05\/imagem-base-noticiasemdestaque.png\",\"width\":1200,\"height\":630,\"caption\":\"Not\u00edcias em Destaque\"},\"image\":{\"@id\":\"https:\/\/noticiasemdestaque.com\/cd\/#\/schema\/logo\/image\/\"}},{\"@type\":\"Person\",\"@id\":\"https:\/\/noticiasemdestaque.com\/cd\/#\/schema\/person\/21320b03a7e8bb90128938dafc9b908a\",\"name\":\"Not\u00edcias em Destaque\",\"url\":\"https:\/\/noticiasemdestaque.com\/cd\/?author=2\"}]}<\/script>\n<!-- \/ Yoast SEO plugin. -->","yoast_head_json":{"title":"Presidente sanciona MP que torna Aux\u00edlio Brasil de R$ 400 permanente - Not&iacute;cias em Destaque","robots":{"index":"index","follow":"follow","max-snippet":"max-snippet:-1","max-image-preview":"max-image-preview:large","max-video-preview":"max-video-preview:-1"},"canonical":"https:\/\/noticiasemdestaque.com\/cd\/?p=38880","og_locale":"pt_BR","og_type":"article","og_title":"Presidente sanciona MP que torna Aux\u00edlio Brasil de R$ 400 permanente - Not&iacute;cias em Destaque","og_description":"&nbsp; O presidente da Rep\u00fablica, Jair Bolsonaro, sancionou a medida provis\u00f3ria\u00a0que torna o Aux\u00edlio Brasil de R$ 400 um benef\u00edcio permanente. A san\u00e7\u00e3o\u00a0foi publicada\u00a0hoje\u00a0(19) no Di\u00e1rio Oficial da Uni\u00e3o. A proposta inicial do governo federal previa que esse valor valesse apenas at\u00e9\u00a0dezembro de 2022.\u00a0Os parlamentares, no entanto, decidiram tornar o valor permanente, e\u00a0o\u00a0texto\u00a0aprovado pelo Senado, no \u00faltimo dia 4, j\u00e1 tornava o piso de R$ 400 permanente com a inclus\u00e3o de\u00a0uma esp\u00e9cie de complemento ao valor do Aux\u00edlio Brasil. Antes, o benef\u00edcio tinha o t\u00edquete m\u00e9dio de R$ 224. O Aux\u00edlio Brasil foi o programa social criado pelo governo em substitui\u00e7\u00e3o ao Bolsa Fam\u00edlia, criado em 2003. De acordo com a Secretaria-Geral da Presid\u00eancia da Rep\u00fablica, o governo gasta cerca de R$ 47,5 bilh\u00f5es anuais s\u00f3 com o volume regular do Aux\u00edlio Brasil. A estimativa \u00e9 que o governo precise desembolsar outros R$ 41 bilh\u00f5es por ano para bancar o valor complementar ao benef\u00edcio. \u201cA san\u00e7\u00e3o presidencial \u00e9 importante para efetivar o Programa Aux\u00edlio Brasil, tornando-o perene \u00e0 sociedade, mitigando o gargalo financeiro relativo aos mais necessitados\u201d, disse a pasta. Com EBC","og_url":"https:\/\/noticiasemdestaque.com\/cd\/?p=38880","og_site_name":"Not&iacute;cias em Destaque","article_published_time":"2022-05-19T17:21:38+00:00","og_image":[{"width":1200,"height":750,"url":"https:\/\/noticiasemdestaque.com\/cd\/wp-content\/uploads\/2021\/11\/auxilio-brasil-3.jpg","type":"image\/jpeg"}],"author":"Not\u00edcias em Destaque","twitter_card":"summary_large_image","twitter_misc":{"Escrito por":"Not\u00edcias em Destaque","Est. tempo de leitura":"1 minuto"},"schema":{"@context":"https:\/\/schema.org","@graph":[{"@type":"Article","@id":"https:\/\/noticiasemdestaque.com\/cd\/?p=38880#article","isPartOf":{"@id":"https:\/\/noticiasemdestaque.com\/cd\/?p=38880"},"author":{"name":"Not\u00edcias em Destaque","@id":"https:\/\/noticiasemdestaque.com\/cd\/#\/schema\/person\/21320b03a7e8bb90128938dafc9b908a"},"headline":"Presidente sanciona MP que torna Aux\u00edlio Brasil de R$ 400 permanente","datePublished":"2022-05-19T17:21:38+00:00","mainEntityOfPage":{"@id":"https:\/\/noticiasemdestaque.com\/cd\/?p=38880"},"wordCount":215,"publisher":{"@id":"https:\/\/noticiasemdestaque.com\/cd\/#organization"},"image":{"@id":"https:\/\/noticiasemdestaque.com\/cd\/?p=38880#primaryimage"},"thumbnailUrl":"https:\/\/noticiasemdestaque.com\/cd\/wp-content\/uploads\/2021\/11\/auxilio-brasil-3.jpg","articleSection":["Economia"],"inLanguage":"pt-BR"},{"@type":"WebPage","@id":"https:\/\/noticiasemdestaque.com\/cd\/?p=38880","url":"https:\/\/noticiasemdestaque.com\/cd\/?p=38880","name":"Presidente sanciona MP que torna Aux\u00edlio Brasil de R$ 400 permanente - Not&iacute;cias em Destaque","isPartOf":{"@id":"https:\/\/noticiasemdestaque.com\/cd\/#website"},"primaryImageOfPage":{"@id":"https:\/\/noticiasemdestaque.com\/cd\/?p=38880#primaryimage"},"image":{"@id":"https:\/\/noticiasemdestaque.com\/cd\/?p=38880#primaryimage"},"thumbnailUrl":"https:\/\/noticiasemdestaque.com\/cd\/wp-content\/uploads\/2021\/11\/auxilio-brasil-3.jpg","datePublished":"2022-05-19T17:21:38+00:00","breadcrumb":{"@id":"https:\/\/noticiasemdestaque.com\/cd\/?p=38880#breadcrumb"},"inLanguage":"pt-BR","potentialAction":[{"@type":"ReadAction","target":["https:\/\/noticiasemdestaque.com\/cd\/?p=38880"]}]},{"@type":"ImageObject","inLanguage":"pt-BR","@id":"https:\/\/noticiasemdestaque.com\/cd\/?p=38880#primaryimage","url":"https:\/\/noticiasemdestaque.com\/cd\/wp-content\/uploads\/2021\/11\/auxilio-brasil-3.jpg","contentUrl":"https:\/\/noticiasemdestaque.com\/cd\/wp-content\/uploads\/2021\/11\/auxilio-brasil-3.jpg","width":1200,"height":750},{"@type":"BreadcrumbList","@id":"https:\/\/noticiasemdestaque.com\/cd\/?p=38880#breadcrumb","itemListElement":[{"@type":"ListItem","position":1,"name":"In\u00edcio","item":"https:\/\/noticiasemdestaque.com\/cd\/"},{"@type":"ListItem","position":2,"name":"Presidente sanciona MP que torna Aux\u00edlio Brasil de R$ 400 permanente"}]},{"@type":"WebSite","@id":"https:\/\/noticiasemdestaque.com\/cd\/#website","url":"https:\/\/noticiasemdestaque.com\/cd\/","name":"Not&iacute;cias em Destaque","description":"","publisher":{"@id":"https:\/\/noticiasemdestaque.com\/cd\/#organization"},"potentialAction":[{"@type":"SearchAction","target":{"@type":"EntryPoint","urlTemplate":"https:\/\/noticiasemdestaque.com\/cd\/?s={search_term_string}"},"query-input":{"@type":"PropertyValueSpecification","valueRequired":true,"valueName":"search_term_string"}}],"inLanguage":"pt-BR"},{"@type":"Organization","@id":"https:\/\/noticiasemdestaque.com\/cd\/#organization","name":"Not\u00edcias em Destaque","url":"https:\/\/noticiasemdestaque.com\/cd\/","logo":{"@type":"ImageObject","inLanguage":"pt-BR","@id":"https:\/\/noticiasemdestaque.com\/cd\/#\/schema\/logo\/image\/","url":"https:\/\/noticiasemdestaque.com\/cd\/wp-content\/uploads\/2022\/05\/imagem-base-noticiasemdestaque.png","contentUrl":"https:\/\/noticiasemdestaque.com\/cd\/wp-content\/uploads\/2022\/05\/imagem-base-noticiasemdestaque.png","width":1200,"height":630,"caption":"Not\u00edcias em Destaque"},"image":{"@id":"https:\/\/noticiasemdestaque.com\/cd\/#\/schema\/logo\/image\/"}},{"@type":"Person","@id":"https:\/\/noticiasemdestaque.com\/cd\/#\/schema\/person\/21320b03a7e8bb90128938dafc9b908a","name":"Not\u00edcias em Destaque","url":"https:\/\/noticiasemdestaque.com\/cd\/?author=2"}]}},"jetpack_featured_media_url":"https:\/\/noticiasemdestaque.com\/cd\/wp-content\/uploads\/2021\/11\/auxilio-brasil-3.jpg","jetpack_sharing_enabled":true,"_links":{"self":[{"href":"https:\/\/noticiasemdestaque.com\/cd\/index.php?rest_route=\/wp\/v2\/posts\/38880","targetHints":{"allow":["GET"]}}],"collection":[{"href":"https:\/\/noticiasemdestaque.com\/cd\/index.php?rest_route=\/wp\/v2\/posts"}],"about":[{"href":"https:\/\/noticiasemdestaque.com\/cd\/index.php?rest_route=\/wp\/v2\/types\/post"}],"author":[{"embeddable":true,"href":"https:\/\/noticiasemdestaque.com\/cd\/index.php?rest_route=\/wp\/v2\/users\/2"}],"replies":[{"embeddable":true,"href":"https:\/\/noticiasemdestaque.com\/cd\/index.php?rest_route=%2Fwp%2Fv2%2Fcomments&post=38880"}],"version-history":[{"count":1,"href":"https:\/\/noticiasemdestaque.com\/cd\/index.php?rest_route=\/wp\/v2\/posts\/38880\/revisions"}],"predecessor-version":[{"id":38881,"href":"https:\/\/noticiasemdestaque.com\/cd\/index.php?rest_route=\/wp\/v2\/posts\/38880\/revisions\/38881"}],"wp:featuredmedia":[{"embeddable":true,"href":"https:\/\/noticiasemdestaque.com\/cd\/index.php?rest_route=\/wp\/v2\/media\/35157"}],"wp:attachment":[{"href":"https:\/\/noticiasemdestaque.com\/cd\/index.php?rest_route=%2Fwp%2Fv2%2Fmedia&parent=38880"}],"wp:term":[{"taxonomy":"category","embeddable":true,"href":"https:\/\/noticiasemdestaque.com\/cd\/index.php?rest_route=%2Fwp%2Fv2%2Fcategories&post=38880"},{"taxonomy":"post_tag","embeddable":true,"href":"https:\/\/noticiasemdestaque.com\/cd\/index.php?rest_route=%2Fwp%2Fv2%2Ftags&post=38880"}],"curies":[{"name":"wp","href":"https:\/\/api.w.org\/{rel}","templated":true}]}}