{"id":38863,"date":"2022-05-18T19:47:51","date_gmt":"2022-05-18T22:47:51","guid":{"rendered":"http:\/\/noticiasemdestaque.com\/cd\/?p=38863"},"modified":"2022-05-18T19:47:51","modified_gmt":"2022-05-18T22:47:51","slug":"camara-de-sume-aprova-projetos-e-debate-temas-de-interesse-da-populacao","status":"publish","type":"post","link":"https:\/\/noticiasemdestaque.com\/cd\/?p=38863","title":{"rendered":"C\u00e2mara de Sum\u00e9 aprova projetos e debate temas de interesse da popula\u00e7\u00e3o"},"content":{"rendered":"<p>&nbsp;<\/p>\n<p><span data-contrast=\"none\">A C\u00e2mara de Vereadores de Sum\u00e9 esteve reunida na noite deste ter\u00e7a-feira (17), em mais uma sess\u00e3o do Legislativo do munic\u00edpio. \u00a0<\/span><span data-ccp-props=\"{&quot;201341983&quot;:1,&quot;335551550&quot;:6,&quot;335551620&quot;:6,&quot;335559739&quot;:160,&quot;335559740&quot;:275}\">\u00a0<\/span><a href=\"https:\/\/noticiasemdestaque.com\/cd\/wp-content\/uploads\/2022\/05\/DSC_6924-1.jpg\"><img fetchpriority=\"high\" decoding=\"async\" class=\"size-medium wp-image-38867 aligncenter\" src=\"https:\/\/noticiasemdestaque.com\/cd\/wp-content\/uploads\/2022\/05\/DSC_6924-1-300x300.jpg\" alt=\"\" width=\"300\" height=\"300\" srcset=\"https:\/\/noticiasemdestaque.com\/cd\/wp-content\/uploads\/2022\/05\/DSC_6924-1-300x300.jpg 300w, https:\/\/noticiasemdestaque.com\/cd\/wp-content\/uploads\/2022\/05\/DSC_6924-1-1024x1024.jpg 1024w, https:\/\/noticiasemdestaque.com\/cd\/wp-content\/uploads\/2022\/05\/DSC_6924-1-150x150.jpg 150w, https:\/\/noticiasemdestaque.com\/cd\/wp-content\/uploads\/2022\/05\/DSC_6924-1-768x768.jpg 768w, https:\/\/noticiasemdestaque.com\/cd\/wp-content\/uploads\/2022\/05\/DSC_6924-1-1536x1536.jpg 1536w, https:\/\/noticiasemdestaque.com\/cd\/wp-content\/uploads\/2022\/05\/DSC_6924-1.jpg 1990w\" sizes=\"(max-width: 300px) 100vw, 300px\" \/><\/a><\/p>\n<p><span data-contrast=\"none\">Os vereadores receberam a conselheira do Or\u00e7amento Democr\u00e1tico do Estado, Alcideni Lira, que deu detalhes sobre a plen\u00e1ria que acontece na pr\u00f3xima sexta-feira (20), em Monteiro. A popula\u00e7\u00e3o tamb\u00e9m pode votar pelo link: <\/span><a href=\"https:\/\/votacaoode.pb.gov.br\/\"><span data-contrast=\"none\">https:\/\/votacaoode.pb.gov.br\/<\/span><\/a> <span data-ccp-props=\"{&quot;201341983&quot;:1,&quot;335551550&quot;:6,&quot;335551620&quot;:6,&quot;335559739&quot;:160,&quot;335559740&quot;:275}\">\u00a0<\/span><a href=\"https:\/\/noticiasemdestaque.com\/cd\/wp-content\/uploads\/2022\/05\/DSC_6953.jpg\"><img decoding=\"async\" class=\"size-medium wp-image-38866 aligncenter\" src=\"https:\/\/noticiasemdestaque.com\/cd\/wp-content\/uploads\/2022\/05\/DSC_6953-300x298.jpg\" alt=\"\" width=\"300\" height=\"298\" srcset=\"https:\/\/noticiasemdestaque.com\/cd\/wp-content\/uploads\/2022\/05\/DSC_6953-300x298.jpg 300w, https:\/\/noticiasemdestaque.com\/cd\/wp-content\/uploads\/2022\/05\/DSC_6953-1024x1016.jpg 1024w, https:\/\/noticiasemdestaque.com\/cd\/wp-content\/uploads\/2022\/05\/DSC_6953-150x150.jpg 150w, https:\/\/noticiasemdestaque.com\/cd\/wp-content\/uploads\/2022\/05\/DSC_6953-768x762.jpg 768w, https:\/\/noticiasemdestaque.com\/cd\/wp-content\/uploads\/2022\/05\/DSC_6953-1536x1524.jpg 1536w, https:\/\/noticiasemdestaque.com\/cd\/wp-content\/uploads\/2022\/05\/DSC_6953.jpg 2005w\" sizes=\"(max-width: 300px) 100vw, 300px\" \/><\/a><\/p>\n<p><span data-contrast=\"none\">A vice-diretora da Escola Agr\u00edcola de Sum\u00e9, Elidiane Batista, fez uso da palavra para convidar os vereadores e a popula\u00e7\u00e3o para prestigiar a X Edi\u00e7\u00e3o do Festival do Umbu, que acontece entre os dias 19 a 23 deste m\u00eas. \u00a0<\/span><span data-ccp-props=\"{&quot;201341983&quot;:1,&quot;335551550&quot;:6,&quot;335551620&quot;:6,&quot;335559739&quot;:160,&quot;335559740&quot;:275}\">\u00a0<\/span><a href=\"https:\/\/noticiasemdestaque.com\/cd\/wp-content\/uploads\/2022\/05\/DSC_6934.jpg\"><img decoding=\"async\" class=\"size-medium wp-image-38869 aligncenter\" src=\"https:\/\/noticiasemdestaque.com\/cd\/wp-content\/uploads\/2022\/05\/DSC_6934-279x300.jpg\" alt=\"\" width=\"279\" height=\"300\" srcset=\"https:\/\/noticiasemdestaque.com\/cd\/wp-content\/uploads\/2022\/05\/DSC_6934-279x300.jpg 279w, https:\/\/noticiasemdestaque.com\/cd\/wp-content\/uploads\/2022\/05\/DSC_6934-953x1024.jpg 953w, https:\/\/noticiasemdestaque.com\/cd\/wp-content\/uploads\/2022\/05\/DSC_6934-768x825.jpg 768w, https:\/\/noticiasemdestaque.com\/cd\/wp-content\/uploads\/2022\/05\/DSC_6934-1429x1536.jpg 1429w, https:\/\/noticiasemdestaque.com\/cd\/wp-content\/uploads\/2022\/05\/DSC_6934.jpg 1753w\" sizes=\"(max-width: 279px) 100vw, 279px\" \/><\/a><\/p>\n<p><span data-contrast=\"none\">Foi aprovado o projeto de resolu\u00e7\u00e3o 101\/2022 de autoria do vereador Crist\u00f3v\u00e3o J\u00fanior, que concede o\u00a0t\u00edtulo de Cidad\u00e3o Sumeense ao Senhor S\u00e9rgio Cordeiro de Sousa.\u00a0<\/span><span data-ccp-props=\"{&quot;201341983&quot;:1,&quot;335551550&quot;:6,&quot;335551620&quot;:6,&quot;335559739&quot;:160,&quot;335559740&quot;:275}\">\u00a0<\/span><\/p>\n<p><a href=\"https:\/\/noticiasemdestaque.com\/cd\/wp-content\/uploads\/2022\/05\/DSC_6932.jpg\"><img loading=\"lazy\" decoding=\"async\" class=\"size-medium wp-image-38868 aligncenter\" src=\"https:\/\/noticiasemdestaque.com\/cd\/wp-content\/uploads\/2022\/05\/DSC_6932-278x300.jpg\" alt=\"\" width=\"278\" height=\"300\" srcset=\"https:\/\/noticiasemdestaque.com\/cd\/wp-content\/uploads\/2022\/05\/DSC_6932-278x300.jpg 278w, https:\/\/noticiasemdestaque.com\/cd\/wp-content\/uploads\/2022\/05\/DSC_6932-950x1024.jpg 950w, https:\/\/noticiasemdestaque.com\/cd\/wp-content\/uploads\/2022\/05\/DSC_6932-768x828.jpg 768w, https:\/\/noticiasemdestaque.com\/cd\/wp-content\/uploads\/2022\/05\/DSC_6932-1424x1536.jpg 1424w, https:\/\/noticiasemdestaque.com\/cd\/wp-content\/uploads\/2022\/05\/DSC_6932.jpg 1747w\" sizes=\"(max-width: 278px) 100vw, 278px\" \/><\/a><\/p>\n<p><span data-contrast=\"none\">Os vereadores aprovaram o projeto de resolu\u00e7\u00e3o 102\/2022 de autoria do vereador Bomba, que concede o t\u00edtulo de Cidad\u00e3o Sumeense ao Major Cl\u00e1udio Alves da Silva Filho.\u00a0<\/span><span data-ccp-props=\"{&quot;201341983&quot;:1,&quot;335551550&quot;:6,&quot;335551620&quot;:6,&quot;335559739&quot;:160,&quot;335559740&quot;:275}\">\u00a0<\/span><\/p>\n<p><a href=\"https:\/\/noticiasemdestaque.com\/cd\/wp-content\/uploads\/2022\/05\/DSC_6941.jpg\"><img loading=\"lazy\" decoding=\"async\" class=\"size-medium wp-image-38865 aligncenter\" src=\"https:\/\/noticiasemdestaque.com\/cd\/wp-content\/uploads\/2022\/05\/DSC_6941-221x300.jpg\" alt=\"\" width=\"221\" height=\"300\" srcset=\"https:\/\/noticiasemdestaque.com\/cd\/wp-content\/uploads\/2022\/05\/DSC_6941-221x300.jpg 221w, https:\/\/noticiasemdestaque.com\/cd\/wp-content\/uploads\/2022\/05\/DSC_6941-755x1024.jpg 755w, https:\/\/noticiasemdestaque.com\/cd\/wp-content\/uploads\/2022\/05\/DSC_6941-768x1042.jpg 768w, https:\/\/noticiasemdestaque.com\/cd\/wp-content\/uploads\/2022\/05\/DSC_6941-1132x1536.jpg 1132w, https:\/\/noticiasemdestaque.com\/cd\/wp-content\/uploads\/2022\/05\/DSC_6941.jpg 1177w\" sizes=\"(max-width: 221px) 100vw, 221px\" \/><\/a><\/p>\n<p><span data-contrast=\"none\">O vereador Cordeirinho apresentou requerimento solicitando o pagamento aos produtores de Sum\u00e9 e regi\u00e3o que fornecem leite de cabra ao Governo do Estado. <\/span><span data-ccp-props=\"{&quot;201341983&quot;:1,&quot;335551550&quot;:6,&quot;335551620&quot;:6,&quot;335559739&quot;:160,&quot;335559740&quot;:275}\">\u00a0<\/span><\/p>\n<p><span data-contrast=\"none\">Foi aprovado o projeto de lei 694\/2022 de autoria do Poder Executivo, que disp\u00f5e sobre a reformula\u00e7\u00e3o do Conselho Municipal dos Direitos da Pessoa Idosa, a Confer\u00eancia Municipal dos Direitos da Pessoa Idosa e a Cria\u00e7\u00e3o do Fundo Municipal de Direitos da Pessoa Idosa do Munic\u00edpio de Sum\u00e9\u00a0<\/span><span data-ccp-props=\"{&quot;201341983&quot;:1,&quot;335551550&quot;:6,&quot;335551620&quot;:6,&quot;335559739&quot;:160,&quot;335559740&quot;:275}\">\u00a0<\/span><\/p>\n<p><span data-contrast=\"none\">Foi aprovado o projeto de lei 702\/2022 de autoria do Poder Executivo, que cria no \u00e2mbito da Prefeitura do Munic\u00edpio de Sum\u00e9, bem como as autarquias com pessoal regido pelo Estatuto dos Servidores P\u00fablicos Municipais, uma Comiss\u00e3o Interna de Preven\u00e7\u00e3o de Acidentes &#8211; CIPA, na forma da Norma Regulamentadora n\u00ba 5, editada com a Portaria n\u00ba 3.214, de 8 de junho de 1978, do Minist\u00e9rio do Trabalho.\u00a0<\/span><span data-ccp-props=\"{&quot;201341983&quot;:1,&quot;335551550&quot;:6,&quot;335551620&quot;:6,&quot;335559739&quot;:160,&quot;335559740&quot;:275}\">\u00a0<\/span><\/p>\n<p><span data-contrast=\"none\">Foi aprovado o projeto de lei 704\/2022, de autoria do Poder Executivo, que autoriza a abertura de cr\u00e9ditos adicionais no valor de duzentos e sessenta mil e quarenta reais, destinado ao equil\u00edbrio financeiro do munic\u00edpio de Sum\u00e9, na \u00e1rea da Assist\u00eancia Social. \u00a0<\/span><span data-ccp-props=\"{&quot;201341983&quot;:1,&quot;335551550&quot;:6,&quot;335551620&quot;:6,&quot;335559739&quot;:160,&quot;335559740&quot;:275}\">\u00a0<\/span><\/p>\n<p><span data-contrast=\"none\">Ascom\/C\u00e2mara \u00a0<\/span><span data-ccp-props=\"{&quot;201341983&quot;:1,&quot;335551550&quot;:6,&quot;335551620&quot;:6,&quot;335559739&quot;:160,&quot;335559740&quot;:275}\">\u00a0<\/span><\/p>\n","protected":false},"excerpt":{"rendered":"<p>&nbsp; A C\u00e2mara de Vereadores de Sum\u00e9 esteve reunida na noite deste ter\u00e7a-feira (17), em mais uma sess\u00e3o do Legislativo do munic\u00edpio. \u00a0\u00a0 Os vereadores receberam a conselheira do Or\u00e7amento Democr\u00e1tico do Estado, Alcideni Lira, que deu detalhes sobre a plen\u00e1ria que acontece na pr\u00f3xima sexta-feira (20), em Monteiro. A popula\u00e7\u00e3o tamb\u00e9m pode votar pelo link: https:\/\/votacaoode.pb.gov.br\/ \u00a0 A vice-diretora da Escola Agr\u00edcola de Sum\u00e9, Elidiane Batista, fez uso da palavra para convidar os vereadores e a popula\u00e7\u00e3o para prestigiar a X Edi\u00e7\u00e3o do Festival do Umbu, que acontece entre os dias 19 a 23 deste m\u00eas. \u00a0\u00a0 Foi aprovado o projeto de resolu\u00e7\u00e3o 101\/2022 de autoria do vereador Crist\u00f3v\u00e3o J\u00fanior, que concede o\u00a0t\u00edtulo de Cidad\u00e3o Sumeense ao Senhor S\u00e9rgio Cordeiro de Sousa.\u00a0\u00a0 Os vereadores aprovaram o projeto de resolu\u00e7\u00e3o 102\/2022 de autoria do vereador Bomba, que concede o t\u00edtulo de Cidad\u00e3o Sumeense ao Major Cl\u00e1udio Alves da Silva Filho.\u00a0\u00a0 O vereador Cordeirinho apresentou requerimento solicitando o pagamento aos produtores de Sum\u00e9 e regi\u00e3o que fornecem leite de cabra ao Governo do Estado. \u00a0 Foi aprovado o projeto de lei 694\/2022 de autoria do Poder Executivo, que disp\u00f5e sobre a reformula\u00e7\u00e3o do Conselho Municipal dos Direitos da Pessoa Idosa, a Confer\u00eancia Municipal dos Direitos da Pessoa Idosa e a Cria\u00e7\u00e3o do Fundo Municipal de Direitos da Pessoa Idosa do Munic\u00edpio de Sum\u00e9\u00a0\u00a0 Foi aprovado o projeto de lei 702\/2022 de autoria do Poder Executivo, que cria no \u00e2mbito da Prefeitura do Munic\u00edpio de Sum\u00e9, bem como as autarquias com pessoal regido pelo Estatuto dos Servidores P\u00fablicos Municipais, uma Comiss\u00e3o Interna de Preven\u00e7\u00e3o de Acidentes &#8211; CIPA, na forma da Norma Regulamentadora n\u00ba 5, editada com a Portaria n\u00ba 3.214, de 8 de junho de 1978, do Minist\u00e9rio do Trabalho.\u00a0\u00a0 Foi aprovado o projeto de lei 704\/2022, de autoria do Poder Executivo, que autoriza a abertura de cr\u00e9ditos adicionais no valor de duzentos e sessenta mil e quarenta reais, destinado ao equil\u00edbrio financeiro do munic\u00edpio de Sum\u00e9, na \u00e1rea da Assist\u00eancia Social. \u00a0\u00a0 Ascom\/C\u00e2mara \u00a0\u00a0<\/p>\n","protected":false},"author":2,"featured_media":38864,"comment_status":"closed","ping_status":"open","sticky":false,"template":"","format":"standard","meta":{"_eb_attr":"","_jetpack_memberships_contains_paid_content":false,"footnotes":""},"categories":[4],"tags":[],"class_list":["post-38863","post","type-post","status-publish","format-standard","has-post-thumbnail","hentry","category-politica"],"yoast_head":"<!-- This site is optimized with the Yoast SEO plugin v26.5 - https:\/\/yoast.com\/wordpress\/plugins\/seo\/ -->\n<title>C\u00e2mara de Sum\u00e9 aprova projetos e debate temas de interesse da popula\u00e7\u00e3o - Not&iacute;cias em Destaque<\/title>\n<meta name=\"robots\" content=\"index, follow, max-snippet:-1, max-image-preview:large, max-video-preview:-1\" \/>\n<link rel=\"canonical\" href=\"https:\/\/noticiasemdestaque.com\/cd\/?p=38863\" \/>\n<meta property=\"og:locale\" content=\"pt_BR\" \/>\n<meta property=\"og:type\" content=\"article\" \/>\n<meta property=\"og:title\" content=\"C\u00e2mara de Sum\u00e9 aprova projetos e debate temas de interesse da popula\u00e7\u00e3o - Not&iacute;cias em Destaque\" \/>\n<meta property=\"og:description\" content=\"&nbsp; A C\u00e2mara de Vereadores de Sum\u00e9 esteve reunida na noite deste ter\u00e7a-feira (17), em mais uma sess\u00e3o do Legislativo do munic\u00edpio. \u00a0\u00a0 Os vereadores receberam a conselheira do Or\u00e7amento Democr\u00e1tico do Estado, Alcideni Lira, que deu detalhes sobre a plen\u00e1ria que acontece na pr\u00f3xima sexta-feira (20), em Monteiro. A popula\u00e7\u00e3o tamb\u00e9m pode votar pelo link: https:\/\/votacaoode.pb.gov.br\/ \u00a0 A vice-diretora da Escola Agr\u00edcola de Sum\u00e9, Elidiane Batista, fez uso da palavra para convidar os vereadores e a popula\u00e7\u00e3o para prestigiar a X Edi\u00e7\u00e3o do Festival do Umbu, que acontece entre os dias 19 a 23 deste m\u00eas. \u00a0\u00a0 Foi aprovado o projeto de resolu\u00e7\u00e3o 101\/2022 de autoria do vereador Crist\u00f3v\u00e3o J\u00fanior, que concede o\u00a0t\u00edtulo de Cidad\u00e3o Sumeense ao Senhor S\u00e9rgio Cordeiro de Sousa.\u00a0\u00a0 Os vereadores aprovaram o projeto de resolu\u00e7\u00e3o 102\/2022 de autoria do vereador Bomba, que concede o t\u00edtulo de Cidad\u00e3o Sumeense ao Major Cl\u00e1udio Alves da Silva Filho.\u00a0\u00a0 O vereador Cordeirinho apresentou requerimento solicitando o pagamento aos produtores de Sum\u00e9 e regi\u00e3o que fornecem leite de cabra ao Governo do Estado. \u00a0 Foi aprovado o projeto de lei 694\/2022 de autoria do Poder Executivo, que disp\u00f5e sobre a reformula\u00e7\u00e3o do Conselho Municipal dos Direitos da Pessoa Idosa, a Confer\u00eancia Municipal dos Direitos da Pessoa Idosa e a Cria\u00e7\u00e3o do Fundo Municipal de Direitos da Pessoa Idosa do Munic\u00edpio de Sum\u00e9\u00a0\u00a0 Foi aprovado o projeto de lei 702\/2022 de autoria do Poder Executivo, que cria no \u00e2mbito da Prefeitura do Munic\u00edpio de Sum\u00e9, bem como as autarquias com pessoal regido pelo Estatuto dos Servidores P\u00fablicos Municipais, uma Comiss\u00e3o Interna de Preven\u00e7\u00e3o de Acidentes &#8211; CIPA, na forma da Norma Regulamentadora n\u00ba 5, editada com a Portaria n\u00ba 3.214, de 8 de junho de 1978, do Minist\u00e9rio do Trabalho.\u00a0\u00a0 Foi aprovado o projeto de lei 704\/2022, de autoria do Poder Executivo, que autoriza a abertura de cr\u00e9ditos adicionais no valor de duzentos e sessenta mil e quarenta reais, destinado ao equil\u00edbrio financeiro do munic\u00edpio de Sum\u00e9, na \u00e1rea da Assist\u00eancia Social. \u00a0\u00a0 Ascom\/C\u00e2mara \u00a0\u00a0\" \/>\n<meta property=\"og:url\" content=\"https:\/\/noticiasemdestaque.com\/cd\/?p=38863\" \/>\n<meta property=\"og:site_name\" content=\"Not&iacute;cias em Destaque\" \/>\n<meta property=\"article:published_time\" content=\"2022-05-18T22:47:51+00:00\" \/>\n<meta property=\"og:image\" content=\"https:\/\/noticiasemdestaque.com\/cd\/wp-content\/uploads\/2022\/05\/1652912405490791.jpg\" \/>\n\t<meta property=\"og:image:width\" content=\"850\" \/>\n\t<meta property=\"og:image:height\" content=\"710\" \/>\n\t<meta property=\"og:image:type\" content=\"image\/jpeg\" \/>\n<meta name=\"author\" content=\"Not\u00edcias em Destaque\" \/>\n<meta name=\"twitter:card\" content=\"summary_large_image\" \/>\n<meta name=\"twitter:label1\" content=\"Escrito por\" \/>\n\t<meta name=\"twitter:data1\" content=\"Not\u00edcias em Destaque\" \/>\n\t<meta name=\"twitter:label2\" content=\"Est. tempo de leitura\" \/>\n\t<meta name=\"twitter:data2\" content=\"2 minutos\" \/>\n<script type=\"application\/ld+json\" class=\"yoast-schema-graph\">{\"@context\":\"https:\/\/schema.org\",\"@graph\":[{\"@type\":\"Article\",\"@id\":\"https:\/\/noticiasemdestaque.com\/cd\/?p=38863#article\",\"isPartOf\":{\"@id\":\"https:\/\/noticiasemdestaque.com\/cd\/?p=38863\"},\"author\":{\"name\":\"Not\u00edcias em Destaque\",\"@id\":\"https:\/\/noticiasemdestaque.com\/cd\/#\/schema\/person\/21320b03a7e8bb90128938dafc9b908a\"},\"headline\":\"C\u00e2mara de Sum\u00e9 aprova projetos e debate temas de interesse da popula\u00e7\u00e3o\",\"datePublished\":\"2022-05-18T22:47:51+00:00\",\"mainEntityOfPage\":{\"@id\":\"https:\/\/noticiasemdestaque.com\/cd\/?p=38863\"},\"wordCount\":376,\"publisher\":{\"@id\":\"https:\/\/noticiasemdestaque.com\/cd\/#organization\"},\"image\":{\"@id\":\"https:\/\/noticiasemdestaque.com\/cd\/?p=38863#primaryimage\"},\"thumbnailUrl\":\"https:\/\/noticiasemdestaque.com\/cd\/wp-content\/uploads\/2022\/05\/1652912405490791.jpg\",\"articleSection\":[\"Pol\u00edtica\"],\"inLanguage\":\"pt-BR\"},{\"@type\":\"WebPage\",\"@id\":\"https:\/\/noticiasemdestaque.com\/cd\/?p=38863\",\"url\":\"https:\/\/noticiasemdestaque.com\/cd\/?p=38863\",\"name\":\"C\u00e2mara de Sum\u00e9 aprova projetos e debate temas de interesse da popula\u00e7\u00e3o - Not&iacute;cias em Destaque\",\"isPartOf\":{\"@id\":\"https:\/\/noticiasemdestaque.com\/cd\/#website\"},\"primaryImageOfPage\":{\"@id\":\"https:\/\/noticiasemdestaque.com\/cd\/?p=38863#primaryimage\"},\"image\":{\"@id\":\"https:\/\/noticiasemdestaque.com\/cd\/?p=38863#primaryimage\"},\"thumbnailUrl\":\"https:\/\/noticiasemdestaque.com\/cd\/wp-content\/uploads\/2022\/05\/1652912405490791.jpg\",\"datePublished\":\"2022-05-18T22:47:51+00:00\",\"breadcrumb\":{\"@id\":\"https:\/\/noticiasemdestaque.com\/cd\/?p=38863#breadcrumb\"},\"inLanguage\":\"pt-BR\",\"potentialAction\":[{\"@type\":\"ReadAction\",\"target\":[\"https:\/\/noticiasemdestaque.com\/cd\/?p=38863\"]}]},{\"@type\":\"ImageObject\",\"inLanguage\":\"pt-BR\",\"@id\":\"https:\/\/noticiasemdestaque.com\/cd\/?p=38863#primaryimage\",\"url\":\"https:\/\/noticiasemdestaque.com\/cd\/wp-content\/uploads\/2022\/05\/1652912405490791.jpg\",\"contentUrl\":\"https:\/\/noticiasemdestaque.com\/cd\/wp-content\/uploads\/2022\/05\/1652912405490791.jpg\",\"width\":850,\"height\":710},{\"@type\":\"BreadcrumbList\",\"@id\":\"https:\/\/noticiasemdestaque.com\/cd\/?p=38863#breadcrumb\",\"itemListElement\":[{\"@type\":\"ListItem\",\"position\":1,\"name\":\"In\u00edcio\",\"item\":\"https:\/\/noticiasemdestaque.com\/cd\/\"},{\"@type\":\"ListItem\",\"position\":2,\"name\":\"C\u00e2mara de Sum\u00e9 aprova projetos e debate temas de interesse da popula\u00e7\u00e3o\"}]},{\"@type\":\"WebSite\",\"@id\":\"https:\/\/noticiasemdestaque.com\/cd\/#website\",\"url\":\"https:\/\/noticiasemdestaque.com\/cd\/\",\"name\":\"Not&iacute;cias em Destaque\",\"description\":\"\",\"publisher\":{\"@id\":\"https:\/\/noticiasemdestaque.com\/cd\/#organization\"},\"potentialAction\":[{\"@type\":\"SearchAction\",\"target\":{\"@type\":\"EntryPoint\",\"urlTemplate\":\"https:\/\/noticiasemdestaque.com\/cd\/?s={search_term_string}\"},\"query-input\":{\"@type\":\"PropertyValueSpecification\",\"valueRequired\":true,\"valueName\":\"search_term_string\"}}],\"inLanguage\":\"pt-BR\"},{\"@type\":\"Organization\",\"@id\":\"https:\/\/noticiasemdestaque.com\/cd\/#organization\",\"name\":\"Not\u00edcias em Destaque\",\"url\":\"https:\/\/noticiasemdestaque.com\/cd\/\",\"logo\":{\"@type\":\"ImageObject\",\"inLanguage\":\"pt-BR\",\"@id\":\"https:\/\/noticiasemdestaque.com\/cd\/#\/schema\/logo\/image\/\",\"url\":\"https:\/\/noticiasemdestaque.com\/cd\/wp-content\/uploads\/2022\/05\/imagem-base-noticiasemdestaque.png\",\"contentUrl\":\"https:\/\/noticiasemdestaque.com\/cd\/wp-content\/uploads\/2022\/05\/imagem-base-noticiasemdestaque.png\",\"width\":1200,\"height\":630,\"caption\":\"Not\u00edcias em Destaque\"},\"image\":{\"@id\":\"https:\/\/noticiasemdestaque.com\/cd\/#\/schema\/logo\/image\/\"}},{\"@type\":\"Person\",\"@id\":\"https:\/\/noticiasemdestaque.com\/cd\/#\/schema\/person\/21320b03a7e8bb90128938dafc9b908a\",\"name\":\"Not\u00edcias em Destaque\",\"url\":\"https:\/\/noticiasemdestaque.com\/cd\/?author=2\"}]}<\/script>\n<!-- \/ Yoast SEO plugin. -->","yoast_head_json":{"title":"C\u00e2mara de Sum\u00e9 aprova projetos e debate temas de interesse da popula\u00e7\u00e3o - Not&iacute;cias em Destaque","robots":{"index":"index","follow":"follow","max-snippet":"max-snippet:-1","max-image-preview":"max-image-preview:large","max-video-preview":"max-video-preview:-1"},"canonical":"https:\/\/noticiasemdestaque.com\/cd\/?p=38863","og_locale":"pt_BR","og_type":"article","og_title":"C\u00e2mara de Sum\u00e9 aprova projetos e debate temas de interesse da popula\u00e7\u00e3o - Not&iacute;cias em Destaque","og_description":"&nbsp; A C\u00e2mara de Vereadores de Sum\u00e9 esteve reunida na noite deste ter\u00e7a-feira (17), em mais uma sess\u00e3o do Legislativo do munic\u00edpio. \u00a0\u00a0 Os vereadores receberam a conselheira do Or\u00e7amento Democr\u00e1tico do Estado, Alcideni Lira, que deu detalhes sobre a plen\u00e1ria que acontece na pr\u00f3xima sexta-feira (20), em Monteiro. A popula\u00e7\u00e3o tamb\u00e9m pode votar pelo link: https:\/\/votacaoode.pb.gov.br\/ \u00a0 A vice-diretora da Escola Agr\u00edcola de Sum\u00e9, Elidiane Batista, fez uso da palavra para convidar os vereadores e a popula\u00e7\u00e3o para prestigiar a X Edi\u00e7\u00e3o do Festival do Umbu, que acontece entre os dias 19 a 23 deste m\u00eas. \u00a0\u00a0 Foi aprovado o projeto de resolu\u00e7\u00e3o 101\/2022 de autoria do vereador Crist\u00f3v\u00e3o J\u00fanior, que concede o\u00a0t\u00edtulo de Cidad\u00e3o Sumeense ao Senhor S\u00e9rgio Cordeiro de Sousa.\u00a0\u00a0 Os vereadores aprovaram o projeto de resolu\u00e7\u00e3o 102\/2022 de autoria do vereador Bomba, que concede o t\u00edtulo de Cidad\u00e3o Sumeense ao Major Cl\u00e1udio Alves da Silva Filho.\u00a0\u00a0 O vereador Cordeirinho apresentou requerimento solicitando o pagamento aos produtores de Sum\u00e9 e regi\u00e3o que fornecem leite de cabra ao Governo do Estado. \u00a0 Foi aprovado o projeto de lei 694\/2022 de autoria do Poder Executivo, que disp\u00f5e sobre a reformula\u00e7\u00e3o do Conselho Municipal dos Direitos da Pessoa Idosa, a Confer\u00eancia Municipal dos Direitos da Pessoa Idosa e a Cria\u00e7\u00e3o do Fundo Municipal de Direitos da Pessoa Idosa do Munic\u00edpio de Sum\u00e9\u00a0\u00a0 Foi aprovado o projeto de lei 702\/2022 de autoria do Poder Executivo, que cria no \u00e2mbito da Prefeitura do Munic\u00edpio de Sum\u00e9, bem como as autarquias com pessoal regido pelo Estatuto dos Servidores P\u00fablicos Municipais, uma Comiss\u00e3o Interna de Preven\u00e7\u00e3o de Acidentes &#8211; CIPA, na forma da Norma Regulamentadora n\u00ba 5, editada com a Portaria n\u00ba 3.214, de 8 de junho de 1978, do Minist\u00e9rio do Trabalho.\u00a0\u00a0 Foi aprovado o projeto de lei 704\/2022, de autoria do Poder Executivo, que autoriza a abertura de cr\u00e9ditos adicionais no valor de duzentos e sessenta mil e quarenta reais, destinado ao equil\u00edbrio financeiro do munic\u00edpio de Sum\u00e9, na \u00e1rea da Assist\u00eancia Social. \u00a0\u00a0 Ascom\/C\u00e2mara \u00a0\u00a0","og_url":"https:\/\/noticiasemdestaque.com\/cd\/?p=38863","og_site_name":"Not&iacute;cias em Destaque","article_published_time":"2022-05-18T22:47:51+00:00","og_image":[{"width":850,"height":710,"url":"https:\/\/noticiasemdestaque.com\/cd\/wp-content\/uploads\/2022\/05\/1652912405490791.jpg","type":"image\/jpeg"}],"author":"Not\u00edcias em Destaque","twitter_card":"summary_large_image","twitter_misc":{"Escrito por":"Not\u00edcias em Destaque","Est. tempo de leitura":"2 minutos"},"schema":{"@context":"https:\/\/schema.org","@graph":[{"@type":"Article","@id":"https:\/\/noticiasemdestaque.com\/cd\/?p=38863#article","isPartOf":{"@id":"https:\/\/noticiasemdestaque.com\/cd\/?p=38863"},"author":{"name":"Not\u00edcias em Destaque","@id":"https:\/\/noticiasemdestaque.com\/cd\/#\/schema\/person\/21320b03a7e8bb90128938dafc9b908a"},"headline":"C\u00e2mara de Sum\u00e9 aprova projetos e debate temas de interesse da popula\u00e7\u00e3o","datePublished":"2022-05-18T22:47:51+00:00","mainEntityOfPage":{"@id":"https:\/\/noticiasemdestaque.com\/cd\/?p=38863"},"wordCount":376,"publisher":{"@id":"https:\/\/noticiasemdestaque.com\/cd\/#organization"},"image":{"@id":"https:\/\/noticiasemdestaque.com\/cd\/?p=38863#primaryimage"},"thumbnailUrl":"https:\/\/noticiasemdestaque.com\/cd\/wp-content\/uploads\/2022\/05\/1652912405490791.jpg","articleSection":["Pol\u00edtica"],"inLanguage":"pt-BR"},{"@type":"WebPage","@id":"https:\/\/noticiasemdestaque.com\/cd\/?p=38863","url":"https:\/\/noticiasemdestaque.com\/cd\/?p=38863","name":"C\u00e2mara de Sum\u00e9 aprova projetos e debate temas de interesse da popula\u00e7\u00e3o - Not&iacute;cias em Destaque","isPartOf":{"@id":"https:\/\/noticiasemdestaque.com\/cd\/#website"},"primaryImageOfPage":{"@id":"https:\/\/noticiasemdestaque.com\/cd\/?p=38863#primaryimage"},"image":{"@id":"https:\/\/noticiasemdestaque.com\/cd\/?p=38863#primaryimage"},"thumbnailUrl":"https:\/\/noticiasemdestaque.com\/cd\/wp-content\/uploads\/2022\/05\/1652912405490791.jpg","datePublished":"2022-05-18T22:47:51+00:00","breadcrumb":{"@id":"https:\/\/noticiasemdestaque.com\/cd\/?p=38863#breadcrumb"},"inLanguage":"pt-BR","potentialAction":[{"@type":"ReadAction","target":["https:\/\/noticiasemdestaque.com\/cd\/?p=38863"]}]},{"@type":"ImageObject","inLanguage":"pt-BR","@id":"https:\/\/noticiasemdestaque.com\/cd\/?p=38863#primaryimage","url":"https:\/\/noticiasemdestaque.com\/cd\/wp-content\/uploads\/2022\/05\/1652912405490791.jpg","contentUrl":"https:\/\/noticiasemdestaque.com\/cd\/wp-content\/uploads\/2022\/05\/1652912405490791.jpg","width":850,"height":710},{"@type":"BreadcrumbList","@id":"https:\/\/noticiasemdestaque.com\/cd\/?p=38863#breadcrumb","itemListElement":[{"@type":"ListItem","position":1,"name":"In\u00edcio","item":"https:\/\/noticiasemdestaque.com\/cd\/"},{"@type":"ListItem","position":2,"name":"C\u00e2mara de Sum\u00e9 aprova projetos e debate temas de interesse da popula\u00e7\u00e3o"}]},{"@type":"WebSite","@id":"https:\/\/noticiasemdestaque.com\/cd\/#website","url":"https:\/\/noticiasemdestaque.com\/cd\/","name":"Not&iacute;cias em Destaque","description":"","publisher":{"@id":"https:\/\/noticiasemdestaque.com\/cd\/#organization"},"potentialAction":[{"@type":"SearchAction","target":{"@type":"EntryPoint","urlTemplate":"https:\/\/noticiasemdestaque.com\/cd\/?s={search_term_string}"},"query-input":{"@type":"PropertyValueSpecification","valueRequired":true,"valueName":"search_term_string"}}],"inLanguage":"pt-BR"},{"@type":"Organization","@id":"https:\/\/noticiasemdestaque.com\/cd\/#organization","name":"Not\u00edcias em Destaque","url":"https:\/\/noticiasemdestaque.com\/cd\/","logo":{"@type":"ImageObject","inLanguage":"pt-BR","@id":"https:\/\/noticiasemdestaque.com\/cd\/#\/schema\/logo\/image\/","url":"https:\/\/noticiasemdestaque.com\/cd\/wp-content\/uploads\/2022\/05\/imagem-base-noticiasemdestaque.png","contentUrl":"https:\/\/noticiasemdestaque.com\/cd\/wp-content\/uploads\/2022\/05\/imagem-base-noticiasemdestaque.png","width":1200,"height":630,"caption":"Not\u00edcias em Destaque"},"image":{"@id":"https:\/\/noticiasemdestaque.com\/cd\/#\/schema\/logo\/image\/"}},{"@type":"Person","@id":"https:\/\/noticiasemdestaque.com\/cd\/#\/schema\/person\/21320b03a7e8bb90128938dafc9b908a","name":"Not\u00edcias em Destaque","url":"https:\/\/noticiasemdestaque.com\/cd\/?author=2"}]}},"jetpack_featured_media_url":"https:\/\/noticiasemdestaque.com\/cd\/wp-content\/uploads\/2022\/05\/1652912405490791.jpg","jetpack_sharing_enabled":true,"_links":{"self":[{"href":"https:\/\/noticiasemdestaque.com\/cd\/index.php?rest_route=\/wp\/v2\/posts\/38863","targetHints":{"allow":["GET"]}}],"collection":[{"href":"https:\/\/noticiasemdestaque.com\/cd\/index.php?rest_route=\/wp\/v2\/posts"}],"about":[{"href":"https:\/\/noticiasemdestaque.com\/cd\/index.php?rest_route=\/wp\/v2\/types\/post"}],"author":[{"embeddable":true,"href":"https:\/\/noticiasemdestaque.com\/cd\/index.php?rest_route=\/wp\/v2\/users\/2"}],"replies":[{"embeddable":true,"href":"https:\/\/noticiasemdestaque.com\/cd\/index.php?rest_route=%2Fwp%2Fv2%2Fcomments&post=38863"}],"version-history":[{"count":1,"href":"https:\/\/noticiasemdestaque.com\/cd\/index.php?rest_route=\/wp\/v2\/posts\/38863\/revisions"}],"predecessor-version":[{"id":38870,"href":"https:\/\/noticiasemdestaque.com\/cd\/index.php?rest_route=\/wp\/v2\/posts\/38863\/revisions\/38870"}],"wp:featuredmedia":[{"embeddable":true,"href":"https:\/\/noticiasemdestaque.com\/cd\/index.php?rest_route=\/wp\/v2\/media\/38864"}],"wp:attachment":[{"href":"https:\/\/noticiasemdestaque.com\/cd\/index.php?rest_route=%2Fwp%2Fv2%2Fmedia&parent=38863"}],"wp:term":[{"taxonomy":"category","embeddable":true,"href":"https:\/\/noticiasemdestaque.com\/cd\/index.php?rest_route=%2Fwp%2Fv2%2Fcategories&post=38863"},{"taxonomy":"post_tag","embeddable":true,"href":"https:\/\/noticiasemdestaque.com\/cd\/index.php?rest_route=%2Fwp%2Fv2%2Ftags&post=38863"}],"curies":[{"name":"wp","href":"https:\/\/api.w.org\/{rel}","templated":true}]}}