{"id":38860,"date":"2022-05-18T19:14:20","date_gmt":"2022-05-18T22:14:20","guid":{"rendered":"http:\/\/noticiasemdestaque.com\/cd\/?p=38860"},"modified":"2022-05-18T19:14:20","modified_gmt":"2022-05-18T22:14:20","slug":"sai-o-resultado-das-inscricoes-das-barracas-do-sao-joao-de-sume-2022","status":"publish","type":"post","link":"https:\/\/noticiasemdestaque.com\/cd\/?p=38860","title":{"rendered":"Sai o resultado das inscri\u00e7\u00f5es das barracas do S\u00e3o Jo\u00e3o de Sum\u00e9 2022"},"content":{"rendered":"<p data-uw-styling-context=\"true\">A\u00a0comiss\u00e3o organizadora de fiscaliza\u00e7\u00e3o e acompanhamento do Edital 01\/2022, institu\u00edda pela Secretaria de Cultura, Esportes e Turismo \u2013 Secult \u2013 do munic\u00edpio de Sum\u00e9, torna p\u00fablico, o resultado da\u00a0<strong data-uw-styling-context=\"true\">an\u00e1lise dos documentos\u00a0<\/strong>dos inscritos no chamamento p\u00fablico, de acordo com o previsto no Edital 01\/2022, item 5, do Cronograma.<\/p>\n<p data-uw-styling-context=\"true\">Foram 24 inscritos sendo que, 23 apresentaram a documenta\u00e7\u00e3o exigida no edital e apenas 01 n\u00e3o cumpriu na \u00edntegra o solicitado no edital. Portanto, o sorteio definitivo acontecer\u00e1 com 23 inscritos aptos.<\/p>\n<p data-uw-styling-context=\"true\">De acordo com o pr\u00f3prio edital, o sorteio acontecer\u00e1 no audit\u00f3rio da Secretaria de Educa\u00e7\u00e3o de Sum\u00e9, na Av 1\u00ba de Abril, 1\u00ba andar, Centro, as 10h.<\/p>\n<p data-uw-styling-context=\"true\">O cronograma segue com as pr\u00f3ximas etapas:<\/p>\n<table data-uw-styling-context=\"true\">\n<tbody data-uw-styling-context=\"true\">\n<tr data-uw-styling-context=\"true\">\n<td width=\"68\" data-uw-styling-context=\"true\">\n<p data-uw-styling-context=\"true\"><strong data-uw-styling-context=\"true\">N\u00b0<\/strong><\/p>\n<\/td>\n<td width=\"695\" data-uw-styling-context=\"true\"><strong data-uw-styling-context=\"true\">DESCRI\u00c7\u00c3O \/ ETAPAS<\/strong><\/td>\n<td width=\"227\" data-uw-styling-context=\"true\">\n<p data-uw-styling-context=\"true\"><strong data-uw-styling-context=\"true\">Datas<\/strong><\/p>\n<\/td>\n<\/tr>\n<tr data-uw-styling-context=\"true\">\n<td width=\"68\" data-uw-styling-context=\"true\"><strong data-uw-styling-context=\"true\">01<\/strong><\/td>\n<td width=\"695\" data-uw-styling-context=\"true\"><strong data-uw-styling-context=\"true\">Publica\u00e7\u00e3o do Edital de Chamamento P\u00fablico<\/strong><\/td>\n<td width=\"227\" data-uw-styling-context=\"true\"><strong data-uw-styling-context=\"true\">11\/05\/2022<\/strong><\/td>\n<\/tr>\n<tr data-uw-styling-context=\"true\">\n<td width=\"68\" data-uw-styling-context=\"true\"><strong data-uw-styling-context=\"true\">02<\/strong><\/td>\n<td width=\"695\" data-uw-styling-context=\"true\"><strong data-uw-styling-context=\"true\">Per\u00edodo de inscri\u00e7\u00f5es e entrega de documentos<\/strong><\/td>\n<td width=\"227\" data-uw-styling-context=\"true\"><strong data-uw-styling-context=\"true\">12, 13 e 16\/05\/2022<\/strong><\/td>\n<\/tr>\n<tr data-uw-styling-context=\"true\">\n<td width=\"68\" data-uw-styling-context=\"true\"><strong data-uw-styling-context=\"true\">03<\/strong><\/td>\n<td width=\"695\" data-uw-styling-context=\"true\"><strong data-uw-styling-context=\"true\">An\u00e1lise de documentos dos inscritos<\/strong><\/td>\n<td width=\"227\" data-uw-styling-context=\"true\"><strong data-uw-styling-context=\"true\">\u00a0\u00a017\/05\/2022<\/strong><\/td>\n<\/tr>\n<tr data-uw-styling-context=\"true\">\n<td width=\"68\" data-uw-styling-context=\"true\"><strong data-uw-styling-context=\"true\">04<\/strong><\/td>\n<td width=\"695\" data-uw-styling-context=\"true\"><strong data-uw-styling-context=\"true\">Publica\u00e7\u00e3o do Resultado da An\u00e1lise da documenta\u00e7\u00e3o dos inscritos<\/strong><\/td>\n<td width=\"227\" data-uw-styling-context=\"true\"><strong data-uw-styling-context=\"true\">\u00a0\u00a0\u00a0\u00a0\u00a0\u00a0 18\/05\/2022<\/strong><\/td>\n<\/tr>\n<tr data-uw-styling-context=\"true\">\n<td width=\"68\" data-uw-styling-context=\"true\">05<\/td>\n<td width=\"695\" data-uw-styling-context=\"true\">Realiza\u00e7\u00e3o dos Sorteios de concess\u00f5es de barracas<\/td>\n<td width=\"227\" data-uw-styling-context=\"true\">19\/05\/2022<\/td>\n<\/tr>\n<tr data-uw-styling-context=\"true\">\n<td width=\"68\" data-uw-styling-context=\"true\">06<\/td>\n<td width=\"695\" data-uw-styling-context=\"true\">Publica\u00e7\u00e3o do Resultado dos Sorteios de concess\u00f5es de barracas<\/td>\n<td width=\"227\" data-uw-styling-context=\"true\">19\/05\/2022<\/td>\n<\/tr>\n<tr data-uw-styling-context=\"true\">\n<td width=\"68\" data-uw-styling-context=\"true\">07<\/td>\n<td width=\"695\" data-uw-styling-context=\"true\">Reuni\u00e3o com os Comerciantes\/Ambulantes<\/td>\n<td width=\"227\" data-uw-styling-context=\"true\">24\/05\/2022<\/td>\n<\/tr>\n<tr data-uw-styling-context=\"true\">\n<td width=\"68\" data-uw-styling-context=\"true\">08<\/td>\n<td width=\"695\" data-uw-styling-context=\"true\">Assinatura de Termo de Cess\u00e3o Tempor\u00e1ria<\/td>\n<td width=\"227\" data-uw-styling-context=\"true\">30\/05\/2022<\/td>\n<\/tr>\n<tr data-uw-styling-context=\"true\">\n<td width=\"68\" data-uw-styling-context=\"true\">09<\/td>\n<td width=\"695\" data-uw-styling-context=\"true\">Festividades Juninas \u2013 S\u00e3o Jo\u00e3o Tradi\u00e7\u00e3o<\/td>\n<td width=\"227\" data-uw-styling-context=\"true\">10 a 30\/06\/2022<\/td>\n<\/tr>\n<\/tbody>\n<\/table>\n<p data-uw-styling-context=\"true\">Confira a lista de inscritos aptos<\/p>\n<p data-uw-styling-context=\"true\"><a href=\"https:\/\/www.sume.pb.gov.br\/wp-content\/uploads\/2022\/05\/RESULTADO-INSCRITOS-BARRACAS-SJOAO-2022.pdf\" data-uw-styling-context=\"true\">RESULTADO INSCRITOS \u2013 BARRACAS SJOAO 2022<\/a><\/p>\n","protected":false},"excerpt":{"rendered":"<p>A\u00a0comiss\u00e3o organizadora de fiscaliza\u00e7\u00e3o e acompanhamento do Edital 01\/2022, institu\u00edda pela Secretaria de Cultura, Esportes e Turismo \u2013 Secult \u2013 do munic\u00edpio de Sum\u00e9, torna p\u00fablico, o resultado da\u00a0an\u00e1lise dos documentos\u00a0dos inscritos no chamamento p\u00fablico, de acordo com o previsto no Edital 01\/2022, item 5, do Cronograma. Foram 24 inscritos sendo que, 23 apresentaram a documenta\u00e7\u00e3o exigida no edital e apenas 01 n\u00e3o cumpriu na \u00edntegra o solicitado no edital. Portanto, o sorteio definitivo acontecer\u00e1 com 23 inscritos aptos. De acordo com o pr\u00f3prio edital, o sorteio acontecer\u00e1 no audit\u00f3rio da Secretaria de Educa\u00e7\u00e3o de Sum\u00e9, na Av 1\u00ba de Abril, 1\u00ba andar, Centro, as 10h. O cronograma segue com as pr\u00f3ximas etapas: N\u00b0 DESCRI\u00c7\u00c3O \/ ETAPAS Datas 01 Publica\u00e7\u00e3o do Edital de Chamamento P\u00fablico 11\/05\/2022 02 Per\u00edodo de inscri\u00e7\u00f5es e entrega de documentos 12, 13 e 16\/05\/2022 03 An\u00e1lise de documentos dos inscritos \u00a0\u00a017\/05\/2022 04 Publica\u00e7\u00e3o do Resultado da An\u00e1lise da documenta\u00e7\u00e3o dos inscritos \u00a0\u00a0\u00a0\u00a0\u00a0\u00a0 18\/05\/2022 05 Realiza\u00e7\u00e3o dos Sorteios de concess\u00f5es de barracas 19\/05\/2022 06 Publica\u00e7\u00e3o do Resultado dos Sorteios de concess\u00f5es de barracas 19\/05\/2022 07 Reuni\u00e3o com os Comerciantes\/Ambulantes 24\/05\/2022 08 Assinatura de Termo de Cess\u00e3o Tempor\u00e1ria 30\/05\/2022 09 Festividades Juninas \u2013 S\u00e3o Jo\u00e3o Tradi\u00e7\u00e3o 10 a 30\/06\/2022 Confira a lista de inscritos aptos RESULTADO INSCRITOS \u2013 BARRACAS SJOAO 2022<\/p>\n","protected":false},"author":2,"featured_media":38861,"comment_status":"closed","ping_status":"open","sticky":false,"template":"","format":"standard","meta":{"_eb_attr":"","_jetpack_memberships_contains_paid_content":false,"footnotes":""},"categories":[3],"tags":[],"class_list":["post-38860","post","type-post","status-publish","format-standard","has-post-thumbnail","hentry","category-cidades"],"yoast_head":"<!-- This site is optimized with the Yoast SEO plugin v26.5 - https:\/\/yoast.com\/wordpress\/plugins\/seo\/ -->\n<title>Sai o resultado das inscri\u00e7\u00f5es das barracas do S\u00e3o Jo\u00e3o de Sum\u00e9 2022 - Not&iacute;cias em Destaque<\/title>\n<meta name=\"robots\" content=\"index, follow, max-snippet:-1, max-image-preview:large, max-video-preview:-1\" \/>\n<link rel=\"canonical\" href=\"https:\/\/noticiasemdestaque.com\/cd\/?p=38860\" \/>\n<meta property=\"og:locale\" content=\"pt_BR\" \/>\n<meta property=\"og:type\" content=\"article\" \/>\n<meta property=\"og:title\" content=\"Sai o resultado das inscri\u00e7\u00f5es das barracas do S\u00e3o Jo\u00e3o de Sum\u00e9 2022 - Not&iacute;cias em Destaque\" \/>\n<meta property=\"og:description\" content=\"A\u00a0comiss\u00e3o organizadora de fiscaliza\u00e7\u00e3o e acompanhamento do Edital 01\/2022, institu\u00edda pela Secretaria de Cultura, Esportes e Turismo \u2013 Secult \u2013 do munic\u00edpio de Sum\u00e9, torna p\u00fablico, o resultado da\u00a0an\u00e1lise dos documentos\u00a0dos inscritos no chamamento p\u00fablico, de acordo com o previsto no Edital 01\/2022, item 5, do Cronograma. Foram 24 inscritos sendo que, 23 apresentaram a documenta\u00e7\u00e3o exigida no edital e apenas 01 n\u00e3o cumpriu na \u00edntegra o solicitado no edital. Portanto, o sorteio definitivo acontecer\u00e1 com 23 inscritos aptos. De acordo com o pr\u00f3prio edital, o sorteio acontecer\u00e1 no audit\u00f3rio da Secretaria de Educa\u00e7\u00e3o de Sum\u00e9, na Av 1\u00ba de Abril, 1\u00ba andar, Centro, as 10h. O cronograma segue com as pr\u00f3ximas etapas: N\u00b0 DESCRI\u00c7\u00c3O \/ ETAPAS Datas 01 Publica\u00e7\u00e3o do Edital de Chamamento P\u00fablico 11\/05\/2022 02 Per\u00edodo de inscri\u00e7\u00f5es e entrega de documentos 12, 13 e 16\/05\/2022 03 An\u00e1lise de documentos dos inscritos \u00a0\u00a017\/05\/2022 04 Publica\u00e7\u00e3o do Resultado da An\u00e1lise da documenta\u00e7\u00e3o dos inscritos \u00a0\u00a0\u00a0\u00a0\u00a0\u00a0 18\/05\/2022 05 Realiza\u00e7\u00e3o dos Sorteios de concess\u00f5es de barracas 19\/05\/2022 06 Publica\u00e7\u00e3o do Resultado dos Sorteios de concess\u00f5es de barracas 19\/05\/2022 07 Reuni\u00e3o com os Comerciantes\/Ambulantes 24\/05\/2022 08 Assinatura de Termo de Cess\u00e3o Tempor\u00e1ria 30\/05\/2022 09 Festividades Juninas \u2013 S\u00e3o Jo\u00e3o Tradi\u00e7\u00e3o 10 a 30\/06\/2022 Confira a lista de inscritos aptos RESULTADO INSCRITOS \u2013 BARRACAS SJOAO 2022\" \/>\n<meta property=\"og:url\" content=\"https:\/\/noticiasemdestaque.com\/cd\/?p=38860\" \/>\n<meta property=\"og:site_name\" content=\"Not&iacute;cias em Destaque\" \/>\n<meta property=\"article:published_time\" content=\"2022-05-18T22:14:20+00:00\" \/>\n<meta property=\"og:image\" content=\"https:\/\/noticiasemdestaque.com\/cd\/wp-content\/uploads\/2022\/05\/selo-735x450-1.png\" \/>\n\t<meta property=\"og:image:width\" content=\"735\" \/>\n\t<meta property=\"og:image:height\" content=\"450\" \/>\n\t<meta property=\"og:image:type\" content=\"image\/png\" \/>\n<meta name=\"author\" content=\"Not\u00edcias em Destaque\" \/>\n<meta name=\"twitter:card\" content=\"summary_large_image\" \/>\n<meta name=\"twitter:label1\" content=\"Escrito por\" \/>\n\t<meta name=\"twitter:data1\" content=\"Not\u00edcias em Destaque\" \/>\n\t<meta name=\"twitter:label2\" content=\"Est. tempo de leitura\" \/>\n\t<meta name=\"twitter:data2\" content=\"1 minuto\" \/>\n<script type=\"application\/ld+json\" class=\"yoast-schema-graph\">{\"@context\":\"https:\/\/schema.org\",\"@graph\":[{\"@type\":\"Article\",\"@id\":\"https:\/\/noticiasemdestaque.com\/cd\/?p=38860#article\",\"isPartOf\":{\"@id\":\"https:\/\/noticiasemdestaque.com\/cd\/?p=38860\"},\"author\":{\"name\":\"Not\u00edcias em Destaque\",\"@id\":\"https:\/\/noticiasemdestaque.com\/cd\/#\/schema\/person\/21320b03a7e8bb90128938dafc9b908a\"},\"headline\":\"Sai o resultado das inscri\u00e7\u00f5es das barracas do S\u00e3o Jo\u00e3o de Sum\u00e9 2022\",\"datePublished\":\"2022-05-18T22:14:20+00:00\",\"mainEntityOfPage\":{\"@id\":\"https:\/\/noticiasemdestaque.com\/cd\/?p=38860\"},\"wordCount\":227,\"publisher\":{\"@id\":\"https:\/\/noticiasemdestaque.com\/cd\/#organization\"},\"image\":{\"@id\":\"https:\/\/noticiasemdestaque.com\/cd\/?p=38860#primaryimage\"},\"thumbnailUrl\":\"https:\/\/noticiasemdestaque.com\/cd\/wp-content\/uploads\/2022\/05\/selo-735x450-1.png\",\"articleSection\":[\"Cidades\"],\"inLanguage\":\"pt-BR\"},{\"@type\":\"WebPage\",\"@id\":\"https:\/\/noticiasemdestaque.com\/cd\/?p=38860\",\"url\":\"https:\/\/noticiasemdestaque.com\/cd\/?p=38860\",\"name\":\"Sai o resultado das inscri\u00e7\u00f5es das barracas do S\u00e3o Jo\u00e3o de Sum\u00e9 2022 - Not&iacute;cias em Destaque\",\"isPartOf\":{\"@id\":\"https:\/\/noticiasemdestaque.com\/cd\/#website\"},\"primaryImageOfPage\":{\"@id\":\"https:\/\/noticiasemdestaque.com\/cd\/?p=38860#primaryimage\"},\"image\":{\"@id\":\"https:\/\/noticiasemdestaque.com\/cd\/?p=38860#primaryimage\"},\"thumbnailUrl\":\"https:\/\/noticiasemdestaque.com\/cd\/wp-content\/uploads\/2022\/05\/selo-735x450-1.png\",\"datePublished\":\"2022-05-18T22:14:20+00:00\",\"breadcrumb\":{\"@id\":\"https:\/\/noticiasemdestaque.com\/cd\/?p=38860#breadcrumb\"},\"inLanguage\":\"pt-BR\",\"potentialAction\":[{\"@type\":\"ReadAction\",\"target\":[\"https:\/\/noticiasemdestaque.com\/cd\/?p=38860\"]}]},{\"@type\":\"ImageObject\",\"inLanguage\":\"pt-BR\",\"@id\":\"https:\/\/noticiasemdestaque.com\/cd\/?p=38860#primaryimage\",\"url\":\"https:\/\/noticiasemdestaque.com\/cd\/wp-content\/uploads\/2022\/05\/selo-735x450-1.png\",\"contentUrl\":\"https:\/\/noticiasemdestaque.com\/cd\/wp-content\/uploads\/2022\/05\/selo-735x450-1.png\",\"width\":735,\"height\":450},{\"@type\":\"BreadcrumbList\",\"@id\":\"https:\/\/noticiasemdestaque.com\/cd\/?p=38860#breadcrumb\",\"itemListElement\":[{\"@type\":\"ListItem\",\"position\":1,\"name\":\"In\u00edcio\",\"item\":\"https:\/\/noticiasemdestaque.com\/cd\/\"},{\"@type\":\"ListItem\",\"position\":2,\"name\":\"Sai o resultado das inscri\u00e7\u00f5es das barracas do S\u00e3o Jo\u00e3o de Sum\u00e9 2022\"}]},{\"@type\":\"WebSite\",\"@id\":\"https:\/\/noticiasemdestaque.com\/cd\/#website\",\"url\":\"https:\/\/noticiasemdestaque.com\/cd\/\",\"name\":\"Not&iacute;cias em Destaque\",\"description\":\"\",\"publisher\":{\"@id\":\"https:\/\/noticiasemdestaque.com\/cd\/#organization\"},\"potentialAction\":[{\"@type\":\"SearchAction\",\"target\":{\"@type\":\"EntryPoint\",\"urlTemplate\":\"https:\/\/noticiasemdestaque.com\/cd\/?s={search_term_string}\"},\"query-input\":{\"@type\":\"PropertyValueSpecification\",\"valueRequired\":true,\"valueName\":\"search_term_string\"}}],\"inLanguage\":\"pt-BR\"},{\"@type\":\"Organization\",\"@id\":\"https:\/\/noticiasemdestaque.com\/cd\/#organization\",\"name\":\"Not\u00edcias em Destaque\",\"url\":\"https:\/\/noticiasemdestaque.com\/cd\/\",\"logo\":{\"@type\":\"ImageObject\",\"inLanguage\":\"pt-BR\",\"@id\":\"https:\/\/noticiasemdestaque.com\/cd\/#\/schema\/logo\/image\/\",\"url\":\"https:\/\/noticiasemdestaque.com\/cd\/wp-content\/uploads\/2022\/05\/imagem-base-noticiasemdestaque.png\",\"contentUrl\":\"https:\/\/noticiasemdestaque.com\/cd\/wp-content\/uploads\/2022\/05\/imagem-base-noticiasemdestaque.png\",\"width\":1200,\"height\":630,\"caption\":\"Not\u00edcias em Destaque\"},\"image\":{\"@id\":\"https:\/\/noticiasemdestaque.com\/cd\/#\/schema\/logo\/image\/\"}},{\"@type\":\"Person\",\"@id\":\"https:\/\/noticiasemdestaque.com\/cd\/#\/schema\/person\/21320b03a7e8bb90128938dafc9b908a\",\"name\":\"Not\u00edcias em Destaque\",\"url\":\"https:\/\/noticiasemdestaque.com\/cd\/?author=2\"}]}<\/script>\n<!-- \/ Yoast SEO plugin. -->","yoast_head_json":{"title":"Sai o resultado das inscri\u00e7\u00f5es das barracas do S\u00e3o Jo\u00e3o de Sum\u00e9 2022 - Not&iacute;cias em Destaque","robots":{"index":"index","follow":"follow","max-snippet":"max-snippet:-1","max-image-preview":"max-image-preview:large","max-video-preview":"max-video-preview:-1"},"canonical":"https:\/\/noticiasemdestaque.com\/cd\/?p=38860","og_locale":"pt_BR","og_type":"article","og_title":"Sai o resultado das inscri\u00e7\u00f5es das barracas do S\u00e3o Jo\u00e3o de Sum\u00e9 2022 - Not&iacute;cias em Destaque","og_description":"A\u00a0comiss\u00e3o organizadora de fiscaliza\u00e7\u00e3o e acompanhamento do Edital 01\/2022, institu\u00edda pela Secretaria de Cultura, Esportes e Turismo \u2013 Secult \u2013 do munic\u00edpio de Sum\u00e9, torna p\u00fablico, o resultado da\u00a0an\u00e1lise dos documentos\u00a0dos inscritos no chamamento p\u00fablico, de acordo com o previsto no Edital 01\/2022, item 5, do Cronograma. Foram 24 inscritos sendo que, 23 apresentaram a documenta\u00e7\u00e3o exigida no edital e apenas 01 n\u00e3o cumpriu na \u00edntegra o solicitado no edital. Portanto, o sorteio definitivo acontecer\u00e1 com 23 inscritos aptos. De acordo com o pr\u00f3prio edital, o sorteio acontecer\u00e1 no audit\u00f3rio da Secretaria de Educa\u00e7\u00e3o de Sum\u00e9, na Av 1\u00ba de Abril, 1\u00ba andar, Centro, as 10h. O cronograma segue com as pr\u00f3ximas etapas: N\u00b0 DESCRI\u00c7\u00c3O \/ ETAPAS Datas 01 Publica\u00e7\u00e3o do Edital de Chamamento P\u00fablico 11\/05\/2022 02 Per\u00edodo de inscri\u00e7\u00f5es e entrega de documentos 12, 13 e 16\/05\/2022 03 An\u00e1lise de documentos dos inscritos \u00a0\u00a017\/05\/2022 04 Publica\u00e7\u00e3o do Resultado da An\u00e1lise da documenta\u00e7\u00e3o dos inscritos \u00a0\u00a0\u00a0\u00a0\u00a0\u00a0 18\/05\/2022 05 Realiza\u00e7\u00e3o dos Sorteios de concess\u00f5es de barracas 19\/05\/2022 06 Publica\u00e7\u00e3o do Resultado dos Sorteios de concess\u00f5es de barracas 19\/05\/2022 07 Reuni\u00e3o com os Comerciantes\/Ambulantes 24\/05\/2022 08 Assinatura de Termo de Cess\u00e3o Tempor\u00e1ria 30\/05\/2022 09 Festividades Juninas \u2013 S\u00e3o Jo\u00e3o Tradi\u00e7\u00e3o 10 a 30\/06\/2022 Confira a lista de inscritos aptos RESULTADO INSCRITOS \u2013 BARRACAS SJOAO 2022","og_url":"https:\/\/noticiasemdestaque.com\/cd\/?p=38860","og_site_name":"Not&iacute;cias em Destaque","article_published_time":"2022-05-18T22:14:20+00:00","og_image":[{"width":735,"height":450,"url":"https:\/\/noticiasemdestaque.com\/cd\/wp-content\/uploads\/2022\/05\/selo-735x450-1.png","type":"image\/png"}],"author":"Not\u00edcias em Destaque","twitter_card":"summary_large_image","twitter_misc":{"Escrito por":"Not\u00edcias em Destaque","Est. tempo de leitura":"1 minuto"},"schema":{"@context":"https:\/\/schema.org","@graph":[{"@type":"Article","@id":"https:\/\/noticiasemdestaque.com\/cd\/?p=38860#article","isPartOf":{"@id":"https:\/\/noticiasemdestaque.com\/cd\/?p=38860"},"author":{"name":"Not\u00edcias em Destaque","@id":"https:\/\/noticiasemdestaque.com\/cd\/#\/schema\/person\/21320b03a7e8bb90128938dafc9b908a"},"headline":"Sai o resultado das inscri\u00e7\u00f5es das barracas do S\u00e3o Jo\u00e3o de Sum\u00e9 2022","datePublished":"2022-05-18T22:14:20+00:00","mainEntityOfPage":{"@id":"https:\/\/noticiasemdestaque.com\/cd\/?p=38860"},"wordCount":227,"publisher":{"@id":"https:\/\/noticiasemdestaque.com\/cd\/#organization"},"image":{"@id":"https:\/\/noticiasemdestaque.com\/cd\/?p=38860#primaryimage"},"thumbnailUrl":"https:\/\/noticiasemdestaque.com\/cd\/wp-content\/uploads\/2022\/05\/selo-735x450-1.png","articleSection":["Cidades"],"inLanguage":"pt-BR"},{"@type":"WebPage","@id":"https:\/\/noticiasemdestaque.com\/cd\/?p=38860","url":"https:\/\/noticiasemdestaque.com\/cd\/?p=38860","name":"Sai o resultado das inscri\u00e7\u00f5es das barracas do S\u00e3o Jo\u00e3o de Sum\u00e9 2022 - Not&iacute;cias em Destaque","isPartOf":{"@id":"https:\/\/noticiasemdestaque.com\/cd\/#website"},"primaryImageOfPage":{"@id":"https:\/\/noticiasemdestaque.com\/cd\/?p=38860#primaryimage"},"image":{"@id":"https:\/\/noticiasemdestaque.com\/cd\/?p=38860#primaryimage"},"thumbnailUrl":"https:\/\/noticiasemdestaque.com\/cd\/wp-content\/uploads\/2022\/05\/selo-735x450-1.png","datePublished":"2022-05-18T22:14:20+00:00","breadcrumb":{"@id":"https:\/\/noticiasemdestaque.com\/cd\/?p=38860#breadcrumb"},"inLanguage":"pt-BR","potentialAction":[{"@type":"ReadAction","target":["https:\/\/noticiasemdestaque.com\/cd\/?p=38860"]}]},{"@type":"ImageObject","inLanguage":"pt-BR","@id":"https:\/\/noticiasemdestaque.com\/cd\/?p=38860#primaryimage","url":"https:\/\/noticiasemdestaque.com\/cd\/wp-content\/uploads\/2022\/05\/selo-735x450-1.png","contentUrl":"https:\/\/noticiasemdestaque.com\/cd\/wp-content\/uploads\/2022\/05\/selo-735x450-1.png","width":735,"height":450},{"@type":"BreadcrumbList","@id":"https:\/\/noticiasemdestaque.com\/cd\/?p=38860#breadcrumb","itemListElement":[{"@type":"ListItem","position":1,"name":"In\u00edcio","item":"https:\/\/noticiasemdestaque.com\/cd\/"},{"@type":"ListItem","position":2,"name":"Sai o resultado das inscri\u00e7\u00f5es das barracas do S\u00e3o Jo\u00e3o de Sum\u00e9 2022"}]},{"@type":"WebSite","@id":"https:\/\/noticiasemdestaque.com\/cd\/#website","url":"https:\/\/noticiasemdestaque.com\/cd\/","name":"Not&iacute;cias em Destaque","description":"","publisher":{"@id":"https:\/\/noticiasemdestaque.com\/cd\/#organization"},"potentialAction":[{"@type":"SearchAction","target":{"@type":"EntryPoint","urlTemplate":"https:\/\/noticiasemdestaque.com\/cd\/?s={search_term_string}"},"query-input":{"@type":"PropertyValueSpecification","valueRequired":true,"valueName":"search_term_string"}}],"inLanguage":"pt-BR"},{"@type":"Organization","@id":"https:\/\/noticiasemdestaque.com\/cd\/#organization","name":"Not\u00edcias em Destaque","url":"https:\/\/noticiasemdestaque.com\/cd\/","logo":{"@type":"ImageObject","inLanguage":"pt-BR","@id":"https:\/\/noticiasemdestaque.com\/cd\/#\/schema\/logo\/image\/","url":"https:\/\/noticiasemdestaque.com\/cd\/wp-content\/uploads\/2022\/05\/imagem-base-noticiasemdestaque.png","contentUrl":"https:\/\/noticiasemdestaque.com\/cd\/wp-content\/uploads\/2022\/05\/imagem-base-noticiasemdestaque.png","width":1200,"height":630,"caption":"Not\u00edcias em Destaque"},"image":{"@id":"https:\/\/noticiasemdestaque.com\/cd\/#\/schema\/logo\/image\/"}},{"@type":"Person","@id":"https:\/\/noticiasemdestaque.com\/cd\/#\/schema\/person\/21320b03a7e8bb90128938dafc9b908a","name":"Not\u00edcias em Destaque","url":"https:\/\/noticiasemdestaque.com\/cd\/?author=2"}]}},"jetpack_featured_media_url":"https:\/\/noticiasemdestaque.com\/cd\/wp-content\/uploads\/2022\/05\/selo-735x450-1.png","jetpack_sharing_enabled":true,"_links":{"self":[{"href":"https:\/\/noticiasemdestaque.com\/cd\/index.php?rest_route=\/wp\/v2\/posts\/38860","targetHints":{"allow":["GET"]}}],"collection":[{"href":"https:\/\/noticiasemdestaque.com\/cd\/index.php?rest_route=\/wp\/v2\/posts"}],"about":[{"href":"https:\/\/noticiasemdestaque.com\/cd\/index.php?rest_route=\/wp\/v2\/types\/post"}],"author":[{"embeddable":true,"href":"https:\/\/noticiasemdestaque.com\/cd\/index.php?rest_route=\/wp\/v2\/users\/2"}],"replies":[{"embeddable":true,"href":"https:\/\/noticiasemdestaque.com\/cd\/index.php?rest_route=%2Fwp%2Fv2%2Fcomments&post=38860"}],"version-history":[{"count":1,"href":"https:\/\/noticiasemdestaque.com\/cd\/index.php?rest_route=\/wp\/v2\/posts\/38860\/revisions"}],"predecessor-version":[{"id":38862,"href":"https:\/\/noticiasemdestaque.com\/cd\/index.php?rest_route=\/wp\/v2\/posts\/38860\/revisions\/38862"}],"wp:featuredmedia":[{"embeddable":true,"href":"https:\/\/noticiasemdestaque.com\/cd\/index.php?rest_route=\/wp\/v2\/media\/38861"}],"wp:attachment":[{"href":"https:\/\/noticiasemdestaque.com\/cd\/index.php?rest_route=%2Fwp%2Fv2%2Fmedia&parent=38860"}],"wp:term":[{"taxonomy":"category","embeddable":true,"href":"https:\/\/noticiasemdestaque.com\/cd\/index.php?rest_route=%2Fwp%2Fv2%2Fcategories&post=38860"},{"taxonomy":"post_tag","embeddable":true,"href":"https:\/\/noticiasemdestaque.com\/cd\/index.php?rest_route=%2Fwp%2Fv2%2Ftags&post=38860"}],"curies":[{"name":"wp","href":"https:\/\/api.w.org\/{rel}","templated":true}]}}