{"id":3885,"date":"2017-09-01T13:27:21","date_gmt":"2017-09-01T16:27:21","guid":{"rendered":"http:\/\/caririemdestaque.com\/cd\/?p=3885"},"modified":"2017-09-01T13:27:21","modified_gmt":"2017-09-01T16:27:21","slug":"parasita-que-causa-malaria-em-macacos-pode-infectar-humano","status":"publish","type":"post","link":"https:\/\/noticiasemdestaque.com\/cd\/?p=3885","title":{"rendered":"Parasita que causa mal\u00e1ria em macacos pode infectar humano"},"content":{"rendered":"<p><a href=\"http:\/\/caririemdestaque.com\/cd\/wp-content\/uploads\/2017\/09\/3l4o0y8gh6_vubdrkexo_file.jpg\"><img fetchpriority=\"high\" decoding=\"async\" class=\"alignleft wp-image-3886 size-medium\" src=\"http:\/\/caririemdestaque.com\/cd\/wp-content\/uploads\/2017\/09\/3l4o0y8gh6_vubdrkexo_file-300x199.jpg\" alt=\"\" width=\"300\" height=\"199\" srcset=\"https:\/\/noticiasemdestaque.com\/cd\/wp-content\/uploads\/2017\/09\/3l4o0y8gh6_vubdrkexo_file-300x199.jpg 300w, https:\/\/noticiasemdestaque.com\/cd\/wp-content\/uploads\/2017\/09\/3l4o0y8gh6_vubdrkexo_file.jpg 460w\" sizes=\"(max-width: 300px) 100vw, 300px\" \/><\/a>Um estudo liderado por pesquisadores da Fiocruz (Funda\u00e7\u00e3o Oswaldo Cruz) aponta que um parasita que causava mal\u00e1ria apenas em macacos est\u00e1 relacionado a casos humanos ocorridos na regi\u00e3o de Mata Atl\u00e2ntica do Rio de Janeiro. Publicado ontem (31) na revista cient\u00edfica The Lancet Global Health, o trabalho demonstra que o estado do Rio de Janeiro \u00e9 o segundo foco encontrado no mundo com transmiss\u00e3o desse tipo de mal\u00e1ria. O primeiro local em que o protozo\u00e1rio foi encontrado em humanos foi na Mal\u00e1sia, na \u00c1sia.<\/p>\n<p>Conhecido como Plasmodium simium, o parasita foi respons\u00e1vel pela infec\u00e7\u00e3o de 28 pessoas na regi\u00e3o de Mata Atl\u00e2ntica fluminense em 2015 e 2016. Enquanto de 2006 a 2014, o Rio registrava m\u00e9dia de quatro casos aut\u00f3ctones (locais) de mal\u00e1ria por ano, em 2015 e 2016, esse \u00edndice subiu para 33 e 16, respectivamente. Com a descoberta, o protozo\u00e1rio torna-se causador do sexto tipo de mal\u00e1ria humana. No Brasil, a doen\u00e7a era conhecidamente causada por tr\u00eas esp\u00e9cies do g\u00eanero Plasmodium: P. vivax, P. falciparum e P. malariae.<\/p>\n<p>De acordo com o coordenador do estudo, Cl\u00e1udio Tadeu Daniel-Ribeiro, chefe do Laborat\u00f3rio de Pesquisa em Mal\u00e1ria do Instituto Oswaldo Cruz (IOC\/Fiocruz) a descoberta tem impacto relevante para a sa\u00fade p\u00fablica, por representar uma nova forma de infec\u00e7\u00e3o.<\/p>\n<p>\u2014 A partir dos dados trazidos por esse estudo, \u00e9 razo\u00e1vel supor que uma nova modalidade de transmiss\u00e3o, envolvendo macacos, mosquitos prevalentes na regi\u00e3o e um parasita diferente do P. vivax encontrado na Amaz\u00f4nia est\u00e1 causando os casos nas regi\u00f5es da Mata Atl\u00e2ntica do Rio de Janeiro e, possivelmente, em outros estados. No entanto, do ponto de vista da vigil\u00e2ncia epidemiol\u00f3gica, os casos de mal\u00e1ria que detectamos representam uma parcela m\u00ednima dos registros da doen\u00e7a no pa\u00eds. Al\u00e9m disso, todos os pacientes diagnosticados com a infec\u00e7\u00e3o apresentaram apenas sintomas leves e se recuperaram rapidamente ap\u00f3s o tratamento.<\/p>\n<p>O tratamento contra mal\u00e1ria varia conforme o tipo do protozo\u00e1rio que causa a doen\u00e7a e \u00e9 feito com medicamentos antimal\u00e1ricos. O parasita P. falciparum o mais grave e \u00e9 encontrado na Regi\u00e3o Amaz\u00f4nica. Esse tipo de mal\u00e1ria pode levar at\u00e9 a morte do doente. O principal sintoma da doen\u00e7a \u00e9 a febre e pode haver dores de cabe\u00e7a, no corpo e nas articulal\u00e7\u00f5es. Segundo o estudo, a mal\u00e1ria da Mata Atl\u00e2ntica costuma ter poucos sintomas e raramente \u00e9 motivo de interna\u00e7\u00e3o hospitalar.<\/p>\n<p><strong><em>Cariri em Destaque<\/em><\/strong><\/p>\n<p>Com R7<\/p>\n","protected":false},"excerpt":{"rendered":"<p>Um estudo liderado por pesquisadores da Fiocruz (Funda\u00e7\u00e3o Oswaldo Cruz) aponta que um parasita que causava mal\u00e1ria apenas em macacos est\u00e1 relacionado a casos humanos ocorridos na regi\u00e3o de Mata Atl\u00e2ntica do Rio de Janeiro. Publicado ontem (31) na revista cient\u00edfica The Lancet Global Health, o trabalho demonstra que o estado do Rio de Janeiro \u00e9 o segundo foco encontrado no mundo com transmiss\u00e3o desse tipo de mal\u00e1ria. O primeiro local em que o protozo\u00e1rio foi encontrado em humanos foi na Mal\u00e1sia, na \u00c1sia. Conhecido como Plasmodium simium, o parasita foi respons\u00e1vel pela infec\u00e7\u00e3o de 28 pessoas na regi\u00e3o de Mata Atl\u00e2ntica fluminense em 2015 e 2016. Enquanto de 2006 a 2014, o Rio registrava m\u00e9dia de quatro casos aut\u00f3ctones (locais) de mal\u00e1ria por ano, em 2015 e 2016, esse \u00edndice subiu para 33 e 16, respectivamente. Com a descoberta, o protozo\u00e1rio torna-se causador do sexto tipo de mal\u00e1ria humana. No Brasil, a doen\u00e7a era conhecidamente causada por tr\u00eas esp\u00e9cies do g\u00eanero Plasmodium: P. vivax, P. falciparum e P. malariae. De acordo com o coordenador do estudo, Cl\u00e1udio Tadeu Daniel-Ribeiro, chefe do Laborat\u00f3rio de Pesquisa em Mal\u00e1ria do Instituto Oswaldo Cruz (IOC\/Fiocruz) a descoberta tem impacto relevante para a sa\u00fade p\u00fablica, por representar uma nova forma de infec\u00e7\u00e3o. \u2014 A partir dos dados trazidos por esse estudo, \u00e9 razo\u00e1vel supor que uma nova modalidade de transmiss\u00e3o, envolvendo macacos, mosquitos prevalentes na regi\u00e3o e um parasita diferente do P. vivax encontrado na Amaz\u00f4nia est\u00e1 causando os casos nas regi\u00f5es da Mata Atl\u00e2ntica do Rio de Janeiro e, possivelmente, em outros estados. No entanto, do ponto de vista da vigil\u00e2ncia epidemiol\u00f3gica, os casos de mal\u00e1ria que detectamos representam uma parcela m\u00ednima dos registros da doen\u00e7a no pa\u00eds. Al\u00e9m disso, todos os pacientes diagnosticados com a infec\u00e7\u00e3o apresentaram apenas sintomas leves e se recuperaram rapidamente ap\u00f3s o tratamento. O tratamento contra mal\u00e1ria varia conforme o tipo do protozo\u00e1rio que causa a doen\u00e7a e \u00e9 feito com medicamentos antimal\u00e1ricos. O parasita P. falciparum o mais grave e \u00e9 encontrado na Regi\u00e3o Amaz\u00f4nica. Esse tipo de mal\u00e1ria pode levar at\u00e9 a morte do doente. O principal sintoma da doen\u00e7a \u00e9 a febre e pode haver dores de cabe\u00e7a, no corpo e nas articulal\u00e7\u00f5es. Segundo o estudo, a mal\u00e1ria da Mata Atl\u00e2ntica costuma ter poucos sintomas e raramente \u00e9 motivo de interna\u00e7\u00e3o hospitalar. Cariri em Destaque Com R7<\/p>\n","protected":false},"author":2,"featured_media":3886,"comment_status":"closed","ping_status":"open","sticky":false,"template":"","format":"standard","meta":{"_eb_attr":"","_jetpack_memberships_contains_paid_content":false,"footnotes":""},"categories":[8],"tags":[],"class_list":["post-3885","post","type-post","status-publish","format-standard","has-post-thumbnail","hentry","category-saude"],"yoast_head":"<!-- This site is optimized with the Yoast SEO plugin v26.5 - https:\/\/yoast.com\/wordpress\/plugins\/seo\/ -->\n<title>Parasita que causa mal\u00e1ria em macacos pode infectar humano - Not&iacute;cias em Destaque<\/title>\n<meta name=\"robots\" content=\"index, follow, max-snippet:-1, max-image-preview:large, max-video-preview:-1\" \/>\n<link rel=\"canonical\" href=\"https:\/\/noticiasemdestaque.com\/cd\/?p=3885\" \/>\n<meta property=\"og:locale\" content=\"pt_BR\" \/>\n<meta property=\"og:type\" content=\"article\" \/>\n<meta property=\"og:title\" content=\"Parasita que causa mal\u00e1ria em macacos pode infectar humano - Not&iacute;cias em Destaque\" \/>\n<meta property=\"og:description\" content=\"Um estudo liderado por pesquisadores da Fiocruz (Funda\u00e7\u00e3o Oswaldo Cruz) aponta que um parasita que causava mal\u00e1ria apenas em macacos est\u00e1 relacionado a casos humanos ocorridos na regi\u00e3o de Mata Atl\u00e2ntica do Rio de Janeiro. Publicado ontem (31) na revista cient\u00edfica The Lancet Global Health, o trabalho demonstra que o estado do Rio de Janeiro \u00e9 o segundo foco encontrado no mundo com transmiss\u00e3o desse tipo de mal\u00e1ria. O primeiro local em que o protozo\u00e1rio foi encontrado em humanos foi na Mal\u00e1sia, na \u00c1sia. Conhecido como Plasmodium simium, o parasita foi respons\u00e1vel pela infec\u00e7\u00e3o de 28 pessoas na regi\u00e3o de Mata Atl\u00e2ntica fluminense em 2015 e 2016. Enquanto de 2006 a 2014, o Rio registrava m\u00e9dia de quatro casos aut\u00f3ctones (locais) de mal\u00e1ria por ano, em 2015 e 2016, esse \u00edndice subiu para 33 e 16, respectivamente. Com a descoberta, o protozo\u00e1rio torna-se causador do sexto tipo de mal\u00e1ria humana. No Brasil, a doen\u00e7a era conhecidamente causada por tr\u00eas esp\u00e9cies do g\u00eanero Plasmodium: P. vivax, P. falciparum e P. malariae. De acordo com o coordenador do estudo, Cl\u00e1udio Tadeu Daniel-Ribeiro, chefe do Laborat\u00f3rio de Pesquisa em Mal\u00e1ria do Instituto Oswaldo Cruz (IOC\/Fiocruz) a descoberta tem impacto relevante para a sa\u00fade p\u00fablica, por representar uma nova forma de infec\u00e7\u00e3o. \u2014 A partir dos dados trazidos por esse estudo, \u00e9 razo\u00e1vel supor que uma nova modalidade de transmiss\u00e3o, envolvendo macacos, mosquitos prevalentes na regi\u00e3o e um parasita diferente do P. vivax encontrado na Amaz\u00f4nia est\u00e1 causando os casos nas regi\u00f5es da Mata Atl\u00e2ntica do Rio de Janeiro e, possivelmente, em outros estados. No entanto, do ponto de vista da vigil\u00e2ncia epidemiol\u00f3gica, os casos de mal\u00e1ria que detectamos representam uma parcela m\u00ednima dos registros da doen\u00e7a no pa\u00eds. Al\u00e9m disso, todos os pacientes diagnosticados com a infec\u00e7\u00e3o apresentaram apenas sintomas leves e se recuperaram rapidamente ap\u00f3s o tratamento. O tratamento contra mal\u00e1ria varia conforme o tipo do protozo\u00e1rio que causa a doen\u00e7a e \u00e9 feito com medicamentos antimal\u00e1ricos. O parasita P. falciparum o mais grave e \u00e9 encontrado na Regi\u00e3o Amaz\u00f4nica. Esse tipo de mal\u00e1ria pode levar at\u00e9 a morte do doente. O principal sintoma da doen\u00e7a \u00e9 a febre e pode haver dores de cabe\u00e7a, no corpo e nas articulal\u00e7\u00f5es. Segundo o estudo, a mal\u00e1ria da Mata Atl\u00e2ntica costuma ter poucos sintomas e raramente \u00e9 motivo de interna\u00e7\u00e3o hospitalar. Cariri em Destaque Com R7\" \/>\n<meta property=\"og:url\" content=\"https:\/\/noticiasemdestaque.com\/cd\/?p=3885\" \/>\n<meta property=\"og:site_name\" content=\"Not&iacute;cias em Destaque\" \/>\n<meta property=\"article:published_time\" content=\"2017-09-01T16:27:21+00:00\" \/>\n<meta property=\"og:image\" content=\"https:\/\/noticiasemdestaque.com\/cd\/wp-content\/uploads\/2017\/09\/3l4o0y8gh6_vubdrkexo_file.jpg\" \/>\n\t<meta property=\"og:image:width\" content=\"460\" \/>\n\t<meta property=\"og:image:height\" content=\"305\" \/>\n\t<meta property=\"og:image:type\" content=\"image\/jpeg\" \/>\n<meta name=\"author\" content=\"Not\u00edcias em Destaque\" \/>\n<meta name=\"twitter:card\" content=\"summary_large_image\" \/>\n<meta name=\"twitter:label1\" content=\"Escrito por\" \/>\n\t<meta name=\"twitter:data1\" content=\"Not\u00edcias em Destaque\" \/>\n\t<meta name=\"twitter:label2\" content=\"Est. tempo de leitura\" \/>\n\t<meta name=\"twitter:data2\" content=\"2 minutos\" \/>\n<script type=\"application\/ld+json\" class=\"yoast-schema-graph\">{\"@context\":\"https:\/\/schema.org\",\"@graph\":[{\"@type\":\"Article\",\"@id\":\"https:\/\/noticiasemdestaque.com\/cd\/?p=3885#article\",\"isPartOf\":{\"@id\":\"https:\/\/noticiasemdestaque.com\/cd\/?p=3885\"},\"author\":{\"name\":\"Not\u00edcias em Destaque\",\"@id\":\"https:\/\/noticiasemdestaque.com\/cd\/#\/schema\/person\/4a81fb71f77579d059c3045891fa1786\"},\"headline\":\"Parasita que causa mal\u00e1ria em macacos pode infectar humano\",\"datePublished\":\"2017-09-01T16:27:21+00:00\",\"mainEntityOfPage\":{\"@id\":\"https:\/\/noticiasemdestaque.com\/cd\/?p=3885\"},\"wordCount\":442,\"publisher\":{\"@id\":\"https:\/\/noticiasemdestaque.com\/cd\/#organization\"},\"image\":{\"@id\":\"https:\/\/noticiasemdestaque.com\/cd\/?p=3885#primaryimage\"},\"thumbnailUrl\":\"https:\/\/noticiasemdestaque.com\/cd\/wp-content\/uploads\/2017\/09\/3l4o0y8gh6_vubdrkexo_file.jpg\",\"articleSection\":[\"Sa\u00fade\"],\"inLanguage\":\"pt-BR\"},{\"@type\":\"WebPage\",\"@id\":\"https:\/\/noticiasemdestaque.com\/cd\/?p=3885\",\"url\":\"https:\/\/noticiasemdestaque.com\/cd\/?p=3885\",\"name\":\"Parasita que causa mal\u00e1ria em macacos pode infectar humano - Not&iacute;cias em Destaque\",\"isPartOf\":{\"@id\":\"https:\/\/noticiasemdestaque.com\/cd\/#website\"},\"primaryImageOfPage\":{\"@id\":\"https:\/\/noticiasemdestaque.com\/cd\/?p=3885#primaryimage\"},\"image\":{\"@id\":\"https:\/\/noticiasemdestaque.com\/cd\/?p=3885#primaryimage\"},\"thumbnailUrl\":\"https:\/\/noticiasemdestaque.com\/cd\/wp-content\/uploads\/2017\/09\/3l4o0y8gh6_vubdrkexo_file.jpg\",\"datePublished\":\"2017-09-01T16:27:21+00:00\",\"breadcrumb\":{\"@id\":\"https:\/\/noticiasemdestaque.com\/cd\/?p=3885#breadcrumb\"},\"inLanguage\":\"pt-BR\",\"potentialAction\":[{\"@type\":\"ReadAction\",\"target\":[\"https:\/\/noticiasemdestaque.com\/cd\/?p=3885\"]}]},{\"@type\":\"ImageObject\",\"inLanguage\":\"pt-BR\",\"@id\":\"https:\/\/noticiasemdestaque.com\/cd\/?p=3885#primaryimage\",\"url\":\"https:\/\/noticiasemdestaque.com\/cd\/wp-content\/uploads\/2017\/09\/3l4o0y8gh6_vubdrkexo_file.jpg\",\"contentUrl\":\"https:\/\/noticiasemdestaque.com\/cd\/wp-content\/uploads\/2017\/09\/3l4o0y8gh6_vubdrkexo_file.jpg\",\"width\":460,\"height\":305},{\"@type\":\"BreadcrumbList\",\"@id\":\"https:\/\/noticiasemdestaque.com\/cd\/?p=3885#breadcrumb\",\"itemListElement\":[{\"@type\":\"ListItem\",\"position\":1,\"name\":\"In\u00edcio\",\"item\":\"https:\/\/noticiasemdestaque.com\/cd\/\"},{\"@type\":\"ListItem\",\"position\":2,\"name\":\"Parasita que causa mal\u00e1ria em macacos pode infectar humano\"}]},{\"@type\":\"WebSite\",\"@id\":\"https:\/\/noticiasemdestaque.com\/cd\/#website\",\"url\":\"https:\/\/noticiasemdestaque.com\/cd\/\",\"name\":\"Not&iacute;cias em Destaque\",\"description\":\"\",\"publisher\":{\"@id\":\"https:\/\/noticiasemdestaque.com\/cd\/#organization\"},\"potentialAction\":[{\"@type\":\"SearchAction\",\"target\":{\"@type\":\"EntryPoint\",\"urlTemplate\":\"https:\/\/noticiasemdestaque.com\/cd\/?s={search_term_string}\"},\"query-input\":{\"@type\":\"PropertyValueSpecification\",\"valueRequired\":true,\"valueName\":\"search_term_string\"}}],\"inLanguage\":\"pt-BR\"},{\"@type\":\"Organization\",\"@id\":\"https:\/\/noticiasemdestaque.com\/cd\/#organization\",\"name\":\"Not\u00edcias em Destaque\",\"url\":\"https:\/\/noticiasemdestaque.com\/cd\/\",\"logo\":{\"@type\":\"ImageObject\",\"inLanguage\":\"pt-BR\",\"@id\":\"https:\/\/noticiasemdestaque.com\/cd\/#\/schema\/logo\/image\/\",\"url\":\"https:\/\/noticiasemdestaque.com\/cd\/wp-content\/uploads\/2022\/05\/imagem-base-noticiasemdestaque.png\",\"contentUrl\":\"https:\/\/noticiasemdestaque.com\/cd\/wp-content\/uploads\/2022\/05\/imagem-base-noticiasemdestaque.png\",\"width\":1200,\"height\":630,\"caption\":\"Not\u00edcias em Destaque\"},\"image\":{\"@id\":\"https:\/\/noticiasemdestaque.com\/cd\/#\/schema\/logo\/image\/\"}},{\"@type\":\"Person\",\"@id\":\"https:\/\/noticiasemdestaque.com\/cd\/#\/schema\/person\/4a81fb71f77579d059c3045891fa1786\",\"name\":\"Not\u00edcias em Destaque\",\"url\":\"https:\/\/noticiasemdestaque.com\/cd\/?author=2\"}]}<\/script>\n<!-- \/ Yoast SEO plugin. -->","yoast_head_json":{"title":"Parasita que causa mal\u00e1ria em macacos pode infectar humano - Not&iacute;cias em Destaque","robots":{"index":"index","follow":"follow","max-snippet":"max-snippet:-1","max-image-preview":"max-image-preview:large","max-video-preview":"max-video-preview:-1"},"canonical":"https:\/\/noticiasemdestaque.com\/cd\/?p=3885","og_locale":"pt_BR","og_type":"article","og_title":"Parasita que causa mal\u00e1ria em macacos pode infectar humano - Not&iacute;cias em Destaque","og_description":"Um estudo liderado por pesquisadores da Fiocruz (Funda\u00e7\u00e3o Oswaldo Cruz) aponta que um parasita que causava mal\u00e1ria apenas em macacos est\u00e1 relacionado a casos humanos ocorridos na regi\u00e3o de Mata Atl\u00e2ntica do Rio de Janeiro. Publicado ontem (31) na revista cient\u00edfica The Lancet Global Health, o trabalho demonstra que o estado do Rio de Janeiro \u00e9 o segundo foco encontrado no mundo com transmiss\u00e3o desse tipo de mal\u00e1ria. O primeiro local em que o protozo\u00e1rio foi encontrado em humanos foi na Mal\u00e1sia, na \u00c1sia. Conhecido como Plasmodium simium, o parasita foi respons\u00e1vel pela infec\u00e7\u00e3o de 28 pessoas na regi\u00e3o de Mata Atl\u00e2ntica fluminense em 2015 e 2016. Enquanto de 2006 a 2014, o Rio registrava m\u00e9dia de quatro casos aut\u00f3ctones (locais) de mal\u00e1ria por ano, em 2015 e 2016, esse \u00edndice subiu para 33 e 16, respectivamente. Com a descoberta, o protozo\u00e1rio torna-se causador do sexto tipo de mal\u00e1ria humana. No Brasil, a doen\u00e7a era conhecidamente causada por tr\u00eas esp\u00e9cies do g\u00eanero Plasmodium: P. vivax, P. falciparum e P. malariae. De acordo com o coordenador do estudo, Cl\u00e1udio Tadeu Daniel-Ribeiro, chefe do Laborat\u00f3rio de Pesquisa em Mal\u00e1ria do Instituto Oswaldo Cruz (IOC\/Fiocruz) a descoberta tem impacto relevante para a sa\u00fade p\u00fablica, por representar uma nova forma de infec\u00e7\u00e3o. \u2014 A partir dos dados trazidos por esse estudo, \u00e9 razo\u00e1vel supor que uma nova modalidade de transmiss\u00e3o, envolvendo macacos, mosquitos prevalentes na regi\u00e3o e um parasita diferente do P. vivax encontrado na Amaz\u00f4nia est\u00e1 causando os casos nas regi\u00f5es da Mata Atl\u00e2ntica do Rio de Janeiro e, possivelmente, em outros estados. No entanto, do ponto de vista da vigil\u00e2ncia epidemiol\u00f3gica, os casos de mal\u00e1ria que detectamos representam uma parcela m\u00ednima dos registros da doen\u00e7a no pa\u00eds. Al\u00e9m disso, todos os pacientes diagnosticados com a infec\u00e7\u00e3o apresentaram apenas sintomas leves e se recuperaram rapidamente ap\u00f3s o tratamento. O tratamento contra mal\u00e1ria varia conforme o tipo do protozo\u00e1rio que causa a doen\u00e7a e \u00e9 feito com medicamentos antimal\u00e1ricos. O parasita P. falciparum o mais grave e \u00e9 encontrado na Regi\u00e3o Amaz\u00f4nica. Esse tipo de mal\u00e1ria pode levar at\u00e9 a morte do doente. O principal sintoma da doen\u00e7a \u00e9 a febre e pode haver dores de cabe\u00e7a, no corpo e nas articulal\u00e7\u00f5es. Segundo o estudo, a mal\u00e1ria da Mata Atl\u00e2ntica costuma ter poucos sintomas e raramente \u00e9 motivo de interna\u00e7\u00e3o hospitalar. Cariri em Destaque Com R7","og_url":"https:\/\/noticiasemdestaque.com\/cd\/?p=3885","og_site_name":"Not&iacute;cias em Destaque","article_published_time":"2017-09-01T16:27:21+00:00","og_image":[{"width":460,"height":305,"url":"https:\/\/noticiasemdestaque.com\/cd\/wp-content\/uploads\/2017\/09\/3l4o0y8gh6_vubdrkexo_file.jpg","type":"image\/jpeg"}],"author":"Not\u00edcias em Destaque","twitter_card":"summary_large_image","twitter_misc":{"Escrito por":"Not\u00edcias em Destaque","Est. tempo de leitura":"2 minutos"},"schema":{"@context":"https:\/\/schema.org","@graph":[{"@type":"Article","@id":"https:\/\/noticiasemdestaque.com\/cd\/?p=3885#article","isPartOf":{"@id":"https:\/\/noticiasemdestaque.com\/cd\/?p=3885"},"author":{"name":"Not\u00edcias em Destaque","@id":"https:\/\/noticiasemdestaque.com\/cd\/#\/schema\/person\/4a81fb71f77579d059c3045891fa1786"},"headline":"Parasita que causa mal\u00e1ria em macacos pode infectar humano","datePublished":"2017-09-01T16:27:21+00:00","mainEntityOfPage":{"@id":"https:\/\/noticiasemdestaque.com\/cd\/?p=3885"},"wordCount":442,"publisher":{"@id":"https:\/\/noticiasemdestaque.com\/cd\/#organization"},"image":{"@id":"https:\/\/noticiasemdestaque.com\/cd\/?p=3885#primaryimage"},"thumbnailUrl":"https:\/\/noticiasemdestaque.com\/cd\/wp-content\/uploads\/2017\/09\/3l4o0y8gh6_vubdrkexo_file.jpg","articleSection":["Sa\u00fade"],"inLanguage":"pt-BR"},{"@type":"WebPage","@id":"https:\/\/noticiasemdestaque.com\/cd\/?p=3885","url":"https:\/\/noticiasemdestaque.com\/cd\/?p=3885","name":"Parasita que causa mal\u00e1ria em macacos pode infectar humano - Not&iacute;cias em Destaque","isPartOf":{"@id":"https:\/\/noticiasemdestaque.com\/cd\/#website"},"primaryImageOfPage":{"@id":"https:\/\/noticiasemdestaque.com\/cd\/?p=3885#primaryimage"},"image":{"@id":"https:\/\/noticiasemdestaque.com\/cd\/?p=3885#primaryimage"},"thumbnailUrl":"https:\/\/noticiasemdestaque.com\/cd\/wp-content\/uploads\/2017\/09\/3l4o0y8gh6_vubdrkexo_file.jpg","datePublished":"2017-09-01T16:27:21+00:00","breadcrumb":{"@id":"https:\/\/noticiasemdestaque.com\/cd\/?p=3885#breadcrumb"},"inLanguage":"pt-BR","potentialAction":[{"@type":"ReadAction","target":["https:\/\/noticiasemdestaque.com\/cd\/?p=3885"]}]},{"@type":"ImageObject","inLanguage":"pt-BR","@id":"https:\/\/noticiasemdestaque.com\/cd\/?p=3885#primaryimage","url":"https:\/\/noticiasemdestaque.com\/cd\/wp-content\/uploads\/2017\/09\/3l4o0y8gh6_vubdrkexo_file.jpg","contentUrl":"https:\/\/noticiasemdestaque.com\/cd\/wp-content\/uploads\/2017\/09\/3l4o0y8gh6_vubdrkexo_file.jpg","width":460,"height":305},{"@type":"BreadcrumbList","@id":"https:\/\/noticiasemdestaque.com\/cd\/?p=3885#breadcrumb","itemListElement":[{"@type":"ListItem","position":1,"name":"In\u00edcio","item":"https:\/\/noticiasemdestaque.com\/cd\/"},{"@type":"ListItem","position":2,"name":"Parasita que causa mal\u00e1ria em macacos pode infectar humano"}]},{"@type":"WebSite","@id":"https:\/\/noticiasemdestaque.com\/cd\/#website","url":"https:\/\/noticiasemdestaque.com\/cd\/","name":"Not&iacute;cias em Destaque","description":"","publisher":{"@id":"https:\/\/noticiasemdestaque.com\/cd\/#organization"},"potentialAction":[{"@type":"SearchAction","target":{"@type":"EntryPoint","urlTemplate":"https:\/\/noticiasemdestaque.com\/cd\/?s={search_term_string}"},"query-input":{"@type":"PropertyValueSpecification","valueRequired":true,"valueName":"search_term_string"}}],"inLanguage":"pt-BR"},{"@type":"Organization","@id":"https:\/\/noticiasemdestaque.com\/cd\/#organization","name":"Not\u00edcias em Destaque","url":"https:\/\/noticiasemdestaque.com\/cd\/","logo":{"@type":"ImageObject","inLanguage":"pt-BR","@id":"https:\/\/noticiasemdestaque.com\/cd\/#\/schema\/logo\/image\/","url":"https:\/\/noticiasemdestaque.com\/cd\/wp-content\/uploads\/2022\/05\/imagem-base-noticiasemdestaque.png","contentUrl":"https:\/\/noticiasemdestaque.com\/cd\/wp-content\/uploads\/2022\/05\/imagem-base-noticiasemdestaque.png","width":1200,"height":630,"caption":"Not\u00edcias em Destaque"},"image":{"@id":"https:\/\/noticiasemdestaque.com\/cd\/#\/schema\/logo\/image\/"}},{"@type":"Person","@id":"https:\/\/noticiasemdestaque.com\/cd\/#\/schema\/person\/4a81fb71f77579d059c3045891fa1786","name":"Not\u00edcias em Destaque","url":"https:\/\/noticiasemdestaque.com\/cd\/?author=2"}]}},"jetpack_featured_media_url":"https:\/\/noticiasemdestaque.com\/cd\/wp-content\/uploads\/2017\/09\/3l4o0y8gh6_vubdrkexo_file.jpg","jetpack_sharing_enabled":true,"_links":{"self":[{"href":"https:\/\/noticiasemdestaque.com\/cd\/index.php?rest_route=\/wp\/v2\/posts\/3885","targetHints":{"allow":["GET"]}}],"collection":[{"href":"https:\/\/noticiasemdestaque.com\/cd\/index.php?rest_route=\/wp\/v2\/posts"}],"about":[{"href":"https:\/\/noticiasemdestaque.com\/cd\/index.php?rest_route=\/wp\/v2\/types\/post"}],"author":[{"embeddable":true,"href":"https:\/\/noticiasemdestaque.com\/cd\/index.php?rest_route=\/wp\/v2\/users\/2"}],"replies":[{"embeddable":true,"href":"https:\/\/noticiasemdestaque.com\/cd\/index.php?rest_route=%2Fwp%2Fv2%2Fcomments&post=3885"}],"version-history":[{"count":1,"href":"https:\/\/noticiasemdestaque.com\/cd\/index.php?rest_route=\/wp\/v2\/posts\/3885\/revisions"}],"predecessor-version":[{"id":3887,"href":"https:\/\/noticiasemdestaque.com\/cd\/index.php?rest_route=\/wp\/v2\/posts\/3885\/revisions\/3887"}],"wp:featuredmedia":[{"embeddable":true,"href":"https:\/\/noticiasemdestaque.com\/cd\/index.php?rest_route=\/wp\/v2\/media\/3886"}],"wp:attachment":[{"href":"https:\/\/noticiasemdestaque.com\/cd\/index.php?rest_route=%2Fwp%2Fv2%2Fmedia&parent=3885"}],"wp:term":[{"taxonomy":"category","embeddable":true,"href":"https:\/\/noticiasemdestaque.com\/cd\/index.php?rest_route=%2Fwp%2Fv2%2Fcategories&post=3885"},{"taxonomy":"post_tag","embeddable":true,"href":"https:\/\/noticiasemdestaque.com\/cd\/index.php?rest_route=%2Fwp%2Fv2%2Ftags&post=3885"}],"curies":[{"name":"wp","href":"https:\/\/api.w.org\/{rel}","templated":true}]}}