{"id":3882,"date":"2017-09-01T13:23:41","date_gmt":"2017-09-01T16:23:41","guid":{"rendered":"http:\/\/caririemdestaque.com\/cd\/?p=3882"},"modified":"2017-09-01T13:23:41","modified_gmt":"2017-09-01T16:23:41","slug":"encontro-de-gestantes-e-agosto-dourado-tem-comemoracoes-em-monteiro","status":"publish","type":"post","link":"https:\/\/noticiasemdestaque.com\/cd\/?p=3882","title":{"rendered":"Encontro de Gestantes e Agosto Dourado t\u00eam comemora\u00e7\u00f5es em Monteiro"},"content":{"rendered":"<p><a href=\"http:\/\/caririemdestaque.com\/cd\/wp-content\/uploads\/2017\/09\/01092017114057.jpg\"><img fetchpriority=\"high\" decoding=\"async\" class=\"alignleft wp-image-3883 size-medium\" src=\"http:\/\/caririemdestaque.com\/cd\/wp-content\/uploads\/2017\/09\/01092017114057-300x200.jpg\" alt=\"\" width=\"300\" height=\"200\" srcset=\"https:\/\/noticiasemdestaque.com\/cd\/wp-content\/uploads\/2017\/09\/01092017114057-300x200.jpg 300w, https:\/\/noticiasemdestaque.com\/cd\/wp-content\/uploads\/2017\/09\/01092017114057-480x320.jpg 480w, https:\/\/noticiasemdestaque.com\/cd\/wp-content\/uploads\/2017\/09\/01092017114057.jpg 720w\" sizes=\"(max-width: 300px) 100vw, 300px\" \/><\/a>Na manh\u00e3 desta quinta-feira,31, a Prefeitura de Monteiro por meio da Secretaria de Sa\u00fade com apoio da equipe da Aten\u00e7\u00e3o B\u00e1sica Municipal realizaram a comemora\u00e7\u00e3o do Agosto Dourado e tamb\u00e9m a entrega dos kits para as gestantes atendidas pela rede.<\/p>\n<p>Como acontece mensalmente, as gestantes do munic\u00edpio acompanhadas pela aten\u00e7\u00e3o b\u00e1sica se reuniram no Teatro Municipal Jansen Filho para receber orienta\u00e7\u00f5es e dicas feitas por profissionais da \u00e1rea de sa\u00fade como nutricionistas e fisioterapeutas.<\/p>\n<p>Durante o encontro foram entregues mais de 50 kits para as gestantes entre 36 e 38 semanas que fazem o acompanhamento nas Unidades de Sa\u00fade do munic\u00edpio. Os kits cont\u00e9m uma bolsa maternidade para acondicionar os pertences do beb\u00ea, roupinhas, kits de mamadeira, produtos de higiene, toalhas entre outros produtos que garantir\u00e3o \u00e0s mam\u00e3es os primeiros cuidados com seus pequenos.<\/p>\n<p>Dentro do evento ainda houve a comemora\u00e7\u00e3o do Agosto Dourado que simboliza a luta pelo incentivo \u00e0 amamenta\u00e7\u00e3o. A secret\u00e1ria adjunta de sa\u00fade, Viviane Ferreira, explica que cor dourada est\u00e1 relacionada ao padr\u00e3o ouro de qualidade do leite materno; \u201cEsta \u00e9 uma cor toda especial, que j\u00e1 percorre o mundo com o seu la\u00e7o simb\u00f3lico. S\u00e3o trinta dias, em que s\u00e3o celebrados a promo\u00e7\u00e3o, a prote\u00e7\u00e3o e o apoio ao aleitamento. Nos dias de agosto s\u00e3o feitas intensas atividades que buscam promover o aleitamento exclusivo at\u00e9 o sexto m\u00eas de vida que \u00e9 onde o beb\u00ea mais necessita deste alimento bem como anticorpos e outras defesas que a crian\u00e7a adquire atrav\u00e9s da m\u00e3e, se estendendo at\u00e9 os dois anos ou mais. A secretaria de sa\u00fade se foca na sobreviv\u00eancia, prote\u00e7\u00e3o e desenvolvimento da crian\u00e7a.\u201d<\/p>\n<p>Viviane ainda lembra que s\u00e3o disponibilizados v\u00e1rios atendimentos para as gestantes com acompanhamento m\u00e9dico e nutricional, e agora os postos de sa\u00fade da fam\u00edlia tamb\u00e9m contam com servi\u00e7o especializado de odontologia que come\u00e7a no pr\u00e9-natal e segue ap\u00f3s o parto com acompanhamento tamb\u00e9m para o beb\u00ea.<\/p>\n<p><strong>Agosto Dourado<\/strong><\/p>\n<p>A hist\u00f3ria da Semana Mundial de Aleitamento Materno teve in\u00edcio em 1990, num encontro da Organiza\u00e7\u00e3o Mundial de Sa\u00fade com a UNICEF, momento em que foi gerado um documento conhecido como \u201cDeclara\u00e7\u00e3o de Innocenti\u201d. Para cumprir os compromissos assumidos pelos pa\u00edses ap\u00f3s a assinatura deste documento, em 1991 foi fundada a Alian\u00e7a Mundial de A\u00e7\u00e3o pr\u00f3-Amamenta\u00e7\u00e3o (WABA). No Brasil, o Minist\u00e9rio da Sa\u00fade coordena a Semana Mundial de Aleitamento Materno desde 1999.<\/p>\n<p>J\u00e1 n\u00e3o h\u00e1 d\u00favidas de que o leite materno \u00e9 o padr\u00e3o ouro da alimenta\u00e7\u00e3o para os lactentes. Tamb\u00e9m \u00e9 inquestion\u00e1vel que o aleitamento \u00e9 fundamental, desde a sala de parto, exclusivo e em livre demanda at\u00e9 o 6\u00ba m\u00eas e estendido at\u00e9 2 anos ou mais. S\u00e3o indiscut\u00edveis os benef\u00edcios fisiol\u00f3gicos, psicol\u00f3gicos e s\u00f3cio-econ\u00f4mico-culturais da pr\u00e1tica do aleitamento materno para a d\u00edade m\u00e3e\/beb\u00ea.<\/p>\n<p><em><strong>Cariri em Destaque\u00a0<\/strong><\/em><\/p>\n<p>Com Ascom<\/p>\n","protected":false},"excerpt":{"rendered":"<p>Na manh\u00e3 desta quinta-feira,31, a Prefeitura de Monteiro por meio da Secretaria de Sa\u00fade com apoio da equipe da Aten\u00e7\u00e3o B\u00e1sica Municipal realizaram a comemora\u00e7\u00e3o do Agosto Dourado e tamb\u00e9m a entrega dos kits para as gestantes atendidas pela rede. Como acontece mensalmente, as gestantes do munic\u00edpio acompanhadas pela aten\u00e7\u00e3o b\u00e1sica se reuniram no Teatro Municipal Jansen Filho para receber orienta\u00e7\u00f5es e dicas feitas por profissionais da \u00e1rea de sa\u00fade como nutricionistas e fisioterapeutas. Durante o encontro foram entregues mais de 50 kits para as gestantes entre 36 e 38 semanas que fazem o acompanhamento nas Unidades de Sa\u00fade do munic\u00edpio. Os kits cont\u00e9m uma bolsa maternidade para acondicionar os pertences do beb\u00ea, roupinhas, kits de mamadeira, produtos de higiene, toalhas entre outros produtos que garantir\u00e3o \u00e0s mam\u00e3es os primeiros cuidados com seus pequenos. Dentro do evento ainda houve a comemora\u00e7\u00e3o do Agosto Dourado que simboliza a luta pelo incentivo \u00e0 amamenta\u00e7\u00e3o. A secret\u00e1ria adjunta de sa\u00fade, Viviane Ferreira, explica que cor dourada est\u00e1 relacionada ao padr\u00e3o ouro de qualidade do leite materno; \u201cEsta \u00e9 uma cor toda especial, que j\u00e1 percorre o mundo com o seu la\u00e7o simb\u00f3lico. S\u00e3o trinta dias, em que s\u00e3o celebrados a promo\u00e7\u00e3o, a prote\u00e7\u00e3o e o apoio ao aleitamento. Nos dias de agosto s\u00e3o feitas intensas atividades que buscam promover o aleitamento exclusivo at\u00e9 o sexto m\u00eas de vida que \u00e9 onde o beb\u00ea mais necessita deste alimento bem como anticorpos e outras defesas que a crian\u00e7a adquire atrav\u00e9s da m\u00e3e, se estendendo at\u00e9 os dois anos ou mais. A secretaria de sa\u00fade se foca na sobreviv\u00eancia, prote\u00e7\u00e3o e desenvolvimento da crian\u00e7a.\u201d Viviane ainda lembra que s\u00e3o disponibilizados v\u00e1rios atendimentos para as gestantes com acompanhamento m\u00e9dico e nutricional, e agora os postos de sa\u00fade da fam\u00edlia tamb\u00e9m contam com servi\u00e7o especializado de odontologia que come\u00e7a no pr\u00e9-natal e segue ap\u00f3s o parto com acompanhamento tamb\u00e9m para o beb\u00ea. Agosto Dourado A hist\u00f3ria da Semana Mundial de Aleitamento Materno teve in\u00edcio em 1990, num encontro da Organiza\u00e7\u00e3o Mundial de Sa\u00fade com a UNICEF, momento em que foi gerado um documento conhecido como \u201cDeclara\u00e7\u00e3o de Innocenti\u201d. Para cumprir os compromissos assumidos pelos pa\u00edses ap\u00f3s a assinatura deste documento, em 1991 foi fundada a Alian\u00e7a Mundial de A\u00e7\u00e3o pr\u00f3-Amamenta\u00e7\u00e3o (WABA). No Brasil, o Minist\u00e9rio da Sa\u00fade coordena a Semana Mundial de Aleitamento Materno desde 1999. J\u00e1 n\u00e3o h\u00e1 d\u00favidas de que o leite materno \u00e9 o padr\u00e3o ouro da alimenta\u00e7\u00e3o para os lactentes. Tamb\u00e9m \u00e9 inquestion\u00e1vel que o aleitamento \u00e9 fundamental, desde a sala de parto, exclusivo e em livre demanda at\u00e9 o 6\u00ba m\u00eas e estendido at\u00e9 2 anos ou mais. S\u00e3o indiscut\u00edveis os benef\u00edcios fisiol\u00f3gicos, psicol\u00f3gicos e s\u00f3cio-econ\u00f4mico-culturais da pr\u00e1tica do aleitamento materno para a d\u00edade m\u00e3e\/beb\u00ea. Cariri em Destaque\u00a0 Com Ascom<\/p>\n","protected":false},"author":2,"featured_media":3883,"comment_status":"closed","ping_status":"open","sticky":false,"template":"","format":"standard","meta":{"_eb_attr":"","_jetpack_memberships_contains_paid_content":false,"footnotes":""},"categories":[8],"tags":[],"class_list":["post-3882","post","type-post","status-publish","format-standard","has-post-thumbnail","hentry","category-saude"],"yoast_head":"<!-- This site is optimized with the Yoast SEO plugin v26.5 - https:\/\/yoast.com\/wordpress\/plugins\/seo\/ -->\n<title>Encontro de Gestantes e Agosto Dourado t\u00eam comemora\u00e7\u00f5es em Monteiro - Not&iacute;cias em Destaque<\/title>\n<meta name=\"robots\" content=\"index, follow, max-snippet:-1, max-image-preview:large, max-video-preview:-1\" \/>\n<link rel=\"canonical\" href=\"https:\/\/noticiasemdestaque.com\/cd\/?p=3882\" \/>\n<meta property=\"og:locale\" content=\"pt_BR\" \/>\n<meta property=\"og:type\" content=\"article\" \/>\n<meta property=\"og:title\" content=\"Encontro de Gestantes e Agosto Dourado t\u00eam comemora\u00e7\u00f5es em Monteiro - Not&iacute;cias em Destaque\" \/>\n<meta property=\"og:description\" content=\"Na manh\u00e3 desta quinta-feira,31, a Prefeitura de Monteiro por meio da Secretaria de Sa\u00fade com apoio da equipe da Aten\u00e7\u00e3o B\u00e1sica Municipal realizaram a comemora\u00e7\u00e3o do Agosto Dourado e tamb\u00e9m a entrega dos kits para as gestantes atendidas pela rede. Como acontece mensalmente, as gestantes do munic\u00edpio acompanhadas pela aten\u00e7\u00e3o b\u00e1sica se reuniram no Teatro Municipal Jansen Filho para receber orienta\u00e7\u00f5es e dicas feitas por profissionais da \u00e1rea de sa\u00fade como nutricionistas e fisioterapeutas. Durante o encontro foram entregues mais de 50 kits para as gestantes entre 36 e 38 semanas que fazem o acompanhamento nas Unidades de Sa\u00fade do munic\u00edpio. Os kits cont\u00e9m uma bolsa maternidade para acondicionar os pertences do beb\u00ea, roupinhas, kits de mamadeira, produtos de higiene, toalhas entre outros produtos que garantir\u00e3o \u00e0s mam\u00e3es os primeiros cuidados com seus pequenos. Dentro do evento ainda houve a comemora\u00e7\u00e3o do Agosto Dourado que simboliza a luta pelo incentivo \u00e0 amamenta\u00e7\u00e3o. A secret\u00e1ria adjunta de sa\u00fade, Viviane Ferreira, explica que cor dourada est\u00e1 relacionada ao padr\u00e3o ouro de qualidade do leite materno; \u201cEsta \u00e9 uma cor toda especial, que j\u00e1 percorre o mundo com o seu la\u00e7o simb\u00f3lico. S\u00e3o trinta dias, em que s\u00e3o celebrados a promo\u00e7\u00e3o, a prote\u00e7\u00e3o e o apoio ao aleitamento. Nos dias de agosto s\u00e3o feitas intensas atividades que buscam promover o aleitamento exclusivo at\u00e9 o sexto m\u00eas de vida que \u00e9 onde o beb\u00ea mais necessita deste alimento bem como anticorpos e outras defesas que a crian\u00e7a adquire atrav\u00e9s da m\u00e3e, se estendendo at\u00e9 os dois anos ou mais. A secretaria de sa\u00fade se foca na sobreviv\u00eancia, prote\u00e7\u00e3o e desenvolvimento da crian\u00e7a.\u201d Viviane ainda lembra que s\u00e3o disponibilizados v\u00e1rios atendimentos para as gestantes com acompanhamento m\u00e9dico e nutricional, e agora os postos de sa\u00fade da fam\u00edlia tamb\u00e9m contam com servi\u00e7o especializado de odontologia que come\u00e7a no pr\u00e9-natal e segue ap\u00f3s o parto com acompanhamento tamb\u00e9m para o beb\u00ea. Agosto Dourado A hist\u00f3ria da Semana Mundial de Aleitamento Materno teve in\u00edcio em 1990, num encontro da Organiza\u00e7\u00e3o Mundial de Sa\u00fade com a UNICEF, momento em que foi gerado um documento conhecido como \u201cDeclara\u00e7\u00e3o de Innocenti\u201d. Para cumprir os compromissos assumidos pelos pa\u00edses ap\u00f3s a assinatura deste documento, em 1991 foi fundada a Alian\u00e7a Mundial de A\u00e7\u00e3o pr\u00f3-Amamenta\u00e7\u00e3o (WABA). No Brasil, o Minist\u00e9rio da Sa\u00fade coordena a Semana Mundial de Aleitamento Materno desde 1999. J\u00e1 n\u00e3o h\u00e1 d\u00favidas de que o leite materno \u00e9 o padr\u00e3o ouro da alimenta\u00e7\u00e3o para os lactentes. Tamb\u00e9m \u00e9 inquestion\u00e1vel que o aleitamento \u00e9 fundamental, desde a sala de parto, exclusivo e em livre demanda at\u00e9 o 6\u00ba m\u00eas e estendido at\u00e9 2 anos ou mais. S\u00e3o indiscut\u00edveis os benef\u00edcios fisiol\u00f3gicos, psicol\u00f3gicos e s\u00f3cio-econ\u00f4mico-culturais da pr\u00e1tica do aleitamento materno para a d\u00edade m\u00e3e\/beb\u00ea. Cariri em Destaque\u00a0 Com Ascom\" \/>\n<meta property=\"og:url\" content=\"https:\/\/noticiasemdestaque.com\/cd\/?p=3882\" \/>\n<meta property=\"og:site_name\" content=\"Not&iacute;cias em Destaque\" \/>\n<meta property=\"article:published_time\" content=\"2017-09-01T16:23:41+00:00\" \/>\n<meta property=\"og:image\" content=\"https:\/\/noticiasemdestaque.com\/cd\/wp-content\/uploads\/2017\/09\/01092017114057.jpg\" \/>\n\t<meta property=\"og:image:width\" content=\"720\" \/>\n\t<meta property=\"og:image:height\" content=\"480\" \/>\n\t<meta property=\"og:image:type\" content=\"image\/jpeg\" \/>\n<meta name=\"author\" content=\"Not\u00edcias em Destaque\" \/>\n<meta name=\"twitter:card\" content=\"summary_large_image\" \/>\n<meta name=\"twitter:label1\" content=\"Escrito por\" \/>\n\t<meta name=\"twitter:data1\" content=\"Not\u00edcias em Destaque\" \/>\n\t<meta name=\"twitter:label2\" content=\"Est. tempo de leitura\" \/>\n\t<meta name=\"twitter:data2\" content=\"3 minutos\" \/>\n<script type=\"application\/ld+json\" class=\"yoast-schema-graph\">{\"@context\":\"https:\/\/schema.org\",\"@graph\":[{\"@type\":\"Article\",\"@id\":\"https:\/\/noticiasemdestaque.com\/cd\/?p=3882#article\",\"isPartOf\":{\"@id\":\"https:\/\/noticiasemdestaque.com\/cd\/?p=3882\"},\"author\":{\"name\":\"Not\u00edcias em Destaque\",\"@id\":\"https:\/\/noticiasemdestaque.com\/cd\/#\/schema\/person\/4a81fb71f77579d059c3045891fa1786\"},\"headline\":\"Encontro de Gestantes e Agosto Dourado t\u00eam comemora\u00e7\u00f5es em Monteiro\",\"datePublished\":\"2017-09-01T16:23:41+00:00\",\"mainEntityOfPage\":{\"@id\":\"https:\/\/noticiasemdestaque.com\/cd\/?p=3882\"},\"wordCount\":532,\"publisher\":{\"@id\":\"https:\/\/noticiasemdestaque.com\/cd\/#organization\"},\"image\":{\"@id\":\"https:\/\/noticiasemdestaque.com\/cd\/?p=3882#primaryimage\"},\"thumbnailUrl\":\"https:\/\/noticiasemdestaque.com\/cd\/wp-content\/uploads\/2017\/09\/01092017114057.jpg\",\"articleSection\":[\"Sa\u00fade\"],\"inLanguage\":\"pt-BR\"},{\"@type\":\"WebPage\",\"@id\":\"https:\/\/noticiasemdestaque.com\/cd\/?p=3882\",\"url\":\"https:\/\/noticiasemdestaque.com\/cd\/?p=3882\",\"name\":\"Encontro de Gestantes e Agosto Dourado t\u00eam comemora\u00e7\u00f5es em Monteiro - Not&iacute;cias em Destaque\",\"isPartOf\":{\"@id\":\"https:\/\/noticiasemdestaque.com\/cd\/#website\"},\"primaryImageOfPage\":{\"@id\":\"https:\/\/noticiasemdestaque.com\/cd\/?p=3882#primaryimage\"},\"image\":{\"@id\":\"https:\/\/noticiasemdestaque.com\/cd\/?p=3882#primaryimage\"},\"thumbnailUrl\":\"https:\/\/noticiasemdestaque.com\/cd\/wp-content\/uploads\/2017\/09\/01092017114057.jpg\",\"datePublished\":\"2017-09-01T16:23:41+00:00\",\"breadcrumb\":{\"@id\":\"https:\/\/noticiasemdestaque.com\/cd\/?p=3882#breadcrumb\"},\"inLanguage\":\"pt-BR\",\"potentialAction\":[{\"@type\":\"ReadAction\",\"target\":[\"https:\/\/noticiasemdestaque.com\/cd\/?p=3882\"]}]},{\"@type\":\"ImageObject\",\"inLanguage\":\"pt-BR\",\"@id\":\"https:\/\/noticiasemdestaque.com\/cd\/?p=3882#primaryimage\",\"url\":\"https:\/\/noticiasemdestaque.com\/cd\/wp-content\/uploads\/2017\/09\/01092017114057.jpg\",\"contentUrl\":\"https:\/\/noticiasemdestaque.com\/cd\/wp-content\/uploads\/2017\/09\/01092017114057.jpg\",\"width\":720,\"height\":480},{\"@type\":\"BreadcrumbList\",\"@id\":\"https:\/\/noticiasemdestaque.com\/cd\/?p=3882#breadcrumb\",\"itemListElement\":[{\"@type\":\"ListItem\",\"position\":1,\"name\":\"In\u00edcio\",\"item\":\"https:\/\/noticiasemdestaque.com\/cd\/\"},{\"@type\":\"ListItem\",\"position\":2,\"name\":\"Encontro de Gestantes e Agosto Dourado t\u00eam comemora\u00e7\u00f5es em Monteiro\"}]},{\"@type\":\"WebSite\",\"@id\":\"https:\/\/noticiasemdestaque.com\/cd\/#website\",\"url\":\"https:\/\/noticiasemdestaque.com\/cd\/\",\"name\":\"Not&iacute;cias em Destaque\",\"description\":\"\",\"publisher\":{\"@id\":\"https:\/\/noticiasemdestaque.com\/cd\/#organization\"},\"potentialAction\":[{\"@type\":\"SearchAction\",\"target\":{\"@type\":\"EntryPoint\",\"urlTemplate\":\"https:\/\/noticiasemdestaque.com\/cd\/?s={search_term_string}\"},\"query-input\":{\"@type\":\"PropertyValueSpecification\",\"valueRequired\":true,\"valueName\":\"search_term_string\"}}],\"inLanguage\":\"pt-BR\"},{\"@type\":\"Organization\",\"@id\":\"https:\/\/noticiasemdestaque.com\/cd\/#organization\",\"name\":\"Not\u00edcias em Destaque\",\"url\":\"https:\/\/noticiasemdestaque.com\/cd\/\",\"logo\":{\"@type\":\"ImageObject\",\"inLanguage\":\"pt-BR\",\"@id\":\"https:\/\/noticiasemdestaque.com\/cd\/#\/schema\/logo\/image\/\",\"url\":\"https:\/\/noticiasemdestaque.com\/cd\/wp-content\/uploads\/2022\/05\/imagem-base-noticiasemdestaque.png\",\"contentUrl\":\"https:\/\/noticiasemdestaque.com\/cd\/wp-content\/uploads\/2022\/05\/imagem-base-noticiasemdestaque.png\",\"width\":1200,\"height\":630,\"caption\":\"Not\u00edcias em Destaque\"},\"image\":{\"@id\":\"https:\/\/noticiasemdestaque.com\/cd\/#\/schema\/logo\/image\/\"}},{\"@type\":\"Person\",\"@id\":\"https:\/\/noticiasemdestaque.com\/cd\/#\/schema\/person\/4a81fb71f77579d059c3045891fa1786\",\"name\":\"Not\u00edcias em Destaque\",\"url\":\"https:\/\/noticiasemdestaque.com\/cd\/?author=2\"}]}<\/script>\n<!-- \/ Yoast SEO plugin. -->","yoast_head_json":{"title":"Encontro de Gestantes e Agosto Dourado t\u00eam comemora\u00e7\u00f5es em Monteiro - Not&iacute;cias em Destaque","robots":{"index":"index","follow":"follow","max-snippet":"max-snippet:-1","max-image-preview":"max-image-preview:large","max-video-preview":"max-video-preview:-1"},"canonical":"https:\/\/noticiasemdestaque.com\/cd\/?p=3882","og_locale":"pt_BR","og_type":"article","og_title":"Encontro de Gestantes e Agosto Dourado t\u00eam comemora\u00e7\u00f5es em Monteiro - Not&iacute;cias em Destaque","og_description":"Na manh\u00e3 desta quinta-feira,31, a Prefeitura de Monteiro por meio da Secretaria de Sa\u00fade com apoio da equipe da Aten\u00e7\u00e3o B\u00e1sica Municipal realizaram a comemora\u00e7\u00e3o do Agosto Dourado e tamb\u00e9m a entrega dos kits para as gestantes atendidas pela rede. Como acontece mensalmente, as gestantes do munic\u00edpio acompanhadas pela aten\u00e7\u00e3o b\u00e1sica se reuniram no Teatro Municipal Jansen Filho para receber orienta\u00e7\u00f5es e dicas feitas por profissionais da \u00e1rea de sa\u00fade como nutricionistas e fisioterapeutas. Durante o encontro foram entregues mais de 50 kits para as gestantes entre 36 e 38 semanas que fazem o acompanhamento nas Unidades de Sa\u00fade do munic\u00edpio. Os kits cont\u00e9m uma bolsa maternidade para acondicionar os pertences do beb\u00ea, roupinhas, kits de mamadeira, produtos de higiene, toalhas entre outros produtos que garantir\u00e3o \u00e0s mam\u00e3es os primeiros cuidados com seus pequenos. Dentro do evento ainda houve a comemora\u00e7\u00e3o do Agosto Dourado que simboliza a luta pelo incentivo \u00e0 amamenta\u00e7\u00e3o. A secret\u00e1ria adjunta de sa\u00fade, Viviane Ferreira, explica que cor dourada est\u00e1 relacionada ao padr\u00e3o ouro de qualidade do leite materno; \u201cEsta \u00e9 uma cor toda especial, que j\u00e1 percorre o mundo com o seu la\u00e7o simb\u00f3lico. S\u00e3o trinta dias, em que s\u00e3o celebrados a promo\u00e7\u00e3o, a prote\u00e7\u00e3o e o apoio ao aleitamento. Nos dias de agosto s\u00e3o feitas intensas atividades que buscam promover o aleitamento exclusivo at\u00e9 o sexto m\u00eas de vida que \u00e9 onde o beb\u00ea mais necessita deste alimento bem como anticorpos e outras defesas que a crian\u00e7a adquire atrav\u00e9s da m\u00e3e, se estendendo at\u00e9 os dois anos ou mais. A secretaria de sa\u00fade se foca na sobreviv\u00eancia, prote\u00e7\u00e3o e desenvolvimento da crian\u00e7a.\u201d Viviane ainda lembra que s\u00e3o disponibilizados v\u00e1rios atendimentos para as gestantes com acompanhamento m\u00e9dico e nutricional, e agora os postos de sa\u00fade da fam\u00edlia tamb\u00e9m contam com servi\u00e7o especializado de odontologia que come\u00e7a no pr\u00e9-natal e segue ap\u00f3s o parto com acompanhamento tamb\u00e9m para o beb\u00ea. Agosto Dourado A hist\u00f3ria da Semana Mundial de Aleitamento Materno teve in\u00edcio em 1990, num encontro da Organiza\u00e7\u00e3o Mundial de Sa\u00fade com a UNICEF, momento em que foi gerado um documento conhecido como \u201cDeclara\u00e7\u00e3o de Innocenti\u201d. Para cumprir os compromissos assumidos pelos pa\u00edses ap\u00f3s a assinatura deste documento, em 1991 foi fundada a Alian\u00e7a Mundial de A\u00e7\u00e3o pr\u00f3-Amamenta\u00e7\u00e3o (WABA). No Brasil, o Minist\u00e9rio da Sa\u00fade coordena a Semana Mundial de Aleitamento Materno desde 1999. J\u00e1 n\u00e3o h\u00e1 d\u00favidas de que o leite materno \u00e9 o padr\u00e3o ouro da alimenta\u00e7\u00e3o para os lactentes. Tamb\u00e9m \u00e9 inquestion\u00e1vel que o aleitamento \u00e9 fundamental, desde a sala de parto, exclusivo e em livre demanda at\u00e9 o 6\u00ba m\u00eas e estendido at\u00e9 2 anos ou mais. S\u00e3o indiscut\u00edveis os benef\u00edcios fisiol\u00f3gicos, psicol\u00f3gicos e s\u00f3cio-econ\u00f4mico-culturais da pr\u00e1tica do aleitamento materno para a d\u00edade m\u00e3e\/beb\u00ea. Cariri em Destaque\u00a0 Com Ascom","og_url":"https:\/\/noticiasemdestaque.com\/cd\/?p=3882","og_site_name":"Not&iacute;cias em Destaque","article_published_time":"2017-09-01T16:23:41+00:00","og_image":[{"width":720,"height":480,"url":"https:\/\/noticiasemdestaque.com\/cd\/wp-content\/uploads\/2017\/09\/01092017114057.jpg","type":"image\/jpeg"}],"author":"Not\u00edcias em Destaque","twitter_card":"summary_large_image","twitter_misc":{"Escrito por":"Not\u00edcias em Destaque","Est. tempo de leitura":"3 minutos"},"schema":{"@context":"https:\/\/schema.org","@graph":[{"@type":"Article","@id":"https:\/\/noticiasemdestaque.com\/cd\/?p=3882#article","isPartOf":{"@id":"https:\/\/noticiasemdestaque.com\/cd\/?p=3882"},"author":{"name":"Not\u00edcias em Destaque","@id":"https:\/\/noticiasemdestaque.com\/cd\/#\/schema\/person\/4a81fb71f77579d059c3045891fa1786"},"headline":"Encontro de Gestantes e Agosto Dourado t\u00eam comemora\u00e7\u00f5es em Monteiro","datePublished":"2017-09-01T16:23:41+00:00","mainEntityOfPage":{"@id":"https:\/\/noticiasemdestaque.com\/cd\/?p=3882"},"wordCount":532,"publisher":{"@id":"https:\/\/noticiasemdestaque.com\/cd\/#organization"},"image":{"@id":"https:\/\/noticiasemdestaque.com\/cd\/?p=3882#primaryimage"},"thumbnailUrl":"https:\/\/noticiasemdestaque.com\/cd\/wp-content\/uploads\/2017\/09\/01092017114057.jpg","articleSection":["Sa\u00fade"],"inLanguage":"pt-BR"},{"@type":"WebPage","@id":"https:\/\/noticiasemdestaque.com\/cd\/?p=3882","url":"https:\/\/noticiasemdestaque.com\/cd\/?p=3882","name":"Encontro de Gestantes e Agosto Dourado t\u00eam comemora\u00e7\u00f5es em Monteiro - Not&iacute;cias em Destaque","isPartOf":{"@id":"https:\/\/noticiasemdestaque.com\/cd\/#website"},"primaryImageOfPage":{"@id":"https:\/\/noticiasemdestaque.com\/cd\/?p=3882#primaryimage"},"image":{"@id":"https:\/\/noticiasemdestaque.com\/cd\/?p=3882#primaryimage"},"thumbnailUrl":"https:\/\/noticiasemdestaque.com\/cd\/wp-content\/uploads\/2017\/09\/01092017114057.jpg","datePublished":"2017-09-01T16:23:41+00:00","breadcrumb":{"@id":"https:\/\/noticiasemdestaque.com\/cd\/?p=3882#breadcrumb"},"inLanguage":"pt-BR","potentialAction":[{"@type":"ReadAction","target":["https:\/\/noticiasemdestaque.com\/cd\/?p=3882"]}]},{"@type":"ImageObject","inLanguage":"pt-BR","@id":"https:\/\/noticiasemdestaque.com\/cd\/?p=3882#primaryimage","url":"https:\/\/noticiasemdestaque.com\/cd\/wp-content\/uploads\/2017\/09\/01092017114057.jpg","contentUrl":"https:\/\/noticiasemdestaque.com\/cd\/wp-content\/uploads\/2017\/09\/01092017114057.jpg","width":720,"height":480},{"@type":"BreadcrumbList","@id":"https:\/\/noticiasemdestaque.com\/cd\/?p=3882#breadcrumb","itemListElement":[{"@type":"ListItem","position":1,"name":"In\u00edcio","item":"https:\/\/noticiasemdestaque.com\/cd\/"},{"@type":"ListItem","position":2,"name":"Encontro de Gestantes e Agosto Dourado t\u00eam comemora\u00e7\u00f5es em Monteiro"}]},{"@type":"WebSite","@id":"https:\/\/noticiasemdestaque.com\/cd\/#website","url":"https:\/\/noticiasemdestaque.com\/cd\/","name":"Not&iacute;cias em Destaque","description":"","publisher":{"@id":"https:\/\/noticiasemdestaque.com\/cd\/#organization"},"potentialAction":[{"@type":"SearchAction","target":{"@type":"EntryPoint","urlTemplate":"https:\/\/noticiasemdestaque.com\/cd\/?s={search_term_string}"},"query-input":{"@type":"PropertyValueSpecification","valueRequired":true,"valueName":"search_term_string"}}],"inLanguage":"pt-BR"},{"@type":"Organization","@id":"https:\/\/noticiasemdestaque.com\/cd\/#organization","name":"Not\u00edcias em Destaque","url":"https:\/\/noticiasemdestaque.com\/cd\/","logo":{"@type":"ImageObject","inLanguage":"pt-BR","@id":"https:\/\/noticiasemdestaque.com\/cd\/#\/schema\/logo\/image\/","url":"https:\/\/noticiasemdestaque.com\/cd\/wp-content\/uploads\/2022\/05\/imagem-base-noticiasemdestaque.png","contentUrl":"https:\/\/noticiasemdestaque.com\/cd\/wp-content\/uploads\/2022\/05\/imagem-base-noticiasemdestaque.png","width":1200,"height":630,"caption":"Not\u00edcias em Destaque"},"image":{"@id":"https:\/\/noticiasemdestaque.com\/cd\/#\/schema\/logo\/image\/"}},{"@type":"Person","@id":"https:\/\/noticiasemdestaque.com\/cd\/#\/schema\/person\/4a81fb71f77579d059c3045891fa1786","name":"Not\u00edcias em Destaque","url":"https:\/\/noticiasemdestaque.com\/cd\/?author=2"}]}},"jetpack_featured_media_url":"https:\/\/noticiasemdestaque.com\/cd\/wp-content\/uploads\/2017\/09\/01092017114057.jpg","jetpack_sharing_enabled":true,"_links":{"self":[{"href":"https:\/\/noticiasemdestaque.com\/cd\/index.php?rest_route=\/wp\/v2\/posts\/3882","targetHints":{"allow":["GET"]}}],"collection":[{"href":"https:\/\/noticiasemdestaque.com\/cd\/index.php?rest_route=\/wp\/v2\/posts"}],"about":[{"href":"https:\/\/noticiasemdestaque.com\/cd\/index.php?rest_route=\/wp\/v2\/types\/post"}],"author":[{"embeddable":true,"href":"https:\/\/noticiasemdestaque.com\/cd\/index.php?rest_route=\/wp\/v2\/users\/2"}],"replies":[{"embeddable":true,"href":"https:\/\/noticiasemdestaque.com\/cd\/index.php?rest_route=%2Fwp%2Fv2%2Fcomments&post=3882"}],"version-history":[{"count":1,"href":"https:\/\/noticiasemdestaque.com\/cd\/index.php?rest_route=\/wp\/v2\/posts\/3882\/revisions"}],"predecessor-version":[{"id":3884,"href":"https:\/\/noticiasemdestaque.com\/cd\/index.php?rest_route=\/wp\/v2\/posts\/3882\/revisions\/3884"}],"wp:featuredmedia":[{"embeddable":true,"href":"https:\/\/noticiasemdestaque.com\/cd\/index.php?rest_route=\/wp\/v2\/media\/3883"}],"wp:attachment":[{"href":"https:\/\/noticiasemdestaque.com\/cd\/index.php?rest_route=%2Fwp%2Fv2%2Fmedia&parent=3882"}],"wp:term":[{"taxonomy":"category","embeddable":true,"href":"https:\/\/noticiasemdestaque.com\/cd\/index.php?rest_route=%2Fwp%2Fv2%2Fcategories&post=3882"},{"taxonomy":"post_tag","embeddable":true,"href":"https:\/\/noticiasemdestaque.com\/cd\/index.php?rest_route=%2Fwp%2Fv2%2Ftags&post=3882"}],"curies":[{"name":"wp","href":"https:\/\/api.w.org\/{rel}","templated":true}]}}