{"id":38760,"date":"2022-05-16T18:20:27","date_gmt":"2022-05-16T21:20:27","guid":{"rendered":"http:\/\/noticiasemdestaque.com\/cd\/?p=38760"},"modified":"2022-05-16T18:20:27","modified_gmt":"2022-05-16T21:20:27","slug":"inscricoes-para-o-enem-2022-terminam-no-sabado","status":"publish","type":"post","link":"https:\/\/noticiasemdestaque.com\/cd\/?p=38760","title":{"rendered":"Inscri\u00e7\u00f5es para o Enem 2022 terminam no s\u00e1bado"},"content":{"rendered":"<p>Os interessados em participar do Exame Nacional do Ensino M\u00e9dio (Enem) t\u00eam at\u00e9 o pr\u00f3ximo s\u00e1bado (21) para fazer a inscri\u00e7\u00e3o, habilitando-se para as provas que ser\u00e3o aplicadas nos dias 13 e 20 de novembro.<img decoding=\"async\" src=\"https:\/\/agenciabrasil.ebc.com.br\/ebc.png?id=1459873&amp;o=node\" \/><img decoding=\"async\" src=\"https:\/\/agenciabrasil.ebc.com.br\/ebc.gif?id=1459873&amp;o=node\" \/><\/p>\n<p>As inscri\u00e7\u00f5es para o Enem 2022, tanto para a edi\u00e7\u00e3o impressa como para a digital, devem ser feitas na P\u00e1gina do Participante. Para acess\u00e1-la,\u00a0<a href=\"https:\/\/enem.inep.gov.br\/participante\/#!\/\" target=\"_blank\" rel=\"noopener\">clique aqui<\/a>. A taxa \u00e9 de R$ 85, e poder\u00e1 ser paga via PIX, cart\u00e3o de cr\u00e9dito ou por boleto banc\u00e1rio at\u00e9 o dia 27 deste m\u00eas.<\/p>\n<p>No momento da inscri\u00e7\u00e3o, o candidato escolhe se quer fazer a prova de l\u00edngua estrangeira em ingl\u00eas ou espanhol. Ele escolhe tamb\u00e9m se quer o exame impresso ou digital e informa se precisa de algum atendimento especial (acessibilidade, por exemplo).<\/p>\n<p>O estudante tamb\u00e9m preenche um question\u00e1rio socioecon\u00f4mico informando se j\u00e1 concluiu o ensino m\u00e9dio e outras informa\u00e7\u00f5es cadastrais.<\/p>\n<p><strong>Provas<\/strong><\/p>\n<p>As provas ser\u00e3o nos dias 13 e 20 de novembro. Pela primeira vez, o candidato poder\u00e1 apresentar a vers\u00e3o digital de documento de identifica\u00e7\u00e3o no dia da prova. Ser\u00e3o aceitos e-t\u00edtulo, Carteira de Habilita\u00e7\u00e3o Digital ou RG Digital. O candidato dever\u00e1 abrir o aplicativo e apresentar o documento ao fiscal. Capturas de tela n\u00e3o ser\u00e3o aceitas.<\/p>\n<p>O exame ter\u00e1 quatro provas objetivas e uma reda\u00e7\u00e3o em l\u00edngua portuguesa. Cada prova objetiva ter\u00e1 45 quest\u00f5es de m\u00faltipla escolha.<\/p>\n<p>No primeiro dia do exame, ser\u00e3o aplicadas as provas de linguagens, c\u00f3digos e reda\u00e7\u00e3o (l\u00edngua portuguesa, literatura, l\u00edngua estrangeira, artes, educa\u00e7\u00e3o f\u00edsica e tecnologias da informa\u00e7\u00e3o e comunica\u00e7\u00e3o) e de ci\u00eancias humanas e suas tecnologias (hist\u00f3ria, geografia, filosofia e sociologia).<\/p>\n<p>O tempo para realiza\u00e7\u00e3o da prova \u00e9 de cinco horas e 30 minutos, contadas a partir da autoriza\u00e7\u00e3o do chefe de sala para o in\u00edcio das provas.<\/p>\n<p>No segundo dia do exame, ser\u00e3o aplicadas as provas de ci\u00eancias da natureza (qu\u00edmica, f\u00edsica e biologia) e matem\u00e1tica e suas tecnologias. No segundo dia, o tempo para realizar o exame \u00e9 de cinco horas, contadas a partir da autoriza\u00e7\u00e3o do chefe de sala para o in\u00edcio das provas.<\/p>\n<p>Os gabaritos das provas objetivas ser\u00e3o divulgados no Portal do Inep at\u00e9 o terceiro dia \u00fatil ap\u00f3s a \u00faltima prova.<\/p>\n<p>Fonte: Agencia Brasil<\/p>\n","protected":false},"excerpt":{"rendered":"<p>Os interessados em participar do Exame Nacional do Ensino M\u00e9dio (Enem) t\u00eam at\u00e9 o pr\u00f3ximo s\u00e1bado (21) para fazer a inscri\u00e7\u00e3o, habilitando-se para as provas que ser\u00e3o aplicadas nos dias 13 e 20 de novembro. As inscri\u00e7\u00f5es para o Enem 2022, tanto para a edi\u00e7\u00e3o impressa como para a digital, devem ser feitas na P\u00e1gina do Participante. Para acess\u00e1-la,\u00a0clique aqui. A taxa \u00e9 de R$ 85, e poder\u00e1 ser paga via PIX, cart\u00e3o de cr\u00e9dito ou por boleto banc\u00e1rio at\u00e9 o dia 27 deste m\u00eas. No momento da inscri\u00e7\u00e3o, o candidato escolhe se quer fazer a prova de l\u00edngua estrangeira em ingl\u00eas ou espanhol. Ele escolhe tamb\u00e9m se quer o exame impresso ou digital e informa se precisa de algum atendimento especial (acessibilidade, por exemplo). O estudante tamb\u00e9m preenche um question\u00e1rio socioecon\u00f4mico informando se j\u00e1 concluiu o ensino m\u00e9dio e outras informa\u00e7\u00f5es cadastrais. Provas As provas ser\u00e3o nos dias 13 e 20 de novembro. Pela primeira vez, o candidato poder\u00e1 apresentar a vers\u00e3o digital de documento de identifica\u00e7\u00e3o no dia da prova. Ser\u00e3o aceitos e-t\u00edtulo, Carteira de Habilita\u00e7\u00e3o Digital ou RG Digital. O candidato dever\u00e1 abrir o aplicativo e apresentar o documento ao fiscal. Capturas de tela n\u00e3o ser\u00e3o aceitas. O exame ter\u00e1 quatro provas objetivas e uma reda\u00e7\u00e3o em l\u00edngua portuguesa. Cada prova objetiva ter\u00e1 45 quest\u00f5es de m\u00faltipla escolha. No primeiro dia do exame, ser\u00e3o aplicadas as provas de linguagens, c\u00f3digos e reda\u00e7\u00e3o (l\u00edngua portuguesa, literatura, l\u00edngua estrangeira, artes, educa\u00e7\u00e3o f\u00edsica e tecnologias da informa\u00e7\u00e3o e comunica\u00e7\u00e3o) e de ci\u00eancias humanas e suas tecnologias (hist\u00f3ria, geografia, filosofia e sociologia). O tempo para realiza\u00e7\u00e3o da prova \u00e9 de cinco horas e 30 minutos, contadas a partir da autoriza\u00e7\u00e3o do chefe de sala para o in\u00edcio das provas. No segundo dia do exame, ser\u00e3o aplicadas as provas de ci\u00eancias da natureza (qu\u00edmica, f\u00edsica e biologia) e matem\u00e1tica e suas tecnologias. No segundo dia, o tempo para realizar o exame \u00e9 de cinco horas, contadas a partir da autoriza\u00e7\u00e3o do chefe de sala para o in\u00edcio das provas. Os gabaritos das provas objetivas ser\u00e3o divulgados no Portal do Inep at\u00e9 o terceiro dia \u00fatil ap\u00f3s a \u00faltima prova. Fonte: Agencia Brasil<\/p>\n","protected":false},"author":2,"featured_media":24113,"comment_status":"closed","ping_status":"open","sticky":false,"template":"","format":"standard","meta":{"_eb_attr":"","_jetpack_memberships_contains_paid_content":false,"footnotes":""},"categories":[6],"tags":[],"class_list":["post-38760","post","type-post","status-publish","format-standard","has-post-thumbnail","hentry","category-educacao"],"yoast_head":"<!-- This site is optimized with the Yoast SEO plugin v26.5 - https:\/\/yoast.com\/wordpress\/plugins\/seo\/ -->\n<title>Inscri\u00e7\u00f5es para o Enem 2022 terminam no s\u00e1bado - Not&iacute;cias em Destaque<\/title>\n<meta name=\"robots\" content=\"index, follow, max-snippet:-1, max-image-preview:large, max-video-preview:-1\" \/>\n<link rel=\"canonical\" href=\"https:\/\/noticiasemdestaque.com\/cd\/?p=38760\" \/>\n<meta property=\"og:locale\" content=\"pt_BR\" \/>\n<meta property=\"og:type\" content=\"article\" \/>\n<meta property=\"og:title\" content=\"Inscri\u00e7\u00f5es para o Enem 2022 terminam no s\u00e1bado - Not&iacute;cias em Destaque\" \/>\n<meta property=\"og:description\" content=\"Os interessados em participar do Exame Nacional do Ensino M\u00e9dio (Enem) t\u00eam at\u00e9 o pr\u00f3ximo s\u00e1bado (21) para fazer a inscri\u00e7\u00e3o, habilitando-se para as provas que ser\u00e3o aplicadas nos dias 13 e 20 de novembro. As inscri\u00e7\u00f5es para o Enem 2022, tanto para a edi\u00e7\u00e3o impressa como para a digital, devem ser feitas na P\u00e1gina do Participante. Para acess\u00e1-la,\u00a0clique aqui. A taxa \u00e9 de R$ 85, e poder\u00e1 ser paga via PIX, cart\u00e3o de cr\u00e9dito ou por boleto banc\u00e1rio at\u00e9 o dia 27 deste m\u00eas. No momento da inscri\u00e7\u00e3o, o candidato escolhe se quer fazer a prova de l\u00edngua estrangeira em ingl\u00eas ou espanhol. Ele escolhe tamb\u00e9m se quer o exame impresso ou digital e informa se precisa de algum atendimento especial (acessibilidade, por exemplo). O estudante tamb\u00e9m preenche um question\u00e1rio socioecon\u00f4mico informando se j\u00e1 concluiu o ensino m\u00e9dio e outras informa\u00e7\u00f5es cadastrais. Provas As provas ser\u00e3o nos dias 13 e 20 de novembro. Pela primeira vez, o candidato poder\u00e1 apresentar a vers\u00e3o digital de documento de identifica\u00e7\u00e3o no dia da prova. Ser\u00e3o aceitos e-t\u00edtulo, Carteira de Habilita\u00e7\u00e3o Digital ou RG Digital. O candidato dever\u00e1 abrir o aplicativo e apresentar o documento ao fiscal. Capturas de tela n\u00e3o ser\u00e3o aceitas. O exame ter\u00e1 quatro provas objetivas e uma reda\u00e7\u00e3o em l\u00edngua portuguesa. Cada prova objetiva ter\u00e1 45 quest\u00f5es de m\u00faltipla escolha. No primeiro dia do exame, ser\u00e3o aplicadas as provas de linguagens, c\u00f3digos e reda\u00e7\u00e3o (l\u00edngua portuguesa, literatura, l\u00edngua estrangeira, artes, educa\u00e7\u00e3o f\u00edsica e tecnologias da informa\u00e7\u00e3o e comunica\u00e7\u00e3o) e de ci\u00eancias humanas e suas tecnologias (hist\u00f3ria, geografia, filosofia e sociologia). O tempo para realiza\u00e7\u00e3o da prova \u00e9 de cinco horas e 30 minutos, contadas a partir da autoriza\u00e7\u00e3o do chefe de sala para o in\u00edcio das provas. No segundo dia do exame, ser\u00e3o aplicadas as provas de ci\u00eancias da natureza (qu\u00edmica, f\u00edsica e biologia) e matem\u00e1tica e suas tecnologias. No segundo dia, o tempo para realizar o exame \u00e9 de cinco horas, contadas a partir da autoriza\u00e7\u00e3o do chefe de sala para o in\u00edcio das provas. Os gabaritos das provas objetivas ser\u00e3o divulgados no Portal do Inep at\u00e9 o terceiro dia \u00fatil ap\u00f3s a \u00faltima prova. Fonte: Agencia Brasil\" \/>\n<meta property=\"og:url\" content=\"https:\/\/noticiasemdestaque.com\/cd\/?p=38760\" \/>\n<meta property=\"og:site_name\" content=\"Not&iacute;cias em Destaque\" \/>\n<meta property=\"article:published_time\" content=\"2022-05-16T21:20:27+00:00\" \/>\n<meta property=\"og:image\" content=\"https:\/\/noticiasemdestaque.com\/cd\/wp-content\/uploads\/2020\/04\/enem_abr_151019779.jpg\" \/>\n\t<meta property=\"og:image:width\" content=\"1170\" \/>\n\t<meta property=\"og:image:height\" content=\"700\" \/>\n\t<meta property=\"og:image:type\" content=\"image\/jpeg\" \/>\n<meta name=\"author\" content=\"Not\u00edcias em Destaque\" \/>\n<meta name=\"twitter:card\" content=\"summary_large_image\" \/>\n<meta name=\"twitter:label1\" content=\"Escrito por\" \/>\n\t<meta name=\"twitter:data1\" content=\"Not\u00edcias em Destaque\" \/>\n\t<meta name=\"twitter:label2\" content=\"Est. tempo de leitura\" \/>\n\t<meta name=\"twitter:data2\" content=\"2 minutos\" \/>\n<script type=\"application\/ld+json\" class=\"yoast-schema-graph\">{\"@context\":\"https:\/\/schema.org\",\"@graph\":[{\"@type\":\"Article\",\"@id\":\"https:\/\/noticiasemdestaque.com\/cd\/?p=38760#article\",\"isPartOf\":{\"@id\":\"https:\/\/noticiasemdestaque.com\/cd\/?p=38760\"},\"author\":{\"name\":\"Not\u00edcias em Destaque\",\"@id\":\"https:\/\/noticiasemdestaque.com\/cd\/#\/schema\/person\/47f7d4f55eec17c6b2ca036c5500f6ce\"},\"headline\":\"Inscri\u00e7\u00f5es para o Enem 2022 terminam no s\u00e1bado\",\"datePublished\":\"2022-05-16T21:20:27+00:00\",\"mainEntityOfPage\":{\"@id\":\"https:\/\/noticiasemdestaque.com\/cd\/?p=38760\"},\"wordCount\":415,\"publisher\":{\"@id\":\"https:\/\/noticiasemdestaque.com\/cd\/#organization\"},\"image\":{\"@id\":\"https:\/\/noticiasemdestaque.com\/cd\/?p=38760#primaryimage\"},\"thumbnailUrl\":\"https:\/\/noticiasemdestaque.com\/cd\/wp-content\/uploads\/2020\/04\/enem_abr_151019779.jpg\",\"articleSection\":[\"Educa\u00e7\u00e3o\"],\"inLanguage\":\"pt-BR\"},{\"@type\":\"WebPage\",\"@id\":\"https:\/\/noticiasemdestaque.com\/cd\/?p=38760\",\"url\":\"https:\/\/noticiasemdestaque.com\/cd\/?p=38760\",\"name\":\"Inscri\u00e7\u00f5es para o Enem 2022 terminam no s\u00e1bado - Not&iacute;cias em Destaque\",\"isPartOf\":{\"@id\":\"https:\/\/noticiasemdestaque.com\/cd\/#website\"},\"primaryImageOfPage\":{\"@id\":\"https:\/\/noticiasemdestaque.com\/cd\/?p=38760#primaryimage\"},\"image\":{\"@id\":\"https:\/\/noticiasemdestaque.com\/cd\/?p=38760#primaryimage\"},\"thumbnailUrl\":\"https:\/\/noticiasemdestaque.com\/cd\/wp-content\/uploads\/2020\/04\/enem_abr_151019779.jpg\",\"datePublished\":\"2022-05-16T21:20:27+00:00\",\"breadcrumb\":{\"@id\":\"https:\/\/noticiasemdestaque.com\/cd\/?p=38760#breadcrumb\"},\"inLanguage\":\"pt-BR\",\"potentialAction\":[{\"@type\":\"ReadAction\",\"target\":[\"https:\/\/noticiasemdestaque.com\/cd\/?p=38760\"]}]},{\"@type\":\"ImageObject\",\"inLanguage\":\"pt-BR\",\"@id\":\"https:\/\/noticiasemdestaque.com\/cd\/?p=38760#primaryimage\",\"url\":\"https:\/\/noticiasemdestaque.com\/cd\/wp-content\/uploads\/2020\/04\/enem_abr_151019779.jpg\",\"contentUrl\":\"https:\/\/noticiasemdestaque.com\/cd\/wp-content\/uploads\/2020\/04\/enem_abr_151019779.jpg\",\"width\":1170,\"height\":700},{\"@type\":\"BreadcrumbList\",\"@id\":\"https:\/\/noticiasemdestaque.com\/cd\/?p=38760#breadcrumb\",\"itemListElement\":[{\"@type\":\"ListItem\",\"position\":1,\"name\":\"In\u00edcio\",\"item\":\"https:\/\/noticiasemdestaque.com\/cd\/\"},{\"@type\":\"ListItem\",\"position\":2,\"name\":\"Inscri\u00e7\u00f5es para o Enem 2022 terminam no s\u00e1bado\"}]},{\"@type\":\"WebSite\",\"@id\":\"https:\/\/noticiasemdestaque.com\/cd\/#website\",\"url\":\"https:\/\/noticiasemdestaque.com\/cd\/\",\"name\":\"Not&iacute;cias em Destaque\",\"description\":\"\",\"publisher\":{\"@id\":\"https:\/\/noticiasemdestaque.com\/cd\/#organization\"},\"potentialAction\":[{\"@type\":\"SearchAction\",\"target\":{\"@type\":\"EntryPoint\",\"urlTemplate\":\"https:\/\/noticiasemdestaque.com\/cd\/?s={search_term_string}\"},\"query-input\":{\"@type\":\"PropertyValueSpecification\",\"valueRequired\":true,\"valueName\":\"search_term_string\"}}],\"inLanguage\":\"pt-BR\"},{\"@type\":\"Organization\",\"@id\":\"https:\/\/noticiasemdestaque.com\/cd\/#organization\",\"name\":\"Not\u00edcias em Destaque\",\"url\":\"https:\/\/noticiasemdestaque.com\/cd\/\",\"logo\":{\"@type\":\"ImageObject\",\"inLanguage\":\"pt-BR\",\"@id\":\"https:\/\/noticiasemdestaque.com\/cd\/#\/schema\/logo\/image\/\",\"url\":\"https:\/\/noticiasemdestaque.com\/cd\/wp-content\/uploads\/2022\/05\/imagem-base-noticiasemdestaque.png\",\"contentUrl\":\"https:\/\/noticiasemdestaque.com\/cd\/wp-content\/uploads\/2022\/05\/imagem-base-noticiasemdestaque.png\",\"width\":1200,\"height\":630,\"caption\":\"Not\u00edcias em Destaque\"},\"image\":{\"@id\":\"https:\/\/noticiasemdestaque.com\/cd\/#\/schema\/logo\/image\/\"}},{\"@type\":\"Person\",\"@id\":\"https:\/\/noticiasemdestaque.com\/cd\/#\/schema\/person\/47f7d4f55eec17c6b2ca036c5500f6ce\",\"name\":\"Not\u00edcias em Destaque\",\"url\":\"https:\/\/noticiasemdestaque.com\/cd\/?author=2\"}]}<\/script>\n<!-- \/ Yoast SEO plugin. -->","yoast_head_json":{"title":"Inscri\u00e7\u00f5es para o Enem 2022 terminam no s\u00e1bado - Not&iacute;cias em Destaque","robots":{"index":"index","follow":"follow","max-snippet":"max-snippet:-1","max-image-preview":"max-image-preview:large","max-video-preview":"max-video-preview:-1"},"canonical":"https:\/\/noticiasemdestaque.com\/cd\/?p=38760","og_locale":"pt_BR","og_type":"article","og_title":"Inscri\u00e7\u00f5es para o Enem 2022 terminam no s\u00e1bado - Not&iacute;cias em Destaque","og_description":"Os interessados em participar do Exame Nacional do Ensino M\u00e9dio (Enem) t\u00eam at\u00e9 o pr\u00f3ximo s\u00e1bado (21) para fazer a inscri\u00e7\u00e3o, habilitando-se para as provas que ser\u00e3o aplicadas nos dias 13 e 20 de novembro. As inscri\u00e7\u00f5es para o Enem 2022, tanto para a edi\u00e7\u00e3o impressa como para a digital, devem ser feitas na P\u00e1gina do Participante. Para acess\u00e1-la,\u00a0clique aqui. A taxa \u00e9 de R$ 85, e poder\u00e1 ser paga via PIX, cart\u00e3o de cr\u00e9dito ou por boleto banc\u00e1rio at\u00e9 o dia 27 deste m\u00eas. No momento da inscri\u00e7\u00e3o, o candidato escolhe se quer fazer a prova de l\u00edngua estrangeira em ingl\u00eas ou espanhol. Ele escolhe tamb\u00e9m se quer o exame impresso ou digital e informa se precisa de algum atendimento especial (acessibilidade, por exemplo). O estudante tamb\u00e9m preenche um question\u00e1rio socioecon\u00f4mico informando se j\u00e1 concluiu o ensino m\u00e9dio e outras informa\u00e7\u00f5es cadastrais. Provas As provas ser\u00e3o nos dias 13 e 20 de novembro. Pela primeira vez, o candidato poder\u00e1 apresentar a vers\u00e3o digital de documento de identifica\u00e7\u00e3o no dia da prova. Ser\u00e3o aceitos e-t\u00edtulo, Carteira de Habilita\u00e7\u00e3o Digital ou RG Digital. O candidato dever\u00e1 abrir o aplicativo e apresentar o documento ao fiscal. Capturas de tela n\u00e3o ser\u00e3o aceitas. O exame ter\u00e1 quatro provas objetivas e uma reda\u00e7\u00e3o em l\u00edngua portuguesa. Cada prova objetiva ter\u00e1 45 quest\u00f5es de m\u00faltipla escolha. No primeiro dia do exame, ser\u00e3o aplicadas as provas de linguagens, c\u00f3digos e reda\u00e7\u00e3o (l\u00edngua portuguesa, literatura, l\u00edngua estrangeira, artes, educa\u00e7\u00e3o f\u00edsica e tecnologias da informa\u00e7\u00e3o e comunica\u00e7\u00e3o) e de ci\u00eancias humanas e suas tecnologias (hist\u00f3ria, geografia, filosofia e sociologia). O tempo para realiza\u00e7\u00e3o da prova \u00e9 de cinco horas e 30 minutos, contadas a partir da autoriza\u00e7\u00e3o do chefe de sala para o in\u00edcio das provas. No segundo dia do exame, ser\u00e3o aplicadas as provas de ci\u00eancias da natureza (qu\u00edmica, f\u00edsica e biologia) e matem\u00e1tica e suas tecnologias. No segundo dia, o tempo para realizar o exame \u00e9 de cinco horas, contadas a partir da autoriza\u00e7\u00e3o do chefe de sala para o in\u00edcio das provas. Os gabaritos das provas objetivas ser\u00e3o divulgados no Portal do Inep at\u00e9 o terceiro dia \u00fatil ap\u00f3s a \u00faltima prova. Fonte: Agencia Brasil","og_url":"https:\/\/noticiasemdestaque.com\/cd\/?p=38760","og_site_name":"Not&iacute;cias em Destaque","article_published_time":"2022-05-16T21:20:27+00:00","og_image":[{"width":1170,"height":700,"url":"https:\/\/noticiasemdestaque.com\/cd\/wp-content\/uploads\/2020\/04\/enem_abr_151019779.jpg","type":"image\/jpeg"}],"author":"Not\u00edcias em Destaque","twitter_card":"summary_large_image","twitter_misc":{"Escrito por":"Not\u00edcias em Destaque","Est. tempo de leitura":"2 minutos"},"schema":{"@context":"https:\/\/schema.org","@graph":[{"@type":"Article","@id":"https:\/\/noticiasemdestaque.com\/cd\/?p=38760#article","isPartOf":{"@id":"https:\/\/noticiasemdestaque.com\/cd\/?p=38760"},"author":{"name":"Not\u00edcias em Destaque","@id":"https:\/\/noticiasemdestaque.com\/cd\/#\/schema\/person\/47f7d4f55eec17c6b2ca036c5500f6ce"},"headline":"Inscri\u00e7\u00f5es para o Enem 2022 terminam no s\u00e1bado","datePublished":"2022-05-16T21:20:27+00:00","mainEntityOfPage":{"@id":"https:\/\/noticiasemdestaque.com\/cd\/?p=38760"},"wordCount":415,"publisher":{"@id":"https:\/\/noticiasemdestaque.com\/cd\/#organization"},"image":{"@id":"https:\/\/noticiasemdestaque.com\/cd\/?p=38760#primaryimage"},"thumbnailUrl":"https:\/\/noticiasemdestaque.com\/cd\/wp-content\/uploads\/2020\/04\/enem_abr_151019779.jpg","articleSection":["Educa\u00e7\u00e3o"],"inLanguage":"pt-BR"},{"@type":"WebPage","@id":"https:\/\/noticiasemdestaque.com\/cd\/?p=38760","url":"https:\/\/noticiasemdestaque.com\/cd\/?p=38760","name":"Inscri\u00e7\u00f5es para o Enem 2022 terminam no s\u00e1bado - Not&iacute;cias em Destaque","isPartOf":{"@id":"https:\/\/noticiasemdestaque.com\/cd\/#website"},"primaryImageOfPage":{"@id":"https:\/\/noticiasemdestaque.com\/cd\/?p=38760#primaryimage"},"image":{"@id":"https:\/\/noticiasemdestaque.com\/cd\/?p=38760#primaryimage"},"thumbnailUrl":"https:\/\/noticiasemdestaque.com\/cd\/wp-content\/uploads\/2020\/04\/enem_abr_151019779.jpg","datePublished":"2022-05-16T21:20:27+00:00","breadcrumb":{"@id":"https:\/\/noticiasemdestaque.com\/cd\/?p=38760#breadcrumb"},"inLanguage":"pt-BR","potentialAction":[{"@type":"ReadAction","target":["https:\/\/noticiasemdestaque.com\/cd\/?p=38760"]}]},{"@type":"ImageObject","inLanguage":"pt-BR","@id":"https:\/\/noticiasemdestaque.com\/cd\/?p=38760#primaryimage","url":"https:\/\/noticiasemdestaque.com\/cd\/wp-content\/uploads\/2020\/04\/enem_abr_151019779.jpg","contentUrl":"https:\/\/noticiasemdestaque.com\/cd\/wp-content\/uploads\/2020\/04\/enem_abr_151019779.jpg","width":1170,"height":700},{"@type":"BreadcrumbList","@id":"https:\/\/noticiasemdestaque.com\/cd\/?p=38760#breadcrumb","itemListElement":[{"@type":"ListItem","position":1,"name":"In\u00edcio","item":"https:\/\/noticiasemdestaque.com\/cd\/"},{"@type":"ListItem","position":2,"name":"Inscri\u00e7\u00f5es para o Enem 2022 terminam no s\u00e1bado"}]},{"@type":"WebSite","@id":"https:\/\/noticiasemdestaque.com\/cd\/#website","url":"https:\/\/noticiasemdestaque.com\/cd\/","name":"Not&iacute;cias em Destaque","description":"","publisher":{"@id":"https:\/\/noticiasemdestaque.com\/cd\/#organization"},"potentialAction":[{"@type":"SearchAction","target":{"@type":"EntryPoint","urlTemplate":"https:\/\/noticiasemdestaque.com\/cd\/?s={search_term_string}"},"query-input":{"@type":"PropertyValueSpecification","valueRequired":true,"valueName":"search_term_string"}}],"inLanguage":"pt-BR"},{"@type":"Organization","@id":"https:\/\/noticiasemdestaque.com\/cd\/#organization","name":"Not\u00edcias em Destaque","url":"https:\/\/noticiasemdestaque.com\/cd\/","logo":{"@type":"ImageObject","inLanguage":"pt-BR","@id":"https:\/\/noticiasemdestaque.com\/cd\/#\/schema\/logo\/image\/","url":"https:\/\/noticiasemdestaque.com\/cd\/wp-content\/uploads\/2022\/05\/imagem-base-noticiasemdestaque.png","contentUrl":"https:\/\/noticiasemdestaque.com\/cd\/wp-content\/uploads\/2022\/05\/imagem-base-noticiasemdestaque.png","width":1200,"height":630,"caption":"Not\u00edcias em Destaque"},"image":{"@id":"https:\/\/noticiasemdestaque.com\/cd\/#\/schema\/logo\/image\/"}},{"@type":"Person","@id":"https:\/\/noticiasemdestaque.com\/cd\/#\/schema\/person\/47f7d4f55eec17c6b2ca036c5500f6ce","name":"Not\u00edcias em Destaque","url":"https:\/\/noticiasemdestaque.com\/cd\/?author=2"}]}},"jetpack_featured_media_url":"https:\/\/noticiasemdestaque.com\/cd\/wp-content\/uploads\/2020\/04\/enem_abr_151019779.jpg","jetpack_sharing_enabled":true,"_links":{"self":[{"href":"https:\/\/noticiasemdestaque.com\/cd\/index.php?rest_route=\/wp\/v2\/posts\/38760","targetHints":{"allow":["GET"]}}],"collection":[{"href":"https:\/\/noticiasemdestaque.com\/cd\/index.php?rest_route=\/wp\/v2\/posts"}],"about":[{"href":"https:\/\/noticiasemdestaque.com\/cd\/index.php?rest_route=\/wp\/v2\/types\/post"}],"author":[{"embeddable":true,"href":"https:\/\/noticiasemdestaque.com\/cd\/index.php?rest_route=\/wp\/v2\/users\/2"}],"replies":[{"embeddable":true,"href":"https:\/\/noticiasemdestaque.com\/cd\/index.php?rest_route=%2Fwp%2Fv2%2Fcomments&post=38760"}],"version-history":[{"count":1,"href":"https:\/\/noticiasemdestaque.com\/cd\/index.php?rest_route=\/wp\/v2\/posts\/38760\/revisions"}],"predecessor-version":[{"id":38761,"href":"https:\/\/noticiasemdestaque.com\/cd\/index.php?rest_route=\/wp\/v2\/posts\/38760\/revisions\/38761"}],"wp:featuredmedia":[{"embeddable":true,"href":"https:\/\/noticiasemdestaque.com\/cd\/index.php?rest_route=\/wp\/v2\/media\/24113"}],"wp:attachment":[{"href":"https:\/\/noticiasemdestaque.com\/cd\/index.php?rest_route=%2Fwp%2Fv2%2Fmedia&parent=38760"}],"wp:term":[{"taxonomy":"category","embeddable":true,"href":"https:\/\/noticiasemdestaque.com\/cd\/index.php?rest_route=%2Fwp%2Fv2%2Fcategories&post=38760"},{"taxonomy":"post_tag","embeddable":true,"href":"https:\/\/noticiasemdestaque.com\/cd\/index.php?rest_route=%2Fwp%2Fv2%2Ftags&post=38760"}],"curies":[{"name":"wp","href":"https:\/\/api.w.org\/{rel}","templated":true}]}}