{"id":38755,"date":"2022-05-16T18:10:50","date_gmt":"2022-05-16T21:10:50","guid":{"rendered":"http:\/\/noticiasemdestaque.com\/cd\/?p=38755"},"modified":"2022-05-16T18:14:44","modified_gmt":"2022-05-16T21:14:44","slug":"sume-distribui-uma-tonelada-de-polpa-de-frutas","status":"publish","type":"post","link":"https:\/\/noticiasemdestaque.com\/cd\/?p=38755","title":{"rendered":"Sum\u00e9 distribui uma tonelada de polpa de frutas"},"content":{"rendered":"<p data-uw-styling-context=\"true\">O munic\u00edpio de Sum\u00e9 foi beneficiado com uma tonelada de polpa de frutas, de umbu e acerola, atrav\u00e9s do Governo do Estado da Para\u00edba, dentro do Programa Alimenta Brasil (PAB), antigo Programa de Aquisi\u00e7\u00e3o de Alimentos (PAA). Esse programa contempla as fam\u00edlias com distribui\u00e7\u00e3o de alimentos. Dos 223 munic\u00edpios paraibanos, 14 foram contemplados, dentre eles, Sum\u00e9.<\/p>\n<p data-uw-styling-context=\"true\">Hosana Torres, coordenadora do PAB de Sum\u00e9, j\u00e1 iniciou a distribui\u00e7\u00e3o nos Bairro da V\u00e1rzea Redonda, do Alto Alegre e do Conjunto Habitacional. A entrega ser\u00e1 conclu\u00edda na segunda-feira, 16.<\/p>\n<p data-uw-styling-context=\"true\">Na oportunidade, ela agradeceu as Secretarias, Executiva de Seguran\u00e7a Alimentar e Economia Solid\u00e1ria e de Desenvolvimento Humano do Estado, ao prefeito \u00c9den e a secretaria de Assist\u00eancia Social, Ednalva Lib\u00e2nio, pelo empenho em manter a distribui\u00e7\u00e3o de alimentos de qualidade atrav\u00e9s do Programa Cozinha Solid\u00e1ria, \u00e0s pessoas de baixa renda e com algum tipo de vulnerabilidade social.<\/p>\n<p data-uw-styling-context=\"true\">O programa Cozinha Solid\u00e1ria foi institu\u00eddo em Sum\u00e9 no ano de 2019 e consiste na distribui\u00e7\u00e3o de alimentos para as fam\u00edlias dos bairros do Alto Alegre, V\u00e1rzea Redonda, Conjunto Habitacional, Assentamento Mandacaru e Distrito de Pio X, com um card\u00e1pio variado, orientado e acompanhado por nutricionista.<\/p>\n<p data-uw-styling-context=\"true\">Na V\u00e1rzea Redonda s\u00e3o atendidas 95 fam\u00edlias com distribui\u00e7\u00e3o das refei\u00e7\u00f5es na segunda e quarta-feira, no Alto Alegre s\u00e3o 105 fam\u00edlia atendidas na ter\u00e7a e quinta-feira, no Assentamento Mandacaru s\u00e3o 42 fam\u00edlias atendidas na sexta-feira, no Distrito de Pio X s\u00e3o 32 fam\u00edlias contempladas na segunda, quarta e sexta-feira. O prefeito \u00c9den estuda a possibilidade de montar um ponto de apoio no Conjunto Habitacional. \u00a0Por enquanto as fam\u00edlias desta localidade recebem no Alto Alegre.<\/p>\n<p data-uw-styling-context=\"true\">De janeiro \u00e0 abril deste ano, o Cozinha Solid\u00e1ria de Sum\u00e9 j\u00e1 distribui mais de 38.500 refei\u00e7\u00f5es, servindo 590 pessoas em um investimento que ultrapassa os R$ 100 mil, de recursos pr\u00f3prios.<\/p>\n<p data-uw-styling-context=\"true\">Fonte: Ascom\/Pms<\/p>\n","protected":false},"excerpt":{"rendered":"<p>O munic\u00edpio de Sum\u00e9 foi beneficiado com uma tonelada de polpa de frutas, de umbu e acerola, atrav\u00e9s do Governo do Estado da Para\u00edba, dentro do Programa Alimenta Brasil (PAB), antigo Programa de Aquisi\u00e7\u00e3o de Alimentos (PAA). Esse programa contempla as fam\u00edlias com distribui\u00e7\u00e3o de alimentos. Dos 223 munic\u00edpios paraibanos, 14 foram contemplados, dentre eles, Sum\u00e9. Hosana Torres, coordenadora do PAB de Sum\u00e9, j\u00e1 iniciou a distribui\u00e7\u00e3o nos Bairro da V\u00e1rzea Redonda, do Alto Alegre e do Conjunto Habitacional. A entrega ser\u00e1 conclu\u00edda na segunda-feira, 16. Na oportunidade, ela agradeceu as Secretarias, Executiva de Seguran\u00e7a Alimentar e Economia Solid\u00e1ria e de Desenvolvimento Humano do Estado, ao prefeito \u00c9den e a secretaria de Assist\u00eancia Social, Ednalva Lib\u00e2nio, pelo empenho em manter a distribui\u00e7\u00e3o de alimentos de qualidade atrav\u00e9s do Programa Cozinha Solid\u00e1ria, \u00e0s pessoas de baixa renda e com algum tipo de vulnerabilidade social. O programa Cozinha Solid\u00e1ria foi institu\u00eddo em Sum\u00e9 no ano de 2019 e consiste na distribui\u00e7\u00e3o de alimentos para as fam\u00edlias dos bairros do Alto Alegre, V\u00e1rzea Redonda, Conjunto Habitacional, Assentamento Mandacaru e Distrito de Pio X, com um card\u00e1pio variado, orientado e acompanhado por nutricionista. Na V\u00e1rzea Redonda s\u00e3o atendidas 95 fam\u00edlias com distribui\u00e7\u00e3o das refei\u00e7\u00f5es na segunda e quarta-feira, no Alto Alegre s\u00e3o 105 fam\u00edlia atendidas na ter\u00e7a e quinta-feira, no Assentamento Mandacaru s\u00e3o 42 fam\u00edlias atendidas na sexta-feira, no Distrito de Pio X s\u00e3o 32 fam\u00edlias contempladas na segunda, quarta e sexta-feira. O prefeito \u00c9den estuda a possibilidade de montar um ponto de apoio no Conjunto Habitacional. \u00a0Por enquanto as fam\u00edlias desta localidade recebem no Alto Alegre. De janeiro \u00e0 abril deste ano, o Cozinha Solid\u00e1ria de Sum\u00e9 j\u00e1 distribui mais de 38.500 refei\u00e7\u00f5es, servindo 590 pessoas em um investimento que ultrapassa os R$ 100 mil, de recursos pr\u00f3prios. Fonte: Ascom\/Pms<\/p>\n","protected":false},"author":2,"featured_media":38759,"comment_status":"closed","ping_status":"open","sticky":false,"template":"","format":"standard","meta":{"_eb_attr":"","_jetpack_memberships_contains_paid_content":false,"footnotes":""},"categories":[3],"tags":[],"class_list":["post-38755","post","type-post","status-publish","format-standard","has-post-thumbnail","hentry","category-cidades"],"yoast_head":"<!-- This site is optimized with the Yoast SEO plugin v26.5 - https:\/\/yoast.com\/wordpress\/plugins\/seo\/ -->\n<title>Sum\u00e9 distribui uma tonelada de polpa de frutas - Not&iacute;cias em Destaque<\/title>\n<meta name=\"robots\" content=\"index, follow, max-snippet:-1, max-image-preview:large, max-video-preview:-1\" \/>\n<link rel=\"canonical\" href=\"https:\/\/noticiasemdestaque.com\/cd\/?p=38755\" \/>\n<meta property=\"og:locale\" content=\"pt_BR\" \/>\n<meta property=\"og:type\" content=\"article\" \/>\n<meta property=\"og:title\" content=\"Sum\u00e9 distribui uma tonelada de polpa de frutas - Not&iacute;cias em Destaque\" \/>\n<meta property=\"og:description\" content=\"O munic\u00edpio de Sum\u00e9 foi beneficiado com uma tonelada de polpa de frutas, de umbu e acerola, atrav\u00e9s do Governo do Estado da Para\u00edba, dentro do Programa Alimenta Brasil (PAB), antigo Programa de Aquisi\u00e7\u00e3o de Alimentos (PAA). Esse programa contempla as fam\u00edlias com distribui\u00e7\u00e3o de alimentos. Dos 223 munic\u00edpios paraibanos, 14 foram contemplados, dentre eles, Sum\u00e9. Hosana Torres, coordenadora do PAB de Sum\u00e9, j\u00e1 iniciou a distribui\u00e7\u00e3o nos Bairro da V\u00e1rzea Redonda, do Alto Alegre e do Conjunto Habitacional. A entrega ser\u00e1 conclu\u00edda na segunda-feira, 16. Na oportunidade, ela agradeceu as Secretarias, Executiva de Seguran\u00e7a Alimentar e Economia Solid\u00e1ria e de Desenvolvimento Humano do Estado, ao prefeito \u00c9den e a secretaria de Assist\u00eancia Social, Ednalva Lib\u00e2nio, pelo empenho em manter a distribui\u00e7\u00e3o de alimentos de qualidade atrav\u00e9s do Programa Cozinha Solid\u00e1ria, \u00e0s pessoas de baixa renda e com algum tipo de vulnerabilidade social. O programa Cozinha Solid\u00e1ria foi institu\u00eddo em Sum\u00e9 no ano de 2019 e consiste na distribui\u00e7\u00e3o de alimentos para as fam\u00edlias dos bairros do Alto Alegre, V\u00e1rzea Redonda, Conjunto Habitacional, Assentamento Mandacaru e Distrito de Pio X, com um card\u00e1pio variado, orientado e acompanhado por nutricionista. Na V\u00e1rzea Redonda s\u00e3o atendidas 95 fam\u00edlias com distribui\u00e7\u00e3o das refei\u00e7\u00f5es na segunda e quarta-feira, no Alto Alegre s\u00e3o 105 fam\u00edlia atendidas na ter\u00e7a e quinta-feira, no Assentamento Mandacaru s\u00e3o 42 fam\u00edlias atendidas na sexta-feira, no Distrito de Pio X s\u00e3o 32 fam\u00edlias contempladas na segunda, quarta e sexta-feira. O prefeito \u00c9den estuda a possibilidade de montar um ponto de apoio no Conjunto Habitacional. \u00a0Por enquanto as fam\u00edlias desta localidade recebem no Alto Alegre. De janeiro \u00e0 abril deste ano, o Cozinha Solid\u00e1ria de Sum\u00e9 j\u00e1 distribui mais de 38.500 refei\u00e7\u00f5es, servindo 590 pessoas em um investimento que ultrapassa os R$ 100 mil, de recursos pr\u00f3prios. Fonte: Ascom\/Pms\" \/>\n<meta property=\"og:url\" content=\"https:\/\/noticiasemdestaque.com\/cd\/?p=38755\" \/>\n<meta property=\"og:site_name\" content=\"Not&iacute;cias em Destaque\" \/>\n<meta property=\"article:published_time\" content=\"2022-05-16T21:10:50+00:00\" \/>\n<meta property=\"article:modified_time\" content=\"2022-05-16T21:14:44+00:00\" \/>\n<meta property=\"og:image\" content=\"https:\/\/noticiasemdestaque.com\/cd\/wp-content\/uploads\/2022\/05\/POLPA-4-1.jpeg\" \/>\n\t<meta property=\"og:image:width\" content=\"939\" \/>\n\t<meta property=\"og:image:height\" content=\"929\" \/>\n\t<meta property=\"og:image:type\" content=\"image\/jpeg\" \/>\n<meta name=\"author\" content=\"Not\u00edcias em Destaque\" \/>\n<meta name=\"twitter:card\" content=\"summary_large_image\" \/>\n<meta name=\"twitter:label1\" content=\"Escrito por\" \/>\n\t<meta name=\"twitter:data1\" content=\"Not\u00edcias em Destaque\" \/>\n\t<meta name=\"twitter:label2\" content=\"Est. tempo de leitura\" \/>\n\t<meta name=\"twitter:data2\" content=\"2 minutos\" \/>\n<script type=\"application\/ld+json\" class=\"yoast-schema-graph\">{\"@context\":\"https:\/\/schema.org\",\"@graph\":[{\"@type\":\"Article\",\"@id\":\"https:\/\/noticiasemdestaque.com\/cd\/?p=38755#article\",\"isPartOf\":{\"@id\":\"https:\/\/noticiasemdestaque.com\/cd\/?p=38755\"},\"author\":{\"name\":\"Not\u00edcias em Destaque\",\"@id\":\"https:\/\/noticiasemdestaque.com\/cd\/#\/schema\/person\/47f7d4f55eec17c6b2ca036c5500f6ce\"},\"headline\":\"Sum\u00e9 distribui uma tonelada de polpa de frutas\",\"datePublished\":\"2022-05-16T21:10:50+00:00\",\"dateModified\":\"2022-05-16T21:14:44+00:00\",\"mainEntityOfPage\":{\"@id\":\"https:\/\/noticiasemdestaque.com\/cd\/?p=38755\"},\"wordCount\":333,\"publisher\":{\"@id\":\"https:\/\/noticiasemdestaque.com\/cd\/#organization\"},\"image\":{\"@id\":\"https:\/\/noticiasemdestaque.com\/cd\/?p=38755#primaryimage\"},\"thumbnailUrl\":\"https:\/\/noticiasemdestaque.com\/cd\/wp-content\/uploads\/2022\/05\/POLPA-4-1.jpeg\",\"articleSection\":[\"Cidades\"],\"inLanguage\":\"pt-BR\"},{\"@type\":\"WebPage\",\"@id\":\"https:\/\/noticiasemdestaque.com\/cd\/?p=38755\",\"url\":\"https:\/\/noticiasemdestaque.com\/cd\/?p=38755\",\"name\":\"Sum\u00e9 distribui uma tonelada de polpa de frutas - Not&iacute;cias em Destaque\",\"isPartOf\":{\"@id\":\"https:\/\/noticiasemdestaque.com\/cd\/#website\"},\"primaryImageOfPage\":{\"@id\":\"https:\/\/noticiasemdestaque.com\/cd\/?p=38755#primaryimage\"},\"image\":{\"@id\":\"https:\/\/noticiasemdestaque.com\/cd\/?p=38755#primaryimage\"},\"thumbnailUrl\":\"https:\/\/noticiasemdestaque.com\/cd\/wp-content\/uploads\/2022\/05\/POLPA-4-1.jpeg\",\"datePublished\":\"2022-05-16T21:10:50+00:00\",\"dateModified\":\"2022-05-16T21:14:44+00:00\",\"breadcrumb\":{\"@id\":\"https:\/\/noticiasemdestaque.com\/cd\/?p=38755#breadcrumb\"},\"inLanguage\":\"pt-BR\",\"potentialAction\":[{\"@type\":\"ReadAction\",\"target\":[\"https:\/\/noticiasemdestaque.com\/cd\/?p=38755\"]}]},{\"@type\":\"ImageObject\",\"inLanguage\":\"pt-BR\",\"@id\":\"https:\/\/noticiasemdestaque.com\/cd\/?p=38755#primaryimage\",\"url\":\"https:\/\/noticiasemdestaque.com\/cd\/wp-content\/uploads\/2022\/05\/POLPA-4-1.jpeg\",\"contentUrl\":\"https:\/\/noticiasemdestaque.com\/cd\/wp-content\/uploads\/2022\/05\/POLPA-4-1.jpeg\",\"width\":939,\"height\":929},{\"@type\":\"BreadcrumbList\",\"@id\":\"https:\/\/noticiasemdestaque.com\/cd\/?p=38755#breadcrumb\",\"itemListElement\":[{\"@type\":\"ListItem\",\"position\":1,\"name\":\"In\u00edcio\",\"item\":\"https:\/\/noticiasemdestaque.com\/cd\/\"},{\"@type\":\"ListItem\",\"position\":2,\"name\":\"Sum\u00e9 distribui uma tonelada de polpa de frutas\"}]},{\"@type\":\"WebSite\",\"@id\":\"https:\/\/noticiasemdestaque.com\/cd\/#website\",\"url\":\"https:\/\/noticiasemdestaque.com\/cd\/\",\"name\":\"Not&iacute;cias em Destaque\",\"description\":\"\",\"publisher\":{\"@id\":\"https:\/\/noticiasemdestaque.com\/cd\/#organization\"},\"potentialAction\":[{\"@type\":\"SearchAction\",\"target\":{\"@type\":\"EntryPoint\",\"urlTemplate\":\"https:\/\/noticiasemdestaque.com\/cd\/?s={search_term_string}\"},\"query-input\":{\"@type\":\"PropertyValueSpecification\",\"valueRequired\":true,\"valueName\":\"search_term_string\"}}],\"inLanguage\":\"pt-BR\"},{\"@type\":\"Organization\",\"@id\":\"https:\/\/noticiasemdestaque.com\/cd\/#organization\",\"name\":\"Not\u00edcias em Destaque\",\"url\":\"https:\/\/noticiasemdestaque.com\/cd\/\",\"logo\":{\"@type\":\"ImageObject\",\"inLanguage\":\"pt-BR\",\"@id\":\"https:\/\/noticiasemdestaque.com\/cd\/#\/schema\/logo\/image\/\",\"url\":\"https:\/\/noticiasemdestaque.com\/cd\/wp-content\/uploads\/2022\/05\/imagem-base-noticiasemdestaque.png\",\"contentUrl\":\"https:\/\/noticiasemdestaque.com\/cd\/wp-content\/uploads\/2022\/05\/imagem-base-noticiasemdestaque.png\",\"width\":1200,\"height\":630,\"caption\":\"Not\u00edcias em Destaque\"},\"image\":{\"@id\":\"https:\/\/noticiasemdestaque.com\/cd\/#\/schema\/logo\/image\/\"}},{\"@type\":\"Person\",\"@id\":\"https:\/\/noticiasemdestaque.com\/cd\/#\/schema\/person\/47f7d4f55eec17c6b2ca036c5500f6ce\",\"name\":\"Not\u00edcias em Destaque\",\"url\":\"https:\/\/noticiasemdestaque.com\/cd\/?author=2\"}]}<\/script>\n<!-- \/ Yoast SEO plugin. -->","yoast_head_json":{"title":"Sum\u00e9 distribui uma tonelada de polpa de frutas - Not&iacute;cias em Destaque","robots":{"index":"index","follow":"follow","max-snippet":"max-snippet:-1","max-image-preview":"max-image-preview:large","max-video-preview":"max-video-preview:-1"},"canonical":"https:\/\/noticiasemdestaque.com\/cd\/?p=38755","og_locale":"pt_BR","og_type":"article","og_title":"Sum\u00e9 distribui uma tonelada de polpa de frutas - Not&iacute;cias em Destaque","og_description":"O munic\u00edpio de Sum\u00e9 foi beneficiado com uma tonelada de polpa de frutas, de umbu e acerola, atrav\u00e9s do Governo do Estado da Para\u00edba, dentro do Programa Alimenta Brasil (PAB), antigo Programa de Aquisi\u00e7\u00e3o de Alimentos (PAA). Esse programa contempla as fam\u00edlias com distribui\u00e7\u00e3o de alimentos. Dos 223 munic\u00edpios paraibanos, 14 foram contemplados, dentre eles, Sum\u00e9. Hosana Torres, coordenadora do PAB de Sum\u00e9, j\u00e1 iniciou a distribui\u00e7\u00e3o nos Bairro da V\u00e1rzea Redonda, do Alto Alegre e do Conjunto Habitacional. A entrega ser\u00e1 conclu\u00edda na segunda-feira, 16. Na oportunidade, ela agradeceu as Secretarias, Executiva de Seguran\u00e7a Alimentar e Economia Solid\u00e1ria e de Desenvolvimento Humano do Estado, ao prefeito \u00c9den e a secretaria de Assist\u00eancia Social, Ednalva Lib\u00e2nio, pelo empenho em manter a distribui\u00e7\u00e3o de alimentos de qualidade atrav\u00e9s do Programa Cozinha Solid\u00e1ria, \u00e0s pessoas de baixa renda e com algum tipo de vulnerabilidade social. O programa Cozinha Solid\u00e1ria foi institu\u00eddo em Sum\u00e9 no ano de 2019 e consiste na distribui\u00e7\u00e3o de alimentos para as fam\u00edlias dos bairros do Alto Alegre, V\u00e1rzea Redonda, Conjunto Habitacional, Assentamento Mandacaru e Distrito de Pio X, com um card\u00e1pio variado, orientado e acompanhado por nutricionista. Na V\u00e1rzea Redonda s\u00e3o atendidas 95 fam\u00edlias com distribui\u00e7\u00e3o das refei\u00e7\u00f5es na segunda e quarta-feira, no Alto Alegre s\u00e3o 105 fam\u00edlia atendidas na ter\u00e7a e quinta-feira, no Assentamento Mandacaru s\u00e3o 42 fam\u00edlias atendidas na sexta-feira, no Distrito de Pio X s\u00e3o 32 fam\u00edlias contempladas na segunda, quarta e sexta-feira. O prefeito \u00c9den estuda a possibilidade de montar um ponto de apoio no Conjunto Habitacional. \u00a0Por enquanto as fam\u00edlias desta localidade recebem no Alto Alegre. De janeiro \u00e0 abril deste ano, o Cozinha Solid\u00e1ria de Sum\u00e9 j\u00e1 distribui mais de 38.500 refei\u00e7\u00f5es, servindo 590 pessoas em um investimento que ultrapassa os R$ 100 mil, de recursos pr\u00f3prios. Fonte: Ascom\/Pms","og_url":"https:\/\/noticiasemdestaque.com\/cd\/?p=38755","og_site_name":"Not&iacute;cias em Destaque","article_published_time":"2022-05-16T21:10:50+00:00","article_modified_time":"2022-05-16T21:14:44+00:00","og_image":[{"width":939,"height":929,"url":"https:\/\/noticiasemdestaque.com\/cd\/wp-content\/uploads\/2022\/05\/POLPA-4-1.jpeg","type":"image\/jpeg"}],"author":"Not\u00edcias em Destaque","twitter_card":"summary_large_image","twitter_misc":{"Escrito por":"Not\u00edcias em Destaque","Est. tempo de leitura":"2 minutos"},"schema":{"@context":"https:\/\/schema.org","@graph":[{"@type":"Article","@id":"https:\/\/noticiasemdestaque.com\/cd\/?p=38755#article","isPartOf":{"@id":"https:\/\/noticiasemdestaque.com\/cd\/?p=38755"},"author":{"name":"Not\u00edcias em Destaque","@id":"https:\/\/noticiasemdestaque.com\/cd\/#\/schema\/person\/47f7d4f55eec17c6b2ca036c5500f6ce"},"headline":"Sum\u00e9 distribui uma tonelada de polpa de frutas","datePublished":"2022-05-16T21:10:50+00:00","dateModified":"2022-05-16T21:14:44+00:00","mainEntityOfPage":{"@id":"https:\/\/noticiasemdestaque.com\/cd\/?p=38755"},"wordCount":333,"publisher":{"@id":"https:\/\/noticiasemdestaque.com\/cd\/#organization"},"image":{"@id":"https:\/\/noticiasemdestaque.com\/cd\/?p=38755#primaryimage"},"thumbnailUrl":"https:\/\/noticiasemdestaque.com\/cd\/wp-content\/uploads\/2022\/05\/POLPA-4-1.jpeg","articleSection":["Cidades"],"inLanguage":"pt-BR"},{"@type":"WebPage","@id":"https:\/\/noticiasemdestaque.com\/cd\/?p=38755","url":"https:\/\/noticiasemdestaque.com\/cd\/?p=38755","name":"Sum\u00e9 distribui uma tonelada de polpa de frutas - Not&iacute;cias em Destaque","isPartOf":{"@id":"https:\/\/noticiasemdestaque.com\/cd\/#website"},"primaryImageOfPage":{"@id":"https:\/\/noticiasemdestaque.com\/cd\/?p=38755#primaryimage"},"image":{"@id":"https:\/\/noticiasemdestaque.com\/cd\/?p=38755#primaryimage"},"thumbnailUrl":"https:\/\/noticiasemdestaque.com\/cd\/wp-content\/uploads\/2022\/05\/POLPA-4-1.jpeg","datePublished":"2022-05-16T21:10:50+00:00","dateModified":"2022-05-16T21:14:44+00:00","breadcrumb":{"@id":"https:\/\/noticiasemdestaque.com\/cd\/?p=38755#breadcrumb"},"inLanguage":"pt-BR","potentialAction":[{"@type":"ReadAction","target":["https:\/\/noticiasemdestaque.com\/cd\/?p=38755"]}]},{"@type":"ImageObject","inLanguage":"pt-BR","@id":"https:\/\/noticiasemdestaque.com\/cd\/?p=38755#primaryimage","url":"https:\/\/noticiasemdestaque.com\/cd\/wp-content\/uploads\/2022\/05\/POLPA-4-1.jpeg","contentUrl":"https:\/\/noticiasemdestaque.com\/cd\/wp-content\/uploads\/2022\/05\/POLPA-4-1.jpeg","width":939,"height":929},{"@type":"BreadcrumbList","@id":"https:\/\/noticiasemdestaque.com\/cd\/?p=38755#breadcrumb","itemListElement":[{"@type":"ListItem","position":1,"name":"In\u00edcio","item":"https:\/\/noticiasemdestaque.com\/cd\/"},{"@type":"ListItem","position":2,"name":"Sum\u00e9 distribui uma tonelada de polpa de frutas"}]},{"@type":"WebSite","@id":"https:\/\/noticiasemdestaque.com\/cd\/#website","url":"https:\/\/noticiasemdestaque.com\/cd\/","name":"Not&iacute;cias em Destaque","description":"","publisher":{"@id":"https:\/\/noticiasemdestaque.com\/cd\/#organization"},"potentialAction":[{"@type":"SearchAction","target":{"@type":"EntryPoint","urlTemplate":"https:\/\/noticiasemdestaque.com\/cd\/?s={search_term_string}"},"query-input":{"@type":"PropertyValueSpecification","valueRequired":true,"valueName":"search_term_string"}}],"inLanguage":"pt-BR"},{"@type":"Organization","@id":"https:\/\/noticiasemdestaque.com\/cd\/#organization","name":"Not\u00edcias em Destaque","url":"https:\/\/noticiasemdestaque.com\/cd\/","logo":{"@type":"ImageObject","inLanguage":"pt-BR","@id":"https:\/\/noticiasemdestaque.com\/cd\/#\/schema\/logo\/image\/","url":"https:\/\/noticiasemdestaque.com\/cd\/wp-content\/uploads\/2022\/05\/imagem-base-noticiasemdestaque.png","contentUrl":"https:\/\/noticiasemdestaque.com\/cd\/wp-content\/uploads\/2022\/05\/imagem-base-noticiasemdestaque.png","width":1200,"height":630,"caption":"Not\u00edcias em Destaque"},"image":{"@id":"https:\/\/noticiasemdestaque.com\/cd\/#\/schema\/logo\/image\/"}},{"@type":"Person","@id":"https:\/\/noticiasemdestaque.com\/cd\/#\/schema\/person\/47f7d4f55eec17c6b2ca036c5500f6ce","name":"Not\u00edcias em Destaque","url":"https:\/\/noticiasemdestaque.com\/cd\/?author=2"}]}},"jetpack_featured_media_url":"https:\/\/noticiasemdestaque.com\/cd\/wp-content\/uploads\/2022\/05\/POLPA-4-1.jpeg","jetpack_sharing_enabled":true,"_links":{"self":[{"href":"https:\/\/noticiasemdestaque.com\/cd\/index.php?rest_route=\/wp\/v2\/posts\/38755","targetHints":{"allow":["GET"]}}],"collection":[{"href":"https:\/\/noticiasemdestaque.com\/cd\/index.php?rest_route=\/wp\/v2\/posts"}],"about":[{"href":"https:\/\/noticiasemdestaque.com\/cd\/index.php?rest_route=\/wp\/v2\/types\/post"}],"author":[{"embeddable":true,"href":"https:\/\/noticiasemdestaque.com\/cd\/index.php?rest_route=\/wp\/v2\/users\/2"}],"replies":[{"embeddable":true,"href":"https:\/\/noticiasemdestaque.com\/cd\/index.php?rest_route=%2Fwp%2Fv2%2Fcomments&post=38755"}],"version-history":[{"count":2,"href":"https:\/\/noticiasemdestaque.com\/cd\/index.php?rest_route=\/wp\/v2\/posts\/38755\/revisions"}],"predecessor-version":[{"id":38758,"href":"https:\/\/noticiasemdestaque.com\/cd\/index.php?rest_route=\/wp\/v2\/posts\/38755\/revisions\/38758"}],"wp:featuredmedia":[{"embeddable":true,"href":"https:\/\/noticiasemdestaque.com\/cd\/index.php?rest_route=\/wp\/v2\/media\/38759"}],"wp:attachment":[{"href":"https:\/\/noticiasemdestaque.com\/cd\/index.php?rest_route=%2Fwp%2Fv2%2Fmedia&parent=38755"}],"wp:term":[{"taxonomy":"category","embeddable":true,"href":"https:\/\/noticiasemdestaque.com\/cd\/index.php?rest_route=%2Fwp%2Fv2%2Fcategories&post=38755"},{"taxonomy":"post_tag","embeddable":true,"href":"https:\/\/noticiasemdestaque.com\/cd\/index.php?rest_route=%2Fwp%2Fv2%2Ftags&post=38755"}],"curies":[{"name":"wp","href":"https:\/\/api.w.org\/{rel}","templated":true}]}}