{"id":38746,"date":"2022-05-15T19:47:04","date_gmt":"2022-05-15T22:47:04","guid":{"rendered":"http:\/\/noticiasemdestaque.com\/cd\/?p=38746"},"modified":"2022-05-15T19:48:21","modified_gmt":"2022-05-15T22:48:21","slug":"amparo-consegue-5o-lugar-na-iii-mostra-paraiba-aqui-tem-sus-e-participara-da-etapa-nacional","status":"publish","type":"post","link":"https:\/\/noticiasemdestaque.com\/cd\/?p=38746","title":{"rendered":"Amparo consegue 5\u00ba lugar na &#8220;III Mostra Para\u00edba aqui tem SUS&#8221; e participar\u00e1 da etapa nacional"},"content":{"rendered":"<p><span data-contrast=\"none\">O Conselho de Secretarias Municipais de Sa\u00fade da Para\u00edba (COSEMS-PB), realizou nesta quinta-feira 12, a III Mostra Para\u00edba aqui tem SUS! o evento teve objetivo de apresentar trabalhos realizados pelas secretarias municipais de sa\u00fade de todo o estado durante o per\u00edodo de Pandemia.<\/span><span data-ccp-props=\"{&quot;201341983&quot;:0,&quot;335551550&quot;:6,&quot;335551620&quot;:6,&quot;335559739&quot;:160,&quot;335559740&quot;:259}\">\u00a0<\/span><\/p>\n<p><span data-contrast=\"none\">A secretaria municipal de sa\u00fade de Amparo apresentou duas experi\u00eancias de \u00eaxito.<\/span><span data-ccp-props=\"{&quot;201341983&quot;:0,&quot;335551550&quot;:6,&quot;335551620&quot;:6,&quot;335559739&quot;:160,&quot;335559740&quot;:259}\">\u00a0<\/span><\/p>\n<ul>\n<li data-leveltext=\"\uf0b7\" data-font=\"Symbol\" data-listid=\"4\" aria-setsize=\"-1\" data-aria-posinset=\"1\" data-aria-level=\"1\"><span data-contrast=\"none\">Utiliza\u00e7\u00e3o das Redes Sociais pelos ACS (Agente Comunit\u00e1rio de Sa\u00fade) como ferramentas de trabalho na vacina\u00e7\u00e3o contra a Covid-19;<\/span><span data-ccp-props=\"{&quot;201341983&quot;:0,&quot;335551550&quot;:6,&quot;335551620&quot;:6,&quot;335559739&quot;:160,&quot;335559740&quot;:259}\">\u00a0<\/span><\/li>\n<li data-leveltext=\"\uf0b7\" data-font=\"Symbol\" data-listid=\"4\" aria-setsize=\"-1\" data-aria-posinset=\"2\" data-aria-level=\"1\"><span data-contrast=\"none\">A influ\u00eancia do m\u00e9todo adotado para vacina\u00e7\u00e3o contra a Covid-19 no aumento de cadastro territorial.<\/span><span data-ccp-props=\"{&quot;201341983&quot;:0,&quot;335551550&quot;:6,&quot;335551620&quot;:6,&quot;335559739&quot;:160,&quot;335559740&quot;:259}\">\u00a0<\/span><\/li>\n<\/ul>\n<p><span data-contrast=\"none\">Durante o evento 125 experi\u00eancias foram apresentadas na primeira fase, onde passaram 60 experi\u00eancias de \u00eaxito para a segunda fase. Nesta segunda etapa as duas experi\u00eancias de \u00eaxito do munic\u00edpio alcan\u00e7aram o nono lugar e o trig\u00e9simo quinto lugar, passando assim para a terceira fase de an\u00e1lise dos trabalhos. Na terceira fase, apenas dez experi\u00eancias de \u00eaxito se classificaram para a etapa nacional que acontecer\u00e1 no m\u00eas de julho no estado do Mato Grosso. O munic\u00edpio de Amparo alcan\u00e7ou um honroso quinto lugar na classifica\u00e7\u00e3o geral e ser\u00e1 um dos munic\u00edpios que representar\u00e1 o estado da Para\u00edba na etapa nacional.<\/span><span data-ccp-props=\"{&quot;201341983&quot;:0,&quot;335551550&quot;:6,&quot;335551620&quot;:6,&quot;335559739&quot;:160,&quot;335559740&quot;:259}\">\u00a0<\/span><\/p>\n<p><span data-contrast=\"none\">A Secret\u00e1ria de Sa\u00fade Veronica Rafael juntamente com o Coordenador da Aten\u00e7\u00e3o B\u00e1sica Dr. Elvis Bruno, agradeceram todo trabalho e dedica\u00e7\u00e3o da equipe de sa\u00fade. Tamb\u00e9m agradeceu a confian\u00e7a depositada pelo prefeito In\u00e1cio N\u00f3brega, na equipe de profissionais da sa\u00fade.<\/span><span data-ccp-props=\"{&quot;201341983&quot;:0,&quot;335551550&quot;:6,&quot;335551620&quot;:6,&quot;335559739&quot;:160,&quot;335559740&quot;:259}\">\u00a0<\/span><\/p>\n<p><span data-contrast=\"none\">Ascom<\/span><span data-ccp-props=\"{&quot;201341983&quot;:0,&quot;335551550&quot;:6,&quot;335551620&quot;:6,&quot;335559739&quot;:160,&quot;335559740&quot;:259}\">\u00a0<\/span><\/p>\n","protected":false},"excerpt":{"rendered":"<p>O Conselho de Secretarias Municipais de Sa\u00fade da Para\u00edba (COSEMS-PB), realizou nesta quinta-feira 12, a III Mostra Para\u00edba aqui tem SUS! o evento teve objetivo de apresentar trabalhos realizados pelas secretarias municipais de sa\u00fade de todo o estado durante o per\u00edodo de Pandemia.\u00a0 A secretaria municipal de sa\u00fade de Amparo apresentou duas experi\u00eancias de \u00eaxito.\u00a0 Utiliza\u00e7\u00e3o das Redes Sociais pelos ACS (Agente Comunit\u00e1rio de Sa\u00fade) como ferramentas de trabalho na vacina\u00e7\u00e3o contra a Covid-19;\u00a0 A influ\u00eancia do m\u00e9todo adotado para vacina\u00e7\u00e3o contra a Covid-19 no aumento de cadastro territorial.\u00a0 Durante o evento 125 experi\u00eancias foram apresentadas na primeira fase, onde passaram 60 experi\u00eancias de \u00eaxito para a segunda fase. Nesta segunda etapa as duas experi\u00eancias de \u00eaxito do munic\u00edpio alcan\u00e7aram o nono lugar e o trig\u00e9simo quinto lugar, passando assim para a terceira fase de an\u00e1lise dos trabalhos. Na terceira fase, apenas dez experi\u00eancias de \u00eaxito se classificaram para a etapa nacional que acontecer\u00e1 no m\u00eas de julho no estado do Mato Grosso. O munic\u00edpio de Amparo alcan\u00e7ou um honroso quinto lugar na classifica\u00e7\u00e3o geral e ser\u00e1 um dos munic\u00edpios que representar\u00e1 o estado da Para\u00edba na etapa nacional.\u00a0 A Secret\u00e1ria de Sa\u00fade Veronica Rafael juntamente com o Coordenador da Aten\u00e7\u00e3o B\u00e1sica Dr. Elvis Bruno, agradeceram todo trabalho e dedica\u00e7\u00e3o da equipe de sa\u00fade. Tamb\u00e9m agradeceu a confian\u00e7a depositada pelo prefeito In\u00e1cio N\u00f3brega, na equipe de profissionais da sa\u00fade.\u00a0 Ascom\u00a0<\/p>\n","protected":false},"author":2,"featured_media":38747,"comment_status":"closed","ping_status":"open","sticky":false,"template":"","format":"standard","meta":{"_eb_attr":"","_jetpack_memberships_contains_paid_content":false,"footnotes":""},"categories":[3],"tags":[],"class_list":["post-38746","post","type-post","status-publish","format-standard","has-post-thumbnail","hentry","category-cidades"],"yoast_head":"<!-- This site is optimized with the Yoast SEO plugin v26.5 - https:\/\/yoast.com\/wordpress\/plugins\/seo\/ -->\n<title>Amparo consegue 5\u00ba lugar na &quot;III Mostra Para\u00edba aqui tem SUS&quot; e participar\u00e1 da etapa nacional - Not&iacute;cias em Destaque<\/title>\n<meta name=\"robots\" content=\"index, follow, max-snippet:-1, max-image-preview:large, max-video-preview:-1\" \/>\n<link rel=\"canonical\" href=\"https:\/\/noticiasemdestaque.com\/cd\/?p=38746\" \/>\n<meta property=\"og:locale\" content=\"pt_BR\" \/>\n<meta property=\"og:type\" content=\"article\" \/>\n<meta property=\"og:title\" content=\"Amparo consegue 5\u00ba lugar na &quot;III Mostra Para\u00edba aqui tem SUS&quot; e participar\u00e1 da etapa nacional - Not&iacute;cias em Destaque\" \/>\n<meta property=\"og:description\" content=\"O Conselho de Secretarias Municipais de Sa\u00fade da Para\u00edba (COSEMS-PB), realizou nesta quinta-feira 12, a III Mostra Para\u00edba aqui tem SUS! o evento teve objetivo de apresentar trabalhos realizados pelas secretarias municipais de sa\u00fade de todo o estado durante o per\u00edodo de Pandemia.\u00a0 A secretaria municipal de sa\u00fade de Amparo apresentou duas experi\u00eancias de \u00eaxito.\u00a0 Utiliza\u00e7\u00e3o das Redes Sociais pelos ACS (Agente Comunit\u00e1rio de Sa\u00fade) como ferramentas de trabalho na vacina\u00e7\u00e3o contra a Covid-19;\u00a0 A influ\u00eancia do m\u00e9todo adotado para vacina\u00e7\u00e3o contra a Covid-19 no aumento de cadastro territorial.\u00a0 Durante o evento 125 experi\u00eancias foram apresentadas na primeira fase, onde passaram 60 experi\u00eancias de \u00eaxito para a segunda fase. Nesta segunda etapa as duas experi\u00eancias de \u00eaxito do munic\u00edpio alcan\u00e7aram o nono lugar e o trig\u00e9simo quinto lugar, passando assim para a terceira fase de an\u00e1lise dos trabalhos. Na terceira fase, apenas dez experi\u00eancias de \u00eaxito se classificaram para a etapa nacional que acontecer\u00e1 no m\u00eas de julho no estado do Mato Grosso. O munic\u00edpio de Amparo alcan\u00e7ou um honroso quinto lugar na classifica\u00e7\u00e3o geral e ser\u00e1 um dos munic\u00edpios que representar\u00e1 o estado da Para\u00edba na etapa nacional.\u00a0 A Secret\u00e1ria de Sa\u00fade Veronica Rafael juntamente com o Coordenador da Aten\u00e7\u00e3o B\u00e1sica Dr. Elvis Bruno, agradeceram todo trabalho e dedica\u00e7\u00e3o da equipe de sa\u00fade. Tamb\u00e9m agradeceu a confian\u00e7a depositada pelo prefeito In\u00e1cio N\u00f3brega, na equipe de profissionais da sa\u00fade.\u00a0 Ascom\u00a0\" \/>\n<meta property=\"og:url\" content=\"https:\/\/noticiasemdestaque.com\/cd\/?p=38746\" \/>\n<meta property=\"og:site_name\" content=\"Not&iacute;cias em Destaque\" \/>\n<meta property=\"article:published_time\" content=\"2022-05-15T22:47:04+00:00\" \/>\n<meta property=\"article:modified_time\" content=\"2022-05-15T22:48:21+00:00\" \/>\n<meta property=\"og:image\" content=\"https:\/\/noticiasemdestaque.com\/cd\/wp-content\/uploads\/2022\/05\/PARAIBA-AQUI-TEM-SUS.jpg\" \/>\n\t<meta property=\"og:image:width\" content=\"640\" \/>\n\t<meta property=\"og:image:height\" content=\"640\" \/>\n\t<meta property=\"og:image:type\" content=\"image\/jpeg\" \/>\n<meta name=\"author\" content=\"Not\u00edcias em Destaque\" \/>\n<meta name=\"twitter:card\" content=\"summary_large_image\" \/>\n<meta name=\"twitter:label1\" content=\"Escrito por\" \/>\n\t<meta name=\"twitter:data1\" content=\"Not\u00edcias em Destaque\" \/>\n\t<meta name=\"twitter:label2\" content=\"Est. tempo de leitura\" \/>\n\t<meta name=\"twitter:data2\" content=\"1 minuto\" \/>\n<script type=\"application\/ld+json\" class=\"yoast-schema-graph\">{\"@context\":\"https:\/\/schema.org\",\"@graph\":[{\"@type\":\"Article\",\"@id\":\"https:\/\/noticiasemdestaque.com\/cd\/?p=38746#article\",\"isPartOf\":{\"@id\":\"https:\/\/noticiasemdestaque.com\/cd\/?p=38746\"},\"author\":{\"name\":\"Not\u00edcias em Destaque\",\"@id\":\"https:\/\/noticiasemdestaque.com\/cd\/#\/schema\/person\/47f7d4f55eec17c6b2ca036c5500f6ce\"},\"headline\":\"Amparo consegue 5\u00ba lugar na &#8220;III Mostra Para\u00edba aqui tem SUS&#8221; e participar\u00e1 da etapa nacional\",\"datePublished\":\"2022-05-15T22:47:04+00:00\",\"dateModified\":\"2022-05-15T22:48:21+00:00\",\"mainEntityOfPage\":{\"@id\":\"https:\/\/noticiasemdestaque.com\/cd\/?p=38746\"},\"wordCount\":282,\"publisher\":{\"@id\":\"https:\/\/noticiasemdestaque.com\/cd\/#organization\"},\"image\":{\"@id\":\"https:\/\/noticiasemdestaque.com\/cd\/?p=38746#primaryimage\"},\"thumbnailUrl\":\"https:\/\/noticiasemdestaque.com\/cd\/wp-content\/uploads\/2022\/05\/PARAIBA-AQUI-TEM-SUS.jpg\",\"articleSection\":[\"Cidades\"],\"inLanguage\":\"pt-BR\"},{\"@type\":\"WebPage\",\"@id\":\"https:\/\/noticiasemdestaque.com\/cd\/?p=38746\",\"url\":\"https:\/\/noticiasemdestaque.com\/cd\/?p=38746\",\"name\":\"Amparo consegue 5\u00ba lugar na \\\"III Mostra Para\u00edba aqui tem SUS\\\" e participar\u00e1 da etapa nacional - Not&iacute;cias em Destaque\",\"isPartOf\":{\"@id\":\"https:\/\/noticiasemdestaque.com\/cd\/#website\"},\"primaryImageOfPage\":{\"@id\":\"https:\/\/noticiasemdestaque.com\/cd\/?p=38746#primaryimage\"},\"image\":{\"@id\":\"https:\/\/noticiasemdestaque.com\/cd\/?p=38746#primaryimage\"},\"thumbnailUrl\":\"https:\/\/noticiasemdestaque.com\/cd\/wp-content\/uploads\/2022\/05\/PARAIBA-AQUI-TEM-SUS.jpg\",\"datePublished\":\"2022-05-15T22:47:04+00:00\",\"dateModified\":\"2022-05-15T22:48:21+00:00\",\"breadcrumb\":{\"@id\":\"https:\/\/noticiasemdestaque.com\/cd\/?p=38746#breadcrumb\"},\"inLanguage\":\"pt-BR\",\"potentialAction\":[{\"@type\":\"ReadAction\",\"target\":[\"https:\/\/noticiasemdestaque.com\/cd\/?p=38746\"]}]},{\"@type\":\"ImageObject\",\"inLanguage\":\"pt-BR\",\"@id\":\"https:\/\/noticiasemdestaque.com\/cd\/?p=38746#primaryimage\",\"url\":\"https:\/\/noticiasemdestaque.com\/cd\/wp-content\/uploads\/2022\/05\/PARAIBA-AQUI-TEM-SUS.jpg\",\"contentUrl\":\"https:\/\/noticiasemdestaque.com\/cd\/wp-content\/uploads\/2022\/05\/PARAIBA-AQUI-TEM-SUS.jpg\",\"width\":640,\"height\":640},{\"@type\":\"BreadcrumbList\",\"@id\":\"https:\/\/noticiasemdestaque.com\/cd\/?p=38746#breadcrumb\",\"itemListElement\":[{\"@type\":\"ListItem\",\"position\":1,\"name\":\"In\u00edcio\",\"item\":\"https:\/\/noticiasemdestaque.com\/cd\/\"},{\"@type\":\"ListItem\",\"position\":2,\"name\":\"Amparo consegue 5\u00ba lugar na &#8220;III Mostra Para\u00edba aqui tem SUS&#8221; e participar\u00e1 da etapa nacional\"}]},{\"@type\":\"WebSite\",\"@id\":\"https:\/\/noticiasemdestaque.com\/cd\/#website\",\"url\":\"https:\/\/noticiasemdestaque.com\/cd\/\",\"name\":\"Not&iacute;cias em Destaque\",\"description\":\"\",\"publisher\":{\"@id\":\"https:\/\/noticiasemdestaque.com\/cd\/#organization\"},\"potentialAction\":[{\"@type\":\"SearchAction\",\"target\":{\"@type\":\"EntryPoint\",\"urlTemplate\":\"https:\/\/noticiasemdestaque.com\/cd\/?s={search_term_string}\"},\"query-input\":{\"@type\":\"PropertyValueSpecification\",\"valueRequired\":true,\"valueName\":\"search_term_string\"}}],\"inLanguage\":\"pt-BR\"},{\"@type\":\"Organization\",\"@id\":\"https:\/\/noticiasemdestaque.com\/cd\/#organization\",\"name\":\"Not\u00edcias em Destaque\",\"url\":\"https:\/\/noticiasemdestaque.com\/cd\/\",\"logo\":{\"@type\":\"ImageObject\",\"inLanguage\":\"pt-BR\",\"@id\":\"https:\/\/noticiasemdestaque.com\/cd\/#\/schema\/logo\/image\/\",\"url\":\"https:\/\/noticiasemdestaque.com\/cd\/wp-content\/uploads\/2022\/05\/imagem-base-noticiasemdestaque.png\",\"contentUrl\":\"https:\/\/noticiasemdestaque.com\/cd\/wp-content\/uploads\/2022\/05\/imagem-base-noticiasemdestaque.png\",\"width\":1200,\"height\":630,\"caption\":\"Not\u00edcias em Destaque\"},\"image\":{\"@id\":\"https:\/\/noticiasemdestaque.com\/cd\/#\/schema\/logo\/image\/\"}},{\"@type\":\"Person\",\"@id\":\"https:\/\/noticiasemdestaque.com\/cd\/#\/schema\/person\/47f7d4f55eec17c6b2ca036c5500f6ce\",\"name\":\"Not\u00edcias em Destaque\",\"url\":\"https:\/\/noticiasemdestaque.com\/cd\/?author=2\"}]}<\/script>\n<!-- \/ Yoast SEO plugin. -->","yoast_head_json":{"title":"Amparo consegue 5\u00ba lugar na \"III Mostra Para\u00edba aqui tem SUS\" e participar\u00e1 da etapa nacional - Not&iacute;cias em Destaque","robots":{"index":"index","follow":"follow","max-snippet":"max-snippet:-1","max-image-preview":"max-image-preview:large","max-video-preview":"max-video-preview:-1"},"canonical":"https:\/\/noticiasemdestaque.com\/cd\/?p=38746","og_locale":"pt_BR","og_type":"article","og_title":"Amparo consegue 5\u00ba lugar na \"III Mostra Para\u00edba aqui tem SUS\" e participar\u00e1 da etapa nacional - Not&iacute;cias em Destaque","og_description":"O Conselho de Secretarias Municipais de Sa\u00fade da Para\u00edba (COSEMS-PB), realizou nesta quinta-feira 12, a III Mostra Para\u00edba aqui tem SUS! o evento teve objetivo de apresentar trabalhos realizados pelas secretarias municipais de sa\u00fade de todo o estado durante o per\u00edodo de Pandemia.\u00a0 A secretaria municipal de sa\u00fade de Amparo apresentou duas experi\u00eancias de \u00eaxito.\u00a0 Utiliza\u00e7\u00e3o das Redes Sociais pelos ACS (Agente Comunit\u00e1rio de Sa\u00fade) como ferramentas de trabalho na vacina\u00e7\u00e3o contra a Covid-19;\u00a0 A influ\u00eancia do m\u00e9todo adotado para vacina\u00e7\u00e3o contra a Covid-19 no aumento de cadastro territorial.\u00a0 Durante o evento 125 experi\u00eancias foram apresentadas na primeira fase, onde passaram 60 experi\u00eancias de \u00eaxito para a segunda fase. Nesta segunda etapa as duas experi\u00eancias de \u00eaxito do munic\u00edpio alcan\u00e7aram o nono lugar e o trig\u00e9simo quinto lugar, passando assim para a terceira fase de an\u00e1lise dos trabalhos. Na terceira fase, apenas dez experi\u00eancias de \u00eaxito se classificaram para a etapa nacional que acontecer\u00e1 no m\u00eas de julho no estado do Mato Grosso. O munic\u00edpio de Amparo alcan\u00e7ou um honroso quinto lugar na classifica\u00e7\u00e3o geral e ser\u00e1 um dos munic\u00edpios que representar\u00e1 o estado da Para\u00edba na etapa nacional.\u00a0 A Secret\u00e1ria de Sa\u00fade Veronica Rafael juntamente com o Coordenador da Aten\u00e7\u00e3o B\u00e1sica Dr. Elvis Bruno, agradeceram todo trabalho e dedica\u00e7\u00e3o da equipe de sa\u00fade. Tamb\u00e9m agradeceu a confian\u00e7a depositada pelo prefeito In\u00e1cio N\u00f3brega, na equipe de profissionais da sa\u00fade.\u00a0 Ascom\u00a0","og_url":"https:\/\/noticiasemdestaque.com\/cd\/?p=38746","og_site_name":"Not&iacute;cias em Destaque","article_published_time":"2022-05-15T22:47:04+00:00","article_modified_time":"2022-05-15T22:48:21+00:00","og_image":[{"width":640,"height":640,"url":"https:\/\/noticiasemdestaque.com\/cd\/wp-content\/uploads\/2022\/05\/PARAIBA-AQUI-TEM-SUS.jpg","type":"image\/jpeg"}],"author":"Not\u00edcias em Destaque","twitter_card":"summary_large_image","twitter_misc":{"Escrito por":"Not\u00edcias em Destaque","Est. tempo de leitura":"1 minuto"},"schema":{"@context":"https:\/\/schema.org","@graph":[{"@type":"Article","@id":"https:\/\/noticiasemdestaque.com\/cd\/?p=38746#article","isPartOf":{"@id":"https:\/\/noticiasemdestaque.com\/cd\/?p=38746"},"author":{"name":"Not\u00edcias em Destaque","@id":"https:\/\/noticiasemdestaque.com\/cd\/#\/schema\/person\/47f7d4f55eec17c6b2ca036c5500f6ce"},"headline":"Amparo consegue 5\u00ba lugar na &#8220;III Mostra Para\u00edba aqui tem SUS&#8221; e participar\u00e1 da etapa nacional","datePublished":"2022-05-15T22:47:04+00:00","dateModified":"2022-05-15T22:48:21+00:00","mainEntityOfPage":{"@id":"https:\/\/noticiasemdestaque.com\/cd\/?p=38746"},"wordCount":282,"publisher":{"@id":"https:\/\/noticiasemdestaque.com\/cd\/#organization"},"image":{"@id":"https:\/\/noticiasemdestaque.com\/cd\/?p=38746#primaryimage"},"thumbnailUrl":"https:\/\/noticiasemdestaque.com\/cd\/wp-content\/uploads\/2022\/05\/PARAIBA-AQUI-TEM-SUS.jpg","articleSection":["Cidades"],"inLanguage":"pt-BR"},{"@type":"WebPage","@id":"https:\/\/noticiasemdestaque.com\/cd\/?p=38746","url":"https:\/\/noticiasemdestaque.com\/cd\/?p=38746","name":"Amparo consegue 5\u00ba lugar na \"III Mostra Para\u00edba aqui tem SUS\" e participar\u00e1 da etapa nacional - Not&iacute;cias em Destaque","isPartOf":{"@id":"https:\/\/noticiasemdestaque.com\/cd\/#website"},"primaryImageOfPage":{"@id":"https:\/\/noticiasemdestaque.com\/cd\/?p=38746#primaryimage"},"image":{"@id":"https:\/\/noticiasemdestaque.com\/cd\/?p=38746#primaryimage"},"thumbnailUrl":"https:\/\/noticiasemdestaque.com\/cd\/wp-content\/uploads\/2022\/05\/PARAIBA-AQUI-TEM-SUS.jpg","datePublished":"2022-05-15T22:47:04+00:00","dateModified":"2022-05-15T22:48:21+00:00","breadcrumb":{"@id":"https:\/\/noticiasemdestaque.com\/cd\/?p=38746#breadcrumb"},"inLanguage":"pt-BR","potentialAction":[{"@type":"ReadAction","target":["https:\/\/noticiasemdestaque.com\/cd\/?p=38746"]}]},{"@type":"ImageObject","inLanguage":"pt-BR","@id":"https:\/\/noticiasemdestaque.com\/cd\/?p=38746#primaryimage","url":"https:\/\/noticiasemdestaque.com\/cd\/wp-content\/uploads\/2022\/05\/PARAIBA-AQUI-TEM-SUS.jpg","contentUrl":"https:\/\/noticiasemdestaque.com\/cd\/wp-content\/uploads\/2022\/05\/PARAIBA-AQUI-TEM-SUS.jpg","width":640,"height":640},{"@type":"BreadcrumbList","@id":"https:\/\/noticiasemdestaque.com\/cd\/?p=38746#breadcrumb","itemListElement":[{"@type":"ListItem","position":1,"name":"In\u00edcio","item":"https:\/\/noticiasemdestaque.com\/cd\/"},{"@type":"ListItem","position":2,"name":"Amparo consegue 5\u00ba lugar na &#8220;III Mostra Para\u00edba aqui tem SUS&#8221; e participar\u00e1 da etapa nacional"}]},{"@type":"WebSite","@id":"https:\/\/noticiasemdestaque.com\/cd\/#website","url":"https:\/\/noticiasemdestaque.com\/cd\/","name":"Not&iacute;cias em Destaque","description":"","publisher":{"@id":"https:\/\/noticiasemdestaque.com\/cd\/#organization"},"potentialAction":[{"@type":"SearchAction","target":{"@type":"EntryPoint","urlTemplate":"https:\/\/noticiasemdestaque.com\/cd\/?s={search_term_string}"},"query-input":{"@type":"PropertyValueSpecification","valueRequired":true,"valueName":"search_term_string"}}],"inLanguage":"pt-BR"},{"@type":"Organization","@id":"https:\/\/noticiasemdestaque.com\/cd\/#organization","name":"Not\u00edcias em Destaque","url":"https:\/\/noticiasemdestaque.com\/cd\/","logo":{"@type":"ImageObject","inLanguage":"pt-BR","@id":"https:\/\/noticiasemdestaque.com\/cd\/#\/schema\/logo\/image\/","url":"https:\/\/noticiasemdestaque.com\/cd\/wp-content\/uploads\/2022\/05\/imagem-base-noticiasemdestaque.png","contentUrl":"https:\/\/noticiasemdestaque.com\/cd\/wp-content\/uploads\/2022\/05\/imagem-base-noticiasemdestaque.png","width":1200,"height":630,"caption":"Not\u00edcias em Destaque"},"image":{"@id":"https:\/\/noticiasemdestaque.com\/cd\/#\/schema\/logo\/image\/"}},{"@type":"Person","@id":"https:\/\/noticiasemdestaque.com\/cd\/#\/schema\/person\/47f7d4f55eec17c6b2ca036c5500f6ce","name":"Not\u00edcias em Destaque","url":"https:\/\/noticiasemdestaque.com\/cd\/?author=2"}]}},"jetpack_featured_media_url":"https:\/\/noticiasemdestaque.com\/cd\/wp-content\/uploads\/2022\/05\/PARAIBA-AQUI-TEM-SUS.jpg","jetpack_sharing_enabled":true,"_links":{"self":[{"href":"https:\/\/noticiasemdestaque.com\/cd\/index.php?rest_route=\/wp\/v2\/posts\/38746","targetHints":{"allow":["GET"]}}],"collection":[{"href":"https:\/\/noticiasemdestaque.com\/cd\/index.php?rest_route=\/wp\/v2\/posts"}],"about":[{"href":"https:\/\/noticiasemdestaque.com\/cd\/index.php?rest_route=\/wp\/v2\/types\/post"}],"author":[{"embeddable":true,"href":"https:\/\/noticiasemdestaque.com\/cd\/index.php?rest_route=\/wp\/v2\/users\/2"}],"replies":[{"embeddable":true,"href":"https:\/\/noticiasemdestaque.com\/cd\/index.php?rest_route=%2Fwp%2Fv2%2Fcomments&post=38746"}],"version-history":[{"count":2,"href":"https:\/\/noticiasemdestaque.com\/cd\/index.php?rest_route=\/wp\/v2\/posts\/38746\/revisions"}],"predecessor-version":[{"id":38749,"href":"https:\/\/noticiasemdestaque.com\/cd\/index.php?rest_route=\/wp\/v2\/posts\/38746\/revisions\/38749"}],"wp:featuredmedia":[{"embeddable":true,"href":"https:\/\/noticiasemdestaque.com\/cd\/index.php?rest_route=\/wp\/v2\/media\/38747"}],"wp:attachment":[{"href":"https:\/\/noticiasemdestaque.com\/cd\/index.php?rest_route=%2Fwp%2Fv2%2Fmedia&parent=38746"}],"wp:term":[{"taxonomy":"category","embeddable":true,"href":"https:\/\/noticiasemdestaque.com\/cd\/index.php?rest_route=%2Fwp%2Fv2%2Fcategories&post=38746"},{"taxonomy":"post_tag","embeddable":true,"href":"https:\/\/noticiasemdestaque.com\/cd\/index.php?rest_route=%2Fwp%2Fv2%2Ftags&post=38746"}],"curies":[{"name":"wp","href":"https:\/\/api.w.org\/{rel}","templated":true}]}}