{"id":38635,"date":"2022-05-09T20:10:49","date_gmt":"2022-05-09T23:10:49","guid":{"rendered":"http:\/\/noticiasemdestaque.com\/cd\/?p=38635"},"modified":"2022-05-09T20:11:30","modified_gmt":"2022-05-09T23:11:30","slug":"vereadores-visitam-obras-na-zona-rural-de-sume-e-dialogam-com-a-populacao","status":"publish","type":"post","link":"https:\/\/noticiasemdestaque.com\/cd\/?p=38635","title":{"rendered":"Vereadores visitam obras na zona rural de Sum\u00e9 e dialogam com a popula\u00e7\u00e3o"},"content":{"rendered":"<p><span data-contrast=\"auto\">O presidente da C\u00e2mara de Vereadores de Sum\u00e9, Ant\u00f4nio Carlos Sarmento e o vereador Jos\u00e9 Ant\u00f4nio, estiveram no \u00faltimo s\u00e1bado, visitando obras na zona rural do munic\u00edpio. <\/span><span data-ccp-props=\"{&quot;201341983&quot;:0,&quot;335551550&quot;:6,&quot;335551620&quot;:6,&quot;335559739&quot;:160,&quot;335559740&quot;:259}\">\u00a0<\/span><\/p>\n<p><span data-contrast=\"auto\">Os vereadores estiveram no s\u00edtio Porteiras, acompanhando as obras da passagem molhada e do a\u00e7ude da comunidade. <\/span><span data-ccp-props=\"{&quot;201341983&quot;:0,&quot;335551550&quot;:6,&quot;335551620&quot;:6,&quot;335559739&quot;:160,&quot;335559740&quot;:259}\">\u00a0<\/span><\/p>\n<p><a href=\"https:\/\/noticiasemdestaque.com\/cd\/wp-content\/uploads\/2022\/05\/AC-3-1.jpg\"><img fetchpriority=\"high\" decoding=\"async\" class=\"size-medium wp-image-38636 aligncenter\" src=\"https:\/\/noticiasemdestaque.com\/cd\/wp-content\/uploads\/2022\/05\/AC-3-1-300x225.jpg\" alt=\"\" width=\"300\" height=\"225\" srcset=\"https:\/\/noticiasemdestaque.com\/cd\/wp-content\/uploads\/2022\/05\/AC-3-1-300x225.jpg 300w, https:\/\/noticiasemdestaque.com\/cd\/wp-content\/uploads\/2022\/05\/AC-3-1-1024x768.jpg 1024w, https:\/\/noticiasemdestaque.com\/cd\/wp-content\/uploads\/2022\/05\/AC-3-1-768x576.jpg 768w, https:\/\/noticiasemdestaque.com\/cd\/wp-content\/uploads\/2022\/05\/AC-3-1-1536x1152.jpg 1536w, https:\/\/noticiasemdestaque.com\/cd\/wp-content\/uploads\/2022\/05\/AC-3-1.jpg 1600w\" sizes=\"(max-width: 300px) 100vw, 300px\" \/><\/a><\/p>\n<p><span data-contrast=\"auto\">Os representantes do Poder Legislativo estiveram ainda visitando os trabalhos que est\u00e3o sendo executados na passagem molhada da Concei\u00e7\u00e3o. Ant\u00f4nio Carlos e Jos\u00e9 Ant\u00f4nio aproveitam para dialogar com a popula\u00e7\u00e3o sobre as demandas da localidade. <\/span><span data-ccp-props=\"{&quot;201341983&quot;:0,&quot;335551550&quot;:6,&quot;335551620&quot;:6,&quot;335559739&quot;:160,&quot;335559740&quot;:259}\">\u00a0<\/span><\/p>\n<p><span data-contrast=\"auto\">O vereador Ant\u00f4nio Carlos destacou a import\u00e2ncia do contato com a popula\u00e7\u00e3o. \u201cNosso objetivo \u00e9 sempre fiscalizar o andamento das a\u00e7\u00f5es do nosso munic\u00edpio, visitar a popula\u00e7\u00e3o e buscar melhorias para os sumeenses\u201d, afirmou. <\/span><span data-ccp-props=\"{&quot;201341983&quot;:0,&quot;335551550&quot;:6,&quot;335551620&quot;:6,&quot;335559739&quot;:160,&quot;335559740&quot;:259}\">\u00a0<\/span><\/p>\n<p><span data-contrast=\"auto\">Jos\u00e9 Ant\u00f4nio aproveitou para reafirmar seu compromisso junto \u00e0 comunidade. \u201cNosso mandato sempre estar\u00e1 \u00e0 disposi\u00e7\u00e3o da popula\u00e7\u00e3o. \u00c9 de suma import\u00e2ncia para n\u00f3s como representantes p\u00fablicos, estarmos em sintonia com a popula\u00e7\u00e3o\u201d, destacou. <\/span><span data-ccp-props=\"{&quot;201341983&quot;:0,&quot;335551550&quot;:6,&quot;335551620&quot;:6,&quot;335559739&quot;:160,&quot;335559740&quot;:259}\">\u00a0<\/span><\/p>\n<p><span data-contrast=\"auto\">Ascom\/C\u00e2mara<\/span><span data-ccp-props=\"{&quot;201341983&quot;:0,&quot;335551550&quot;:6,&quot;335551620&quot;:6,&quot;335559739&quot;:160,&quot;335559740&quot;:259}\">\u00a0<\/span><\/p>\n","protected":false},"excerpt":{"rendered":"<p>O presidente da C\u00e2mara de Vereadores de Sum\u00e9, Ant\u00f4nio Carlos Sarmento e o vereador Jos\u00e9 Ant\u00f4nio, estiveram no \u00faltimo s\u00e1bado, visitando obras na zona rural do munic\u00edpio. \u00a0 Os vereadores estiveram no s\u00edtio Porteiras, acompanhando as obras da passagem molhada e do a\u00e7ude da comunidade. \u00a0 Os representantes do Poder Legislativo estiveram ainda visitando os trabalhos que est\u00e3o sendo executados na passagem molhada da Concei\u00e7\u00e3o. Ant\u00f4nio Carlos e Jos\u00e9 Ant\u00f4nio aproveitam para dialogar com a popula\u00e7\u00e3o sobre as demandas da localidade. \u00a0 O vereador Ant\u00f4nio Carlos destacou a import\u00e2ncia do contato com a popula\u00e7\u00e3o. \u201cNosso objetivo \u00e9 sempre fiscalizar o andamento das a\u00e7\u00f5es do nosso munic\u00edpio, visitar a popula\u00e7\u00e3o e buscar melhorias para os sumeenses\u201d, afirmou. \u00a0 Jos\u00e9 Ant\u00f4nio aproveitou para reafirmar seu compromisso junto \u00e0 comunidade. \u201cNosso mandato sempre estar\u00e1 \u00e0 disposi\u00e7\u00e3o da popula\u00e7\u00e3o. \u00c9 de suma import\u00e2ncia para n\u00f3s como representantes p\u00fablicos, estarmos em sintonia com a popula\u00e7\u00e3o\u201d, destacou. \u00a0 Ascom\/C\u00e2mara\u00a0<\/p>\n","protected":false},"author":2,"featured_media":38637,"comment_status":"closed","ping_status":"open","sticky":false,"template":"","format":"standard","meta":{"_eb_attr":"","_jetpack_memberships_contains_paid_content":false,"footnotes":""},"categories":[4],"tags":[],"class_list":["post-38635","post","type-post","status-publish","format-standard","has-post-thumbnail","hentry","category-politica"],"yoast_head":"<!-- This site is optimized with the Yoast SEO plugin v26.5 - https:\/\/yoast.com\/wordpress\/plugins\/seo\/ -->\n<title>Vereadores visitam obras na zona rural de Sum\u00e9 e dialogam com a popula\u00e7\u00e3o - Not&iacute;cias em Destaque<\/title>\n<meta name=\"robots\" content=\"index, follow, max-snippet:-1, max-image-preview:large, max-video-preview:-1\" \/>\n<link rel=\"canonical\" href=\"https:\/\/noticiasemdestaque.com\/cd\/?p=38635\" \/>\n<meta property=\"og:locale\" content=\"pt_BR\" \/>\n<meta property=\"og:type\" content=\"article\" \/>\n<meta property=\"og:title\" content=\"Vereadores visitam obras na zona rural de Sum\u00e9 e dialogam com a popula\u00e7\u00e3o - Not&iacute;cias em Destaque\" \/>\n<meta property=\"og:description\" content=\"O presidente da C\u00e2mara de Vereadores de Sum\u00e9, Ant\u00f4nio Carlos Sarmento e o vereador Jos\u00e9 Ant\u00f4nio, estiveram no \u00faltimo s\u00e1bado, visitando obras na zona rural do munic\u00edpio. \u00a0 Os vereadores estiveram no s\u00edtio Porteiras, acompanhando as obras da passagem molhada e do a\u00e7ude da comunidade. \u00a0 Os representantes do Poder Legislativo estiveram ainda visitando os trabalhos que est\u00e3o sendo executados na passagem molhada da Concei\u00e7\u00e3o. Ant\u00f4nio Carlos e Jos\u00e9 Ant\u00f4nio aproveitam para dialogar com a popula\u00e7\u00e3o sobre as demandas da localidade. \u00a0 O vereador Ant\u00f4nio Carlos destacou a import\u00e2ncia do contato com a popula\u00e7\u00e3o. \u201cNosso objetivo \u00e9 sempre fiscalizar o andamento das a\u00e7\u00f5es do nosso munic\u00edpio, visitar a popula\u00e7\u00e3o e buscar melhorias para os sumeenses\u201d, afirmou. \u00a0 Jos\u00e9 Ant\u00f4nio aproveitou para reafirmar seu compromisso junto \u00e0 comunidade. \u201cNosso mandato sempre estar\u00e1 \u00e0 disposi\u00e7\u00e3o da popula\u00e7\u00e3o. \u00c9 de suma import\u00e2ncia para n\u00f3s como representantes p\u00fablicos, estarmos em sintonia com a popula\u00e7\u00e3o\u201d, destacou. \u00a0 Ascom\/C\u00e2mara\u00a0\" \/>\n<meta property=\"og:url\" content=\"https:\/\/noticiasemdestaque.com\/cd\/?p=38635\" \/>\n<meta property=\"og:site_name\" content=\"Not&iacute;cias em Destaque\" \/>\n<meta property=\"article:published_time\" content=\"2022-05-09T23:10:49+00:00\" \/>\n<meta property=\"article:modified_time\" content=\"2022-05-09T23:11:30+00:00\" \/>\n<meta property=\"og:image\" content=\"https:\/\/noticiasemdestaque.com\/cd\/wp-content\/uploads\/2022\/05\/AC-4.jpg\" \/>\n\t<meta property=\"og:image:width\" content=\"1600\" \/>\n\t<meta property=\"og:image:height\" content=\"1200\" \/>\n\t<meta property=\"og:image:type\" content=\"image\/jpeg\" \/>\n<meta name=\"author\" content=\"Not\u00edcias em Destaque\" \/>\n<meta name=\"twitter:card\" content=\"summary_large_image\" \/>\n<meta name=\"twitter:label1\" content=\"Escrito por\" \/>\n\t<meta name=\"twitter:data1\" content=\"Not\u00edcias em Destaque\" \/>\n\t<meta name=\"twitter:label2\" content=\"Est. tempo de leitura\" \/>\n\t<meta name=\"twitter:data2\" content=\"1 minuto\" \/>\n<script type=\"application\/ld+json\" class=\"yoast-schema-graph\">{\"@context\":\"https:\/\/schema.org\",\"@graph\":[{\"@type\":\"Article\",\"@id\":\"https:\/\/noticiasemdestaque.com\/cd\/?p=38635#article\",\"isPartOf\":{\"@id\":\"https:\/\/noticiasemdestaque.com\/cd\/?p=38635\"},\"author\":{\"name\":\"Not\u00edcias em Destaque\",\"@id\":\"https:\/\/noticiasemdestaque.com\/cd\/#\/schema\/person\/9c05c6816b191977f47499b3494ace52\"},\"headline\":\"Vereadores visitam obras na zona rural de Sum\u00e9 e dialogam com a popula\u00e7\u00e3o\",\"datePublished\":\"2022-05-09T23:10:49+00:00\",\"dateModified\":\"2022-05-09T23:11:30+00:00\",\"mainEntityOfPage\":{\"@id\":\"https:\/\/noticiasemdestaque.com\/cd\/?p=38635\"},\"wordCount\":185,\"publisher\":{\"@id\":\"https:\/\/noticiasemdestaque.com\/cd\/#organization\"},\"image\":{\"@id\":\"https:\/\/noticiasemdestaque.com\/cd\/?p=38635#primaryimage\"},\"thumbnailUrl\":\"https:\/\/noticiasemdestaque.com\/cd\/wp-content\/uploads\/2022\/05\/AC-4.jpg\",\"articleSection\":[\"Pol\u00edtica\"],\"inLanguage\":\"pt-BR\"},{\"@type\":\"WebPage\",\"@id\":\"https:\/\/noticiasemdestaque.com\/cd\/?p=38635\",\"url\":\"https:\/\/noticiasemdestaque.com\/cd\/?p=38635\",\"name\":\"Vereadores visitam obras na zona rural de Sum\u00e9 e dialogam com a popula\u00e7\u00e3o - Not&iacute;cias em Destaque\",\"isPartOf\":{\"@id\":\"https:\/\/noticiasemdestaque.com\/cd\/#website\"},\"primaryImageOfPage\":{\"@id\":\"https:\/\/noticiasemdestaque.com\/cd\/?p=38635#primaryimage\"},\"image\":{\"@id\":\"https:\/\/noticiasemdestaque.com\/cd\/?p=38635#primaryimage\"},\"thumbnailUrl\":\"https:\/\/noticiasemdestaque.com\/cd\/wp-content\/uploads\/2022\/05\/AC-4.jpg\",\"datePublished\":\"2022-05-09T23:10:49+00:00\",\"dateModified\":\"2022-05-09T23:11:30+00:00\",\"breadcrumb\":{\"@id\":\"https:\/\/noticiasemdestaque.com\/cd\/?p=38635#breadcrumb\"},\"inLanguage\":\"pt-BR\",\"potentialAction\":[{\"@type\":\"ReadAction\",\"target\":[\"https:\/\/noticiasemdestaque.com\/cd\/?p=38635\"]}]},{\"@type\":\"ImageObject\",\"inLanguage\":\"pt-BR\",\"@id\":\"https:\/\/noticiasemdestaque.com\/cd\/?p=38635#primaryimage\",\"url\":\"https:\/\/noticiasemdestaque.com\/cd\/wp-content\/uploads\/2022\/05\/AC-4.jpg\",\"contentUrl\":\"https:\/\/noticiasemdestaque.com\/cd\/wp-content\/uploads\/2022\/05\/AC-4.jpg\",\"width\":1600,\"height\":1200},{\"@type\":\"BreadcrumbList\",\"@id\":\"https:\/\/noticiasemdestaque.com\/cd\/?p=38635#breadcrumb\",\"itemListElement\":[{\"@type\":\"ListItem\",\"position\":1,\"name\":\"In\u00edcio\",\"item\":\"https:\/\/noticiasemdestaque.com\/cd\/\"},{\"@type\":\"ListItem\",\"position\":2,\"name\":\"Vereadores visitam obras na zona rural de Sum\u00e9 e dialogam com a popula\u00e7\u00e3o\"}]},{\"@type\":\"WebSite\",\"@id\":\"https:\/\/noticiasemdestaque.com\/cd\/#website\",\"url\":\"https:\/\/noticiasemdestaque.com\/cd\/\",\"name\":\"Not&iacute;cias em Destaque\",\"description\":\"\",\"publisher\":{\"@id\":\"https:\/\/noticiasemdestaque.com\/cd\/#organization\"},\"potentialAction\":[{\"@type\":\"SearchAction\",\"target\":{\"@type\":\"EntryPoint\",\"urlTemplate\":\"https:\/\/noticiasemdestaque.com\/cd\/?s={search_term_string}\"},\"query-input\":{\"@type\":\"PropertyValueSpecification\",\"valueRequired\":true,\"valueName\":\"search_term_string\"}}],\"inLanguage\":\"pt-BR\"},{\"@type\":\"Organization\",\"@id\":\"https:\/\/noticiasemdestaque.com\/cd\/#organization\",\"name\":\"Not\u00edcias em Destaque\",\"url\":\"https:\/\/noticiasemdestaque.com\/cd\/\",\"logo\":{\"@type\":\"ImageObject\",\"inLanguage\":\"pt-BR\",\"@id\":\"https:\/\/noticiasemdestaque.com\/cd\/#\/schema\/logo\/image\/\",\"url\":\"https:\/\/noticiasemdestaque.com\/cd\/wp-content\/uploads\/2022\/05\/imagem-base-noticiasemdestaque.png\",\"contentUrl\":\"https:\/\/noticiasemdestaque.com\/cd\/wp-content\/uploads\/2022\/05\/imagem-base-noticiasemdestaque.png\",\"width\":1200,\"height\":630,\"caption\":\"Not\u00edcias em Destaque\"},\"image\":{\"@id\":\"https:\/\/noticiasemdestaque.com\/cd\/#\/schema\/logo\/image\/\"}},{\"@type\":\"Person\",\"@id\":\"https:\/\/noticiasemdestaque.com\/cd\/#\/schema\/person\/9c05c6816b191977f47499b3494ace52\",\"name\":\"Not\u00edcias em Destaque\",\"url\":\"https:\/\/noticiasemdestaque.com\/cd\/?author=2\"}]}<\/script>\n<!-- \/ Yoast SEO plugin. -->","yoast_head_json":{"title":"Vereadores visitam obras na zona rural de Sum\u00e9 e dialogam com a popula\u00e7\u00e3o - Not&iacute;cias em Destaque","robots":{"index":"index","follow":"follow","max-snippet":"max-snippet:-1","max-image-preview":"max-image-preview:large","max-video-preview":"max-video-preview:-1"},"canonical":"https:\/\/noticiasemdestaque.com\/cd\/?p=38635","og_locale":"pt_BR","og_type":"article","og_title":"Vereadores visitam obras na zona rural de Sum\u00e9 e dialogam com a popula\u00e7\u00e3o - Not&iacute;cias em Destaque","og_description":"O presidente da C\u00e2mara de Vereadores de Sum\u00e9, Ant\u00f4nio Carlos Sarmento e o vereador Jos\u00e9 Ant\u00f4nio, estiveram no \u00faltimo s\u00e1bado, visitando obras na zona rural do munic\u00edpio. \u00a0 Os vereadores estiveram no s\u00edtio Porteiras, acompanhando as obras da passagem molhada e do a\u00e7ude da comunidade. \u00a0 Os representantes do Poder Legislativo estiveram ainda visitando os trabalhos que est\u00e3o sendo executados na passagem molhada da Concei\u00e7\u00e3o. Ant\u00f4nio Carlos e Jos\u00e9 Ant\u00f4nio aproveitam para dialogar com a popula\u00e7\u00e3o sobre as demandas da localidade. \u00a0 O vereador Ant\u00f4nio Carlos destacou a import\u00e2ncia do contato com a popula\u00e7\u00e3o. \u201cNosso objetivo \u00e9 sempre fiscalizar o andamento das a\u00e7\u00f5es do nosso munic\u00edpio, visitar a popula\u00e7\u00e3o e buscar melhorias para os sumeenses\u201d, afirmou. \u00a0 Jos\u00e9 Ant\u00f4nio aproveitou para reafirmar seu compromisso junto \u00e0 comunidade. \u201cNosso mandato sempre estar\u00e1 \u00e0 disposi\u00e7\u00e3o da popula\u00e7\u00e3o. \u00c9 de suma import\u00e2ncia para n\u00f3s como representantes p\u00fablicos, estarmos em sintonia com a popula\u00e7\u00e3o\u201d, destacou. \u00a0 Ascom\/C\u00e2mara\u00a0","og_url":"https:\/\/noticiasemdestaque.com\/cd\/?p=38635","og_site_name":"Not&iacute;cias em Destaque","article_published_time":"2022-05-09T23:10:49+00:00","article_modified_time":"2022-05-09T23:11:30+00:00","og_image":[{"width":1600,"height":1200,"url":"https:\/\/noticiasemdestaque.com\/cd\/wp-content\/uploads\/2022\/05\/AC-4.jpg","type":"image\/jpeg"}],"author":"Not\u00edcias em Destaque","twitter_card":"summary_large_image","twitter_misc":{"Escrito por":"Not\u00edcias em Destaque","Est. tempo de leitura":"1 minuto"},"schema":{"@context":"https:\/\/schema.org","@graph":[{"@type":"Article","@id":"https:\/\/noticiasemdestaque.com\/cd\/?p=38635#article","isPartOf":{"@id":"https:\/\/noticiasemdestaque.com\/cd\/?p=38635"},"author":{"name":"Not\u00edcias em Destaque","@id":"https:\/\/noticiasemdestaque.com\/cd\/#\/schema\/person\/9c05c6816b191977f47499b3494ace52"},"headline":"Vereadores visitam obras na zona rural de Sum\u00e9 e dialogam com a popula\u00e7\u00e3o","datePublished":"2022-05-09T23:10:49+00:00","dateModified":"2022-05-09T23:11:30+00:00","mainEntityOfPage":{"@id":"https:\/\/noticiasemdestaque.com\/cd\/?p=38635"},"wordCount":185,"publisher":{"@id":"https:\/\/noticiasemdestaque.com\/cd\/#organization"},"image":{"@id":"https:\/\/noticiasemdestaque.com\/cd\/?p=38635#primaryimage"},"thumbnailUrl":"https:\/\/noticiasemdestaque.com\/cd\/wp-content\/uploads\/2022\/05\/AC-4.jpg","articleSection":["Pol\u00edtica"],"inLanguage":"pt-BR"},{"@type":"WebPage","@id":"https:\/\/noticiasemdestaque.com\/cd\/?p=38635","url":"https:\/\/noticiasemdestaque.com\/cd\/?p=38635","name":"Vereadores visitam obras na zona rural de Sum\u00e9 e dialogam com a popula\u00e7\u00e3o - Not&iacute;cias em Destaque","isPartOf":{"@id":"https:\/\/noticiasemdestaque.com\/cd\/#website"},"primaryImageOfPage":{"@id":"https:\/\/noticiasemdestaque.com\/cd\/?p=38635#primaryimage"},"image":{"@id":"https:\/\/noticiasemdestaque.com\/cd\/?p=38635#primaryimage"},"thumbnailUrl":"https:\/\/noticiasemdestaque.com\/cd\/wp-content\/uploads\/2022\/05\/AC-4.jpg","datePublished":"2022-05-09T23:10:49+00:00","dateModified":"2022-05-09T23:11:30+00:00","breadcrumb":{"@id":"https:\/\/noticiasemdestaque.com\/cd\/?p=38635#breadcrumb"},"inLanguage":"pt-BR","potentialAction":[{"@type":"ReadAction","target":["https:\/\/noticiasemdestaque.com\/cd\/?p=38635"]}]},{"@type":"ImageObject","inLanguage":"pt-BR","@id":"https:\/\/noticiasemdestaque.com\/cd\/?p=38635#primaryimage","url":"https:\/\/noticiasemdestaque.com\/cd\/wp-content\/uploads\/2022\/05\/AC-4.jpg","contentUrl":"https:\/\/noticiasemdestaque.com\/cd\/wp-content\/uploads\/2022\/05\/AC-4.jpg","width":1600,"height":1200},{"@type":"BreadcrumbList","@id":"https:\/\/noticiasemdestaque.com\/cd\/?p=38635#breadcrumb","itemListElement":[{"@type":"ListItem","position":1,"name":"In\u00edcio","item":"https:\/\/noticiasemdestaque.com\/cd\/"},{"@type":"ListItem","position":2,"name":"Vereadores visitam obras na zona rural de Sum\u00e9 e dialogam com a popula\u00e7\u00e3o"}]},{"@type":"WebSite","@id":"https:\/\/noticiasemdestaque.com\/cd\/#website","url":"https:\/\/noticiasemdestaque.com\/cd\/","name":"Not&iacute;cias em Destaque","description":"","publisher":{"@id":"https:\/\/noticiasemdestaque.com\/cd\/#organization"},"potentialAction":[{"@type":"SearchAction","target":{"@type":"EntryPoint","urlTemplate":"https:\/\/noticiasemdestaque.com\/cd\/?s={search_term_string}"},"query-input":{"@type":"PropertyValueSpecification","valueRequired":true,"valueName":"search_term_string"}}],"inLanguage":"pt-BR"},{"@type":"Organization","@id":"https:\/\/noticiasemdestaque.com\/cd\/#organization","name":"Not\u00edcias em Destaque","url":"https:\/\/noticiasemdestaque.com\/cd\/","logo":{"@type":"ImageObject","inLanguage":"pt-BR","@id":"https:\/\/noticiasemdestaque.com\/cd\/#\/schema\/logo\/image\/","url":"https:\/\/noticiasemdestaque.com\/cd\/wp-content\/uploads\/2022\/05\/imagem-base-noticiasemdestaque.png","contentUrl":"https:\/\/noticiasemdestaque.com\/cd\/wp-content\/uploads\/2022\/05\/imagem-base-noticiasemdestaque.png","width":1200,"height":630,"caption":"Not\u00edcias em Destaque"},"image":{"@id":"https:\/\/noticiasemdestaque.com\/cd\/#\/schema\/logo\/image\/"}},{"@type":"Person","@id":"https:\/\/noticiasemdestaque.com\/cd\/#\/schema\/person\/9c05c6816b191977f47499b3494ace52","name":"Not\u00edcias em Destaque","url":"https:\/\/noticiasemdestaque.com\/cd\/?author=2"}]}},"jetpack_featured_media_url":"https:\/\/noticiasemdestaque.com\/cd\/wp-content\/uploads\/2022\/05\/AC-4.jpg","jetpack_sharing_enabled":true,"_links":{"self":[{"href":"https:\/\/noticiasemdestaque.com\/cd\/index.php?rest_route=\/wp\/v2\/posts\/38635","targetHints":{"allow":["GET"]}}],"collection":[{"href":"https:\/\/noticiasemdestaque.com\/cd\/index.php?rest_route=\/wp\/v2\/posts"}],"about":[{"href":"https:\/\/noticiasemdestaque.com\/cd\/index.php?rest_route=\/wp\/v2\/types\/post"}],"author":[{"embeddable":true,"href":"https:\/\/noticiasemdestaque.com\/cd\/index.php?rest_route=\/wp\/v2\/users\/2"}],"replies":[{"embeddable":true,"href":"https:\/\/noticiasemdestaque.com\/cd\/index.php?rest_route=%2Fwp%2Fv2%2Fcomments&post=38635"}],"version-history":[{"count":2,"href":"https:\/\/noticiasemdestaque.com\/cd\/index.php?rest_route=\/wp\/v2\/posts\/38635\/revisions"}],"predecessor-version":[{"id":38639,"href":"https:\/\/noticiasemdestaque.com\/cd\/index.php?rest_route=\/wp\/v2\/posts\/38635\/revisions\/38639"}],"wp:featuredmedia":[{"embeddable":true,"href":"https:\/\/noticiasemdestaque.com\/cd\/index.php?rest_route=\/wp\/v2\/media\/38637"}],"wp:attachment":[{"href":"https:\/\/noticiasemdestaque.com\/cd\/index.php?rest_route=%2Fwp%2Fv2%2Fmedia&parent=38635"}],"wp:term":[{"taxonomy":"category","embeddable":true,"href":"https:\/\/noticiasemdestaque.com\/cd\/index.php?rest_route=%2Fwp%2Fv2%2Fcategories&post=38635"},{"taxonomy":"post_tag","embeddable":true,"href":"https:\/\/noticiasemdestaque.com\/cd\/index.php?rest_route=%2Fwp%2Fv2%2Ftags&post=38635"}],"curies":[{"name":"wp","href":"https:\/\/api.w.org\/{rel}","templated":true}]}}