{"id":38631,"date":"2022-05-09T18:38:55","date_gmt":"2022-05-09T21:38:55","guid":{"rendered":"http:\/\/noticiasemdestaque.com\/cd\/?p=38631"},"modified":"2022-05-09T18:53:10","modified_gmt":"2022-05-09T21:53:10","slug":"plenaria-do-orcamento-democratico-da-5a-regiao-acontece-no-proximo-dia-19-na-cidade-de-monteiro","status":"publish","type":"post","link":"https:\/\/noticiasemdestaque.com\/cd\/?p=38631","title":{"rendered":"Plen\u00e1ria do Or\u00e7amento Democr\u00e1tico da 5\u00aa Regi\u00e3o acontece no pr\u00f3ximo dia 19 na cidade de Monteiro"},"content":{"rendered":"<div><\/div>\n<div>\n<p><span data-contrast=\"auto\">Est\u00e1 confirmada para o pr\u00f3ximo dia 19 de maio a plen\u00e1ria do Or\u00e7amento Democr\u00e1tico da 5\u00aa Regi\u00e3o, com sede em Monteiro. O evento contar\u00e1 com a presen\u00e7a do Governador Jo\u00e3o Azev\u00eado, de secret\u00e1rios do Estado, deputados e prefeitos do Cariri.<\/span><span data-ccp-props=\"{&quot;201341983&quot;:0,&quot;335551550&quot;:6,&quot;335551620&quot;:6,&quot;335559739&quot;:160,&quot;335559740&quot;:259}\">\u00a0<\/span><\/p>\n<p><span data-contrast=\"auto\">A plen\u00e1ria acontecer\u00e1 na quadra do Col\u00e9gio Jos\u00e9 Leite de Sousa, a partir das 19h.<\/span><span data-ccp-props=\"{&quot;201341983&quot;:0,&quot;335551550&quot;:6,&quot;335551620&quot;:6,&quot;335559739&quot;:160,&quot;335559740&quot;:259}\">\u00a0<\/span><\/p>\n<p><span data-contrast=\"auto\">O Or\u00e7amento Democr\u00e1tico Estadual (ODE) \u00e9 o instrumento no qual os\/as cidad\u00e3os\/\u00e3s s\u00e3o convidados\/as a participar das decis\u00f5es do governo estadual sobre a melhor forma de aplica\u00e7\u00e3o do dinheiro p\u00fablico em suas obras e servi\u00e7os.<\/span><span data-ccp-props=\"{&quot;201341983&quot;:0,&quot;335551550&quot;:6,&quot;335551620&quot;:6,&quot;335559739&quot;:160,&quot;335559740&quot;:259}\">\u00a0<\/span><\/p>\n<p><span data-contrast=\"auto\">Vitrine do Cariri<\/span><span data-ccp-props=\"{&quot;201341983&quot;:0,&quot;335551550&quot;:6,&quot;335551620&quot;:6,&quot;335559739&quot;:160,&quot;335559740&quot;:259}\">\u00a0<\/span><\/p>\n<p><span data-ccp-props=\"{&quot;201341983&quot;:0,&quot;335551550&quot;:6,&quot;335551620&quot;:6,&quot;335559739&quot;:160,&quot;335559740&quot;:259}\">\u00a0<\/span><\/p>\n<\/div>\n","protected":false},"excerpt":{"rendered":"<p>Est\u00e1 confirmada para o pr\u00f3ximo dia 19 de maio a plen\u00e1ria do Or\u00e7amento Democr\u00e1tico da 5\u00aa Regi\u00e3o, com sede em Monteiro. O evento contar\u00e1 com a presen\u00e7a do Governador Jo\u00e3o Azev\u00eado, de secret\u00e1rios do Estado, deputados e prefeitos do Cariri.\u00a0 A plen\u00e1ria acontecer\u00e1 na quadra do Col\u00e9gio Jos\u00e9 Leite de Sousa, a partir das 19h.\u00a0 O Or\u00e7amento Democr\u00e1tico Estadual (ODE) \u00e9 o instrumento no qual os\/as cidad\u00e3os\/\u00e3s s\u00e3o convidados\/as a participar das decis\u00f5es do governo estadual sobre a melhor forma de aplica\u00e7\u00e3o do dinheiro p\u00fablico em suas obras e servi\u00e7os.\u00a0 Vitrine do Cariri\u00a0 \u00a0<\/p>\n","protected":false},"author":2,"featured_media":13147,"comment_status":"closed","ping_status":"open","sticky":false,"template":"","format":"standard","meta":{"_eb_attr":"","_jetpack_memberships_contains_paid_content":false,"footnotes":""},"categories":[4],"tags":[],"class_list":["post-38631","post","type-post","status-publish","format-standard","has-post-thumbnail","hentry","category-politica"],"yoast_head":"<!-- This site is optimized with the Yoast SEO plugin v26.5 - https:\/\/yoast.com\/wordpress\/plugins\/seo\/ -->\n<title>Plen\u00e1ria do Or\u00e7amento Democr\u00e1tico da 5\u00aa Regi\u00e3o acontece no pr\u00f3ximo dia 19 na cidade de Monteiro - Not&iacute;cias em Destaque<\/title>\n<meta name=\"robots\" content=\"index, follow, max-snippet:-1, max-image-preview:large, max-video-preview:-1\" \/>\n<link rel=\"canonical\" href=\"https:\/\/noticiasemdestaque.com\/cd\/?p=38631\" \/>\n<meta property=\"og:locale\" content=\"pt_BR\" \/>\n<meta property=\"og:type\" content=\"article\" \/>\n<meta property=\"og:title\" content=\"Plen\u00e1ria do Or\u00e7amento Democr\u00e1tico da 5\u00aa Regi\u00e3o acontece no pr\u00f3ximo dia 19 na cidade de Monteiro - Not&iacute;cias em Destaque\" \/>\n<meta property=\"og:description\" content=\"Est\u00e1 confirmada para o pr\u00f3ximo dia 19 de maio a plen\u00e1ria do Or\u00e7amento Democr\u00e1tico da 5\u00aa Regi\u00e3o, com sede em Monteiro. O evento contar\u00e1 com a presen\u00e7a do Governador Jo\u00e3o Azev\u00eado, de secret\u00e1rios do Estado, deputados e prefeitos do Cariri.\u00a0 A plen\u00e1ria acontecer\u00e1 na quadra do Col\u00e9gio Jos\u00e9 Leite de Sousa, a partir das 19h.\u00a0 O Or\u00e7amento Democr\u00e1tico Estadual (ODE) \u00e9 o instrumento no qual os\/as cidad\u00e3os\/\u00e3s s\u00e3o convidados\/as a participar das decis\u00f5es do governo estadual sobre a melhor forma de aplica\u00e7\u00e3o do dinheiro p\u00fablico em suas obras e servi\u00e7os.\u00a0 Vitrine do Cariri\u00a0 \u00a0\" \/>\n<meta property=\"og:url\" content=\"https:\/\/noticiasemdestaque.com\/cd\/?p=38631\" \/>\n<meta property=\"og:site_name\" content=\"Not&iacute;cias em Destaque\" \/>\n<meta property=\"article:published_time\" content=\"2022-05-09T21:38:55+00:00\" \/>\n<meta property=\"article:modified_time\" content=\"2022-05-09T21:53:10+00:00\" \/>\n<meta property=\"og:image\" content=\"https:\/\/noticiasemdestaque.com\/cd\/wp-content\/uploads\/2018\/10\/joao-azevedo.jpg\" \/>\n\t<meta property=\"og:image:width\" content=\"984\" \/>\n\t<meta property=\"og:image:height\" content=\"553\" \/>\n\t<meta property=\"og:image:type\" content=\"image\/jpeg\" \/>\n<meta name=\"author\" content=\"Not\u00edcias em Destaque\" \/>\n<meta name=\"twitter:card\" content=\"summary_large_image\" \/>\n<meta name=\"twitter:label1\" content=\"Escrito por\" \/>\n\t<meta name=\"twitter:data1\" content=\"Not\u00edcias em Destaque\" \/>\n\t<meta name=\"twitter:label2\" content=\"Est. tempo de leitura\" \/>\n\t<meta name=\"twitter:data2\" content=\"1 minuto\" \/>\n<script type=\"application\/ld+json\" class=\"yoast-schema-graph\">{\"@context\":\"https:\/\/schema.org\",\"@graph\":[{\"@type\":\"Article\",\"@id\":\"https:\/\/noticiasemdestaque.com\/cd\/?p=38631#article\",\"isPartOf\":{\"@id\":\"https:\/\/noticiasemdestaque.com\/cd\/?p=38631\"},\"author\":{\"name\":\"Not\u00edcias em Destaque\",\"@id\":\"https:\/\/noticiasemdestaque.com\/cd\/#\/schema\/person\/9c05c6816b191977f47499b3494ace52\"},\"headline\":\"Plen\u00e1ria do Or\u00e7amento Democr\u00e1tico da 5\u00aa Regi\u00e3o acontece no pr\u00f3ximo dia 19 na cidade de Monteiro\",\"datePublished\":\"2022-05-09T21:38:55+00:00\",\"dateModified\":\"2022-05-09T21:53:10+00:00\",\"mainEntityOfPage\":{\"@id\":\"https:\/\/noticiasemdestaque.com\/cd\/?p=38631\"},\"wordCount\":131,\"publisher\":{\"@id\":\"https:\/\/noticiasemdestaque.com\/cd\/#organization\"},\"image\":{\"@id\":\"https:\/\/noticiasemdestaque.com\/cd\/?p=38631#primaryimage\"},\"thumbnailUrl\":\"https:\/\/noticiasemdestaque.com\/cd\/wp-content\/uploads\/2018\/10\/joao-azevedo.jpg\",\"articleSection\":[\"Pol\u00edtica\"],\"inLanguage\":\"pt-BR\"},{\"@type\":\"WebPage\",\"@id\":\"https:\/\/noticiasemdestaque.com\/cd\/?p=38631\",\"url\":\"https:\/\/noticiasemdestaque.com\/cd\/?p=38631\",\"name\":\"Plen\u00e1ria do Or\u00e7amento Democr\u00e1tico da 5\u00aa Regi\u00e3o acontece no pr\u00f3ximo dia 19 na cidade de Monteiro - Not&iacute;cias em Destaque\",\"isPartOf\":{\"@id\":\"https:\/\/noticiasemdestaque.com\/cd\/#website\"},\"primaryImageOfPage\":{\"@id\":\"https:\/\/noticiasemdestaque.com\/cd\/?p=38631#primaryimage\"},\"image\":{\"@id\":\"https:\/\/noticiasemdestaque.com\/cd\/?p=38631#primaryimage\"},\"thumbnailUrl\":\"https:\/\/noticiasemdestaque.com\/cd\/wp-content\/uploads\/2018\/10\/joao-azevedo.jpg\",\"datePublished\":\"2022-05-09T21:38:55+00:00\",\"dateModified\":\"2022-05-09T21:53:10+00:00\",\"breadcrumb\":{\"@id\":\"https:\/\/noticiasemdestaque.com\/cd\/?p=38631#breadcrumb\"},\"inLanguage\":\"pt-BR\",\"potentialAction\":[{\"@type\":\"ReadAction\",\"target\":[\"https:\/\/noticiasemdestaque.com\/cd\/?p=38631\"]}]},{\"@type\":\"ImageObject\",\"inLanguage\":\"pt-BR\",\"@id\":\"https:\/\/noticiasemdestaque.com\/cd\/?p=38631#primaryimage\",\"url\":\"https:\/\/noticiasemdestaque.com\/cd\/wp-content\/uploads\/2018\/10\/joao-azevedo.jpg\",\"contentUrl\":\"https:\/\/noticiasemdestaque.com\/cd\/wp-content\/uploads\/2018\/10\/joao-azevedo.jpg\",\"width\":984,\"height\":553},{\"@type\":\"BreadcrumbList\",\"@id\":\"https:\/\/noticiasemdestaque.com\/cd\/?p=38631#breadcrumb\",\"itemListElement\":[{\"@type\":\"ListItem\",\"position\":1,\"name\":\"In\u00edcio\",\"item\":\"https:\/\/noticiasemdestaque.com\/cd\/\"},{\"@type\":\"ListItem\",\"position\":2,\"name\":\"Plen\u00e1ria do Or\u00e7amento Democr\u00e1tico da 5\u00aa Regi\u00e3o acontece no pr\u00f3ximo dia 19 na cidade de Monteiro\"}]},{\"@type\":\"WebSite\",\"@id\":\"https:\/\/noticiasemdestaque.com\/cd\/#website\",\"url\":\"https:\/\/noticiasemdestaque.com\/cd\/\",\"name\":\"Not&iacute;cias em Destaque\",\"description\":\"\",\"publisher\":{\"@id\":\"https:\/\/noticiasemdestaque.com\/cd\/#organization\"},\"potentialAction\":[{\"@type\":\"SearchAction\",\"target\":{\"@type\":\"EntryPoint\",\"urlTemplate\":\"https:\/\/noticiasemdestaque.com\/cd\/?s={search_term_string}\"},\"query-input\":{\"@type\":\"PropertyValueSpecification\",\"valueRequired\":true,\"valueName\":\"search_term_string\"}}],\"inLanguage\":\"pt-BR\"},{\"@type\":\"Organization\",\"@id\":\"https:\/\/noticiasemdestaque.com\/cd\/#organization\",\"name\":\"Not\u00edcias em Destaque\",\"url\":\"https:\/\/noticiasemdestaque.com\/cd\/\",\"logo\":{\"@type\":\"ImageObject\",\"inLanguage\":\"pt-BR\",\"@id\":\"https:\/\/noticiasemdestaque.com\/cd\/#\/schema\/logo\/image\/\",\"url\":\"https:\/\/noticiasemdestaque.com\/cd\/wp-content\/uploads\/2022\/05\/imagem-base-noticiasemdestaque.png\",\"contentUrl\":\"https:\/\/noticiasemdestaque.com\/cd\/wp-content\/uploads\/2022\/05\/imagem-base-noticiasemdestaque.png\",\"width\":1200,\"height\":630,\"caption\":\"Not\u00edcias em Destaque\"},\"image\":{\"@id\":\"https:\/\/noticiasemdestaque.com\/cd\/#\/schema\/logo\/image\/\"}},{\"@type\":\"Person\",\"@id\":\"https:\/\/noticiasemdestaque.com\/cd\/#\/schema\/person\/9c05c6816b191977f47499b3494ace52\",\"name\":\"Not\u00edcias em Destaque\",\"url\":\"https:\/\/noticiasemdestaque.com\/cd\/?author=2\"}]}<\/script>\n<!-- \/ Yoast SEO plugin. -->","yoast_head_json":{"title":"Plen\u00e1ria do Or\u00e7amento Democr\u00e1tico da 5\u00aa Regi\u00e3o acontece no pr\u00f3ximo dia 19 na cidade de Monteiro - Not&iacute;cias em Destaque","robots":{"index":"index","follow":"follow","max-snippet":"max-snippet:-1","max-image-preview":"max-image-preview:large","max-video-preview":"max-video-preview:-1"},"canonical":"https:\/\/noticiasemdestaque.com\/cd\/?p=38631","og_locale":"pt_BR","og_type":"article","og_title":"Plen\u00e1ria do Or\u00e7amento Democr\u00e1tico da 5\u00aa Regi\u00e3o acontece no pr\u00f3ximo dia 19 na cidade de Monteiro - Not&iacute;cias em Destaque","og_description":"Est\u00e1 confirmada para o pr\u00f3ximo dia 19 de maio a plen\u00e1ria do Or\u00e7amento Democr\u00e1tico da 5\u00aa Regi\u00e3o, com sede em Monteiro. O evento contar\u00e1 com a presen\u00e7a do Governador Jo\u00e3o Azev\u00eado, de secret\u00e1rios do Estado, deputados e prefeitos do Cariri.\u00a0 A plen\u00e1ria acontecer\u00e1 na quadra do Col\u00e9gio Jos\u00e9 Leite de Sousa, a partir das 19h.\u00a0 O Or\u00e7amento Democr\u00e1tico Estadual (ODE) \u00e9 o instrumento no qual os\/as cidad\u00e3os\/\u00e3s s\u00e3o convidados\/as a participar das decis\u00f5es do governo estadual sobre a melhor forma de aplica\u00e7\u00e3o do dinheiro p\u00fablico em suas obras e servi\u00e7os.\u00a0 Vitrine do Cariri\u00a0 \u00a0","og_url":"https:\/\/noticiasemdestaque.com\/cd\/?p=38631","og_site_name":"Not&iacute;cias em Destaque","article_published_time":"2022-05-09T21:38:55+00:00","article_modified_time":"2022-05-09T21:53:10+00:00","og_image":[{"width":984,"height":553,"url":"https:\/\/noticiasemdestaque.com\/cd\/wp-content\/uploads\/2018\/10\/joao-azevedo.jpg","type":"image\/jpeg"}],"author":"Not\u00edcias em Destaque","twitter_card":"summary_large_image","twitter_misc":{"Escrito por":"Not\u00edcias em Destaque","Est. tempo de leitura":"1 minuto"},"schema":{"@context":"https:\/\/schema.org","@graph":[{"@type":"Article","@id":"https:\/\/noticiasemdestaque.com\/cd\/?p=38631#article","isPartOf":{"@id":"https:\/\/noticiasemdestaque.com\/cd\/?p=38631"},"author":{"name":"Not\u00edcias em Destaque","@id":"https:\/\/noticiasemdestaque.com\/cd\/#\/schema\/person\/9c05c6816b191977f47499b3494ace52"},"headline":"Plen\u00e1ria do Or\u00e7amento Democr\u00e1tico da 5\u00aa Regi\u00e3o acontece no pr\u00f3ximo dia 19 na cidade de Monteiro","datePublished":"2022-05-09T21:38:55+00:00","dateModified":"2022-05-09T21:53:10+00:00","mainEntityOfPage":{"@id":"https:\/\/noticiasemdestaque.com\/cd\/?p=38631"},"wordCount":131,"publisher":{"@id":"https:\/\/noticiasemdestaque.com\/cd\/#organization"},"image":{"@id":"https:\/\/noticiasemdestaque.com\/cd\/?p=38631#primaryimage"},"thumbnailUrl":"https:\/\/noticiasemdestaque.com\/cd\/wp-content\/uploads\/2018\/10\/joao-azevedo.jpg","articleSection":["Pol\u00edtica"],"inLanguage":"pt-BR"},{"@type":"WebPage","@id":"https:\/\/noticiasemdestaque.com\/cd\/?p=38631","url":"https:\/\/noticiasemdestaque.com\/cd\/?p=38631","name":"Plen\u00e1ria do Or\u00e7amento Democr\u00e1tico da 5\u00aa Regi\u00e3o acontece no pr\u00f3ximo dia 19 na cidade de Monteiro - Not&iacute;cias em Destaque","isPartOf":{"@id":"https:\/\/noticiasemdestaque.com\/cd\/#website"},"primaryImageOfPage":{"@id":"https:\/\/noticiasemdestaque.com\/cd\/?p=38631#primaryimage"},"image":{"@id":"https:\/\/noticiasemdestaque.com\/cd\/?p=38631#primaryimage"},"thumbnailUrl":"https:\/\/noticiasemdestaque.com\/cd\/wp-content\/uploads\/2018\/10\/joao-azevedo.jpg","datePublished":"2022-05-09T21:38:55+00:00","dateModified":"2022-05-09T21:53:10+00:00","breadcrumb":{"@id":"https:\/\/noticiasemdestaque.com\/cd\/?p=38631#breadcrumb"},"inLanguage":"pt-BR","potentialAction":[{"@type":"ReadAction","target":["https:\/\/noticiasemdestaque.com\/cd\/?p=38631"]}]},{"@type":"ImageObject","inLanguage":"pt-BR","@id":"https:\/\/noticiasemdestaque.com\/cd\/?p=38631#primaryimage","url":"https:\/\/noticiasemdestaque.com\/cd\/wp-content\/uploads\/2018\/10\/joao-azevedo.jpg","contentUrl":"https:\/\/noticiasemdestaque.com\/cd\/wp-content\/uploads\/2018\/10\/joao-azevedo.jpg","width":984,"height":553},{"@type":"BreadcrumbList","@id":"https:\/\/noticiasemdestaque.com\/cd\/?p=38631#breadcrumb","itemListElement":[{"@type":"ListItem","position":1,"name":"In\u00edcio","item":"https:\/\/noticiasemdestaque.com\/cd\/"},{"@type":"ListItem","position":2,"name":"Plen\u00e1ria do Or\u00e7amento Democr\u00e1tico da 5\u00aa Regi\u00e3o acontece no pr\u00f3ximo dia 19 na cidade de Monteiro"}]},{"@type":"WebSite","@id":"https:\/\/noticiasemdestaque.com\/cd\/#website","url":"https:\/\/noticiasemdestaque.com\/cd\/","name":"Not&iacute;cias em Destaque","description":"","publisher":{"@id":"https:\/\/noticiasemdestaque.com\/cd\/#organization"},"potentialAction":[{"@type":"SearchAction","target":{"@type":"EntryPoint","urlTemplate":"https:\/\/noticiasemdestaque.com\/cd\/?s={search_term_string}"},"query-input":{"@type":"PropertyValueSpecification","valueRequired":true,"valueName":"search_term_string"}}],"inLanguage":"pt-BR"},{"@type":"Organization","@id":"https:\/\/noticiasemdestaque.com\/cd\/#organization","name":"Not\u00edcias em Destaque","url":"https:\/\/noticiasemdestaque.com\/cd\/","logo":{"@type":"ImageObject","inLanguage":"pt-BR","@id":"https:\/\/noticiasemdestaque.com\/cd\/#\/schema\/logo\/image\/","url":"https:\/\/noticiasemdestaque.com\/cd\/wp-content\/uploads\/2022\/05\/imagem-base-noticiasemdestaque.png","contentUrl":"https:\/\/noticiasemdestaque.com\/cd\/wp-content\/uploads\/2022\/05\/imagem-base-noticiasemdestaque.png","width":1200,"height":630,"caption":"Not\u00edcias em Destaque"},"image":{"@id":"https:\/\/noticiasemdestaque.com\/cd\/#\/schema\/logo\/image\/"}},{"@type":"Person","@id":"https:\/\/noticiasemdestaque.com\/cd\/#\/schema\/person\/9c05c6816b191977f47499b3494ace52","name":"Not\u00edcias em Destaque","url":"https:\/\/noticiasemdestaque.com\/cd\/?author=2"}]}},"jetpack_featured_media_url":"https:\/\/noticiasemdestaque.com\/cd\/wp-content\/uploads\/2018\/10\/joao-azevedo.jpg","jetpack_sharing_enabled":true,"_links":{"self":[{"href":"https:\/\/noticiasemdestaque.com\/cd\/index.php?rest_route=\/wp\/v2\/posts\/38631","targetHints":{"allow":["GET"]}}],"collection":[{"href":"https:\/\/noticiasemdestaque.com\/cd\/index.php?rest_route=\/wp\/v2\/posts"}],"about":[{"href":"https:\/\/noticiasemdestaque.com\/cd\/index.php?rest_route=\/wp\/v2\/types\/post"}],"author":[{"embeddable":true,"href":"https:\/\/noticiasemdestaque.com\/cd\/index.php?rest_route=\/wp\/v2\/users\/2"}],"replies":[{"embeddable":true,"href":"https:\/\/noticiasemdestaque.com\/cd\/index.php?rest_route=%2Fwp%2Fv2%2Fcomments&post=38631"}],"version-history":[{"count":2,"href":"https:\/\/noticiasemdestaque.com\/cd\/index.php?rest_route=\/wp\/v2\/posts\/38631\/revisions"}],"predecessor-version":[{"id":38633,"href":"https:\/\/noticiasemdestaque.com\/cd\/index.php?rest_route=\/wp\/v2\/posts\/38631\/revisions\/38633"}],"wp:featuredmedia":[{"embeddable":true,"href":"https:\/\/noticiasemdestaque.com\/cd\/index.php?rest_route=\/wp\/v2\/media\/13147"}],"wp:attachment":[{"href":"https:\/\/noticiasemdestaque.com\/cd\/index.php?rest_route=%2Fwp%2Fv2%2Fmedia&parent=38631"}],"wp:term":[{"taxonomy":"category","embeddable":true,"href":"https:\/\/noticiasemdestaque.com\/cd\/index.php?rest_route=%2Fwp%2Fv2%2Fcategories&post=38631"},{"taxonomy":"post_tag","embeddable":true,"href":"https:\/\/noticiasemdestaque.com\/cd\/index.php?rest_route=%2Fwp%2Fv2%2Ftags&post=38631"}],"curies":[{"name":"wp","href":"https:\/\/api.w.org\/{rel}","templated":true}]}}