{"id":3863,"date":"2017-08-31T21:14:54","date_gmt":"2017-09-01T00:14:54","guid":{"rendered":"http:\/\/caririemdestaque.com\/cd\/?p=3863"},"modified":"2017-08-31T21:14:54","modified_gmt":"2017-09-01T00:14:54","slug":"secretario-de-esportes-confirma-inicio-do-campeonato-rural-de-monteiro-para-o-proximo-domingo","status":"publish","type":"post","link":"https:\/\/noticiasemdestaque.com\/cd\/?p=3863","title":{"rendered":"Secret\u00e1rio de Esportes confirma in\u00edcio do Campeonato Rural de Monteiro para o pr\u00f3ximo domingo"},"content":{"rendered":"<p><a href=\"http:\/\/caririemdestaque.com\/cd\/wp-content\/uploads\/2017\/08\/Campeonato-Rural.jpeg\"><img fetchpriority=\"high\" decoding=\"async\" class=\"alignleft wp-image-3864 size-medium\" src=\"http:\/\/caririemdestaque.com\/cd\/wp-content\/uploads\/2017\/08\/Campeonato-Rural-300x300.jpeg\" alt=\"\" width=\"300\" height=\"300\" srcset=\"https:\/\/noticiasemdestaque.com\/cd\/wp-content\/uploads\/2017\/08\/Campeonato-Rural-300x300.jpeg 300w, https:\/\/noticiasemdestaque.com\/cd\/wp-content\/uploads\/2017\/08\/Campeonato-Rural-150x150.jpeg 150w, https:\/\/noticiasemdestaque.com\/cd\/wp-content\/uploads\/2017\/08\/Campeonato-Rural-768x768.jpeg 768w, https:\/\/noticiasemdestaque.com\/cd\/wp-content\/uploads\/2017\/08\/Campeonato-Rural-1024x1024.jpeg 1024w, https:\/\/noticiasemdestaque.com\/cd\/wp-content\/uploads\/2017\/08\/Campeonato-Rural-266x266.jpeg 266w, https:\/\/noticiasemdestaque.com\/cd\/wp-content\/uploads\/2017\/08\/Campeonato-Rural.jpeg 1280w\" sizes=\"(max-width: 300px) 100vw, 300px\" \/><\/a>Tudo pronto para o in\u00edcio do maior campeonato de futebol amador da regi\u00e3o do Cariri paraibano, o tradicional Campeonato Rural de Monteiro, o Ruralz\u00e3o, que este ano tem a participa\u00e7\u00e3o de 40 equipes disputando o t\u00edtulo de campe\u00e3o da competi\u00e7\u00e3o.<\/p>\n<p>Este ano o campe\u00e3o do Campeonato Ruralz\u00e3o levar\u00e1 a Ta\u00e7a \u201cDr. Chico\u201d em homenagem ao ex-prefeito Francisco de Assis Neves N\u00f3brega e os demais classificados receber\u00e3o trof\u00e9us, medalhas e uma premia\u00e7\u00e3o em dinheiro para os primeiros colocados.<\/p>\n<p>Al\u00e9m das despesas com trof\u00e9us, medalhas, premia\u00e7\u00e3o para os primeiros classificados, artilheiros, melhor \u00e1rbitro, a Prefeitura de Monteiro j\u00e1 definiu que o pagamento aos \u00e1rbitros que atuaram no campeonato receber\u00e3o por etapas.<\/p>\n<p>Visando melhorar o n\u00edvel das arbitragens, este ano o quadro de \u00e1rbitros, no total de 20 selecionados, contar\u00e1 com a orienta\u00e7\u00e3o e apoio de uma professora de Educa\u00e7\u00e3o F\u00edsica da rede de ensino municipal de Monteiro e uma equipe escolhida especialmente para coordenar a arbitragem.<\/p>\n<p>Os valores das premia\u00e7\u00f5es as equipes primeiras colocadas e aos profissionais que participar\u00e3o do Campeonato Ruralz\u00e3o j\u00e1 foram definidas pela prefeita Anna Lorena e devem ser anunciadas at\u00e9 o final da semana.<\/p>\n<p><em><strong>Cariri em Destaque<\/strong><\/em><\/p>\n<p>Com Ascom<\/p>\n","protected":false},"excerpt":{"rendered":"<p>Tudo pronto para o in\u00edcio do maior campeonato de futebol amador da regi\u00e3o do Cariri paraibano, o tradicional Campeonato Rural de Monteiro, o Ruralz\u00e3o, que este ano tem a participa\u00e7\u00e3o de 40 equipes disputando o t\u00edtulo de campe\u00e3o da competi\u00e7\u00e3o. Este ano o campe\u00e3o do Campeonato Ruralz\u00e3o levar\u00e1 a Ta\u00e7a \u201cDr. Chico\u201d em homenagem ao ex-prefeito Francisco de Assis Neves N\u00f3brega e os demais classificados receber\u00e3o trof\u00e9us, medalhas e uma premia\u00e7\u00e3o em dinheiro para os primeiros colocados. Al\u00e9m das despesas com trof\u00e9us, medalhas, premia\u00e7\u00e3o para os primeiros classificados, artilheiros, melhor \u00e1rbitro, a Prefeitura de Monteiro j\u00e1 definiu que o pagamento aos \u00e1rbitros que atuaram no campeonato receber\u00e3o por etapas. Visando melhorar o n\u00edvel das arbitragens, este ano o quadro de \u00e1rbitros, no total de 20 selecionados, contar\u00e1 com a orienta\u00e7\u00e3o e apoio de uma professora de Educa\u00e7\u00e3o F\u00edsica da rede de ensino municipal de Monteiro e uma equipe escolhida especialmente para coordenar a arbitragem. Os valores das premia\u00e7\u00f5es as equipes primeiras colocadas e aos profissionais que participar\u00e3o do Campeonato Ruralz\u00e3o j\u00e1 foram definidas pela prefeita Anna Lorena e devem ser anunciadas at\u00e9 o final da semana. Cariri em Destaque Com Ascom<\/p>\n","protected":false},"author":2,"featured_media":3864,"comment_status":"closed","ping_status":"open","sticky":false,"template":"","format":"standard","meta":{"_eb_attr":"","_jetpack_memberships_contains_paid_content":false,"footnotes":""},"categories":[3],"tags":[],"class_list":["post-3863","post","type-post","status-publish","format-standard","has-post-thumbnail","hentry","category-cidades"],"yoast_head":"<!-- This site is optimized with the Yoast SEO plugin v26.5 - https:\/\/yoast.com\/wordpress\/plugins\/seo\/ -->\n<title>Secret\u00e1rio de Esportes confirma in\u00edcio do Campeonato Rural de Monteiro para o pr\u00f3ximo domingo - Not&iacute;cias em Destaque<\/title>\n<meta name=\"robots\" content=\"index, follow, max-snippet:-1, max-image-preview:large, max-video-preview:-1\" \/>\n<link rel=\"canonical\" href=\"https:\/\/noticiasemdestaque.com\/cd\/?p=3863\" \/>\n<meta property=\"og:locale\" content=\"pt_BR\" \/>\n<meta property=\"og:type\" content=\"article\" \/>\n<meta property=\"og:title\" content=\"Secret\u00e1rio de Esportes confirma in\u00edcio do Campeonato Rural de Monteiro para o pr\u00f3ximo domingo - Not&iacute;cias em Destaque\" \/>\n<meta property=\"og:description\" content=\"Tudo pronto para o in\u00edcio do maior campeonato de futebol amador da regi\u00e3o do Cariri paraibano, o tradicional Campeonato Rural de Monteiro, o Ruralz\u00e3o, que este ano tem a participa\u00e7\u00e3o de 40 equipes disputando o t\u00edtulo de campe\u00e3o da competi\u00e7\u00e3o. Este ano o campe\u00e3o do Campeonato Ruralz\u00e3o levar\u00e1 a Ta\u00e7a \u201cDr. Chico\u201d em homenagem ao ex-prefeito Francisco de Assis Neves N\u00f3brega e os demais classificados receber\u00e3o trof\u00e9us, medalhas e uma premia\u00e7\u00e3o em dinheiro para os primeiros colocados. Al\u00e9m das despesas com trof\u00e9us, medalhas, premia\u00e7\u00e3o para os primeiros classificados, artilheiros, melhor \u00e1rbitro, a Prefeitura de Monteiro j\u00e1 definiu que o pagamento aos \u00e1rbitros que atuaram no campeonato receber\u00e3o por etapas. Visando melhorar o n\u00edvel das arbitragens, este ano o quadro de \u00e1rbitros, no total de 20 selecionados, contar\u00e1 com a orienta\u00e7\u00e3o e apoio de uma professora de Educa\u00e7\u00e3o F\u00edsica da rede de ensino municipal de Monteiro e uma equipe escolhida especialmente para coordenar a arbitragem. Os valores das premia\u00e7\u00f5es as equipes primeiras colocadas e aos profissionais que participar\u00e3o do Campeonato Ruralz\u00e3o j\u00e1 foram definidas pela prefeita Anna Lorena e devem ser anunciadas at\u00e9 o final da semana. Cariri em Destaque Com Ascom\" \/>\n<meta property=\"og:url\" content=\"https:\/\/noticiasemdestaque.com\/cd\/?p=3863\" \/>\n<meta property=\"og:site_name\" content=\"Not&iacute;cias em Destaque\" \/>\n<meta property=\"article:published_time\" content=\"2017-09-01T00:14:54+00:00\" \/>\n<meta property=\"og:image\" content=\"https:\/\/noticiasemdestaque.com\/cd\/wp-content\/uploads\/2017\/08\/Campeonato-Rural.jpeg\" \/>\n\t<meta property=\"og:image:width\" content=\"1280\" \/>\n\t<meta property=\"og:image:height\" content=\"1280\" \/>\n\t<meta property=\"og:image:type\" content=\"image\/jpeg\" \/>\n<meta name=\"author\" content=\"Not\u00edcias em Destaque\" \/>\n<meta name=\"twitter:card\" content=\"summary_large_image\" \/>\n<meta name=\"twitter:label1\" content=\"Escrito por\" \/>\n\t<meta name=\"twitter:data1\" content=\"Not\u00edcias em Destaque\" \/>\n\t<meta name=\"twitter:label2\" content=\"Est. tempo de leitura\" \/>\n\t<meta name=\"twitter:data2\" content=\"1 minuto\" \/>\n<script type=\"application\/ld+json\" class=\"yoast-schema-graph\">{\"@context\":\"https:\/\/schema.org\",\"@graph\":[{\"@type\":\"Article\",\"@id\":\"https:\/\/noticiasemdestaque.com\/cd\/?p=3863#article\",\"isPartOf\":{\"@id\":\"https:\/\/noticiasemdestaque.com\/cd\/?p=3863\"},\"author\":{\"name\":\"Not\u00edcias em Destaque\",\"@id\":\"https:\/\/noticiasemdestaque.com\/cd\/#\/schema\/person\/21320b03a7e8bb90128938dafc9b908a\"},\"headline\":\"Secret\u00e1rio de Esportes confirma in\u00edcio do Campeonato Rural de Monteiro para o pr\u00f3ximo domingo\",\"datePublished\":\"2017-09-01T00:14:54+00:00\",\"mainEntityOfPage\":{\"@id\":\"https:\/\/noticiasemdestaque.com\/cd\/?p=3863\"},\"wordCount\":231,\"publisher\":{\"@id\":\"https:\/\/noticiasemdestaque.com\/cd\/#organization\"},\"image\":{\"@id\":\"https:\/\/noticiasemdestaque.com\/cd\/?p=3863#primaryimage\"},\"thumbnailUrl\":\"https:\/\/noticiasemdestaque.com\/cd\/wp-content\/uploads\/2017\/08\/Campeonato-Rural.jpeg\",\"articleSection\":[\"Cidades\"],\"inLanguage\":\"pt-BR\"},{\"@type\":\"WebPage\",\"@id\":\"https:\/\/noticiasemdestaque.com\/cd\/?p=3863\",\"url\":\"https:\/\/noticiasemdestaque.com\/cd\/?p=3863\",\"name\":\"Secret\u00e1rio de Esportes confirma in\u00edcio do Campeonato Rural de Monteiro para o pr\u00f3ximo domingo - Not&iacute;cias em Destaque\",\"isPartOf\":{\"@id\":\"https:\/\/noticiasemdestaque.com\/cd\/#website\"},\"primaryImageOfPage\":{\"@id\":\"https:\/\/noticiasemdestaque.com\/cd\/?p=3863#primaryimage\"},\"image\":{\"@id\":\"https:\/\/noticiasemdestaque.com\/cd\/?p=3863#primaryimage\"},\"thumbnailUrl\":\"https:\/\/noticiasemdestaque.com\/cd\/wp-content\/uploads\/2017\/08\/Campeonato-Rural.jpeg\",\"datePublished\":\"2017-09-01T00:14:54+00:00\",\"breadcrumb\":{\"@id\":\"https:\/\/noticiasemdestaque.com\/cd\/?p=3863#breadcrumb\"},\"inLanguage\":\"pt-BR\",\"potentialAction\":[{\"@type\":\"ReadAction\",\"target\":[\"https:\/\/noticiasemdestaque.com\/cd\/?p=3863\"]}]},{\"@type\":\"ImageObject\",\"inLanguage\":\"pt-BR\",\"@id\":\"https:\/\/noticiasemdestaque.com\/cd\/?p=3863#primaryimage\",\"url\":\"https:\/\/noticiasemdestaque.com\/cd\/wp-content\/uploads\/2017\/08\/Campeonato-Rural.jpeg\",\"contentUrl\":\"https:\/\/noticiasemdestaque.com\/cd\/wp-content\/uploads\/2017\/08\/Campeonato-Rural.jpeg\",\"width\":1280,\"height\":1280},{\"@type\":\"BreadcrumbList\",\"@id\":\"https:\/\/noticiasemdestaque.com\/cd\/?p=3863#breadcrumb\",\"itemListElement\":[{\"@type\":\"ListItem\",\"position\":1,\"name\":\"In\u00edcio\",\"item\":\"https:\/\/noticiasemdestaque.com\/cd\/\"},{\"@type\":\"ListItem\",\"position\":2,\"name\":\"Secret\u00e1rio de Esportes confirma in\u00edcio do Campeonato Rural de Monteiro para o pr\u00f3ximo domingo\"}]},{\"@type\":\"WebSite\",\"@id\":\"https:\/\/noticiasemdestaque.com\/cd\/#website\",\"url\":\"https:\/\/noticiasemdestaque.com\/cd\/\",\"name\":\"Not&iacute;cias em Destaque\",\"description\":\"\",\"publisher\":{\"@id\":\"https:\/\/noticiasemdestaque.com\/cd\/#organization\"},\"potentialAction\":[{\"@type\":\"SearchAction\",\"target\":{\"@type\":\"EntryPoint\",\"urlTemplate\":\"https:\/\/noticiasemdestaque.com\/cd\/?s={search_term_string}\"},\"query-input\":{\"@type\":\"PropertyValueSpecification\",\"valueRequired\":true,\"valueName\":\"search_term_string\"}}],\"inLanguage\":\"pt-BR\"},{\"@type\":\"Organization\",\"@id\":\"https:\/\/noticiasemdestaque.com\/cd\/#organization\",\"name\":\"Not\u00edcias em Destaque\",\"url\":\"https:\/\/noticiasemdestaque.com\/cd\/\",\"logo\":{\"@type\":\"ImageObject\",\"inLanguage\":\"pt-BR\",\"@id\":\"https:\/\/noticiasemdestaque.com\/cd\/#\/schema\/logo\/image\/\",\"url\":\"https:\/\/noticiasemdestaque.com\/cd\/wp-content\/uploads\/2022\/05\/imagem-base-noticiasemdestaque.png\",\"contentUrl\":\"https:\/\/noticiasemdestaque.com\/cd\/wp-content\/uploads\/2022\/05\/imagem-base-noticiasemdestaque.png\",\"width\":1200,\"height\":630,\"caption\":\"Not\u00edcias em Destaque\"},\"image\":{\"@id\":\"https:\/\/noticiasemdestaque.com\/cd\/#\/schema\/logo\/image\/\"}},{\"@type\":\"Person\",\"@id\":\"https:\/\/noticiasemdestaque.com\/cd\/#\/schema\/person\/21320b03a7e8bb90128938dafc9b908a\",\"name\":\"Not\u00edcias em Destaque\",\"url\":\"https:\/\/noticiasemdestaque.com\/cd\/?author=2\"}]}<\/script>\n<!-- \/ Yoast SEO plugin. -->","yoast_head_json":{"title":"Secret\u00e1rio de Esportes confirma in\u00edcio do Campeonato Rural de Monteiro para o pr\u00f3ximo domingo - Not&iacute;cias em Destaque","robots":{"index":"index","follow":"follow","max-snippet":"max-snippet:-1","max-image-preview":"max-image-preview:large","max-video-preview":"max-video-preview:-1"},"canonical":"https:\/\/noticiasemdestaque.com\/cd\/?p=3863","og_locale":"pt_BR","og_type":"article","og_title":"Secret\u00e1rio de Esportes confirma in\u00edcio do Campeonato Rural de Monteiro para o pr\u00f3ximo domingo - Not&iacute;cias em Destaque","og_description":"Tudo pronto para o in\u00edcio do maior campeonato de futebol amador da regi\u00e3o do Cariri paraibano, o tradicional Campeonato Rural de Monteiro, o Ruralz\u00e3o, que este ano tem a participa\u00e7\u00e3o de 40 equipes disputando o t\u00edtulo de campe\u00e3o da competi\u00e7\u00e3o. Este ano o campe\u00e3o do Campeonato Ruralz\u00e3o levar\u00e1 a Ta\u00e7a \u201cDr. Chico\u201d em homenagem ao ex-prefeito Francisco de Assis Neves N\u00f3brega e os demais classificados receber\u00e3o trof\u00e9us, medalhas e uma premia\u00e7\u00e3o em dinheiro para os primeiros colocados. Al\u00e9m das despesas com trof\u00e9us, medalhas, premia\u00e7\u00e3o para os primeiros classificados, artilheiros, melhor \u00e1rbitro, a Prefeitura de Monteiro j\u00e1 definiu que o pagamento aos \u00e1rbitros que atuaram no campeonato receber\u00e3o por etapas. Visando melhorar o n\u00edvel das arbitragens, este ano o quadro de \u00e1rbitros, no total de 20 selecionados, contar\u00e1 com a orienta\u00e7\u00e3o e apoio de uma professora de Educa\u00e7\u00e3o F\u00edsica da rede de ensino municipal de Monteiro e uma equipe escolhida especialmente para coordenar a arbitragem. Os valores das premia\u00e7\u00f5es as equipes primeiras colocadas e aos profissionais que participar\u00e3o do Campeonato Ruralz\u00e3o j\u00e1 foram definidas pela prefeita Anna Lorena e devem ser anunciadas at\u00e9 o final da semana. Cariri em Destaque Com Ascom","og_url":"https:\/\/noticiasemdestaque.com\/cd\/?p=3863","og_site_name":"Not&iacute;cias em Destaque","article_published_time":"2017-09-01T00:14:54+00:00","og_image":[{"width":1280,"height":1280,"url":"https:\/\/noticiasemdestaque.com\/cd\/wp-content\/uploads\/2017\/08\/Campeonato-Rural.jpeg","type":"image\/jpeg"}],"author":"Not\u00edcias em Destaque","twitter_card":"summary_large_image","twitter_misc":{"Escrito por":"Not\u00edcias em Destaque","Est. tempo de leitura":"1 minuto"},"schema":{"@context":"https:\/\/schema.org","@graph":[{"@type":"Article","@id":"https:\/\/noticiasemdestaque.com\/cd\/?p=3863#article","isPartOf":{"@id":"https:\/\/noticiasemdestaque.com\/cd\/?p=3863"},"author":{"name":"Not\u00edcias em Destaque","@id":"https:\/\/noticiasemdestaque.com\/cd\/#\/schema\/person\/21320b03a7e8bb90128938dafc9b908a"},"headline":"Secret\u00e1rio de Esportes confirma in\u00edcio do Campeonato Rural de Monteiro para o pr\u00f3ximo domingo","datePublished":"2017-09-01T00:14:54+00:00","mainEntityOfPage":{"@id":"https:\/\/noticiasemdestaque.com\/cd\/?p=3863"},"wordCount":231,"publisher":{"@id":"https:\/\/noticiasemdestaque.com\/cd\/#organization"},"image":{"@id":"https:\/\/noticiasemdestaque.com\/cd\/?p=3863#primaryimage"},"thumbnailUrl":"https:\/\/noticiasemdestaque.com\/cd\/wp-content\/uploads\/2017\/08\/Campeonato-Rural.jpeg","articleSection":["Cidades"],"inLanguage":"pt-BR"},{"@type":"WebPage","@id":"https:\/\/noticiasemdestaque.com\/cd\/?p=3863","url":"https:\/\/noticiasemdestaque.com\/cd\/?p=3863","name":"Secret\u00e1rio de Esportes confirma in\u00edcio do Campeonato Rural de Monteiro para o pr\u00f3ximo domingo - Not&iacute;cias em Destaque","isPartOf":{"@id":"https:\/\/noticiasemdestaque.com\/cd\/#website"},"primaryImageOfPage":{"@id":"https:\/\/noticiasemdestaque.com\/cd\/?p=3863#primaryimage"},"image":{"@id":"https:\/\/noticiasemdestaque.com\/cd\/?p=3863#primaryimage"},"thumbnailUrl":"https:\/\/noticiasemdestaque.com\/cd\/wp-content\/uploads\/2017\/08\/Campeonato-Rural.jpeg","datePublished":"2017-09-01T00:14:54+00:00","breadcrumb":{"@id":"https:\/\/noticiasemdestaque.com\/cd\/?p=3863#breadcrumb"},"inLanguage":"pt-BR","potentialAction":[{"@type":"ReadAction","target":["https:\/\/noticiasemdestaque.com\/cd\/?p=3863"]}]},{"@type":"ImageObject","inLanguage":"pt-BR","@id":"https:\/\/noticiasemdestaque.com\/cd\/?p=3863#primaryimage","url":"https:\/\/noticiasemdestaque.com\/cd\/wp-content\/uploads\/2017\/08\/Campeonato-Rural.jpeg","contentUrl":"https:\/\/noticiasemdestaque.com\/cd\/wp-content\/uploads\/2017\/08\/Campeonato-Rural.jpeg","width":1280,"height":1280},{"@type":"BreadcrumbList","@id":"https:\/\/noticiasemdestaque.com\/cd\/?p=3863#breadcrumb","itemListElement":[{"@type":"ListItem","position":1,"name":"In\u00edcio","item":"https:\/\/noticiasemdestaque.com\/cd\/"},{"@type":"ListItem","position":2,"name":"Secret\u00e1rio de Esportes confirma in\u00edcio do Campeonato Rural de Monteiro para o pr\u00f3ximo domingo"}]},{"@type":"WebSite","@id":"https:\/\/noticiasemdestaque.com\/cd\/#website","url":"https:\/\/noticiasemdestaque.com\/cd\/","name":"Not&iacute;cias em Destaque","description":"","publisher":{"@id":"https:\/\/noticiasemdestaque.com\/cd\/#organization"},"potentialAction":[{"@type":"SearchAction","target":{"@type":"EntryPoint","urlTemplate":"https:\/\/noticiasemdestaque.com\/cd\/?s={search_term_string}"},"query-input":{"@type":"PropertyValueSpecification","valueRequired":true,"valueName":"search_term_string"}}],"inLanguage":"pt-BR"},{"@type":"Organization","@id":"https:\/\/noticiasemdestaque.com\/cd\/#organization","name":"Not\u00edcias em Destaque","url":"https:\/\/noticiasemdestaque.com\/cd\/","logo":{"@type":"ImageObject","inLanguage":"pt-BR","@id":"https:\/\/noticiasemdestaque.com\/cd\/#\/schema\/logo\/image\/","url":"https:\/\/noticiasemdestaque.com\/cd\/wp-content\/uploads\/2022\/05\/imagem-base-noticiasemdestaque.png","contentUrl":"https:\/\/noticiasemdestaque.com\/cd\/wp-content\/uploads\/2022\/05\/imagem-base-noticiasemdestaque.png","width":1200,"height":630,"caption":"Not\u00edcias em Destaque"},"image":{"@id":"https:\/\/noticiasemdestaque.com\/cd\/#\/schema\/logo\/image\/"}},{"@type":"Person","@id":"https:\/\/noticiasemdestaque.com\/cd\/#\/schema\/person\/21320b03a7e8bb90128938dafc9b908a","name":"Not\u00edcias em Destaque","url":"https:\/\/noticiasemdestaque.com\/cd\/?author=2"}]}},"jetpack_featured_media_url":"https:\/\/noticiasemdestaque.com\/cd\/wp-content\/uploads\/2017\/08\/Campeonato-Rural.jpeg","jetpack_sharing_enabled":true,"_links":{"self":[{"href":"https:\/\/noticiasemdestaque.com\/cd\/index.php?rest_route=\/wp\/v2\/posts\/3863","targetHints":{"allow":["GET"]}}],"collection":[{"href":"https:\/\/noticiasemdestaque.com\/cd\/index.php?rest_route=\/wp\/v2\/posts"}],"about":[{"href":"https:\/\/noticiasemdestaque.com\/cd\/index.php?rest_route=\/wp\/v2\/types\/post"}],"author":[{"embeddable":true,"href":"https:\/\/noticiasemdestaque.com\/cd\/index.php?rest_route=\/wp\/v2\/users\/2"}],"replies":[{"embeddable":true,"href":"https:\/\/noticiasemdestaque.com\/cd\/index.php?rest_route=%2Fwp%2Fv2%2Fcomments&post=3863"}],"version-history":[{"count":1,"href":"https:\/\/noticiasemdestaque.com\/cd\/index.php?rest_route=\/wp\/v2\/posts\/3863\/revisions"}],"predecessor-version":[{"id":3865,"href":"https:\/\/noticiasemdestaque.com\/cd\/index.php?rest_route=\/wp\/v2\/posts\/3863\/revisions\/3865"}],"wp:featuredmedia":[{"embeddable":true,"href":"https:\/\/noticiasemdestaque.com\/cd\/index.php?rest_route=\/wp\/v2\/media\/3864"}],"wp:attachment":[{"href":"https:\/\/noticiasemdestaque.com\/cd\/index.php?rest_route=%2Fwp%2Fv2%2Fmedia&parent=3863"}],"wp:term":[{"taxonomy":"category","embeddable":true,"href":"https:\/\/noticiasemdestaque.com\/cd\/index.php?rest_route=%2Fwp%2Fv2%2Fcategories&post=3863"},{"taxonomy":"post_tag","embeddable":true,"href":"https:\/\/noticiasemdestaque.com\/cd\/index.php?rest_route=%2Fwp%2Fv2%2Ftags&post=3863"}],"curies":[{"name":"wp","href":"https:\/\/api.w.org\/{rel}","templated":true}]}}