{"id":38629,"date":"2022-05-09T18:37:26","date_gmt":"2022-05-09T21:37:26","guid":{"rendered":"http:\/\/noticiasemdestaque.com\/cd\/?p=38629"},"modified":"2022-05-09T18:37:26","modified_gmt":"2022-05-09T21:37:26","slug":"enem-2022-prazo-para-inscricao-comeca-na-terca-feira","status":"publish","type":"post","link":"https:\/\/noticiasemdestaque.com\/cd\/?p=38629","title":{"rendered":"Enem 2022: prazo para inscri\u00e7\u00e3o come\u00e7a na ter\u00e7a-feira"},"content":{"rendered":"<div class=\"mc-column content-text active-extra-styles \" data-block-type=\"unstyled\" data-block-weight=\"29\" data-block-id=\"2\">\n<p class=\"content-text__container \" data-track-category=\"Link no Texto\" data-track-links=\"\">O prazo para inscri\u00e7\u00e3o para o Exame Nacional do Ensino M\u00e9dio (<a href=\"https:\/\/g1.globo.com\/educacao\/enem\">Enem<\/a>) 2022, nas\u00a0<strong>vers\u00f5es impressa e digital,<\/strong>\u00a0come\u00e7a na ter\u00e7a-feira (10) e vai at\u00e9 21 de maio.<\/p>\n<\/div>\n<div class=\"wall protected-content\">\n<div class=\"mc-column content-text active-extra-styles \" data-block-type=\"unstyled\" data-block-weight=\"37\" data-block-id=\"3\">\n<p class=\"content-text__container \" data-track-category=\"Link no Texto\" data-track-links=\"\">A inscri\u00e7\u00e3o deve ser feita na<a href=\"https:\/\/enem.inep.gov.br\/participante\/#!\/\" target=\"_blank\" rel=\"noopener\">\u00a0p\u00e1gina do participante\u00a0<\/a>do\u00a0<a href=\"https:\/\/g1.globo.com\/tudo-sobre\/enem\/\">Enem<\/a>. A taxa para quem n\u00e3o conseguiu isen\u00e7\u00e3o \u00e9 de R$ 85 e deve ser paga at\u00e9 27 de maio, por boleto, PIX e cart\u00e3o de cr\u00e9dito.<\/p>\n<p data-track-category=\"Link no Texto\" data-track-links=\"\"><strong>Aten\u00e7\u00e3o: os estudantes que obtiveram o direito \u00e0 isen\u00e7\u00e3o desse valor (como os alunos da rede p\u00fablica) tamb\u00e9m devem se inscrever.\u00a0<\/strong>Caso contr\u00e1rio, n\u00e3o poder\u00e3o prestar o\u00a0<a href=\"https:\/\/g1.globo.com\/tudo-sobre\/enem\/\">Enem<\/a>.<\/p>\n<div class=\"mc-column content-text active-extra-styles \" data-block-type=\"unstyled\" data-block-weight=\"15\" data-block-id=\"9\">\n<p class=\"content-text__container \" data-track-category=\"Link no Texto\" data-track-links=\"\">Pela primeira vez, o\u00a0<a href=\"https:\/\/g1.globo.com\/tudo-sobre\/inep\/\">Inep<\/a> aceitar\u00e1 documentos digitais de identifica\u00e7\u00e3o nos locais de prova, como:<\/p>\n<\/div>\n<div class=\"mc-column content-text active-extra-styles\" data-block-type=\"raw\" data-block-weight=\"10\" data-block-id=\"10\">\n<ul class=\"content-unordered-list\">\n<li>e-T\u00edtulo,<\/li>\n<li>Carteira Nacional de Habilita\u00e7\u00e3o (CNH) Digital e<\/li>\n<li>RG Digital.<\/li>\n<\/ul>\n<p>O candidato deve apresentar o aplicativo oficial ao fiscal &#8212; capturas de tela n\u00e3o ser\u00e3o v\u00e1lidas.<\/p>\n<\/div>\n<div class=\"mc-column content-text active-extra-styles \" data-block-type=\"unstyled\" data-block-weight=\"14\" data-block-id=\"12\">\n<p class=\"content-text__container \" data-track-category=\"Link no Texto\" data-track-links=\"\">Ap\u00f3s a entrada na sala de aula, o uso do celular continuar\u00e1 vetado.<\/p>\n<div class=\"mc-column content-text active-extra-styles \" data-block-type=\"unstyled\" data-block-weight=\"24\" data-block-id=\"14\">\n<p class=\"content-text__container \" data-track-category=\"Link no Texto\" data-track-links=\"\">O candidato deve escolher, no ato da inscri\u00e7\u00e3o,\u00a0<span class=\"highlight highlighted\">se deseja que as cinco quest\u00f5es de l\u00edngua estrangeira sejam em ingl\u00eas ou em espanhol.<\/span><\/p>\n<\/div>\n<div class=\"mc-column content-text active-extra-styles \" data-block-type=\"unstyled\" data-block-weight=\"14\" data-block-id=\"15\">\n<p class=\"content-text__container \" data-track-category=\"Link no Texto\" data-track-links=\"\">Tamb\u00e9m precisa sinalizar se quer fazer o\u00a0<a href=\"https:\/\/g1.globo.com\/tudo-sobre\/enem\/\">Enem<\/a>\u00a0impresso (tradicional) ou o digital.<\/p>\n<\/div>\n<div class=\"mc-column content-text active-extra-styles \" data-block-type=\"unstyled\" data-block-weight=\"7\" data-block-id=\"16\">\n<p class=\"content-text__container \" data-track-category=\"Link no Texto\" data-track-links=\"\">\u00c9 importante lembrar que a vers\u00e3o informatizada:<\/p>\n<\/div>\n<div class=\"mc-column content-text active-extra-styles\" data-block-type=\"raw\" data-block-weight=\"29\" data-block-id=\"17\">\n<ul class=\"content-unordered-list\">\n<li>tamb\u00e9m \u00e9 aplicada nos locais de prova \u2014\u00a0<span class=\"highlight highlighted\">n\u00e3o existe a op\u00e7\u00e3o de prestar o exame em casa;<\/span><\/li>\n<li>traz 180 quest\u00f5es a serem respondidas digitalmente, mas<span class=\"highlight highlighted\">\u00a0com reda\u00e7\u00e3o manuscrita.<\/span><\/li>\n<li><strong><span class=\"highlight highlighted\">Inscri\u00e7\u00f5es<\/span><\/strong><span class=\"highlight highlighted\">: 10 a 21 de maio<\/span><\/li>\n<li><strong>Pagamento da inscri\u00e7\u00e3o:<\/strong>\u00a010 a 27 de maio<\/li>\n<li><strong>Pedido de atendimento especializado:\u00a0<\/strong>10 a 21 de maio<\/li>\n<li><strong>Pedido de tratamento pelo nome social:\u00a0<\/strong>23 a 28 de junho<\/li>\n<li><strong><span class=\"highlight highlighted\">Provas:\u00a0<\/span><\/strong><span class=\"highlight highlighted\">13 e 20 de novembro<\/span><\/li>\n<\/ul>\n<p>Com G1<\/p>\n<\/div>\n<\/div>\n<\/div>\n<\/div>\n","protected":false},"excerpt":{"rendered":"<p>O prazo para inscri\u00e7\u00e3o para o Exame Nacional do Ensino M\u00e9dio (Enem) 2022, nas\u00a0vers\u00f5es impressa e digital,\u00a0come\u00e7a na ter\u00e7a-feira (10) e vai at\u00e9 21 de maio. A inscri\u00e7\u00e3o deve ser feita na\u00a0p\u00e1gina do participante\u00a0do\u00a0Enem. A taxa para quem n\u00e3o conseguiu isen\u00e7\u00e3o \u00e9 de R$ 85 e deve ser paga at\u00e9 27 de maio, por boleto, PIX e cart\u00e3o de cr\u00e9dito. Aten\u00e7\u00e3o: os estudantes que obtiveram o direito \u00e0 isen\u00e7\u00e3o desse valor (como os alunos da rede p\u00fablica) tamb\u00e9m devem se inscrever.\u00a0Caso contr\u00e1rio, n\u00e3o poder\u00e3o prestar o\u00a0Enem. Pela primeira vez, o\u00a0Inep aceitar\u00e1 documentos digitais de identifica\u00e7\u00e3o nos locais de prova, como: e-T\u00edtulo, Carteira Nacional de Habilita\u00e7\u00e3o (CNH) Digital e RG Digital. O candidato deve apresentar o aplicativo oficial ao fiscal &#8212; capturas de tela n\u00e3o ser\u00e3o v\u00e1lidas. Ap\u00f3s a entrada na sala de aula, o uso do celular continuar\u00e1 vetado. O candidato deve escolher, no ato da inscri\u00e7\u00e3o,\u00a0se deseja que as cinco quest\u00f5es de l\u00edngua estrangeira sejam em ingl\u00eas ou em espanhol. Tamb\u00e9m precisa sinalizar se quer fazer o\u00a0Enem\u00a0impresso (tradicional) ou o digital. \u00c9 importante lembrar que a vers\u00e3o informatizada: tamb\u00e9m \u00e9 aplicada nos locais de prova \u2014\u00a0n\u00e3o existe a op\u00e7\u00e3o de prestar o exame em casa; traz 180 quest\u00f5es a serem respondidas digitalmente, mas\u00a0com reda\u00e7\u00e3o manuscrita. Inscri\u00e7\u00f5es: 10 a 21 de maio Pagamento da inscri\u00e7\u00e3o:\u00a010 a 27 de maio Pedido de atendimento especializado:\u00a010 a 21 de maio Pedido de tratamento pelo nome social:\u00a023 a 28 de junho Provas:\u00a013 e 20 de novembro Com G1<\/p>\n","protected":false},"author":2,"featured_media":36281,"comment_status":"closed","ping_status":"open","sticky":false,"template":"","format":"standard","meta":{"_eb_attr":"","_jetpack_memberships_contains_paid_content":false,"footnotes":""},"categories":[6],"tags":[],"class_list":["post-38629","post","type-post","status-publish","format-standard","has-post-thumbnail","hentry","category-educacao"],"yoast_head":"<!-- This site is optimized with the Yoast SEO plugin v26.5 - https:\/\/yoast.com\/wordpress\/plugins\/seo\/ -->\n<title>Enem 2022: prazo para inscri\u00e7\u00e3o come\u00e7a na ter\u00e7a-feira - Not&iacute;cias em Destaque<\/title>\n<meta name=\"robots\" content=\"index, follow, max-snippet:-1, max-image-preview:large, max-video-preview:-1\" \/>\n<link rel=\"canonical\" href=\"https:\/\/noticiasemdestaque.com\/cd\/?p=38629\" \/>\n<meta property=\"og:locale\" content=\"pt_BR\" \/>\n<meta property=\"og:type\" content=\"article\" \/>\n<meta property=\"og:title\" content=\"Enem 2022: prazo para inscri\u00e7\u00e3o come\u00e7a na ter\u00e7a-feira - Not&iacute;cias em Destaque\" \/>\n<meta property=\"og:description\" content=\"O prazo para inscri\u00e7\u00e3o para o Exame Nacional do Ensino M\u00e9dio (Enem) 2022, nas\u00a0vers\u00f5es impressa e digital,\u00a0come\u00e7a na ter\u00e7a-feira (10) e vai at\u00e9 21 de maio. A inscri\u00e7\u00e3o deve ser feita na\u00a0p\u00e1gina do participante\u00a0do\u00a0Enem. A taxa para quem n\u00e3o conseguiu isen\u00e7\u00e3o \u00e9 de R$ 85 e deve ser paga at\u00e9 27 de maio, por boleto, PIX e cart\u00e3o de cr\u00e9dito. Aten\u00e7\u00e3o: os estudantes que obtiveram o direito \u00e0 isen\u00e7\u00e3o desse valor (como os alunos da rede p\u00fablica) tamb\u00e9m devem se inscrever.\u00a0Caso contr\u00e1rio, n\u00e3o poder\u00e3o prestar o\u00a0Enem. Pela primeira vez, o\u00a0Inep aceitar\u00e1 documentos digitais de identifica\u00e7\u00e3o nos locais de prova, como: e-T\u00edtulo, Carteira Nacional de Habilita\u00e7\u00e3o (CNH) Digital e RG Digital. O candidato deve apresentar o aplicativo oficial ao fiscal &#8212; capturas de tela n\u00e3o ser\u00e3o v\u00e1lidas. Ap\u00f3s a entrada na sala de aula, o uso do celular continuar\u00e1 vetado. O candidato deve escolher, no ato da inscri\u00e7\u00e3o,\u00a0se deseja que as cinco quest\u00f5es de l\u00edngua estrangeira sejam em ingl\u00eas ou em espanhol. Tamb\u00e9m precisa sinalizar se quer fazer o\u00a0Enem\u00a0impresso (tradicional) ou o digital. \u00c9 importante lembrar que a vers\u00e3o informatizada: tamb\u00e9m \u00e9 aplicada nos locais de prova \u2014\u00a0n\u00e3o existe a op\u00e7\u00e3o de prestar o exame em casa; traz 180 quest\u00f5es a serem respondidas digitalmente, mas\u00a0com reda\u00e7\u00e3o manuscrita. Inscri\u00e7\u00f5es: 10 a 21 de maio Pagamento da inscri\u00e7\u00e3o:\u00a010 a 27 de maio Pedido de atendimento especializado:\u00a010 a 21 de maio Pedido de tratamento pelo nome social:\u00a023 a 28 de junho Provas:\u00a013 e 20 de novembro Com G1\" \/>\n<meta property=\"og:url\" content=\"https:\/\/noticiasemdestaque.com\/cd\/?p=38629\" \/>\n<meta property=\"og:site_name\" content=\"Not&iacute;cias em Destaque\" \/>\n<meta property=\"article:published_time\" content=\"2022-05-09T21:37:26+00:00\" \/>\n<meta property=\"og:image\" content=\"https:\/\/noticiasemdestaque.com\/cd\/wp-content\/uploads\/2022\/01\/Enem.jpg\" \/>\n\t<meta property=\"og:image:width\" content=\"628\" \/>\n\t<meta property=\"og:image:height\" content=\"310\" \/>\n\t<meta property=\"og:image:type\" content=\"image\/jpeg\" \/>\n<meta name=\"author\" content=\"Not\u00edcias em Destaque\" \/>\n<meta name=\"twitter:card\" content=\"summary_large_image\" \/>\n<meta name=\"twitter:label1\" content=\"Escrito por\" \/>\n\t<meta name=\"twitter:data1\" content=\"Not\u00edcias em Destaque\" \/>\n\t<meta name=\"twitter:label2\" content=\"Est. tempo de leitura\" \/>\n\t<meta name=\"twitter:data2\" content=\"1 minuto\" \/>\n<script type=\"application\/ld+json\" class=\"yoast-schema-graph\">{\"@context\":\"https:\/\/schema.org\",\"@graph\":[{\"@type\":\"Article\",\"@id\":\"https:\/\/noticiasemdestaque.com\/cd\/?p=38629#article\",\"isPartOf\":{\"@id\":\"https:\/\/noticiasemdestaque.com\/cd\/?p=38629\"},\"author\":{\"name\":\"Not\u00edcias em Destaque\",\"@id\":\"https:\/\/noticiasemdestaque.com\/cd\/#\/schema\/person\/9c05c6816b191977f47499b3494ace52\"},\"headline\":\"Enem 2022: prazo para inscri\u00e7\u00e3o come\u00e7a na ter\u00e7a-feira\",\"datePublished\":\"2022-05-09T21:37:26+00:00\",\"mainEntityOfPage\":{\"@id\":\"https:\/\/noticiasemdestaque.com\/cd\/?p=38629\"},\"wordCount\":288,\"publisher\":{\"@id\":\"https:\/\/noticiasemdestaque.com\/cd\/#organization\"},\"image\":{\"@id\":\"https:\/\/noticiasemdestaque.com\/cd\/?p=38629#primaryimage\"},\"thumbnailUrl\":\"https:\/\/noticiasemdestaque.com\/cd\/wp-content\/uploads\/2022\/01\/Enem.jpg\",\"articleSection\":[\"Educa\u00e7\u00e3o\"],\"inLanguage\":\"pt-BR\"},{\"@type\":\"WebPage\",\"@id\":\"https:\/\/noticiasemdestaque.com\/cd\/?p=38629\",\"url\":\"https:\/\/noticiasemdestaque.com\/cd\/?p=38629\",\"name\":\"Enem 2022: prazo para inscri\u00e7\u00e3o come\u00e7a na ter\u00e7a-feira - Not&iacute;cias em Destaque\",\"isPartOf\":{\"@id\":\"https:\/\/noticiasemdestaque.com\/cd\/#website\"},\"primaryImageOfPage\":{\"@id\":\"https:\/\/noticiasemdestaque.com\/cd\/?p=38629#primaryimage\"},\"image\":{\"@id\":\"https:\/\/noticiasemdestaque.com\/cd\/?p=38629#primaryimage\"},\"thumbnailUrl\":\"https:\/\/noticiasemdestaque.com\/cd\/wp-content\/uploads\/2022\/01\/Enem.jpg\",\"datePublished\":\"2022-05-09T21:37:26+00:00\",\"breadcrumb\":{\"@id\":\"https:\/\/noticiasemdestaque.com\/cd\/?p=38629#breadcrumb\"},\"inLanguage\":\"pt-BR\",\"potentialAction\":[{\"@type\":\"ReadAction\",\"target\":[\"https:\/\/noticiasemdestaque.com\/cd\/?p=38629\"]}]},{\"@type\":\"ImageObject\",\"inLanguage\":\"pt-BR\",\"@id\":\"https:\/\/noticiasemdestaque.com\/cd\/?p=38629#primaryimage\",\"url\":\"https:\/\/noticiasemdestaque.com\/cd\/wp-content\/uploads\/2022\/01\/Enem.jpg\",\"contentUrl\":\"https:\/\/noticiasemdestaque.com\/cd\/wp-content\/uploads\/2022\/01\/Enem.jpg\",\"width\":628,\"height\":310},{\"@type\":\"BreadcrumbList\",\"@id\":\"https:\/\/noticiasemdestaque.com\/cd\/?p=38629#breadcrumb\",\"itemListElement\":[{\"@type\":\"ListItem\",\"position\":1,\"name\":\"In\u00edcio\",\"item\":\"https:\/\/noticiasemdestaque.com\/cd\/\"},{\"@type\":\"ListItem\",\"position\":2,\"name\":\"Enem 2022: prazo para inscri\u00e7\u00e3o come\u00e7a na ter\u00e7a-feira\"}]},{\"@type\":\"WebSite\",\"@id\":\"https:\/\/noticiasemdestaque.com\/cd\/#website\",\"url\":\"https:\/\/noticiasemdestaque.com\/cd\/\",\"name\":\"Not&iacute;cias em Destaque\",\"description\":\"\",\"publisher\":{\"@id\":\"https:\/\/noticiasemdestaque.com\/cd\/#organization\"},\"potentialAction\":[{\"@type\":\"SearchAction\",\"target\":{\"@type\":\"EntryPoint\",\"urlTemplate\":\"https:\/\/noticiasemdestaque.com\/cd\/?s={search_term_string}\"},\"query-input\":{\"@type\":\"PropertyValueSpecification\",\"valueRequired\":true,\"valueName\":\"search_term_string\"}}],\"inLanguage\":\"pt-BR\"},{\"@type\":\"Organization\",\"@id\":\"https:\/\/noticiasemdestaque.com\/cd\/#organization\",\"name\":\"Not\u00edcias em Destaque\",\"url\":\"https:\/\/noticiasemdestaque.com\/cd\/\",\"logo\":{\"@type\":\"ImageObject\",\"inLanguage\":\"pt-BR\",\"@id\":\"https:\/\/noticiasemdestaque.com\/cd\/#\/schema\/logo\/image\/\",\"url\":\"https:\/\/noticiasemdestaque.com\/cd\/wp-content\/uploads\/2022\/05\/imagem-base-noticiasemdestaque.png\",\"contentUrl\":\"https:\/\/noticiasemdestaque.com\/cd\/wp-content\/uploads\/2022\/05\/imagem-base-noticiasemdestaque.png\",\"width\":1200,\"height\":630,\"caption\":\"Not\u00edcias em Destaque\"},\"image\":{\"@id\":\"https:\/\/noticiasemdestaque.com\/cd\/#\/schema\/logo\/image\/\"}},{\"@type\":\"Person\",\"@id\":\"https:\/\/noticiasemdestaque.com\/cd\/#\/schema\/person\/9c05c6816b191977f47499b3494ace52\",\"name\":\"Not\u00edcias em Destaque\",\"url\":\"https:\/\/noticiasemdestaque.com\/cd\/?author=2\"}]}<\/script>\n<!-- \/ Yoast SEO plugin. -->","yoast_head_json":{"title":"Enem 2022: prazo para inscri\u00e7\u00e3o come\u00e7a na ter\u00e7a-feira - Not&iacute;cias em Destaque","robots":{"index":"index","follow":"follow","max-snippet":"max-snippet:-1","max-image-preview":"max-image-preview:large","max-video-preview":"max-video-preview:-1"},"canonical":"https:\/\/noticiasemdestaque.com\/cd\/?p=38629","og_locale":"pt_BR","og_type":"article","og_title":"Enem 2022: prazo para inscri\u00e7\u00e3o come\u00e7a na ter\u00e7a-feira - Not&iacute;cias em Destaque","og_description":"O prazo para inscri\u00e7\u00e3o para o Exame Nacional do Ensino M\u00e9dio (Enem) 2022, nas\u00a0vers\u00f5es impressa e digital,\u00a0come\u00e7a na ter\u00e7a-feira (10) e vai at\u00e9 21 de maio. A inscri\u00e7\u00e3o deve ser feita na\u00a0p\u00e1gina do participante\u00a0do\u00a0Enem. A taxa para quem n\u00e3o conseguiu isen\u00e7\u00e3o \u00e9 de R$ 85 e deve ser paga at\u00e9 27 de maio, por boleto, PIX e cart\u00e3o de cr\u00e9dito. Aten\u00e7\u00e3o: os estudantes que obtiveram o direito \u00e0 isen\u00e7\u00e3o desse valor (como os alunos da rede p\u00fablica) tamb\u00e9m devem se inscrever.\u00a0Caso contr\u00e1rio, n\u00e3o poder\u00e3o prestar o\u00a0Enem. Pela primeira vez, o\u00a0Inep aceitar\u00e1 documentos digitais de identifica\u00e7\u00e3o nos locais de prova, como: e-T\u00edtulo, Carteira Nacional de Habilita\u00e7\u00e3o (CNH) Digital e RG Digital. O candidato deve apresentar o aplicativo oficial ao fiscal &#8212; capturas de tela n\u00e3o ser\u00e3o v\u00e1lidas. Ap\u00f3s a entrada na sala de aula, o uso do celular continuar\u00e1 vetado. O candidato deve escolher, no ato da inscri\u00e7\u00e3o,\u00a0se deseja que as cinco quest\u00f5es de l\u00edngua estrangeira sejam em ingl\u00eas ou em espanhol. Tamb\u00e9m precisa sinalizar se quer fazer o\u00a0Enem\u00a0impresso (tradicional) ou o digital. \u00c9 importante lembrar que a vers\u00e3o informatizada: tamb\u00e9m \u00e9 aplicada nos locais de prova \u2014\u00a0n\u00e3o existe a op\u00e7\u00e3o de prestar o exame em casa; traz 180 quest\u00f5es a serem respondidas digitalmente, mas\u00a0com reda\u00e7\u00e3o manuscrita. Inscri\u00e7\u00f5es: 10 a 21 de maio Pagamento da inscri\u00e7\u00e3o:\u00a010 a 27 de maio Pedido de atendimento especializado:\u00a010 a 21 de maio Pedido de tratamento pelo nome social:\u00a023 a 28 de junho Provas:\u00a013 e 20 de novembro Com G1","og_url":"https:\/\/noticiasemdestaque.com\/cd\/?p=38629","og_site_name":"Not&iacute;cias em Destaque","article_published_time":"2022-05-09T21:37:26+00:00","og_image":[{"width":628,"height":310,"url":"https:\/\/noticiasemdestaque.com\/cd\/wp-content\/uploads\/2022\/01\/Enem.jpg","type":"image\/jpeg"}],"author":"Not\u00edcias em Destaque","twitter_card":"summary_large_image","twitter_misc":{"Escrito por":"Not\u00edcias em Destaque","Est. tempo de leitura":"1 minuto"},"schema":{"@context":"https:\/\/schema.org","@graph":[{"@type":"Article","@id":"https:\/\/noticiasemdestaque.com\/cd\/?p=38629#article","isPartOf":{"@id":"https:\/\/noticiasemdestaque.com\/cd\/?p=38629"},"author":{"name":"Not\u00edcias em Destaque","@id":"https:\/\/noticiasemdestaque.com\/cd\/#\/schema\/person\/9c05c6816b191977f47499b3494ace52"},"headline":"Enem 2022: prazo para inscri\u00e7\u00e3o come\u00e7a na ter\u00e7a-feira","datePublished":"2022-05-09T21:37:26+00:00","mainEntityOfPage":{"@id":"https:\/\/noticiasemdestaque.com\/cd\/?p=38629"},"wordCount":288,"publisher":{"@id":"https:\/\/noticiasemdestaque.com\/cd\/#organization"},"image":{"@id":"https:\/\/noticiasemdestaque.com\/cd\/?p=38629#primaryimage"},"thumbnailUrl":"https:\/\/noticiasemdestaque.com\/cd\/wp-content\/uploads\/2022\/01\/Enem.jpg","articleSection":["Educa\u00e7\u00e3o"],"inLanguage":"pt-BR"},{"@type":"WebPage","@id":"https:\/\/noticiasemdestaque.com\/cd\/?p=38629","url":"https:\/\/noticiasemdestaque.com\/cd\/?p=38629","name":"Enem 2022: prazo para inscri\u00e7\u00e3o come\u00e7a na ter\u00e7a-feira - Not&iacute;cias em Destaque","isPartOf":{"@id":"https:\/\/noticiasemdestaque.com\/cd\/#website"},"primaryImageOfPage":{"@id":"https:\/\/noticiasemdestaque.com\/cd\/?p=38629#primaryimage"},"image":{"@id":"https:\/\/noticiasemdestaque.com\/cd\/?p=38629#primaryimage"},"thumbnailUrl":"https:\/\/noticiasemdestaque.com\/cd\/wp-content\/uploads\/2022\/01\/Enem.jpg","datePublished":"2022-05-09T21:37:26+00:00","breadcrumb":{"@id":"https:\/\/noticiasemdestaque.com\/cd\/?p=38629#breadcrumb"},"inLanguage":"pt-BR","potentialAction":[{"@type":"ReadAction","target":["https:\/\/noticiasemdestaque.com\/cd\/?p=38629"]}]},{"@type":"ImageObject","inLanguage":"pt-BR","@id":"https:\/\/noticiasemdestaque.com\/cd\/?p=38629#primaryimage","url":"https:\/\/noticiasemdestaque.com\/cd\/wp-content\/uploads\/2022\/01\/Enem.jpg","contentUrl":"https:\/\/noticiasemdestaque.com\/cd\/wp-content\/uploads\/2022\/01\/Enem.jpg","width":628,"height":310},{"@type":"BreadcrumbList","@id":"https:\/\/noticiasemdestaque.com\/cd\/?p=38629#breadcrumb","itemListElement":[{"@type":"ListItem","position":1,"name":"In\u00edcio","item":"https:\/\/noticiasemdestaque.com\/cd\/"},{"@type":"ListItem","position":2,"name":"Enem 2022: prazo para inscri\u00e7\u00e3o come\u00e7a na ter\u00e7a-feira"}]},{"@type":"WebSite","@id":"https:\/\/noticiasemdestaque.com\/cd\/#website","url":"https:\/\/noticiasemdestaque.com\/cd\/","name":"Not&iacute;cias em Destaque","description":"","publisher":{"@id":"https:\/\/noticiasemdestaque.com\/cd\/#organization"},"potentialAction":[{"@type":"SearchAction","target":{"@type":"EntryPoint","urlTemplate":"https:\/\/noticiasemdestaque.com\/cd\/?s={search_term_string}"},"query-input":{"@type":"PropertyValueSpecification","valueRequired":true,"valueName":"search_term_string"}}],"inLanguage":"pt-BR"},{"@type":"Organization","@id":"https:\/\/noticiasemdestaque.com\/cd\/#organization","name":"Not\u00edcias em Destaque","url":"https:\/\/noticiasemdestaque.com\/cd\/","logo":{"@type":"ImageObject","inLanguage":"pt-BR","@id":"https:\/\/noticiasemdestaque.com\/cd\/#\/schema\/logo\/image\/","url":"https:\/\/noticiasemdestaque.com\/cd\/wp-content\/uploads\/2022\/05\/imagem-base-noticiasemdestaque.png","contentUrl":"https:\/\/noticiasemdestaque.com\/cd\/wp-content\/uploads\/2022\/05\/imagem-base-noticiasemdestaque.png","width":1200,"height":630,"caption":"Not\u00edcias em Destaque"},"image":{"@id":"https:\/\/noticiasemdestaque.com\/cd\/#\/schema\/logo\/image\/"}},{"@type":"Person","@id":"https:\/\/noticiasemdestaque.com\/cd\/#\/schema\/person\/9c05c6816b191977f47499b3494ace52","name":"Not\u00edcias em Destaque","url":"https:\/\/noticiasemdestaque.com\/cd\/?author=2"}]}},"jetpack_featured_media_url":"https:\/\/noticiasemdestaque.com\/cd\/wp-content\/uploads\/2022\/01\/Enem.jpg","jetpack_sharing_enabled":true,"_links":{"self":[{"href":"https:\/\/noticiasemdestaque.com\/cd\/index.php?rest_route=\/wp\/v2\/posts\/38629","targetHints":{"allow":["GET"]}}],"collection":[{"href":"https:\/\/noticiasemdestaque.com\/cd\/index.php?rest_route=\/wp\/v2\/posts"}],"about":[{"href":"https:\/\/noticiasemdestaque.com\/cd\/index.php?rest_route=\/wp\/v2\/types\/post"}],"author":[{"embeddable":true,"href":"https:\/\/noticiasemdestaque.com\/cd\/index.php?rest_route=\/wp\/v2\/users\/2"}],"replies":[{"embeddable":true,"href":"https:\/\/noticiasemdestaque.com\/cd\/index.php?rest_route=%2Fwp%2Fv2%2Fcomments&post=38629"}],"version-history":[{"count":1,"href":"https:\/\/noticiasemdestaque.com\/cd\/index.php?rest_route=\/wp\/v2\/posts\/38629\/revisions"}],"predecessor-version":[{"id":38630,"href":"https:\/\/noticiasemdestaque.com\/cd\/index.php?rest_route=\/wp\/v2\/posts\/38629\/revisions\/38630"}],"wp:featuredmedia":[{"embeddable":true,"href":"https:\/\/noticiasemdestaque.com\/cd\/index.php?rest_route=\/wp\/v2\/media\/36281"}],"wp:attachment":[{"href":"https:\/\/noticiasemdestaque.com\/cd\/index.php?rest_route=%2Fwp%2Fv2%2Fmedia&parent=38629"}],"wp:term":[{"taxonomy":"category","embeddable":true,"href":"https:\/\/noticiasemdestaque.com\/cd\/index.php?rest_route=%2Fwp%2Fv2%2Fcategories&post=38629"},{"taxonomy":"post_tag","embeddable":true,"href":"https:\/\/noticiasemdestaque.com\/cd\/index.php?rest_route=%2Fwp%2Fv2%2Ftags&post=38629"}],"curies":[{"name":"wp","href":"https:\/\/api.w.org\/{rel}","templated":true}]}}