{"id":38620,"date":"2022-05-09T17:11:06","date_gmt":"2022-05-09T20:11:06","guid":{"rendered":"http:\/\/noticiasemdestaque.com\/cd\/?p=38620"},"modified":"2022-05-09T17:11:06","modified_gmt":"2022-05-09T20:11:06","slug":"prefeitura-de-sao-jose-dos-cordeiros-adquire-novos-coletores-de-lixo-para-limpeza-publica","status":"publish","type":"post","link":"https:\/\/noticiasemdestaque.com\/cd\/?p=38620","title":{"rendered":"Prefeitura de S\u00e3o Jos\u00e9 dos Cordeiros adquire novos coletores de lixo para limpeza p\u00fablica"},"content":{"rendered":"<p>&nbsp;<\/p>\n<p><span data-contrast=\"none\">A Prefeitura de S\u00e3o Jos\u00e9 dos Cordeiros, por meio da Secretaria de Infraestrutura e Urbanismo, adquiriu carrinhos coletores de lixo que v\u00e3o ajudar na limpeza p\u00fablica de nosso munic\u00edpio. <\/span><span data-ccp-props=\"{&quot;201341983&quot;:0,&quot;335551550&quot;:6,&quot;335551620&quot;:6,&quot;335559739&quot;:160,&quot;335559740&quot;:259}\">\u00a0<\/span><\/p>\n<p><a href=\"https:\/\/noticiasemdestaque.com\/cd\/wp-content\/uploads\/2022\/05\/SAO-1-1.jpg\"><img fetchpriority=\"high\" decoding=\"async\" class=\"size-medium wp-image-38622 aligncenter\" src=\"https:\/\/noticiasemdestaque.com\/cd\/wp-content\/uploads\/2022\/05\/SAO-1-1-300x239.jpg\" alt=\"\" width=\"300\" height=\"239\" srcset=\"https:\/\/noticiasemdestaque.com\/cd\/wp-content\/uploads\/2022\/05\/SAO-1-1-300x239.jpg 300w, https:\/\/noticiasemdestaque.com\/cd\/wp-content\/uploads\/2022\/05\/SAO-1-1-768x611.jpg 768w, https:\/\/noticiasemdestaque.com\/cd\/wp-content\/uploads\/2022\/05\/SAO-1-1.jpg 988w\" sizes=\"(max-width: 300px) 100vw, 300px\" \/><\/a><\/p>\n<p><span data-contrast=\"none\">Segundo o prefeito Fel\u00edcio Queiroz a aquisi\u00e7\u00e3o dos novos carrinhos, vai melhorar as condi\u00e7\u00f5es de trabalho dos servidores que atuam no setor de limpeza p\u00fablica. \u201cEstamos trabalhando para manter nossa cidade cada vez mais agrad\u00e1vel e limpa e para isso estamos investindo e contando com o apoio da popula\u00e7\u00e3o que merece todo nosso empenho\u201d, ressaltou o prefeito. <\/span><span data-ccp-props=\"{&quot;201341983&quot;:0,&quot;335551550&quot;:6,&quot;335551620&quot;:6,&quot;335559739&quot;:160,&quot;335559740&quot;:259}\">\u00a0<\/span><\/p>\n<p><span data-contrast=\"none\">O secret\u00e1rio de Infraestrutura e Urbanismo, Jefferson explicou que com os nossos carrinhos o trabalho ser\u00e1 realizado de forma mais segura, pois o \u201cnosso intuito \u00e9 facilitar e colaborar com os trabalhos dos garis. Tamb\u00e9m adquirimos novos tambores de lixo para garantir mais limpeza nas vias p\u00fablicas e locais de grande movimenta\u00e7\u00e3o.\u201d, disse.<\/span><span data-ccp-props=\"{&quot;201341983&quot;:0,&quot;335551550&quot;:6,&quot;335551620&quot;:6,&quot;335559739&quot;:160,&quot;335559740&quot;:259}\">\u00a0<\/span><\/p>\n<p><span data-contrast=\"none\">Com Ascom <\/span><span data-ccp-props=\"{&quot;201341983&quot;:0,&quot;335551550&quot;:6,&quot;335551620&quot;:6,&quot;335559739&quot;:160,&quot;335559740&quot;:259}\">\u00a0<\/span><\/p>\n","protected":false},"excerpt":{"rendered":"<p>&nbsp; A Prefeitura de S\u00e3o Jos\u00e9 dos Cordeiros, por meio da Secretaria de Infraestrutura e Urbanismo, adquiriu carrinhos coletores de lixo que v\u00e3o ajudar na limpeza p\u00fablica de nosso munic\u00edpio. \u00a0 Segundo o prefeito Fel\u00edcio Queiroz a aquisi\u00e7\u00e3o dos novos carrinhos, vai melhorar as condi\u00e7\u00f5es de trabalho dos servidores que atuam no setor de limpeza p\u00fablica. \u201cEstamos trabalhando para manter nossa cidade cada vez mais agrad\u00e1vel e limpa e para isso estamos investindo e contando com o apoio da popula\u00e7\u00e3o que merece todo nosso empenho\u201d, ressaltou o prefeito. \u00a0 O secret\u00e1rio de Infraestrutura e Urbanismo, Jefferson explicou que com os nossos carrinhos o trabalho ser\u00e1 realizado de forma mais segura, pois o \u201cnosso intuito \u00e9 facilitar e colaborar com os trabalhos dos garis. Tamb\u00e9m adquirimos novos tambores de lixo para garantir mais limpeza nas vias p\u00fablicas e locais de grande movimenta\u00e7\u00e3o.\u201d, disse.\u00a0 Com Ascom \u00a0<\/p>\n","protected":false},"author":2,"featured_media":38621,"comment_status":"closed","ping_status":"open","sticky":false,"template":"","format":"standard","meta":{"_eb_attr":"","_jetpack_memberships_contains_paid_content":false,"footnotes":""},"categories":[3],"tags":[],"class_list":["post-38620","post","type-post","status-publish","format-standard","has-post-thumbnail","hentry","category-cidades"],"yoast_head":"<!-- This site is optimized with the Yoast SEO plugin v26.5 - https:\/\/yoast.com\/wordpress\/plugins\/seo\/ -->\n<title>Prefeitura de S\u00e3o Jos\u00e9 dos Cordeiros adquire novos coletores de lixo para limpeza p\u00fablica - Not&iacute;cias em Destaque<\/title>\n<meta name=\"robots\" content=\"index, follow, max-snippet:-1, max-image-preview:large, max-video-preview:-1\" \/>\n<link rel=\"canonical\" href=\"https:\/\/noticiasemdestaque.com\/cd\/?p=38620\" \/>\n<meta property=\"og:locale\" content=\"pt_BR\" \/>\n<meta property=\"og:type\" content=\"article\" \/>\n<meta property=\"og:title\" content=\"Prefeitura de S\u00e3o Jos\u00e9 dos Cordeiros adquire novos coletores de lixo para limpeza p\u00fablica - Not&iacute;cias em Destaque\" \/>\n<meta property=\"og:description\" content=\"&nbsp; A Prefeitura de S\u00e3o Jos\u00e9 dos Cordeiros, por meio da Secretaria de Infraestrutura e Urbanismo, adquiriu carrinhos coletores de lixo que v\u00e3o ajudar na limpeza p\u00fablica de nosso munic\u00edpio. \u00a0 Segundo o prefeito Fel\u00edcio Queiroz a aquisi\u00e7\u00e3o dos novos carrinhos, vai melhorar as condi\u00e7\u00f5es de trabalho dos servidores que atuam no setor de limpeza p\u00fablica. \u201cEstamos trabalhando para manter nossa cidade cada vez mais agrad\u00e1vel e limpa e para isso estamos investindo e contando com o apoio da popula\u00e7\u00e3o que merece todo nosso empenho\u201d, ressaltou o prefeito. \u00a0 O secret\u00e1rio de Infraestrutura e Urbanismo, Jefferson explicou que com os nossos carrinhos o trabalho ser\u00e1 realizado de forma mais segura, pois o \u201cnosso intuito \u00e9 facilitar e colaborar com os trabalhos dos garis. Tamb\u00e9m adquirimos novos tambores de lixo para garantir mais limpeza nas vias p\u00fablicas e locais de grande movimenta\u00e7\u00e3o.\u201d, disse.\u00a0 Com Ascom \u00a0\" \/>\n<meta property=\"og:url\" content=\"https:\/\/noticiasemdestaque.com\/cd\/?p=38620\" \/>\n<meta property=\"og:site_name\" content=\"Not&iacute;cias em Destaque\" \/>\n<meta property=\"article:published_time\" content=\"2022-05-09T20:11:06+00:00\" \/>\n<meta property=\"og:image\" content=\"https:\/\/noticiasemdestaque.com\/cd\/wp-content\/uploads\/2022\/05\/SAO-3.jpg\" \/>\n\t<meta property=\"og:image:width\" content=\"1270\" \/>\n\t<meta property=\"og:image:height\" content=\"1009\" \/>\n\t<meta property=\"og:image:type\" content=\"image\/jpeg\" \/>\n<meta name=\"author\" content=\"Not\u00edcias em Destaque\" \/>\n<meta name=\"twitter:card\" content=\"summary_large_image\" \/>\n<meta name=\"twitter:label1\" content=\"Escrito por\" \/>\n\t<meta name=\"twitter:data1\" content=\"Not\u00edcias em Destaque\" \/>\n\t<meta name=\"twitter:label2\" content=\"Est. tempo de leitura\" \/>\n\t<meta name=\"twitter:data2\" content=\"1 minuto\" \/>\n<script type=\"application\/ld+json\" class=\"yoast-schema-graph\">{\"@context\":\"https:\/\/schema.org\",\"@graph\":[{\"@type\":\"Article\",\"@id\":\"https:\/\/noticiasemdestaque.com\/cd\/?p=38620#article\",\"isPartOf\":{\"@id\":\"https:\/\/noticiasemdestaque.com\/cd\/?p=38620\"},\"author\":{\"name\":\"Not\u00edcias em Destaque\",\"@id\":\"https:\/\/noticiasemdestaque.com\/cd\/#\/schema\/person\/9c05c6816b191977f47499b3494ace52\"},\"headline\":\"Prefeitura de S\u00e3o Jos\u00e9 dos Cordeiros adquire novos coletores de lixo para limpeza p\u00fablica\",\"datePublished\":\"2022-05-09T20:11:06+00:00\",\"mainEntityOfPage\":{\"@id\":\"https:\/\/noticiasemdestaque.com\/cd\/?p=38620\"},\"wordCount\":171,\"publisher\":{\"@id\":\"https:\/\/noticiasemdestaque.com\/cd\/#organization\"},\"image\":{\"@id\":\"https:\/\/noticiasemdestaque.com\/cd\/?p=38620#primaryimage\"},\"thumbnailUrl\":\"https:\/\/noticiasemdestaque.com\/cd\/wp-content\/uploads\/2022\/05\/SAO-3.jpg\",\"articleSection\":[\"Cidades\"],\"inLanguage\":\"pt-BR\"},{\"@type\":\"WebPage\",\"@id\":\"https:\/\/noticiasemdestaque.com\/cd\/?p=38620\",\"url\":\"https:\/\/noticiasemdestaque.com\/cd\/?p=38620\",\"name\":\"Prefeitura de S\u00e3o Jos\u00e9 dos Cordeiros adquire novos coletores de lixo para limpeza p\u00fablica - Not&iacute;cias em Destaque\",\"isPartOf\":{\"@id\":\"https:\/\/noticiasemdestaque.com\/cd\/#website\"},\"primaryImageOfPage\":{\"@id\":\"https:\/\/noticiasemdestaque.com\/cd\/?p=38620#primaryimage\"},\"image\":{\"@id\":\"https:\/\/noticiasemdestaque.com\/cd\/?p=38620#primaryimage\"},\"thumbnailUrl\":\"https:\/\/noticiasemdestaque.com\/cd\/wp-content\/uploads\/2022\/05\/SAO-3.jpg\",\"datePublished\":\"2022-05-09T20:11:06+00:00\",\"breadcrumb\":{\"@id\":\"https:\/\/noticiasemdestaque.com\/cd\/?p=38620#breadcrumb\"},\"inLanguage\":\"pt-BR\",\"potentialAction\":[{\"@type\":\"ReadAction\",\"target\":[\"https:\/\/noticiasemdestaque.com\/cd\/?p=38620\"]}]},{\"@type\":\"ImageObject\",\"inLanguage\":\"pt-BR\",\"@id\":\"https:\/\/noticiasemdestaque.com\/cd\/?p=38620#primaryimage\",\"url\":\"https:\/\/noticiasemdestaque.com\/cd\/wp-content\/uploads\/2022\/05\/SAO-3.jpg\",\"contentUrl\":\"https:\/\/noticiasemdestaque.com\/cd\/wp-content\/uploads\/2022\/05\/SAO-3.jpg\",\"width\":1270,\"height\":1009},{\"@type\":\"BreadcrumbList\",\"@id\":\"https:\/\/noticiasemdestaque.com\/cd\/?p=38620#breadcrumb\",\"itemListElement\":[{\"@type\":\"ListItem\",\"position\":1,\"name\":\"In\u00edcio\",\"item\":\"https:\/\/noticiasemdestaque.com\/cd\/\"},{\"@type\":\"ListItem\",\"position\":2,\"name\":\"Prefeitura de S\u00e3o Jos\u00e9 dos Cordeiros adquire novos coletores de lixo para limpeza p\u00fablica\"}]},{\"@type\":\"WebSite\",\"@id\":\"https:\/\/noticiasemdestaque.com\/cd\/#website\",\"url\":\"https:\/\/noticiasemdestaque.com\/cd\/\",\"name\":\"Not&iacute;cias em Destaque\",\"description\":\"\",\"publisher\":{\"@id\":\"https:\/\/noticiasemdestaque.com\/cd\/#organization\"},\"potentialAction\":[{\"@type\":\"SearchAction\",\"target\":{\"@type\":\"EntryPoint\",\"urlTemplate\":\"https:\/\/noticiasemdestaque.com\/cd\/?s={search_term_string}\"},\"query-input\":{\"@type\":\"PropertyValueSpecification\",\"valueRequired\":true,\"valueName\":\"search_term_string\"}}],\"inLanguage\":\"pt-BR\"},{\"@type\":\"Organization\",\"@id\":\"https:\/\/noticiasemdestaque.com\/cd\/#organization\",\"name\":\"Not\u00edcias em Destaque\",\"url\":\"https:\/\/noticiasemdestaque.com\/cd\/\",\"logo\":{\"@type\":\"ImageObject\",\"inLanguage\":\"pt-BR\",\"@id\":\"https:\/\/noticiasemdestaque.com\/cd\/#\/schema\/logo\/image\/\",\"url\":\"https:\/\/noticiasemdestaque.com\/cd\/wp-content\/uploads\/2022\/05\/imagem-base-noticiasemdestaque.png\",\"contentUrl\":\"https:\/\/noticiasemdestaque.com\/cd\/wp-content\/uploads\/2022\/05\/imagem-base-noticiasemdestaque.png\",\"width\":1200,\"height\":630,\"caption\":\"Not\u00edcias em Destaque\"},\"image\":{\"@id\":\"https:\/\/noticiasemdestaque.com\/cd\/#\/schema\/logo\/image\/\"}},{\"@type\":\"Person\",\"@id\":\"https:\/\/noticiasemdestaque.com\/cd\/#\/schema\/person\/9c05c6816b191977f47499b3494ace52\",\"name\":\"Not\u00edcias em Destaque\",\"url\":\"https:\/\/noticiasemdestaque.com\/cd\/?author=2\"}]}<\/script>\n<!-- \/ Yoast SEO plugin. -->","yoast_head_json":{"title":"Prefeitura de S\u00e3o Jos\u00e9 dos Cordeiros adquire novos coletores de lixo para limpeza p\u00fablica - Not&iacute;cias em Destaque","robots":{"index":"index","follow":"follow","max-snippet":"max-snippet:-1","max-image-preview":"max-image-preview:large","max-video-preview":"max-video-preview:-1"},"canonical":"https:\/\/noticiasemdestaque.com\/cd\/?p=38620","og_locale":"pt_BR","og_type":"article","og_title":"Prefeitura de S\u00e3o Jos\u00e9 dos Cordeiros adquire novos coletores de lixo para limpeza p\u00fablica - Not&iacute;cias em Destaque","og_description":"&nbsp; A Prefeitura de S\u00e3o Jos\u00e9 dos Cordeiros, por meio da Secretaria de Infraestrutura e Urbanismo, adquiriu carrinhos coletores de lixo que v\u00e3o ajudar na limpeza p\u00fablica de nosso munic\u00edpio. \u00a0 Segundo o prefeito Fel\u00edcio Queiroz a aquisi\u00e7\u00e3o dos novos carrinhos, vai melhorar as condi\u00e7\u00f5es de trabalho dos servidores que atuam no setor de limpeza p\u00fablica. \u201cEstamos trabalhando para manter nossa cidade cada vez mais agrad\u00e1vel e limpa e para isso estamos investindo e contando com o apoio da popula\u00e7\u00e3o que merece todo nosso empenho\u201d, ressaltou o prefeito. \u00a0 O secret\u00e1rio de Infraestrutura e Urbanismo, Jefferson explicou que com os nossos carrinhos o trabalho ser\u00e1 realizado de forma mais segura, pois o \u201cnosso intuito \u00e9 facilitar e colaborar com os trabalhos dos garis. Tamb\u00e9m adquirimos novos tambores de lixo para garantir mais limpeza nas vias p\u00fablicas e locais de grande movimenta\u00e7\u00e3o.\u201d, disse.\u00a0 Com Ascom \u00a0","og_url":"https:\/\/noticiasemdestaque.com\/cd\/?p=38620","og_site_name":"Not&iacute;cias em Destaque","article_published_time":"2022-05-09T20:11:06+00:00","og_image":[{"width":1270,"height":1009,"url":"https:\/\/noticiasemdestaque.com\/cd\/wp-content\/uploads\/2022\/05\/SAO-3.jpg","type":"image\/jpeg"}],"author":"Not\u00edcias em Destaque","twitter_card":"summary_large_image","twitter_misc":{"Escrito por":"Not\u00edcias em Destaque","Est. tempo de leitura":"1 minuto"},"schema":{"@context":"https:\/\/schema.org","@graph":[{"@type":"Article","@id":"https:\/\/noticiasemdestaque.com\/cd\/?p=38620#article","isPartOf":{"@id":"https:\/\/noticiasemdestaque.com\/cd\/?p=38620"},"author":{"name":"Not\u00edcias em Destaque","@id":"https:\/\/noticiasemdestaque.com\/cd\/#\/schema\/person\/9c05c6816b191977f47499b3494ace52"},"headline":"Prefeitura de S\u00e3o Jos\u00e9 dos Cordeiros adquire novos coletores de lixo para limpeza p\u00fablica","datePublished":"2022-05-09T20:11:06+00:00","mainEntityOfPage":{"@id":"https:\/\/noticiasemdestaque.com\/cd\/?p=38620"},"wordCount":171,"publisher":{"@id":"https:\/\/noticiasemdestaque.com\/cd\/#organization"},"image":{"@id":"https:\/\/noticiasemdestaque.com\/cd\/?p=38620#primaryimage"},"thumbnailUrl":"https:\/\/noticiasemdestaque.com\/cd\/wp-content\/uploads\/2022\/05\/SAO-3.jpg","articleSection":["Cidades"],"inLanguage":"pt-BR"},{"@type":"WebPage","@id":"https:\/\/noticiasemdestaque.com\/cd\/?p=38620","url":"https:\/\/noticiasemdestaque.com\/cd\/?p=38620","name":"Prefeitura de S\u00e3o Jos\u00e9 dos Cordeiros adquire novos coletores de lixo para limpeza p\u00fablica - Not&iacute;cias em Destaque","isPartOf":{"@id":"https:\/\/noticiasemdestaque.com\/cd\/#website"},"primaryImageOfPage":{"@id":"https:\/\/noticiasemdestaque.com\/cd\/?p=38620#primaryimage"},"image":{"@id":"https:\/\/noticiasemdestaque.com\/cd\/?p=38620#primaryimage"},"thumbnailUrl":"https:\/\/noticiasemdestaque.com\/cd\/wp-content\/uploads\/2022\/05\/SAO-3.jpg","datePublished":"2022-05-09T20:11:06+00:00","breadcrumb":{"@id":"https:\/\/noticiasemdestaque.com\/cd\/?p=38620#breadcrumb"},"inLanguage":"pt-BR","potentialAction":[{"@type":"ReadAction","target":["https:\/\/noticiasemdestaque.com\/cd\/?p=38620"]}]},{"@type":"ImageObject","inLanguage":"pt-BR","@id":"https:\/\/noticiasemdestaque.com\/cd\/?p=38620#primaryimage","url":"https:\/\/noticiasemdestaque.com\/cd\/wp-content\/uploads\/2022\/05\/SAO-3.jpg","contentUrl":"https:\/\/noticiasemdestaque.com\/cd\/wp-content\/uploads\/2022\/05\/SAO-3.jpg","width":1270,"height":1009},{"@type":"BreadcrumbList","@id":"https:\/\/noticiasemdestaque.com\/cd\/?p=38620#breadcrumb","itemListElement":[{"@type":"ListItem","position":1,"name":"In\u00edcio","item":"https:\/\/noticiasemdestaque.com\/cd\/"},{"@type":"ListItem","position":2,"name":"Prefeitura de S\u00e3o Jos\u00e9 dos Cordeiros adquire novos coletores de lixo para limpeza p\u00fablica"}]},{"@type":"WebSite","@id":"https:\/\/noticiasemdestaque.com\/cd\/#website","url":"https:\/\/noticiasemdestaque.com\/cd\/","name":"Not&iacute;cias em Destaque","description":"","publisher":{"@id":"https:\/\/noticiasemdestaque.com\/cd\/#organization"},"potentialAction":[{"@type":"SearchAction","target":{"@type":"EntryPoint","urlTemplate":"https:\/\/noticiasemdestaque.com\/cd\/?s={search_term_string}"},"query-input":{"@type":"PropertyValueSpecification","valueRequired":true,"valueName":"search_term_string"}}],"inLanguage":"pt-BR"},{"@type":"Organization","@id":"https:\/\/noticiasemdestaque.com\/cd\/#organization","name":"Not\u00edcias em Destaque","url":"https:\/\/noticiasemdestaque.com\/cd\/","logo":{"@type":"ImageObject","inLanguage":"pt-BR","@id":"https:\/\/noticiasemdestaque.com\/cd\/#\/schema\/logo\/image\/","url":"https:\/\/noticiasemdestaque.com\/cd\/wp-content\/uploads\/2022\/05\/imagem-base-noticiasemdestaque.png","contentUrl":"https:\/\/noticiasemdestaque.com\/cd\/wp-content\/uploads\/2022\/05\/imagem-base-noticiasemdestaque.png","width":1200,"height":630,"caption":"Not\u00edcias em Destaque"},"image":{"@id":"https:\/\/noticiasemdestaque.com\/cd\/#\/schema\/logo\/image\/"}},{"@type":"Person","@id":"https:\/\/noticiasemdestaque.com\/cd\/#\/schema\/person\/9c05c6816b191977f47499b3494ace52","name":"Not\u00edcias em Destaque","url":"https:\/\/noticiasemdestaque.com\/cd\/?author=2"}]}},"jetpack_featured_media_url":"https:\/\/noticiasemdestaque.com\/cd\/wp-content\/uploads\/2022\/05\/SAO-3.jpg","jetpack_sharing_enabled":true,"_links":{"self":[{"href":"https:\/\/noticiasemdestaque.com\/cd\/index.php?rest_route=\/wp\/v2\/posts\/38620","targetHints":{"allow":["GET"]}}],"collection":[{"href":"https:\/\/noticiasemdestaque.com\/cd\/index.php?rest_route=\/wp\/v2\/posts"}],"about":[{"href":"https:\/\/noticiasemdestaque.com\/cd\/index.php?rest_route=\/wp\/v2\/types\/post"}],"author":[{"embeddable":true,"href":"https:\/\/noticiasemdestaque.com\/cd\/index.php?rest_route=\/wp\/v2\/users\/2"}],"replies":[{"embeddable":true,"href":"https:\/\/noticiasemdestaque.com\/cd\/index.php?rest_route=%2Fwp%2Fv2%2Fcomments&post=38620"}],"version-history":[{"count":1,"href":"https:\/\/noticiasemdestaque.com\/cd\/index.php?rest_route=\/wp\/v2\/posts\/38620\/revisions"}],"predecessor-version":[{"id":38624,"href":"https:\/\/noticiasemdestaque.com\/cd\/index.php?rest_route=\/wp\/v2\/posts\/38620\/revisions\/38624"}],"wp:featuredmedia":[{"embeddable":true,"href":"https:\/\/noticiasemdestaque.com\/cd\/index.php?rest_route=\/wp\/v2\/media\/38621"}],"wp:attachment":[{"href":"https:\/\/noticiasemdestaque.com\/cd\/index.php?rest_route=%2Fwp%2Fv2%2Fmedia&parent=38620"}],"wp:term":[{"taxonomy":"category","embeddable":true,"href":"https:\/\/noticiasemdestaque.com\/cd\/index.php?rest_route=%2Fwp%2Fv2%2Fcategories&post=38620"},{"taxonomy":"post_tag","embeddable":true,"href":"https:\/\/noticiasemdestaque.com\/cd\/index.php?rest_route=%2Fwp%2Fv2%2Ftags&post=38620"}],"curies":[{"name":"wp","href":"https:\/\/api.w.org\/{rel}","templated":true}]}}