{"id":38616,"date":"2022-05-09T10:34:14","date_gmt":"2022-05-09T13:34:14","guid":{"rendered":"http:\/\/noticiasemdestaque.com\/cd\/?p=38616"},"modified":"2022-05-09T10:34:14","modified_gmt":"2022-05-09T13:34:14","slug":"secretaria-de-assistencia-social-de-amparo-realizou-evento-em-alusao-ao-dia-das-maes-com-varios-sorteios","status":"publish","type":"post","link":"https:\/\/noticiasemdestaque.com\/cd\/?p=38616","title":{"rendered":"Secretaria de Assist\u00eancia Social de Amparo realizou evento em alus\u00e3o ao Dia das M\u00e3es com v\u00e1rios sorteios"},"content":{"rendered":"<p>&nbsp;<\/p>\n<div>A Prefeitura de Amparo, por meio da Secretaria de Assist\u00eancia Social realizou na \u00faltima sexta-feira (06) um grande evento alusivo ao Dia das M\u00e3es.<\/div>\n<div><\/div>\n<div>Um grande n\u00famero de m\u00e3es estiveram presentes, onde em parceria com alguns comerciantes, foram realizados v\u00e1rios sorteios para as para as participantes.<\/div>\n<div><a href=\"https:\/\/noticiasemdestaque.com\/cd\/wp-content\/uploads\/2022\/05\/amparo-1.jpg\"><img fetchpriority=\"high\" decoding=\"async\" class=\"size-medium wp-image-38617 aligncenter\" src=\"https:\/\/noticiasemdestaque.com\/cd\/wp-content\/uploads\/2022\/05\/amparo-1-300x215.jpg\" alt=\"\" width=\"300\" height=\"215\" srcset=\"https:\/\/noticiasemdestaque.com\/cd\/wp-content\/uploads\/2022\/05\/amparo-1-300x215.jpg 300w, https:\/\/noticiasemdestaque.com\/cd\/wp-content\/uploads\/2022\/05\/amparo-1.jpg 640w\" sizes=\"(max-width: 300px) 100vw, 300px\" \/><\/a><\/div>\n<div><\/div>\n<div>\n<div>O Prefeito In\u00e1cio N\u00f3brega esteve presente junto com o Vice-prefeito C\u00edcero Maciel.<\/div>\n<div><\/div>\n<\/div>\n<div>\n<p>\u201cTodas as m\u00e3es merecem ser homenageadas, pois elas s\u00e3o a base das nossas fam\u00edlias. Desejamos um feliz e aben\u00e7oado Dia das M\u00e3es para todas as m\u00e3es Amparenses\u201d, disse Cleide N\u00f3brega, Secret\u00e1ria de Assist\u00eancia Social de Amparo.<\/p>\n<\/div>\n<div>Tivemos apresenta\u00e7\u00e3o do Grupo de Dan\u00e7a mistura de ritmos e da participa\u00e7\u00e3o do Grupo Reviver da Melhor Idade, e a apresenta\u00e7\u00e3o do Cantor Petr\u00f4nio Bernardo.<\/div>\n<div><\/div>\n<div>Com Amparo<\/div>\n<div>\n<div><\/div>\n<\/div>\n","protected":false},"excerpt":{"rendered":"<p>&nbsp; A Prefeitura de Amparo, por meio da Secretaria de Assist\u00eancia Social realizou na \u00faltima sexta-feira (06) um grande evento alusivo ao Dia das M\u00e3es. Um grande n\u00famero de m\u00e3es estiveram presentes, onde em parceria com alguns comerciantes, foram realizados v\u00e1rios sorteios para as para as participantes. O Prefeito In\u00e1cio N\u00f3brega esteve presente junto com o Vice-prefeito C\u00edcero Maciel. \u201cTodas as m\u00e3es merecem ser homenageadas, pois elas s\u00e3o a base das nossas fam\u00edlias. Desejamos um feliz e aben\u00e7oado Dia das M\u00e3es para todas as m\u00e3es Amparenses\u201d, disse Cleide N\u00f3brega, Secret\u00e1ria de Assist\u00eancia Social de Amparo. Tivemos apresenta\u00e7\u00e3o do Grupo de Dan\u00e7a mistura de ritmos e da participa\u00e7\u00e3o do Grupo Reviver da Melhor Idade, e a apresenta\u00e7\u00e3o do Cantor Petr\u00f4nio Bernardo. Com Amparo<\/p>\n","protected":false},"author":2,"featured_media":38618,"comment_status":"closed","ping_status":"open","sticky":false,"template":"","format":"standard","meta":{"_eb_attr":"","_jetpack_memberships_contains_paid_content":false,"footnotes":""},"categories":[3],"tags":[],"class_list":["post-38616","post","type-post","status-publish","format-standard","has-post-thumbnail","hentry","category-cidades"],"yoast_head":"<!-- This site is optimized with the Yoast SEO plugin v26.5 - https:\/\/yoast.com\/wordpress\/plugins\/seo\/ -->\n<title>Secretaria de Assist\u00eancia Social de Amparo realizou evento em alus\u00e3o ao Dia das M\u00e3es com v\u00e1rios sorteios - Not&iacute;cias em Destaque<\/title>\n<meta name=\"robots\" content=\"index, follow, max-snippet:-1, max-image-preview:large, max-video-preview:-1\" \/>\n<link rel=\"canonical\" href=\"https:\/\/noticiasemdestaque.com\/cd\/?p=38616\" \/>\n<meta property=\"og:locale\" content=\"pt_BR\" \/>\n<meta property=\"og:type\" content=\"article\" \/>\n<meta property=\"og:title\" content=\"Secretaria de Assist\u00eancia Social de Amparo realizou evento em alus\u00e3o ao Dia das M\u00e3es com v\u00e1rios sorteios - Not&iacute;cias em Destaque\" \/>\n<meta property=\"og:description\" content=\"&nbsp; A Prefeitura de Amparo, por meio da Secretaria de Assist\u00eancia Social realizou na \u00faltima sexta-feira (06) um grande evento alusivo ao Dia das M\u00e3es. Um grande n\u00famero de m\u00e3es estiveram presentes, onde em parceria com alguns comerciantes, foram realizados v\u00e1rios sorteios para as para as participantes. O Prefeito In\u00e1cio N\u00f3brega esteve presente junto com o Vice-prefeito C\u00edcero Maciel. \u201cTodas as m\u00e3es merecem ser homenageadas, pois elas s\u00e3o a base das nossas fam\u00edlias. Desejamos um feliz e aben\u00e7oado Dia das M\u00e3es para todas as m\u00e3es Amparenses\u201d, disse Cleide N\u00f3brega, Secret\u00e1ria de Assist\u00eancia Social de Amparo. Tivemos apresenta\u00e7\u00e3o do Grupo de Dan\u00e7a mistura de ritmos e da participa\u00e7\u00e3o do Grupo Reviver da Melhor Idade, e a apresenta\u00e7\u00e3o do Cantor Petr\u00f4nio Bernardo. Com Amparo\" \/>\n<meta property=\"og:url\" content=\"https:\/\/noticiasemdestaque.com\/cd\/?p=38616\" \/>\n<meta property=\"og:site_name\" content=\"Not&iacute;cias em Destaque\" \/>\n<meta property=\"article:published_time\" content=\"2022-05-09T13:34:14+00:00\" \/>\n<meta property=\"og:image\" content=\"https:\/\/noticiasemdestaque.com\/cd\/wp-content\/uploads\/2022\/05\/amparo-2.jpg\" \/>\n\t<meta property=\"og:image:width\" content=\"640\" \/>\n\t<meta property=\"og:image:height\" content=\"424\" \/>\n\t<meta property=\"og:image:type\" content=\"image\/jpeg\" \/>\n<meta name=\"author\" content=\"Not\u00edcias em Destaque\" \/>\n<meta name=\"twitter:card\" content=\"summary_large_image\" \/>\n<meta name=\"twitter:label1\" content=\"Escrito por\" \/>\n\t<meta name=\"twitter:data1\" content=\"Not\u00edcias em Destaque\" \/>\n\t<meta name=\"twitter:label2\" content=\"Est. tempo de leitura\" \/>\n\t<meta name=\"twitter:data2\" content=\"1 minuto\" \/>\n<script type=\"application\/ld+json\" class=\"yoast-schema-graph\">{\"@context\":\"https:\/\/schema.org\",\"@graph\":[{\"@type\":\"Article\",\"@id\":\"https:\/\/noticiasemdestaque.com\/cd\/?p=38616#article\",\"isPartOf\":{\"@id\":\"https:\/\/noticiasemdestaque.com\/cd\/?p=38616\"},\"author\":{\"name\":\"Not\u00edcias em Destaque\",\"@id\":\"https:\/\/noticiasemdestaque.com\/cd\/#\/schema\/person\/9c05c6816b191977f47499b3494ace52\"},\"headline\":\"Secretaria de Assist\u00eancia Social de Amparo realizou evento em alus\u00e3o ao Dia das M\u00e3es com v\u00e1rios sorteios\",\"datePublished\":\"2022-05-09T13:34:14+00:00\",\"mainEntityOfPage\":{\"@id\":\"https:\/\/noticiasemdestaque.com\/cd\/?p=38616\"},\"wordCount\":164,\"publisher\":{\"@id\":\"https:\/\/noticiasemdestaque.com\/cd\/#organization\"},\"image\":{\"@id\":\"https:\/\/noticiasemdestaque.com\/cd\/?p=38616#primaryimage\"},\"thumbnailUrl\":\"https:\/\/noticiasemdestaque.com\/cd\/wp-content\/uploads\/2022\/05\/amparo-2.jpg\",\"articleSection\":[\"Cidades\"],\"inLanguage\":\"pt-BR\"},{\"@type\":\"WebPage\",\"@id\":\"https:\/\/noticiasemdestaque.com\/cd\/?p=38616\",\"url\":\"https:\/\/noticiasemdestaque.com\/cd\/?p=38616\",\"name\":\"Secretaria de Assist\u00eancia Social de Amparo realizou evento em alus\u00e3o ao Dia das M\u00e3es com v\u00e1rios sorteios - Not&iacute;cias em Destaque\",\"isPartOf\":{\"@id\":\"https:\/\/noticiasemdestaque.com\/cd\/#website\"},\"primaryImageOfPage\":{\"@id\":\"https:\/\/noticiasemdestaque.com\/cd\/?p=38616#primaryimage\"},\"image\":{\"@id\":\"https:\/\/noticiasemdestaque.com\/cd\/?p=38616#primaryimage\"},\"thumbnailUrl\":\"https:\/\/noticiasemdestaque.com\/cd\/wp-content\/uploads\/2022\/05\/amparo-2.jpg\",\"datePublished\":\"2022-05-09T13:34:14+00:00\",\"breadcrumb\":{\"@id\":\"https:\/\/noticiasemdestaque.com\/cd\/?p=38616#breadcrumb\"},\"inLanguage\":\"pt-BR\",\"potentialAction\":[{\"@type\":\"ReadAction\",\"target\":[\"https:\/\/noticiasemdestaque.com\/cd\/?p=38616\"]}]},{\"@type\":\"ImageObject\",\"inLanguage\":\"pt-BR\",\"@id\":\"https:\/\/noticiasemdestaque.com\/cd\/?p=38616#primaryimage\",\"url\":\"https:\/\/noticiasemdestaque.com\/cd\/wp-content\/uploads\/2022\/05\/amparo-2.jpg\",\"contentUrl\":\"https:\/\/noticiasemdestaque.com\/cd\/wp-content\/uploads\/2022\/05\/amparo-2.jpg\",\"width\":640,\"height\":424},{\"@type\":\"BreadcrumbList\",\"@id\":\"https:\/\/noticiasemdestaque.com\/cd\/?p=38616#breadcrumb\",\"itemListElement\":[{\"@type\":\"ListItem\",\"position\":1,\"name\":\"In\u00edcio\",\"item\":\"https:\/\/noticiasemdestaque.com\/cd\/\"},{\"@type\":\"ListItem\",\"position\":2,\"name\":\"Secretaria de Assist\u00eancia Social de Amparo realizou evento em alus\u00e3o ao Dia das M\u00e3es com v\u00e1rios sorteios\"}]},{\"@type\":\"WebSite\",\"@id\":\"https:\/\/noticiasemdestaque.com\/cd\/#website\",\"url\":\"https:\/\/noticiasemdestaque.com\/cd\/\",\"name\":\"Not&iacute;cias em Destaque\",\"description\":\"\",\"publisher\":{\"@id\":\"https:\/\/noticiasemdestaque.com\/cd\/#organization\"},\"potentialAction\":[{\"@type\":\"SearchAction\",\"target\":{\"@type\":\"EntryPoint\",\"urlTemplate\":\"https:\/\/noticiasemdestaque.com\/cd\/?s={search_term_string}\"},\"query-input\":{\"@type\":\"PropertyValueSpecification\",\"valueRequired\":true,\"valueName\":\"search_term_string\"}}],\"inLanguage\":\"pt-BR\"},{\"@type\":\"Organization\",\"@id\":\"https:\/\/noticiasemdestaque.com\/cd\/#organization\",\"name\":\"Not\u00edcias em Destaque\",\"url\":\"https:\/\/noticiasemdestaque.com\/cd\/\",\"logo\":{\"@type\":\"ImageObject\",\"inLanguage\":\"pt-BR\",\"@id\":\"https:\/\/noticiasemdestaque.com\/cd\/#\/schema\/logo\/image\/\",\"url\":\"https:\/\/noticiasemdestaque.com\/cd\/wp-content\/uploads\/2022\/05\/imagem-base-noticiasemdestaque.png\",\"contentUrl\":\"https:\/\/noticiasemdestaque.com\/cd\/wp-content\/uploads\/2022\/05\/imagem-base-noticiasemdestaque.png\",\"width\":1200,\"height\":630,\"caption\":\"Not\u00edcias em Destaque\"},\"image\":{\"@id\":\"https:\/\/noticiasemdestaque.com\/cd\/#\/schema\/logo\/image\/\"}},{\"@type\":\"Person\",\"@id\":\"https:\/\/noticiasemdestaque.com\/cd\/#\/schema\/person\/9c05c6816b191977f47499b3494ace52\",\"name\":\"Not\u00edcias em Destaque\",\"url\":\"https:\/\/noticiasemdestaque.com\/cd\/?author=2\"}]}<\/script>\n<!-- \/ Yoast SEO plugin. -->","yoast_head_json":{"title":"Secretaria de Assist\u00eancia Social de Amparo realizou evento em alus\u00e3o ao Dia das M\u00e3es com v\u00e1rios sorteios - Not&iacute;cias em Destaque","robots":{"index":"index","follow":"follow","max-snippet":"max-snippet:-1","max-image-preview":"max-image-preview:large","max-video-preview":"max-video-preview:-1"},"canonical":"https:\/\/noticiasemdestaque.com\/cd\/?p=38616","og_locale":"pt_BR","og_type":"article","og_title":"Secretaria de Assist\u00eancia Social de Amparo realizou evento em alus\u00e3o ao Dia das M\u00e3es com v\u00e1rios sorteios - Not&iacute;cias em Destaque","og_description":"&nbsp; A Prefeitura de Amparo, por meio da Secretaria de Assist\u00eancia Social realizou na \u00faltima sexta-feira (06) um grande evento alusivo ao Dia das M\u00e3es. Um grande n\u00famero de m\u00e3es estiveram presentes, onde em parceria com alguns comerciantes, foram realizados v\u00e1rios sorteios para as para as participantes. O Prefeito In\u00e1cio N\u00f3brega esteve presente junto com o Vice-prefeito C\u00edcero Maciel. \u201cTodas as m\u00e3es merecem ser homenageadas, pois elas s\u00e3o a base das nossas fam\u00edlias. Desejamos um feliz e aben\u00e7oado Dia das M\u00e3es para todas as m\u00e3es Amparenses\u201d, disse Cleide N\u00f3brega, Secret\u00e1ria de Assist\u00eancia Social de Amparo. Tivemos apresenta\u00e7\u00e3o do Grupo de Dan\u00e7a mistura de ritmos e da participa\u00e7\u00e3o do Grupo Reviver da Melhor Idade, e a apresenta\u00e7\u00e3o do Cantor Petr\u00f4nio Bernardo. Com Amparo","og_url":"https:\/\/noticiasemdestaque.com\/cd\/?p=38616","og_site_name":"Not&iacute;cias em Destaque","article_published_time":"2022-05-09T13:34:14+00:00","og_image":[{"width":640,"height":424,"url":"https:\/\/noticiasemdestaque.com\/cd\/wp-content\/uploads\/2022\/05\/amparo-2.jpg","type":"image\/jpeg"}],"author":"Not\u00edcias em Destaque","twitter_card":"summary_large_image","twitter_misc":{"Escrito por":"Not\u00edcias em Destaque","Est. tempo de leitura":"1 minuto"},"schema":{"@context":"https:\/\/schema.org","@graph":[{"@type":"Article","@id":"https:\/\/noticiasemdestaque.com\/cd\/?p=38616#article","isPartOf":{"@id":"https:\/\/noticiasemdestaque.com\/cd\/?p=38616"},"author":{"name":"Not\u00edcias em Destaque","@id":"https:\/\/noticiasemdestaque.com\/cd\/#\/schema\/person\/9c05c6816b191977f47499b3494ace52"},"headline":"Secretaria de Assist\u00eancia Social de Amparo realizou evento em alus\u00e3o ao Dia das M\u00e3es com v\u00e1rios sorteios","datePublished":"2022-05-09T13:34:14+00:00","mainEntityOfPage":{"@id":"https:\/\/noticiasemdestaque.com\/cd\/?p=38616"},"wordCount":164,"publisher":{"@id":"https:\/\/noticiasemdestaque.com\/cd\/#organization"},"image":{"@id":"https:\/\/noticiasemdestaque.com\/cd\/?p=38616#primaryimage"},"thumbnailUrl":"https:\/\/noticiasemdestaque.com\/cd\/wp-content\/uploads\/2022\/05\/amparo-2.jpg","articleSection":["Cidades"],"inLanguage":"pt-BR"},{"@type":"WebPage","@id":"https:\/\/noticiasemdestaque.com\/cd\/?p=38616","url":"https:\/\/noticiasemdestaque.com\/cd\/?p=38616","name":"Secretaria de Assist\u00eancia Social de Amparo realizou evento em alus\u00e3o ao Dia das M\u00e3es com v\u00e1rios sorteios - Not&iacute;cias em Destaque","isPartOf":{"@id":"https:\/\/noticiasemdestaque.com\/cd\/#website"},"primaryImageOfPage":{"@id":"https:\/\/noticiasemdestaque.com\/cd\/?p=38616#primaryimage"},"image":{"@id":"https:\/\/noticiasemdestaque.com\/cd\/?p=38616#primaryimage"},"thumbnailUrl":"https:\/\/noticiasemdestaque.com\/cd\/wp-content\/uploads\/2022\/05\/amparo-2.jpg","datePublished":"2022-05-09T13:34:14+00:00","breadcrumb":{"@id":"https:\/\/noticiasemdestaque.com\/cd\/?p=38616#breadcrumb"},"inLanguage":"pt-BR","potentialAction":[{"@type":"ReadAction","target":["https:\/\/noticiasemdestaque.com\/cd\/?p=38616"]}]},{"@type":"ImageObject","inLanguage":"pt-BR","@id":"https:\/\/noticiasemdestaque.com\/cd\/?p=38616#primaryimage","url":"https:\/\/noticiasemdestaque.com\/cd\/wp-content\/uploads\/2022\/05\/amparo-2.jpg","contentUrl":"https:\/\/noticiasemdestaque.com\/cd\/wp-content\/uploads\/2022\/05\/amparo-2.jpg","width":640,"height":424},{"@type":"BreadcrumbList","@id":"https:\/\/noticiasemdestaque.com\/cd\/?p=38616#breadcrumb","itemListElement":[{"@type":"ListItem","position":1,"name":"In\u00edcio","item":"https:\/\/noticiasemdestaque.com\/cd\/"},{"@type":"ListItem","position":2,"name":"Secretaria de Assist\u00eancia Social de Amparo realizou evento em alus\u00e3o ao Dia das M\u00e3es com v\u00e1rios sorteios"}]},{"@type":"WebSite","@id":"https:\/\/noticiasemdestaque.com\/cd\/#website","url":"https:\/\/noticiasemdestaque.com\/cd\/","name":"Not&iacute;cias em Destaque","description":"","publisher":{"@id":"https:\/\/noticiasemdestaque.com\/cd\/#organization"},"potentialAction":[{"@type":"SearchAction","target":{"@type":"EntryPoint","urlTemplate":"https:\/\/noticiasemdestaque.com\/cd\/?s={search_term_string}"},"query-input":{"@type":"PropertyValueSpecification","valueRequired":true,"valueName":"search_term_string"}}],"inLanguage":"pt-BR"},{"@type":"Organization","@id":"https:\/\/noticiasemdestaque.com\/cd\/#organization","name":"Not\u00edcias em Destaque","url":"https:\/\/noticiasemdestaque.com\/cd\/","logo":{"@type":"ImageObject","inLanguage":"pt-BR","@id":"https:\/\/noticiasemdestaque.com\/cd\/#\/schema\/logo\/image\/","url":"https:\/\/noticiasemdestaque.com\/cd\/wp-content\/uploads\/2022\/05\/imagem-base-noticiasemdestaque.png","contentUrl":"https:\/\/noticiasemdestaque.com\/cd\/wp-content\/uploads\/2022\/05\/imagem-base-noticiasemdestaque.png","width":1200,"height":630,"caption":"Not\u00edcias em Destaque"},"image":{"@id":"https:\/\/noticiasemdestaque.com\/cd\/#\/schema\/logo\/image\/"}},{"@type":"Person","@id":"https:\/\/noticiasemdestaque.com\/cd\/#\/schema\/person\/9c05c6816b191977f47499b3494ace52","name":"Not\u00edcias em Destaque","url":"https:\/\/noticiasemdestaque.com\/cd\/?author=2"}]}},"jetpack_featured_media_url":"https:\/\/noticiasemdestaque.com\/cd\/wp-content\/uploads\/2022\/05\/amparo-2.jpg","jetpack_sharing_enabled":true,"_links":{"self":[{"href":"https:\/\/noticiasemdestaque.com\/cd\/index.php?rest_route=\/wp\/v2\/posts\/38616","targetHints":{"allow":["GET"]}}],"collection":[{"href":"https:\/\/noticiasemdestaque.com\/cd\/index.php?rest_route=\/wp\/v2\/posts"}],"about":[{"href":"https:\/\/noticiasemdestaque.com\/cd\/index.php?rest_route=\/wp\/v2\/types\/post"}],"author":[{"embeddable":true,"href":"https:\/\/noticiasemdestaque.com\/cd\/index.php?rest_route=\/wp\/v2\/users\/2"}],"replies":[{"embeddable":true,"href":"https:\/\/noticiasemdestaque.com\/cd\/index.php?rest_route=%2Fwp%2Fv2%2Fcomments&post=38616"}],"version-history":[{"count":1,"href":"https:\/\/noticiasemdestaque.com\/cd\/index.php?rest_route=\/wp\/v2\/posts\/38616\/revisions"}],"predecessor-version":[{"id":38619,"href":"https:\/\/noticiasemdestaque.com\/cd\/index.php?rest_route=\/wp\/v2\/posts\/38616\/revisions\/38619"}],"wp:featuredmedia":[{"embeddable":true,"href":"https:\/\/noticiasemdestaque.com\/cd\/index.php?rest_route=\/wp\/v2\/media\/38618"}],"wp:attachment":[{"href":"https:\/\/noticiasemdestaque.com\/cd\/index.php?rest_route=%2Fwp%2Fv2%2Fmedia&parent=38616"}],"wp:term":[{"taxonomy":"category","embeddable":true,"href":"https:\/\/noticiasemdestaque.com\/cd\/index.php?rest_route=%2Fwp%2Fv2%2Fcategories&post=38616"},{"taxonomy":"post_tag","embeddable":true,"href":"https:\/\/noticiasemdestaque.com\/cd\/index.php?rest_route=%2Fwp%2Fv2%2Ftags&post=38616"}],"curies":[{"name":"wp","href":"https:\/\/api.w.org\/{rel}","templated":true}]}}