{"id":38611,"date":"2022-05-09T10:31:43","date_gmt":"2022-05-09T13:31:43","guid":{"rendered":"http:\/\/noticiasemdestaque.com\/cd\/?p=38611"},"modified":"2022-05-09T17:17:41","modified_gmt":"2022-05-09T20:17:41","slug":"com-sorteios-de-premios-e-entrega-de-brindes-prefeitura-de-ouro-velho-realiza-evento-em-alusao-ao-dia-das-maes","status":"publish","type":"post","link":"https:\/\/noticiasemdestaque.com\/cd\/?p=38611","title":{"rendered":"Com sorteios de pr\u00eamios e entrega de brindes, Prefeitura de Ouro Velho realiza evento em alus\u00e3o ao \u2018Dia das M\u00e3es\u2019"},"content":{"rendered":"<p><a href=\"https:\/\/noticiasemdestaque.com\/cd\/wp-content\/uploads\/2022\/05\/89fa9fd7-7d90-401f-aa27-bfa07fa72829.jpg\"><img fetchpriority=\"high\" decoding=\"async\" class=\"size-medium wp-image-38612 aligncenter\" src=\"https:\/\/noticiasemdestaque.com\/cd\/wp-content\/uploads\/2022\/05\/89fa9fd7-7d90-401f-aa27-bfa07fa72829-300x225.jpg\" alt=\"\" width=\"300\" height=\"225\" srcset=\"https:\/\/noticiasemdestaque.com\/cd\/wp-content\/uploads\/2022\/05\/89fa9fd7-7d90-401f-aa27-bfa07fa72829-300x225.jpg 300w, https:\/\/noticiasemdestaque.com\/cd\/wp-content\/uploads\/2022\/05\/89fa9fd7-7d90-401f-aa27-bfa07fa72829.jpg 640w\" sizes=\"(max-width: 300px) 100vw, 300px\" \/><\/a><\/p>\n<div><span class=\"TextRun SCXW15786486 BCX8\" lang=\"PT-BR\" xml:lang=\"PT-BR\" data-contrast=\"auto\"><span class=\"NormalTextRun SCXW15786486 BCX8\">A Prefeitura de Ouro Velho, na gest\u00e3o do prefeito Dr. Augusto Valadares, realizou na noite desta sexta-feira (06), um grande evento alusivo ao \u2018Dia das M\u00e3es\u2019. Na oportunidade, a gest\u00e3o municipal fez sorteios de pr\u00eamios e entrega de brindes para todas as m\u00e3es presentes no evento.<\/span><\/span><span class=\"EOP SCXW15786486 BCX8\" data-ccp-props=\"{&quot;201341983&quot;:0,&quot;335559739&quot;:160,&quot;335559740&quot;:259}\">\u00a0<\/span><\/div>\n<div><a href=\"https:\/\/noticiasemdestaque.com\/cd\/wp-content\/uploads\/2022\/05\/ouro-1.jpg\"><img decoding=\"async\" class=\"size-medium wp-image-38614 aligncenter\" src=\"https:\/\/noticiasemdestaque.com\/cd\/wp-content\/uploads\/2022\/05\/ouro-1-300x225.jpg\" alt=\"\" width=\"300\" height=\"225\" srcset=\"https:\/\/noticiasemdestaque.com\/cd\/wp-content\/uploads\/2022\/05\/ouro-1-300x225.jpg 300w, https:\/\/noticiasemdestaque.com\/cd\/wp-content\/uploads\/2022\/05\/ouro-1.jpg 640w\" sizes=\"(max-width: 300px) 100vw, 300px\" \/><\/a><\/div>\n<div><\/div>\n<div>\n<p><span data-contrast=\"auto\">\u201c\u00c9 mais um grande evento que nossa gest\u00e3o realiza em Ouro Velho, desta vez contemplando as m\u00e3es ourovelhenses. E aproveito a oportunidade, para parabenizar todas as m\u00e3es do munic\u00edpio, que com garra lutam bravamente pela felicidade dos seus filhos,\u201d disse.<\/span><span data-ccp-props=\"{&quot;201341983&quot;:0,&quot;335559739&quot;:160,&quot;335559740&quot;:259}\">\u00a0<\/span><\/p>\n<p><span data-contrast=\"auto\">O prefeito Dr. Augusto Valadares, falou sobre o evento e parabenizou todas as m\u00e3es ourovelhenses.<\/span><span data-ccp-props=\"{&quot;201341983&quot;:0,&quot;335559739&quot;:160,&quot;335559740&quot;:259}\">\u00a0<\/span><\/p>\n<p><span data-contrast=\"auto\"><a href=\"https:\/\/noticiasemdestaque.com\/cd\/wp-content\/uploads\/2022\/05\/af627eda-ca32-4a66-9265-9c7f72920247.jpg\"><img decoding=\"async\" class=\"size-medium wp-image-38613 aligncenter\" src=\"https:\/\/noticiasemdestaque.com\/cd\/wp-content\/uploads\/2022\/05\/af627eda-ca32-4a66-9265-9c7f72920247-226x300.jpg\" alt=\"\" width=\"226\" height=\"300\" srcset=\"https:\/\/noticiasemdestaque.com\/cd\/wp-content\/uploads\/2022\/05\/af627eda-ca32-4a66-9265-9c7f72920247-226x300.jpg 226w, https:\/\/noticiasemdestaque.com\/cd\/wp-content\/uploads\/2022\/05\/af627eda-ca32-4a66-9265-9c7f72920247.jpg 482w\" sizes=\"(max-width: 226px) 100vw, 226px\" \/><\/a><\/span><\/p>\n<p><span data-contrast=\"auto\">O l\u00edder pol\u00edtico e coordenador geral da administra\u00e7\u00e3o, Dr. J\u00fanior, tamb\u00e9m esteve participando do evento e parabenizou todas as m\u00e3es pela data comemorativa.<\/span><span data-ccp-props=\"{&quot;201341983&quot;:0,&quot;335559739&quot;:160,&quot;335559740&quot;:259}\">\u00a0<\/span><\/p>\n<p><span data-contrast=\"auto\">Com Politica Parahyba<\/span><span data-ccp-props=\"{&quot;201341983&quot;:0,&quot;335559739&quot;:160,&quot;335559740&quot;:259}\">\u00a0<\/span><\/p>\n<p><span data-ccp-props=\"{&quot;201341983&quot;:0,&quot;335559739&quot;:160,&quot;335559740&quot;:259}\">\u00a0<\/span><\/p>\n<\/div>\n<div>\n<div class=\"entry-labels\"><\/div>\n<\/div>\n","protected":false},"excerpt":{"rendered":"<p>A Prefeitura de Ouro Velho, na gest\u00e3o do prefeito Dr. Augusto Valadares, realizou na noite desta sexta-feira (06), um grande evento alusivo ao \u2018Dia das M\u00e3es\u2019. Na oportunidade, a gest\u00e3o municipal fez sorteios de pr\u00eamios e entrega de brindes para todas as m\u00e3es presentes no evento.\u00a0 \u201c\u00c9 mais um grande evento que nossa gest\u00e3o realiza em Ouro Velho, desta vez contemplando as m\u00e3es ourovelhenses. E aproveito a oportunidade, para parabenizar todas as m\u00e3es do munic\u00edpio, que com garra lutam bravamente pela felicidade dos seus filhos,\u201d disse.\u00a0 O prefeito Dr. Augusto Valadares, falou sobre o evento e parabenizou todas as m\u00e3es ourovelhenses.\u00a0 O l\u00edder pol\u00edtico e coordenador geral da administra\u00e7\u00e3o, Dr. J\u00fanior, tamb\u00e9m esteve participando do evento e parabenizou todas as m\u00e3es pela data comemorativa.\u00a0 Com Politica Parahyba\u00a0 \u00a0<\/p>\n","protected":false},"author":2,"featured_media":38612,"comment_status":"closed","ping_status":"open","sticky":false,"template":"","format":"standard","meta":{"_eb_attr":"","_jetpack_memberships_contains_paid_content":false,"footnotes":""},"categories":[4],"tags":[],"class_list":["post-38611","post","type-post","status-publish","format-standard","has-post-thumbnail","hentry","category-politica"],"yoast_head":"<!-- This site is optimized with the Yoast SEO plugin v26.5 - https:\/\/yoast.com\/wordpress\/plugins\/seo\/ -->\n<title>Com sorteios de pr\u00eamios e entrega de brindes, Prefeitura de Ouro Velho realiza evento em alus\u00e3o ao \u2018Dia das M\u00e3es\u2019 - Not&iacute;cias em Destaque<\/title>\n<meta name=\"robots\" content=\"index, follow, max-snippet:-1, max-image-preview:large, max-video-preview:-1\" \/>\n<link rel=\"canonical\" href=\"https:\/\/noticiasemdestaque.com\/cd\/?p=38611\" \/>\n<meta property=\"og:locale\" content=\"pt_BR\" \/>\n<meta property=\"og:type\" content=\"article\" \/>\n<meta property=\"og:title\" content=\"Com sorteios de pr\u00eamios e entrega de brindes, Prefeitura de Ouro Velho realiza evento em alus\u00e3o ao \u2018Dia das M\u00e3es\u2019 - Not&iacute;cias em Destaque\" \/>\n<meta property=\"og:description\" content=\"A Prefeitura de Ouro Velho, na gest\u00e3o do prefeito Dr. Augusto Valadares, realizou na noite desta sexta-feira (06), um grande evento alusivo ao \u2018Dia das M\u00e3es\u2019. Na oportunidade, a gest\u00e3o municipal fez sorteios de pr\u00eamios e entrega de brindes para todas as m\u00e3es presentes no evento.\u00a0 \u201c\u00c9 mais um grande evento que nossa gest\u00e3o realiza em Ouro Velho, desta vez contemplando as m\u00e3es ourovelhenses. E aproveito a oportunidade, para parabenizar todas as m\u00e3es do munic\u00edpio, que com garra lutam bravamente pela felicidade dos seus filhos,\u201d disse.\u00a0 O prefeito Dr. Augusto Valadares, falou sobre o evento e parabenizou todas as m\u00e3es ourovelhenses.\u00a0 O l\u00edder pol\u00edtico e coordenador geral da administra\u00e7\u00e3o, Dr. J\u00fanior, tamb\u00e9m esteve participando do evento e parabenizou todas as m\u00e3es pela data comemorativa.\u00a0 Com Politica Parahyba\u00a0 \u00a0\" \/>\n<meta property=\"og:url\" content=\"https:\/\/noticiasemdestaque.com\/cd\/?p=38611\" \/>\n<meta property=\"og:site_name\" content=\"Not&iacute;cias em Destaque\" \/>\n<meta property=\"article:published_time\" content=\"2022-05-09T13:31:43+00:00\" \/>\n<meta property=\"article:modified_time\" content=\"2022-05-09T20:17:41+00:00\" \/>\n<meta property=\"og:image\" content=\"https:\/\/noticiasemdestaque.com\/cd\/wp-content\/uploads\/2022\/05\/89fa9fd7-7d90-401f-aa27-bfa07fa72829.jpg\" \/>\n\t<meta property=\"og:image:width\" content=\"640\" \/>\n\t<meta property=\"og:image:height\" content=\"480\" \/>\n\t<meta property=\"og:image:type\" content=\"image\/jpeg\" \/>\n<meta name=\"author\" content=\"Not\u00edcias em Destaque\" \/>\n<meta name=\"twitter:card\" content=\"summary_large_image\" \/>\n<meta name=\"twitter:label1\" content=\"Escrito por\" \/>\n\t<meta name=\"twitter:data1\" content=\"Not\u00edcias em Destaque\" \/>\n\t<meta name=\"twitter:label2\" content=\"Est. tempo de leitura\" \/>\n\t<meta name=\"twitter:data2\" content=\"1 minuto\" \/>\n<script type=\"application\/ld+json\" class=\"yoast-schema-graph\">{\"@context\":\"https:\/\/schema.org\",\"@graph\":[{\"@type\":\"Article\",\"@id\":\"https:\/\/noticiasemdestaque.com\/cd\/?p=38611#article\",\"isPartOf\":{\"@id\":\"https:\/\/noticiasemdestaque.com\/cd\/?p=38611\"},\"author\":{\"name\":\"Not\u00edcias em Destaque\",\"@id\":\"https:\/\/noticiasemdestaque.com\/cd\/#\/schema\/person\/9c05c6816b191977f47499b3494ace52\"},\"headline\":\"Com sorteios de pr\u00eamios e entrega de brindes, Prefeitura de Ouro Velho realiza evento em alus\u00e3o ao \u2018Dia das M\u00e3es\u2019\",\"datePublished\":\"2022-05-09T13:31:43+00:00\",\"dateModified\":\"2022-05-09T20:17:41+00:00\",\"mainEntityOfPage\":{\"@id\":\"https:\/\/noticiasemdestaque.com\/cd\/?p=38611\"},\"wordCount\":164,\"publisher\":{\"@id\":\"https:\/\/noticiasemdestaque.com\/cd\/#organization\"},\"image\":{\"@id\":\"https:\/\/noticiasemdestaque.com\/cd\/?p=38611#primaryimage\"},\"thumbnailUrl\":\"https:\/\/noticiasemdestaque.com\/cd\/wp-content\/uploads\/2022\/05\/89fa9fd7-7d90-401f-aa27-bfa07fa72829.jpg\",\"articleSection\":[\"Pol\u00edtica\"],\"inLanguage\":\"pt-BR\"},{\"@type\":\"WebPage\",\"@id\":\"https:\/\/noticiasemdestaque.com\/cd\/?p=38611\",\"url\":\"https:\/\/noticiasemdestaque.com\/cd\/?p=38611\",\"name\":\"Com sorteios de pr\u00eamios e entrega de brindes, Prefeitura de Ouro Velho realiza evento em alus\u00e3o ao \u2018Dia das M\u00e3es\u2019 - Not&iacute;cias em Destaque\",\"isPartOf\":{\"@id\":\"https:\/\/noticiasemdestaque.com\/cd\/#website\"},\"primaryImageOfPage\":{\"@id\":\"https:\/\/noticiasemdestaque.com\/cd\/?p=38611#primaryimage\"},\"image\":{\"@id\":\"https:\/\/noticiasemdestaque.com\/cd\/?p=38611#primaryimage\"},\"thumbnailUrl\":\"https:\/\/noticiasemdestaque.com\/cd\/wp-content\/uploads\/2022\/05\/89fa9fd7-7d90-401f-aa27-bfa07fa72829.jpg\",\"datePublished\":\"2022-05-09T13:31:43+00:00\",\"dateModified\":\"2022-05-09T20:17:41+00:00\",\"breadcrumb\":{\"@id\":\"https:\/\/noticiasemdestaque.com\/cd\/?p=38611#breadcrumb\"},\"inLanguage\":\"pt-BR\",\"potentialAction\":[{\"@type\":\"ReadAction\",\"target\":[\"https:\/\/noticiasemdestaque.com\/cd\/?p=38611\"]}]},{\"@type\":\"ImageObject\",\"inLanguage\":\"pt-BR\",\"@id\":\"https:\/\/noticiasemdestaque.com\/cd\/?p=38611#primaryimage\",\"url\":\"https:\/\/noticiasemdestaque.com\/cd\/wp-content\/uploads\/2022\/05\/89fa9fd7-7d90-401f-aa27-bfa07fa72829.jpg\",\"contentUrl\":\"https:\/\/noticiasemdestaque.com\/cd\/wp-content\/uploads\/2022\/05\/89fa9fd7-7d90-401f-aa27-bfa07fa72829.jpg\",\"width\":640,\"height\":480},{\"@type\":\"BreadcrumbList\",\"@id\":\"https:\/\/noticiasemdestaque.com\/cd\/?p=38611#breadcrumb\",\"itemListElement\":[{\"@type\":\"ListItem\",\"position\":1,\"name\":\"In\u00edcio\",\"item\":\"https:\/\/noticiasemdestaque.com\/cd\/\"},{\"@type\":\"ListItem\",\"position\":2,\"name\":\"Com sorteios de pr\u00eamios e entrega de brindes, Prefeitura de Ouro Velho realiza evento em alus\u00e3o ao \u2018Dia das M\u00e3es\u2019\"}]},{\"@type\":\"WebSite\",\"@id\":\"https:\/\/noticiasemdestaque.com\/cd\/#website\",\"url\":\"https:\/\/noticiasemdestaque.com\/cd\/\",\"name\":\"Not&iacute;cias em Destaque\",\"description\":\"\",\"publisher\":{\"@id\":\"https:\/\/noticiasemdestaque.com\/cd\/#organization\"},\"potentialAction\":[{\"@type\":\"SearchAction\",\"target\":{\"@type\":\"EntryPoint\",\"urlTemplate\":\"https:\/\/noticiasemdestaque.com\/cd\/?s={search_term_string}\"},\"query-input\":{\"@type\":\"PropertyValueSpecification\",\"valueRequired\":true,\"valueName\":\"search_term_string\"}}],\"inLanguage\":\"pt-BR\"},{\"@type\":\"Organization\",\"@id\":\"https:\/\/noticiasemdestaque.com\/cd\/#organization\",\"name\":\"Not\u00edcias em Destaque\",\"url\":\"https:\/\/noticiasemdestaque.com\/cd\/\",\"logo\":{\"@type\":\"ImageObject\",\"inLanguage\":\"pt-BR\",\"@id\":\"https:\/\/noticiasemdestaque.com\/cd\/#\/schema\/logo\/image\/\",\"url\":\"https:\/\/noticiasemdestaque.com\/cd\/wp-content\/uploads\/2022\/05\/imagem-base-noticiasemdestaque.png\",\"contentUrl\":\"https:\/\/noticiasemdestaque.com\/cd\/wp-content\/uploads\/2022\/05\/imagem-base-noticiasemdestaque.png\",\"width\":1200,\"height\":630,\"caption\":\"Not\u00edcias em Destaque\"},\"image\":{\"@id\":\"https:\/\/noticiasemdestaque.com\/cd\/#\/schema\/logo\/image\/\"}},{\"@type\":\"Person\",\"@id\":\"https:\/\/noticiasemdestaque.com\/cd\/#\/schema\/person\/9c05c6816b191977f47499b3494ace52\",\"name\":\"Not\u00edcias em Destaque\",\"url\":\"https:\/\/noticiasemdestaque.com\/cd\/?author=2\"}]}<\/script>\n<!-- \/ Yoast SEO plugin. -->","yoast_head_json":{"title":"Com sorteios de pr\u00eamios e entrega de brindes, Prefeitura de Ouro Velho realiza evento em alus\u00e3o ao \u2018Dia das M\u00e3es\u2019 - Not&iacute;cias em Destaque","robots":{"index":"index","follow":"follow","max-snippet":"max-snippet:-1","max-image-preview":"max-image-preview:large","max-video-preview":"max-video-preview:-1"},"canonical":"https:\/\/noticiasemdestaque.com\/cd\/?p=38611","og_locale":"pt_BR","og_type":"article","og_title":"Com sorteios de pr\u00eamios e entrega de brindes, Prefeitura de Ouro Velho realiza evento em alus\u00e3o ao \u2018Dia das M\u00e3es\u2019 - Not&iacute;cias em Destaque","og_description":"A Prefeitura de Ouro Velho, na gest\u00e3o do prefeito Dr. Augusto Valadares, realizou na noite desta sexta-feira (06), um grande evento alusivo ao \u2018Dia das M\u00e3es\u2019. Na oportunidade, a gest\u00e3o municipal fez sorteios de pr\u00eamios e entrega de brindes para todas as m\u00e3es presentes no evento.\u00a0 \u201c\u00c9 mais um grande evento que nossa gest\u00e3o realiza em Ouro Velho, desta vez contemplando as m\u00e3es ourovelhenses. E aproveito a oportunidade, para parabenizar todas as m\u00e3es do munic\u00edpio, que com garra lutam bravamente pela felicidade dos seus filhos,\u201d disse.\u00a0 O prefeito Dr. Augusto Valadares, falou sobre o evento e parabenizou todas as m\u00e3es ourovelhenses.\u00a0 O l\u00edder pol\u00edtico e coordenador geral da administra\u00e7\u00e3o, Dr. J\u00fanior, tamb\u00e9m esteve participando do evento e parabenizou todas as m\u00e3es pela data comemorativa.\u00a0 Com Politica Parahyba\u00a0 \u00a0","og_url":"https:\/\/noticiasemdestaque.com\/cd\/?p=38611","og_site_name":"Not&iacute;cias em Destaque","article_published_time":"2022-05-09T13:31:43+00:00","article_modified_time":"2022-05-09T20:17:41+00:00","og_image":[{"width":640,"height":480,"url":"https:\/\/noticiasemdestaque.com\/cd\/wp-content\/uploads\/2022\/05\/89fa9fd7-7d90-401f-aa27-bfa07fa72829.jpg","type":"image\/jpeg"}],"author":"Not\u00edcias em Destaque","twitter_card":"summary_large_image","twitter_misc":{"Escrito por":"Not\u00edcias em Destaque","Est. tempo de leitura":"1 minuto"},"schema":{"@context":"https:\/\/schema.org","@graph":[{"@type":"Article","@id":"https:\/\/noticiasemdestaque.com\/cd\/?p=38611#article","isPartOf":{"@id":"https:\/\/noticiasemdestaque.com\/cd\/?p=38611"},"author":{"name":"Not\u00edcias em Destaque","@id":"https:\/\/noticiasemdestaque.com\/cd\/#\/schema\/person\/9c05c6816b191977f47499b3494ace52"},"headline":"Com sorteios de pr\u00eamios e entrega de brindes, Prefeitura de Ouro Velho realiza evento em alus\u00e3o ao \u2018Dia das M\u00e3es\u2019","datePublished":"2022-05-09T13:31:43+00:00","dateModified":"2022-05-09T20:17:41+00:00","mainEntityOfPage":{"@id":"https:\/\/noticiasemdestaque.com\/cd\/?p=38611"},"wordCount":164,"publisher":{"@id":"https:\/\/noticiasemdestaque.com\/cd\/#organization"},"image":{"@id":"https:\/\/noticiasemdestaque.com\/cd\/?p=38611#primaryimage"},"thumbnailUrl":"https:\/\/noticiasemdestaque.com\/cd\/wp-content\/uploads\/2022\/05\/89fa9fd7-7d90-401f-aa27-bfa07fa72829.jpg","articleSection":["Pol\u00edtica"],"inLanguage":"pt-BR"},{"@type":"WebPage","@id":"https:\/\/noticiasemdestaque.com\/cd\/?p=38611","url":"https:\/\/noticiasemdestaque.com\/cd\/?p=38611","name":"Com sorteios de pr\u00eamios e entrega de brindes, Prefeitura de Ouro Velho realiza evento em alus\u00e3o ao \u2018Dia das M\u00e3es\u2019 - Not&iacute;cias em Destaque","isPartOf":{"@id":"https:\/\/noticiasemdestaque.com\/cd\/#website"},"primaryImageOfPage":{"@id":"https:\/\/noticiasemdestaque.com\/cd\/?p=38611#primaryimage"},"image":{"@id":"https:\/\/noticiasemdestaque.com\/cd\/?p=38611#primaryimage"},"thumbnailUrl":"https:\/\/noticiasemdestaque.com\/cd\/wp-content\/uploads\/2022\/05\/89fa9fd7-7d90-401f-aa27-bfa07fa72829.jpg","datePublished":"2022-05-09T13:31:43+00:00","dateModified":"2022-05-09T20:17:41+00:00","breadcrumb":{"@id":"https:\/\/noticiasemdestaque.com\/cd\/?p=38611#breadcrumb"},"inLanguage":"pt-BR","potentialAction":[{"@type":"ReadAction","target":["https:\/\/noticiasemdestaque.com\/cd\/?p=38611"]}]},{"@type":"ImageObject","inLanguage":"pt-BR","@id":"https:\/\/noticiasemdestaque.com\/cd\/?p=38611#primaryimage","url":"https:\/\/noticiasemdestaque.com\/cd\/wp-content\/uploads\/2022\/05\/89fa9fd7-7d90-401f-aa27-bfa07fa72829.jpg","contentUrl":"https:\/\/noticiasemdestaque.com\/cd\/wp-content\/uploads\/2022\/05\/89fa9fd7-7d90-401f-aa27-bfa07fa72829.jpg","width":640,"height":480},{"@type":"BreadcrumbList","@id":"https:\/\/noticiasemdestaque.com\/cd\/?p=38611#breadcrumb","itemListElement":[{"@type":"ListItem","position":1,"name":"In\u00edcio","item":"https:\/\/noticiasemdestaque.com\/cd\/"},{"@type":"ListItem","position":2,"name":"Com sorteios de pr\u00eamios e entrega de brindes, Prefeitura de Ouro Velho realiza evento em alus\u00e3o ao \u2018Dia das M\u00e3es\u2019"}]},{"@type":"WebSite","@id":"https:\/\/noticiasemdestaque.com\/cd\/#website","url":"https:\/\/noticiasemdestaque.com\/cd\/","name":"Not&iacute;cias em Destaque","description":"","publisher":{"@id":"https:\/\/noticiasemdestaque.com\/cd\/#organization"},"potentialAction":[{"@type":"SearchAction","target":{"@type":"EntryPoint","urlTemplate":"https:\/\/noticiasemdestaque.com\/cd\/?s={search_term_string}"},"query-input":{"@type":"PropertyValueSpecification","valueRequired":true,"valueName":"search_term_string"}}],"inLanguage":"pt-BR"},{"@type":"Organization","@id":"https:\/\/noticiasemdestaque.com\/cd\/#organization","name":"Not\u00edcias em Destaque","url":"https:\/\/noticiasemdestaque.com\/cd\/","logo":{"@type":"ImageObject","inLanguage":"pt-BR","@id":"https:\/\/noticiasemdestaque.com\/cd\/#\/schema\/logo\/image\/","url":"https:\/\/noticiasemdestaque.com\/cd\/wp-content\/uploads\/2022\/05\/imagem-base-noticiasemdestaque.png","contentUrl":"https:\/\/noticiasemdestaque.com\/cd\/wp-content\/uploads\/2022\/05\/imagem-base-noticiasemdestaque.png","width":1200,"height":630,"caption":"Not\u00edcias em Destaque"},"image":{"@id":"https:\/\/noticiasemdestaque.com\/cd\/#\/schema\/logo\/image\/"}},{"@type":"Person","@id":"https:\/\/noticiasemdestaque.com\/cd\/#\/schema\/person\/9c05c6816b191977f47499b3494ace52","name":"Not\u00edcias em Destaque","url":"https:\/\/noticiasemdestaque.com\/cd\/?author=2"}]}},"jetpack_featured_media_url":"https:\/\/noticiasemdestaque.com\/cd\/wp-content\/uploads\/2022\/05\/89fa9fd7-7d90-401f-aa27-bfa07fa72829.jpg","jetpack_sharing_enabled":true,"_links":{"self":[{"href":"https:\/\/noticiasemdestaque.com\/cd\/index.php?rest_route=\/wp\/v2\/posts\/38611","targetHints":{"allow":["GET"]}}],"collection":[{"href":"https:\/\/noticiasemdestaque.com\/cd\/index.php?rest_route=\/wp\/v2\/posts"}],"about":[{"href":"https:\/\/noticiasemdestaque.com\/cd\/index.php?rest_route=\/wp\/v2\/types\/post"}],"author":[{"embeddable":true,"href":"https:\/\/noticiasemdestaque.com\/cd\/index.php?rest_route=\/wp\/v2\/users\/2"}],"replies":[{"embeddable":true,"href":"https:\/\/noticiasemdestaque.com\/cd\/index.php?rest_route=%2Fwp%2Fv2%2Fcomments&post=38611"}],"version-history":[{"count":2,"href":"https:\/\/noticiasemdestaque.com\/cd\/index.php?rest_route=\/wp\/v2\/posts\/38611\/revisions"}],"predecessor-version":[{"id":38626,"href":"https:\/\/noticiasemdestaque.com\/cd\/index.php?rest_route=\/wp\/v2\/posts\/38611\/revisions\/38626"}],"wp:featuredmedia":[{"embeddable":true,"href":"https:\/\/noticiasemdestaque.com\/cd\/index.php?rest_route=\/wp\/v2\/media\/38612"}],"wp:attachment":[{"href":"https:\/\/noticiasemdestaque.com\/cd\/index.php?rest_route=%2Fwp%2Fv2%2Fmedia&parent=38611"}],"wp:term":[{"taxonomy":"category","embeddable":true,"href":"https:\/\/noticiasemdestaque.com\/cd\/index.php?rest_route=%2Fwp%2Fv2%2Fcategories&post=38611"},{"taxonomy":"post_tag","embeddable":true,"href":"https:\/\/noticiasemdestaque.com\/cd\/index.php?rest_route=%2Fwp%2Fv2%2Ftags&post=38611"}],"curies":[{"name":"wp","href":"https:\/\/api.w.org\/{rel}","templated":true}]}}