{"id":38602,"date":"2022-05-07T18:04:45","date_gmt":"2022-05-07T21:04:45","guid":{"rendered":"http:\/\/noticiasemdestaque.com\/cd\/?p=38602"},"modified":"2022-05-07T18:04:45","modified_gmt":"2022-05-07T21:04:45","slug":"onibus-de-conrado-e-aleksandro-sofre-acidente-em-miracatu-um-dos-cantores-e-outros-5-morreram","status":"publish","type":"post","link":"https:\/\/noticiasemdestaque.com\/cd\/?p=38602","title":{"rendered":"\u00d4nibus de Conrado e Aleksandro sofre acidente em Miracatu; um dos cantores e outros 5 morreram"},"content":{"rendered":"<p><a href=\"https:\/\/noticiasemdestaque.com\/cd\/wp-content\/uploads\/2022\/05\/acidente-sertanejo.webp\"><img fetchpriority=\"high\" decoding=\"async\" class=\"alignnone wp-image-38603 size-full\" src=\"https:\/\/noticiasemdestaque.com\/cd\/wp-content\/uploads\/2022\/05\/acidente-sertanejo.webp\" alt=\"\" width=\"984\" height=\"492\" srcset=\"https:\/\/noticiasemdestaque.com\/cd\/wp-content\/uploads\/2022\/05\/acidente-sertanejo.webp 984w, https:\/\/noticiasemdestaque.com\/cd\/wp-content\/uploads\/2022\/05\/acidente-sertanejo-300x150.webp 300w, https:\/\/noticiasemdestaque.com\/cd\/wp-content\/uploads\/2022\/05\/acidente-sertanejo-768x384.webp 768w\" sizes=\"(max-width: 984px) 100vw, 984px\" \/><\/a><\/p>\n<div class=\"mc-column content-text active-extra-styles \" data-block-type=\"unstyled\" data-block-weight=\"58\" data-block-id=\"2\">\n<p class=\"content-text__container \" data-track-category=\"Link no Texto\" data-track-links=\"\">Seis mortes j\u00e1 foram confirmadas no grave acidente com o \u00f4nibus da dupla sertaneja Conrado e Aleksandro, na manh\u00e3 deste s\u00e1bado (7), na rodovia R\u00e9gis Bittencout, na altura de Miracatu, no interior de S\u00e3o Paulo. Conforme apurado\u00a0<strong>g1<\/strong>, o<a href=\"https:\/\/g1.globo.com\/sp\/santos-regiao\/noticia\/2022\/05\/07\/ale\">\u00a0<\/a><a href=\"https:\/\/g1.globo.com\/sp\/santos-regiao\/noticia\/2022\/05\/07\/aleksandro-da-dupla-com-conrado-morre-em-grave-acidente-de-onibus-em-rodovia-no-interior-de-sp-sao-6-mortos-ao-todo.ghtml\">cantor Aleksandro Correia foi um dos mortos no acidente<\/a>. As demais v\u00edtimas fatais ainda n\u00e3o foram identificadas.<\/p>\n<\/div>\n<div class=\"wall protected-content\">\n<div class=\"mc-column content-text active-extra-styles \" data-block-type=\"unstyled\" data-block-weight=\"34\" data-block-id=\"3\">\n<p class=\"content-text__container \" data-track-category=\"Link no Texto\" data-track-links=\"\">O m\u00fasico Conrado teve ferimentos leves e est\u00e1 hospitalizado. Segundo apurado pelo\u00a0<strong>g1<\/strong>, ao menos 19 pessoas estavam no ve\u00edculo. Outros onze feridos foram socorridos para prontos-socorros dos munic\u00edpios de Juqui\u00e1, Miracatu e Registro.<\/p>\n<\/div>\n<div class=\"mc-column content-text active-extra-styles \" data-block-type=\"unstyled\" data-block-weight=\"44\" data-block-id=\"4\">\n<p class=\"content-text__container \" data-track-category=\"Link no Texto\" data-track-links=\"\">O acidente aconteceu por volta das 10h30, no km 402,2 da pista, no sentido S\u00e3o Paulo (SP). De acordo com a Arteris, concession\u00e1ria que administra o trecho, h\u00e1 registro de 4km de congestionamento na pista sentido Curitiba e 2km no sentido S\u00e3o Paulo.<\/p>\n<div class=\"mc-column content-text active-extra-styles \" data-block-type=\"unstyled\" data-block-weight=\"24\" data-block-id=\"9\">\n<p class=\"content-text__container \" data-track-category=\"Link no Texto\" data-track-links=\"\">Ainda de acordo com a concession\u00e1ria, uma faixa da pista e o canteiro central foram interditados. As causas do acidente ainda s\u00e3o desconhecidas.<\/p>\n<\/div>\n<div class=\"mc-column content-text active-extra-styles \" data-block-type=\"unstyled\" data-block-weight=\"39\" data-block-id=\"10\">\n<p class=\"content-text__container \" data-track-category=\"Link no Texto\" data-track-links=\"\">Ao<strong>\u00a0g1<\/strong>, o empres\u00e1rio da dupla, Jos\u00e9 Carlos Cassucce, confirmou que o \u00f4nibus envolvido no acidente \u00e9 de Conrado e Aleksandro. O cantor Aleksandro Correia, a voz principal da dupla, morreu no acidente, segundo apurado pela rede Globo.<\/p>\n<\/div>\n<div class=\"mc-column content-text active-extra-styles \" data-block-type=\"unstyled\" data-block-weight=\"47\" data-block-id=\"11\">\n<p class=\"content-text__container \" data-track-category=\"Link no Texto\" data-track-links=\"\">Segundo Cassuce, o ve\u00edculo saiu de Tijucas do Sul (PR), onde a dupla fez um show na sexta-feira (6), e seguia com destino para S\u00e3o Pedro (SP), onde havia um show agendado para este s\u00e1bado, mas o evento,\u00a0<a href=\"https:\/\/g1.globo.com\/sp\/piracicaba-regiao\/noticia\/2022\/05\/07\/apos-acidente-com-onibus-de-dupla-sertaneja-casa-de-shows-substitui-atracao-em-sao-pedro.ghtml\">mas a atra\u00e7\u00e3o foi substitu\u00edda pela casa de shows.<\/a><\/p>\n<p data-track-category=\"Link no Texto\" data-track-links=\"\">Fonte: G1<\/p>\n<\/div>\n<\/div>\n<\/div>\n","protected":false},"excerpt":{"rendered":"<p>Seis mortes j\u00e1 foram confirmadas no grave acidente com o \u00f4nibus da dupla sertaneja Conrado e Aleksandro, na manh\u00e3 deste s\u00e1bado (7), na rodovia R\u00e9gis Bittencout, na altura de Miracatu, no interior de S\u00e3o Paulo. Conforme apurado\u00a0g1, o\u00a0cantor Aleksandro Correia foi um dos mortos no acidente. As demais v\u00edtimas fatais ainda n\u00e3o foram identificadas. O m\u00fasico Conrado teve ferimentos leves e est\u00e1 hospitalizado. Segundo apurado pelo\u00a0g1, ao menos 19 pessoas estavam no ve\u00edculo. Outros onze feridos foram socorridos para prontos-socorros dos munic\u00edpios de Juqui\u00e1, Miracatu e Registro. O acidente aconteceu por volta das 10h30, no km 402,2 da pista, no sentido S\u00e3o Paulo (SP). De acordo com a Arteris, concession\u00e1ria que administra o trecho, h\u00e1 registro de 4km de congestionamento na pista sentido Curitiba e 2km no sentido S\u00e3o Paulo. Ainda de acordo com a concession\u00e1ria, uma faixa da pista e o canteiro central foram interditados. As causas do acidente ainda s\u00e3o desconhecidas. Ao\u00a0g1, o empres\u00e1rio da dupla, Jos\u00e9 Carlos Cassucce, confirmou que o \u00f4nibus envolvido no acidente \u00e9 de Conrado e Aleksandro. O cantor Aleksandro Correia, a voz principal da dupla, morreu no acidente, segundo apurado pela rede Globo. Segundo Cassuce, o ve\u00edculo saiu de Tijucas do Sul (PR), onde a dupla fez um show na sexta-feira (6), e seguia com destino para S\u00e3o Pedro (SP), onde havia um show agendado para este s\u00e1bado, mas o evento,\u00a0mas a atra\u00e7\u00e3o foi substitu\u00edda pela casa de shows. Fonte: G1<\/p>\n","protected":false},"author":2,"featured_media":38603,"comment_status":"closed","ping_status":"open","sticky":false,"template":"","format":"standard","meta":{"_eb_attr":"","_jetpack_memberships_contains_paid_content":false,"footnotes":""},"categories":[12],"tags":[],"class_list":["post-38602","post","type-post","status-publish","format-standard","has-post-thumbnail","hentry","category-geral"],"yoast_head":"<!-- This site is optimized with the Yoast SEO plugin v26.5 - https:\/\/yoast.com\/wordpress\/plugins\/seo\/ -->\n<title>\u00d4nibus de Conrado e Aleksandro sofre acidente em Miracatu; um dos cantores e outros 5 morreram - Not&iacute;cias em Destaque<\/title>\n<meta name=\"robots\" content=\"index, follow, max-snippet:-1, max-image-preview:large, max-video-preview:-1\" \/>\n<link rel=\"canonical\" href=\"https:\/\/noticiasemdestaque.com\/cd\/?p=38602\" \/>\n<meta property=\"og:locale\" content=\"pt_BR\" \/>\n<meta property=\"og:type\" content=\"article\" \/>\n<meta property=\"og:title\" content=\"\u00d4nibus de Conrado e Aleksandro sofre acidente em Miracatu; um dos cantores e outros 5 morreram - Not&iacute;cias em Destaque\" \/>\n<meta property=\"og:description\" content=\"Seis mortes j\u00e1 foram confirmadas no grave acidente com o \u00f4nibus da dupla sertaneja Conrado e Aleksandro, na manh\u00e3 deste s\u00e1bado (7), na rodovia R\u00e9gis Bittencout, na altura de Miracatu, no interior de S\u00e3o Paulo. Conforme apurado\u00a0g1, o\u00a0cantor Aleksandro Correia foi um dos mortos no acidente. As demais v\u00edtimas fatais ainda n\u00e3o foram identificadas. O m\u00fasico Conrado teve ferimentos leves e est\u00e1 hospitalizado. Segundo apurado pelo\u00a0g1, ao menos 19 pessoas estavam no ve\u00edculo. Outros onze feridos foram socorridos para prontos-socorros dos munic\u00edpios de Juqui\u00e1, Miracatu e Registro. O acidente aconteceu por volta das 10h30, no km 402,2 da pista, no sentido S\u00e3o Paulo (SP). De acordo com a Arteris, concession\u00e1ria que administra o trecho, h\u00e1 registro de 4km de congestionamento na pista sentido Curitiba e 2km no sentido S\u00e3o Paulo. Ainda de acordo com a concession\u00e1ria, uma faixa da pista e o canteiro central foram interditados. As causas do acidente ainda s\u00e3o desconhecidas. Ao\u00a0g1, o empres\u00e1rio da dupla, Jos\u00e9 Carlos Cassucce, confirmou que o \u00f4nibus envolvido no acidente \u00e9 de Conrado e Aleksandro. O cantor Aleksandro Correia, a voz principal da dupla, morreu no acidente, segundo apurado pela rede Globo. Segundo Cassuce, o ve\u00edculo saiu de Tijucas do Sul (PR), onde a dupla fez um show na sexta-feira (6), e seguia com destino para S\u00e3o Pedro (SP), onde havia um show agendado para este s\u00e1bado, mas o evento,\u00a0mas a atra\u00e7\u00e3o foi substitu\u00edda pela casa de shows. Fonte: G1\" \/>\n<meta property=\"og:url\" content=\"https:\/\/noticiasemdestaque.com\/cd\/?p=38602\" \/>\n<meta property=\"og:site_name\" content=\"Not&iacute;cias em Destaque\" \/>\n<meta property=\"article:published_time\" content=\"2022-05-07T21:04:45+00:00\" \/>\n<meta property=\"og:image\" content=\"https:\/\/noticiasemdestaque.com\/cd\/wp-content\/uploads\/2022\/05\/acidente-sertanejo.webp\" \/>\n\t<meta property=\"og:image:width\" content=\"984\" \/>\n\t<meta property=\"og:image:height\" content=\"492\" \/>\n\t<meta property=\"og:image:type\" content=\"image\/webp\" \/>\n<meta name=\"author\" content=\"Not\u00edcias em Destaque\" \/>\n<meta name=\"twitter:card\" content=\"summary_large_image\" \/>\n<meta name=\"twitter:label1\" content=\"Escrito por\" \/>\n\t<meta name=\"twitter:data1\" content=\"Not\u00edcias em Destaque\" \/>\n\t<meta name=\"twitter:label2\" content=\"Est. tempo de leitura\" \/>\n\t<meta name=\"twitter:data2\" content=\"1 minuto\" \/>\n<script type=\"application\/ld+json\" class=\"yoast-schema-graph\">{\"@context\":\"https:\/\/schema.org\",\"@graph\":[{\"@type\":\"Article\",\"@id\":\"https:\/\/noticiasemdestaque.com\/cd\/?p=38602#article\",\"isPartOf\":{\"@id\":\"https:\/\/noticiasemdestaque.com\/cd\/?p=38602\"},\"author\":{\"name\":\"Not\u00edcias em Destaque\",\"@id\":\"https:\/\/noticiasemdestaque.com\/cd\/#\/schema\/person\/9c05c6816b191977f47499b3494ace52\"},\"headline\":\"\u00d4nibus de Conrado e Aleksandro sofre acidente em Miracatu; um dos cantores e outros 5 morreram\",\"datePublished\":\"2022-05-07T21:04:45+00:00\",\"mainEntityOfPage\":{\"@id\":\"https:\/\/noticiasemdestaque.com\/cd\/?p=38602\"},\"wordCount\":272,\"publisher\":{\"@id\":\"https:\/\/noticiasemdestaque.com\/cd\/#organization\"},\"image\":{\"@id\":\"https:\/\/noticiasemdestaque.com\/cd\/?p=38602#primaryimage\"},\"thumbnailUrl\":\"https:\/\/noticiasemdestaque.com\/cd\/wp-content\/uploads\/2022\/05\/acidente-sertanejo.webp\",\"articleSection\":[\"Geral\"],\"inLanguage\":\"pt-BR\"},{\"@type\":\"WebPage\",\"@id\":\"https:\/\/noticiasemdestaque.com\/cd\/?p=38602\",\"url\":\"https:\/\/noticiasemdestaque.com\/cd\/?p=38602\",\"name\":\"\u00d4nibus de Conrado e Aleksandro sofre acidente em Miracatu; um dos cantores e outros 5 morreram - Not&iacute;cias em Destaque\",\"isPartOf\":{\"@id\":\"https:\/\/noticiasemdestaque.com\/cd\/#website\"},\"primaryImageOfPage\":{\"@id\":\"https:\/\/noticiasemdestaque.com\/cd\/?p=38602#primaryimage\"},\"image\":{\"@id\":\"https:\/\/noticiasemdestaque.com\/cd\/?p=38602#primaryimage\"},\"thumbnailUrl\":\"https:\/\/noticiasemdestaque.com\/cd\/wp-content\/uploads\/2022\/05\/acidente-sertanejo.webp\",\"datePublished\":\"2022-05-07T21:04:45+00:00\",\"breadcrumb\":{\"@id\":\"https:\/\/noticiasemdestaque.com\/cd\/?p=38602#breadcrumb\"},\"inLanguage\":\"pt-BR\",\"potentialAction\":[{\"@type\":\"ReadAction\",\"target\":[\"https:\/\/noticiasemdestaque.com\/cd\/?p=38602\"]}]},{\"@type\":\"ImageObject\",\"inLanguage\":\"pt-BR\",\"@id\":\"https:\/\/noticiasemdestaque.com\/cd\/?p=38602#primaryimage\",\"url\":\"https:\/\/noticiasemdestaque.com\/cd\/wp-content\/uploads\/2022\/05\/acidente-sertanejo.webp\",\"contentUrl\":\"https:\/\/noticiasemdestaque.com\/cd\/wp-content\/uploads\/2022\/05\/acidente-sertanejo.webp\",\"width\":984,\"height\":492},{\"@type\":\"BreadcrumbList\",\"@id\":\"https:\/\/noticiasemdestaque.com\/cd\/?p=38602#breadcrumb\",\"itemListElement\":[{\"@type\":\"ListItem\",\"position\":1,\"name\":\"In\u00edcio\",\"item\":\"https:\/\/noticiasemdestaque.com\/cd\/\"},{\"@type\":\"ListItem\",\"position\":2,\"name\":\"\u00d4nibus de Conrado e Aleksandro sofre acidente em Miracatu; um dos cantores e outros 5 morreram\"}]},{\"@type\":\"WebSite\",\"@id\":\"https:\/\/noticiasemdestaque.com\/cd\/#website\",\"url\":\"https:\/\/noticiasemdestaque.com\/cd\/\",\"name\":\"Not&iacute;cias em Destaque\",\"description\":\"\",\"publisher\":{\"@id\":\"https:\/\/noticiasemdestaque.com\/cd\/#organization\"},\"potentialAction\":[{\"@type\":\"SearchAction\",\"target\":{\"@type\":\"EntryPoint\",\"urlTemplate\":\"https:\/\/noticiasemdestaque.com\/cd\/?s={search_term_string}\"},\"query-input\":{\"@type\":\"PropertyValueSpecification\",\"valueRequired\":true,\"valueName\":\"search_term_string\"}}],\"inLanguage\":\"pt-BR\"},{\"@type\":\"Organization\",\"@id\":\"https:\/\/noticiasemdestaque.com\/cd\/#organization\",\"name\":\"Not\u00edcias em Destaque\",\"url\":\"https:\/\/noticiasemdestaque.com\/cd\/\",\"logo\":{\"@type\":\"ImageObject\",\"inLanguage\":\"pt-BR\",\"@id\":\"https:\/\/noticiasemdestaque.com\/cd\/#\/schema\/logo\/image\/\",\"url\":\"https:\/\/noticiasemdestaque.com\/cd\/wp-content\/uploads\/2022\/05\/imagem-base-noticiasemdestaque.png\",\"contentUrl\":\"https:\/\/noticiasemdestaque.com\/cd\/wp-content\/uploads\/2022\/05\/imagem-base-noticiasemdestaque.png\",\"width\":1200,\"height\":630,\"caption\":\"Not\u00edcias em Destaque\"},\"image\":{\"@id\":\"https:\/\/noticiasemdestaque.com\/cd\/#\/schema\/logo\/image\/\"}},{\"@type\":\"Person\",\"@id\":\"https:\/\/noticiasemdestaque.com\/cd\/#\/schema\/person\/9c05c6816b191977f47499b3494ace52\",\"name\":\"Not\u00edcias em Destaque\",\"url\":\"https:\/\/noticiasemdestaque.com\/cd\/?author=2\"}]}<\/script>\n<!-- \/ Yoast SEO plugin. -->","yoast_head_json":{"title":"\u00d4nibus de Conrado e Aleksandro sofre acidente em Miracatu; um dos cantores e outros 5 morreram - Not&iacute;cias em Destaque","robots":{"index":"index","follow":"follow","max-snippet":"max-snippet:-1","max-image-preview":"max-image-preview:large","max-video-preview":"max-video-preview:-1"},"canonical":"https:\/\/noticiasemdestaque.com\/cd\/?p=38602","og_locale":"pt_BR","og_type":"article","og_title":"\u00d4nibus de Conrado e Aleksandro sofre acidente em Miracatu; um dos cantores e outros 5 morreram - Not&iacute;cias em Destaque","og_description":"Seis mortes j\u00e1 foram confirmadas no grave acidente com o \u00f4nibus da dupla sertaneja Conrado e Aleksandro, na manh\u00e3 deste s\u00e1bado (7), na rodovia R\u00e9gis Bittencout, na altura de Miracatu, no interior de S\u00e3o Paulo. Conforme apurado\u00a0g1, o\u00a0cantor Aleksandro Correia foi um dos mortos no acidente. As demais v\u00edtimas fatais ainda n\u00e3o foram identificadas. O m\u00fasico Conrado teve ferimentos leves e est\u00e1 hospitalizado. Segundo apurado pelo\u00a0g1, ao menos 19 pessoas estavam no ve\u00edculo. Outros onze feridos foram socorridos para prontos-socorros dos munic\u00edpios de Juqui\u00e1, Miracatu e Registro. O acidente aconteceu por volta das 10h30, no km 402,2 da pista, no sentido S\u00e3o Paulo (SP). De acordo com a Arteris, concession\u00e1ria que administra o trecho, h\u00e1 registro de 4km de congestionamento na pista sentido Curitiba e 2km no sentido S\u00e3o Paulo. Ainda de acordo com a concession\u00e1ria, uma faixa da pista e o canteiro central foram interditados. As causas do acidente ainda s\u00e3o desconhecidas. Ao\u00a0g1, o empres\u00e1rio da dupla, Jos\u00e9 Carlos Cassucce, confirmou que o \u00f4nibus envolvido no acidente \u00e9 de Conrado e Aleksandro. O cantor Aleksandro Correia, a voz principal da dupla, morreu no acidente, segundo apurado pela rede Globo. Segundo Cassuce, o ve\u00edculo saiu de Tijucas do Sul (PR), onde a dupla fez um show na sexta-feira (6), e seguia com destino para S\u00e3o Pedro (SP), onde havia um show agendado para este s\u00e1bado, mas o evento,\u00a0mas a atra\u00e7\u00e3o foi substitu\u00edda pela casa de shows. Fonte: G1","og_url":"https:\/\/noticiasemdestaque.com\/cd\/?p=38602","og_site_name":"Not&iacute;cias em Destaque","article_published_time":"2022-05-07T21:04:45+00:00","og_image":[{"width":984,"height":492,"url":"https:\/\/noticiasemdestaque.com\/cd\/wp-content\/uploads\/2022\/05\/acidente-sertanejo.webp","type":"image\/webp"}],"author":"Not\u00edcias em Destaque","twitter_card":"summary_large_image","twitter_misc":{"Escrito por":"Not\u00edcias em Destaque","Est. tempo de leitura":"1 minuto"},"schema":{"@context":"https:\/\/schema.org","@graph":[{"@type":"Article","@id":"https:\/\/noticiasemdestaque.com\/cd\/?p=38602#article","isPartOf":{"@id":"https:\/\/noticiasemdestaque.com\/cd\/?p=38602"},"author":{"name":"Not\u00edcias em Destaque","@id":"https:\/\/noticiasemdestaque.com\/cd\/#\/schema\/person\/9c05c6816b191977f47499b3494ace52"},"headline":"\u00d4nibus de Conrado e Aleksandro sofre acidente em Miracatu; um dos cantores e outros 5 morreram","datePublished":"2022-05-07T21:04:45+00:00","mainEntityOfPage":{"@id":"https:\/\/noticiasemdestaque.com\/cd\/?p=38602"},"wordCount":272,"publisher":{"@id":"https:\/\/noticiasemdestaque.com\/cd\/#organization"},"image":{"@id":"https:\/\/noticiasemdestaque.com\/cd\/?p=38602#primaryimage"},"thumbnailUrl":"https:\/\/noticiasemdestaque.com\/cd\/wp-content\/uploads\/2022\/05\/acidente-sertanejo.webp","articleSection":["Geral"],"inLanguage":"pt-BR"},{"@type":"WebPage","@id":"https:\/\/noticiasemdestaque.com\/cd\/?p=38602","url":"https:\/\/noticiasemdestaque.com\/cd\/?p=38602","name":"\u00d4nibus de Conrado e Aleksandro sofre acidente em Miracatu; um dos cantores e outros 5 morreram - Not&iacute;cias em Destaque","isPartOf":{"@id":"https:\/\/noticiasemdestaque.com\/cd\/#website"},"primaryImageOfPage":{"@id":"https:\/\/noticiasemdestaque.com\/cd\/?p=38602#primaryimage"},"image":{"@id":"https:\/\/noticiasemdestaque.com\/cd\/?p=38602#primaryimage"},"thumbnailUrl":"https:\/\/noticiasemdestaque.com\/cd\/wp-content\/uploads\/2022\/05\/acidente-sertanejo.webp","datePublished":"2022-05-07T21:04:45+00:00","breadcrumb":{"@id":"https:\/\/noticiasemdestaque.com\/cd\/?p=38602#breadcrumb"},"inLanguage":"pt-BR","potentialAction":[{"@type":"ReadAction","target":["https:\/\/noticiasemdestaque.com\/cd\/?p=38602"]}]},{"@type":"ImageObject","inLanguage":"pt-BR","@id":"https:\/\/noticiasemdestaque.com\/cd\/?p=38602#primaryimage","url":"https:\/\/noticiasemdestaque.com\/cd\/wp-content\/uploads\/2022\/05\/acidente-sertanejo.webp","contentUrl":"https:\/\/noticiasemdestaque.com\/cd\/wp-content\/uploads\/2022\/05\/acidente-sertanejo.webp","width":984,"height":492},{"@type":"BreadcrumbList","@id":"https:\/\/noticiasemdestaque.com\/cd\/?p=38602#breadcrumb","itemListElement":[{"@type":"ListItem","position":1,"name":"In\u00edcio","item":"https:\/\/noticiasemdestaque.com\/cd\/"},{"@type":"ListItem","position":2,"name":"\u00d4nibus de Conrado e Aleksandro sofre acidente em Miracatu; um dos cantores e outros 5 morreram"}]},{"@type":"WebSite","@id":"https:\/\/noticiasemdestaque.com\/cd\/#website","url":"https:\/\/noticiasemdestaque.com\/cd\/","name":"Not&iacute;cias em Destaque","description":"","publisher":{"@id":"https:\/\/noticiasemdestaque.com\/cd\/#organization"},"potentialAction":[{"@type":"SearchAction","target":{"@type":"EntryPoint","urlTemplate":"https:\/\/noticiasemdestaque.com\/cd\/?s={search_term_string}"},"query-input":{"@type":"PropertyValueSpecification","valueRequired":true,"valueName":"search_term_string"}}],"inLanguage":"pt-BR"},{"@type":"Organization","@id":"https:\/\/noticiasemdestaque.com\/cd\/#organization","name":"Not\u00edcias em Destaque","url":"https:\/\/noticiasemdestaque.com\/cd\/","logo":{"@type":"ImageObject","inLanguage":"pt-BR","@id":"https:\/\/noticiasemdestaque.com\/cd\/#\/schema\/logo\/image\/","url":"https:\/\/noticiasemdestaque.com\/cd\/wp-content\/uploads\/2022\/05\/imagem-base-noticiasemdestaque.png","contentUrl":"https:\/\/noticiasemdestaque.com\/cd\/wp-content\/uploads\/2022\/05\/imagem-base-noticiasemdestaque.png","width":1200,"height":630,"caption":"Not\u00edcias em Destaque"},"image":{"@id":"https:\/\/noticiasemdestaque.com\/cd\/#\/schema\/logo\/image\/"}},{"@type":"Person","@id":"https:\/\/noticiasemdestaque.com\/cd\/#\/schema\/person\/9c05c6816b191977f47499b3494ace52","name":"Not\u00edcias em Destaque","url":"https:\/\/noticiasemdestaque.com\/cd\/?author=2"}]}},"jetpack_featured_media_url":"https:\/\/noticiasemdestaque.com\/cd\/wp-content\/uploads\/2022\/05\/acidente-sertanejo.webp","jetpack_sharing_enabled":true,"_links":{"self":[{"href":"https:\/\/noticiasemdestaque.com\/cd\/index.php?rest_route=\/wp\/v2\/posts\/38602","targetHints":{"allow":["GET"]}}],"collection":[{"href":"https:\/\/noticiasemdestaque.com\/cd\/index.php?rest_route=\/wp\/v2\/posts"}],"about":[{"href":"https:\/\/noticiasemdestaque.com\/cd\/index.php?rest_route=\/wp\/v2\/types\/post"}],"author":[{"embeddable":true,"href":"https:\/\/noticiasemdestaque.com\/cd\/index.php?rest_route=\/wp\/v2\/users\/2"}],"replies":[{"embeddable":true,"href":"https:\/\/noticiasemdestaque.com\/cd\/index.php?rest_route=%2Fwp%2Fv2%2Fcomments&post=38602"}],"version-history":[{"count":1,"href":"https:\/\/noticiasemdestaque.com\/cd\/index.php?rest_route=\/wp\/v2\/posts\/38602\/revisions"}],"predecessor-version":[{"id":38604,"href":"https:\/\/noticiasemdestaque.com\/cd\/index.php?rest_route=\/wp\/v2\/posts\/38602\/revisions\/38604"}],"wp:featuredmedia":[{"embeddable":true,"href":"https:\/\/noticiasemdestaque.com\/cd\/index.php?rest_route=\/wp\/v2\/media\/38603"}],"wp:attachment":[{"href":"https:\/\/noticiasemdestaque.com\/cd\/index.php?rest_route=%2Fwp%2Fv2%2Fmedia&parent=38602"}],"wp:term":[{"taxonomy":"category","embeddable":true,"href":"https:\/\/noticiasemdestaque.com\/cd\/index.php?rest_route=%2Fwp%2Fv2%2Fcategories&post=38602"},{"taxonomy":"post_tag","embeddable":true,"href":"https:\/\/noticiasemdestaque.com\/cd\/index.php?rest_route=%2Fwp%2Fv2%2Ftags&post=38602"}],"curies":[{"name":"wp","href":"https:\/\/api.w.org\/{rel}","templated":true}]}}